{"id":3019,"date":"2016-07-07T15:21:52","date_gmt":"2016-07-07T19:21:52","guid":{"rendered":"http:\/\/medicina.udd.cl\/kinesiologia-santiago\/?p=3019"},"modified":"2016-07-08T10:06:05","modified_gmt":"2016-07-08T14:06:05","slug":"alumnos-del-magister-en-terapia-fisica-y-rehabilitacion-realizaron-elevator-pitch","status":"publish","type":"post","link":"https:\/\/medicina.udd.cl\/kinesiologia-santiago\/noticias\/2016\/07\/07\/alumnos-del-magister-en-terapia-fisica-y-rehabilitacion-realizaron-elevator-pitch\/","title":{"rendered":"Alumnos del Mag\u00edster en Terapia F\u00edsica y Rehabilitaci\u00f3n realizaron Elevator Pitch"},"content":{"rendered":"<div id=\"gallery-1\" class=\"carousel slide carousel-gallery\" data-ride=\"false\" data-interval=\"false\"><div class=\"carousel-inner\" role=\"listbox\"><figure class=\"carousel-item active\"><img loading=\"lazy\" decoding=\"async\" width=\"801\" height=\"534\" src=\"https:\/\/medicina.udd.cl\/kinesiologia-santiago\/files\/2016\/07\/Pithc_speed_1.jpg\" class=\"attachment-landscape_952 size-landscape_952\" alt=\"\" srcset=\"https:\/\/medicina.udd.cl\/kinesiologia-santiago\/files\/2016\/07\/Pithc_speed_1.jpg 4272w, https:\/\/medicina.udd.cl\/kinesiologia-santiago\/files\/2016\/07\/Pithc_speed_1-300x200.jpg 300w, https:\/\/medicina.udd.cl\/kinesiologia-santiago\/files\/2016\/07\/Pithc_speed_1-768x512.jpg 768w, https:\/\/medicina.udd.cl\/kinesiologia-santiago\/files\/2016\/07\/Pithc_speed_1-1024x683.jpg 1024w, https:\/\/medicina.udd.cl\/kinesiologia-santiago\/files\/2016\/07\/Pithc_speed_1-960x640.jpg 960w\" sizes=\"auto, (max-width: 801px) 100vw, 801px\" \/><\/figure><figure class=\"carousel-item\"><img loading=\"lazy\" decoding=\"async\" width=\"801\" height=\"534\" src=\"https:\/\/medicina.udd.cl\/kinesiologia-santiago\/files\/2016\/07\/Pitch_speed_3.jpg\" class=\"attachment-landscape_952 size-landscape_952\" alt=\"\" srcset=\"https:\/\/medicina.udd.cl\/kinesiologia-santiago\/files\/2016\/07\/Pitch_speed_3.jpg 4272w, https:\/\/medicina.udd.cl\/kinesiologia-santiago\/files\/2016\/07\/Pitch_speed_3-300x200.jpg 300w, https:\/\/medicina.udd.cl\/kinesiologia-santiago\/files\/2016\/07\/Pitch_speed_3-768x512.jpg 768w, https:\/\/medicina.udd.cl\/kinesiologia-santiago\/files\/2016\/07\/Pitch_speed_3-1024x683.jpg 1024w, https:\/\/medicina.udd.cl\/kinesiologia-santiago\/files\/2016\/07\/Pitch_speed_3-960x640.jpg 960w\" sizes=\"auto, (max-width: 801px) 100vw, 801px\" \/><\/figure><figure class=\"carousel-item\"><img loading=\"lazy\" decoding=\"async\" width=\"801\" height=\"534\" src=\"https:\/\/medicina.udd.cl\/kinesiologia-santiago\/files\/2016\/07\/Pitch_speed_2.jpg\" class=\"attachment-landscape_952 size-landscape_952\" alt=\"\" srcset=\"https:\/\/medicina.udd.cl\/kinesiologia-santiago\/files\/2016\/07\/Pitch_speed_2.jpg 4272w, https:\/\/medicina.udd.cl\/kinesiologia-santiago\/files\/2016\/07\/Pitch_speed_2-300x200.jpg 300w, https:\/\/medicina.udd.cl\/kinesiologia-santiago\/files\/2016\/07\/Pitch_speed_2-768x512.jpg 768w, https:\/\/medicina.udd.cl\/kinesiologia-santiago\/files\/2016\/07\/Pitch_speed_2-1024x683.jpg 1024w, https:\/\/medicina.udd.cl\/kinesiologia-santiago\/files\/2016\/07\/Pitch_speed_2-960x640.jpg 960w\" sizes=\"auto, (max-width: 801px) 100vw, 801px\" \/><\/figure><figure class=\"carousel-item\"><img loading=\"lazy\" decoding=\"async\" width=\"640\" height=\"427\" src=\"https:\/\/medicina.udd.cl\/kinesiologia-santiago\/files\/2016\/07\/Pitch-speed-5.jpg\" class=\"attachment-landscape_952 size-landscape_952\" alt=\"\" srcset=\"https:\/\/medicina.udd.cl\/kinesiologia-santiago\/files\/2016\/07\/Pitch-speed-5.jpg 640w, https:\/\/medicina.udd.cl\/kinesiologia-santiago\/files\/2016\/07\/Pitch-speed-5-300x200.jpg 300w\" sizes=\"auto, (max-width: 640px) 100vw, 640px\" \/><\/figure><figure class=\"carousel-item\"><img loading=\"lazy\" decoding=\"async\" width=\"640\" height=\"427\" src=\"https:\/\/medicina.udd.cl\/kinesiologia-santiago\/files\/2016\/07\/Pitch-speed-4.jpg\" class=\"attachment-landscape_952 size-landscape_952\" alt=\"\" srcset=\"https:\/\/medicina.udd.cl\/kinesiologia-santiago\/files\/2016\/07\/Pitch-speed-4.jpg 640w, https:\/\/medicina.udd.cl\/kinesiologia-santiago\/files\/2016\/07\/Pitch-speed-4-300x200.jpg 300w\" sizes=\"auto, (max-width: 640px) 100vw, 640px\" \/><\/figure><figure class=\"carousel-item\"><img loading=\"lazy\" decoding=\"async\" width=\"640\" height=\"480\" src=\"https:\/\/medicina.udd.cl\/kinesiologia-santiago\/files\/2016\/07\/Pitch-speed-3.jpg\" class=\"attachment-landscape_952 size-landscape_952\" alt=\"\" srcset=\"https:\/\/medicina.udd.cl\/kinesiologia-santiago\/files\/2016\/07\/Pitch-speed-3.jpg 640w, https:\/\/medicina.udd.cl\/kinesiologia-santiago\/files\/2016\/07\/Pitch-speed-3-300x225.jpg 300w\" sizes=\"auto, (max-width: 640px) 100vw, 640px\" \/><\/figure><figure class=\"carousel-item\"><img loading=\"lazy\" decoding=\"async\" width=\"640\" height=\"480\" src=\"https:\/\/medicina.udd.cl\/kinesiologia-santiago\/files\/2016\/07\/Pitch-speed-1.jpg\" class=\"attachment-landscape_952 size-landscape_952\" alt=\"\" srcset=\"https:\/\/medicina.udd.cl\/kinesiologia-santiago\/files\/2016\/07\/Pitch-speed-1.jpg 640w, https:\/\/medicina.udd.cl\/kinesiologia-santiago\/files\/2016\/07\/Pitch-speed-1-300x225.jpg 300w\" sizes=\"auto, (max-width: 640px) 100vw, 640px\" \/><\/figure><figure class=\"carousel-item\"><img loading=\"lazy\" decoding=\"async\" width=\"640\" height=\"480\" src=\"https:\/\/medicina.udd.cl\/kinesiologia-santiago\/files\/2016\/07\/Pitch-speed-2.jpg\" class=\"attachment-landscape_952 size-landscape_952\" alt=\"\" srcset=\"https:\/\/medicina.udd.cl\/kinesiologia-santiago\/files\/2016\/07\/Pitch-speed-2.jpg 640w, https:\/\/medicina.udd.cl\/kinesiologia-santiago\/files\/2016\/07\/Pitch-speed-2-300x225.jpg 300w\" sizes=\"auto, (max-width: 640px) 100vw, 640px\" \/><\/figure><\/div><footer class=\"carousel-footer\"><div class=\"carousel-counter\"><span class=\"carousel-counter-current\"><\/span> \/ <span class=\"carousel-counter-total\"><\/span><\/div><a class=\"carousel-control-prev\" href=\"#gallery-1\" role=\"button\" data-slide=\"prev\"><svg aria-hidden=\"true\" class=\"svg-chevron-left-dims\"><use xlink:href='https:\/\/medicina.udd.cl\/kinesiologia-santiago\/wp-content\/themes\/facultades-2018\/assets\/img\/svg\/dist\/main.svg?version=1695853099#chevron-left'><\/use><\/svg><span class=\"sr-only\">Anterior<\/span><\/a><a class=\"carousel-control-next\" href=\"#gallery-1\" role=\"button\" data-slide=\"next\"><svg aria-hidden=\"true\" class=\"svg-chevron-right-dims\"><use xlink:href='https:\/\/medicina.udd.cl\/kinesiologia-santiago\/wp-content\/themes\/facultades-2018\/assets\/img\/svg\/dist\/main.svg?version=1695853099#chevron-right'><\/use><\/svg><span class=\"sr-only\">Siguiente<\/span><\/a><\/footer><\/div>\n<p style=\"text-align: justify\">En el contexto de la asignatura de Razonamiento Cl\u00ednico, los alumnos del <a href=\"http:\/\/medicina.udd.cl\/postgrado\/magister-en-terapia-fisica-y-rehabilitacion\/\">Mag\u00edster en Terapia F\u00edsica y Rehabilitaci\u00f3n (MAKI)<\/a> de la carrera de Kinesiolog\u00eda UDD llevaron a cabo un <em>Elevator Pitch<\/em> en modalidad <em>speed date<\/em>, en que presentaron sus proyectos de desarrollo cient\u00edfico ante autoridades y docentes de la Facultad de Medicina Cl\u00ednica Alemana Universidad del Desarrollo.<\/p>\n<p style=\"text-align: justify\">Los 13 estudiantes del mag\u00edster recibieron la instrucci\u00f3n de \u201cvender\u201d en dos minutos -lo que dura, en promedio, un viaje en ascensor (de ah\u00ed el nombre)- el proyecto de innovaci\u00f3n en el que han estado trabajando durante el semestre. Si bien ellos desconoc\u00edan el formato de presentaci\u00f3n, estando all\u00ed se enfrentaron de buena manera a los agentes de la universidad que, secretamente, calificaban sus propuestas y les daban <em>feedback<\/em>.<\/p>\n<p style=\"text-align: justify\">\u201cLa actividad fue intensa, mentalmente demandante y muy bien recibida por los estudiantes y el comit\u00e9 de evaluadores. Las competencias que se desarrollaron fueron el poder de s\u00edntesis, claridad y congruencia del mensaje, empat\u00eda con el inversionista y capacidad de adaptaci\u00f3n a los distintos perfiles de inversores\u201d, se\u00f1al\u00f3 <strong>Vicente Mauri<\/strong>, director disciplinar del mag\u00edster.<\/p>\n<p style=\"text-align: justify\">Por su parte, <strong>Isabel Abarz\u00faa<\/strong>, directora de la Oficina de Apoyo a la Investigaci\u00f3n de la Facultad de Medicina CAS-UDD dijo que el <em>Elevator Pitch<\/em> \u201cfue una experiencia entretenida, muy enriquecedora para los alumnos, porque recibieron opiniones multidisciplinarias. Tuvieron que enmarcarse en presentar su proyecto en muy poco tiempo y enfocarlo a grupos diferentes, y eso fue clarificador respecto a si estaban bien encaminados\u201d. La profesional tambi\u00e9n manifest\u00f3 su inter\u00e9s en que la actividad se repita cuando los proyectos est\u00e9n m\u00e1s avanzados.<\/p>\n<p style=\"text-align: justify\">Adem\u00e1s de Isabel Abarz\u00faa, los invitados que participaron en la actividad junto a los estudiantes fueron:<\/p>\n<ul>\n<li style=\"text-align: justify\"><strong>Liliana Jadue<\/strong>, vicedecana de las Carreras de la Salud<\/li>\n<li style=\"text-align: justify\"><strong>Paul O&#8217;Toole<\/strong>, director ejecutivo de iCubo<\/li>\n<li style=\"text-align: justify\"><strong>Jorge Molina<\/strong>, director de la carrera de Kinesiolog\u00eda<\/li>\n<li style=\"text-align: justify\"><strong>Clara Vittini<\/strong>, subdirectora de Control de Gesti\u00f3n de Investigaci\u00f3n<\/li>\n<li style=\"text-align: justify\"><strong>N\u00edckolas Laport<\/strong>, subdirector Instituto de Innovaci\u00f3n Interdisciplinaria, iCubo<\/li>\n<li style=\"text-align: justify\"><strong>Mar\u00eda Ignacia Feuereisen<\/strong>, jefa de Educaci\u00f3n Continua y Extensi\u00f3n, iCubo<\/li>\n<li style=\"text-align: justify\"><strong>Ra\u00fal Ahumada<\/strong>, coordinador acad\u00e9mico de Kinesiolog\u00eda<\/li>\n<li style=\"text-align: justify\"><strong>Romina Hidalgo<\/strong>, coordinadora de Transferencia Tecnol\u00f3gica<\/li>\n<li style=\"text-align: justify\"><strong>P\u00eda Benoit Harris<\/strong>, coordinadora acad\u00e9mica de la Escuela de Publicidad<\/li>\n<li style=\"text-align: justify\"><strong>Pablo G\u00e1lvez H\u00e4berle<\/strong>, profesor tutor de Innovaci\u00f3n, iCubo<\/li>\n<li style=\"text-align: justify\"><strong>Marcela Ant\u00fanez<\/strong>, docente Universidad de Chile \u2013 Razonamiento Cl\u00ednico<\/li>\n<li style=\"text-align: justify\"><strong>Cristina Stecca<\/strong>, psicoterapeuta y coach<\/li>\n<\/ul>\n","protected":false},"excerpt":{"rendered":"<p>Los estudiantes del MAKI recibieron la instrucci\u00f3n de \u201cvender\u201d, en dos minutos, el proyecto de innovaci\u00f3n y desarrollo cient\u00edfico en que han estado trabajando durante el semestre. Si bien ellos desconoc\u00edan el formato de presentaci\u00f3n (speed date), se enfrentaron de buena manera a los agentes de la universidad que calificaron sus propuestas y les dieron consejos desde distintas \u00e1reas de la Ciencia.<\/p>\n","protected":false},"author":9192192,"featured_media":3022,"comment_status":"open","ping_status":"open","sticky":false,"template":"","format":"standard","meta":{"footnotes":""},"categories":[4],"tags":[],"class_list":["post-3019","post","type-post","status-publish","format-standard","has-post-thumbnail","hentry","category-noticias"],"yoast_head":"<!-- This site is optimized with the Yoast SEO plugin v26.9 - https:\/\/yoast.com\/product\/yoast-seo-wordpress\/ -->\n<title>Alumnos del Mag\u00edster en Terapia F\u00edsica y Rehabilitaci\u00f3n realizaron Elevator Pitch - Kinesiolog\u00eda<\/title>\n<meta name=\"robots\" content=\"index, follow, max-snippet:-1, max-image-preview:large, max-video-preview:-1\" \/>\n<link rel=\"canonical\" href=\"https:\/\/medicina.udd.cl\/kinesiologia-santiago\/noticias\/2016\/07\/07\/alumnos-del-magister-en-terapia-fisica-y-rehabilitacion-realizaron-elevator-pitch\/\" \/>\n<meta property=\"og:locale\" content=\"es_ES\" \/>\n<meta property=\"og:type\" content=\"article\" \/>\n<meta property=\"og:title\" content=\"Alumnos del Mag\u00edster en Terapia F\u00edsica y Rehabilitaci\u00f3n realizaron Elevator Pitch - Kinesiolog\u00eda\" \/>\n<meta property=\"og:description\" content=\"Los estudiantes del MAKI recibieron la instrucci\u00f3n de \u201cvender\u201d, en dos minutos, el proyecto de innovaci\u00f3n y desarrollo cient\u00edfico en que han estado trabajando durante el semestre. Si bien ellos desconoc\u00edan el formato de presentaci\u00f3n (speed date), se enfrentaron de buena manera a los agentes de la universidad que calificaron sus propuestas y les dieron consejos desde distintas \u00e1reas de la Ciencia.\" \/>\n<meta property=\"og:url\" content=\"https:\/\/medicina.udd.cl\/kinesiologia-santiago\/noticias\/2016\/07\/07\/alumnos-del-magister-en-terapia-fisica-y-rehabilitacion-realizaron-elevator-pitch\/\" \/>\n<meta property=\"og:site_name\" content=\"Kinesiolog\u00eda\" \/>\n<meta property=\"article:published_time\" content=\"2016-07-07T19:21:52+00:00\" \/>\n<meta property=\"article:modified_time\" content=\"2016-07-08T14:06:05+00:00\" \/>\n<meta property=\"og:image\" content=\"https:\/\/medicina.udd.cl\/kinesiologia-santiago\/files\/2016\/07\/Pithc_speed_1-1024x683.jpg\" \/>\n\t<meta property=\"og:image:width\" content=\"1024\" \/>\n\t<meta property=\"og:image:height\" content=\"683\" \/>\n\t<meta property=\"og:image:type\" content=\"image\/jpeg\" \/>\n<meta name=\"author\" content=\"paulinamunoz\" \/>\n<meta name=\"twitter:label1\" content=\"Escrito por\" \/>\n\t<meta name=\"twitter:data1\" content=\"paulinamunoz\" \/>\n\t<meta name=\"twitter:label2\" content=\"Tiempo de lectura\" \/>\n\t<meta name=\"twitter:data2\" content=\"2 minutos\" \/>\n<script type=\"application\/ld+json\" class=\"yoast-schema-graph\">{\"@context\":\"https:\/\/schema.org\",\"@graph\":[{\"@type\":\"Article\",\"@id\":\"https:\/\/medicina.udd.cl\/kinesiologia-santiago\/noticias\/2016\/07\/07\/alumnos-del-magister-en-terapia-fisica-y-rehabilitacion-realizaron-elevator-pitch\/#article\",\"isPartOf\":{\"@id\":\"https:\/\/medicina.udd.cl\/kinesiologia-santiago\/noticias\/2016\/07\/07\/alumnos-del-magister-en-terapia-fisica-y-rehabilitacion-realizaron-elevator-pitch\/\"},\"author\":{\"name\":\"paulinamunoz\",\"@id\":\"https:\/\/medicina.udd.cl\/kinesiologia-santiago\/#\/schema\/person\/8bbd66125b574a40ec467c180c11f2e3\"},\"headline\":\"Alumnos del Mag\u00edster en Terapia F\u00edsica y Rehabilitaci\u00f3n realizaron Elevator Pitch\",\"datePublished\":\"2016-07-07T19:21:52+00:00\",\"dateModified\":\"2016-07-08T14:06:05+00:00\",\"mainEntityOfPage\":{\"@id\":\"https:\/\/medicina.udd.cl\/kinesiologia-santiago\/noticias\/2016\/07\/07\/alumnos-del-magister-en-terapia-fisica-y-rehabilitacion-realizaron-elevator-pitch\/\"},\"wordCount\":431,\"commentCount\":0,\"image\":{\"@id\":\"https:\/\/medicina.udd.cl\/kinesiologia-santiago\/noticias\/2016\/07\/07\/alumnos-del-magister-en-terapia-fisica-y-rehabilitacion-realizaron-elevator-pitch\/#primaryimage\"},\"thumbnailUrl\":\"https:\/\/medicina.udd.cl\/kinesiologia-santiago\/files\/2016\/07\/Pithc_speed_1.jpg\",\"articleSection\":[\"Noticias\"],\"inLanguage\":\"es\",\"potentialAction\":[{\"@type\":\"CommentAction\",\"name\":\"Comment\",\"target\":[\"https:\/\/medicina.udd.cl\/kinesiologia-santiago\/noticias\/2016\/07\/07\/alumnos-del-magister-en-terapia-fisica-y-rehabilitacion-realizaron-elevator-pitch\/#respond\"]}]},{\"@type\":\"WebPage\",\"@id\":\"https:\/\/medicina.udd.cl\/kinesiologia-santiago\/noticias\/2016\/07\/07\/alumnos-del-magister-en-terapia-fisica-y-rehabilitacion-realizaron-elevator-pitch\/\",\"url\":\"https:\/\/medicina.udd.cl\/kinesiologia-santiago\/noticias\/2016\/07\/07\/alumnos-del-magister-en-terapia-fisica-y-rehabilitacion-realizaron-elevator-pitch\/\",\"name\":\"Alumnos del Mag\u00edster en Terapia F\u00edsica y Rehabilitaci\u00f3n realizaron Elevator Pitch - Kinesiolog\u00eda\",\"isPartOf\":{\"@id\":\"https:\/\/medicina.udd.cl\/kinesiologia-santiago\/#website\"},\"primaryImageOfPage\":{\"@id\":\"https:\/\/medicina.udd.cl\/kinesiologia-santiago\/noticias\/2016\/07\/07\/alumnos-del-magister-en-terapia-fisica-y-rehabilitacion-realizaron-elevator-pitch\/#primaryimage\"},\"image\":{\"@id\":\"https:\/\/medicina.udd.cl\/kinesiologia-santiago\/noticias\/2016\/07\/07\/alumnos-del-magister-en-terapia-fisica-y-rehabilitacion-realizaron-elevator-pitch\/#primaryimage\"},\"thumbnailUrl\":\"https:\/\/medicina.udd.cl\/kinesiologia-santiago\/files\/2016\/07\/Pithc_speed_1.jpg\",\"datePublished\":\"2016-07-07T19:21:52+00:00\",\"dateModified\":\"2016-07-08T14:06:05+00:00\",\"author\":{\"@id\":\"https:\/\/medicina.udd.cl\/kinesiologia-santiago\/#\/schema\/person\/8bbd66125b574a40ec467c180c11f2e3\"},\"breadcrumb\":{\"@id\":\"https:\/\/medicina.udd.cl\/kinesiologia-santiago\/noticias\/2016\/07\/07\/alumnos-del-magister-en-terapia-fisica-y-rehabilitacion-realizaron-elevator-pitch\/#breadcrumb\"},\"inLanguage\":\"es\",\"potentialAction\":[{\"@type\":\"ReadAction\",\"target\":[\"https:\/\/medicina.udd.cl\/kinesiologia-santiago\/noticias\/2016\/07\/07\/alumnos-del-magister-en-terapia-fisica-y-rehabilitacion-realizaron-elevator-pitch\/\"]}]},{\"@type\":\"ImageObject\",\"inLanguage\":\"es\",\"@id\":\"https:\/\/medicina.udd.cl\/kinesiologia-santiago\/noticias\/2016\/07\/07\/alumnos-del-magister-en-terapia-fisica-y-rehabilitacion-realizaron-elevator-pitch\/#primaryimage\",\"url\":\"https:\/\/medicina.udd.cl\/kinesiologia-santiago\/files\/2016\/07\/Pithc_speed_1.jpg\",\"contentUrl\":\"https:\/\/medicina.udd.cl\/kinesiologia-santiago\/files\/2016\/07\/Pithc_speed_1.jpg\",\"width\":4272,\"height\":2848},{\"@type\":\"BreadcrumbList\",\"@id\":\"https:\/\/medicina.udd.cl\/kinesiologia-santiago\/noticias\/2016\/07\/07\/alumnos-del-magister-en-terapia-fisica-y-rehabilitacion-realizaron-elevator-pitch\/#breadcrumb\",\"itemListElement\":[{\"@type\":\"ListItem\",\"position\":1,\"name\":\"Home\",\"item\":\"https:\/\/medicina.udd.cl\/kinesiologia-santiago\/\"},{\"@type\":\"ListItem\",\"position\":2,\"name\":\"Alumnos del Mag\u00edster en Terapia F\u00edsica y Rehabilitaci\u00f3n realizaron Elevator Pitch\"}]},{\"@type\":\"WebSite\",\"@id\":\"https:\/\/medicina.udd.cl\/kinesiologia-santiago\/#website\",\"url\":\"https:\/\/medicina.udd.cl\/kinesiologia-santiago\/\",\"name\":\"Kinesiolog\u00eda\",\"description\":\"Facultad de Medicina Cl\u00ednica Alemana Universidad del Desarrollo\",\"inLanguage\":\"es\"},{\"@type\":\"Person\",\"@id\":\"https:\/\/medicina.udd.cl\/kinesiologia-santiago\/#\/schema\/person\/8bbd66125b574a40ec467c180c11f2e3\",\"name\":\"paulinamunoz\",\"image\":{\"@type\":\"ImageObject\",\"inLanguage\":\"es\",\"@id\":\"https:\/\/medicina.udd.cl\/kinesiologia-santiago\/#\/schema\/person\/image\/\",\"url\":\"https:\/\/secure.gravatar.com\/avatar\/748ce8fb74e8f8077c4966697a3b3710ca0019e71a62146890c0dcdc705e7f3d?s=96&d=mm&r=g\",\"contentUrl\":\"https:\/\/secure.gravatar.com\/avatar\/748ce8fb74e8f8077c4966697a3b3710ca0019e71a62146890c0dcdc705e7f3d?s=96&d=mm&r=g\",\"caption\":\"paulinamunoz\"},\"url\":\"https:\/\/medicina.udd.cl\/kinesiologia-santiago\/noticias\/author\/paulinamunoz\/\"}]}<\/script>\n<!-- \/ Yoast SEO plugin. -->","yoast_head_json":{"title":"Alumnos del Mag\u00edster en Terapia F\u00edsica y Rehabilitaci\u00f3n realizaron Elevator Pitch - Kinesiolog\u00eda","robots":{"index":"index","follow":"follow","max-snippet":"max-snippet:-1","max-image-preview":"max-image-preview:large","max-video-preview":"max-video-preview:-1"},"canonical":"https:\/\/medicina.udd.cl\/kinesiologia-santiago\/noticias\/2016\/07\/07\/alumnos-del-magister-en-terapia-fisica-y-rehabilitacion-realizaron-elevator-pitch\/","og_locale":"es_ES","og_type":"article","og_title":"Alumnos del Mag\u00edster en Terapia F\u00edsica y Rehabilitaci\u00f3n realizaron Elevator Pitch - Kinesiolog\u00eda","og_description":"Los estudiantes del MAKI recibieron la instrucci\u00f3n de \u201cvender\u201d, en dos minutos, el proyecto de innovaci\u00f3n y desarrollo cient\u00edfico en que han estado trabajando durante el semestre. Si bien ellos desconoc\u00edan el formato de presentaci\u00f3n (speed date), se enfrentaron de buena manera a los agentes de la universidad que calificaron sus propuestas y les dieron consejos desde distintas \u00e1reas de la Ciencia.","og_url":"https:\/\/medicina.udd.cl\/kinesiologia-santiago\/noticias\/2016\/07\/07\/alumnos-del-magister-en-terapia-fisica-y-rehabilitacion-realizaron-elevator-pitch\/","og_site_name":"Kinesiolog\u00eda","article_published_time":"2016-07-07T19:21:52+00:00","article_modified_time":"2016-07-08T14:06:05+00:00","og_image":[{"width":1024,"height":683,"url":"https:\/\/medicina.udd.cl\/kinesiologia-santiago\/files\/2016\/07\/Pithc_speed_1-1024x683.jpg","type":"image\/jpeg"}],"author":"paulinamunoz","twitter_misc":{"Escrito por":"paulinamunoz","Tiempo de lectura":"2 minutos"},"schema":{"@context":"https:\/\/schema.org","@graph":[{"@type":"Article","@id":"https:\/\/medicina.udd.cl\/kinesiologia-santiago\/noticias\/2016\/07\/07\/alumnos-del-magister-en-terapia-fisica-y-rehabilitacion-realizaron-elevator-pitch\/#article","isPartOf":{"@id":"https:\/\/medicina.udd.cl\/kinesiologia-santiago\/noticias\/2016\/07\/07\/alumnos-del-magister-en-terapia-fisica-y-rehabilitacion-realizaron-elevator-pitch\/"},"author":{"name":"paulinamunoz","@id":"https:\/\/medicina.udd.cl\/kinesiologia-santiago\/#\/schema\/person\/8bbd66125b574a40ec467c180c11f2e3"},"headline":"Alumnos del Mag\u00edster en Terapia F\u00edsica y Rehabilitaci\u00f3n realizaron Elevator Pitch","datePublished":"2016-07-07T19:21:52+00:00","dateModified":"2016-07-08T14:06:05+00:00","mainEntityOfPage":{"@id":"https:\/\/medicina.udd.cl\/kinesiologia-santiago\/noticias\/2016\/07\/07\/alumnos-del-magister-en-terapia-fisica-y-rehabilitacion-realizaron-elevator-pitch\/"},"wordCount":431,"commentCount":0,"image":{"@id":"https:\/\/medicina.udd.cl\/kinesiologia-santiago\/noticias\/2016\/07\/07\/alumnos-del-magister-en-terapia-fisica-y-rehabilitacion-realizaron-elevator-pitch\/#primaryimage"},"thumbnailUrl":"https:\/\/medicina.udd.cl\/kinesiologia-santiago\/files\/2016\/07\/Pithc_speed_1.jpg","articleSection":["Noticias"],"inLanguage":"es","potentialAction":[{"@type":"CommentAction","name":"Comment","target":["https:\/\/medicina.udd.cl\/kinesiologia-santiago\/noticias\/2016\/07\/07\/alumnos-del-magister-en-terapia-fisica-y-rehabilitacion-realizaron-elevator-pitch\/#respond"]}]},{"@type":"WebPage","@id":"https:\/\/medicina.udd.cl\/kinesiologia-santiago\/noticias\/2016\/07\/07\/alumnos-del-magister-en-terapia-fisica-y-rehabilitacion-realizaron-elevator-pitch\/","url":"https:\/\/medicina.udd.cl\/kinesiologia-santiago\/noticias\/2016\/07\/07\/alumnos-del-magister-en-terapia-fisica-y-rehabilitacion-realizaron-elevator-pitch\/","name":"Alumnos del Mag\u00edster en Terapia F\u00edsica y Rehabilitaci\u00f3n realizaron Elevator Pitch - Kinesiolog\u00eda","isPartOf":{"@id":"https:\/\/medicina.udd.cl\/kinesiologia-santiago\/#website"},"primaryImageOfPage":{"@id":"https:\/\/medicina.udd.cl\/kinesiologia-santiago\/noticias\/2016\/07\/07\/alumnos-del-magister-en-terapia-fisica-y-rehabilitacion-realizaron-elevator-pitch\/#primaryimage"},"image":{"@id":"https:\/\/medicina.udd.cl\/kinesiologia-santiago\/noticias\/2016\/07\/07\/alumnos-del-magister-en-terapia-fisica-y-rehabilitacion-realizaron-elevator-pitch\/#primaryimage"},"thumbnailUrl":"https:\/\/medicina.udd.cl\/kinesiologia-santiago\/files\/2016\/07\/Pithc_speed_1.jpg","datePublished":"2016-07-07T19:21:52+00:00","dateModified":"2016-07-08T14:06:05+00:00","author":{"@id":"https:\/\/medicina.udd.cl\/kinesiologia-santiago\/#\/schema\/person\/8bbd66125b574a40ec467c180c11f2e3"},"breadcrumb":{"@id":"https:\/\/medicina.udd.cl\/kinesiologia-santiago\/noticias\/2016\/07\/07\/alumnos-del-magister-en-terapia-fisica-y-rehabilitacion-realizaron-elevator-pitch\/#breadcrumb"},"inLanguage":"es","potentialAction":[{"@type":"ReadAction","target":["https:\/\/medicina.udd.cl\/kinesiologia-santiago\/noticias\/2016\/07\/07\/alumnos-del-magister-en-terapia-fisica-y-rehabilitacion-realizaron-elevator-pitch\/"]}]},{"@type":"ImageObject","inLanguage":"es","@id":"https:\/\/medicina.udd.cl\/kinesiologia-santiago\/noticias\/2016\/07\/07\/alumnos-del-magister-en-terapia-fisica-y-rehabilitacion-realizaron-elevator-pitch\/#primaryimage","url":"https:\/\/medicina.udd.cl\/kinesiologia-santiago\/files\/2016\/07\/Pithc_speed_1.jpg","contentUrl":"https:\/\/medicina.udd.cl\/kinesiologia-santiago\/files\/2016\/07\/Pithc_speed_1.jpg","width":4272,"height":2848},{"@type":"BreadcrumbList","@id":"https:\/\/medicina.udd.cl\/kinesiologia-santiago\/noticias\/2016\/07\/07\/alumnos-del-magister-en-terapia-fisica-y-rehabilitacion-realizaron-elevator-pitch\/#breadcrumb","itemListElement":[{"@type":"ListItem","position":1,"name":"Home","item":"https:\/\/medicina.udd.cl\/kinesiologia-santiago\/"},{"@type":"ListItem","position":2,"name":"Alumnos del Mag\u00edster en Terapia F\u00edsica y Rehabilitaci\u00f3n realizaron Elevator Pitch"}]},{"@type":"WebSite","@id":"https:\/\/medicina.udd.cl\/kinesiologia-santiago\/#website","url":"https:\/\/medicina.udd.cl\/kinesiologia-santiago\/","name":"Kinesiolog\u00eda","description":"Facultad de Medicina Cl\u00ednica Alemana Universidad del Desarrollo","inLanguage":"es"},{"@type":"Person","@id":"https:\/\/medicina.udd.cl\/kinesiologia-santiago\/#\/schema\/person\/8bbd66125b574a40ec467c180c11f2e3","name":"paulinamunoz","image":{"@type":"ImageObject","inLanguage":"es","@id":"https:\/\/medicina.udd.cl\/kinesiologia-santiago\/#\/schema\/person\/image\/","url":"https:\/\/secure.gravatar.com\/avatar\/748ce8fb74e8f8077c4966697a3b3710ca0019e71a62146890c0dcdc705e7f3d?s=96&d=mm&r=g","contentUrl":"https:\/\/secure.gravatar.com\/avatar\/748ce8fb74e8f8077c4966697a3b3710ca0019e71a62146890c0dcdc705e7f3d?s=96&d=mm&r=g","caption":"paulinamunoz"},"url":"https:\/\/medicina.udd.cl\/kinesiologia-santiago\/noticias\/author\/paulinamunoz\/"}]}},"featured_image_url":"https:\/\/medicina.udd.cl\/kinesiologia-santiago\/files\/2016\/07\/Pithc_speed_1.jpg","_links":{"self":[{"href":"https:\/\/medicina.udd.cl\/kinesiologia-santiago\/wp-json\/wp\/v2\/posts\/3019","targetHints":{"allow":["GET"]}}],"collection":[{"href":"https:\/\/medicina.udd.cl\/kinesiologia-santiago\/wp-json\/wp\/v2\/posts"}],"about":[{"href":"https:\/\/medicina.udd.cl\/kinesiologia-santiago\/wp-json\/wp\/v2\/types\/post"}],"author":[{"embeddable":true,"href":"https:\/\/medicina.udd.cl\/kinesiologia-santiago\/wp-json\/wp\/v2\/users\/9192192"}],"replies":[{"embeddable":true,"href":"https:\/\/medicina.udd.cl\/kinesiologia-santiago\/wp-json\/wp\/v2\/comments?post=3019"}],"version-history":[{"count":8,"href":"https:\/\/medicina.udd.cl\/kinesiologia-santiago\/wp-json\/wp\/v2\/posts\/3019\/revisions"}],"predecessor-version":[{"id":3037,"href":"https:\/\/medicina.udd.cl\/kinesiologia-santiago\/wp-json\/wp\/v2\/posts\/3019\/revisions\/3037"}],"wp:featuredmedia":[{"embeddable":true,"href":"https:\/\/medicina.udd.cl\/kinesiologia-santiago\/wp-json\/wp\/v2\/media\/3022"}],"wp:attachment":[{"href":"https:\/\/medicina.udd.cl\/kinesiologia-santiago\/wp-json\/wp\/v2\/media?parent=3019"}],"wp:term":[{"taxonomy":"category","embeddable":true,"href":"https:\/\/medicina.udd.cl\/kinesiologia-santiago\/wp-json\/wp\/v2\/categories?post=3019"},{"taxonomy":"post_tag","embeddable":true,"href":"https:\/\/medicina.udd.cl\/kinesiologia-santiago\/wp-json\/wp\/v2\/tags?post=3019"}],"curies":[{"name":"wp","href":"https:\/\/api.w.org\/{rel}","templated":true}]}}