{"id":327,"date":"2011-03-15T09:55:51","date_gmt":"2011-03-15T12:55:51","guid":{"rendered":"http:\/\/medicina.udd.cl\/kinesiologia-santiago\/?p=327"},"modified":"2011-03-23T10:28:29","modified_gmt":"2011-03-23T13:28:29","slug":"carrera-de-kinesiologia-da-inicio-al-ano-academico-2011","status":"publish","type":"post","link":"https:\/\/medicina.udd.cl\/kinesiologia-santiago\/noticias\/2011\/03\/15\/carrera-de-kinesiologia-da-inicio-al-ano-academico-2011\/","title":{"rendered":"Carrera de Kinesiolog\u00eda da inicio al a\u00f1o acad\u00e9mico 2011"},"content":{"rendered":"<p style=\"text-align: justify;\">Este a\u00f1o acad\u00e9mico es importante para nuestra carrera dado que egresar\u00e1 la primera generaci\u00f3n de kinesi\u00f3logos de la Facultad de Medicina Cl\u00ednica Alemana Universidad del Desarrollo.<\/p>\n<p style=\"text-align: justify;\">Estamos\u00a0seguros que para nuestros estudiantes de quinto a\u00f1o\u00a0se inicia una nueva etapa en su vida universitaria: comenzar\u00e1n los internados cl\u00ednicos que estar\u00e1n llenos de nuevos desaf\u00edos y exigencias que demandar\u00e1n desarrollar al m\u00e1ximo\u00a0sus potencialidades.<\/p>\n<p style=\"text-align: justify;\">Por otra parte, para los estudiantes de primer a\u00f1o se realiz\u00f3 la \u201cSemana Puente\u201c, instancia dise\u00f1ada como per\u00edodo de tr\u00e1nsito y de orientaci\u00f3n a la vida universitaria.<\/p>\n<p style=\"text-align: justify;\">A lo largo de la jornada se destacaron experiencias notables como el testimonio de pacientes reales que viven procesos de rehabilitaci\u00f3n acompa\u00f1ados por equipos interdisciplinarios.<\/p>\n<p style=\"text-align: justify;\">Adem\u00e1s, el pro rector de la UDD, Sr. Federico Vald\u00e9s, visit\u00f3 a los nuevos alumnos y\u00a0los invit\u00f3\u00a0a participar y vivir la universidad siempre con el esp\u00edritu dispuesto a aprender, sin perder de vista el compromiso que se asume con la sociedad en su conjunto.<\/p>\n<p style=\"text-align: justify;\"><strong>La carrera de Kinesiolog\u00eda\u00a0les da\u00a0la m\u00e1s cordial de las bienvenidas a sus estudiantes e invita a trabajar con amor incansable por lo que se quiere y cree.<\/strong><\/p>\n<p style=\"text-align: justify;\">\u00a0<div id=\"gallery-1\" class=\"carousel slide carousel-gallery\" data-ride=\"false\" data-interval=\"false\"><div class=\"carousel-inner\" role=\"listbox\"><figure class=\"carousel-item active\"><img loading=\"lazy\" decoding=\"async\" width=\"952\" height=\"527\" src=\"https:\/\/medicina.udd.cl\/kinesiologia-santiago\/files\/2011\/03\/Semana-Puente-5.jpg\" class=\"attachment-landscape_952 size-landscape_952\" alt=\"\" srcset=\"https:\/\/medicina.udd.cl\/kinesiologia-santiago\/files\/2011\/03\/Semana-Puente-5.jpg 2434w, https:\/\/medicina.udd.cl\/kinesiologia-santiago\/files\/2011\/03\/Semana-Puente-5-300x166.jpg 300w, https:\/\/medicina.udd.cl\/kinesiologia-santiago\/files\/2011\/03\/Semana-Puente-5-768x425.jpg 768w, https:\/\/medicina.udd.cl\/kinesiologia-santiago\/files\/2011\/03\/Semana-Puente-5-1024x567.jpg 1024w, https:\/\/medicina.udd.cl\/kinesiologia-santiago\/files\/2011\/03\/Semana-Puente-5-960x532.jpg 960w\" sizes=\"auto, (max-width: 952px) 100vw, 952px\" \/><\/figure><figure class=\"carousel-item\"><img loading=\"lazy\" decoding=\"async\" width=\"712\" height=\"534\" src=\"https:\/\/medicina.udd.cl\/kinesiologia-santiago\/files\/2011\/03\/Semana-Puente-4.jpg\" class=\"attachment-landscape_952 size-landscape_952\" alt=\"\" srcset=\"https:\/\/medicina.udd.cl\/kinesiologia-santiago\/files\/2011\/03\/Semana-Puente-4.jpg 800w, https:\/\/medicina.udd.cl\/kinesiologia-santiago\/files\/2011\/03\/Semana-Puente-4-300x225.jpg 300w, https:\/\/medicina.udd.cl\/kinesiologia-santiago\/files\/2011\/03\/Semana-Puente-4-768x576.jpg 768w\" sizes=\"auto, (max-width: 712px) 100vw, 712px\" \/><\/figure><figure class=\"carousel-item\"><img loading=\"lazy\" decoding=\"async\" width=\"712\" height=\"534\" src=\"https:\/\/medicina.udd.cl\/kinesiologia-santiago\/files\/2011\/03\/Semana-Puente-3.jpg\" class=\"attachment-landscape_952 size-landscape_952\" alt=\"\" srcset=\"https:\/\/medicina.udd.cl\/kinesiologia-santiago\/files\/2011\/03\/Semana-Puente-3.jpg 800w, https:\/\/medicina.udd.cl\/kinesiologia-santiago\/files\/2011\/03\/Semana-Puente-3-300x225.jpg 300w, https:\/\/medicina.udd.cl\/kinesiologia-santiago\/files\/2011\/03\/Semana-Puente-3-768x576.jpg 768w\" sizes=\"auto, (max-width: 712px) 100vw, 712px\" \/><\/figure><figure class=\"carousel-item\"><img loading=\"lazy\" decoding=\"async\" width=\"712\" height=\"534\" src=\"https:\/\/medicina.udd.cl\/kinesiologia-santiago\/files\/2011\/03\/Semana-Puente-2.jpg\" class=\"attachment-landscape_952 size-landscape_952\" alt=\"\" srcset=\"https:\/\/medicina.udd.cl\/kinesiologia-santiago\/files\/2011\/03\/Semana-Puente-2.jpg 2592w, https:\/\/medicina.udd.cl\/kinesiologia-santiago\/files\/2011\/03\/Semana-Puente-2-300x225.jpg 300w, https:\/\/medicina.udd.cl\/kinesiologia-santiago\/files\/2011\/03\/Semana-Puente-2-768x576.jpg 768w, https:\/\/medicina.udd.cl\/kinesiologia-santiago\/files\/2011\/03\/Semana-Puente-2-1024x768.jpg 1024w, https:\/\/medicina.udd.cl\/kinesiologia-santiago\/files\/2011\/03\/Semana-Puente-2-960x720.jpg 960w\" sizes=\"auto, (max-width: 712px) 100vw, 712px\" \/><\/figure><figure class=\"carousel-item\"><img loading=\"lazy\" decoding=\"async\" width=\"714\" height=\"534\" src=\"https:\/\/medicina.udd.cl\/kinesiologia-santiago\/files\/2011\/03\/Semana-Puente-1.jpg\" class=\"attachment-landscape_952 size-landscape_952\" alt=\"\" srcset=\"https:\/\/medicina.udd.cl\/kinesiologia-santiago\/files\/2011\/03\/Semana-Puente-1.jpg 2432w, https:\/\/medicina.udd.cl\/kinesiologia-santiago\/files\/2011\/03\/Semana-Puente-1-300x224.jpg 300w, https:\/\/medicina.udd.cl\/kinesiologia-santiago\/files\/2011\/03\/Semana-Puente-1-768x574.jpg 768w, https:\/\/medicina.udd.cl\/kinesiologia-santiago\/files\/2011\/03\/Semana-Puente-1-1024x766.jpg 1024w, https:\/\/medicina.udd.cl\/kinesiologia-santiago\/files\/2011\/03\/Semana-Puente-1-960x718.jpg 960w\" sizes=\"auto, (max-width: 714px) 100vw, 714px\" \/><\/figure><\/div><footer class=\"carousel-footer\"><div class=\"carousel-counter\"><span class=\"carousel-counter-current\"><\/span> \/ <span class=\"carousel-counter-total\"><\/span><\/div><a class=\"carousel-control-prev\" href=\"#gallery-1\" role=\"button\" data-slide=\"prev\"><svg aria-hidden=\"true\" class=\"svg-chevron-left-dims\"><use xlink:href='https:\/\/medicina.udd.cl\/kinesiologia-santiago\/wp-content\/themes\/facultades-2018\/assets\/img\/svg\/dist\/main.svg?version=1695853099#chevron-left'><\/use><\/svg><span class=\"sr-only\">Anterior<\/span><\/a><a class=\"carousel-control-next\" href=\"#gallery-1\" role=\"button\" data-slide=\"next\"><svg aria-hidden=\"true\" class=\"svg-chevron-right-dims\"><use xlink:href='https:\/\/medicina.udd.cl\/kinesiologia-santiago\/wp-content\/themes\/facultades-2018\/assets\/img\/svg\/dist\/main.svg?version=1695853099#chevron-right'><\/use><\/svg><span class=\"sr-only\">Siguiente<\/span><\/a><\/footer><\/div><\/p>\n","protected":false},"excerpt":{"rendered":"<p>Desde el 1 de marzo la carrera le dio la bienvenida a los nuevos alumnos, mientras que los estudiantes de quinto a\u00f1o iniciaron sus internados cl\u00ednicos.<\/p>\n","protected":false},"author":1,"featured_media":0,"comment_status":"open","ping_status":"open","sticky":false,"template":"","format":"standard","meta":{"footnotes":""},"categories":[4],"tags":[],"class_list":["post-327","post","type-post","status-publish","format-standard","hentry","category-noticias"],"yoast_head":"<!-- This site is optimized with the Yoast SEO plugin v26.9 - https:\/\/yoast.com\/product\/yoast-seo-wordpress\/ -->\n<title>Carrera de Kinesiolog\u00eda da inicio al a\u00f1o acad\u00e9mico 2011 - Kinesiolog\u00eda<\/title>\n<meta name=\"robots\" content=\"index, follow, max-snippet:-1, max-image-preview:large, max-video-preview:-1\" \/>\n<link rel=\"canonical\" href=\"https:\/\/medicina.udd.cl\/kinesiologia-santiago\/noticias\/2011\/03\/15\/carrera-de-kinesiologia-da-inicio-al-ano-academico-2011\/\" \/>\n<meta property=\"og:locale\" content=\"es_ES\" \/>\n<meta property=\"og:type\" content=\"article\" \/>\n<meta property=\"og:title\" content=\"Carrera de Kinesiolog\u00eda da inicio al a\u00f1o acad\u00e9mico 2011 - Kinesiolog\u00eda\" \/>\n<meta property=\"og:description\" content=\"Desde el 1 de marzo la carrera le dio la bienvenida a los nuevos alumnos, mientras que los estudiantes de quinto a\u00f1o iniciaron sus internados cl\u00ednicos.\" \/>\n<meta property=\"og:url\" content=\"https:\/\/medicina.udd.cl\/kinesiologia-santiago\/noticias\/2011\/03\/15\/carrera-de-kinesiologia-da-inicio-al-ano-academico-2011\/\" \/>\n<meta property=\"og:site_name\" content=\"Kinesiolog\u00eda\" \/>\n<meta property=\"article:published_time\" content=\"2011-03-15T12:55:51+00:00\" \/>\n<meta property=\"article:modified_time\" content=\"2011-03-23T13:28:29+00:00\" \/>\n<meta property=\"og:image\" content=\"https:\/\/medicina.udd.cl\/kinesiologia-santiago\/files\/2011\/03\/Semana-Puente-5.jpg\" \/>\n<meta name=\"author\" content=\"admin\" \/>\n<meta name=\"twitter:label1\" content=\"Escrito por\" \/>\n\t<meta name=\"twitter:data1\" content=\"admin\" \/>\n\t<meta name=\"twitter:label2\" content=\"Tiempo de lectura\" \/>\n\t<meta name=\"twitter:data2\" content=\"1 minuto\" \/>\n<script type=\"application\/ld+json\" class=\"yoast-schema-graph\">{\"@context\":\"https:\/\/schema.org\",\"@graph\":[{\"@type\":\"Article\",\"@id\":\"https:\/\/medicina.udd.cl\/kinesiologia-santiago\/noticias\/2011\/03\/15\/carrera-de-kinesiologia-da-inicio-al-ano-academico-2011\/#article\",\"isPartOf\":{\"@id\":\"https:\/\/medicina.udd.cl\/kinesiologia-santiago\/noticias\/2011\/03\/15\/carrera-de-kinesiologia-da-inicio-al-ano-academico-2011\/\"},\"author\":{\"name\":\"admin\",\"@id\":\"https:\/\/medicina.udd.cl\/kinesiologia-santiago\/#\/schema\/person\/f7abfa784c86da427e89287831f96ab7\"},\"headline\":\"Carrera de Kinesiolog\u00eda da inicio al a\u00f1o acad\u00e9mico 2011\",\"datePublished\":\"2011-03-15T12:55:51+00:00\",\"dateModified\":\"2011-03-23T13:28:29+00:00\",\"mainEntityOfPage\":{\"@id\":\"https:\/\/medicina.udd.cl\/kinesiologia-santiago\/noticias\/2011\/03\/15\/carrera-de-kinesiologia-da-inicio-al-ano-academico-2011\/\"},\"wordCount\":228,\"commentCount\":0,\"articleSection\":[\"Noticias\"],\"inLanguage\":\"es\",\"potentialAction\":[{\"@type\":\"CommentAction\",\"name\":\"Comment\",\"target\":[\"https:\/\/medicina.udd.cl\/kinesiologia-santiago\/noticias\/2011\/03\/15\/carrera-de-kinesiologia-da-inicio-al-ano-academico-2011\/#respond\"]}]},{\"@type\":\"WebPage\",\"@id\":\"https:\/\/medicina.udd.cl\/kinesiologia-santiago\/noticias\/2011\/03\/15\/carrera-de-kinesiologia-da-inicio-al-ano-academico-2011\/\",\"url\":\"https:\/\/medicina.udd.cl\/kinesiologia-santiago\/noticias\/2011\/03\/15\/carrera-de-kinesiologia-da-inicio-al-ano-academico-2011\/\",\"name\":\"Carrera de Kinesiolog\u00eda da inicio al a\u00f1o acad\u00e9mico 2011 - Kinesiolog\u00eda\",\"isPartOf\":{\"@id\":\"https:\/\/medicina.udd.cl\/kinesiologia-santiago\/#website\"},\"datePublished\":\"2011-03-15T12:55:51+00:00\",\"dateModified\":\"2011-03-23T13:28:29+00:00\",\"author\":{\"@id\":\"https:\/\/medicina.udd.cl\/kinesiologia-santiago\/#\/schema\/person\/f7abfa784c86da427e89287831f96ab7\"},\"breadcrumb\":{\"@id\":\"https:\/\/medicina.udd.cl\/kinesiologia-santiago\/noticias\/2011\/03\/15\/carrera-de-kinesiologia-da-inicio-al-ano-academico-2011\/#breadcrumb\"},\"inLanguage\":\"es\",\"potentialAction\":[{\"@type\":\"ReadAction\",\"target\":[\"https:\/\/medicina.udd.cl\/kinesiologia-santiago\/noticias\/2011\/03\/15\/carrera-de-kinesiologia-da-inicio-al-ano-academico-2011\/\"]}]},{\"@type\":\"BreadcrumbList\",\"@id\":\"https:\/\/medicina.udd.cl\/kinesiologia-santiago\/noticias\/2011\/03\/15\/carrera-de-kinesiologia-da-inicio-al-ano-academico-2011\/#breadcrumb\",\"itemListElement\":[{\"@type\":\"ListItem\",\"position\":1,\"name\":\"Home\",\"item\":\"https:\/\/medicina.udd.cl\/kinesiologia-santiago\/\"},{\"@type\":\"ListItem\",\"position\":2,\"name\":\"Carrera de Kinesiolog\u00eda da inicio al a\u00f1o acad\u00e9mico 2011\"}]},{\"@type\":\"WebSite\",\"@id\":\"https:\/\/medicina.udd.cl\/kinesiologia-santiago\/#website\",\"url\":\"https:\/\/medicina.udd.cl\/kinesiologia-santiago\/\",\"name\":\"Kinesiolog\u00eda\",\"description\":\"Facultad de Medicina Cl\u00ednica Alemana Universidad del Desarrollo\",\"inLanguage\":\"es\"},{\"@type\":\"Person\",\"@id\":\"https:\/\/medicina.udd.cl\/kinesiologia-santiago\/#\/schema\/person\/f7abfa784c86da427e89287831f96ab7\",\"name\":\"admin\",\"image\":{\"@type\":\"ImageObject\",\"inLanguage\":\"es\",\"@id\":\"https:\/\/medicina.udd.cl\/kinesiologia-santiago\/#\/schema\/person\/image\/\",\"url\":\"https:\/\/secure.gravatar.com\/avatar\/3cb6da298954dfb54457c0910b8c9ca010abd8d87a60f7d701b6ce4254e1c642?s=96&d=mm&r=g\",\"contentUrl\":\"https:\/\/secure.gravatar.com\/avatar\/3cb6da298954dfb54457c0910b8c9ca010abd8d87a60f7d701b6ce4254e1c642?s=96&d=mm&r=g\",\"caption\":\"admin\"},\"url\":\"https:\/\/medicina.udd.cl\/kinesiologia-santiago\/noticias\/author\/admin\/\"}]}<\/script>\n<!-- \/ Yoast SEO plugin. -->","yoast_head_json":{"title":"Carrera de Kinesiolog\u00eda da inicio al a\u00f1o acad\u00e9mico 2011 - Kinesiolog\u00eda","robots":{"index":"index","follow":"follow","max-snippet":"max-snippet:-1","max-image-preview":"max-image-preview:large","max-video-preview":"max-video-preview:-1"},"canonical":"https:\/\/medicina.udd.cl\/kinesiologia-santiago\/noticias\/2011\/03\/15\/carrera-de-kinesiologia-da-inicio-al-ano-academico-2011\/","og_locale":"es_ES","og_type":"article","og_title":"Carrera de Kinesiolog\u00eda da inicio al a\u00f1o acad\u00e9mico 2011 - Kinesiolog\u00eda","og_description":"Desde el 1 de marzo la carrera le dio la bienvenida a los nuevos alumnos, mientras que los estudiantes de quinto a\u00f1o iniciaron sus internados cl\u00ednicos.","og_url":"https:\/\/medicina.udd.cl\/kinesiologia-santiago\/noticias\/2011\/03\/15\/carrera-de-kinesiologia-da-inicio-al-ano-academico-2011\/","og_site_name":"Kinesiolog\u00eda","article_published_time":"2011-03-15T12:55:51+00:00","article_modified_time":"2011-03-23T13:28:29+00:00","og_image":[{"url":"https:\/\/medicina.udd.cl\/kinesiologia-santiago\/files\/2011\/03\/Semana-Puente-5.jpg","type":"","width":"","height":""}],"author":"admin","twitter_misc":{"Escrito por":"admin","Tiempo de lectura":"1 minuto"},"schema":{"@context":"https:\/\/schema.org","@graph":[{"@type":"Article","@id":"https:\/\/medicina.udd.cl\/kinesiologia-santiago\/noticias\/2011\/03\/15\/carrera-de-kinesiologia-da-inicio-al-ano-academico-2011\/#article","isPartOf":{"@id":"https:\/\/medicina.udd.cl\/kinesiologia-santiago\/noticias\/2011\/03\/15\/carrera-de-kinesiologia-da-inicio-al-ano-academico-2011\/"},"author":{"name":"admin","@id":"https:\/\/medicina.udd.cl\/kinesiologia-santiago\/#\/schema\/person\/f7abfa784c86da427e89287831f96ab7"},"headline":"Carrera de Kinesiolog\u00eda da inicio al a\u00f1o acad\u00e9mico 2011","datePublished":"2011-03-15T12:55:51+00:00","dateModified":"2011-03-23T13:28:29+00:00","mainEntityOfPage":{"@id":"https:\/\/medicina.udd.cl\/kinesiologia-santiago\/noticias\/2011\/03\/15\/carrera-de-kinesiologia-da-inicio-al-ano-academico-2011\/"},"wordCount":228,"commentCount":0,"articleSection":["Noticias"],"inLanguage":"es","potentialAction":[{"@type":"CommentAction","name":"Comment","target":["https:\/\/medicina.udd.cl\/kinesiologia-santiago\/noticias\/2011\/03\/15\/carrera-de-kinesiologia-da-inicio-al-ano-academico-2011\/#respond"]}]},{"@type":"WebPage","@id":"https:\/\/medicina.udd.cl\/kinesiologia-santiago\/noticias\/2011\/03\/15\/carrera-de-kinesiologia-da-inicio-al-ano-academico-2011\/","url":"https:\/\/medicina.udd.cl\/kinesiologia-santiago\/noticias\/2011\/03\/15\/carrera-de-kinesiologia-da-inicio-al-ano-academico-2011\/","name":"Carrera de Kinesiolog\u00eda da inicio al a\u00f1o acad\u00e9mico 2011 - Kinesiolog\u00eda","isPartOf":{"@id":"https:\/\/medicina.udd.cl\/kinesiologia-santiago\/#website"},"datePublished":"2011-03-15T12:55:51+00:00","dateModified":"2011-03-23T13:28:29+00:00","author":{"@id":"https:\/\/medicina.udd.cl\/kinesiologia-santiago\/#\/schema\/person\/f7abfa784c86da427e89287831f96ab7"},"breadcrumb":{"@id":"https:\/\/medicina.udd.cl\/kinesiologia-santiago\/noticias\/2011\/03\/15\/carrera-de-kinesiologia-da-inicio-al-ano-academico-2011\/#breadcrumb"},"inLanguage":"es","potentialAction":[{"@type":"ReadAction","target":["https:\/\/medicina.udd.cl\/kinesiologia-santiago\/noticias\/2011\/03\/15\/carrera-de-kinesiologia-da-inicio-al-ano-academico-2011\/"]}]},{"@type":"BreadcrumbList","@id":"https:\/\/medicina.udd.cl\/kinesiologia-santiago\/noticias\/2011\/03\/15\/carrera-de-kinesiologia-da-inicio-al-ano-academico-2011\/#breadcrumb","itemListElement":[{"@type":"ListItem","position":1,"name":"Home","item":"https:\/\/medicina.udd.cl\/kinesiologia-santiago\/"},{"@type":"ListItem","position":2,"name":"Carrera de Kinesiolog\u00eda da inicio al a\u00f1o acad\u00e9mico 2011"}]},{"@type":"WebSite","@id":"https:\/\/medicina.udd.cl\/kinesiologia-santiago\/#website","url":"https:\/\/medicina.udd.cl\/kinesiologia-santiago\/","name":"Kinesiolog\u00eda","description":"Facultad de Medicina Cl\u00ednica Alemana Universidad del Desarrollo","inLanguage":"es"},{"@type":"Person","@id":"https:\/\/medicina.udd.cl\/kinesiologia-santiago\/#\/schema\/person\/f7abfa784c86da427e89287831f96ab7","name":"admin","image":{"@type":"ImageObject","inLanguage":"es","@id":"https:\/\/medicina.udd.cl\/kinesiologia-santiago\/#\/schema\/person\/image\/","url":"https:\/\/secure.gravatar.com\/avatar\/3cb6da298954dfb54457c0910b8c9ca010abd8d87a60f7d701b6ce4254e1c642?s=96&d=mm&r=g","contentUrl":"https:\/\/secure.gravatar.com\/avatar\/3cb6da298954dfb54457c0910b8c9ca010abd8d87a60f7d701b6ce4254e1c642?s=96&d=mm&r=g","caption":"admin"},"url":"https:\/\/medicina.udd.cl\/kinesiologia-santiago\/noticias\/author\/admin\/"}]}},"featured_image_url":null,"_links":{"self":[{"href":"https:\/\/medicina.udd.cl\/kinesiologia-santiago\/wp-json\/wp\/v2\/posts\/327","targetHints":{"allow":["GET"]}}],"collection":[{"href":"https:\/\/medicina.udd.cl\/kinesiologia-santiago\/wp-json\/wp\/v2\/posts"}],"about":[{"href":"https:\/\/medicina.udd.cl\/kinesiologia-santiago\/wp-json\/wp\/v2\/types\/post"}],"author":[{"embeddable":true,"href":"https:\/\/medicina.udd.cl\/kinesiologia-santiago\/wp-json\/wp\/v2\/users\/1"}],"replies":[{"embeddable":true,"href":"https:\/\/medicina.udd.cl\/kinesiologia-santiago\/wp-json\/wp\/v2\/comments?post=327"}],"version-history":[{"count":2,"href":"https:\/\/medicina.udd.cl\/kinesiologia-santiago\/wp-json\/wp\/v2\/posts\/327\/revisions"}],"predecessor-version":[{"id":334,"href":"https:\/\/medicina.udd.cl\/kinesiologia-santiago\/wp-json\/wp\/v2\/posts\/327\/revisions\/334"}],"wp:attachment":[{"href":"https:\/\/medicina.udd.cl\/kinesiologia-santiago\/wp-json\/wp\/v2\/media?parent=327"}],"wp:term":[{"taxonomy":"category","embeddable":true,"href":"https:\/\/medicina.udd.cl\/kinesiologia-santiago\/wp-json\/wp\/v2\/categories?post=327"},{"taxonomy":"post_tag","embeddable":true,"href":"https:\/\/medicina.udd.cl\/kinesiologia-santiago\/wp-json\/wp\/v2\/tags?post=327"}],"curies":[{"name":"wp","href":"https:\/\/api.w.org\/{rel}","templated":true}]}}