{"id":335,"date":"2011-03-30T17:18:01","date_gmt":"2011-03-30T20:18:01","guid":{"rendered":"http:\/\/medicina.udd.cl\/kinesiologia-santiago\/?p=335"},"modified":"2011-04-15T13:34:43","modified_gmt":"2011-04-15T17:34:43","slug":"kinesiologia-titula-a-sus-primeros-diplomados","status":"publish","type":"post","link":"https:\/\/medicina.udd.cl\/kinesiologia-santiago\/noticias\/2011\/03\/30\/kinesiologia-titula-a-sus-primeros-diplomados\/","title":{"rendered":"Kinesiolog\u00eda titula a sus primeros diplomados"},"content":{"rendered":"<p style=\"text-align: justify;\"><a href=\"http:\/\/medicina.udd.cl\/kinesiologia-santiago\/files\/2011\/03\/Diplomado-1.jpg\"><img loading=\"lazy\" decoding=\"async\" class=\"alignleft size-medium wp-image-337\" title=\"Diplomados de Kinesiolog\u00eda\" src=\"http:\/\/medicina.udd.cl\/kinesiologia-santiago\/files\/2011\/03\/Diplomado-1-300x201.jpg\" alt=\"\" width=\"300\" height=\"201\" srcset=\"https:\/\/medicina.udd.cl\/kinesiologia-santiago\/files\/2011\/03\/Diplomado-1-300x201.jpg 300w, https:\/\/medicina.udd.cl\/kinesiologia-santiago\/files\/2011\/03\/Diplomado-1-768x516.jpg 768w, https:\/\/medicina.udd.cl\/kinesiologia-santiago\/files\/2011\/03\/Diplomado-1-1024x687.jpg 1024w, https:\/\/medicina.udd.cl\/kinesiologia-santiago\/files\/2011\/03\/Diplomado-1-960x644.jpg 960w\" sizes=\"auto, (max-width: 300px) 100vw, 300px\" \/><\/a>El pasado s\u00e1bado 26 de marzo se realiz\u00f3 la ceremonia de titulaci\u00f3n de los diplomados <strong>Kinesiterapia en Unidad de Paciente Cr\u00edtico<\/strong>, <strong>Kinesiterapia en Embarazo y Post Parto<\/strong> y <strong>Kinesiterapia en Rehabilitaci\u00f3n Cardiovascular<\/strong> organizados por el departamento de Postgrado de la Facultad de Medicina Cl\u00ednica Alemana Universidad del Desarrollo.<\/p>\n<p style=\"text-align: justify;\">El inicio de la ceremonia estuvo a cargo de Jorge Molina, director de Kinesiolog\u00eda y del Diplomado en UPC, quien agradeci\u00f3 a los equipos colaboradores el esfuerzo y dedicaci\u00f3n que hicieron posible el \u00e9xito de los programas. Entre ellos, est\u00e1n los directivos de carrera, docentes y equipos de la Unidad de Kinesiolog\u00eda, Paciente Cr\u00edtico y Rehabilitaci\u00f3n Cardiovascular de Cl\u00ednica Alemana. Adem\u00e1s, durante las clases se hizo uso del Laboratorio de Kinesiolog\u00eda de la UDD, un lugar equipado para el trabajo pr\u00e1ctico de pre y postgrado.\u00a0<\/p>\n<p style=\"text-align: justify;\">\u201cUna de las grandes fortalezas de nuestros programas -y que nos permiti\u00f3 contar con la presencia de kinesi\u00f3logos de Arica a Punta Arenas- fue la posibilidad de desarrollarlos de manera modular, en fines de semana y con una plataforma e-learning que a pesar de la distancia nos permiti\u00f3 mantenernos en contacto. De esta forma, cumplimos con la misi\u00f3n de colaborar con la formaci\u00f3n de aquellos profesionales inquietos que por motivos geogr\u00e1ficos y bajo modalidades tradicionales no pod\u00edan acceder a formaci\u00f3n continua, transform\u00e1ndonos as\u00ed en innovadores en esta materia\u201d, destac\u00f3 el director.<\/p>\n<p style=\"text-align: justify;\">Luego de sus palabras, se dio paso a la entrega de diplomas a manos de los directores y docentes de los tres programas. Adem\u00e1s, en representaci\u00f3n de sus compa\u00f1eros, Pablo Lagos de Kinesiterapia en Unidad de Paciente Cr\u00edtico agradeci\u00f3 al equipo docente que los acogi\u00f3 y les brind\u00f3 su conocimiento y amistad.\u00a0\u00a0<\/p>\n<p style=\"text-align: justify;\">Por su parte, durante la ceremonia tambi\u00e9n se premi\u00f3 a los mejores alumnos:<\/p>\n<ul style=\"text-align: justify;\">\n<li>Daniela Bret\u00f3n: Kinesiterapia en Unidad de Paciente Cr\u00edtico.<\/li>\n<li>Stefanie Solsbach: Kinesiterapia en Embarazo y Post Parto.<\/li>\n<li>Mar\u00eda Jos\u00e9 Campos y Juan Pablo Commentz: Kinesiterapia en Rehabilitaci\u00f3n Cardiovascular.<\/li>\n<\/ul>\n<p style=\"text-align: justify;\">\u00a0<strong>Historia<\/strong><\/p>\n<p style=\"text-align: justify;\">En el a\u00f1o 2009 el \u00e1rea de postgrado de la carrera de Kinesiolog\u00eda inaugur\u00f3 el diplomado Kinesiterapia en Embarazo y Post Parto que en el mes de junio comienza su tercera versi\u00f3n. Adem\u00e1s, est\u00e1n en su segundo a\u00f1o los programas de Kinesiterapia en Unidad de Paciente Cr\u00edtico y Kinesiterapia en Rehabilitaci\u00f3n Cardiovascular.<\/p>\n<p style=\"text-align: justify;\">Durante el segundo semestre de 2011 comenzar\u00e1 el Curso Abierto de actualizaci\u00f3n en el manejo de cintura. Adem\u00e1s, se dictar\u00e1 un mag\u00edster que ampliar\u00e1 los conocimientos llevados a cabo en los diplomados.\u00a0<\/p>\n<p style=\"text-align: justify;\">Con esto, se estima que la carrera finalice este a\u00f1o con nuevas opciones que permita al kinesi\u00f3logo especializarse en diversas \u00e1reas importantes para la actual demanda de su ejercicio profesional.<\/p>\n<div id=\"gallery-1\" class=\"carousel slide carousel-gallery\" data-ride=\"false\" data-interval=\"false\"><div class=\"carousel-inner\" role=\"listbox\"><figure class=\"carousel-item active\"><img loading=\"lazy\" decoding=\"async\" width=\"839\" height=\"534\" src=\"https:\/\/medicina.udd.cl\/kinesiologia-santiago\/files\/2011\/03\/diplomado-8-rehabilitaci\u00f3n-cardiovascular.jpg\" class=\"attachment-landscape_952 size-landscape_952\" alt=\"\" srcset=\"https:\/\/medicina.udd.cl\/kinesiologia-santiago\/files\/2011\/03\/diplomado-8-rehabilitaci\u00f3n-cardiovascular.jpg 2708w, https:\/\/medicina.udd.cl\/kinesiologia-santiago\/files\/2011\/03\/diplomado-8-rehabilitaci\u00f3n-cardiovascular-300x191.jpg 300w, https:\/\/medicina.udd.cl\/kinesiologia-santiago\/files\/2011\/03\/diplomado-8-rehabilitaci\u00f3n-cardiovascular-768x489.jpg 768w, https:\/\/medicina.udd.cl\/kinesiologia-santiago\/files\/2011\/03\/diplomado-8-rehabilitaci\u00f3n-cardiovascular-1024x652.jpg 1024w, https:\/\/medicina.udd.cl\/kinesiologia-santiago\/files\/2011\/03\/diplomado-8-rehabilitaci\u00f3n-cardiovascular-125x80.jpg 125w, https:\/\/medicina.udd.cl\/kinesiologia-santiago\/files\/2011\/03\/diplomado-8-rehabilitaci\u00f3n-cardiovascular-960x611.jpg 960w\" sizes=\"auto, (max-width: 839px) 100vw, 839px\" \/><\/figure><figure class=\"carousel-item\"><img loading=\"lazy\" decoding=\"async\" width=\"842\" height=\"534\" src=\"https:\/\/medicina.udd.cl\/kinesiologia-santiago\/files\/2011\/03\/diplomado-7-post-parto.jpg\" class=\"attachment-landscape_952 size-landscape_952\" alt=\"\" srcset=\"https:\/\/medicina.udd.cl\/kinesiologia-santiago\/files\/2011\/03\/diplomado-7-post-parto.jpg 2768w, https:\/\/medicina.udd.cl\/kinesiologia-santiago\/files\/2011\/03\/diplomado-7-post-parto-300x190.jpg 300w, https:\/\/medicina.udd.cl\/kinesiologia-santiago\/files\/2011\/03\/diplomado-7-post-parto-768x487.jpg 768w, https:\/\/medicina.udd.cl\/kinesiologia-santiago\/files\/2011\/03\/diplomado-7-post-parto-1024x650.jpg 1024w, https:\/\/medicina.udd.cl\/kinesiologia-santiago\/files\/2011\/03\/diplomado-7-post-parto-125x80.jpg 125w, https:\/\/medicina.udd.cl\/kinesiologia-santiago\/files\/2011\/03\/diplomado-7-post-parto-960x609.jpg 960w\" sizes=\"auto, (max-width: 842px) 100vw, 842px\" \/><\/figure><figure class=\"carousel-item\"><img loading=\"lazy\" decoding=\"async\" width=\"874\" height=\"534\" src=\"https:\/\/medicina.udd.cl\/kinesiologia-santiago\/files\/2011\/03\/diplomado-6-UPC.jpg\" class=\"attachment-landscape_952 size-landscape_952\" alt=\"\" srcset=\"https:\/\/medicina.udd.cl\/kinesiologia-santiago\/files\/2011\/03\/diplomado-6-UPC.jpg 2756w, https:\/\/medicina.udd.cl\/kinesiologia-santiago\/files\/2011\/03\/diplomado-6-UPC-300x183.jpg 300w, https:\/\/medicina.udd.cl\/kinesiologia-santiago\/files\/2011\/03\/diplomado-6-UPC-768x469.jpg 768w, https:\/\/medicina.udd.cl\/kinesiologia-santiago\/files\/2011\/03\/diplomado-6-UPC-1024x626.jpg 1024w, https:\/\/medicina.udd.cl\/kinesiologia-santiago\/files\/2011\/03\/diplomado-6-UPC-960x587.jpg 960w\" sizes=\"auto, (max-width: 874px) 100vw, 874px\" \/><\/figure><figure class=\"carousel-item\"><img loading=\"lazy\" decoding=\"async\" width=\"717\" height=\"534\" src=\"https:\/\/medicina.udd.cl\/kinesiologia-santiago\/files\/2011\/03\/diplomado-5.jpg\" class=\"attachment-landscape_952 size-landscape_952\" alt=\"\" srcset=\"https:\/\/medicina.udd.cl\/kinesiologia-santiago\/files\/2011\/03\/diplomado-5.jpg 2492w, https:\/\/medicina.udd.cl\/kinesiologia-santiago\/files\/2011\/03\/diplomado-5-300x223.jpg 300w, https:\/\/medicina.udd.cl\/kinesiologia-santiago\/files\/2011\/03\/diplomado-5-768x572.jpg 768w, https:\/\/medicina.udd.cl\/kinesiologia-santiago\/files\/2011\/03\/diplomado-5-1024x763.jpg 1024w, https:\/\/medicina.udd.cl\/kinesiologia-santiago\/files\/2011\/03\/diplomado-5-960x715.jpg 960w\" sizes=\"auto, (max-width: 717px) 100vw, 717px\" \/><\/figure><figure class=\"carousel-item\"><img loading=\"lazy\" decoding=\"async\" width=\"796\" height=\"534\" src=\"https:\/\/medicina.udd.cl\/kinesiologia-santiago\/files\/2011\/03\/diplomado-4.jpg\" class=\"attachment-landscape_952 size-landscape_952\" alt=\"\" srcset=\"https:\/\/medicina.udd.cl\/kinesiologia-santiago\/files\/2011\/03\/diplomado-4.jpg 800w, https:\/\/medicina.udd.cl\/kinesiologia-santiago\/files\/2011\/03\/diplomado-4-300x201.jpg 300w, https:\/\/medicina.udd.cl\/kinesiologia-santiago\/files\/2011\/03\/diplomado-4-768x516.jpg 768w\" sizes=\"auto, (max-width: 796px) 100vw, 796px\" \/><\/figure><figure class=\"carousel-item\"><img loading=\"lazy\" decoding=\"async\" width=\"827\" height=\"534\" src=\"https:\/\/medicina.udd.cl\/kinesiologia-santiago\/files\/2011\/03\/diplomado-3.jpg\" class=\"attachment-landscape_952 size-landscape_952\" alt=\"\" srcset=\"https:\/\/medicina.udd.cl\/kinesiologia-santiago\/files\/2011\/03\/diplomado-3.jpg 2700w, https:\/\/medicina.udd.cl\/kinesiologia-santiago\/files\/2011\/03\/diplomado-3-300x194.jpg 300w, https:\/\/medicina.udd.cl\/kinesiologia-santiago\/files\/2011\/03\/diplomado-3-768x496.jpg 768w, https:\/\/medicina.udd.cl\/kinesiologia-santiago\/files\/2011\/03\/diplomado-3-1024x661.jpg 1024w, https:\/\/medicina.udd.cl\/kinesiologia-santiago\/files\/2011\/03\/diplomado-3-125x80.jpg 125w, https:\/\/medicina.udd.cl\/kinesiologia-santiago\/files\/2011\/03\/diplomado-3-340x220.jpg 340w, https:\/\/medicina.udd.cl\/kinesiologia-santiago\/files\/2011\/03\/diplomado-3-960x620.jpg 960w\" sizes=\"auto, (max-width: 827px) 100vw, 827px\" \/><\/figure><figure class=\"carousel-item\"><img loading=\"lazy\" decoding=\"async\" width=\"746\" height=\"534\" src=\"https:\/\/medicina.udd.cl\/kinesiologia-santiago\/files\/2011\/03\/diplomado-2.jpg\" class=\"attachment-landscape_952 size-landscape_952\" alt=\"\" srcset=\"https:\/\/medicina.udd.cl\/kinesiologia-santiago\/files\/2011\/03\/diplomado-2.jpg 800w, https:\/\/medicina.udd.cl\/kinesiologia-santiago\/files\/2011\/03\/diplomado-2-300x215.jpg 300w, https:\/\/medicina.udd.cl\/kinesiologia-santiago\/files\/2011\/03\/diplomado-2-768x550.jpg 768w, https:\/\/medicina.udd.cl\/kinesiologia-santiago\/files\/2011\/03\/diplomado-2-286x205.jpg 286w, https:\/\/medicina.udd.cl\/kinesiologia-santiago\/files\/2011\/03\/diplomado-2-87x62.jpg 87w\" sizes=\"auto, (max-width: 746px) 100vw, 746px\" \/><\/figure><figure class=\"carousel-item\"><img loading=\"lazy\" decoding=\"async\" width=\"796\" height=\"534\" src=\"https:\/\/medicina.udd.cl\/kinesiologia-santiago\/files\/2011\/03\/Diplomado-1.jpg\" class=\"attachment-landscape_952 size-landscape_952\" alt=\"\" srcset=\"https:\/\/medicina.udd.cl\/kinesiologia-santiago\/files\/2011\/03\/Diplomado-1.jpg 2896w, https:\/\/medicina.udd.cl\/kinesiologia-santiago\/files\/2011\/03\/Diplomado-1-300x201.jpg 300w, https:\/\/medicina.udd.cl\/kinesiologia-santiago\/files\/2011\/03\/Diplomado-1-768x516.jpg 768w, https:\/\/medicina.udd.cl\/kinesiologia-santiago\/files\/2011\/03\/Diplomado-1-1024x687.jpg 1024w, https:\/\/medicina.udd.cl\/kinesiologia-santiago\/files\/2011\/03\/Diplomado-1-960x644.jpg 960w\" sizes=\"auto, (max-width: 796px) 100vw, 796px\" \/><\/figure><\/div><footer class=\"carousel-footer\"><div class=\"carousel-counter\"><span class=\"carousel-counter-current\"><\/span> \/ <span class=\"carousel-counter-total\"><\/span><\/div><a class=\"carousel-control-prev\" href=\"#gallery-1\" role=\"button\" data-slide=\"prev\"><svg aria-hidden=\"true\" class=\"svg-chevron-left-dims\"><use xlink:href='https:\/\/medicina.udd.cl\/kinesiologia-santiago\/wp-content\/themes\/facultades-2018\/assets\/img\/svg\/dist\/main.svg?version=1695853099#chevron-left'><\/use><\/svg><span class=\"sr-only\">Anterior<\/span><\/a><a class=\"carousel-control-next\" href=\"#gallery-1\" role=\"button\" data-slide=\"next\"><svg aria-hidden=\"true\" class=\"svg-chevron-right-dims\"><use xlink:href='https:\/\/medicina.udd.cl\/kinesiologia-santiago\/wp-content\/themes\/facultades-2018\/assets\/img\/svg\/dist\/main.svg?version=1695853099#chevron-right'><\/use><\/svg><span class=\"sr-only\">Siguiente<\/span><\/a><\/footer><\/div>\n","protected":false},"excerpt":{"rendered":"<p>Cerca de 90 kinesi\u00f3logos se especializaron en nuestra Facultad de Medicina durante el a\u00f1o 2010. <\/p>\n","protected":false},"author":1,"featured_media":0,"comment_status":"open","ping_status":"open","sticky":false,"template":"","format":"standard","meta":{"footnotes":""},"categories":[4],"tags":[],"class_list":["post-335","post","type-post","status-publish","format-standard","hentry","category-noticias"],"yoast_head":"<!-- This site is optimized with the Yoast SEO plugin v26.9 - https:\/\/yoast.com\/product\/yoast-seo-wordpress\/ -->\n<title>Kinesiolog\u00eda titula a sus primeros diplomados - Kinesiolog\u00eda<\/title>\n<meta name=\"robots\" content=\"index, follow, max-snippet:-1, max-image-preview:large, max-video-preview:-1\" \/>\n<link rel=\"canonical\" href=\"https:\/\/medicina.udd.cl\/kinesiologia-santiago\/noticias\/2011\/03\/30\/kinesiologia-titula-a-sus-primeros-diplomados\/\" \/>\n<meta property=\"og:locale\" content=\"es_ES\" \/>\n<meta property=\"og:type\" content=\"article\" \/>\n<meta property=\"og:title\" content=\"Kinesiolog\u00eda titula a sus primeros diplomados - Kinesiolog\u00eda\" \/>\n<meta property=\"og:description\" content=\"Cerca de 90 kinesi\u00f3logos se especializaron en nuestra Facultad de Medicina durante el a\u00f1o 2010.\" \/>\n<meta property=\"og:url\" content=\"https:\/\/medicina.udd.cl\/kinesiologia-santiago\/noticias\/2011\/03\/30\/kinesiologia-titula-a-sus-primeros-diplomados\/\" \/>\n<meta property=\"og:site_name\" content=\"Kinesiolog\u00eda\" \/>\n<meta property=\"article:published_time\" content=\"2011-03-30T20:18:01+00:00\" \/>\n<meta property=\"article:modified_time\" content=\"2011-04-15T17:34:43+00:00\" \/>\n<meta property=\"og:image\" content=\"https:\/\/medicina.udd.cl\/kinesiologia-santiago\/files\/2011\/03\/diplomado-8-rehabilitaci\u00f3n-cardiovascular.jpg\" \/>\n<meta name=\"author\" content=\"admin\" \/>\n<meta name=\"twitter:label1\" content=\"Escrito por\" \/>\n\t<meta name=\"twitter:data1\" content=\"admin\" \/>\n\t<meta name=\"twitter:label2\" content=\"Tiempo de lectura\" \/>\n\t<meta name=\"twitter:data2\" content=\"2 minutos\" \/>\n<script type=\"application\/ld+json\" class=\"yoast-schema-graph\">{\"@context\":\"https:\/\/schema.org\",\"@graph\":[{\"@type\":\"Article\",\"@id\":\"https:\/\/medicina.udd.cl\/kinesiologia-santiago\/noticias\/2011\/03\/30\/kinesiologia-titula-a-sus-primeros-diplomados\/#article\",\"isPartOf\":{\"@id\":\"https:\/\/medicina.udd.cl\/kinesiologia-santiago\/noticias\/2011\/03\/30\/kinesiologia-titula-a-sus-primeros-diplomados\/\"},\"author\":{\"name\":\"admin\",\"@id\":\"https:\/\/medicina.udd.cl\/kinesiologia-santiago\/#\/schema\/person\/f7abfa784c86da427e89287831f96ab7\"},\"headline\":\"Kinesiolog\u00eda titula a sus primeros diplomados\",\"datePublished\":\"2011-03-30T20:18:01+00:00\",\"dateModified\":\"2011-04-15T17:34:43+00:00\",\"mainEntityOfPage\":{\"@id\":\"https:\/\/medicina.udd.cl\/kinesiologia-santiago\/noticias\/2011\/03\/30\/kinesiologia-titula-a-sus-primeros-diplomados\/\"},\"wordCount\":482,\"commentCount\":2,\"image\":{\"@id\":\"https:\/\/medicina.udd.cl\/kinesiologia-santiago\/noticias\/2011\/03\/30\/kinesiologia-titula-a-sus-primeros-diplomados\/#primaryimage\"},\"thumbnailUrl\":\"http:\/\/medicina.udd.cl\/kinesiologia-santiago\/files\/2011\/03\/Diplomado-1-300x201.jpg\",\"articleSection\":[\"Noticias\"],\"inLanguage\":\"es\",\"potentialAction\":[{\"@type\":\"CommentAction\",\"name\":\"Comment\",\"target\":[\"https:\/\/medicina.udd.cl\/kinesiologia-santiago\/noticias\/2011\/03\/30\/kinesiologia-titula-a-sus-primeros-diplomados\/#respond\"]}]},{\"@type\":\"WebPage\",\"@id\":\"https:\/\/medicina.udd.cl\/kinesiologia-santiago\/noticias\/2011\/03\/30\/kinesiologia-titula-a-sus-primeros-diplomados\/\",\"url\":\"https:\/\/medicina.udd.cl\/kinesiologia-santiago\/noticias\/2011\/03\/30\/kinesiologia-titula-a-sus-primeros-diplomados\/\",\"name\":\"Kinesiolog\u00eda titula a sus primeros diplomados - Kinesiolog\u00eda\",\"isPartOf\":{\"@id\":\"https:\/\/medicina.udd.cl\/kinesiologia-santiago\/#website\"},\"primaryImageOfPage\":{\"@id\":\"https:\/\/medicina.udd.cl\/kinesiologia-santiago\/noticias\/2011\/03\/30\/kinesiologia-titula-a-sus-primeros-diplomados\/#primaryimage\"},\"image\":{\"@id\":\"https:\/\/medicina.udd.cl\/kinesiologia-santiago\/noticias\/2011\/03\/30\/kinesiologia-titula-a-sus-primeros-diplomados\/#primaryimage\"},\"thumbnailUrl\":\"http:\/\/medicina.udd.cl\/kinesiologia-santiago\/files\/2011\/03\/Diplomado-1-300x201.jpg\",\"datePublished\":\"2011-03-30T20:18:01+00:00\",\"dateModified\":\"2011-04-15T17:34:43+00:00\",\"author\":{\"@id\":\"https:\/\/medicina.udd.cl\/kinesiologia-santiago\/#\/schema\/person\/f7abfa784c86da427e89287831f96ab7\"},\"breadcrumb\":{\"@id\":\"https:\/\/medicina.udd.cl\/kinesiologia-santiago\/noticias\/2011\/03\/30\/kinesiologia-titula-a-sus-primeros-diplomados\/#breadcrumb\"},\"inLanguage\":\"es\",\"potentialAction\":[{\"@type\":\"ReadAction\",\"target\":[\"https:\/\/medicina.udd.cl\/kinesiologia-santiago\/noticias\/2011\/03\/30\/kinesiologia-titula-a-sus-primeros-diplomados\/\"]}]},{\"@type\":\"ImageObject\",\"inLanguage\":\"es\",\"@id\":\"https:\/\/medicina.udd.cl\/kinesiologia-santiago\/noticias\/2011\/03\/30\/kinesiologia-titula-a-sus-primeros-diplomados\/#primaryimage\",\"url\":\"http:\/\/medicina.udd.cl\/kinesiologia-santiago\/files\/2011\/03\/Diplomado-1-300x201.jpg\",\"contentUrl\":\"http:\/\/medicina.udd.cl\/kinesiologia-santiago\/files\/2011\/03\/Diplomado-1-300x201.jpg\"},{\"@type\":\"BreadcrumbList\",\"@id\":\"https:\/\/medicina.udd.cl\/kinesiologia-santiago\/noticias\/2011\/03\/30\/kinesiologia-titula-a-sus-primeros-diplomados\/#breadcrumb\",\"itemListElement\":[{\"@type\":\"ListItem\",\"position\":1,\"name\":\"Home\",\"item\":\"https:\/\/medicina.udd.cl\/kinesiologia-santiago\/\"},{\"@type\":\"ListItem\",\"position\":2,\"name\":\"Kinesiolog\u00eda titula a sus primeros diplomados\"}]},{\"@type\":\"WebSite\",\"@id\":\"https:\/\/medicina.udd.cl\/kinesiologia-santiago\/#website\",\"url\":\"https:\/\/medicina.udd.cl\/kinesiologia-santiago\/\",\"name\":\"Kinesiolog\u00eda\",\"description\":\"Facultad de Medicina Cl\u00ednica Alemana Universidad del Desarrollo\",\"inLanguage\":\"es\"},{\"@type\":\"Person\",\"@id\":\"https:\/\/medicina.udd.cl\/kinesiologia-santiago\/#\/schema\/person\/f7abfa784c86da427e89287831f96ab7\",\"name\":\"admin\",\"image\":{\"@type\":\"ImageObject\",\"inLanguage\":\"es\",\"@id\":\"https:\/\/medicina.udd.cl\/kinesiologia-santiago\/#\/schema\/person\/image\/\",\"url\":\"https:\/\/secure.gravatar.com\/avatar\/3cb6da298954dfb54457c0910b8c9ca010abd8d87a60f7d701b6ce4254e1c642?s=96&d=mm&r=g\",\"contentUrl\":\"https:\/\/secure.gravatar.com\/avatar\/3cb6da298954dfb54457c0910b8c9ca010abd8d87a60f7d701b6ce4254e1c642?s=96&d=mm&r=g\",\"caption\":\"admin\"},\"url\":\"https:\/\/medicina.udd.cl\/kinesiologia-santiago\/noticias\/author\/admin\/\"}]}<\/script>\n<!-- \/ Yoast SEO plugin. -->","yoast_head_json":{"title":"Kinesiolog\u00eda titula a sus primeros diplomados - Kinesiolog\u00eda","robots":{"index":"index","follow":"follow","max-snippet":"max-snippet:-1","max-image-preview":"max-image-preview:large","max-video-preview":"max-video-preview:-1"},"canonical":"https:\/\/medicina.udd.cl\/kinesiologia-santiago\/noticias\/2011\/03\/30\/kinesiologia-titula-a-sus-primeros-diplomados\/","og_locale":"es_ES","og_type":"article","og_title":"Kinesiolog\u00eda titula a sus primeros diplomados - Kinesiolog\u00eda","og_description":"Cerca de 90 kinesi\u00f3logos se especializaron en nuestra Facultad de Medicina durante el a\u00f1o 2010.","og_url":"https:\/\/medicina.udd.cl\/kinesiologia-santiago\/noticias\/2011\/03\/30\/kinesiologia-titula-a-sus-primeros-diplomados\/","og_site_name":"Kinesiolog\u00eda","article_published_time":"2011-03-30T20:18:01+00:00","article_modified_time":"2011-04-15T17:34:43+00:00","og_image":[{"url":"https:\/\/medicina.udd.cl\/kinesiologia-santiago\/files\/2011\/03\/diplomado-8-rehabilitaci\u00f3n-cardiovascular.jpg","type":"","width":"","height":""}],"author":"admin","twitter_misc":{"Escrito por":"admin","Tiempo de lectura":"2 minutos"},"schema":{"@context":"https:\/\/schema.org","@graph":[{"@type":"Article","@id":"https:\/\/medicina.udd.cl\/kinesiologia-santiago\/noticias\/2011\/03\/30\/kinesiologia-titula-a-sus-primeros-diplomados\/#article","isPartOf":{"@id":"https:\/\/medicina.udd.cl\/kinesiologia-santiago\/noticias\/2011\/03\/30\/kinesiologia-titula-a-sus-primeros-diplomados\/"},"author":{"name":"admin","@id":"https:\/\/medicina.udd.cl\/kinesiologia-santiago\/#\/schema\/person\/f7abfa784c86da427e89287831f96ab7"},"headline":"Kinesiolog\u00eda titula a sus primeros diplomados","datePublished":"2011-03-30T20:18:01+00:00","dateModified":"2011-04-15T17:34:43+00:00","mainEntityOfPage":{"@id":"https:\/\/medicina.udd.cl\/kinesiologia-santiago\/noticias\/2011\/03\/30\/kinesiologia-titula-a-sus-primeros-diplomados\/"},"wordCount":482,"commentCount":2,"image":{"@id":"https:\/\/medicina.udd.cl\/kinesiologia-santiago\/noticias\/2011\/03\/30\/kinesiologia-titula-a-sus-primeros-diplomados\/#primaryimage"},"thumbnailUrl":"http:\/\/medicina.udd.cl\/kinesiologia-santiago\/files\/2011\/03\/Diplomado-1-300x201.jpg","articleSection":["Noticias"],"inLanguage":"es","potentialAction":[{"@type":"CommentAction","name":"Comment","target":["https:\/\/medicina.udd.cl\/kinesiologia-santiago\/noticias\/2011\/03\/30\/kinesiologia-titula-a-sus-primeros-diplomados\/#respond"]}]},{"@type":"WebPage","@id":"https:\/\/medicina.udd.cl\/kinesiologia-santiago\/noticias\/2011\/03\/30\/kinesiologia-titula-a-sus-primeros-diplomados\/","url":"https:\/\/medicina.udd.cl\/kinesiologia-santiago\/noticias\/2011\/03\/30\/kinesiologia-titula-a-sus-primeros-diplomados\/","name":"Kinesiolog\u00eda titula a sus primeros diplomados - Kinesiolog\u00eda","isPartOf":{"@id":"https:\/\/medicina.udd.cl\/kinesiologia-santiago\/#website"},"primaryImageOfPage":{"@id":"https:\/\/medicina.udd.cl\/kinesiologia-santiago\/noticias\/2011\/03\/30\/kinesiologia-titula-a-sus-primeros-diplomados\/#primaryimage"},"image":{"@id":"https:\/\/medicina.udd.cl\/kinesiologia-santiago\/noticias\/2011\/03\/30\/kinesiologia-titula-a-sus-primeros-diplomados\/#primaryimage"},"thumbnailUrl":"http:\/\/medicina.udd.cl\/kinesiologia-santiago\/files\/2011\/03\/Diplomado-1-300x201.jpg","datePublished":"2011-03-30T20:18:01+00:00","dateModified":"2011-04-15T17:34:43+00:00","author":{"@id":"https:\/\/medicina.udd.cl\/kinesiologia-santiago\/#\/schema\/person\/f7abfa784c86da427e89287831f96ab7"},"breadcrumb":{"@id":"https:\/\/medicina.udd.cl\/kinesiologia-santiago\/noticias\/2011\/03\/30\/kinesiologia-titula-a-sus-primeros-diplomados\/#breadcrumb"},"inLanguage":"es","potentialAction":[{"@type":"ReadAction","target":["https:\/\/medicina.udd.cl\/kinesiologia-santiago\/noticias\/2011\/03\/30\/kinesiologia-titula-a-sus-primeros-diplomados\/"]}]},{"@type":"ImageObject","inLanguage":"es","@id":"https:\/\/medicina.udd.cl\/kinesiologia-santiago\/noticias\/2011\/03\/30\/kinesiologia-titula-a-sus-primeros-diplomados\/#primaryimage","url":"http:\/\/medicina.udd.cl\/kinesiologia-santiago\/files\/2011\/03\/Diplomado-1-300x201.jpg","contentUrl":"http:\/\/medicina.udd.cl\/kinesiologia-santiago\/files\/2011\/03\/Diplomado-1-300x201.jpg"},{"@type":"BreadcrumbList","@id":"https:\/\/medicina.udd.cl\/kinesiologia-santiago\/noticias\/2011\/03\/30\/kinesiologia-titula-a-sus-primeros-diplomados\/#breadcrumb","itemListElement":[{"@type":"ListItem","position":1,"name":"Home","item":"https:\/\/medicina.udd.cl\/kinesiologia-santiago\/"},{"@type":"ListItem","position":2,"name":"Kinesiolog\u00eda titula a sus primeros diplomados"}]},{"@type":"WebSite","@id":"https:\/\/medicina.udd.cl\/kinesiologia-santiago\/#website","url":"https:\/\/medicina.udd.cl\/kinesiologia-santiago\/","name":"Kinesiolog\u00eda","description":"Facultad de Medicina Cl\u00ednica Alemana Universidad del Desarrollo","inLanguage":"es"},{"@type":"Person","@id":"https:\/\/medicina.udd.cl\/kinesiologia-santiago\/#\/schema\/person\/f7abfa784c86da427e89287831f96ab7","name":"admin","image":{"@type":"ImageObject","inLanguage":"es","@id":"https:\/\/medicina.udd.cl\/kinesiologia-santiago\/#\/schema\/person\/image\/","url":"https:\/\/secure.gravatar.com\/avatar\/3cb6da298954dfb54457c0910b8c9ca010abd8d87a60f7d701b6ce4254e1c642?s=96&d=mm&r=g","contentUrl":"https:\/\/secure.gravatar.com\/avatar\/3cb6da298954dfb54457c0910b8c9ca010abd8d87a60f7d701b6ce4254e1c642?s=96&d=mm&r=g","caption":"admin"},"url":"https:\/\/medicina.udd.cl\/kinesiologia-santiago\/noticias\/author\/admin\/"}]}},"featured_image_url":null,"_links":{"self":[{"href":"https:\/\/medicina.udd.cl\/kinesiologia-santiago\/wp-json\/wp\/v2\/posts\/335","targetHints":{"allow":["GET"]}}],"collection":[{"href":"https:\/\/medicina.udd.cl\/kinesiologia-santiago\/wp-json\/wp\/v2\/posts"}],"about":[{"href":"https:\/\/medicina.udd.cl\/kinesiologia-santiago\/wp-json\/wp\/v2\/types\/post"}],"author":[{"embeddable":true,"href":"https:\/\/medicina.udd.cl\/kinesiologia-santiago\/wp-json\/wp\/v2\/users\/1"}],"replies":[{"embeddable":true,"href":"https:\/\/medicina.udd.cl\/kinesiologia-santiago\/wp-json\/wp\/v2\/comments?post=335"}],"version-history":[{"count":10,"href":"https:\/\/medicina.udd.cl\/kinesiologia-santiago\/wp-json\/wp\/v2\/posts\/335\/revisions"}],"predecessor-version":[{"id":387,"href":"https:\/\/medicina.udd.cl\/kinesiologia-santiago\/wp-json\/wp\/v2\/posts\/335\/revisions\/387"}],"wp:attachment":[{"href":"https:\/\/medicina.udd.cl\/kinesiologia-santiago\/wp-json\/wp\/v2\/media?parent=335"}],"wp:term":[{"taxonomy":"category","embeddable":true,"href":"https:\/\/medicina.udd.cl\/kinesiologia-santiago\/wp-json\/wp\/v2\/categories?post=335"},{"taxonomy":"post_tag","embeddable":true,"href":"https:\/\/medicina.udd.cl\/kinesiologia-santiago\/wp-json\/wp\/v2\/tags?post=335"}],"curies":[{"name":"wp","href":"https:\/\/api.w.org\/{rel}","templated":true}]}}