{"id":3377,"date":"2016-12-16T09:42:50","date_gmt":"2016-12-16T12:42:50","guid":{"rendered":"http:\/\/medicina.udd.cl\/kinesiologia-santiago\/?p=3377"},"modified":"2016-12-16T09:57:17","modified_gmt":"2016-12-16T12:57:17","slug":"docentes-de-kinesiologia-udd-expusieron-en-congreso-internacional-en-bangkok","status":"publish","type":"post","link":"https:\/\/medicina.udd.cl\/kinesiologia-santiago\/noticias\/2016\/12\/16\/docentes-de-kinesiologia-udd-expusieron-en-congreso-internacional-en-bangkok\/","title":{"rendered":"Docentes de Kinesiolog\u00eda UDD expusieron en Congreso Internacional en Bangkok"},"content":{"rendered":"<div id=\"gallery-1\" class=\"carousel slide carousel-gallery\" data-ride=\"false\" data-interval=\"false\"><div class=\"carousel-inner\" role=\"listbox\"><figure class=\"carousel-item active\"><img loading=\"lazy\" decoding=\"async\" width=\"712\" height=\"534\" src=\"https:\/\/medicina.udd.cl\/kinesiologia-santiago\/files\/2016\/12\/Kinesiolog\u00eda-UDD-en-ISPAH-1.jpg\" class=\"attachment-landscape_952 size-landscape_952\" alt=\"\" srcset=\"https:\/\/medicina.udd.cl\/kinesiologia-santiago\/files\/2016\/12\/Kinesiolog\u00eda-UDD-en-ISPAH-1.jpg 3108w, https:\/\/medicina.udd.cl\/kinesiologia-santiago\/files\/2016\/12\/Kinesiolog\u00eda-UDD-en-ISPAH-1-300x225.jpg 300w, https:\/\/medicina.udd.cl\/kinesiologia-santiago\/files\/2016\/12\/Kinesiolog\u00eda-UDD-en-ISPAH-1-768x576.jpg 768w, https:\/\/medicina.udd.cl\/kinesiologia-santiago\/files\/2016\/12\/Kinesiolog\u00eda-UDD-en-ISPAH-1-1024x768.jpg 1024w, https:\/\/medicina.udd.cl\/kinesiologia-santiago\/files\/2016\/12\/Kinesiolog\u00eda-UDD-en-ISPAH-1-960x720.jpg 960w\" sizes=\"auto, (max-width: 712px) 100vw, 712px\" \/><\/figure><figure class=\"carousel-item\"><img loading=\"lazy\" decoding=\"async\" width=\"712\" height=\"534\" src=\"https:\/\/medicina.udd.cl\/kinesiologia-santiago\/files\/2016\/12\/Kinesiolog\u00eda-UDD-en-ISPAH-2.jpg\" class=\"attachment-landscape_952 size-landscape_952\" alt=\"\" srcset=\"https:\/\/medicina.udd.cl\/kinesiologia-santiago\/files\/2016\/12\/Kinesiolog\u00eda-UDD-en-ISPAH-2.jpg 3264w, https:\/\/medicina.udd.cl\/kinesiologia-santiago\/files\/2016\/12\/Kinesiolog\u00eda-UDD-en-ISPAH-2-300x225.jpg 300w, https:\/\/medicina.udd.cl\/kinesiologia-santiago\/files\/2016\/12\/Kinesiolog\u00eda-UDD-en-ISPAH-2-768x576.jpg 768w, https:\/\/medicina.udd.cl\/kinesiologia-santiago\/files\/2016\/12\/Kinesiolog\u00eda-UDD-en-ISPAH-2-1024x768.jpg 1024w, https:\/\/medicina.udd.cl\/kinesiologia-santiago\/files\/2016\/12\/Kinesiolog\u00eda-UDD-en-ISPAH-2-960x720.jpg 960w\" sizes=\"auto, (max-width: 712px) 100vw, 712px\" \/><\/figure><figure class=\"carousel-item\"><img loading=\"lazy\" decoding=\"async\" width=\"712\" height=\"534\" src=\"https:\/\/medicina.udd.cl\/kinesiologia-santiago\/files\/2016\/12\/Kinesiolog\u00eda-UDD-en-ISPAH-4.jpg\" class=\"attachment-landscape_952 size-landscape_952\" alt=\"\" srcset=\"https:\/\/medicina.udd.cl\/kinesiologia-santiago\/files\/2016\/12\/Kinesiolog\u00eda-UDD-en-ISPAH-4.jpg 3264w, https:\/\/medicina.udd.cl\/kinesiologia-santiago\/files\/2016\/12\/Kinesiolog\u00eda-UDD-en-ISPAH-4-300x225.jpg 300w, https:\/\/medicina.udd.cl\/kinesiologia-santiago\/files\/2016\/12\/Kinesiolog\u00eda-UDD-en-ISPAH-4-768x576.jpg 768w, https:\/\/medicina.udd.cl\/kinesiologia-santiago\/files\/2016\/12\/Kinesiolog\u00eda-UDD-en-ISPAH-4-1024x768.jpg 1024w, https:\/\/medicina.udd.cl\/kinesiologia-santiago\/files\/2016\/12\/Kinesiolog\u00eda-UDD-en-ISPAH-4-960x720.jpg 960w\" sizes=\"auto, (max-width: 712px) 100vw, 712px\" \/><\/figure><figure class=\"carousel-item\"><img loading=\"lazy\" decoding=\"async\" width=\"711\" height=\"534\" src=\"https:\/\/medicina.udd.cl\/kinesiologia-santiago\/files\/2016\/12\/Kinesiolog\u00eda-UDD-en-ISPAH-3.jpg\" class=\"attachment-landscape_952 size-landscape_952\" alt=\"\" srcset=\"https:\/\/medicina.udd.cl\/kinesiologia-santiago\/files\/2016\/12\/Kinesiolog\u00eda-UDD-en-ISPAH-3.jpg 1202w, https:\/\/medicina.udd.cl\/kinesiologia-santiago\/files\/2016\/12\/Kinesiolog\u00eda-UDD-en-ISPAH-3-300x225.jpg 300w, https:\/\/medicina.udd.cl\/kinesiologia-santiago\/files\/2016\/12\/Kinesiolog\u00eda-UDD-en-ISPAH-3-768x577.jpg 768w, https:\/\/medicina.udd.cl\/kinesiologia-santiago\/files\/2016\/12\/Kinesiolog\u00eda-UDD-en-ISPAH-3-1024x769.jpg 1024w, https:\/\/medicina.udd.cl\/kinesiologia-santiago\/files\/2016\/12\/Kinesiolog\u00eda-UDD-en-ISPAH-3-960x721.jpg 960w\" sizes=\"auto, (max-width: 711px) 100vw, 711px\" \/><\/figure><figure class=\"carousel-item\"><img loading=\"lazy\" decoding=\"async\" width=\"712\" height=\"534\" src=\"https:\/\/medicina.udd.cl\/kinesiologia-santiago\/files\/2016\/12\/Kinesiolog\u00eda-UDD-en-ISPAH-5.jpg\" class=\"attachment-landscape_952 size-landscape_952\" alt=\"\" srcset=\"https:\/\/medicina.udd.cl\/kinesiologia-santiago\/files\/2016\/12\/Kinesiolog\u00eda-UDD-en-ISPAH-5.jpg 3264w, https:\/\/medicina.udd.cl\/kinesiologia-santiago\/files\/2016\/12\/Kinesiolog\u00eda-UDD-en-ISPAH-5-300x225.jpg 300w, https:\/\/medicina.udd.cl\/kinesiologia-santiago\/files\/2016\/12\/Kinesiolog\u00eda-UDD-en-ISPAH-5-768x576.jpg 768w, https:\/\/medicina.udd.cl\/kinesiologia-santiago\/files\/2016\/12\/Kinesiolog\u00eda-UDD-en-ISPAH-5-1024x768.jpg 1024w, https:\/\/medicina.udd.cl\/kinesiologia-santiago\/files\/2016\/12\/Kinesiolog\u00eda-UDD-en-ISPAH-5-960x720.jpg 960w\" sizes=\"auto, (max-width: 712px) 100vw, 712px\" \/><\/figure><figure class=\"carousel-item\"><img loading=\"lazy\" decoding=\"async\" width=\"712\" height=\"534\" src=\"https:\/\/medicina.udd.cl\/kinesiologia-santiago\/files\/2016\/12\/Kinesiolog\u00eda-UDD-en-ISPAH-6.jpg\" class=\"attachment-landscape_952 size-landscape_952\" alt=\"\" srcset=\"https:\/\/medicina.udd.cl\/kinesiologia-santiago\/files\/2016\/12\/Kinesiolog\u00eda-UDD-en-ISPAH-6.jpg 3264w, https:\/\/medicina.udd.cl\/kinesiologia-santiago\/files\/2016\/12\/Kinesiolog\u00eda-UDD-en-ISPAH-6-300x225.jpg 300w, https:\/\/medicina.udd.cl\/kinesiologia-santiago\/files\/2016\/12\/Kinesiolog\u00eda-UDD-en-ISPAH-6-768x576.jpg 768w, https:\/\/medicina.udd.cl\/kinesiologia-santiago\/files\/2016\/12\/Kinesiolog\u00eda-UDD-en-ISPAH-6-1024x768.jpg 1024w, https:\/\/medicina.udd.cl\/kinesiologia-santiago\/files\/2016\/12\/Kinesiolog\u00eda-UDD-en-ISPAH-6-960x720.jpg 960w\" sizes=\"auto, (max-width: 712px) 100vw, 712px\" \/><\/figure><figure class=\"carousel-item\"><img loading=\"lazy\" decoding=\"async\" width=\"712\" height=\"534\" src=\"https:\/\/medicina.udd.cl\/kinesiologia-santiago\/files\/2016\/12\/Kinesiolog\u00eda-UDD-en-ISPAH-7.jpg\" class=\"attachment-landscape_952 size-landscape_952\" alt=\"\" srcset=\"https:\/\/medicina.udd.cl\/kinesiologia-santiago\/files\/2016\/12\/Kinesiolog\u00eda-UDD-en-ISPAH-7.jpg 3264w, https:\/\/medicina.udd.cl\/kinesiologia-santiago\/files\/2016\/12\/Kinesiolog\u00eda-UDD-en-ISPAH-7-300x225.jpg 300w, https:\/\/medicina.udd.cl\/kinesiologia-santiago\/files\/2016\/12\/Kinesiolog\u00eda-UDD-en-ISPAH-7-768x576.jpg 768w, https:\/\/medicina.udd.cl\/kinesiologia-santiago\/files\/2016\/12\/Kinesiolog\u00eda-UDD-en-ISPAH-7-1024x768.jpg 1024w, https:\/\/medicina.udd.cl\/kinesiologia-santiago\/files\/2016\/12\/Kinesiolog\u00eda-UDD-en-ISPAH-7-960x720.jpg 960w\" sizes=\"auto, (max-width: 712px) 100vw, 712px\" \/><\/figure><\/div><footer class=\"carousel-footer\"><div class=\"carousel-counter\"><span class=\"carousel-counter-current\"><\/span> \/ <span class=\"carousel-counter-total\"><\/span><\/div><a class=\"carousel-control-prev\" href=\"#gallery-1\" role=\"button\" data-slide=\"prev\"><svg aria-hidden=\"true\" class=\"svg-chevron-left-dims\"><use xlink:href='https:\/\/medicina.udd.cl\/kinesiologia-santiago\/wp-content\/themes\/facultades-2018\/assets\/img\/svg\/dist\/main.svg?version=1695853099#chevron-left'><\/use><\/svg><span class=\"sr-only\">Anterior<\/span><\/a><a class=\"carousel-control-next\" href=\"#gallery-1\" role=\"button\" data-slide=\"next\"><svg aria-hidden=\"true\" class=\"svg-chevron-right-dims\"><use xlink:href='https:\/\/medicina.udd.cl\/kinesiologia-santiago\/wp-content\/themes\/facultades-2018\/assets\/img\/svg\/dist\/main.svg?version=1695853099#chevron-right'><\/use><\/svg><span class=\"sr-only\">Siguiente<\/span><\/a><\/footer><\/div>\n<p style=\"text-align: justify\"><strong>Jaime Leppe y Sonia Roa<\/strong>, acad\u00e9micos de la carrera de Kinesiolog\u00eda de la Universidad del Desarrollo, participaron en el sexto Congreso Internacional de Actividad F\u00edsica y Salud P\u00fablica, impartido por la <em>International Society for Physical Activity and Health<\/em> (ISPAH) en Bangkok, Tailandia.<\/p>\n<p style=\"text-align: justify\">En su rol de investigador de contacto para el Observatorio Global de Actividad F\u00edsica (GoPA), el director del <a href=\"http:\/\/medicina.udd.cl\/postgrado\/magister-en-terapia-fisica-y-rehabilitacion\/\" target=\"_blank\">Mag\u00edster en Terapia F\u00edsica y Rehabilitaci\u00f3n UDD<\/a> actualiz\u00f3 la informaci\u00f3n para mostrar c\u00f3mo est\u00e1 la actividad f\u00edsica en Chile y contrastar los datos con los de otros pa\u00edses, entregando las herramientas para promover decisiones en Pol\u00edticas de Salud. Dentro de este contexto, particip\u00f3 en la emisi\u00f3n de la nueva \u201cDeclaraci\u00f3n de actividad f\u00edsica por la Salud Global y el Desarrollo Sustentable\u201d.<\/p>\n<p style=\"text-align: justify\">Durante su estad\u00eda, Leppe se reuni\u00f3 con los representantes de m\u00e1s de 50 pa\u00edses, siendo electo l\u00edder del grupo latinoamericano del <em>Council Environmental Physical Activity<\/em> (CEPA), por lo que debi\u00f3 asumir la coordinaci\u00f3n de los grupos investigadores.<\/p>\n<p style=\"text-align: justify\">Del mismo modo, present\u00f3 el proyecto interfacultad \u201cActividad f\u00edsica en tiempo libre, uso de plazas y parques, y percepci\u00f3n de barrios en Santiago de Chile\u201d -de Medicina y Arquitectura UDD- que describe c\u00f3mo influye el medioambiente en el ejercicio, estableciendo las barreras y los facilitadores para llevarlo a cabo. Adem\u00e1s, fue co-investigador del trabajo \u201cAsociaci\u00f3n entre la actividad f\u00edsica de tiempo libre y la diabetes Mellitus, seg\u00fan la encuesta nacional de salud 2009-2010\u201d.<\/p>\n<p style=\"text-align: justify\">Por su parte, Sonia Roa, l\u00edder del equipo de Kinesiolog\u00eda en Salud de la Mujer de la carrera, expuso \u201cFlujograma de prescripci\u00f3n de actividad f\u00edsica en embarazadas: una gu\u00eda para el cuidado de atenci\u00f3n primaria de profesionales en Chile\u201d; propuesta que indica la dosis apropiada de ejercicio y resume las indicaciones y resguardos presentes en las gu\u00edas cl\u00ednicas, considerando el estado f\u00edsico previo a la gravidez.<\/p>\n<p style=\"text-align: justify\">\u201cEl valor agregado de este flujograma es que considera la salud m\u00fasculo-esquel\u00e9tica. Cuando hablamos de ejercicio, asumimos que la mujer est\u00e1 en una condici\u00f3n sana, pero en nuestros resultados del Fonis detectamos que el 90% sufre de alg\u00fan dolor m\u00fasculo-esquel\u00e9tico en la zona lumbar o p\u00e9lvica y que, si bien requieren tratamiento kin\u00e9sico para su disfunci\u00f3n, tambi\u00e9n necesitan hacer actividad f\u00edsica, idealmente supervisadas por el kinesi\u00f3logo para que resguarde la salud y trate dicha\u00a0disfunci\u00f3n\u201d, concluy\u00f3 la coordinadora de Postgrado de Kinesiolog\u00eda UDD.<\/p>\n","protected":false},"excerpt":{"rendered":"<p>Representantes de diversos pa\u00edses se reunieron en el Sudeste asi\u00e1tico para discutir pol\u00edticas globales de Salud en materia de actividad f\u00edsica.<\/p>\n","protected":false},"author":9192192,"featured_media":3383,"comment_status":"open","ping_status":"open","sticky":false,"template":"","format":"standard","meta":{"footnotes":""},"categories":[4],"tags":[],"class_list":["post-3377","post","type-post","status-publish","format-standard","has-post-thumbnail","hentry","category-noticias"],"yoast_head":"<!-- This site is optimized with the Yoast SEO plugin v26.9 - https:\/\/yoast.com\/product\/yoast-seo-wordpress\/ -->\n<title>Docentes de Kinesiolog\u00eda UDD expusieron en Congreso Internacional en Bangkok - Kinesiolog\u00eda<\/title>\n<meta name=\"robots\" content=\"index, follow, max-snippet:-1, max-image-preview:large, max-video-preview:-1\" \/>\n<link rel=\"canonical\" href=\"https:\/\/medicina.udd.cl\/kinesiologia-santiago\/noticias\/2016\/12\/16\/docentes-de-kinesiologia-udd-expusieron-en-congreso-internacional-en-bangkok\/\" \/>\n<meta property=\"og:locale\" content=\"es_ES\" \/>\n<meta property=\"og:type\" content=\"article\" \/>\n<meta property=\"og:title\" content=\"Docentes de Kinesiolog\u00eda UDD expusieron en Congreso Internacional en Bangkok - Kinesiolog\u00eda\" \/>\n<meta property=\"og:description\" content=\"Representantes de diversos pa\u00edses se reunieron en el Sudeste asi\u00e1tico para discutir pol\u00edticas globales de Salud en materia de actividad f\u00edsica.\" \/>\n<meta property=\"og:url\" content=\"https:\/\/medicina.udd.cl\/kinesiologia-santiago\/noticias\/2016\/12\/16\/docentes-de-kinesiologia-udd-expusieron-en-congreso-internacional-en-bangkok\/\" \/>\n<meta property=\"og:site_name\" content=\"Kinesiolog\u00eda\" \/>\n<meta property=\"article:published_time\" content=\"2016-12-16T12:42:50+00:00\" \/>\n<meta property=\"article:modified_time\" content=\"2016-12-16T12:57:17+00:00\" \/>\n<meta property=\"og:image\" content=\"https:\/\/medicina.udd.cl\/kinesiologia-santiago\/files\/2016\/12\/Kinesiolog\u00eda-UDD-en-ISPAH-4.jpg\" \/>\n\t<meta property=\"og:image:width\" content=\"3264\" \/>\n\t<meta property=\"og:image:height\" content=\"2448\" \/>\n\t<meta property=\"og:image:type\" content=\"image\/jpeg\" \/>\n<meta name=\"author\" content=\"paulinamunoz\" \/>\n<meta name=\"twitter:label1\" content=\"Escrito por\" \/>\n\t<meta name=\"twitter:data1\" content=\"paulinamunoz\" \/>\n\t<meta name=\"twitter:label2\" content=\"Tiempo de lectura\" \/>\n\t<meta name=\"twitter:data2\" content=\"2 minutos\" \/>\n<script type=\"application\/ld+json\" class=\"yoast-schema-graph\">{\"@context\":\"https:\/\/schema.org\",\"@graph\":[{\"@type\":\"Article\",\"@id\":\"https:\/\/medicina.udd.cl\/kinesiologia-santiago\/noticias\/2016\/12\/16\/docentes-de-kinesiologia-udd-expusieron-en-congreso-internacional-en-bangkok\/#article\",\"isPartOf\":{\"@id\":\"https:\/\/medicina.udd.cl\/kinesiologia-santiago\/noticias\/2016\/12\/16\/docentes-de-kinesiologia-udd-expusieron-en-congreso-internacional-en-bangkok\/\"},\"author\":{\"name\":\"paulinamunoz\",\"@id\":\"https:\/\/medicina.udd.cl\/kinesiologia-santiago\/#\/schema\/person\/8bbd66125b574a40ec467c180c11f2e3\"},\"headline\":\"Docentes de Kinesiolog\u00eda UDD expusieron en Congreso Internacional en Bangkok\",\"datePublished\":\"2016-12-16T12:42:50+00:00\",\"dateModified\":\"2016-12-16T12:57:17+00:00\",\"mainEntityOfPage\":{\"@id\":\"https:\/\/medicina.udd.cl\/kinesiologia-santiago\/noticias\/2016\/12\/16\/docentes-de-kinesiologia-udd-expusieron-en-congreso-internacional-en-bangkok\/\"},\"wordCount\":442,\"commentCount\":0,\"image\":{\"@id\":\"https:\/\/medicina.udd.cl\/kinesiologia-santiago\/noticias\/2016\/12\/16\/docentes-de-kinesiologia-udd-expusieron-en-congreso-internacional-en-bangkok\/#primaryimage\"},\"thumbnailUrl\":\"https:\/\/medicina.udd.cl\/kinesiologia-santiago\/files\/2016\/12\/Kinesiolog\u00eda-UDD-en-ISPAH-4.jpg\",\"articleSection\":[\"Noticias\"],\"inLanguage\":\"es\",\"potentialAction\":[{\"@type\":\"CommentAction\",\"name\":\"Comment\",\"target\":[\"https:\/\/medicina.udd.cl\/kinesiologia-santiago\/noticias\/2016\/12\/16\/docentes-de-kinesiologia-udd-expusieron-en-congreso-internacional-en-bangkok\/#respond\"]}]},{\"@type\":\"WebPage\",\"@id\":\"https:\/\/medicina.udd.cl\/kinesiologia-santiago\/noticias\/2016\/12\/16\/docentes-de-kinesiologia-udd-expusieron-en-congreso-internacional-en-bangkok\/\",\"url\":\"https:\/\/medicina.udd.cl\/kinesiologia-santiago\/noticias\/2016\/12\/16\/docentes-de-kinesiologia-udd-expusieron-en-congreso-internacional-en-bangkok\/\",\"name\":\"Docentes de Kinesiolog\u00eda UDD expusieron en Congreso Internacional en Bangkok - Kinesiolog\u00eda\",\"isPartOf\":{\"@id\":\"https:\/\/medicina.udd.cl\/kinesiologia-santiago\/#website\"},\"primaryImageOfPage\":{\"@id\":\"https:\/\/medicina.udd.cl\/kinesiologia-santiago\/noticias\/2016\/12\/16\/docentes-de-kinesiologia-udd-expusieron-en-congreso-internacional-en-bangkok\/#primaryimage\"},\"image\":{\"@id\":\"https:\/\/medicina.udd.cl\/kinesiologia-santiago\/noticias\/2016\/12\/16\/docentes-de-kinesiologia-udd-expusieron-en-congreso-internacional-en-bangkok\/#primaryimage\"},\"thumbnailUrl\":\"https:\/\/medicina.udd.cl\/kinesiologia-santiago\/files\/2016\/12\/Kinesiolog\u00eda-UDD-en-ISPAH-4.jpg\",\"datePublished\":\"2016-12-16T12:42:50+00:00\",\"dateModified\":\"2016-12-16T12:57:17+00:00\",\"author\":{\"@id\":\"https:\/\/medicina.udd.cl\/kinesiologia-santiago\/#\/schema\/person\/8bbd66125b574a40ec467c180c11f2e3\"},\"breadcrumb\":{\"@id\":\"https:\/\/medicina.udd.cl\/kinesiologia-santiago\/noticias\/2016\/12\/16\/docentes-de-kinesiologia-udd-expusieron-en-congreso-internacional-en-bangkok\/#breadcrumb\"},\"inLanguage\":\"es\",\"potentialAction\":[{\"@type\":\"ReadAction\",\"target\":[\"https:\/\/medicina.udd.cl\/kinesiologia-santiago\/noticias\/2016\/12\/16\/docentes-de-kinesiologia-udd-expusieron-en-congreso-internacional-en-bangkok\/\"]}]},{\"@type\":\"ImageObject\",\"inLanguage\":\"es\",\"@id\":\"https:\/\/medicina.udd.cl\/kinesiologia-santiago\/noticias\/2016\/12\/16\/docentes-de-kinesiologia-udd-expusieron-en-congreso-internacional-en-bangkok\/#primaryimage\",\"url\":\"https:\/\/medicina.udd.cl\/kinesiologia-santiago\/files\/2016\/12\/Kinesiolog\u00eda-UDD-en-ISPAH-4.jpg\",\"contentUrl\":\"https:\/\/medicina.udd.cl\/kinesiologia-santiago\/files\/2016\/12\/Kinesiolog\u00eda-UDD-en-ISPAH-4.jpg\",\"width\":3264,\"height\":2448},{\"@type\":\"BreadcrumbList\",\"@id\":\"https:\/\/medicina.udd.cl\/kinesiologia-santiago\/noticias\/2016\/12\/16\/docentes-de-kinesiologia-udd-expusieron-en-congreso-internacional-en-bangkok\/#breadcrumb\",\"itemListElement\":[{\"@type\":\"ListItem\",\"position\":1,\"name\":\"Home\",\"item\":\"https:\/\/medicina.udd.cl\/kinesiologia-santiago\/\"},{\"@type\":\"ListItem\",\"position\":2,\"name\":\"Docentes de Kinesiolog\u00eda UDD expusieron en Congreso Internacional en Bangkok\"}]},{\"@type\":\"WebSite\",\"@id\":\"https:\/\/medicina.udd.cl\/kinesiologia-santiago\/#website\",\"url\":\"https:\/\/medicina.udd.cl\/kinesiologia-santiago\/\",\"name\":\"Kinesiolog\u00eda\",\"description\":\"Facultad de Medicina Cl\u00ednica Alemana Universidad del Desarrollo\",\"inLanguage\":\"es\"},{\"@type\":\"Person\",\"@id\":\"https:\/\/medicina.udd.cl\/kinesiologia-santiago\/#\/schema\/person\/8bbd66125b574a40ec467c180c11f2e3\",\"name\":\"paulinamunoz\",\"image\":{\"@type\":\"ImageObject\",\"inLanguage\":\"es\",\"@id\":\"https:\/\/medicina.udd.cl\/kinesiologia-santiago\/#\/schema\/person\/image\/\",\"url\":\"https:\/\/secure.gravatar.com\/avatar\/748ce8fb74e8f8077c4966697a3b3710ca0019e71a62146890c0dcdc705e7f3d?s=96&d=mm&r=g\",\"contentUrl\":\"https:\/\/secure.gravatar.com\/avatar\/748ce8fb74e8f8077c4966697a3b3710ca0019e71a62146890c0dcdc705e7f3d?s=96&d=mm&r=g\",\"caption\":\"paulinamunoz\"},\"url\":\"https:\/\/medicina.udd.cl\/kinesiologia-santiago\/noticias\/author\/paulinamunoz\/\"}]}<\/script>\n<!-- \/ Yoast SEO plugin. -->","yoast_head_json":{"title":"Docentes de Kinesiolog\u00eda UDD expusieron en Congreso Internacional en Bangkok - Kinesiolog\u00eda","robots":{"index":"index","follow":"follow","max-snippet":"max-snippet:-1","max-image-preview":"max-image-preview:large","max-video-preview":"max-video-preview:-1"},"canonical":"https:\/\/medicina.udd.cl\/kinesiologia-santiago\/noticias\/2016\/12\/16\/docentes-de-kinesiologia-udd-expusieron-en-congreso-internacional-en-bangkok\/","og_locale":"es_ES","og_type":"article","og_title":"Docentes de Kinesiolog\u00eda UDD expusieron en Congreso Internacional en Bangkok - Kinesiolog\u00eda","og_description":"Representantes de diversos pa\u00edses se reunieron en el Sudeste asi\u00e1tico para discutir pol\u00edticas globales de Salud en materia de actividad f\u00edsica.","og_url":"https:\/\/medicina.udd.cl\/kinesiologia-santiago\/noticias\/2016\/12\/16\/docentes-de-kinesiologia-udd-expusieron-en-congreso-internacional-en-bangkok\/","og_site_name":"Kinesiolog\u00eda","article_published_time":"2016-12-16T12:42:50+00:00","article_modified_time":"2016-12-16T12:57:17+00:00","og_image":[{"width":3264,"height":2448,"url":"https:\/\/medicina.udd.cl\/kinesiologia-santiago\/files\/2016\/12\/Kinesiolog\u00eda-UDD-en-ISPAH-4.jpg","type":"image\/jpeg"}],"author":"paulinamunoz","twitter_misc":{"Escrito por":"paulinamunoz","Tiempo de lectura":"2 minutos"},"schema":{"@context":"https:\/\/schema.org","@graph":[{"@type":"Article","@id":"https:\/\/medicina.udd.cl\/kinesiologia-santiago\/noticias\/2016\/12\/16\/docentes-de-kinesiologia-udd-expusieron-en-congreso-internacional-en-bangkok\/#article","isPartOf":{"@id":"https:\/\/medicina.udd.cl\/kinesiologia-santiago\/noticias\/2016\/12\/16\/docentes-de-kinesiologia-udd-expusieron-en-congreso-internacional-en-bangkok\/"},"author":{"name":"paulinamunoz","@id":"https:\/\/medicina.udd.cl\/kinesiologia-santiago\/#\/schema\/person\/8bbd66125b574a40ec467c180c11f2e3"},"headline":"Docentes de Kinesiolog\u00eda UDD expusieron en Congreso Internacional en Bangkok","datePublished":"2016-12-16T12:42:50+00:00","dateModified":"2016-12-16T12:57:17+00:00","mainEntityOfPage":{"@id":"https:\/\/medicina.udd.cl\/kinesiologia-santiago\/noticias\/2016\/12\/16\/docentes-de-kinesiologia-udd-expusieron-en-congreso-internacional-en-bangkok\/"},"wordCount":442,"commentCount":0,"image":{"@id":"https:\/\/medicina.udd.cl\/kinesiologia-santiago\/noticias\/2016\/12\/16\/docentes-de-kinesiologia-udd-expusieron-en-congreso-internacional-en-bangkok\/#primaryimage"},"thumbnailUrl":"https:\/\/medicina.udd.cl\/kinesiologia-santiago\/files\/2016\/12\/Kinesiolog\u00eda-UDD-en-ISPAH-4.jpg","articleSection":["Noticias"],"inLanguage":"es","potentialAction":[{"@type":"CommentAction","name":"Comment","target":["https:\/\/medicina.udd.cl\/kinesiologia-santiago\/noticias\/2016\/12\/16\/docentes-de-kinesiologia-udd-expusieron-en-congreso-internacional-en-bangkok\/#respond"]}]},{"@type":"WebPage","@id":"https:\/\/medicina.udd.cl\/kinesiologia-santiago\/noticias\/2016\/12\/16\/docentes-de-kinesiologia-udd-expusieron-en-congreso-internacional-en-bangkok\/","url":"https:\/\/medicina.udd.cl\/kinesiologia-santiago\/noticias\/2016\/12\/16\/docentes-de-kinesiologia-udd-expusieron-en-congreso-internacional-en-bangkok\/","name":"Docentes de Kinesiolog\u00eda UDD expusieron en Congreso Internacional en Bangkok - Kinesiolog\u00eda","isPartOf":{"@id":"https:\/\/medicina.udd.cl\/kinesiologia-santiago\/#website"},"primaryImageOfPage":{"@id":"https:\/\/medicina.udd.cl\/kinesiologia-santiago\/noticias\/2016\/12\/16\/docentes-de-kinesiologia-udd-expusieron-en-congreso-internacional-en-bangkok\/#primaryimage"},"image":{"@id":"https:\/\/medicina.udd.cl\/kinesiologia-santiago\/noticias\/2016\/12\/16\/docentes-de-kinesiologia-udd-expusieron-en-congreso-internacional-en-bangkok\/#primaryimage"},"thumbnailUrl":"https:\/\/medicina.udd.cl\/kinesiologia-santiago\/files\/2016\/12\/Kinesiolog\u00eda-UDD-en-ISPAH-4.jpg","datePublished":"2016-12-16T12:42:50+00:00","dateModified":"2016-12-16T12:57:17+00:00","author":{"@id":"https:\/\/medicina.udd.cl\/kinesiologia-santiago\/#\/schema\/person\/8bbd66125b574a40ec467c180c11f2e3"},"breadcrumb":{"@id":"https:\/\/medicina.udd.cl\/kinesiologia-santiago\/noticias\/2016\/12\/16\/docentes-de-kinesiologia-udd-expusieron-en-congreso-internacional-en-bangkok\/#breadcrumb"},"inLanguage":"es","potentialAction":[{"@type":"ReadAction","target":["https:\/\/medicina.udd.cl\/kinesiologia-santiago\/noticias\/2016\/12\/16\/docentes-de-kinesiologia-udd-expusieron-en-congreso-internacional-en-bangkok\/"]}]},{"@type":"ImageObject","inLanguage":"es","@id":"https:\/\/medicina.udd.cl\/kinesiologia-santiago\/noticias\/2016\/12\/16\/docentes-de-kinesiologia-udd-expusieron-en-congreso-internacional-en-bangkok\/#primaryimage","url":"https:\/\/medicina.udd.cl\/kinesiologia-santiago\/files\/2016\/12\/Kinesiolog\u00eda-UDD-en-ISPAH-4.jpg","contentUrl":"https:\/\/medicina.udd.cl\/kinesiologia-santiago\/files\/2016\/12\/Kinesiolog\u00eda-UDD-en-ISPAH-4.jpg","width":3264,"height":2448},{"@type":"BreadcrumbList","@id":"https:\/\/medicina.udd.cl\/kinesiologia-santiago\/noticias\/2016\/12\/16\/docentes-de-kinesiologia-udd-expusieron-en-congreso-internacional-en-bangkok\/#breadcrumb","itemListElement":[{"@type":"ListItem","position":1,"name":"Home","item":"https:\/\/medicina.udd.cl\/kinesiologia-santiago\/"},{"@type":"ListItem","position":2,"name":"Docentes de Kinesiolog\u00eda UDD expusieron en Congreso Internacional en Bangkok"}]},{"@type":"WebSite","@id":"https:\/\/medicina.udd.cl\/kinesiologia-santiago\/#website","url":"https:\/\/medicina.udd.cl\/kinesiologia-santiago\/","name":"Kinesiolog\u00eda","description":"Facultad de Medicina Cl\u00ednica Alemana Universidad del Desarrollo","inLanguage":"es"},{"@type":"Person","@id":"https:\/\/medicina.udd.cl\/kinesiologia-santiago\/#\/schema\/person\/8bbd66125b574a40ec467c180c11f2e3","name":"paulinamunoz","image":{"@type":"ImageObject","inLanguage":"es","@id":"https:\/\/medicina.udd.cl\/kinesiologia-santiago\/#\/schema\/person\/image\/","url":"https:\/\/secure.gravatar.com\/avatar\/748ce8fb74e8f8077c4966697a3b3710ca0019e71a62146890c0dcdc705e7f3d?s=96&d=mm&r=g","contentUrl":"https:\/\/secure.gravatar.com\/avatar\/748ce8fb74e8f8077c4966697a3b3710ca0019e71a62146890c0dcdc705e7f3d?s=96&d=mm&r=g","caption":"paulinamunoz"},"url":"https:\/\/medicina.udd.cl\/kinesiologia-santiago\/noticias\/author\/paulinamunoz\/"}]}},"featured_image_url":"https:\/\/medicina.udd.cl\/kinesiologia-santiago\/files\/2016\/12\/Kinesiolog\u00eda-UDD-en-ISPAH-4.jpg","_links":{"self":[{"href":"https:\/\/medicina.udd.cl\/kinesiologia-santiago\/wp-json\/wp\/v2\/posts\/3377","targetHints":{"allow":["GET"]}}],"collection":[{"href":"https:\/\/medicina.udd.cl\/kinesiologia-santiago\/wp-json\/wp\/v2\/posts"}],"about":[{"href":"https:\/\/medicina.udd.cl\/kinesiologia-santiago\/wp-json\/wp\/v2\/types\/post"}],"author":[{"embeddable":true,"href":"https:\/\/medicina.udd.cl\/kinesiologia-santiago\/wp-json\/wp\/v2\/users\/9192192"}],"replies":[{"embeddable":true,"href":"https:\/\/medicina.udd.cl\/kinesiologia-santiago\/wp-json\/wp\/v2\/comments?post=3377"}],"version-history":[{"count":3,"href":"https:\/\/medicina.udd.cl\/kinesiologia-santiago\/wp-json\/wp\/v2\/posts\/3377\/revisions"}],"predecessor-version":[{"id":3387,"href":"https:\/\/medicina.udd.cl\/kinesiologia-santiago\/wp-json\/wp\/v2\/posts\/3377\/revisions\/3387"}],"wp:featuredmedia":[{"embeddable":true,"href":"https:\/\/medicina.udd.cl\/kinesiologia-santiago\/wp-json\/wp\/v2\/media\/3383"}],"wp:attachment":[{"href":"https:\/\/medicina.udd.cl\/kinesiologia-santiago\/wp-json\/wp\/v2\/media?parent=3377"}],"wp:term":[{"taxonomy":"category","embeddable":true,"href":"https:\/\/medicina.udd.cl\/kinesiologia-santiago\/wp-json\/wp\/v2\/categories?post=3377"},{"taxonomy":"post_tag","embeddable":true,"href":"https:\/\/medicina.udd.cl\/kinesiologia-santiago\/wp-json\/wp\/v2\/tags?post=3377"}],"curies":[{"name":"wp","href":"https:\/\/api.w.org\/{rel}","templated":true}]}}