{"id":3415,"date":"2016-12-28T13:17:53","date_gmt":"2016-12-28T16:17:53","guid":{"rendered":"http:\/\/medicina.udd.cl\/kinesiologia-santiago\/?p=3415"},"modified":"2016-12-28T13:38:13","modified_gmt":"2016-12-28T16:38:13","slug":"docente-de-kinesiologia-udd-obtuvo-el-primer-lugar-en-congreso-chileno-de-epidemiologia-y-salud-publica","status":"publish","type":"post","link":"https:\/\/medicina.udd.cl\/kinesiologia-santiago\/noticias\/2016\/12\/28\/docente-de-kinesiologia-udd-obtuvo-el-primer-lugar-en-congreso-chileno-de-epidemiologia-y-salud-publica\/","title":{"rendered":"Docente de Kinesiolog\u00eda UDD obtuvo el primer lugar en Congreso chileno de Epidemiolog\u00eda y Salud P\u00fablica"},"content":{"rendered":"<p style=\"text-align: justify\"><img loading=\"lazy\" decoding=\"async\" class=\" wp-image-3416 aligncenter\" src=\"http:\/\/medicina.udd.cl\/kinesiologia-santiago\/files\/2016\/12\/Jaime-Leppe-1-300x200.jpg\" alt=\"Jaime Leppe (1)\" width=\"419\" height=\"279\" srcset=\"https:\/\/medicina.udd.cl\/kinesiologia-santiago\/files\/2016\/12\/Jaime-Leppe-1-300x200.jpg 300w, https:\/\/medicina.udd.cl\/kinesiologia-santiago\/files\/2016\/12\/Jaime-Leppe-1-768x512.jpg 768w, https:\/\/medicina.udd.cl\/kinesiologia-santiago\/files\/2016\/12\/Jaime-Leppe-1.jpg 1024w, https:\/\/medicina.udd.cl\/kinesiologia-santiago\/files\/2016\/12\/Jaime-Leppe-1-960x640.jpg 960w\" sizes=\"auto, (max-width: 419px) 100vw, 419px\" \/>Jaime Leppe, coordinador de Investigaci\u00f3n de la carrera de Kinesiolog\u00eda de la Universidad del Desarrollo, asisti\u00f3 al IV Congreso Chileno de Salud P\u00fablica y VI Congreso Chileno de Epidemiolog\u00eda <strong>\u201c<\/strong><strong>Salud en Todas: Enfrentando un modelo en crisis<\/strong><strong>\u201d<\/strong>, que se realiz\u00f3 en Coquimbo a comienzos de diciembre.<\/p>\n<p style=\"text-align: justify\">En el encuentro, que fue inaugurado por la Ministra de Salud, Carmen Castillo, el director del <a href=\"http:\/\/medicina.udd.cl\/postgrado\/magister-en-terapia-fisica-y-rehabilitacion\/\" target=\"_blank\">Mag\u00edster en Terapia F\u00edsica y Rehabilitaci\u00f3n<\/a> present\u00f3 \u00abVigilancia epidemiol\u00f3gica de la actividad f\u00edsica en Chile\u00bb, obteniendo el primer lugar de los trabajos cient\u00edficos en formato oral entre los 120 res\u00famenes expuestos durante las dos jornadas.<\/p>\n<p style=\"text-align: justify\">En su presentaci\u00f3n, Leppe hizo un an\u00e1lisis sobre los instrumentos que se est\u00e1n utilizando en el pa\u00eds para realizar vigilancia epidemiol\u00f3gica -como la Encuesta Nacional de Salud, la de Calidad de Vida y la de elaboraci\u00f3n propia del Ministerio del Deporte- con el objetivo de mostrar sus errores y fortalezas, y d\u00f3nde apuntar como investigadores para generar informaci\u00f3n, con rigor metodol\u00f3gico, que sea \u00fatil para la comunidad cient\u00edfica mundial.<\/p>\n<p style=\"text-align: justify\"><img loading=\"lazy\" decoding=\"async\" class=\" wp-image-3417 alignleft\" src=\"http:\/\/medicina.udd.cl\/kinesiologia-santiago\/files\/2016\/12\/Jaime-Leppe-2-300x200.jpg\" alt=\"Jaime Leppe (2)\" width=\"266\" height=\"177\" srcset=\"https:\/\/medicina.udd.cl\/kinesiologia-santiago\/files\/2016\/12\/Jaime-Leppe-2-300x200.jpg 300w, https:\/\/medicina.udd.cl\/kinesiologia-santiago\/files\/2016\/12\/Jaime-Leppe-2-768x512.jpg 768w, https:\/\/medicina.udd.cl\/kinesiologia-santiago\/files\/2016\/12\/Jaime-Leppe-2.jpg 1024w, https:\/\/medicina.udd.cl\/kinesiologia-santiago\/files\/2016\/12\/Jaime-Leppe-2-960x640.jpg 960w\" sizes=\"auto, (max-width: 266px) 100vw, 266px\" \/>Otros investigadores UDD que expusieron en la actividad fueron: B\u00e1ltica Cabieses y Ana Mar\u00eda McIntyre del Programa de Estudios Sociales en Salud; Ximena Aguilera, Manuel N\u00e1jera, Iris Delgado, Claudia Gonz\u00e1lez, M. Isabel Matute y Andrea Olea del Centro de Epidemiolog\u00eda y Pol\u00edticas de Salud (CEPS).<\/p>\n","protected":false},"excerpt":{"rendered":"<p>Con el tema \u00abVigilancia epidemiol\u00f3gica de la actividad f\u00edsica en Chile\u00bb, Jaime Leppe obtuvo el primer lugar de los trabajos cient\u00edficos en formato oral.<\/p>\n","protected":false},"author":9192192,"featured_media":3416,"comment_status":"open","ping_status":"open","sticky":false,"template":"","format":"standard","meta":{"footnotes":""},"categories":[4],"tags":[],"class_list":["post-3415","post","type-post","status-publish","format-standard","has-post-thumbnail","hentry","category-noticias"],"yoast_head":"<!-- This site is optimized with the Yoast SEO plugin v26.9 - https:\/\/yoast.com\/product\/yoast-seo-wordpress\/ -->\n<title>Docente de Kinesiolog\u00eda UDD obtuvo el primer lugar en Congreso chileno de Epidemiolog\u00eda y Salud P\u00fablica - Kinesiolog\u00eda<\/title>\n<meta name=\"robots\" content=\"index, follow, max-snippet:-1, max-image-preview:large, max-video-preview:-1\" \/>\n<link rel=\"canonical\" href=\"https:\/\/medicina.udd.cl\/kinesiologia-santiago\/noticias\/2016\/12\/28\/docente-de-kinesiologia-udd-obtuvo-el-primer-lugar-en-congreso-chileno-de-epidemiologia-y-salud-publica\/\" \/>\n<meta property=\"og:locale\" content=\"es_ES\" \/>\n<meta property=\"og:type\" content=\"article\" \/>\n<meta property=\"og:title\" content=\"Docente de Kinesiolog\u00eda UDD obtuvo el primer lugar en Congreso chileno de Epidemiolog\u00eda y Salud P\u00fablica - Kinesiolog\u00eda\" \/>\n<meta property=\"og:description\" content=\"Con el tema &quot;Vigilancia epidemiol\u00f3gica de la actividad f\u00edsica en Chile&quot;, Jaime Leppe obtuvo el primer lugar de los trabajos cient\u00edficos en formato oral.\" \/>\n<meta property=\"og:url\" content=\"https:\/\/medicina.udd.cl\/kinesiologia-santiago\/noticias\/2016\/12\/28\/docente-de-kinesiologia-udd-obtuvo-el-primer-lugar-en-congreso-chileno-de-epidemiologia-y-salud-publica\/\" \/>\n<meta property=\"og:site_name\" content=\"Kinesiolog\u00eda\" \/>\n<meta property=\"article:published_time\" content=\"2016-12-28T16:17:53+00:00\" \/>\n<meta property=\"article:modified_time\" content=\"2016-12-28T16:38:13+00:00\" \/>\n<meta property=\"og:image\" content=\"https:\/\/medicina.udd.cl\/kinesiologia-santiago\/files\/2016\/12\/Jaime-Leppe-1.jpg\" \/>\n\t<meta property=\"og:image:width\" content=\"1024\" \/>\n\t<meta property=\"og:image:height\" content=\"683\" \/>\n\t<meta property=\"og:image:type\" content=\"image\/jpeg\" \/>\n<meta name=\"author\" content=\"paulinamunoz\" \/>\n<meta name=\"twitter:label1\" content=\"Escrito por\" \/>\n\t<meta name=\"twitter:data1\" content=\"paulinamunoz\" \/>\n\t<meta name=\"twitter:label2\" content=\"Tiempo de lectura\" \/>\n\t<meta name=\"twitter:data2\" content=\"1 minuto\" \/>\n<script type=\"application\/ld+json\" class=\"yoast-schema-graph\">{\"@context\":\"https:\/\/schema.org\",\"@graph\":[{\"@type\":\"Article\",\"@id\":\"https:\/\/medicina.udd.cl\/kinesiologia-santiago\/noticias\/2016\/12\/28\/docente-de-kinesiologia-udd-obtuvo-el-primer-lugar-en-congreso-chileno-de-epidemiologia-y-salud-publica\/#article\",\"isPartOf\":{\"@id\":\"https:\/\/medicina.udd.cl\/kinesiologia-santiago\/noticias\/2016\/12\/28\/docente-de-kinesiologia-udd-obtuvo-el-primer-lugar-en-congreso-chileno-de-epidemiologia-y-salud-publica\/\"},\"author\":{\"name\":\"paulinamunoz\",\"@id\":\"https:\/\/medicina.udd.cl\/kinesiologia-santiago\/#\/schema\/person\/8bbd66125b574a40ec467c180c11f2e3\"},\"headline\":\"Docente de Kinesiolog\u00eda UDD obtuvo el primer lugar en Congreso chileno de Epidemiolog\u00eda y Salud P\u00fablica\",\"datePublished\":\"2016-12-28T16:17:53+00:00\",\"dateModified\":\"2016-12-28T16:38:13+00:00\",\"mainEntityOfPage\":{\"@id\":\"https:\/\/medicina.udd.cl\/kinesiologia-santiago\/noticias\/2016\/12\/28\/docente-de-kinesiologia-udd-obtuvo-el-primer-lugar-en-congreso-chileno-de-epidemiologia-y-salud-publica\/\"},\"wordCount\":256,\"commentCount\":0,\"image\":{\"@id\":\"https:\/\/medicina.udd.cl\/kinesiologia-santiago\/noticias\/2016\/12\/28\/docente-de-kinesiologia-udd-obtuvo-el-primer-lugar-en-congreso-chileno-de-epidemiologia-y-salud-publica\/#primaryimage\"},\"thumbnailUrl\":\"https:\/\/medicina.udd.cl\/kinesiologia-santiago\/files\/2016\/12\/Jaime-Leppe-1.jpg\",\"articleSection\":[\"Noticias\"],\"inLanguage\":\"es\",\"potentialAction\":[{\"@type\":\"CommentAction\",\"name\":\"Comment\",\"target\":[\"https:\/\/medicina.udd.cl\/kinesiologia-santiago\/noticias\/2016\/12\/28\/docente-de-kinesiologia-udd-obtuvo-el-primer-lugar-en-congreso-chileno-de-epidemiologia-y-salud-publica\/#respond\"]}]},{\"@type\":\"WebPage\",\"@id\":\"https:\/\/medicina.udd.cl\/kinesiologia-santiago\/noticias\/2016\/12\/28\/docente-de-kinesiologia-udd-obtuvo-el-primer-lugar-en-congreso-chileno-de-epidemiologia-y-salud-publica\/\",\"url\":\"https:\/\/medicina.udd.cl\/kinesiologia-santiago\/noticias\/2016\/12\/28\/docente-de-kinesiologia-udd-obtuvo-el-primer-lugar-en-congreso-chileno-de-epidemiologia-y-salud-publica\/\",\"name\":\"Docente de Kinesiolog\u00eda UDD obtuvo el primer lugar en Congreso chileno de Epidemiolog\u00eda y Salud P\u00fablica - Kinesiolog\u00eda\",\"isPartOf\":{\"@id\":\"https:\/\/medicina.udd.cl\/kinesiologia-santiago\/#website\"},\"primaryImageOfPage\":{\"@id\":\"https:\/\/medicina.udd.cl\/kinesiologia-santiago\/noticias\/2016\/12\/28\/docente-de-kinesiologia-udd-obtuvo-el-primer-lugar-en-congreso-chileno-de-epidemiologia-y-salud-publica\/#primaryimage\"},\"image\":{\"@id\":\"https:\/\/medicina.udd.cl\/kinesiologia-santiago\/noticias\/2016\/12\/28\/docente-de-kinesiologia-udd-obtuvo-el-primer-lugar-en-congreso-chileno-de-epidemiologia-y-salud-publica\/#primaryimage\"},\"thumbnailUrl\":\"https:\/\/medicina.udd.cl\/kinesiologia-santiago\/files\/2016\/12\/Jaime-Leppe-1.jpg\",\"datePublished\":\"2016-12-28T16:17:53+00:00\",\"dateModified\":\"2016-12-28T16:38:13+00:00\",\"author\":{\"@id\":\"https:\/\/medicina.udd.cl\/kinesiologia-santiago\/#\/schema\/person\/8bbd66125b574a40ec467c180c11f2e3\"},\"breadcrumb\":{\"@id\":\"https:\/\/medicina.udd.cl\/kinesiologia-santiago\/noticias\/2016\/12\/28\/docente-de-kinesiologia-udd-obtuvo-el-primer-lugar-en-congreso-chileno-de-epidemiologia-y-salud-publica\/#breadcrumb\"},\"inLanguage\":\"es\",\"potentialAction\":[{\"@type\":\"ReadAction\",\"target\":[\"https:\/\/medicina.udd.cl\/kinesiologia-santiago\/noticias\/2016\/12\/28\/docente-de-kinesiologia-udd-obtuvo-el-primer-lugar-en-congreso-chileno-de-epidemiologia-y-salud-publica\/\"]}]},{\"@type\":\"ImageObject\",\"inLanguage\":\"es\",\"@id\":\"https:\/\/medicina.udd.cl\/kinesiologia-santiago\/noticias\/2016\/12\/28\/docente-de-kinesiologia-udd-obtuvo-el-primer-lugar-en-congreso-chileno-de-epidemiologia-y-salud-publica\/#primaryimage\",\"url\":\"https:\/\/medicina.udd.cl\/kinesiologia-santiago\/files\/2016\/12\/Jaime-Leppe-1.jpg\",\"contentUrl\":\"https:\/\/medicina.udd.cl\/kinesiologia-santiago\/files\/2016\/12\/Jaime-Leppe-1.jpg\",\"width\":1024,\"height\":683},{\"@type\":\"BreadcrumbList\",\"@id\":\"https:\/\/medicina.udd.cl\/kinesiologia-santiago\/noticias\/2016\/12\/28\/docente-de-kinesiologia-udd-obtuvo-el-primer-lugar-en-congreso-chileno-de-epidemiologia-y-salud-publica\/#breadcrumb\",\"itemListElement\":[{\"@type\":\"ListItem\",\"position\":1,\"name\":\"Home\",\"item\":\"https:\/\/medicina.udd.cl\/kinesiologia-santiago\/\"},{\"@type\":\"ListItem\",\"position\":2,\"name\":\"Docente de Kinesiolog\u00eda UDD obtuvo el primer lugar en Congreso chileno de Epidemiolog\u00eda y Salud P\u00fablica\"}]},{\"@type\":\"WebSite\",\"@id\":\"https:\/\/medicina.udd.cl\/kinesiologia-santiago\/#website\",\"url\":\"https:\/\/medicina.udd.cl\/kinesiologia-santiago\/\",\"name\":\"Kinesiolog\u00eda\",\"description\":\"Facultad de Medicina Cl\u00ednica Alemana Universidad del Desarrollo\",\"inLanguage\":\"es\"},{\"@type\":\"Person\",\"@id\":\"https:\/\/medicina.udd.cl\/kinesiologia-santiago\/#\/schema\/person\/8bbd66125b574a40ec467c180c11f2e3\",\"name\":\"paulinamunoz\",\"image\":{\"@type\":\"ImageObject\",\"inLanguage\":\"es\",\"@id\":\"https:\/\/medicina.udd.cl\/kinesiologia-santiago\/#\/schema\/person\/image\/\",\"url\":\"https:\/\/secure.gravatar.com\/avatar\/748ce8fb74e8f8077c4966697a3b3710ca0019e71a62146890c0dcdc705e7f3d?s=96&d=mm&r=g\",\"contentUrl\":\"https:\/\/secure.gravatar.com\/avatar\/748ce8fb74e8f8077c4966697a3b3710ca0019e71a62146890c0dcdc705e7f3d?s=96&d=mm&r=g\",\"caption\":\"paulinamunoz\"},\"url\":\"https:\/\/medicina.udd.cl\/kinesiologia-santiago\/noticias\/author\/paulinamunoz\/\"}]}<\/script>\n<!-- \/ Yoast SEO plugin. -->","yoast_head_json":{"title":"Docente de Kinesiolog\u00eda UDD obtuvo el primer lugar en Congreso chileno de Epidemiolog\u00eda y Salud P\u00fablica - Kinesiolog\u00eda","robots":{"index":"index","follow":"follow","max-snippet":"max-snippet:-1","max-image-preview":"max-image-preview:large","max-video-preview":"max-video-preview:-1"},"canonical":"https:\/\/medicina.udd.cl\/kinesiologia-santiago\/noticias\/2016\/12\/28\/docente-de-kinesiologia-udd-obtuvo-el-primer-lugar-en-congreso-chileno-de-epidemiologia-y-salud-publica\/","og_locale":"es_ES","og_type":"article","og_title":"Docente de Kinesiolog\u00eda UDD obtuvo el primer lugar en Congreso chileno de Epidemiolog\u00eda y Salud P\u00fablica - Kinesiolog\u00eda","og_description":"Con el tema \"Vigilancia epidemiol\u00f3gica de la actividad f\u00edsica en Chile\", Jaime Leppe obtuvo el primer lugar de los trabajos cient\u00edficos en formato oral.","og_url":"https:\/\/medicina.udd.cl\/kinesiologia-santiago\/noticias\/2016\/12\/28\/docente-de-kinesiologia-udd-obtuvo-el-primer-lugar-en-congreso-chileno-de-epidemiologia-y-salud-publica\/","og_site_name":"Kinesiolog\u00eda","article_published_time":"2016-12-28T16:17:53+00:00","article_modified_time":"2016-12-28T16:38:13+00:00","og_image":[{"width":1024,"height":683,"url":"https:\/\/medicina.udd.cl\/kinesiologia-santiago\/files\/2016\/12\/Jaime-Leppe-1.jpg","type":"image\/jpeg"}],"author":"paulinamunoz","twitter_misc":{"Escrito por":"paulinamunoz","Tiempo de lectura":"1 minuto"},"schema":{"@context":"https:\/\/schema.org","@graph":[{"@type":"Article","@id":"https:\/\/medicina.udd.cl\/kinesiologia-santiago\/noticias\/2016\/12\/28\/docente-de-kinesiologia-udd-obtuvo-el-primer-lugar-en-congreso-chileno-de-epidemiologia-y-salud-publica\/#article","isPartOf":{"@id":"https:\/\/medicina.udd.cl\/kinesiologia-santiago\/noticias\/2016\/12\/28\/docente-de-kinesiologia-udd-obtuvo-el-primer-lugar-en-congreso-chileno-de-epidemiologia-y-salud-publica\/"},"author":{"name":"paulinamunoz","@id":"https:\/\/medicina.udd.cl\/kinesiologia-santiago\/#\/schema\/person\/8bbd66125b574a40ec467c180c11f2e3"},"headline":"Docente de Kinesiolog\u00eda UDD obtuvo el primer lugar en Congreso chileno de Epidemiolog\u00eda y Salud P\u00fablica","datePublished":"2016-12-28T16:17:53+00:00","dateModified":"2016-12-28T16:38:13+00:00","mainEntityOfPage":{"@id":"https:\/\/medicina.udd.cl\/kinesiologia-santiago\/noticias\/2016\/12\/28\/docente-de-kinesiologia-udd-obtuvo-el-primer-lugar-en-congreso-chileno-de-epidemiologia-y-salud-publica\/"},"wordCount":256,"commentCount":0,"image":{"@id":"https:\/\/medicina.udd.cl\/kinesiologia-santiago\/noticias\/2016\/12\/28\/docente-de-kinesiologia-udd-obtuvo-el-primer-lugar-en-congreso-chileno-de-epidemiologia-y-salud-publica\/#primaryimage"},"thumbnailUrl":"https:\/\/medicina.udd.cl\/kinesiologia-santiago\/files\/2016\/12\/Jaime-Leppe-1.jpg","articleSection":["Noticias"],"inLanguage":"es","potentialAction":[{"@type":"CommentAction","name":"Comment","target":["https:\/\/medicina.udd.cl\/kinesiologia-santiago\/noticias\/2016\/12\/28\/docente-de-kinesiologia-udd-obtuvo-el-primer-lugar-en-congreso-chileno-de-epidemiologia-y-salud-publica\/#respond"]}]},{"@type":"WebPage","@id":"https:\/\/medicina.udd.cl\/kinesiologia-santiago\/noticias\/2016\/12\/28\/docente-de-kinesiologia-udd-obtuvo-el-primer-lugar-en-congreso-chileno-de-epidemiologia-y-salud-publica\/","url":"https:\/\/medicina.udd.cl\/kinesiologia-santiago\/noticias\/2016\/12\/28\/docente-de-kinesiologia-udd-obtuvo-el-primer-lugar-en-congreso-chileno-de-epidemiologia-y-salud-publica\/","name":"Docente de Kinesiolog\u00eda UDD obtuvo el primer lugar en Congreso chileno de Epidemiolog\u00eda y Salud P\u00fablica - Kinesiolog\u00eda","isPartOf":{"@id":"https:\/\/medicina.udd.cl\/kinesiologia-santiago\/#website"},"primaryImageOfPage":{"@id":"https:\/\/medicina.udd.cl\/kinesiologia-santiago\/noticias\/2016\/12\/28\/docente-de-kinesiologia-udd-obtuvo-el-primer-lugar-en-congreso-chileno-de-epidemiologia-y-salud-publica\/#primaryimage"},"image":{"@id":"https:\/\/medicina.udd.cl\/kinesiologia-santiago\/noticias\/2016\/12\/28\/docente-de-kinesiologia-udd-obtuvo-el-primer-lugar-en-congreso-chileno-de-epidemiologia-y-salud-publica\/#primaryimage"},"thumbnailUrl":"https:\/\/medicina.udd.cl\/kinesiologia-santiago\/files\/2016\/12\/Jaime-Leppe-1.jpg","datePublished":"2016-12-28T16:17:53+00:00","dateModified":"2016-12-28T16:38:13+00:00","author":{"@id":"https:\/\/medicina.udd.cl\/kinesiologia-santiago\/#\/schema\/person\/8bbd66125b574a40ec467c180c11f2e3"},"breadcrumb":{"@id":"https:\/\/medicina.udd.cl\/kinesiologia-santiago\/noticias\/2016\/12\/28\/docente-de-kinesiologia-udd-obtuvo-el-primer-lugar-en-congreso-chileno-de-epidemiologia-y-salud-publica\/#breadcrumb"},"inLanguage":"es","potentialAction":[{"@type":"ReadAction","target":["https:\/\/medicina.udd.cl\/kinesiologia-santiago\/noticias\/2016\/12\/28\/docente-de-kinesiologia-udd-obtuvo-el-primer-lugar-en-congreso-chileno-de-epidemiologia-y-salud-publica\/"]}]},{"@type":"ImageObject","inLanguage":"es","@id":"https:\/\/medicina.udd.cl\/kinesiologia-santiago\/noticias\/2016\/12\/28\/docente-de-kinesiologia-udd-obtuvo-el-primer-lugar-en-congreso-chileno-de-epidemiologia-y-salud-publica\/#primaryimage","url":"https:\/\/medicina.udd.cl\/kinesiologia-santiago\/files\/2016\/12\/Jaime-Leppe-1.jpg","contentUrl":"https:\/\/medicina.udd.cl\/kinesiologia-santiago\/files\/2016\/12\/Jaime-Leppe-1.jpg","width":1024,"height":683},{"@type":"BreadcrumbList","@id":"https:\/\/medicina.udd.cl\/kinesiologia-santiago\/noticias\/2016\/12\/28\/docente-de-kinesiologia-udd-obtuvo-el-primer-lugar-en-congreso-chileno-de-epidemiologia-y-salud-publica\/#breadcrumb","itemListElement":[{"@type":"ListItem","position":1,"name":"Home","item":"https:\/\/medicina.udd.cl\/kinesiologia-santiago\/"},{"@type":"ListItem","position":2,"name":"Docente de Kinesiolog\u00eda UDD obtuvo el primer lugar en Congreso chileno de Epidemiolog\u00eda y Salud P\u00fablica"}]},{"@type":"WebSite","@id":"https:\/\/medicina.udd.cl\/kinesiologia-santiago\/#website","url":"https:\/\/medicina.udd.cl\/kinesiologia-santiago\/","name":"Kinesiolog\u00eda","description":"Facultad de Medicina Cl\u00ednica Alemana Universidad del Desarrollo","inLanguage":"es"},{"@type":"Person","@id":"https:\/\/medicina.udd.cl\/kinesiologia-santiago\/#\/schema\/person\/8bbd66125b574a40ec467c180c11f2e3","name":"paulinamunoz","image":{"@type":"ImageObject","inLanguage":"es","@id":"https:\/\/medicina.udd.cl\/kinesiologia-santiago\/#\/schema\/person\/image\/","url":"https:\/\/secure.gravatar.com\/avatar\/748ce8fb74e8f8077c4966697a3b3710ca0019e71a62146890c0dcdc705e7f3d?s=96&d=mm&r=g","contentUrl":"https:\/\/secure.gravatar.com\/avatar\/748ce8fb74e8f8077c4966697a3b3710ca0019e71a62146890c0dcdc705e7f3d?s=96&d=mm&r=g","caption":"paulinamunoz"},"url":"https:\/\/medicina.udd.cl\/kinesiologia-santiago\/noticias\/author\/paulinamunoz\/"}]}},"featured_image_url":"https:\/\/medicina.udd.cl\/kinesiologia-santiago\/files\/2016\/12\/Jaime-Leppe-1.jpg","_links":{"self":[{"href":"https:\/\/medicina.udd.cl\/kinesiologia-santiago\/wp-json\/wp\/v2\/posts\/3415","targetHints":{"allow":["GET"]}}],"collection":[{"href":"https:\/\/medicina.udd.cl\/kinesiologia-santiago\/wp-json\/wp\/v2\/posts"}],"about":[{"href":"https:\/\/medicina.udd.cl\/kinesiologia-santiago\/wp-json\/wp\/v2\/types\/post"}],"author":[{"embeddable":true,"href":"https:\/\/medicina.udd.cl\/kinesiologia-santiago\/wp-json\/wp\/v2\/users\/9192192"}],"replies":[{"embeddable":true,"href":"https:\/\/medicina.udd.cl\/kinesiologia-santiago\/wp-json\/wp\/v2\/comments?post=3415"}],"version-history":[{"count":6,"href":"https:\/\/medicina.udd.cl\/kinesiologia-santiago\/wp-json\/wp\/v2\/posts\/3415\/revisions"}],"predecessor-version":[{"id":3423,"href":"https:\/\/medicina.udd.cl\/kinesiologia-santiago\/wp-json\/wp\/v2\/posts\/3415\/revisions\/3423"}],"wp:featuredmedia":[{"embeddable":true,"href":"https:\/\/medicina.udd.cl\/kinesiologia-santiago\/wp-json\/wp\/v2\/media\/3416"}],"wp:attachment":[{"href":"https:\/\/medicina.udd.cl\/kinesiologia-santiago\/wp-json\/wp\/v2\/media?parent=3415"}],"wp:term":[{"taxonomy":"category","embeddable":true,"href":"https:\/\/medicina.udd.cl\/kinesiologia-santiago\/wp-json\/wp\/v2\/categories?post=3415"},{"taxonomy":"post_tag","embeddable":true,"href":"https:\/\/medicina.udd.cl\/kinesiologia-santiago\/wp-json\/wp\/v2\/tags?post=3415"}],"curies":[{"name":"wp","href":"https:\/\/api.w.org\/{rel}","templated":true}]}}