{"id":3494,"date":"2017-03-17T18:07:39","date_gmt":"2017-03-17T21:07:39","guid":{"rendered":"http:\/\/medicina.udd.cl\/kinesiologia-santiago\/?p=3494"},"modified":"2017-03-17T18:07:39","modified_gmt":"2017-03-17T21:07:39","slug":"kinesiologia-y-publicidad-udd-inician-programa-interdisciplinario-kp","status":"publish","type":"post","link":"https:\/\/medicina.udd.cl\/kinesiologia-santiago\/noticias\/2017\/03\/17\/kinesiologia-y-publicidad-udd-inician-programa-interdisciplinario-kp\/","title":{"rendered":"Kinesiolog\u00eda y Publicidad UDD inician programa interdisciplinario K+P"},"content":{"rendered":"<div id=\"gallery-1\" class=\"carousel slide carousel-gallery\" data-ride=\"false\" data-interval=\"false\"><div class=\"carousel-inner\" role=\"listbox\"><figure class=\"carousel-item active\"><img loading=\"lazy\" decoding=\"async\" width=\"949\" height=\"534\" src=\"https:\/\/medicina.udd.cl\/kinesiologia-santiago\/files\/2017\/03\/KP-1.jpg\" class=\"attachment-landscape_952 size-landscape_952\" alt=\"\" srcset=\"https:\/\/medicina.udd.cl\/kinesiologia-santiago\/files\/2017\/03\/KP-1.jpg 4608w, https:\/\/medicina.udd.cl\/kinesiologia-santiago\/files\/2017\/03\/KP-1-300x169.jpg 300w, https:\/\/medicina.udd.cl\/kinesiologia-santiago\/files\/2017\/03\/KP-1-768x432.jpg 768w, https:\/\/medicina.udd.cl\/kinesiologia-santiago\/files\/2017\/03\/KP-1-1024x576.jpg 1024w, https:\/\/medicina.udd.cl\/kinesiologia-santiago\/files\/2017\/03\/KP-1-800x450.jpg 800w, https:\/\/medicina.udd.cl\/kinesiologia-santiago\/files\/2017\/03\/KP-1-960x540.jpg 960w\" sizes=\"auto, (max-width: 949px) 100vw, 949px\" \/><\/figure><figure class=\"carousel-item\"><img loading=\"lazy\" decoding=\"async\" width=\"949\" height=\"534\" src=\"https:\/\/medicina.udd.cl\/kinesiologia-santiago\/files\/2017\/03\/KP-6.jpg\" class=\"attachment-landscape_952 size-landscape_952\" alt=\"\" srcset=\"https:\/\/medicina.udd.cl\/kinesiologia-santiago\/files\/2017\/03\/KP-6.jpg 4608w, https:\/\/medicina.udd.cl\/kinesiologia-santiago\/files\/2017\/03\/KP-6-300x169.jpg 300w, https:\/\/medicina.udd.cl\/kinesiologia-santiago\/files\/2017\/03\/KP-6-768x432.jpg 768w, https:\/\/medicina.udd.cl\/kinesiologia-santiago\/files\/2017\/03\/KP-6-1024x576.jpg 1024w, https:\/\/medicina.udd.cl\/kinesiologia-santiago\/files\/2017\/03\/KP-6-800x450.jpg 800w, https:\/\/medicina.udd.cl\/kinesiologia-santiago\/files\/2017\/03\/KP-6-960x540.jpg 960w\" sizes=\"auto, (max-width: 949px) 100vw, 949px\" \/><\/figure><figure class=\"carousel-item\"><img loading=\"lazy\" decoding=\"async\" width=\"712\" height=\"534\" src=\"https:\/\/medicina.udd.cl\/kinesiologia-santiago\/files\/2017\/03\/KP-9.jpg\" class=\"attachment-landscape_952 size-landscape_952\" alt=\"\" srcset=\"https:\/\/medicina.udd.cl\/kinesiologia-santiago\/files\/2017\/03\/KP-9.jpg 4608w, https:\/\/medicina.udd.cl\/kinesiologia-santiago\/files\/2017\/03\/KP-9-300x225.jpg 300w, https:\/\/medicina.udd.cl\/kinesiologia-santiago\/files\/2017\/03\/KP-9-768x576.jpg 768w, https:\/\/medicina.udd.cl\/kinesiologia-santiago\/files\/2017\/03\/KP-9-1024x768.jpg 1024w, https:\/\/medicina.udd.cl\/kinesiologia-santiago\/files\/2017\/03\/KP-9-960x720.jpg 960w\" sizes=\"auto, (max-width: 712px) 100vw, 712px\" \/><\/figure><figure class=\"carousel-item\"><img loading=\"lazy\" decoding=\"async\" width=\"712\" height=\"534\" src=\"https:\/\/medicina.udd.cl\/kinesiologia-santiago\/files\/2017\/03\/KP-21.jpg\" class=\"attachment-landscape_952 size-landscape_952\" alt=\"\" srcset=\"https:\/\/medicina.udd.cl\/kinesiologia-santiago\/files\/2017\/03\/KP-21.jpg 4608w, https:\/\/medicina.udd.cl\/kinesiologia-santiago\/files\/2017\/03\/KP-21-300x225.jpg 300w, https:\/\/medicina.udd.cl\/kinesiologia-santiago\/files\/2017\/03\/KP-21-768x576.jpg 768w, https:\/\/medicina.udd.cl\/kinesiologia-santiago\/files\/2017\/03\/KP-21-1024x768.jpg 1024w, https:\/\/medicina.udd.cl\/kinesiologia-santiago\/files\/2017\/03\/KP-21-960x720.jpg 960w\" sizes=\"auto, (max-width: 712px) 100vw, 712px\" \/><\/figure><figure class=\"carousel-item\"><img loading=\"lazy\" decoding=\"async\" width=\"712\" height=\"534\" src=\"https:\/\/medicina.udd.cl\/kinesiologia-santiago\/files\/2017\/03\/KP-23.jpg\" class=\"attachment-landscape_952 size-landscape_952\" alt=\"\" srcset=\"https:\/\/medicina.udd.cl\/kinesiologia-santiago\/files\/2017\/03\/KP-23.jpg 4608w, https:\/\/medicina.udd.cl\/kinesiologia-santiago\/files\/2017\/03\/KP-23-300x225.jpg 300w, https:\/\/medicina.udd.cl\/kinesiologia-santiago\/files\/2017\/03\/KP-23-768x576.jpg 768w, https:\/\/medicina.udd.cl\/kinesiologia-santiago\/files\/2017\/03\/KP-23-1024x768.jpg 1024w, https:\/\/medicina.udd.cl\/kinesiologia-santiago\/files\/2017\/03\/KP-23-960x720.jpg 960w\" sizes=\"auto, (max-width: 712px) 100vw, 712px\" \/><\/figure><figure class=\"carousel-item\"><img loading=\"lazy\" decoding=\"async\" width=\"712\" height=\"534\" src=\"https:\/\/medicina.udd.cl\/kinesiologia-santiago\/files\/2017\/03\/KP-24.jpg\" class=\"attachment-landscape_952 size-landscape_952\" alt=\"\" srcset=\"https:\/\/medicina.udd.cl\/kinesiologia-santiago\/files\/2017\/03\/KP-24.jpg 4608w, https:\/\/medicina.udd.cl\/kinesiologia-santiago\/files\/2017\/03\/KP-24-300x225.jpg 300w, https:\/\/medicina.udd.cl\/kinesiologia-santiago\/files\/2017\/03\/KP-24-768x576.jpg 768w, https:\/\/medicina.udd.cl\/kinesiologia-santiago\/files\/2017\/03\/KP-24-1024x768.jpg 1024w, https:\/\/medicina.udd.cl\/kinesiologia-santiago\/files\/2017\/03\/KP-24-960x720.jpg 960w\" sizes=\"auto, (max-width: 712px) 100vw, 712px\" \/><\/figure><figure class=\"carousel-item\"><img loading=\"lazy\" decoding=\"async\" width=\"712\" height=\"534\" src=\"https:\/\/medicina.udd.cl\/kinesiologia-santiago\/files\/2017\/03\/KP-26.jpg\" class=\"attachment-landscape_952 size-landscape_952\" alt=\"\" srcset=\"https:\/\/medicina.udd.cl\/kinesiologia-santiago\/files\/2017\/03\/KP-26.jpg 4608w, https:\/\/medicina.udd.cl\/kinesiologia-santiago\/files\/2017\/03\/KP-26-300x225.jpg 300w, https:\/\/medicina.udd.cl\/kinesiologia-santiago\/files\/2017\/03\/KP-26-768x576.jpg 768w, https:\/\/medicina.udd.cl\/kinesiologia-santiago\/files\/2017\/03\/KP-26-1024x768.jpg 1024w, https:\/\/medicina.udd.cl\/kinesiologia-santiago\/files\/2017\/03\/KP-26-960x720.jpg 960w\" sizes=\"auto, (max-width: 712px) 100vw, 712px\" \/><\/figure><figure class=\"carousel-item\"><img loading=\"lazy\" decoding=\"async\" width=\"712\" height=\"534\" src=\"https:\/\/medicina.udd.cl\/kinesiologia-santiago\/files\/2017\/03\/KP-32.jpg\" class=\"attachment-landscape_952 size-landscape_952\" alt=\"\" srcset=\"https:\/\/medicina.udd.cl\/kinesiologia-santiago\/files\/2017\/03\/KP-32.jpg 4608w, https:\/\/medicina.udd.cl\/kinesiologia-santiago\/files\/2017\/03\/KP-32-300x225.jpg 300w, https:\/\/medicina.udd.cl\/kinesiologia-santiago\/files\/2017\/03\/KP-32-768x576.jpg 768w, https:\/\/medicina.udd.cl\/kinesiologia-santiago\/files\/2017\/03\/KP-32-1024x768.jpg 1024w, https:\/\/medicina.udd.cl\/kinesiologia-santiago\/files\/2017\/03\/KP-32-960x720.jpg 960w\" sizes=\"auto, (max-width: 712px) 100vw, 712px\" \/><\/figure><\/div><footer class=\"carousel-footer\"><div class=\"carousel-counter\"><span class=\"carousel-counter-current\"><\/span> \/ <span class=\"carousel-counter-total\"><\/span><\/div><a class=\"carousel-control-prev\" href=\"#gallery-1\" role=\"button\" data-slide=\"prev\"><svg aria-hidden=\"true\" class=\"svg-chevron-left-dims\"><use xlink:href='https:\/\/medicina.udd.cl\/kinesiologia-santiago\/wp-content\/themes\/facultades-2018\/assets\/img\/svg\/dist\/main.svg?version=1695853099#chevron-left'><\/use><\/svg><span class=\"sr-only\">Anterior<\/span><\/a><a class=\"carousel-control-next\" href=\"#gallery-1\" role=\"button\" data-slide=\"next\"><svg aria-hidden=\"true\" class=\"svg-chevron-right-dims\"><use xlink:href='https:\/\/medicina.udd.cl\/kinesiologia-santiago\/wp-content\/themes\/facultades-2018\/assets\/img\/svg\/dist\/main.svg?version=1695853099#chevron-right'><\/use><\/svg><span class=\"sr-only\">Siguiente<\/span><\/a><\/footer><\/div>\n<p style=\"text-align: justify\">Con el objetivo de mejorar las estrategias de educaci\u00f3n en salud, las carreras de Kinesiolog\u00eda y <a href=\"http:\/\/comunicaciones.udd.cl\/publicidad\/\" target=\"_blank\">Publicidad<\/a> de la Universidad del Desarrollo dieron inicio al programa \u201cK+P\u201d, una intervenci\u00f3n educativa, de car\u00e1cter interdisciplinario, que busca optimizar los procesos de comunicaci\u00f3n relacionados a siete proyectos de impacto en la comunidad.<\/p>\n<p style=\"text-align: justify\">Durante el semestre, los 70 alumnos que cursan <em>Rehabilitaci\u00f3n m\u00fasculo-esquel\u00e9tica I <\/em>(4to a\u00f1o de Kinesiolog\u00eda) y <em>Taller V<\/em> (3er a\u00f1o de Publicidad) deber\u00e1n realizar visitas a los campos cl\u00ednicos para detectar necesidades y dise\u00f1ar una intervenci\u00f3n, entregando informes y recibiendo feedback de sus tutores y de los docentes a cargo de las asignaturas: Vicente Mauri y Catherine Sanhueza, y Ana Mar\u00eda Sprovera y Luciano Gougain, respectivamente.<\/p>\n<p style=\"text-align: justify\">Para Mar\u00eda Jes\u00fas Mena, coordinadora del \u00e1rea m\u00fasculo-esquel\u00e9tica de Kinesiolog\u00eda, K+P es un hito dentro de la carrera, ya que es primera vez que los alumnos de pregrado trabajan interdisciplinariamente. \u201cLos estudiantes deber\u00e1n preparar material did\u00e1ctico que eduque a la poblaci\u00f3n sobre alg\u00fan tema en Salud, pero antes tendr\u00e1n que ir al centro de atenci\u00f3n, observar al grupo de pacientes y ver qu\u00e9 necesidades de comunicaci\u00f3n tienen, definiendo la mejor forma de entregar el mensaje\u201d, se\u00f1al\u00f3.<\/p>\n<p style=\"text-align: justify\">Cabe destacar que la ceremonia lanzamiento de K+P cont\u00f3 con la participaci\u00f3n de Carolina Mardones, decana de la Facultad de Comunicaciones; Sergio Gamboa, director de Publicidad; Jorge Molina, director de Kinesiolog\u00eda; Ra\u00fal Ahumada, coordinador acad\u00e9mico de la carrera; adem\u00e1s de docentes de ambas carreras.<\/p>\n<p style=\"text-align: justify\">El trabajo concluir\u00e1 el 22 de julio con la presentaci\u00f3n audiovisual de los siete grupos, en que mostrar\u00e1n su intervenci\u00f3n y el proceso detr\u00e1s de los proyectos <em>Rehabilitaci\u00f3n Card\u00edaca, Cuidadoras de ni\u00f1os, Neurorehabilitaci\u00f3n, Salud de la Mujer, Adulto mayor autovalente, Dolor m\u00fasculo-esquel\u00e9tico cr\u00f3nico <\/em>y<em> Enfermedades cr\u00f3nicas no transmisibles<\/em>, que se desarrollan en el Hospital Padre Hurtado, Cl\u00ednica UDD, CCR La Granja y Hogar Casa Esperanza.<\/p>\n<p style=\"text-align: justify\">\n","protected":false},"excerpt":{"rendered":"<p>Este programa, inserto en el curr\u00edculum de ambas carreras, es parte de las asignaturas Rehabilitaci\u00f3n m\u00fasculo-esquel\u00e9tica I de Kinesiolog\u00eda y Taller V de Publicidad.<\/p>\n","protected":false},"author":9192192,"featured_media":3495,"comment_status":"open","ping_status":"open","sticky":false,"template":"","format":"standard","meta":{"footnotes":""},"categories":[4],"tags":[],"class_list":["post-3494","post","type-post","status-publish","format-standard","has-post-thumbnail","hentry","category-noticias"],"yoast_head":"<!-- This site is optimized with the Yoast SEO plugin v26.9 - https:\/\/yoast.com\/product\/yoast-seo-wordpress\/ -->\n<title>Kinesiolog\u00eda y Publicidad UDD inician programa interdisciplinario K+P - Kinesiolog\u00eda<\/title>\n<meta name=\"robots\" content=\"index, follow, max-snippet:-1, max-image-preview:large, max-video-preview:-1\" \/>\n<link rel=\"canonical\" href=\"https:\/\/medicina.udd.cl\/kinesiologia-santiago\/noticias\/2017\/03\/17\/kinesiologia-y-publicidad-udd-inician-programa-interdisciplinario-kp\/\" \/>\n<meta property=\"og:locale\" content=\"es_ES\" \/>\n<meta property=\"og:type\" content=\"article\" \/>\n<meta property=\"og:title\" content=\"Kinesiolog\u00eda y Publicidad UDD inician programa interdisciplinario K+P - Kinesiolog\u00eda\" \/>\n<meta property=\"og:description\" content=\"Este programa, inserto en el curr\u00edculum de ambas carreras, es parte de las asignaturas Rehabilitaci\u00f3n m\u00fasculo-esquel\u00e9tica I de Kinesiolog\u00eda y Taller V de Publicidad.\" \/>\n<meta property=\"og:url\" content=\"https:\/\/medicina.udd.cl\/kinesiologia-santiago\/noticias\/2017\/03\/17\/kinesiologia-y-publicidad-udd-inician-programa-interdisciplinario-kp\/\" \/>\n<meta property=\"og:site_name\" content=\"Kinesiolog\u00eda\" \/>\n<meta property=\"article:published_time\" content=\"2017-03-17T21:07:39+00:00\" \/>\n<meta property=\"og:image\" content=\"https:\/\/medicina.udd.cl\/kinesiologia-santiago\/files\/2017\/03\/KP.jpg\" \/>\n\t<meta property=\"og:image:width\" content=\"4608\" \/>\n\t<meta property=\"og:image:height\" content=\"2411\" \/>\n\t<meta property=\"og:image:type\" content=\"image\/jpeg\" \/>\n<meta name=\"author\" content=\"paulinamunoz\" \/>\n<meta name=\"twitter:label1\" content=\"Escrito por\" \/>\n\t<meta name=\"twitter:data1\" content=\"paulinamunoz\" \/>\n\t<meta name=\"twitter:label2\" content=\"Tiempo de lectura\" \/>\n\t<meta name=\"twitter:data2\" content=\"2 minutos\" \/>\n<script type=\"application\/ld+json\" class=\"yoast-schema-graph\">{\"@context\":\"https:\/\/schema.org\",\"@graph\":[{\"@type\":\"Article\",\"@id\":\"https:\/\/medicina.udd.cl\/kinesiologia-santiago\/noticias\/2017\/03\/17\/kinesiologia-y-publicidad-udd-inician-programa-interdisciplinario-kp\/#article\",\"isPartOf\":{\"@id\":\"https:\/\/medicina.udd.cl\/kinesiologia-santiago\/noticias\/2017\/03\/17\/kinesiologia-y-publicidad-udd-inician-programa-interdisciplinario-kp\/\"},\"author\":{\"name\":\"paulinamunoz\",\"@id\":\"https:\/\/medicina.udd.cl\/kinesiologia-santiago\/#\/schema\/person\/8bbd66125b574a40ec467c180c11f2e3\"},\"headline\":\"Kinesiolog\u00eda y Publicidad UDD inician programa interdisciplinario K+P\",\"datePublished\":\"2017-03-17T21:07:39+00:00\",\"mainEntityOfPage\":{\"@id\":\"https:\/\/medicina.udd.cl\/kinesiologia-santiago\/noticias\/2017\/03\/17\/kinesiologia-y-publicidad-udd-inician-programa-interdisciplinario-kp\/\"},\"wordCount\":360,\"commentCount\":0,\"image\":{\"@id\":\"https:\/\/medicina.udd.cl\/kinesiologia-santiago\/noticias\/2017\/03\/17\/kinesiologia-y-publicidad-udd-inician-programa-interdisciplinario-kp\/#primaryimage\"},\"thumbnailUrl\":\"https:\/\/medicina.udd.cl\/kinesiologia-santiago\/files\/2017\/03\/KP.jpg\",\"articleSection\":[\"Noticias\"],\"inLanguage\":\"es\",\"potentialAction\":[{\"@type\":\"CommentAction\",\"name\":\"Comment\",\"target\":[\"https:\/\/medicina.udd.cl\/kinesiologia-santiago\/noticias\/2017\/03\/17\/kinesiologia-y-publicidad-udd-inician-programa-interdisciplinario-kp\/#respond\"]}]},{\"@type\":\"WebPage\",\"@id\":\"https:\/\/medicina.udd.cl\/kinesiologia-santiago\/noticias\/2017\/03\/17\/kinesiologia-y-publicidad-udd-inician-programa-interdisciplinario-kp\/\",\"url\":\"https:\/\/medicina.udd.cl\/kinesiologia-santiago\/noticias\/2017\/03\/17\/kinesiologia-y-publicidad-udd-inician-programa-interdisciplinario-kp\/\",\"name\":\"Kinesiolog\u00eda y Publicidad UDD inician programa interdisciplinario K+P - Kinesiolog\u00eda\",\"isPartOf\":{\"@id\":\"https:\/\/medicina.udd.cl\/kinesiologia-santiago\/#website\"},\"primaryImageOfPage\":{\"@id\":\"https:\/\/medicina.udd.cl\/kinesiologia-santiago\/noticias\/2017\/03\/17\/kinesiologia-y-publicidad-udd-inician-programa-interdisciplinario-kp\/#primaryimage\"},\"image\":{\"@id\":\"https:\/\/medicina.udd.cl\/kinesiologia-santiago\/noticias\/2017\/03\/17\/kinesiologia-y-publicidad-udd-inician-programa-interdisciplinario-kp\/#primaryimage\"},\"thumbnailUrl\":\"https:\/\/medicina.udd.cl\/kinesiologia-santiago\/files\/2017\/03\/KP.jpg\",\"datePublished\":\"2017-03-17T21:07:39+00:00\",\"author\":{\"@id\":\"https:\/\/medicina.udd.cl\/kinesiologia-santiago\/#\/schema\/person\/8bbd66125b574a40ec467c180c11f2e3\"},\"breadcrumb\":{\"@id\":\"https:\/\/medicina.udd.cl\/kinesiologia-santiago\/noticias\/2017\/03\/17\/kinesiologia-y-publicidad-udd-inician-programa-interdisciplinario-kp\/#breadcrumb\"},\"inLanguage\":\"es\",\"potentialAction\":[{\"@type\":\"ReadAction\",\"target\":[\"https:\/\/medicina.udd.cl\/kinesiologia-santiago\/noticias\/2017\/03\/17\/kinesiologia-y-publicidad-udd-inician-programa-interdisciplinario-kp\/\"]}]},{\"@type\":\"ImageObject\",\"inLanguage\":\"es\",\"@id\":\"https:\/\/medicina.udd.cl\/kinesiologia-santiago\/noticias\/2017\/03\/17\/kinesiologia-y-publicidad-udd-inician-programa-interdisciplinario-kp\/#primaryimage\",\"url\":\"https:\/\/medicina.udd.cl\/kinesiologia-santiago\/files\/2017\/03\/KP.jpg\",\"contentUrl\":\"https:\/\/medicina.udd.cl\/kinesiologia-santiago\/files\/2017\/03\/KP.jpg\",\"width\":4608,\"height\":2411},{\"@type\":\"BreadcrumbList\",\"@id\":\"https:\/\/medicina.udd.cl\/kinesiologia-santiago\/noticias\/2017\/03\/17\/kinesiologia-y-publicidad-udd-inician-programa-interdisciplinario-kp\/#breadcrumb\",\"itemListElement\":[{\"@type\":\"ListItem\",\"position\":1,\"name\":\"Home\",\"item\":\"https:\/\/medicina.udd.cl\/kinesiologia-santiago\/\"},{\"@type\":\"ListItem\",\"position\":2,\"name\":\"Kinesiolog\u00eda y Publicidad UDD inician programa interdisciplinario K+P\"}]},{\"@type\":\"WebSite\",\"@id\":\"https:\/\/medicina.udd.cl\/kinesiologia-santiago\/#website\",\"url\":\"https:\/\/medicina.udd.cl\/kinesiologia-santiago\/\",\"name\":\"Kinesiolog\u00eda\",\"description\":\"Facultad de Medicina Cl\u00ednica Alemana Universidad del Desarrollo\",\"inLanguage\":\"es\"},{\"@type\":\"Person\",\"@id\":\"https:\/\/medicina.udd.cl\/kinesiologia-santiago\/#\/schema\/person\/8bbd66125b574a40ec467c180c11f2e3\",\"name\":\"paulinamunoz\",\"image\":{\"@type\":\"ImageObject\",\"inLanguage\":\"es\",\"@id\":\"https:\/\/medicina.udd.cl\/kinesiologia-santiago\/#\/schema\/person\/image\/\",\"url\":\"https:\/\/secure.gravatar.com\/avatar\/748ce8fb74e8f8077c4966697a3b3710ca0019e71a62146890c0dcdc705e7f3d?s=96&d=mm&r=g\",\"contentUrl\":\"https:\/\/secure.gravatar.com\/avatar\/748ce8fb74e8f8077c4966697a3b3710ca0019e71a62146890c0dcdc705e7f3d?s=96&d=mm&r=g\",\"caption\":\"paulinamunoz\"},\"url\":\"https:\/\/medicina.udd.cl\/kinesiologia-santiago\/noticias\/author\/paulinamunoz\/\"}]}<\/script>\n<!-- \/ Yoast SEO plugin. -->","yoast_head_json":{"title":"Kinesiolog\u00eda y Publicidad UDD inician programa interdisciplinario K+P - Kinesiolog\u00eda","robots":{"index":"index","follow":"follow","max-snippet":"max-snippet:-1","max-image-preview":"max-image-preview:large","max-video-preview":"max-video-preview:-1"},"canonical":"https:\/\/medicina.udd.cl\/kinesiologia-santiago\/noticias\/2017\/03\/17\/kinesiologia-y-publicidad-udd-inician-programa-interdisciplinario-kp\/","og_locale":"es_ES","og_type":"article","og_title":"Kinesiolog\u00eda y Publicidad UDD inician programa interdisciplinario K+P - Kinesiolog\u00eda","og_description":"Este programa, inserto en el curr\u00edculum de ambas carreras, es parte de las asignaturas Rehabilitaci\u00f3n m\u00fasculo-esquel\u00e9tica I de Kinesiolog\u00eda y Taller V de Publicidad.","og_url":"https:\/\/medicina.udd.cl\/kinesiologia-santiago\/noticias\/2017\/03\/17\/kinesiologia-y-publicidad-udd-inician-programa-interdisciplinario-kp\/","og_site_name":"Kinesiolog\u00eda","article_published_time":"2017-03-17T21:07:39+00:00","og_image":[{"width":4608,"height":2411,"url":"https:\/\/medicina.udd.cl\/kinesiologia-santiago\/files\/2017\/03\/KP.jpg","type":"image\/jpeg"}],"author":"paulinamunoz","twitter_misc":{"Escrito por":"paulinamunoz","Tiempo de lectura":"2 minutos"},"schema":{"@context":"https:\/\/schema.org","@graph":[{"@type":"Article","@id":"https:\/\/medicina.udd.cl\/kinesiologia-santiago\/noticias\/2017\/03\/17\/kinesiologia-y-publicidad-udd-inician-programa-interdisciplinario-kp\/#article","isPartOf":{"@id":"https:\/\/medicina.udd.cl\/kinesiologia-santiago\/noticias\/2017\/03\/17\/kinesiologia-y-publicidad-udd-inician-programa-interdisciplinario-kp\/"},"author":{"name":"paulinamunoz","@id":"https:\/\/medicina.udd.cl\/kinesiologia-santiago\/#\/schema\/person\/8bbd66125b574a40ec467c180c11f2e3"},"headline":"Kinesiolog\u00eda y Publicidad UDD inician programa interdisciplinario K+P","datePublished":"2017-03-17T21:07:39+00:00","mainEntityOfPage":{"@id":"https:\/\/medicina.udd.cl\/kinesiologia-santiago\/noticias\/2017\/03\/17\/kinesiologia-y-publicidad-udd-inician-programa-interdisciplinario-kp\/"},"wordCount":360,"commentCount":0,"image":{"@id":"https:\/\/medicina.udd.cl\/kinesiologia-santiago\/noticias\/2017\/03\/17\/kinesiologia-y-publicidad-udd-inician-programa-interdisciplinario-kp\/#primaryimage"},"thumbnailUrl":"https:\/\/medicina.udd.cl\/kinesiologia-santiago\/files\/2017\/03\/KP.jpg","articleSection":["Noticias"],"inLanguage":"es","potentialAction":[{"@type":"CommentAction","name":"Comment","target":["https:\/\/medicina.udd.cl\/kinesiologia-santiago\/noticias\/2017\/03\/17\/kinesiologia-y-publicidad-udd-inician-programa-interdisciplinario-kp\/#respond"]}]},{"@type":"WebPage","@id":"https:\/\/medicina.udd.cl\/kinesiologia-santiago\/noticias\/2017\/03\/17\/kinesiologia-y-publicidad-udd-inician-programa-interdisciplinario-kp\/","url":"https:\/\/medicina.udd.cl\/kinesiologia-santiago\/noticias\/2017\/03\/17\/kinesiologia-y-publicidad-udd-inician-programa-interdisciplinario-kp\/","name":"Kinesiolog\u00eda y Publicidad UDD inician programa interdisciplinario K+P - Kinesiolog\u00eda","isPartOf":{"@id":"https:\/\/medicina.udd.cl\/kinesiologia-santiago\/#website"},"primaryImageOfPage":{"@id":"https:\/\/medicina.udd.cl\/kinesiologia-santiago\/noticias\/2017\/03\/17\/kinesiologia-y-publicidad-udd-inician-programa-interdisciplinario-kp\/#primaryimage"},"image":{"@id":"https:\/\/medicina.udd.cl\/kinesiologia-santiago\/noticias\/2017\/03\/17\/kinesiologia-y-publicidad-udd-inician-programa-interdisciplinario-kp\/#primaryimage"},"thumbnailUrl":"https:\/\/medicina.udd.cl\/kinesiologia-santiago\/files\/2017\/03\/KP.jpg","datePublished":"2017-03-17T21:07:39+00:00","author":{"@id":"https:\/\/medicina.udd.cl\/kinesiologia-santiago\/#\/schema\/person\/8bbd66125b574a40ec467c180c11f2e3"},"breadcrumb":{"@id":"https:\/\/medicina.udd.cl\/kinesiologia-santiago\/noticias\/2017\/03\/17\/kinesiologia-y-publicidad-udd-inician-programa-interdisciplinario-kp\/#breadcrumb"},"inLanguage":"es","potentialAction":[{"@type":"ReadAction","target":["https:\/\/medicina.udd.cl\/kinesiologia-santiago\/noticias\/2017\/03\/17\/kinesiologia-y-publicidad-udd-inician-programa-interdisciplinario-kp\/"]}]},{"@type":"ImageObject","inLanguage":"es","@id":"https:\/\/medicina.udd.cl\/kinesiologia-santiago\/noticias\/2017\/03\/17\/kinesiologia-y-publicidad-udd-inician-programa-interdisciplinario-kp\/#primaryimage","url":"https:\/\/medicina.udd.cl\/kinesiologia-santiago\/files\/2017\/03\/KP.jpg","contentUrl":"https:\/\/medicina.udd.cl\/kinesiologia-santiago\/files\/2017\/03\/KP.jpg","width":4608,"height":2411},{"@type":"BreadcrumbList","@id":"https:\/\/medicina.udd.cl\/kinesiologia-santiago\/noticias\/2017\/03\/17\/kinesiologia-y-publicidad-udd-inician-programa-interdisciplinario-kp\/#breadcrumb","itemListElement":[{"@type":"ListItem","position":1,"name":"Home","item":"https:\/\/medicina.udd.cl\/kinesiologia-santiago\/"},{"@type":"ListItem","position":2,"name":"Kinesiolog\u00eda y Publicidad UDD inician programa interdisciplinario K+P"}]},{"@type":"WebSite","@id":"https:\/\/medicina.udd.cl\/kinesiologia-santiago\/#website","url":"https:\/\/medicina.udd.cl\/kinesiologia-santiago\/","name":"Kinesiolog\u00eda","description":"Facultad de Medicina Cl\u00ednica Alemana Universidad del Desarrollo","inLanguage":"es"},{"@type":"Person","@id":"https:\/\/medicina.udd.cl\/kinesiologia-santiago\/#\/schema\/person\/8bbd66125b574a40ec467c180c11f2e3","name":"paulinamunoz","image":{"@type":"ImageObject","inLanguage":"es","@id":"https:\/\/medicina.udd.cl\/kinesiologia-santiago\/#\/schema\/person\/image\/","url":"https:\/\/secure.gravatar.com\/avatar\/748ce8fb74e8f8077c4966697a3b3710ca0019e71a62146890c0dcdc705e7f3d?s=96&d=mm&r=g","contentUrl":"https:\/\/secure.gravatar.com\/avatar\/748ce8fb74e8f8077c4966697a3b3710ca0019e71a62146890c0dcdc705e7f3d?s=96&d=mm&r=g","caption":"paulinamunoz"},"url":"https:\/\/medicina.udd.cl\/kinesiologia-santiago\/noticias\/author\/paulinamunoz\/"}]}},"featured_image_url":"https:\/\/medicina.udd.cl\/kinesiologia-santiago\/files\/2017\/03\/KP.jpg","_links":{"self":[{"href":"https:\/\/medicina.udd.cl\/kinesiologia-santiago\/wp-json\/wp\/v2\/posts\/3494","targetHints":{"allow":["GET"]}}],"collection":[{"href":"https:\/\/medicina.udd.cl\/kinesiologia-santiago\/wp-json\/wp\/v2\/posts"}],"about":[{"href":"https:\/\/medicina.udd.cl\/kinesiologia-santiago\/wp-json\/wp\/v2\/types\/post"}],"author":[{"embeddable":true,"href":"https:\/\/medicina.udd.cl\/kinesiologia-santiago\/wp-json\/wp\/v2\/users\/9192192"}],"replies":[{"embeddable":true,"href":"https:\/\/medicina.udd.cl\/kinesiologia-santiago\/wp-json\/wp\/v2\/comments?post=3494"}],"version-history":[{"count":1,"href":"https:\/\/medicina.udd.cl\/kinesiologia-santiago\/wp-json\/wp\/v2\/posts\/3494\/revisions"}],"predecessor-version":[{"id":3504,"href":"https:\/\/medicina.udd.cl\/kinesiologia-santiago\/wp-json\/wp\/v2\/posts\/3494\/revisions\/3504"}],"wp:featuredmedia":[{"embeddable":true,"href":"https:\/\/medicina.udd.cl\/kinesiologia-santiago\/wp-json\/wp\/v2\/media\/3495"}],"wp:attachment":[{"href":"https:\/\/medicina.udd.cl\/kinesiologia-santiago\/wp-json\/wp\/v2\/media?parent=3494"}],"wp:term":[{"taxonomy":"category","embeddable":true,"href":"https:\/\/medicina.udd.cl\/kinesiologia-santiago\/wp-json\/wp\/v2\/categories?post=3494"},{"taxonomy":"post_tag","embeddable":true,"href":"https:\/\/medicina.udd.cl\/kinesiologia-santiago\/wp-json\/wp\/v2\/tags?post=3494"}],"curies":[{"name":"wp","href":"https:\/\/api.w.org\/{rel}","templated":true}]}}