{"id":3506,"date":"2017-03-31T17:14:52","date_gmt":"2017-03-31T20:14:52","guid":{"rendered":"http:\/\/medicina.udd.cl\/kinesiologia-santiago\/?p=3506"},"modified":"2017-03-31T17:14:52","modified_gmt":"2017-03-31T20:14:52","slug":"docentes-y-alumnos-del-magister-en-terapia-fisica-y-rehabilitacion-udd-expondran-en-congreso-en-sudafrica","status":"publish","type":"post","link":"https:\/\/medicina.udd.cl\/kinesiologia-santiago\/noticias\/2017\/03\/31\/docentes-y-alumnos-del-magister-en-terapia-fisica-y-rehabilitacion-udd-expondran-en-congreso-en-sudafrica\/","title":{"rendered":"Docentes y alumnos del Mag\u00edster en Terapia F\u00edsica y Rehabilitaci\u00f3n UDD expondr\u00e1n en Congreso en Sud\u00e1frica"},"content":{"rendered":"<p style=\"text-align: justify\"><a href=\"http:\/\/medicina.udd.cl\/kinesiologia-santiago\/files\/2017\/03\/Docentes-Kinesiolog\u00eda-UDD.jpg\" rel=\"attachment wp-att-3507\"><img loading=\"lazy\" decoding=\"async\" class=\" wp-image-3507 aligncenter\" src=\"http:\/\/medicina.udd.cl\/kinesiologia-santiago\/files\/2017\/03\/Docentes-Kinesiolog\u00eda-UDD-300x200.jpg\" alt=\"Docentes Kinesiolog\u00eda UDD\" width=\"411\" height=\"274\" srcset=\"https:\/\/medicina.udd.cl\/kinesiologia-santiago\/files\/2017\/03\/Docentes-Kinesiolog\u00eda-UDD-300x200.jpg 300w, https:\/\/medicina.udd.cl\/kinesiologia-santiago\/files\/2017\/03\/Docentes-Kinesiolog\u00eda-UDD-768x513.jpg 768w, https:\/\/medicina.udd.cl\/kinesiologia-santiago\/files\/2017\/03\/Docentes-Kinesiolog\u00eda-UDD.jpg 900w\" sizes=\"auto, (max-width: 411px) 100vw, 411px\" \/><\/a>Un total de 12 profesionales, entre docentes y alumnos del Mag\u00edster en Terapia F\u00edsica y Rehabilitaci\u00f3n (MAKI) de la Universidad del Desarrollo participar\u00e1n en la pr\u00f3xima versi\u00f3n del congreso mundial de la <em>World Confederation for Physical Therapy<\/em> (WCPT), que se realizar\u00e1 entre el 2 y 4 de julio en Ciudad del Cabo, Sud\u00e1frica.<\/p>\n<p style=\"text-align: justify\">Se trata de 17 estudios aceptados por la WCTP, en formato p\u00f3ster y oral, que son parte del trabajo colaborativo entre la Universidad de Sao Paulo, <em>Texas Tech University Health Sciences Center<\/em> (TTUHSC) y la UDD, que abordan temas como la actividad f\u00edsica y salud, el dolor m\u00fasculo-esquel\u00e9tico cr\u00f3nico de la poblaci\u00f3n chilena, las lesiones en el running, la kinesiterapia en cuidados intensivos y el\u00a0Mag\u00edster en Terapia F\u00edsica y Rehabilitaci\u00f3n UDD como un ejemplo de educaci\u00f3n continua en colaboraci\u00f3n internacional.<\/p>\n<p style=\"text-align: justify\">Para<strong> Jaime Leppe, director del \u00e1rea de desarrollo cient\u00edfico del MAKI<\/strong>, la importancia de que los alumnos participen en este congreso est\u00e1 en cumplir con las competencias de comunicaci\u00f3n en el \u00e1rea de desarrollo cient\u00edfico. \u201cEn el WCPT Congress se re\u00fane el avance cient\u00edfico de la profesi\u00f3n, por lo que -adem\u00e1s de aprender c\u00f3mo comunicar, presentar y relacionarse con profesionales de todo el mundo- vivir\u00e1n una experiencia que ser\u00e1 un punto de inflexi\u00f3n en su formaci\u00f3n\u201d, se\u00f1al\u00f3.<\/p>\n<p style=\"text-align: justify\">\u201cHay dos competencias que buscamos desarrollar: la vinculaci\u00f3n con el medio y la transferencia de conocimientos. Creemos que es primordial que el estudiante del MAKI desarrolle estrategias comunicacionales que faciliten la disposici\u00f3n de la informaci\u00f3n y generaci\u00f3n de conocimiento. Y que, adem\u00e1s, participe en instancias en las que se pueda recibir un <em>feedback <\/em>directo\u201d, dijo <strong>Vicente Mauri, director del \u00e1rea disciplinar del mag\u00edster.<\/strong><\/p>\n<p style=\"text-align: justify\">Los autores principales de los trabajos son:<\/p>\n<ul style=\"text-align: justify\">\n<li>Vicente Mauri; director \u00e1rea disciplinar MAKI (2 trabajos)<\/li>\n<li>Jaime Leppe; director \u00e1rea desarrollo cient\u00edfico MAKI (2 trabajos)<\/li>\n<li>Sonia Roa; acad\u00e9mico MAKI (2 trabajos)<\/li>\n<li>Manuela Besomi; acad\u00e9mico MAKI (2 trabajos)<\/li>\n<li>Catalina Merino; acad\u00e9mico MAKI (1 trabajo)<\/li>\n<li>Loreto Durcudoy; docente Kinesiolog\u00eda UDD y alumno MAKI (1 trabajo)<\/li>\n<li>Mar\u00eda Jes\u00fas Mena; docente Kinesiolog\u00eda y alumno MAKI (1 trabajo)<\/li>\n<li>Ana Cristina Castro; docente Kinesiolog\u00eda (actualmente realizando su PhD en York, 1 trabajo)<\/li>\n<li>Felipe Gonz\u00e1lez; alumno MAKI (2 trabajos)<\/li>\n<li>B\u00e1rbara Munizaga; alumno MAKI (1 trabajo)<\/li>\n<li>Juan Jos\u00e9 Pinto; alumno MAKI (1 trabajo)<\/li>\n<li>Nadine Aranis; alumno MAKI (1 trabajo)<\/li>\n<\/ul>\n<p style=\"text-align: justify\">\n<p style=\"text-align: justify\"><strong>\u00a0<\/strong><\/p>\n","protected":false},"excerpt":{"rendered":"<p>Se trata de 17 estudios aceptados por la WCTP, en formato p\u00f3ster y oral, que son parte del trabajo colaborativo entre la Universidad de Sao Paulo, Texas Tech University Health Sciences Center (TTUHSC) y la UDD.<\/p>\n","protected":false},"author":9192192,"featured_media":0,"comment_status":"open","ping_status":"open","sticky":false,"template":"","format":"standard","meta":{"footnotes":""},"categories":[4],"tags":[],"class_list":["post-3506","post","type-post","status-publish","format-standard","hentry","category-noticias"],"yoast_head":"<!-- This site is optimized with the Yoast SEO plugin v26.9 - https:\/\/yoast.com\/product\/yoast-seo-wordpress\/ -->\n<title>Docentes y alumnos del Mag\u00edster en Terapia F\u00edsica y Rehabilitaci\u00f3n UDD expondr\u00e1n en Congreso en Sud\u00e1frica - Kinesiolog\u00eda<\/title>\n<meta name=\"robots\" content=\"index, follow, max-snippet:-1, max-image-preview:large, max-video-preview:-1\" \/>\n<link rel=\"canonical\" href=\"https:\/\/medicina.udd.cl\/kinesiologia-santiago\/noticias\/2017\/03\/31\/docentes-y-alumnos-del-magister-en-terapia-fisica-y-rehabilitacion-udd-expondran-en-congreso-en-sudafrica\/\" \/>\n<meta property=\"og:locale\" content=\"es_ES\" \/>\n<meta property=\"og:type\" content=\"article\" \/>\n<meta property=\"og:title\" content=\"Docentes y alumnos del Mag\u00edster en Terapia F\u00edsica y Rehabilitaci\u00f3n UDD expondr\u00e1n en Congreso en Sud\u00e1frica - Kinesiolog\u00eda\" \/>\n<meta property=\"og:description\" content=\"Se trata de 17 estudios aceptados por la WCTP, en formato p\u00f3ster y oral, que son parte del trabajo colaborativo entre la Universidad de Sao Paulo, Texas Tech University Health Sciences Center (TTUHSC) y la UDD.\" \/>\n<meta property=\"og:url\" content=\"https:\/\/medicina.udd.cl\/kinesiologia-santiago\/noticias\/2017\/03\/31\/docentes-y-alumnos-del-magister-en-terapia-fisica-y-rehabilitacion-udd-expondran-en-congreso-en-sudafrica\/\" \/>\n<meta property=\"og:site_name\" content=\"Kinesiolog\u00eda\" \/>\n<meta property=\"article:published_time\" content=\"2017-03-31T20:14:52+00:00\" \/>\n<meta name=\"author\" content=\"paulinamunoz\" \/>\n<meta name=\"twitter:label1\" content=\"Escrito por\" \/>\n\t<meta name=\"twitter:data1\" content=\"paulinamunoz\" \/>\n\t<meta name=\"twitter:label2\" content=\"Tiempo de lectura\" \/>\n\t<meta name=\"twitter:data2\" content=\"2 minutos\" \/>\n<script type=\"application\/ld+json\" class=\"yoast-schema-graph\">{\"@context\":\"https:\/\/schema.org\",\"@graph\":[{\"@type\":\"Article\",\"@id\":\"https:\/\/medicina.udd.cl\/kinesiologia-santiago\/noticias\/2017\/03\/31\/docentes-y-alumnos-del-magister-en-terapia-fisica-y-rehabilitacion-udd-expondran-en-congreso-en-sudafrica\/#article\",\"isPartOf\":{\"@id\":\"https:\/\/medicina.udd.cl\/kinesiologia-santiago\/noticias\/2017\/03\/31\/docentes-y-alumnos-del-magister-en-terapia-fisica-y-rehabilitacion-udd-expondran-en-congreso-en-sudafrica\/\"},\"author\":{\"name\":\"paulinamunoz\",\"@id\":\"https:\/\/medicina.udd.cl\/kinesiologia-santiago\/#\/schema\/person\/8bbd66125b574a40ec467c180c11f2e3\"},\"headline\":\"Docentes y alumnos del Mag\u00edster en Terapia F\u00edsica y Rehabilitaci\u00f3n UDD expondr\u00e1n en Congreso en Sud\u00e1frica\",\"datePublished\":\"2017-03-31T20:14:52+00:00\",\"mainEntityOfPage\":{\"@id\":\"https:\/\/medicina.udd.cl\/kinesiologia-santiago\/noticias\/2017\/03\/31\/docentes-y-alumnos-del-magister-en-terapia-fisica-y-rehabilitacion-udd-expondran-en-congreso-en-sudafrica\/\"},\"wordCount\":426,\"commentCount\":0,\"articleSection\":[\"Noticias\"],\"inLanguage\":\"es\",\"potentialAction\":[{\"@type\":\"CommentAction\",\"name\":\"Comment\",\"target\":[\"https:\/\/medicina.udd.cl\/kinesiologia-santiago\/noticias\/2017\/03\/31\/docentes-y-alumnos-del-magister-en-terapia-fisica-y-rehabilitacion-udd-expondran-en-congreso-en-sudafrica\/#respond\"]}]},{\"@type\":\"WebPage\",\"@id\":\"https:\/\/medicina.udd.cl\/kinesiologia-santiago\/noticias\/2017\/03\/31\/docentes-y-alumnos-del-magister-en-terapia-fisica-y-rehabilitacion-udd-expondran-en-congreso-en-sudafrica\/\",\"url\":\"https:\/\/medicina.udd.cl\/kinesiologia-santiago\/noticias\/2017\/03\/31\/docentes-y-alumnos-del-magister-en-terapia-fisica-y-rehabilitacion-udd-expondran-en-congreso-en-sudafrica\/\",\"name\":\"Docentes y alumnos del Mag\u00edster en Terapia F\u00edsica y Rehabilitaci\u00f3n UDD expondr\u00e1n en Congreso en Sud\u00e1frica - Kinesiolog\u00eda\",\"isPartOf\":{\"@id\":\"https:\/\/medicina.udd.cl\/kinesiologia-santiago\/#website\"},\"datePublished\":\"2017-03-31T20:14:52+00:00\",\"author\":{\"@id\":\"https:\/\/medicina.udd.cl\/kinesiologia-santiago\/#\/schema\/person\/8bbd66125b574a40ec467c180c11f2e3\"},\"breadcrumb\":{\"@id\":\"https:\/\/medicina.udd.cl\/kinesiologia-santiago\/noticias\/2017\/03\/31\/docentes-y-alumnos-del-magister-en-terapia-fisica-y-rehabilitacion-udd-expondran-en-congreso-en-sudafrica\/#breadcrumb\"},\"inLanguage\":\"es\",\"potentialAction\":[{\"@type\":\"ReadAction\",\"target\":[\"https:\/\/medicina.udd.cl\/kinesiologia-santiago\/noticias\/2017\/03\/31\/docentes-y-alumnos-del-magister-en-terapia-fisica-y-rehabilitacion-udd-expondran-en-congreso-en-sudafrica\/\"]}]},{\"@type\":\"BreadcrumbList\",\"@id\":\"https:\/\/medicina.udd.cl\/kinesiologia-santiago\/noticias\/2017\/03\/31\/docentes-y-alumnos-del-magister-en-terapia-fisica-y-rehabilitacion-udd-expondran-en-congreso-en-sudafrica\/#breadcrumb\",\"itemListElement\":[{\"@type\":\"ListItem\",\"position\":1,\"name\":\"Home\",\"item\":\"https:\/\/medicina.udd.cl\/kinesiologia-santiago\/\"},{\"@type\":\"ListItem\",\"position\":2,\"name\":\"Docentes y alumnos del Mag\u00edster en Terapia F\u00edsica y Rehabilitaci\u00f3n UDD expondr\u00e1n en Congreso en Sud\u00e1frica\"}]},{\"@type\":\"WebSite\",\"@id\":\"https:\/\/medicina.udd.cl\/kinesiologia-santiago\/#website\",\"url\":\"https:\/\/medicina.udd.cl\/kinesiologia-santiago\/\",\"name\":\"Kinesiolog\u00eda\",\"description\":\"Facultad de Medicina Cl\u00ednica Alemana Universidad del Desarrollo\",\"inLanguage\":\"es\"},{\"@type\":\"Person\",\"@id\":\"https:\/\/medicina.udd.cl\/kinesiologia-santiago\/#\/schema\/person\/8bbd66125b574a40ec467c180c11f2e3\",\"name\":\"paulinamunoz\",\"image\":{\"@type\":\"ImageObject\",\"inLanguage\":\"es\",\"@id\":\"https:\/\/medicina.udd.cl\/kinesiologia-santiago\/#\/schema\/person\/image\/\",\"url\":\"https:\/\/secure.gravatar.com\/avatar\/748ce8fb74e8f8077c4966697a3b3710ca0019e71a62146890c0dcdc705e7f3d?s=96&d=mm&r=g\",\"contentUrl\":\"https:\/\/secure.gravatar.com\/avatar\/748ce8fb74e8f8077c4966697a3b3710ca0019e71a62146890c0dcdc705e7f3d?s=96&d=mm&r=g\",\"caption\":\"paulinamunoz\"},\"url\":\"https:\/\/medicina.udd.cl\/kinesiologia-santiago\/noticias\/author\/paulinamunoz\/\"}]}<\/script>\n<!-- \/ Yoast SEO plugin. -->","yoast_head_json":{"title":"Docentes y alumnos del Mag\u00edster en Terapia F\u00edsica y Rehabilitaci\u00f3n UDD expondr\u00e1n en Congreso en Sud\u00e1frica - Kinesiolog\u00eda","robots":{"index":"index","follow":"follow","max-snippet":"max-snippet:-1","max-image-preview":"max-image-preview:large","max-video-preview":"max-video-preview:-1"},"canonical":"https:\/\/medicina.udd.cl\/kinesiologia-santiago\/noticias\/2017\/03\/31\/docentes-y-alumnos-del-magister-en-terapia-fisica-y-rehabilitacion-udd-expondran-en-congreso-en-sudafrica\/","og_locale":"es_ES","og_type":"article","og_title":"Docentes y alumnos del Mag\u00edster en Terapia F\u00edsica y Rehabilitaci\u00f3n UDD expondr\u00e1n en Congreso en Sud\u00e1frica - Kinesiolog\u00eda","og_description":"Se trata de 17 estudios aceptados por la WCTP, en formato p\u00f3ster y oral, que son parte del trabajo colaborativo entre la Universidad de Sao Paulo, Texas Tech University Health Sciences Center (TTUHSC) y la UDD.","og_url":"https:\/\/medicina.udd.cl\/kinesiologia-santiago\/noticias\/2017\/03\/31\/docentes-y-alumnos-del-magister-en-terapia-fisica-y-rehabilitacion-udd-expondran-en-congreso-en-sudafrica\/","og_site_name":"Kinesiolog\u00eda","article_published_time":"2017-03-31T20:14:52+00:00","author":"paulinamunoz","twitter_misc":{"Escrito por":"paulinamunoz","Tiempo de lectura":"2 minutos"},"schema":{"@context":"https:\/\/schema.org","@graph":[{"@type":"Article","@id":"https:\/\/medicina.udd.cl\/kinesiologia-santiago\/noticias\/2017\/03\/31\/docentes-y-alumnos-del-magister-en-terapia-fisica-y-rehabilitacion-udd-expondran-en-congreso-en-sudafrica\/#article","isPartOf":{"@id":"https:\/\/medicina.udd.cl\/kinesiologia-santiago\/noticias\/2017\/03\/31\/docentes-y-alumnos-del-magister-en-terapia-fisica-y-rehabilitacion-udd-expondran-en-congreso-en-sudafrica\/"},"author":{"name":"paulinamunoz","@id":"https:\/\/medicina.udd.cl\/kinesiologia-santiago\/#\/schema\/person\/8bbd66125b574a40ec467c180c11f2e3"},"headline":"Docentes y alumnos del Mag\u00edster en Terapia F\u00edsica y Rehabilitaci\u00f3n UDD expondr\u00e1n en Congreso en Sud\u00e1frica","datePublished":"2017-03-31T20:14:52+00:00","mainEntityOfPage":{"@id":"https:\/\/medicina.udd.cl\/kinesiologia-santiago\/noticias\/2017\/03\/31\/docentes-y-alumnos-del-magister-en-terapia-fisica-y-rehabilitacion-udd-expondran-en-congreso-en-sudafrica\/"},"wordCount":426,"commentCount":0,"articleSection":["Noticias"],"inLanguage":"es","potentialAction":[{"@type":"CommentAction","name":"Comment","target":["https:\/\/medicina.udd.cl\/kinesiologia-santiago\/noticias\/2017\/03\/31\/docentes-y-alumnos-del-magister-en-terapia-fisica-y-rehabilitacion-udd-expondran-en-congreso-en-sudafrica\/#respond"]}]},{"@type":"WebPage","@id":"https:\/\/medicina.udd.cl\/kinesiologia-santiago\/noticias\/2017\/03\/31\/docentes-y-alumnos-del-magister-en-terapia-fisica-y-rehabilitacion-udd-expondran-en-congreso-en-sudafrica\/","url":"https:\/\/medicina.udd.cl\/kinesiologia-santiago\/noticias\/2017\/03\/31\/docentes-y-alumnos-del-magister-en-terapia-fisica-y-rehabilitacion-udd-expondran-en-congreso-en-sudafrica\/","name":"Docentes y alumnos del Mag\u00edster en Terapia F\u00edsica y Rehabilitaci\u00f3n UDD expondr\u00e1n en Congreso en Sud\u00e1frica - Kinesiolog\u00eda","isPartOf":{"@id":"https:\/\/medicina.udd.cl\/kinesiologia-santiago\/#website"},"datePublished":"2017-03-31T20:14:52+00:00","author":{"@id":"https:\/\/medicina.udd.cl\/kinesiologia-santiago\/#\/schema\/person\/8bbd66125b574a40ec467c180c11f2e3"},"breadcrumb":{"@id":"https:\/\/medicina.udd.cl\/kinesiologia-santiago\/noticias\/2017\/03\/31\/docentes-y-alumnos-del-magister-en-terapia-fisica-y-rehabilitacion-udd-expondran-en-congreso-en-sudafrica\/#breadcrumb"},"inLanguage":"es","potentialAction":[{"@type":"ReadAction","target":["https:\/\/medicina.udd.cl\/kinesiologia-santiago\/noticias\/2017\/03\/31\/docentes-y-alumnos-del-magister-en-terapia-fisica-y-rehabilitacion-udd-expondran-en-congreso-en-sudafrica\/"]}]},{"@type":"BreadcrumbList","@id":"https:\/\/medicina.udd.cl\/kinesiologia-santiago\/noticias\/2017\/03\/31\/docentes-y-alumnos-del-magister-en-terapia-fisica-y-rehabilitacion-udd-expondran-en-congreso-en-sudafrica\/#breadcrumb","itemListElement":[{"@type":"ListItem","position":1,"name":"Home","item":"https:\/\/medicina.udd.cl\/kinesiologia-santiago\/"},{"@type":"ListItem","position":2,"name":"Docentes y alumnos del Mag\u00edster en Terapia F\u00edsica y Rehabilitaci\u00f3n UDD expondr\u00e1n en Congreso en Sud\u00e1frica"}]},{"@type":"WebSite","@id":"https:\/\/medicina.udd.cl\/kinesiologia-santiago\/#website","url":"https:\/\/medicina.udd.cl\/kinesiologia-santiago\/","name":"Kinesiolog\u00eda","description":"Facultad de Medicina Cl\u00ednica Alemana Universidad del Desarrollo","inLanguage":"es"},{"@type":"Person","@id":"https:\/\/medicina.udd.cl\/kinesiologia-santiago\/#\/schema\/person\/8bbd66125b574a40ec467c180c11f2e3","name":"paulinamunoz","image":{"@type":"ImageObject","inLanguage":"es","@id":"https:\/\/medicina.udd.cl\/kinesiologia-santiago\/#\/schema\/person\/image\/","url":"https:\/\/secure.gravatar.com\/avatar\/748ce8fb74e8f8077c4966697a3b3710ca0019e71a62146890c0dcdc705e7f3d?s=96&d=mm&r=g","contentUrl":"https:\/\/secure.gravatar.com\/avatar\/748ce8fb74e8f8077c4966697a3b3710ca0019e71a62146890c0dcdc705e7f3d?s=96&d=mm&r=g","caption":"paulinamunoz"},"url":"https:\/\/medicina.udd.cl\/kinesiologia-santiago\/noticias\/author\/paulinamunoz\/"}]}},"featured_image_url":null,"_links":{"self":[{"href":"https:\/\/medicina.udd.cl\/kinesiologia-santiago\/wp-json\/wp\/v2\/posts\/3506","targetHints":{"allow":["GET"]}}],"collection":[{"href":"https:\/\/medicina.udd.cl\/kinesiologia-santiago\/wp-json\/wp\/v2\/posts"}],"about":[{"href":"https:\/\/medicina.udd.cl\/kinesiologia-santiago\/wp-json\/wp\/v2\/types\/post"}],"author":[{"embeddable":true,"href":"https:\/\/medicina.udd.cl\/kinesiologia-santiago\/wp-json\/wp\/v2\/users\/9192192"}],"replies":[{"embeddable":true,"href":"https:\/\/medicina.udd.cl\/kinesiologia-santiago\/wp-json\/wp\/v2\/comments?post=3506"}],"version-history":[{"count":4,"href":"https:\/\/medicina.udd.cl\/kinesiologia-santiago\/wp-json\/wp\/v2\/posts\/3506\/revisions"}],"predecessor-version":[{"id":3511,"href":"https:\/\/medicina.udd.cl\/kinesiologia-santiago\/wp-json\/wp\/v2\/posts\/3506\/revisions\/3511"}],"wp:attachment":[{"href":"https:\/\/medicina.udd.cl\/kinesiologia-santiago\/wp-json\/wp\/v2\/media?parent=3506"}],"wp:term":[{"taxonomy":"category","embeddable":true,"href":"https:\/\/medicina.udd.cl\/kinesiologia-santiago\/wp-json\/wp\/v2\/categories?post=3506"},{"taxonomy":"post_tag","embeddable":true,"href":"https:\/\/medicina.udd.cl\/kinesiologia-santiago\/wp-json\/wp\/v2\/tags?post=3506"}],"curies":[{"name":"wp","href":"https:\/\/api.w.org\/{rel}","templated":true}]}}