{"id":3646,"date":"2017-06-22T12:44:19","date_gmt":"2017-06-22T16:44:19","guid":{"rendered":"http:\/\/medicina.udd.cl\/kinesiologia-santiago\/?p=3646"},"modified":"2017-06-23T12:03:52","modified_gmt":"2017-06-23T16:03:52","slug":"carreras-de-la-salud-se-suman-al-proyecto-educativo-udd-2025","status":"publish","type":"post","link":"https:\/\/medicina.udd.cl\/kinesiologia-santiago\/noticias\/2017\/06\/22\/carreras-de-la-salud-se-suman-al-proyecto-educativo-udd-2025\/","title":{"rendered":"Carreras de la Salud se suman al Proyecto Educativo UDD 2025"},"content":{"rendered":"<div id=\"gallery-1\" class=\"carousel slide carousel-gallery\" data-ride=\"false\" data-interval=\"false\"><div class=\"carousel-inner\" role=\"listbox\"><figure class=\"carousel-item active\"><img loading=\"lazy\" decoding=\"async\" width=\"827\" height=\"534\" src=\"https:\/\/medicina.udd.cl\/kinesiologia-santiago\/files\/2017\/06\/Santa-Cruz-2025-17.jpg\" class=\"attachment-landscape_952 size-landscape_952\" alt=\"\" srcset=\"https:\/\/medicina.udd.cl\/kinesiologia-santiago\/files\/2017\/06\/Santa-Cruz-2025-17.jpg 900w, https:\/\/medicina.udd.cl\/kinesiologia-santiago\/files\/2017\/06\/Santa-Cruz-2025-17-300x194.jpg 300w, https:\/\/medicina.udd.cl\/kinesiologia-santiago\/files\/2017\/06\/Santa-Cruz-2025-17-768x496.jpg 768w, https:\/\/medicina.udd.cl\/kinesiologia-santiago\/files\/2017\/06\/Santa-Cruz-2025-17-125x80.jpg 125w, https:\/\/medicina.udd.cl\/kinesiologia-santiago\/files\/2017\/06\/Santa-Cruz-2025-17-340x220.jpg 340w\" sizes=\"auto, (max-width: 827px) 100vw, 827px\" \/><\/figure><figure class=\"carousel-item\"><img loading=\"lazy\" decoding=\"async\" width=\"801\" height=\"534\" src=\"https:\/\/medicina.udd.cl\/kinesiologia-santiago\/files\/2017\/06\/Santa-Cruz-2025-18.jpg\" class=\"attachment-landscape_952 size-landscape_952\" alt=\"\" srcset=\"https:\/\/medicina.udd.cl\/kinesiologia-santiago\/files\/2017\/06\/Santa-Cruz-2025-18.jpg 900w, https:\/\/medicina.udd.cl\/kinesiologia-santiago\/files\/2017\/06\/Santa-Cruz-2025-18-300x200.jpg 300w, https:\/\/medicina.udd.cl\/kinesiologia-santiago\/files\/2017\/06\/Santa-Cruz-2025-18-768x512.jpg 768w\" sizes=\"auto, (max-width: 801px) 100vw, 801px\" \/><\/figure><figure class=\"carousel-item\"><img loading=\"lazy\" decoding=\"async\" width=\"682\" height=\"534\" src=\"https:\/\/medicina.udd.cl\/kinesiologia-santiago\/files\/2017\/06\/Santa-Cruz-2025-2.jpg\" class=\"attachment-landscape_952 size-landscape_952\" alt=\"\" srcset=\"https:\/\/medicina.udd.cl\/kinesiologia-santiago\/files\/2017\/06\/Santa-Cruz-2025-2.jpg 2401w, https:\/\/medicina.udd.cl\/kinesiologia-santiago\/files\/2017\/06\/Santa-Cruz-2025-2-300x235.jpg 300w, https:\/\/medicina.udd.cl\/kinesiologia-santiago\/files\/2017\/06\/Santa-Cruz-2025-2-768x602.jpg 768w, https:\/\/medicina.udd.cl\/kinesiologia-santiago\/files\/2017\/06\/Santa-Cruz-2025-2-1024x802.jpg 1024w, https:\/\/medicina.udd.cl\/kinesiologia-santiago\/files\/2017\/06\/Santa-Cruz-2025-2-960x752.jpg 960w\" sizes=\"auto, (max-width: 682px) 100vw, 682px\" \/><\/figure><figure class=\"carousel-item\"><img loading=\"lazy\" decoding=\"async\" width=\"801\" height=\"534\" src=\"https:\/\/medicina.udd.cl\/kinesiologia-santiago\/files\/2017\/06\/Santa-Cruz-2025-19.jpg\" class=\"attachment-landscape_952 size-landscape_952\" alt=\"\" srcset=\"https:\/\/medicina.udd.cl\/kinesiologia-santiago\/files\/2017\/06\/Santa-Cruz-2025-19.jpg 900w, https:\/\/medicina.udd.cl\/kinesiologia-santiago\/files\/2017\/06\/Santa-Cruz-2025-19-300x200.jpg 300w, https:\/\/medicina.udd.cl\/kinesiologia-santiago\/files\/2017\/06\/Santa-Cruz-2025-19-768x512.jpg 768w\" sizes=\"auto, (max-width: 801px) 100vw, 801px\" \/><\/figure><figure class=\"carousel-item\"><img loading=\"lazy\" decoding=\"async\" width=\"752\" height=\"534\" src=\"https:\/\/medicina.udd.cl\/kinesiologia-santiago\/files\/2017\/06\/Santa-Cruz-2025-13.jpg\" class=\"attachment-landscape_952 size-landscape_952\" alt=\"\" srcset=\"https:\/\/medicina.udd.cl\/kinesiologia-santiago\/files\/2017\/06\/Santa-Cruz-2025-13.jpg 900w, https:\/\/medicina.udd.cl\/kinesiologia-santiago\/files\/2017\/06\/Santa-Cruz-2025-13-300x213.jpg 300w, https:\/\/medicina.udd.cl\/kinesiologia-santiago\/files\/2017\/06\/Santa-Cruz-2025-13-768x545.jpg 768w, https:\/\/medicina.udd.cl\/kinesiologia-santiago\/files\/2017\/06\/Santa-Cruz-2025-13-316x224.jpg 316w, https:\/\/medicina.udd.cl\/kinesiologia-santiago\/files\/2017\/06\/Santa-Cruz-2025-13-87x62.jpg 87w\" sizes=\"auto, (max-width: 752px) 100vw, 752px\" \/><\/figure><figure class=\"carousel-item\"><img loading=\"lazy\" decoding=\"async\" width=\"721\" height=\"534\" src=\"https:\/\/medicina.udd.cl\/kinesiologia-santiago\/files\/2017\/06\/Santa-Cruz-2025-3.jpg\" class=\"attachment-landscape_952 size-landscape_952\" alt=\"\" srcset=\"https:\/\/medicina.udd.cl\/kinesiologia-santiago\/files\/2017\/06\/Santa-Cruz-2025-3.jpg 2841w, https:\/\/medicina.udd.cl\/kinesiologia-santiago\/files\/2017\/06\/Santa-Cruz-2025-3-300x222.jpg 300w, https:\/\/medicina.udd.cl\/kinesiologia-santiago\/files\/2017\/06\/Santa-Cruz-2025-3-768x569.jpg 768w, https:\/\/medicina.udd.cl\/kinesiologia-santiago\/files\/2017\/06\/Santa-Cruz-2025-3-1024x759.jpg 1024w, https:\/\/medicina.udd.cl\/kinesiologia-santiago\/files\/2017\/06\/Santa-Cruz-2025-3-960x711.jpg 960w\" sizes=\"auto, (max-width: 721px) 100vw, 721px\" \/><\/figure><figure class=\"carousel-item\"><img loading=\"lazy\" decoding=\"async\" width=\"779\" height=\"534\" src=\"https:\/\/medicina.udd.cl\/kinesiologia-santiago\/files\/2017\/06\/Santa-Cruz-2025-4.jpg\" class=\"attachment-landscape_952 size-landscape_952\" alt=\"\" srcset=\"https:\/\/medicina.udd.cl\/kinesiologia-santiago\/files\/2017\/06\/Santa-Cruz-2025-4.jpg 2801w, https:\/\/medicina.udd.cl\/kinesiologia-santiago\/files\/2017\/06\/Santa-Cruz-2025-4-300x206.jpg 300w, https:\/\/medicina.udd.cl\/kinesiologia-santiago\/files\/2017\/06\/Santa-Cruz-2025-4-768x527.jpg 768w, https:\/\/medicina.udd.cl\/kinesiologia-santiago\/files\/2017\/06\/Santa-Cruz-2025-4-1024x702.jpg 1024w, https:\/\/medicina.udd.cl\/kinesiologia-santiago\/files\/2017\/06\/Santa-Cruz-2025-4-960x658.jpg 960w\" sizes=\"auto, (max-width: 779px) 100vw, 779px\" \/><\/figure><figure class=\"carousel-item\"><img loading=\"lazy\" decoding=\"async\" width=\"712\" height=\"534\" src=\"https:\/\/medicina.udd.cl\/kinesiologia-santiago\/files\/2017\/06\/Santa-Cruz-2025-5.jpg\" class=\"attachment-landscape_952 size-landscape_952\" alt=\"\" srcset=\"https:\/\/medicina.udd.cl\/kinesiologia-santiago\/files\/2017\/06\/Santa-Cruz-2025-5.jpg 3264w, https:\/\/medicina.udd.cl\/kinesiologia-santiago\/files\/2017\/06\/Santa-Cruz-2025-5-300x225.jpg 300w, https:\/\/medicina.udd.cl\/kinesiologia-santiago\/files\/2017\/06\/Santa-Cruz-2025-5-768x576.jpg 768w, https:\/\/medicina.udd.cl\/kinesiologia-santiago\/files\/2017\/06\/Santa-Cruz-2025-5-1024x768.jpg 1024w, https:\/\/medicina.udd.cl\/kinesiologia-santiago\/files\/2017\/06\/Santa-Cruz-2025-5-960x720.jpg 960w\" sizes=\"auto, (max-width: 712px) 100vw, 712px\" \/><\/figure><figure class=\"carousel-item\"><img loading=\"lazy\" decoding=\"async\" width=\"815\" height=\"534\" src=\"https:\/\/medicina.udd.cl\/kinesiologia-santiago\/files\/2017\/06\/Santa-Cruz-2025-6.jpg\" class=\"attachment-landscape_952 size-landscape_952\" alt=\"\" srcset=\"https:\/\/medicina.udd.cl\/kinesiologia-santiago\/files\/2017\/06\/Santa-Cruz-2025-6.jpg 3041w, https:\/\/medicina.udd.cl\/kinesiologia-santiago\/files\/2017\/06\/Santa-Cruz-2025-6-300x197.jpg 300w, https:\/\/medicina.udd.cl\/kinesiologia-santiago\/files\/2017\/06\/Santa-Cruz-2025-6-768x503.jpg 768w, https:\/\/medicina.udd.cl\/kinesiologia-santiago\/files\/2017\/06\/Santa-Cruz-2025-6-1024x671.jpg 1024w, https:\/\/medicina.udd.cl\/kinesiologia-santiago\/files\/2017\/06\/Santa-Cruz-2025-6-960x629.jpg 960w\" sizes=\"auto, (max-width: 815px) 100vw, 815px\" \/><\/figure><figure class=\"carousel-item\"><img loading=\"lazy\" decoding=\"async\" width=\"716\" height=\"534\" src=\"https:\/\/medicina.udd.cl\/kinesiologia-santiago\/files\/2017\/06\/Santa-Cruz-2025-7.jpg\" class=\"attachment-landscape_952 size-landscape_952\" alt=\"\" srcset=\"https:\/\/medicina.udd.cl\/kinesiologia-santiago\/files\/2017\/06\/Santa-Cruz-2025-7.jpg 2801w, https:\/\/medicina.udd.cl\/kinesiologia-santiago\/files\/2017\/06\/Santa-Cruz-2025-7-300x224.jpg 300w, https:\/\/medicina.udd.cl\/kinesiologia-santiago\/files\/2017\/06\/Santa-Cruz-2025-7-768x573.jpg 768w, https:\/\/medicina.udd.cl\/kinesiologia-santiago\/files\/2017\/06\/Santa-Cruz-2025-7-1024x764.jpg 1024w, https:\/\/medicina.udd.cl\/kinesiologia-santiago\/files\/2017\/06\/Santa-Cruz-2025-7-960x716.jpg 960w\" sizes=\"auto, (max-width: 716px) 100vw, 716px\" \/><\/figure><figure class=\"carousel-item\"><img loading=\"lazy\" decoding=\"async\" width=\"606\" height=\"534\" src=\"https:\/\/medicina.udd.cl\/kinesiologia-santiago\/files\/2017\/06\/Santa-Cruz-2025-8.jpg\" class=\"attachment-landscape_952 size-landscape_952\" alt=\"\" srcset=\"https:\/\/medicina.udd.cl\/kinesiologia-santiago\/files\/2017\/06\/Santa-Cruz-2025-8.jpg 2713w, https:\/\/medicina.udd.cl\/kinesiologia-santiago\/files\/2017\/06\/Santa-Cruz-2025-8-300x264.jpg 300w, https:\/\/medicina.udd.cl\/kinesiologia-santiago\/files\/2017\/06\/Santa-Cruz-2025-8-768x676.jpg 768w, https:\/\/medicina.udd.cl\/kinesiologia-santiago\/files\/2017\/06\/Santa-Cruz-2025-8-1024x902.jpg 1024w, https:\/\/medicina.udd.cl\/kinesiologia-santiago\/files\/2017\/06\/Santa-Cruz-2025-8-960x845.jpg 960w\" sizes=\"auto, (max-width: 606px) 100vw, 606px\" \/><\/figure><figure class=\"carousel-item\"><img loading=\"lazy\" decoding=\"async\" width=\"698\" height=\"534\" src=\"https:\/\/medicina.udd.cl\/kinesiologia-santiago\/files\/2017\/06\/Santa-Cruz-2025-15.jpg\" class=\"attachment-landscape_952 size-landscape_952\" alt=\"\" srcset=\"https:\/\/medicina.udd.cl\/kinesiologia-santiago\/files\/2017\/06\/Santa-Cruz-2025-15.jpg 900w, https:\/\/medicina.udd.cl\/kinesiologia-santiago\/files\/2017\/06\/Santa-Cruz-2025-15-300x230.jpg 300w, https:\/\/medicina.udd.cl\/kinesiologia-santiago\/files\/2017\/06\/Santa-Cruz-2025-15-768x588.jpg 768w, https:\/\/medicina.udd.cl\/kinesiologia-santiago\/files\/2017\/06\/Santa-Cruz-2025-15-182x140.jpg 182w\" sizes=\"auto, (max-width: 698px) 100vw, 698px\" \/><\/figure><figure class=\"carousel-item\"><img loading=\"lazy\" decoding=\"async\" width=\"797\" height=\"534\" src=\"https:\/\/medicina.udd.cl\/kinesiologia-santiago\/files\/2017\/06\/Santa-Cruz-2025-9.jpg\" class=\"attachment-landscape_952 size-landscape_952\" alt=\"\" srcset=\"https:\/\/medicina.udd.cl\/kinesiologia-santiago\/files\/2017\/06\/Santa-Cruz-2025-9.jpg 2837w, https:\/\/medicina.udd.cl\/kinesiologia-santiago\/files\/2017\/06\/Santa-Cruz-2025-9-300x201.jpg 300w, https:\/\/medicina.udd.cl\/kinesiologia-santiago\/files\/2017\/06\/Santa-Cruz-2025-9-768x515.jpg 768w, https:\/\/medicina.udd.cl\/kinesiologia-santiago\/files\/2017\/06\/Santa-Cruz-2025-9-1024x686.jpg 1024w, https:\/\/medicina.udd.cl\/kinesiologia-santiago\/files\/2017\/06\/Santa-Cruz-2025-9-960x643.jpg 960w\" sizes=\"auto, (max-width: 797px) 100vw, 797px\" \/><\/figure><figure class=\"carousel-item\"><img loading=\"lazy\" decoding=\"async\" width=\"699\" height=\"534\" src=\"https:\/\/medicina.udd.cl\/kinesiologia-santiago\/files\/2017\/06\/Santa-Cruz-2025-10.jpg\" class=\"attachment-landscape_952 size-landscape_952\" alt=\"\" srcset=\"https:\/\/medicina.udd.cl\/kinesiologia-santiago\/files\/2017\/06\/Santa-Cruz-2025-10.jpg 900w, https:\/\/medicina.udd.cl\/kinesiologia-santiago\/files\/2017\/06\/Santa-Cruz-2025-10-300x229.jpg 300w, https:\/\/medicina.udd.cl\/kinesiologia-santiago\/files\/2017\/06\/Santa-Cruz-2025-10-768x587.jpg 768w, https:\/\/medicina.udd.cl\/kinesiologia-santiago\/files\/2017\/06\/Santa-Cruz-2025-10-182x140.jpg 182w\" sizes=\"auto, (max-width: 699px) 100vw, 699px\" \/><\/figure><figure class=\"carousel-item\"><img loading=\"lazy\" decoding=\"async\" width=\"704\" height=\"534\" src=\"https:\/\/medicina.udd.cl\/kinesiologia-santiago\/files\/2017\/06\/Santa-Cruz-2025-1.jpg\" class=\"attachment-landscape_952 size-landscape_952\" alt=\"\" srcset=\"https:\/\/medicina.udd.cl\/kinesiologia-santiago\/files\/2017\/06\/Santa-Cruz-2025-1.jpg 900w, https:\/\/medicina.udd.cl\/kinesiologia-santiago\/files\/2017\/06\/Santa-Cruz-2025-1-300x228.jpg 300w, https:\/\/medicina.udd.cl\/kinesiologia-santiago\/files\/2017\/06\/Santa-Cruz-2025-1-768x583.jpg 768w\" sizes=\"auto, (max-width: 704px) 100vw, 704px\" \/><\/figure><figure class=\"carousel-item\"><img loading=\"lazy\" decoding=\"async\" width=\"808\" height=\"534\" src=\"https:\/\/medicina.udd.cl\/kinesiologia-santiago\/files\/2017\/06\/Santa-Cruz-2025-11.jpg\" class=\"attachment-landscape_952 size-landscape_952\" alt=\"\" srcset=\"https:\/\/medicina.udd.cl\/kinesiologia-santiago\/files\/2017\/06\/Santa-Cruz-2025-11.jpg 900w, https:\/\/medicina.udd.cl\/kinesiologia-santiago\/files\/2017\/06\/Santa-Cruz-2025-11-300x198.jpg 300w, https:\/\/medicina.udd.cl\/kinesiologia-santiago\/files\/2017\/06\/Santa-Cruz-2025-11-768x508.jpg 768w\" sizes=\"auto, (max-width: 808px) 100vw, 808px\" \/><\/figure><figure class=\"carousel-item\"><img loading=\"lazy\" decoding=\"async\" width=\"758\" height=\"534\" src=\"https:\/\/medicina.udd.cl\/kinesiologia-santiago\/files\/2017\/06\/Santa-Cruz-2025-12.jpg\" class=\"attachment-landscape_952 size-landscape_952\" alt=\"\" srcset=\"https:\/\/medicina.udd.cl\/kinesiologia-santiago\/files\/2017\/06\/Santa-Cruz-2025-12.jpg 900w, https:\/\/medicina.udd.cl\/kinesiologia-santiago\/files\/2017\/06\/Santa-Cruz-2025-12-300x211.jpg 300w, https:\/\/medicina.udd.cl\/kinesiologia-santiago\/files\/2017\/06\/Santa-Cruz-2025-12-768x541.jpg 768w, https:\/\/medicina.udd.cl\/kinesiologia-santiago\/files\/2017\/06\/Santa-Cruz-2025-12-316x224.jpg 316w, https:\/\/medicina.udd.cl\/kinesiologia-santiago\/files\/2017\/06\/Santa-Cruz-2025-12-87x62.jpg 87w\" sizes=\"auto, (max-width: 758px) 100vw, 758px\" \/><\/figure><figure class=\"carousel-item\"><img loading=\"lazy\" decoding=\"async\" width=\"683\" height=\"534\" src=\"https:\/\/medicina.udd.cl\/kinesiologia-santiago\/files\/2017\/06\/Santa-Cruz-2025-14.jpg\" class=\"attachment-landscape_952 size-landscape_952\" alt=\"\" srcset=\"https:\/\/medicina.udd.cl\/kinesiologia-santiago\/files\/2017\/06\/Santa-Cruz-2025-14.jpg 900w, https:\/\/medicina.udd.cl\/kinesiologia-santiago\/files\/2017\/06\/Santa-Cruz-2025-14-300x235.jpg 300w, https:\/\/medicina.udd.cl\/kinesiologia-santiago\/files\/2017\/06\/Santa-Cruz-2025-14-768x601.jpg 768w\" sizes=\"auto, (max-width: 683px) 100vw, 683px\" \/><\/figure><\/div><footer class=\"carousel-footer\"><div class=\"carousel-counter\"><span class=\"carousel-counter-current\"><\/span> \/ <span class=\"carousel-counter-total\"><\/span><\/div><a class=\"carousel-control-prev\" href=\"#gallery-1\" role=\"button\" data-slide=\"prev\"><svg aria-hidden=\"true\" class=\"svg-chevron-left-dims\"><use xlink:href='https:\/\/medicina.udd.cl\/kinesiologia-santiago\/wp-content\/themes\/facultades-2018\/assets\/img\/svg\/dist\/main.svg?version=1695853099#chevron-left'><\/use><\/svg><span class=\"sr-only\">Anterior<\/span><\/a><a class=\"carousel-control-next\" href=\"#gallery-1\" role=\"button\" data-slide=\"next\"><svg aria-hidden=\"true\" class=\"svg-chevron-right-dims\"><use xlink:href='https:\/\/medicina.udd.cl\/kinesiologia-santiago\/wp-content\/themes\/facultades-2018\/assets\/img\/svg\/dist\/main.svg?version=1695853099#chevron-right'><\/use><\/svg><span class=\"sr-only\">Siguiente<\/span><\/a><\/footer><\/div>\n<p style=\"text-align: justify\">Directores y coordinadores acad\u00e9micos de las carreras de la Salud y Odontolog\u00eda, de Santiago y Concepci\u00f3n, trabajaron arduamente durante dos d\u00edas en el an\u00e1lisis de las innovaciones que propone el <em>Proyecto Educativo UDD 2025<\/em>, logrando generar una primera propuesta de inclusi\u00f3n en los planes de estudio.<\/p>\n<p style=\"text-align: justify\">La Jornada de trabajo, que fue organizada por Unidad de Calidad de la Facultad de Medicina CAS-UDD, se realiz\u00f3 en la ciudad de Santa Cruz, Valle de Colchagua, y cont\u00f3 con la presencia de los vicerrectores de Pregrado, los decanos de la Facultad de Medicina y de Ciencias de la Salud, la vicedecana de las carreras de la Salud de Santiago, la directora de Docencia de la UDD y miembros del Centro de Desarrollo de la Docencia.<\/p>\n<p style=\"text-align: justify\"><strong>Con miras a ser una universidad del futuro<\/strong><\/p>\n<p style=\"text-align: justify\">\u201cLa Universidad del Desarrollo quiere marcar una diferencia y estamos convencidos que somos capaces de ofrecer un proyecto educativo distinto, como respuesta a un entorno cambiante y a la necesidad de posicionar con fuerza a esta Instituci\u00f3n como una universidad del futuro\u201d, fueron las palabras del vicerrector de Pregrado de Santiago, Juan Eduardo Vargas, quien dio inicio a la jornada planteando los cimientos que sustentan este nuevo modelo.<\/p>\n<p style=\"text-align: justify\">Los cambios en el entorno laboral, la flexibilidad exigida a los egresados de todas las instituciones educacionales, la valoraci\u00f3n de las habilidades blandas y de nuevas competencias, y la diversidad de alumnos, con brechas e intereses diversos, justifican este nuevo proyecto educativo, al que se deber\u00e1n sumar todas las carreras de la instituci\u00f3n.<\/p>\n<p style=\"text-align: justify\">En ese contexto, directores y coordinadores aclararon dudas con el vicerrector respecto a las Destrezas Universitarias M\u00ednimas (DUM) e interdisciplina y globalizaci\u00f3n, para luego reflexionar y trabajar en equipo con nuevas propuestas que aporten innovaciones para las carreras de la Salud.<\/p>\n<p style=\"text-align: justify\"><strong>Solidez para los estudiantes de la UDD<\/strong><\/p>\n<p style=\"text-align: justify\">El d\u00eda martes la jornada se centr\u00f3 en las mallas curriculares de las distintas carreras y en las variaciones que deben experimentar en torno a las nuevas directrices. \u201cLo importante con estos cambios es darle la mejor educaci\u00f3n a nuestros estudiantes, de acuerdo a los lineamientos que hemos establecido\u201d, puntualiz\u00f3 Juan Eduardo Vargas.<\/p>\n<p style=\"text-align: justify\">Un trabajo minucioso, reflexivo y colaborativo fue el que realizaron los asistentes de Santiago y Concepci\u00f3n en las mallas curriculares, centrando las variaciones en una s\u00f3lida formaci\u00f3n disciplinar y en la incorporaci\u00f3n de iniciativas extradisciplinares basadas en un aprendizaje experiencial e incorporando tecnolog\u00edas digitales acordes a los nuevos tiempos.<\/p>\n<p style=\"text-align: justify\">Al t\u00e9rmino de la jornada, la vicerrectora de Pregrado de Concepci\u00f3n, Florencia Jofr\u00e9, agradeci\u00f3 a los asistentes por el trabajo y esfuerzo invertido en esta tarea, agregando que \u201ceste es un proyecto que debemos sentir como propio y aprovechar la instancia, que responde a las tendencias mundiales en educaci\u00f3n superior, para nutrirnos de otras carreras, haciendo de esta iniciativa en com\u00fan una tremenda oportunidad\u201d.<\/p>\n<p style=\"text-align: justify\">\n","protected":false},"excerpt":{"rendered":"<p>Directores y coordinadores acad\u00e9micos de las carreras de la Salud y Odontolog\u00eda, de Santiago y Concepci\u00f3n, trabajaron arduamente durante dos d\u00edas en el an\u00e1lisis de las innovaciones que propone el Proyecto Educativo UDD 2025, logrando generar una primera propuesta de inclusi\u00f3n en los planes de estudio. La Jornada de trabajo, que fue organizada por Unidad [&hellip;]<\/p>\n","protected":false},"author":9192192,"featured_media":3662,"comment_status":"open","ping_status":"open","sticky":false,"template":"","format":"standard","meta":{"footnotes":""},"categories":[4],"tags":[],"class_list":["post-3646","post","type-post","status-publish","format-standard","has-post-thumbnail","hentry","category-noticias"],"yoast_head":"<!-- This site is optimized with the Yoast SEO plugin v26.9 - https:\/\/yoast.com\/product\/yoast-seo-wordpress\/ -->\n<title>Carreras de la Salud se suman al Proyecto Educativo UDD 2025 - Kinesiolog\u00eda<\/title>\n<meta name=\"robots\" content=\"index, follow, max-snippet:-1, max-image-preview:large, max-video-preview:-1\" \/>\n<link rel=\"canonical\" href=\"https:\/\/medicina.udd.cl\/kinesiologia-santiago\/noticias\/2017\/06\/22\/carreras-de-la-salud-se-suman-al-proyecto-educativo-udd-2025\/\" \/>\n<meta property=\"og:locale\" content=\"es_ES\" \/>\n<meta property=\"og:type\" content=\"article\" \/>\n<meta property=\"og:title\" content=\"Carreras de la Salud se suman al Proyecto Educativo UDD 2025 - Kinesiolog\u00eda\" \/>\n<meta property=\"og:description\" content=\"Directores y coordinadores acad\u00e9micos de las carreras de la Salud y Odontolog\u00eda, de Santiago y Concepci\u00f3n, trabajaron arduamente durante dos d\u00edas en el an\u00e1lisis de las innovaciones que propone el Proyecto Educativo UDD 2025, logrando generar una primera propuesta de inclusi\u00f3n en los planes de estudio. La Jornada de trabajo, que fue organizada por Unidad [&hellip;]\" \/>\n<meta property=\"og:url\" content=\"https:\/\/medicina.udd.cl\/kinesiologia-santiago\/noticias\/2017\/06\/22\/carreras-de-la-salud-se-suman-al-proyecto-educativo-udd-2025\/\" \/>\n<meta property=\"og:site_name\" content=\"Kinesiolog\u00eda\" \/>\n<meta property=\"article:published_time\" content=\"2017-06-22T16:44:19+00:00\" \/>\n<meta property=\"article:modified_time\" content=\"2017-06-23T16:03:52+00:00\" \/>\n<meta property=\"og:image\" content=\"https:\/\/medicina.udd.cl\/kinesiologia-santiago\/files\/2017\/06\/Santa-Cruz-2025-17.jpg\" \/>\n\t<meta property=\"og:image:width\" content=\"900\" \/>\n\t<meta property=\"og:image:height\" content=\"581\" \/>\n\t<meta property=\"og:image:type\" content=\"image\/jpeg\" \/>\n<meta name=\"author\" content=\"paulinamunoz\" \/>\n<meta name=\"twitter:label1\" content=\"Escrito por\" \/>\n\t<meta name=\"twitter:data1\" content=\"paulinamunoz\" \/>\n\t<meta name=\"twitter:label2\" content=\"Tiempo de lectura\" \/>\n\t<meta name=\"twitter:data2\" content=\"2 minutos\" \/>\n<script type=\"application\/ld+json\" class=\"yoast-schema-graph\">{\"@context\":\"https:\/\/schema.org\",\"@graph\":[{\"@type\":\"Article\",\"@id\":\"https:\/\/medicina.udd.cl\/kinesiologia-santiago\/noticias\/2017\/06\/22\/carreras-de-la-salud-se-suman-al-proyecto-educativo-udd-2025\/#article\",\"isPartOf\":{\"@id\":\"https:\/\/medicina.udd.cl\/kinesiologia-santiago\/noticias\/2017\/06\/22\/carreras-de-la-salud-se-suman-al-proyecto-educativo-udd-2025\/\"},\"author\":{\"name\":\"paulinamunoz\",\"@id\":\"https:\/\/medicina.udd.cl\/kinesiologia-santiago\/#\/schema\/person\/8bbd66125b574a40ec467c180c11f2e3\"},\"headline\":\"Carreras de la Salud se suman al Proyecto Educativo UDD 2025\",\"datePublished\":\"2017-06-22T16:44:19+00:00\",\"dateModified\":\"2017-06-23T16:03:52+00:00\",\"mainEntityOfPage\":{\"@id\":\"https:\/\/medicina.udd.cl\/kinesiologia-santiago\/noticias\/2017\/06\/22\/carreras-de-la-salud-se-suman-al-proyecto-educativo-udd-2025\/\"},\"wordCount\":500,\"commentCount\":0,\"image\":{\"@id\":\"https:\/\/medicina.udd.cl\/kinesiologia-santiago\/noticias\/2017\/06\/22\/carreras-de-la-salud-se-suman-al-proyecto-educativo-udd-2025\/#primaryimage\"},\"thumbnailUrl\":\"https:\/\/medicina.udd.cl\/kinesiologia-santiago\/files\/2017\/06\/Santa-Cruz-2025-17.jpg\",\"articleSection\":[\"Noticias\"],\"inLanguage\":\"es\",\"potentialAction\":[{\"@type\":\"CommentAction\",\"name\":\"Comment\",\"target\":[\"https:\/\/medicina.udd.cl\/kinesiologia-santiago\/noticias\/2017\/06\/22\/carreras-de-la-salud-se-suman-al-proyecto-educativo-udd-2025\/#respond\"]}]},{\"@type\":\"WebPage\",\"@id\":\"https:\/\/medicina.udd.cl\/kinesiologia-santiago\/noticias\/2017\/06\/22\/carreras-de-la-salud-se-suman-al-proyecto-educativo-udd-2025\/\",\"url\":\"https:\/\/medicina.udd.cl\/kinesiologia-santiago\/noticias\/2017\/06\/22\/carreras-de-la-salud-se-suman-al-proyecto-educativo-udd-2025\/\",\"name\":\"Carreras de la Salud se suman al Proyecto Educativo UDD 2025 - Kinesiolog\u00eda\",\"isPartOf\":{\"@id\":\"https:\/\/medicina.udd.cl\/kinesiologia-santiago\/#website\"},\"primaryImageOfPage\":{\"@id\":\"https:\/\/medicina.udd.cl\/kinesiologia-santiago\/noticias\/2017\/06\/22\/carreras-de-la-salud-se-suman-al-proyecto-educativo-udd-2025\/#primaryimage\"},\"image\":{\"@id\":\"https:\/\/medicina.udd.cl\/kinesiologia-santiago\/noticias\/2017\/06\/22\/carreras-de-la-salud-se-suman-al-proyecto-educativo-udd-2025\/#primaryimage\"},\"thumbnailUrl\":\"https:\/\/medicina.udd.cl\/kinesiologia-santiago\/files\/2017\/06\/Santa-Cruz-2025-17.jpg\",\"datePublished\":\"2017-06-22T16:44:19+00:00\",\"dateModified\":\"2017-06-23T16:03:52+00:00\",\"author\":{\"@id\":\"https:\/\/medicina.udd.cl\/kinesiologia-santiago\/#\/schema\/person\/8bbd66125b574a40ec467c180c11f2e3\"},\"breadcrumb\":{\"@id\":\"https:\/\/medicina.udd.cl\/kinesiologia-santiago\/noticias\/2017\/06\/22\/carreras-de-la-salud-se-suman-al-proyecto-educativo-udd-2025\/#breadcrumb\"},\"inLanguage\":\"es\",\"potentialAction\":[{\"@type\":\"ReadAction\",\"target\":[\"https:\/\/medicina.udd.cl\/kinesiologia-santiago\/noticias\/2017\/06\/22\/carreras-de-la-salud-se-suman-al-proyecto-educativo-udd-2025\/\"]}]},{\"@type\":\"ImageObject\",\"inLanguage\":\"es\",\"@id\":\"https:\/\/medicina.udd.cl\/kinesiologia-santiago\/noticias\/2017\/06\/22\/carreras-de-la-salud-se-suman-al-proyecto-educativo-udd-2025\/#primaryimage\",\"url\":\"https:\/\/medicina.udd.cl\/kinesiologia-santiago\/files\/2017\/06\/Santa-Cruz-2025-17.jpg\",\"contentUrl\":\"https:\/\/medicina.udd.cl\/kinesiologia-santiago\/files\/2017\/06\/Santa-Cruz-2025-17.jpg\",\"width\":900,\"height\":581},{\"@type\":\"BreadcrumbList\",\"@id\":\"https:\/\/medicina.udd.cl\/kinesiologia-santiago\/noticias\/2017\/06\/22\/carreras-de-la-salud-se-suman-al-proyecto-educativo-udd-2025\/#breadcrumb\",\"itemListElement\":[{\"@type\":\"ListItem\",\"position\":1,\"name\":\"Home\",\"item\":\"https:\/\/medicina.udd.cl\/kinesiologia-santiago\/\"},{\"@type\":\"ListItem\",\"position\":2,\"name\":\"Carreras de la Salud se suman al Proyecto Educativo UDD 2025\"}]},{\"@type\":\"WebSite\",\"@id\":\"https:\/\/medicina.udd.cl\/kinesiologia-santiago\/#website\",\"url\":\"https:\/\/medicina.udd.cl\/kinesiologia-santiago\/\",\"name\":\"Kinesiolog\u00eda\",\"description\":\"Facultad de Medicina Cl\u00ednica Alemana Universidad del Desarrollo\",\"inLanguage\":\"es\"},{\"@type\":\"Person\",\"@id\":\"https:\/\/medicina.udd.cl\/kinesiologia-santiago\/#\/schema\/person\/8bbd66125b574a40ec467c180c11f2e3\",\"name\":\"paulinamunoz\",\"image\":{\"@type\":\"ImageObject\",\"inLanguage\":\"es\",\"@id\":\"https:\/\/medicina.udd.cl\/kinesiologia-santiago\/#\/schema\/person\/image\/\",\"url\":\"https:\/\/secure.gravatar.com\/avatar\/748ce8fb74e8f8077c4966697a3b3710ca0019e71a62146890c0dcdc705e7f3d?s=96&d=mm&r=g\",\"contentUrl\":\"https:\/\/secure.gravatar.com\/avatar\/748ce8fb74e8f8077c4966697a3b3710ca0019e71a62146890c0dcdc705e7f3d?s=96&d=mm&r=g\",\"caption\":\"paulinamunoz\"},\"url\":\"https:\/\/medicina.udd.cl\/kinesiologia-santiago\/noticias\/author\/paulinamunoz\/\"}]}<\/script>\n<!-- \/ Yoast SEO plugin. -->","yoast_head_json":{"title":"Carreras de la Salud se suman al Proyecto Educativo UDD 2025 - Kinesiolog\u00eda","robots":{"index":"index","follow":"follow","max-snippet":"max-snippet:-1","max-image-preview":"max-image-preview:large","max-video-preview":"max-video-preview:-1"},"canonical":"https:\/\/medicina.udd.cl\/kinesiologia-santiago\/noticias\/2017\/06\/22\/carreras-de-la-salud-se-suman-al-proyecto-educativo-udd-2025\/","og_locale":"es_ES","og_type":"article","og_title":"Carreras de la Salud se suman al Proyecto Educativo UDD 2025 - Kinesiolog\u00eda","og_description":"Directores y coordinadores acad\u00e9micos de las carreras de la Salud y Odontolog\u00eda, de Santiago y Concepci\u00f3n, trabajaron arduamente durante dos d\u00edas en el an\u00e1lisis de las innovaciones que propone el Proyecto Educativo UDD 2025, logrando generar una primera propuesta de inclusi\u00f3n en los planes de estudio. La Jornada de trabajo, que fue organizada por Unidad [&hellip;]","og_url":"https:\/\/medicina.udd.cl\/kinesiologia-santiago\/noticias\/2017\/06\/22\/carreras-de-la-salud-se-suman-al-proyecto-educativo-udd-2025\/","og_site_name":"Kinesiolog\u00eda","article_published_time":"2017-06-22T16:44:19+00:00","article_modified_time":"2017-06-23T16:03:52+00:00","og_image":[{"width":900,"height":581,"url":"https:\/\/medicina.udd.cl\/kinesiologia-santiago\/files\/2017\/06\/Santa-Cruz-2025-17.jpg","type":"image\/jpeg"}],"author":"paulinamunoz","twitter_misc":{"Escrito por":"paulinamunoz","Tiempo de lectura":"2 minutos"},"schema":{"@context":"https:\/\/schema.org","@graph":[{"@type":"Article","@id":"https:\/\/medicina.udd.cl\/kinesiologia-santiago\/noticias\/2017\/06\/22\/carreras-de-la-salud-se-suman-al-proyecto-educativo-udd-2025\/#article","isPartOf":{"@id":"https:\/\/medicina.udd.cl\/kinesiologia-santiago\/noticias\/2017\/06\/22\/carreras-de-la-salud-se-suman-al-proyecto-educativo-udd-2025\/"},"author":{"name":"paulinamunoz","@id":"https:\/\/medicina.udd.cl\/kinesiologia-santiago\/#\/schema\/person\/8bbd66125b574a40ec467c180c11f2e3"},"headline":"Carreras de la Salud se suman al Proyecto Educativo UDD 2025","datePublished":"2017-06-22T16:44:19+00:00","dateModified":"2017-06-23T16:03:52+00:00","mainEntityOfPage":{"@id":"https:\/\/medicina.udd.cl\/kinesiologia-santiago\/noticias\/2017\/06\/22\/carreras-de-la-salud-se-suman-al-proyecto-educativo-udd-2025\/"},"wordCount":500,"commentCount":0,"image":{"@id":"https:\/\/medicina.udd.cl\/kinesiologia-santiago\/noticias\/2017\/06\/22\/carreras-de-la-salud-se-suman-al-proyecto-educativo-udd-2025\/#primaryimage"},"thumbnailUrl":"https:\/\/medicina.udd.cl\/kinesiologia-santiago\/files\/2017\/06\/Santa-Cruz-2025-17.jpg","articleSection":["Noticias"],"inLanguage":"es","potentialAction":[{"@type":"CommentAction","name":"Comment","target":["https:\/\/medicina.udd.cl\/kinesiologia-santiago\/noticias\/2017\/06\/22\/carreras-de-la-salud-se-suman-al-proyecto-educativo-udd-2025\/#respond"]}]},{"@type":"WebPage","@id":"https:\/\/medicina.udd.cl\/kinesiologia-santiago\/noticias\/2017\/06\/22\/carreras-de-la-salud-se-suman-al-proyecto-educativo-udd-2025\/","url":"https:\/\/medicina.udd.cl\/kinesiologia-santiago\/noticias\/2017\/06\/22\/carreras-de-la-salud-se-suman-al-proyecto-educativo-udd-2025\/","name":"Carreras de la Salud se suman al Proyecto Educativo UDD 2025 - Kinesiolog\u00eda","isPartOf":{"@id":"https:\/\/medicina.udd.cl\/kinesiologia-santiago\/#website"},"primaryImageOfPage":{"@id":"https:\/\/medicina.udd.cl\/kinesiologia-santiago\/noticias\/2017\/06\/22\/carreras-de-la-salud-se-suman-al-proyecto-educativo-udd-2025\/#primaryimage"},"image":{"@id":"https:\/\/medicina.udd.cl\/kinesiologia-santiago\/noticias\/2017\/06\/22\/carreras-de-la-salud-se-suman-al-proyecto-educativo-udd-2025\/#primaryimage"},"thumbnailUrl":"https:\/\/medicina.udd.cl\/kinesiologia-santiago\/files\/2017\/06\/Santa-Cruz-2025-17.jpg","datePublished":"2017-06-22T16:44:19+00:00","dateModified":"2017-06-23T16:03:52+00:00","author":{"@id":"https:\/\/medicina.udd.cl\/kinesiologia-santiago\/#\/schema\/person\/8bbd66125b574a40ec467c180c11f2e3"},"breadcrumb":{"@id":"https:\/\/medicina.udd.cl\/kinesiologia-santiago\/noticias\/2017\/06\/22\/carreras-de-la-salud-se-suman-al-proyecto-educativo-udd-2025\/#breadcrumb"},"inLanguage":"es","potentialAction":[{"@type":"ReadAction","target":["https:\/\/medicina.udd.cl\/kinesiologia-santiago\/noticias\/2017\/06\/22\/carreras-de-la-salud-se-suman-al-proyecto-educativo-udd-2025\/"]}]},{"@type":"ImageObject","inLanguage":"es","@id":"https:\/\/medicina.udd.cl\/kinesiologia-santiago\/noticias\/2017\/06\/22\/carreras-de-la-salud-se-suman-al-proyecto-educativo-udd-2025\/#primaryimage","url":"https:\/\/medicina.udd.cl\/kinesiologia-santiago\/files\/2017\/06\/Santa-Cruz-2025-17.jpg","contentUrl":"https:\/\/medicina.udd.cl\/kinesiologia-santiago\/files\/2017\/06\/Santa-Cruz-2025-17.jpg","width":900,"height":581},{"@type":"BreadcrumbList","@id":"https:\/\/medicina.udd.cl\/kinesiologia-santiago\/noticias\/2017\/06\/22\/carreras-de-la-salud-se-suman-al-proyecto-educativo-udd-2025\/#breadcrumb","itemListElement":[{"@type":"ListItem","position":1,"name":"Home","item":"https:\/\/medicina.udd.cl\/kinesiologia-santiago\/"},{"@type":"ListItem","position":2,"name":"Carreras de la Salud se suman al Proyecto Educativo UDD 2025"}]},{"@type":"WebSite","@id":"https:\/\/medicina.udd.cl\/kinesiologia-santiago\/#website","url":"https:\/\/medicina.udd.cl\/kinesiologia-santiago\/","name":"Kinesiolog\u00eda","description":"Facultad de Medicina Cl\u00ednica Alemana Universidad del Desarrollo","inLanguage":"es"},{"@type":"Person","@id":"https:\/\/medicina.udd.cl\/kinesiologia-santiago\/#\/schema\/person\/8bbd66125b574a40ec467c180c11f2e3","name":"paulinamunoz","image":{"@type":"ImageObject","inLanguage":"es","@id":"https:\/\/medicina.udd.cl\/kinesiologia-santiago\/#\/schema\/person\/image\/","url":"https:\/\/secure.gravatar.com\/avatar\/748ce8fb74e8f8077c4966697a3b3710ca0019e71a62146890c0dcdc705e7f3d?s=96&d=mm&r=g","contentUrl":"https:\/\/secure.gravatar.com\/avatar\/748ce8fb74e8f8077c4966697a3b3710ca0019e71a62146890c0dcdc705e7f3d?s=96&d=mm&r=g","caption":"paulinamunoz"},"url":"https:\/\/medicina.udd.cl\/kinesiologia-santiago\/noticias\/author\/paulinamunoz\/"}]}},"featured_image_url":"https:\/\/medicina.udd.cl\/kinesiologia-santiago\/files\/2017\/06\/Santa-Cruz-2025-17.jpg","_links":{"self":[{"href":"https:\/\/medicina.udd.cl\/kinesiologia-santiago\/wp-json\/wp\/v2\/posts\/3646","targetHints":{"allow":["GET"]}}],"collection":[{"href":"https:\/\/medicina.udd.cl\/kinesiologia-santiago\/wp-json\/wp\/v2\/posts"}],"about":[{"href":"https:\/\/medicina.udd.cl\/kinesiologia-santiago\/wp-json\/wp\/v2\/types\/post"}],"author":[{"embeddable":true,"href":"https:\/\/medicina.udd.cl\/kinesiologia-santiago\/wp-json\/wp\/v2\/users\/9192192"}],"replies":[{"embeddable":true,"href":"https:\/\/medicina.udd.cl\/kinesiologia-santiago\/wp-json\/wp\/v2\/comments?post=3646"}],"version-history":[{"count":1,"href":"https:\/\/medicina.udd.cl\/kinesiologia-santiago\/wp-json\/wp\/v2\/posts\/3646\/revisions"}],"predecessor-version":[{"id":3665,"href":"https:\/\/medicina.udd.cl\/kinesiologia-santiago\/wp-json\/wp\/v2\/posts\/3646\/revisions\/3665"}],"wp:featuredmedia":[{"embeddable":true,"href":"https:\/\/medicina.udd.cl\/kinesiologia-santiago\/wp-json\/wp\/v2\/media\/3662"}],"wp:attachment":[{"href":"https:\/\/medicina.udd.cl\/kinesiologia-santiago\/wp-json\/wp\/v2\/media?parent=3646"}],"wp:term":[{"taxonomy":"category","embeddable":true,"href":"https:\/\/medicina.udd.cl\/kinesiologia-santiago\/wp-json\/wp\/v2\/categories?post=3646"},{"taxonomy":"post_tag","embeddable":true,"href":"https:\/\/medicina.udd.cl\/kinesiologia-santiago\/wp-json\/wp\/v2\/tags?post=3646"}],"curies":[{"name":"wp","href":"https:\/\/api.w.org\/{rel}","templated":true}]}}