{"id":3668,"date":"2017-07-13T13:50:56","date_gmt":"2017-07-13T17:50:56","guid":{"rendered":"http:\/\/medicina.udd.cl\/kinesiologia-santiago\/?p=3668"},"modified":"2017-07-13T13:50:56","modified_gmt":"2017-07-13T17:50:56","slug":"magister-en-terapia-fisica-y-rehabilitacion-udd-participo-en-congreso-mundial-de-kinesiologia-en-sudafrica","status":"publish","type":"post","link":"https:\/\/medicina.udd.cl\/kinesiologia-santiago\/noticias\/2017\/07\/13\/magister-en-terapia-fisica-y-rehabilitacion-udd-participo-en-congreso-mundial-de-kinesiologia-en-sudafrica\/","title":{"rendered":"Mag\u00edster en Terapia F\u00edsica y Rehabilitaci\u00f3n UDD particip\u00f3 en Congreso Mundial de Kinesiolog\u00eda en Sud\u00e1frica"},"content":{"rendered":"<div id=\"gallery-1\" class=\"carousel slide carousel-gallery\" data-ride=\"false\" data-interval=\"false\"><div class=\"carousel-inner\" role=\"listbox\"><figure class=\"carousel-item active\"><img loading=\"lazy\" decoding=\"async\" width=\"661\" height=\"534\" src=\"https:\/\/medicina.udd.cl\/kinesiologia-santiago\/files\/2017\/07\/MAKI-UDD-en-Congreso-WCPT-5.jpg\" class=\"attachment-landscape_952 size-landscape_952\" alt=\"\" srcset=\"https:\/\/medicina.udd.cl\/kinesiologia-santiago\/files\/2017\/07\/MAKI-UDD-en-Congreso-WCPT-5.jpg 960w, https:\/\/medicina.udd.cl\/kinesiologia-santiago\/files\/2017\/07\/MAKI-UDD-en-Congreso-WCPT-5-300x243.jpg 300w, https:\/\/medicina.udd.cl\/kinesiologia-santiago\/files\/2017\/07\/MAKI-UDD-en-Congreso-WCPT-5-768x621.jpg 768w\" sizes=\"auto, (max-width: 661px) 100vw, 661px\" \/><\/figure><figure class=\"carousel-item\"><img loading=\"lazy\" decoding=\"async\" width=\"712\" height=\"534\" src=\"https:\/\/medicina.udd.cl\/kinesiologia-santiago\/files\/2017\/07\/MAKI-UDD-en-Congreso-WCPT-1.jpg\" class=\"attachment-landscape_952 size-landscape_952\" alt=\"\" srcset=\"https:\/\/medicina.udd.cl\/kinesiologia-santiago\/files\/2017\/07\/MAKI-UDD-en-Congreso-WCPT-1.jpg 960w, https:\/\/medicina.udd.cl\/kinesiologia-santiago\/files\/2017\/07\/MAKI-UDD-en-Congreso-WCPT-1-300x225.jpg 300w, https:\/\/medicina.udd.cl\/kinesiologia-santiago\/files\/2017\/07\/MAKI-UDD-en-Congreso-WCPT-1-768x576.jpg 768w\" sizes=\"auto, (max-width: 712px) 100vw, 712px\" \/><\/figure><figure class=\"carousel-item\"><img loading=\"lazy\" decoding=\"async\" width=\"712\" height=\"534\" src=\"https:\/\/medicina.udd.cl\/kinesiologia-santiago\/files\/2017\/07\/MAKI-UDD-en-Congreso-WCPT-3.jpg\" class=\"attachment-landscape_952 size-landscape_952\" alt=\"\" srcset=\"https:\/\/medicina.udd.cl\/kinesiologia-santiago\/files\/2017\/07\/MAKI-UDD-en-Congreso-WCPT-3.jpg 960w, https:\/\/medicina.udd.cl\/kinesiologia-santiago\/files\/2017\/07\/MAKI-UDD-en-Congreso-WCPT-3-300x225.jpg 300w, https:\/\/medicina.udd.cl\/kinesiologia-santiago\/files\/2017\/07\/MAKI-UDD-en-Congreso-WCPT-3-768x576.jpg 768w\" sizes=\"auto, (max-width: 712px) 100vw, 712px\" \/><\/figure><figure class=\"carousel-item\"><img loading=\"lazy\" decoding=\"async\" width=\"712\" height=\"534\" src=\"https:\/\/medicina.udd.cl\/kinesiologia-santiago\/files\/2017\/07\/MAKI-UDD-en-Congreso-WCPT-2.jpg\" class=\"attachment-landscape_952 size-landscape_952\" alt=\"\" srcset=\"https:\/\/medicina.udd.cl\/kinesiologia-santiago\/files\/2017\/07\/MAKI-UDD-en-Congreso-WCPT-2.jpg 960w, https:\/\/medicina.udd.cl\/kinesiologia-santiago\/files\/2017\/07\/MAKI-UDD-en-Congreso-WCPT-2-300x225.jpg 300w, https:\/\/medicina.udd.cl\/kinesiologia-santiago\/files\/2017\/07\/MAKI-UDD-en-Congreso-WCPT-2-768x576.jpg 768w\" sizes=\"auto, (max-width: 712px) 100vw, 712px\" \/><\/figure><figure class=\"carousel-item\"><img loading=\"lazy\" decoding=\"async\" width=\"712\" height=\"534\" src=\"https:\/\/medicina.udd.cl\/kinesiologia-santiago\/files\/2017\/07\/MAKI-UDD-en-Congreso-WCPT-13.jpg\" class=\"attachment-landscape_952 size-landscape_952\" alt=\"\" srcset=\"https:\/\/medicina.udd.cl\/kinesiologia-santiago\/files\/2017\/07\/MAKI-UDD-en-Congreso-WCPT-13.jpg 960w, https:\/\/medicina.udd.cl\/kinesiologia-santiago\/files\/2017\/07\/MAKI-UDD-en-Congreso-WCPT-13-300x225.jpg 300w, https:\/\/medicina.udd.cl\/kinesiologia-santiago\/files\/2017\/07\/MAKI-UDD-en-Congreso-WCPT-13-768x576.jpg 768w\" sizes=\"auto, (max-width: 712px) 100vw, 712px\" \/><\/figure><figure class=\"carousel-item\"><img loading=\"lazy\" decoding=\"async\" width=\"712\" height=\"534\" src=\"https:\/\/medicina.udd.cl\/kinesiologia-santiago\/files\/2017\/07\/MAKI-UDD-en-Congreso-WCPT-4.jpg\" class=\"attachment-landscape_952 size-landscape_952\" alt=\"\" srcset=\"https:\/\/medicina.udd.cl\/kinesiologia-santiago\/files\/2017\/07\/MAKI-UDD-en-Congreso-WCPT-4.jpg 960w, https:\/\/medicina.udd.cl\/kinesiologia-santiago\/files\/2017\/07\/MAKI-UDD-en-Congreso-WCPT-4-300x225.jpg 300w, https:\/\/medicina.udd.cl\/kinesiologia-santiago\/files\/2017\/07\/MAKI-UDD-en-Congreso-WCPT-4-768x576.jpg 768w\" sizes=\"auto, (max-width: 712px) 100vw, 712px\" \/><\/figure><figure class=\"carousel-item\"><img loading=\"lazy\" decoding=\"async\" width=\"712\" height=\"534\" src=\"https:\/\/medicina.udd.cl\/kinesiologia-santiago\/files\/2017\/07\/MAKI-UDD-en-Congreso-WCPT-6.jpg\" class=\"attachment-landscape_952 size-landscape_952\" alt=\"\" srcset=\"https:\/\/medicina.udd.cl\/kinesiologia-santiago\/files\/2017\/07\/MAKI-UDD-en-Congreso-WCPT-6.jpg 960w, https:\/\/medicina.udd.cl\/kinesiologia-santiago\/files\/2017\/07\/MAKI-UDD-en-Congreso-WCPT-6-300x225.jpg 300w, https:\/\/medicina.udd.cl\/kinesiologia-santiago\/files\/2017\/07\/MAKI-UDD-en-Congreso-WCPT-6-768x576.jpg 768w\" sizes=\"auto, (max-width: 712px) 100vw, 712px\" \/><\/figure><figure class=\"carousel-item\"><img loading=\"lazy\" decoding=\"async\" width=\"712\" height=\"534\" src=\"https:\/\/medicina.udd.cl\/kinesiologia-santiago\/files\/2017\/07\/MAKI-UDD-en-Congreso-WCPT-12.jpg\" class=\"attachment-landscape_952 size-landscape_952\" alt=\"\" srcset=\"https:\/\/medicina.udd.cl\/kinesiologia-santiago\/files\/2017\/07\/MAKI-UDD-en-Congreso-WCPT-12.jpg 960w, https:\/\/medicina.udd.cl\/kinesiologia-santiago\/files\/2017\/07\/MAKI-UDD-en-Congreso-WCPT-12-300x225.jpg 300w, https:\/\/medicina.udd.cl\/kinesiologia-santiago\/files\/2017\/07\/MAKI-UDD-en-Congreso-WCPT-12-768x576.jpg 768w\" sizes=\"auto, (max-width: 712px) 100vw, 712px\" \/><\/figure><figure class=\"carousel-item\"><img loading=\"lazy\" decoding=\"async\" width=\"712\" height=\"534\" src=\"https:\/\/medicina.udd.cl\/kinesiologia-santiago\/files\/2017\/07\/MAKI-UDD-en-Congreso-WCPT-10.jpg\" class=\"attachment-landscape_952 size-landscape_952\" alt=\"\" srcset=\"https:\/\/medicina.udd.cl\/kinesiologia-santiago\/files\/2017\/07\/MAKI-UDD-en-Congreso-WCPT-10.jpg 960w, https:\/\/medicina.udd.cl\/kinesiologia-santiago\/files\/2017\/07\/MAKI-UDD-en-Congreso-WCPT-10-300x225.jpg 300w, https:\/\/medicina.udd.cl\/kinesiologia-santiago\/files\/2017\/07\/MAKI-UDD-en-Congreso-WCPT-10-768x576.jpg 768w\" sizes=\"auto, (max-width: 712px) 100vw, 712px\" \/><\/figure><figure class=\"carousel-item\"><img loading=\"lazy\" decoding=\"async\" width=\"712\" height=\"534\" src=\"https:\/\/medicina.udd.cl\/kinesiologia-santiago\/files\/2017\/07\/MAKI-UDD-en-Congreso-WCPT-7.jpg\" class=\"attachment-landscape_952 size-landscape_952\" alt=\"\" srcset=\"https:\/\/medicina.udd.cl\/kinesiologia-santiago\/files\/2017\/07\/MAKI-UDD-en-Congreso-WCPT-7.jpg 960w, https:\/\/medicina.udd.cl\/kinesiologia-santiago\/files\/2017\/07\/MAKI-UDD-en-Congreso-WCPT-7-300x225.jpg 300w, https:\/\/medicina.udd.cl\/kinesiologia-santiago\/files\/2017\/07\/MAKI-UDD-en-Congreso-WCPT-7-768x576.jpg 768w\" sizes=\"auto, (max-width: 712px) 100vw, 712px\" \/><\/figure><figure class=\"carousel-item\"><img loading=\"lazy\" decoding=\"async\" width=\"712\" height=\"534\" src=\"https:\/\/medicina.udd.cl\/kinesiologia-santiago\/files\/2017\/07\/MAKI-UDD-en-Congreso-WCPT-9.jpg\" class=\"attachment-landscape_952 size-landscape_952\" alt=\"\" srcset=\"https:\/\/medicina.udd.cl\/kinesiologia-santiago\/files\/2017\/07\/MAKI-UDD-en-Congreso-WCPT-9.jpg 960w, https:\/\/medicina.udd.cl\/kinesiologia-santiago\/files\/2017\/07\/MAKI-UDD-en-Congreso-WCPT-9-300x225.jpg 300w, https:\/\/medicina.udd.cl\/kinesiologia-santiago\/files\/2017\/07\/MAKI-UDD-en-Congreso-WCPT-9-768x576.jpg 768w\" sizes=\"auto, (max-width: 712px) 100vw, 712px\" \/><\/figure><figure class=\"carousel-item\"><img loading=\"lazy\" decoding=\"async\" width=\"949\" height=\"534\" src=\"https:\/\/medicina.udd.cl\/kinesiologia-santiago\/files\/2017\/07\/MAKI-UDD-en-Congreso-WCPT-11.jpg\" class=\"attachment-landscape_952 size-landscape_952\" alt=\"\" srcset=\"https:\/\/medicina.udd.cl\/kinesiologia-santiago\/files\/2017\/07\/MAKI-UDD-en-Congreso-WCPT-11.jpg 960w, https:\/\/medicina.udd.cl\/kinesiologia-santiago\/files\/2017\/07\/MAKI-UDD-en-Congreso-WCPT-11-300x169.jpg 300w, https:\/\/medicina.udd.cl\/kinesiologia-santiago\/files\/2017\/07\/MAKI-UDD-en-Congreso-WCPT-11-768x432.jpg 768w, https:\/\/medicina.udd.cl\/kinesiologia-santiago\/files\/2017\/07\/MAKI-UDD-en-Congreso-WCPT-11-800x450.jpg 800w\" sizes=\"auto, (max-width: 949px) 100vw, 949px\" \/><\/figure><figure class=\"carousel-item\"><img loading=\"lazy\" decoding=\"async\" width=\"712\" height=\"534\" src=\"https:\/\/medicina.udd.cl\/kinesiologia-santiago\/files\/2017\/07\/MAKI-UDD-en-Congreso-WCPT-8.jpg\" class=\"attachment-landscape_952 size-landscape_952\" alt=\"\" srcset=\"https:\/\/medicina.udd.cl\/kinesiologia-santiago\/files\/2017\/07\/MAKI-UDD-en-Congreso-WCPT-8.jpg 960w, https:\/\/medicina.udd.cl\/kinesiologia-santiago\/files\/2017\/07\/MAKI-UDD-en-Congreso-WCPT-8-300x225.jpg 300w, https:\/\/medicina.udd.cl\/kinesiologia-santiago\/files\/2017\/07\/MAKI-UDD-en-Congreso-WCPT-8-768x576.jpg 768w\" sizes=\"auto, (max-width: 712px) 100vw, 712px\" \/><\/figure><\/div><footer class=\"carousel-footer\"><div class=\"carousel-counter\"><span class=\"carousel-counter-current\"><\/span> \/ <span class=\"carousel-counter-total\"><\/span><\/div><a class=\"carousel-control-prev\" href=\"#gallery-1\" role=\"button\" data-slide=\"prev\"><svg aria-hidden=\"true\" class=\"svg-chevron-left-dims\"><use xlink:href='https:\/\/medicina.udd.cl\/kinesiologia-santiago\/wp-content\/themes\/facultades-2018\/assets\/img\/svg\/dist\/main.svg?version=1695853099#chevron-left'><\/use><\/svg><span class=\"sr-only\">Anterior<\/span><\/a><a class=\"carousel-control-next\" href=\"#gallery-1\" role=\"button\" data-slide=\"next\"><svg aria-hidden=\"true\" class=\"svg-chevron-right-dims\"><use xlink:href='https:\/\/medicina.udd.cl\/kinesiologia-santiago\/wp-content\/themes\/facultades-2018\/assets\/img\/svg\/dist\/main.svg?version=1695853099#chevron-right'><\/use><\/svg><span class=\"sr-only\">Siguiente<\/span><\/a><\/footer><\/div>\n<p style=\"text-align: justify\">Doce profesionales, entre docentes y alumnos del Mag\u00edster en Terapia F\u00edsica y Rehabilitaci\u00f3n (MAKI) de la Universidad del Desarrollo viajaron a Ciudad del Cabo, en Sud\u00e1frica, para participar en el Congreso Mundial de Kinesiolog\u00eda, organizado por la\u00a0<em>World Confederation for Physical Therapy<\/em>\u00a0(WCPT).<\/p>\n<p style=\"text-align: justify\">Durante los cuatro d\u00edas de actividades, la comitiva present\u00f3 13 p\u00f3sters y una plataforma, mostrando los proyectos de desarrollo cient\u00edfico que son parte del trabajo colaborativo entre la Universidad de Sao Paulo, Texas Tech University Health Sciences Center (TTUHSC) y la UDD.<\/p>\n<p style=\"text-align: justify\">\u201cEste es un logro del MAKI, pues hace un cambio cultural y marca una diferencia con otros programas, tanto por el n\u00famero de trabajos presentados como por la exposici\u00f3n a nivel internacional. Esta experiencia da cuenta de la robustez del programa, constatando que los contenidos de nuestro mag\u00edster est\u00e1n a la vanguardia de lo que hoy demanda el desarrollo de la Kinesiolog\u00eda, como la Inferencia Causal, innovaci\u00f3n e interdisciplina\u201d, se\u00f1al\u00f3\u00a0<strong>Sonia Roa, coordinadora de Postgrado de Kinesiolog\u00eda UDD<\/strong>.<\/p>\n<p style=\"text-align: justify\">Por su parte,\u00a0<strong>Jaime Leppe, director del \u00e1rea de desarrollo cient\u00edfico del MAKI<\/strong>, advirti\u00f3 que se cumplieron, cabalmente, los objetivos del viaje. \u201cEl mag\u00edster se mostr\u00f3 en la vitrina internacional, justamente donde fue la reuni\u00f3n cient\u00edfica. Esto permiti\u00f3 socializar el programa en el Cono Sur al despertar el inter\u00e9s de profesionales de Venezuela, Per\u00fa y Colombia, por mencionar algunos. Adem\u00e1s, nuestros alumnos vivieron la experiencia de presentar un trabajo cient\u00edfico ante una audiencia internacional e invitar a investigadores extranjeros a participar en sus proyectos\u201d, dijo.<\/p>\n<p style=\"text-align: justify\">Finalmente,\u00a0<strong>Vicente Mauri, director del \u00e1rea disciplinar del mag\u00edster<\/strong>, se refiri\u00f3 a la buena preparaci\u00f3n de los alumnos y al desaf\u00edo de mantener, tanto el nivel como la presencia internacional, de los trabajos. \u201cVarios de los contenidos que se presentaron como novedad en el congreso ya hab\u00edan sido abordados en el MAKI, por lo que nuestros estudiantes constataron que estaban en total sinton\u00eda con lo que est\u00e1 pasando con la Kinesiolog\u00eda a nivel global, teniendo la capacidad de discutir -de par a par- con otros autores de Finlandia, Zimbabue o cualquier parte del mundo\u201d, concluy\u00f3.<\/p>\n","protected":false},"excerpt":{"rendered":"<p>La delegaci\u00f3n UDD tuvo una destacada participaci\u00f3n, que pretende ser replicada en la pr\u00f3xima versi\u00f3n del encuentro, que se desarrollar\u00e1 el 2019 en Ginebra.<\/p>\n","protected":false},"author":9192192,"featured_media":3673,"comment_status":"open","ping_status":"open","sticky":false,"template":"","format":"standard","meta":{"footnotes":""},"categories":[4],"tags":[],"class_list":["post-3668","post","type-post","status-publish","format-standard","has-post-thumbnail","hentry","category-noticias"],"yoast_head":"<!-- This site is optimized with the Yoast SEO plugin v26.9 - https:\/\/yoast.com\/product\/yoast-seo-wordpress\/ -->\n<title>Mag\u00edster en Terapia F\u00edsica y Rehabilitaci\u00f3n UDD particip\u00f3 en Congreso Mundial de Kinesiolog\u00eda en Sud\u00e1frica - Kinesiolog\u00eda<\/title>\n<meta name=\"robots\" content=\"index, follow, max-snippet:-1, max-image-preview:large, max-video-preview:-1\" \/>\n<link rel=\"canonical\" href=\"https:\/\/medicina.udd.cl\/kinesiologia-santiago\/noticias\/2017\/07\/13\/magister-en-terapia-fisica-y-rehabilitacion-udd-participo-en-congreso-mundial-de-kinesiologia-en-sudafrica\/\" \/>\n<meta property=\"og:locale\" content=\"es_ES\" \/>\n<meta property=\"og:type\" content=\"article\" \/>\n<meta property=\"og:title\" content=\"Mag\u00edster en Terapia F\u00edsica y Rehabilitaci\u00f3n UDD particip\u00f3 en Congreso Mundial de Kinesiolog\u00eda en Sud\u00e1frica - Kinesiolog\u00eda\" \/>\n<meta property=\"og:description\" content=\"La delegaci\u00f3n UDD tuvo una destacada participaci\u00f3n, que pretende ser replicada en la pr\u00f3xima versi\u00f3n del encuentro, que se desarrollar\u00e1 el 2019 en Ginebra.\" \/>\n<meta property=\"og:url\" content=\"https:\/\/medicina.udd.cl\/kinesiologia-santiago\/noticias\/2017\/07\/13\/magister-en-terapia-fisica-y-rehabilitacion-udd-participo-en-congreso-mundial-de-kinesiologia-en-sudafrica\/\" \/>\n<meta property=\"og:site_name\" content=\"Kinesiolog\u00eda\" \/>\n<meta property=\"article:published_time\" content=\"2017-07-13T17:50:56+00:00\" \/>\n<meta property=\"og:image\" content=\"https:\/\/medicina.udd.cl\/kinesiologia-santiago\/files\/2017\/07\/MAKI-UDD-en-Congreso-WCPT-5.jpg\" \/>\n\t<meta property=\"og:image:width\" content=\"960\" \/>\n\t<meta property=\"og:image:height\" content=\"776\" \/>\n\t<meta property=\"og:image:type\" content=\"image\/jpeg\" \/>\n<meta name=\"author\" content=\"paulinamunoz\" \/>\n<meta name=\"twitter:label1\" content=\"Escrito por\" \/>\n\t<meta name=\"twitter:data1\" content=\"paulinamunoz\" \/>\n\t<meta name=\"twitter:label2\" content=\"Tiempo de lectura\" \/>\n\t<meta name=\"twitter:data2\" content=\"2 minutos\" \/>\n<script type=\"application\/ld+json\" class=\"yoast-schema-graph\">{\"@context\":\"https:\/\/schema.org\",\"@graph\":[{\"@type\":\"Article\",\"@id\":\"https:\/\/medicina.udd.cl\/kinesiologia-santiago\/noticias\/2017\/07\/13\/magister-en-terapia-fisica-y-rehabilitacion-udd-participo-en-congreso-mundial-de-kinesiologia-en-sudafrica\/#article\",\"isPartOf\":{\"@id\":\"https:\/\/medicina.udd.cl\/kinesiologia-santiago\/noticias\/2017\/07\/13\/magister-en-terapia-fisica-y-rehabilitacion-udd-participo-en-congreso-mundial-de-kinesiologia-en-sudafrica\/\"},\"author\":{\"name\":\"paulinamunoz\",\"@id\":\"https:\/\/medicina.udd.cl\/kinesiologia-santiago\/#\/schema\/person\/8bbd66125b574a40ec467c180c11f2e3\"},\"headline\":\"Mag\u00edster en Terapia F\u00edsica y Rehabilitaci\u00f3n UDD particip\u00f3 en Congreso Mundial de Kinesiolog\u00eda en Sud\u00e1frica\",\"datePublished\":\"2017-07-13T17:50:56+00:00\",\"mainEntityOfPage\":{\"@id\":\"https:\/\/medicina.udd.cl\/kinesiologia-santiago\/noticias\/2017\/07\/13\/magister-en-terapia-fisica-y-rehabilitacion-udd-participo-en-congreso-mundial-de-kinesiologia-en-sudafrica\/\"},\"wordCount\":393,\"commentCount\":0,\"image\":{\"@id\":\"https:\/\/medicina.udd.cl\/kinesiologia-santiago\/noticias\/2017\/07\/13\/magister-en-terapia-fisica-y-rehabilitacion-udd-participo-en-congreso-mundial-de-kinesiologia-en-sudafrica\/#primaryimage\"},\"thumbnailUrl\":\"https:\/\/medicina.udd.cl\/kinesiologia-santiago\/files\/2017\/07\/MAKI-UDD-en-Congreso-WCPT-5.jpg\",\"articleSection\":[\"Noticias\"],\"inLanguage\":\"es\",\"potentialAction\":[{\"@type\":\"CommentAction\",\"name\":\"Comment\",\"target\":[\"https:\/\/medicina.udd.cl\/kinesiologia-santiago\/noticias\/2017\/07\/13\/magister-en-terapia-fisica-y-rehabilitacion-udd-participo-en-congreso-mundial-de-kinesiologia-en-sudafrica\/#respond\"]}]},{\"@type\":\"WebPage\",\"@id\":\"https:\/\/medicina.udd.cl\/kinesiologia-santiago\/noticias\/2017\/07\/13\/magister-en-terapia-fisica-y-rehabilitacion-udd-participo-en-congreso-mundial-de-kinesiologia-en-sudafrica\/\",\"url\":\"https:\/\/medicina.udd.cl\/kinesiologia-santiago\/noticias\/2017\/07\/13\/magister-en-terapia-fisica-y-rehabilitacion-udd-participo-en-congreso-mundial-de-kinesiologia-en-sudafrica\/\",\"name\":\"Mag\u00edster en Terapia F\u00edsica y Rehabilitaci\u00f3n UDD particip\u00f3 en Congreso Mundial de Kinesiolog\u00eda en Sud\u00e1frica - Kinesiolog\u00eda\",\"isPartOf\":{\"@id\":\"https:\/\/medicina.udd.cl\/kinesiologia-santiago\/#website\"},\"primaryImageOfPage\":{\"@id\":\"https:\/\/medicina.udd.cl\/kinesiologia-santiago\/noticias\/2017\/07\/13\/magister-en-terapia-fisica-y-rehabilitacion-udd-participo-en-congreso-mundial-de-kinesiologia-en-sudafrica\/#primaryimage\"},\"image\":{\"@id\":\"https:\/\/medicina.udd.cl\/kinesiologia-santiago\/noticias\/2017\/07\/13\/magister-en-terapia-fisica-y-rehabilitacion-udd-participo-en-congreso-mundial-de-kinesiologia-en-sudafrica\/#primaryimage\"},\"thumbnailUrl\":\"https:\/\/medicina.udd.cl\/kinesiologia-santiago\/files\/2017\/07\/MAKI-UDD-en-Congreso-WCPT-5.jpg\",\"datePublished\":\"2017-07-13T17:50:56+00:00\",\"author\":{\"@id\":\"https:\/\/medicina.udd.cl\/kinesiologia-santiago\/#\/schema\/person\/8bbd66125b574a40ec467c180c11f2e3\"},\"breadcrumb\":{\"@id\":\"https:\/\/medicina.udd.cl\/kinesiologia-santiago\/noticias\/2017\/07\/13\/magister-en-terapia-fisica-y-rehabilitacion-udd-participo-en-congreso-mundial-de-kinesiologia-en-sudafrica\/#breadcrumb\"},\"inLanguage\":\"es\",\"potentialAction\":[{\"@type\":\"ReadAction\",\"target\":[\"https:\/\/medicina.udd.cl\/kinesiologia-santiago\/noticias\/2017\/07\/13\/magister-en-terapia-fisica-y-rehabilitacion-udd-participo-en-congreso-mundial-de-kinesiologia-en-sudafrica\/\"]}]},{\"@type\":\"ImageObject\",\"inLanguage\":\"es\",\"@id\":\"https:\/\/medicina.udd.cl\/kinesiologia-santiago\/noticias\/2017\/07\/13\/magister-en-terapia-fisica-y-rehabilitacion-udd-participo-en-congreso-mundial-de-kinesiologia-en-sudafrica\/#primaryimage\",\"url\":\"https:\/\/medicina.udd.cl\/kinesiologia-santiago\/files\/2017\/07\/MAKI-UDD-en-Congreso-WCPT-5.jpg\",\"contentUrl\":\"https:\/\/medicina.udd.cl\/kinesiologia-santiago\/files\/2017\/07\/MAKI-UDD-en-Congreso-WCPT-5.jpg\",\"width\":960,\"height\":776},{\"@type\":\"BreadcrumbList\",\"@id\":\"https:\/\/medicina.udd.cl\/kinesiologia-santiago\/noticias\/2017\/07\/13\/magister-en-terapia-fisica-y-rehabilitacion-udd-participo-en-congreso-mundial-de-kinesiologia-en-sudafrica\/#breadcrumb\",\"itemListElement\":[{\"@type\":\"ListItem\",\"position\":1,\"name\":\"Home\",\"item\":\"https:\/\/medicina.udd.cl\/kinesiologia-santiago\/\"},{\"@type\":\"ListItem\",\"position\":2,\"name\":\"Mag\u00edster en Terapia F\u00edsica y Rehabilitaci\u00f3n UDD particip\u00f3 en Congreso Mundial de Kinesiolog\u00eda en Sud\u00e1frica\"}]},{\"@type\":\"WebSite\",\"@id\":\"https:\/\/medicina.udd.cl\/kinesiologia-santiago\/#website\",\"url\":\"https:\/\/medicina.udd.cl\/kinesiologia-santiago\/\",\"name\":\"Kinesiolog\u00eda\",\"description\":\"Facultad de Medicina Cl\u00ednica Alemana Universidad del Desarrollo\",\"inLanguage\":\"es\"},{\"@type\":\"Person\",\"@id\":\"https:\/\/medicina.udd.cl\/kinesiologia-santiago\/#\/schema\/person\/8bbd66125b574a40ec467c180c11f2e3\",\"name\":\"paulinamunoz\",\"image\":{\"@type\":\"ImageObject\",\"inLanguage\":\"es\",\"@id\":\"https:\/\/medicina.udd.cl\/kinesiologia-santiago\/#\/schema\/person\/image\/\",\"url\":\"https:\/\/secure.gravatar.com\/avatar\/748ce8fb74e8f8077c4966697a3b3710ca0019e71a62146890c0dcdc705e7f3d?s=96&d=mm&r=g\",\"contentUrl\":\"https:\/\/secure.gravatar.com\/avatar\/748ce8fb74e8f8077c4966697a3b3710ca0019e71a62146890c0dcdc705e7f3d?s=96&d=mm&r=g\",\"caption\":\"paulinamunoz\"},\"url\":\"https:\/\/medicina.udd.cl\/kinesiologia-santiago\/noticias\/author\/paulinamunoz\/\"}]}<\/script>\n<!-- \/ Yoast SEO plugin. -->","yoast_head_json":{"title":"Mag\u00edster en Terapia F\u00edsica y Rehabilitaci\u00f3n UDD particip\u00f3 en Congreso Mundial de Kinesiolog\u00eda en Sud\u00e1frica - Kinesiolog\u00eda","robots":{"index":"index","follow":"follow","max-snippet":"max-snippet:-1","max-image-preview":"max-image-preview:large","max-video-preview":"max-video-preview:-1"},"canonical":"https:\/\/medicina.udd.cl\/kinesiologia-santiago\/noticias\/2017\/07\/13\/magister-en-terapia-fisica-y-rehabilitacion-udd-participo-en-congreso-mundial-de-kinesiologia-en-sudafrica\/","og_locale":"es_ES","og_type":"article","og_title":"Mag\u00edster en Terapia F\u00edsica y Rehabilitaci\u00f3n UDD particip\u00f3 en Congreso Mundial de Kinesiolog\u00eda en Sud\u00e1frica - Kinesiolog\u00eda","og_description":"La delegaci\u00f3n UDD tuvo una destacada participaci\u00f3n, que pretende ser replicada en la pr\u00f3xima versi\u00f3n del encuentro, que se desarrollar\u00e1 el 2019 en Ginebra.","og_url":"https:\/\/medicina.udd.cl\/kinesiologia-santiago\/noticias\/2017\/07\/13\/magister-en-terapia-fisica-y-rehabilitacion-udd-participo-en-congreso-mundial-de-kinesiologia-en-sudafrica\/","og_site_name":"Kinesiolog\u00eda","article_published_time":"2017-07-13T17:50:56+00:00","og_image":[{"width":960,"height":776,"url":"https:\/\/medicina.udd.cl\/kinesiologia-santiago\/files\/2017\/07\/MAKI-UDD-en-Congreso-WCPT-5.jpg","type":"image\/jpeg"}],"author":"paulinamunoz","twitter_misc":{"Escrito por":"paulinamunoz","Tiempo de lectura":"2 minutos"},"schema":{"@context":"https:\/\/schema.org","@graph":[{"@type":"Article","@id":"https:\/\/medicina.udd.cl\/kinesiologia-santiago\/noticias\/2017\/07\/13\/magister-en-terapia-fisica-y-rehabilitacion-udd-participo-en-congreso-mundial-de-kinesiologia-en-sudafrica\/#article","isPartOf":{"@id":"https:\/\/medicina.udd.cl\/kinesiologia-santiago\/noticias\/2017\/07\/13\/magister-en-terapia-fisica-y-rehabilitacion-udd-participo-en-congreso-mundial-de-kinesiologia-en-sudafrica\/"},"author":{"name":"paulinamunoz","@id":"https:\/\/medicina.udd.cl\/kinesiologia-santiago\/#\/schema\/person\/8bbd66125b574a40ec467c180c11f2e3"},"headline":"Mag\u00edster en Terapia F\u00edsica y Rehabilitaci\u00f3n UDD particip\u00f3 en Congreso Mundial de Kinesiolog\u00eda en Sud\u00e1frica","datePublished":"2017-07-13T17:50:56+00:00","mainEntityOfPage":{"@id":"https:\/\/medicina.udd.cl\/kinesiologia-santiago\/noticias\/2017\/07\/13\/magister-en-terapia-fisica-y-rehabilitacion-udd-participo-en-congreso-mundial-de-kinesiologia-en-sudafrica\/"},"wordCount":393,"commentCount":0,"image":{"@id":"https:\/\/medicina.udd.cl\/kinesiologia-santiago\/noticias\/2017\/07\/13\/magister-en-terapia-fisica-y-rehabilitacion-udd-participo-en-congreso-mundial-de-kinesiologia-en-sudafrica\/#primaryimage"},"thumbnailUrl":"https:\/\/medicina.udd.cl\/kinesiologia-santiago\/files\/2017\/07\/MAKI-UDD-en-Congreso-WCPT-5.jpg","articleSection":["Noticias"],"inLanguage":"es","potentialAction":[{"@type":"CommentAction","name":"Comment","target":["https:\/\/medicina.udd.cl\/kinesiologia-santiago\/noticias\/2017\/07\/13\/magister-en-terapia-fisica-y-rehabilitacion-udd-participo-en-congreso-mundial-de-kinesiologia-en-sudafrica\/#respond"]}]},{"@type":"WebPage","@id":"https:\/\/medicina.udd.cl\/kinesiologia-santiago\/noticias\/2017\/07\/13\/magister-en-terapia-fisica-y-rehabilitacion-udd-participo-en-congreso-mundial-de-kinesiologia-en-sudafrica\/","url":"https:\/\/medicina.udd.cl\/kinesiologia-santiago\/noticias\/2017\/07\/13\/magister-en-terapia-fisica-y-rehabilitacion-udd-participo-en-congreso-mundial-de-kinesiologia-en-sudafrica\/","name":"Mag\u00edster en Terapia F\u00edsica y Rehabilitaci\u00f3n UDD particip\u00f3 en Congreso Mundial de Kinesiolog\u00eda en Sud\u00e1frica - Kinesiolog\u00eda","isPartOf":{"@id":"https:\/\/medicina.udd.cl\/kinesiologia-santiago\/#website"},"primaryImageOfPage":{"@id":"https:\/\/medicina.udd.cl\/kinesiologia-santiago\/noticias\/2017\/07\/13\/magister-en-terapia-fisica-y-rehabilitacion-udd-participo-en-congreso-mundial-de-kinesiologia-en-sudafrica\/#primaryimage"},"image":{"@id":"https:\/\/medicina.udd.cl\/kinesiologia-santiago\/noticias\/2017\/07\/13\/magister-en-terapia-fisica-y-rehabilitacion-udd-participo-en-congreso-mundial-de-kinesiologia-en-sudafrica\/#primaryimage"},"thumbnailUrl":"https:\/\/medicina.udd.cl\/kinesiologia-santiago\/files\/2017\/07\/MAKI-UDD-en-Congreso-WCPT-5.jpg","datePublished":"2017-07-13T17:50:56+00:00","author":{"@id":"https:\/\/medicina.udd.cl\/kinesiologia-santiago\/#\/schema\/person\/8bbd66125b574a40ec467c180c11f2e3"},"breadcrumb":{"@id":"https:\/\/medicina.udd.cl\/kinesiologia-santiago\/noticias\/2017\/07\/13\/magister-en-terapia-fisica-y-rehabilitacion-udd-participo-en-congreso-mundial-de-kinesiologia-en-sudafrica\/#breadcrumb"},"inLanguage":"es","potentialAction":[{"@type":"ReadAction","target":["https:\/\/medicina.udd.cl\/kinesiologia-santiago\/noticias\/2017\/07\/13\/magister-en-terapia-fisica-y-rehabilitacion-udd-participo-en-congreso-mundial-de-kinesiologia-en-sudafrica\/"]}]},{"@type":"ImageObject","inLanguage":"es","@id":"https:\/\/medicina.udd.cl\/kinesiologia-santiago\/noticias\/2017\/07\/13\/magister-en-terapia-fisica-y-rehabilitacion-udd-participo-en-congreso-mundial-de-kinesiologia-en-sudafrica\/#primaryimage","url":"https:\/\/medicina.udd.cl\/kinesiologia-santiago\/files\/2017\/07\/MAKI-UDD-en-Congreso-WCPT-5.jpg","contentUrl":"https:\/\/medicina.udd.cl\/kinesiologia-santiago\/files\/2017\/07\/MAKI-UDD-en-Congreso-WCPT-5.jpg","width":960,"height":776},{"@type":"BreadcrumbList","@id":"https:\/\/medicina.udd.cl\/kinesiologia-santiago\/noticias\/2017\/07\/13\/magister-en-terapia-fisica-y-rehabilitacion-udd-participo-en-congreso-mundial-de-kinesiologia-en-sudafrica\/#breadcrumb","itemListElement":[{"@type":"ListItem","position":1,"name":"Home","item":"https:\/\/medicina.udd.cl\/kinesiologia-santiago\/"},{"@type":"ListItem","position":2,"name":"Mag\u00edster en Terapia F\u00edsica y Rehabilitaci\u00f3n UDD particip\u00f3 en Congreso Mundial de Kinesiolog\u00eda en Sud\u00e1frica"}]},{"@type":"WebSite","@id":"https:\/\/medicina.udd.cl\/kinesiologia-santiago\/#website","url":"https:\/\/medicina.udd.cl\/kinesiologia-santiago\/","name":"Kinesiolog\u00eda","description":"Facultad de Medicina Cl\u00ednica Alemana Universidad del Desarrollo","inLanguage":"es"},{"@type":"Person","@id":"https:\/\/medicina.udd.cl\/kinesiologia-santiago\/#\/schema\/person\/8bbd66125b574a40ec467c180c11f2e3","name":"paulinamunoz","image":{"@type":"ImageObject","inLanguage":"es","@id":"https:\/\/medicina.udd.cl\/kinesiologia-santiago\/#\/schema\/person\/image\/","url":"https:\/\/secure.gravatar.com\/avatar\/748ce8fb74e8f8077c4966697a3b3710ca0019e71a62146890c0dcdc705e7f3d?s=96&d=mm&r=g","contentUrl":"https:\/\/secure.gravatar.com\/avatar\/748ce8fb74e8f8077c4966697a3b3710ca0019e71a62146890c0dcdc705e7f3d?s=96&d=mm&r=g","caption":"paulinamunoz"},"url":"https:\/\/medicina.udd.cl\/kinesiologia-santiago\/noticias\/author\/paulinamunoz\/"}]}},"featured_image_url":"https:\/\/medicina.udd.cl\/kinesiologia-santiago\/files\/2017\/07\/MAKI-UDD-en-Congreso-WCPT-5.jpg","_links":{"self":[{"href":"https:\/\/medicina.udd.cl\/kinesiologia-santiago\/wp-json\/wp\/v2\/posts\/3668","targetHints":{"allow":["GET"]}}],"collection":[{"href":"https:\/\/medicina.udd.cl\/kinesiologia-santiago\/wp-json\/wp\/v2\/posts"}],"about":[{"href":"https:\/\/medicina.udd.cl\/kinesiologia-santiago\/wp-json\/wp\/v2\/types\/post"}],"author":[{"embeddable":true,"href":"https:\/\/medicina.udd.cl\/kinesiologia-santiago\/wp-json\/wp\/v2\/users\/9192192"}],"replies":[{"embeddable":true,"href":"https:\/\/medicina.udd.cl\/kinesiologia-santiago\/wp-json\/wp\/v2\/comments?post=3668"}],"version-history":[{"count":1,"href":"https:\/\/medicina.udd.cl\/kinesiologia-santiago\/wp-json\/wp\/v2\/posts\/3668\/revisions"}],"predecessor-version":[{"id":3682,"href":"https:\/\/medicina.udd.cl\/kinesiologia-santiago\/wp-json\/wp\/v2\/posts\/3668\/revisions\/3682"}],"wp:featuredmedia":[{"embeddable":true,"href":"https:\/\/medicina.udd.cl\/kinesiologia-santiago\/wp-json\/wp\/v2\/media\/3673"}],"wp:attachment":[{"href":"https:\/\/medicina.udd.cl\/kinesiologia-santiago\/wp-json\/wp\/v2\/media?parent=3668"}],"wp:term":[{"taxonomy":"category","embeddable":true,"href":"https:\/\/medicina.udd.cl\/kinesiologia-santiago\/wp-json\/wp\/v2\/categories?post=3668"},{"taxonomy":"post_tag","embeddable":true,"href":"https:\/\/medicina.udd.cl\/kinesiologia-santiago\/wp-json\/wp\/v2\/tags?post=3668"}],"curies":[{"name":"wp","href":"https:\/\/api.w.org\/{rel}","templated":true}]}}