{"id":3711,"date":"2017-07-20T18:00:56","date_gmt":"2017-07-20T22:00:56","guid":{"rendered":"http:\/\/medicina.udd.cl\/kinesiologia-santiago\/?p=3711"},"modified":"2017-07-21T09:30:56","modified_gmt":"2017-07-21T13:30:56","slug":"kinesiologia-udd-titulo-a-estudiantes-de-diplomados","status":"publish","type":"post","link":"https:\/\/medicina.udd.cl\/kinesiologia-santiago\/noticias\/2017\/07\/20\/kinesiologia-udd-titulo-a-estudiantes-de-diplomados\/","title":{"rendered":"Kinesiolog\u00eda UDD titul\u00f3 a estudiantes de diplomados"},"content":{"rendered":"<div id=\"gallery-1\" class=\"carousel slide carousel-gallery\" data-ride=\"false\" data-interval=\"false\"><div class=\"carousel-inner\" role=\"listbox\"><figure class=\"carousel-item active\"><img loading=\"lazy\" decoding=\"async\" width=\"740\" height=\"534\" src=\"https:\/\/medicina.udd.cl\/kinesiologia-santiago\/files\/2017\/07\/Titulaci\u00f3n-diplomados-Kinesiolog\u00eda-UDD-1.jpg\" class=\"attachment-landscape_952 size-landscape_952\" alt=\"\" srcset=\"https:\/\/medicina.udd.cl\/kinesiologia-santiago\/files\/2017\/07\/Titulaci\u00f3n-diplomados-Kinesiolog\u00eda-UDD-1.jpg 4200w, https:\/\/medicina.udd.cl\/kinesiologia-santiago\/files\/2017\/07\/Titulaci\u00f3n-diplomados-Kinesiolog\u00eda-UDD-1-300x217.jpg 300w, https:\/\/medicina.udd.cl\/kinesiologia-santiago\/files\/2017\/07\/Titulaci\u00f3n-diplomados-Kinesiolog\u00eda-UDD-1-768x554.jpg 768w, https:\/\/medicina.udd.cl\/kinesiologia-santiago\/files\/2017\/07\/Titulaci\u00f3n-diplomados-Kinesiolog\u00eda-UDD-1-1024x739.jpg 1024w, https:\/\/medicina.udd.cl\/kinesiologia-santiago\/files\/2017\/07\/Titulaci\u00f3n-diplomados-Kinesiolog\u00eda-UDD-1-286x205.jpg 286w, https:\/\/medicina.udd.cl\/kinesiologia-santiago\/files\/2017\/07\/Titulaci\u00f3n-diplomados-Kinesiolog\u00eda-UDD-1-87x62.jpg 87w, https:\/\/medicina.udd.cl\/kinesiologia-santiago\/files\/2017\/07\/Titulaci\u00f3n-diplomados-Kinesiolog\u00eda-UDD-1-960x693.jpg 960w\" sizes=\"auto, (max-width: 740px) 100vw, 740px\" \/><\/figure><figure class=\"carousel-item\"><img loading=\"lazy\" decoding=\"async\" width=\"801\" height=\"534\" src=\"https:\/\/medicina.udd.cl\/kinesiologia-santiago\/files\/2017\/07\/Titulaci\u00f3n-diplomados-Kinesiolog\u00eda-UDD-2.jpg\" class=\"attachment-landscape_952 size-landscape_952\" alt=\"\" srcset=\"https:\/\/medicina.udd.cl\/kinesiologia-santiago\/files\/2017\/07\/Titulaci\u00f3n-diplomados-Kinesiolog\u00eda-UDD-2.jpg 900w, https:\/\/medicina.udd.cl\/kinesiologia-santiago\/files\/2017\/07\/Titulaci\u00f3n-diplomados-Kinesiolog\u00eda-UDD-2-300x200.jpg 300w, https:\/\/medicina.udd.cl\/kinesiologia-santiago\/files\/2017\/07\/Titulaci\u00f3n-diplomados-Kinesiolog\u00eda-UDD-2-768x512.jpg 768w\" sizes=\"auto, (max-width: 801px) 100vw, 801px\" \/><\/figure><figure class=\"carousel-item\"><img loading=\"lazy\" decoding=\"async\" width=\"737\" height=\"534\" src=\"https:\/\/medicina.udd.cl\/kinesiologia-santiago\/files\/2017\/07\/Titulaci\u00f3n-diplomados-Kinesiolog\u00eda-UDD-4.jpg\" class=\"attachment-landscape_952 size-landscape_952\" alt=\"\" srcset=\"https:\/\/medicina.udd.cl\/kinesiologia-santiago\/files\/2017\/07\/Titulaci\u00f3n-diplomados-Kinesiolog\u00eda-UDD-4.jpg 4152w, https:\/\/medicina.udd.cl\/kinesiologia-santiago\/files\/2017\/07\/Titulaci\u00f3n-diplomados-Kinesiolog\u00eda-UDD-4-300x217.jpg 300w, https:\/\/medicina.udd.cl\/kinesiologia-santiago\/files\/2017\/07\/Titulaci\u00f3n-diplomados-Kinesiolog\u00eda-UDD-4-768x556.jpg 768w, https:\/\/medicina.udd.cl\/kinesiologia-santiago\/files\/2017\/07\/Titulaci\u00f3n-diplomados-Kinesiolog\u00eda-UDD-4-1024x742.jpg 1024w, https:\/\/medicina.udd.cl\/kinesiologia-santiago\/files\/2017\/07\/Titulaci\u00f3n-diplomados-Kinesiolog\u00eda-UDD-4-87x62.jpg 87w, https:\/\/medicina.udd.cl\/kinesiologia-santiago\/files\/2017\/07\/Titulaci\u00f3n-diplomados-Kinesiolog\u00eda-UDD-4-960x695.jpg 960w\" sizes=\"auto, (max-width: 737px) 100vw, 737px\" \/><\/figure><figure class=\"carousel-item\"><img loading=\"lazy\" decoding=\"async\" width=\"801\" height=\"534\" src=\"https:\/\/medicina.udd.cl\/kinesiologia-santiago\/files\/2017\/07\/Titulaci\u00f3n-diplomados-Kinesiolog\u00eda-UDD-3.jpg\" class=\"attachment-landscape_952 size-landscape_952\" alt=\"\" srcset=\"https:\/\/medicina.udd.cl\/kinesiologia-santiago\/files\/2017\/07\/Titulaci\u00f3n-diplomados-Kinesiolog\u00eda-UDD-3.jpg 900w, https:\/\/medicina.udd.cl\/kinesiologia-santiago\/files\/2017\/07\/Titulaci\u00f3n-diplomados-Kinesiolog\u00eda-UDD-3-300x200.jpg 300w, https:\/\/medicina.udd.cl\/kinesiologia-santiago\/files\/2017\/07\/Titulaci\u00f3n-diplomados-Kinesiolog\u00eda-UDD-3-768x512.jpg 768w\" sizes=\"auto, (max-width: 801px) 100vw, 801px\" \/><\/figure><figure class=\"carousel-item\"><img loading=\"lazy\" decoding=\"async\" width=\"801\" height=\"534\" src=\"https:\/\/medicina.udd.cl\/kinesiologia-santiago\/files\/2017\/07\/Titulaci\u00f3n-diplomados-Kinesiolog\u00eda-UDD-12.jpg\" class=\"attachment-landscape_952 size-landscape_952\" alt=\"\" srcset=\"https:\/\/medicina.udd.cl\/kinesiologia-santiago\/files\/2017\/07\/Titulaci\u00f3n-diplomados-Kinesiolog\u00eda-UDD-12.jpg 5184w, https:\/\/medicina.udd.cl\/kinesiologia-santiago\/files\/2017\/07\/Titulaci\u00f3n-diplomados-Kinesiolog\u00eda-UDD-12-300x200.jpg 300w, https:\/\/medicina.udd.cl\/kinesiologia-santiago\/files\/2017\/07\/Titulaci\u00f3n-diplomados-Kinesiolog\u00eda-UDD-12-768x512.jpg 768w, https:\/\/medicina.udd.cl\/kinesiologia-santiago\/files\/2017\/07\/Titulaci\u00f3n-diplomados-Kinesiolog\u00eda-UDD-12-1024x683.jpg 1024w, https:\/\/medicina.udd.cl\/kinesiologia-santiago\/files\/2017\/07\/Titulaci\u00f3n-diplomados-Kinesiolog\u00eda-UDD-12-960x640.jpg 960w\" sizes=\"auto, (max-width: 801px) 100vw, 801px\" \/><\/figure><figure class=\"carousel-item\"><img loading=\"lazy\" decoding=\"async\" width=\"765\" height=\"534\" src=\"https:\/\/medicina.udd.cl\/kinesiologia-santiago\/files\/2017\/07\/Titulaci\u00f3n-diplomados-Kinesiolog\u00eda-UDD-8.jpg\" class=\"attachment-landscape_952 size-landscape_952\" alt=\"\" srcset=\"https:\/\/medicina.udd.cl\/kinesiologia-santiago\/files\/2017\/07\/Titulaci\u00f3n-diplomados-Kinesiolog\u00eda-UDD-8.jpg 4596w, https:\/\/medicina.udd.cl\/kinesiologia-santiago\/files\/2017\/07\/Titulaci\u00f3n-diplomados-Kinesiolog\u00eda-UDD-8-300x210.jpg 300w, https:\/\/medicina.udd.cl\/kinesiologia-santiago\/files\/2017\/07\/Titulaci\u00f3n-diplomados-Kinesiolog\u00eda-UDD-8-768x536.jpg 768w, https:\/\/medicina.udd.cl\/kinesiologia-santiago\/files\/2017\/07\/Titulaci\u00f3n-diplomados-Kinesiolog\u00eda-UDD-8-1024x715.jpg 1024w, https:\/\/medicina.udd.cl\/kinesiologia-santiago\/files\/2017\/07\/Titulaci\u00f3n-diplomados-Kinesiolog\u00eda-UDD-8-87x62.jpg 87w, https:\/\/medicina.udd.cl\/kinesiologia-santiago\/files\/2017\/07\/Titulaci\u00f3n-diplomados-Kinesiolog\u00eda-UDD-8-365x255.jpg 365w, https:\/\/medicina.udd.cl\/kinesiologia-santiago\/files\/2017\/07\/Titulaci\u00f3n-diplomados-Kinesiolog\u00eda-UDD-8-960x670.jpg 960w\" sizes=\"auto, (max-width: 765px) 100vw, 765px\" \/><\/figure><figure class=\"carousel-item\"><img loading=\"lazy\" decoding=\"async\" width=\"778\" height=\"534\" src=\"https:\/\/medicina.udd.cl\/kinesiologia-santiago\/files\/2017\/07\/Titulaci\u00f3n-diplomados-Kinesiolog\u00eda-UDD-7.jpg\" class=\"attachment-landscape_952 size-landscape_952\" alt=\"\" srcset=\"https:\/\/medicina.udd.cl\/kinesiologia-santiago\/files\/2017\/07\/Titulaci\u00f3n-diplomados-Kinesiolog\u00eda-UDD-7.jpg 4592w, https:\/\/medicina.udd.cl\/kinesiologia-santiago\/files\/2017\/07\/Titulaci\u00f3n-diplomados-Kinesiolog\u00eda-UDD-7-300x206.jpg 300w, https:\/\/medicina.udd.cl\/kinesiologia-santiago\/files\/2017\/07\/Titulaci\u00f3n-diplomados-Kinesiolog\u00eda-UDD-7-768x527.jpg 768w, https:\/\/medicina.udd.cl\/kinesiologia-santiago\/files\/2017\/07\/Titulaci\u00f3n-diplomados-Kinesiolog\u00eda-UDD-7-1024x703.jpg 1024w, https:\/\/medicina.udd.cl\/kinesiologia-santiago\/files\/2017\/07\/Titulaci\u00f3n-diplomados-Kinesiolog\u00eda-UDD-7-960x659.jpg 960w\" sizes=\"auto, (max-width: 778px) 100vw, 778px\" \/><\/figure><figure class=\"carousel-item\"><img loading=\"lazy\" decoding=\"async\" width=\"801\" height=\"534\" src=\"https:\/\/medicina.udd.cl\/kinesiologia-santiago\/files\/2017\/07\/Titulaci\u00f3n-diplomados-Kinesiolog\u00eda-UDD-10.jpg\" class=\"attachment-landscape_952 size-landscape_952\" alt=\"\" srcset=\"https:\/\/medicina.udd.cl\/kinesiologia-santiago\/files\/2017\/07\/Titulaci\u00f3n-diplomados-Kinesiolog\u00eda-UDD-10.jpg 5184w, https:\/\/medicina.udd.cl\/kinesiologia-santiago\/files\/2017\/07\/Titulaci\u00f3n-diplomados-Kinesiolog\u00eda-UDD-10-300x200.jpg 300w, https:\/\/medicina.udd.cl\/kinesiologia-santiago\/files\/2017\/07\/Titulaci\u00f3n-diplomados-Kinesiolog\u00eda-UDD-10-768x512.jpg 768w, https:\/\/medicina.udd.cl\/kinesiologia-santiago\/files\/2017\/07\/Titulaci\u00f3n-diplomados-Kinesiolog\u00eda-UDD-10-1024x683.jpg 1024w, https:\/\/medicina.udd.cl\/kinesiologia-santiago\/files\/2017\/07\/Titulaci\u00f3n-diplomados-Kinesiolog\u00eda-UDD-10-960x640.jpg 960w\" sizes=\"auto, (max-width: 801px) 100vw, 801px\" \/><\/figure><figure class=\"carousel-item\"><img loading=\"lazy\" decoding=\"async\" width=\"801\" height=\"534\" src=\"https:\/\/medicina.udd.cl\/kinesiologia-santiago\/files\/2017\/07\/Titulaci\u00f3n-diplomados-Kinesiolog\u00eda-UDD-6.jpg\" class=\"attachment-landscape_952 size-landscape_952\" alt=\"\" srcset=\"https:\/\/medicina.udd.cl\/kinesiologia-santiago\/files\/2017\/07\/Titulaci\u00f3n-diplomados-Kinesiolog\u00eda-UDD-6.jpg 4512w, https:\/\/medicina.udd.cl\/kinesiologia-santiago\/files\/2017\/07\/Titulaci\u00f3n-diplomados-Kinesiolog\u00eda-UDD-6-300x200.jpg 300w, https:\/\/medicina.udd.cl\/kinesiologia-santiago\/files\/2017\/07\/Titulaci\u00f3n-diplomados-Kinesiolog\u00eda-UDD-6-768x512.jpg 768w, https:\/\/medicina.udd.cl\/kinesiologia-santiago\/files\/2017\/07\/Titulaci\u00f3n-diplomados-Kinesiolog\u00eda-UDD-6-1024x683.jpg 1024w, https:\/\/medicina.udd.cl\/kinesiologia-santiago\/files\/2017\/07\/Titulaci\u00f3n-diplomados-Kinesiolog\u00eda-UDD-6-960x640.jpg 960w\" sizes=\"auto, (max-width: 801px) 100vw, 801px\" \/><\/figure><figure class=\"carousel-item\"><img loading=\"lazy\" decoding=\"async\" width=\"771\" height=\"534\" src=\"https:\/\/medicina.udd.cl\/kinesiologia-santiago\/files\/2017\/07\/Titulaci\u00f3n-diplomados-Kinesiolog\u00eda-UDD-11.jpg\" class=\"attachment-landscape_952 size-landscape_952\" alt=\"\" srcset=\"https:\/\/medicina.udd.cl\/kinesiologia-santiago\/files\/2017\/07\/Titulaci\u00f3n-diplomados-Kinesiolog\u00eda-UDD-11.jpg 4680w, https:\/\/medicina.udd.cl\/kinesiologia-santiago\/files\/2017\/07\/Titulaci\u00f3n-diplomados-Kinesiolog\u00eda-UDD-11-300x208.jpg 300w, https:\/\/medicina.udd.cl\/kinesiologia-santiago\/files\/2017\/07\/Titulaci\u00f3n-diplomados-Kinesiolog\u00eda-UDD-11-768x532.jpg 768w, https:\/\/medicina.udd.cl\/kinesiologia-santiago\/files\/2017\/07\/Titulaci\u00f3n-diplomados-Kinesiolog\u00eda-UDD-11-1024x709.jpg 1024w, https:\/\/medicina.udd.cl\/kinesiologia-santiago\/files\/2017\/07\/Titulaci\u00f3n-diplomados-Kinesiolog\u00eda-UDD-11-960x665.jpg 960w\" sizes=\"auto, (max-width: 771px) 100vw, 771px\" \/><\/figure><figure class=\"carousel-item\"><img loading=\"lazy\" decoding=\"async\" width=\"801\" height=\"534\" src=\"https:\/\/medicina.udd.cl\/kinesiologia-santiago\/files\/2017\/07\/Titulaci\u00f3n-diplomados-Kinesiolog\u00eda-UDD-18.jpg\" class=\"attachment-landscape_952 size-landscape_952\" alt=\"\" srcset=\"https:\/\/medicina.udd.cl\/kinesiologia-santiago\/files\/2017\/07\/Titulaci\u00f3n-diplomados-Kinesiolog\u00eda-UDD-18.jpg 5184w, https:\/\/medicina.udd.cl\/kinesiologia-santiago\/files\/2017\/07\/Titulaci\u00f3n-diplomados-Kinesiolog\u00eda-UDD-18-300x200.jpg 300w, https:\/\/medicina.udd.cl\/kinesiologia-santiago\/files\/2017\/07\/Titulaci\u00f3n-diplomados-Kinesiolog\u00eda-UDD-18-768x512.jpg 768w, https:\/\/medicina.udd.cl\/kinesiologia-santiago\/files\/2017\/07\/Titulaci\u00f3n-diplomados-Kinesiolog\u00eda-UDD-18-1024x683.jpg 1024w, https:\/\/medicina.udd.cl\/kinesiologia-santiago\/files\/2017\/07\/Titulaci\u00f3n-diplomados-Kinesiolog\u00eda-UDD-18-960x640.jpg 960w\" sizes=\"auto, (max-width: 801px) 100vw, 801px\" \/><\/figure><figure class=\"carousel-item\"><img loading=\"lazy\" decoding=\"async\" width=\"801\" height=\"534\" src=\"https:\/\/medicina.udd.cl\/kinesiologia-santiago\/files\/2017\/07\/Titulaci\u00f3n-diplomados-Kinesiolog\u00eda-UDD-17.jpg\" class=\"attachment-landscape_952 size-landscape_952\" alt=\"\" srcset=\"https:\/\/medicina.udd.cl\/kinesiologia-santiago\/files\/2017\/07\/Titulaci\u00f3n-diplomados-Kinesiolog\u00eda-UDD-17.jpg 5184w, https:\/\/medicina.udd.cl\/kinesiologia-santiago\/files\/2017\/07\/Titulaci\u00f3n-diplomados-Kinesiolog\u00eda-UDD-17-300x200.jpg 300w, https:\/\/medicina.udd.cl\/kinesiologia-santiago\/files\/2017\/07\/Titulaci\u00f3n-diplomados-Kinesiolog\u00eda-UDD-17-768x512.jpg 768w, https:\/\/medicina.udd.cl\/kinesiologia-santiago\/files\/2017\/07\/Titulaci\u00f3n-diplomados-Kinesiolog\u00eda-UDD-17-1024x683.jpg 1024w, https:\/\/medicina.udd.cl\/kinesiologia-santiago\/files\/2017\/07\/Titulaci\u00f3n-diplomados-Kinesiolog\u00eda-UDD-17-960x640.jpg 960w\" sizes=\"auto, (max-width: 801px) 100vw, 801px\" \/><\/figure><figure class=\"carousel-item\"><img loading=\"lazy\" decoding=\"async\" width=\"801\" height=\"534\" src=\"https:\/\/medicina.udd.cl\/kinesiologia-santiago\/files\/2017\/07\/Titulaci\u00f3n-diplomados-Kinesiolog\u00eda-UDD-16.jpg\" class=\"attachment-landscape_952 size-landscape_952\" alt=\"\" srcset=\"https:\/\/medicina.udd.cl\/kinesiologia-santiago\/files\/2017\/07\/Titulaci\u00f3n-diplomados-Kinesiolog\u00eda-UDD-16.jpg 5184w, https:\/\/medicina.udd.cl\/kinesiologia-santiago\/files\/2017\/07\/Titulaci\u00f3n-diplomados-Kinesiolog\u00eda-UDD-16-300x200.jpg 300w, https:\/\/medicina.udd.cl\/kinesiologia-santiago\/files\/2017\/07\/Titulaci\u00f3n-diplomados-Kinesiolog\u00eda-UDD-16-768x512.jpg 768w, https:\/\/medicina.udd.cl\/kinesiologia-santiago\/files\/2017\/07\/Titulaci\u00f3n-diplomados-Kinesiolog\u00eda-UDD-16-1024x683.jpg 1024w, https:\/\/medicina.udd.cl\/kinesiologia-santiago\/files\/2017\/07\/Titulaci\u00f3n-diplomados-Kinesiolog\u00eda-UDD-16-960x640.jpg 960w\" sizes=\"auto, (max-width: 801px) 100vw, 801px\" \/><\/figure><figure class=\"carousel-item\"><img loading=\"lazy\" decoding=\"async\" width=\"797\" height=\"534\" src=\"https:\/\/medicina.udd.cl\/kinesiologia-santiago\/files\/2017\/07\/Titulaci\u00f3n-diplomados-Kinesiolog\u00eda-UDD-13.jpg\" class=\"attachment-landscape_952 size-landscape_952\" alt=\"\" srcset=\"https:\/\/medicina.udd.cl\/kinesiologia-santiago\/files\/2017\/07\/Titulaci\u00f3n-diplomados-Kinesiolog\u00eda-UDD-13.jpg 4944w, https:\/\/medicina.udd.cl\/kinesiologia-santiago\/files\/2017\/07\/Titulaci\u00f3n-diplomados-Kinesiolog\u00eda-UDD-13-300x201.jpg 300w, https:\/\/medicina.udd.cl\/kinesiologia-santiago\/files\/2017\/07\/Titulaci\u00f3n-diplomados-Kinesiolog\u00eda-UDD-13-768x514.jpg 768w, https:\/\/medicina.udd.cl\/kinesiologia-santiago\/files\/2017\/07\/Titulaci\u00f3n-diplomados-Kinesiolog\u00eda-UDD-13-1024x686.jpg 1024w, https:\/\/medicina.udd.cl\/kinesiologia-santiago\/files\/2017\/07\/Titulaci\u00f3n-diplomados-Kinesiolog\u00eda-UDD-13-960x643.jpg 960w\" sizes=\"auto, (max-width: 797px) 100vw, 797px\" \/><\/figure><figure class=\"carousel-item\"><img loading=\"lazy\" decoding=\"async\" width=\"365\" height=\"534\" src=\"https:\/\/medicina.udd.cl\/kinesiologia-santiago\/files\/2017\/07\/Titulaci\u00f3n-diplomados-Kinesiolog\u00eda-UDD-14.jpg\" class=\"attachment-landscape_952 size-landscape_952\" alt=\"\" srcset=\"https:\/\/medicina.udd.cl\/kinesiologia-santiago\/files\/2017\/07\/Titulaci\u00f3n-diplomados-Kinesiolog\u00eda-UDD-14.jpg 2360w, https:\/\/medicina.udd.cl\/kinesiologia-santiago\/files\/2017\/07\/Titulaci\u00f3n-diplomados-Kinesiolog\u00eda-UDD-14-205x300.jpg 205w, https:\/\/medicina.udd.cl\/kinesiologia-santiago\/files\/2017\/07\/Titulaci\u00f3n-diplomados-Kinesiolog\u00eda-UDD-14-768x1125.jpg 768w, https:\/\/medicina.udd.cl\/kinesiologia-santiago\/files\/2017\/07\/Titulaci\u00f3n-diplomados-Kinesiolog\u00eda-UDD-14-699x1024.jpg 699w, https:\/\/medicina.udd.cl\/kinesiologia-santiago\/files\/2017\/07\/Titulaci\u00f3n-diplomados-Kinesiolog\u00eda-UDD-14-656x960.jpg 656w\" sizes=\"auto, (max-width: 365px) 100vw, 365px\" \/><\/figure><figure class=\"carousel-item\"><img loading=\"lazy\" decoding=\"async\" width=\"751\" height=\"534\" src=\"https:\/\/medicina.udd.cl\/kinesiologia-santiago\/files\/2017\/07\/Titulaci\u00f3n-diplomados-Kinesiolog\u00eda-UDD-15.jpg\" class=\"attachment-landscape_952 size-landscape_952\" alt=\"\" srcset=\"https:\/\/medicina.udd.cl\/kinesiologia-santiago\/files\/2017\/07\/Titulaci\u00f3n-diplomados-Kinesiolog\u00eda-UDD-15.jpg 4624w, https:\/\/medicina.udd.cl\/kinesiologia-santiago\/files\/2017\/07\/Titulaci\u00f3n-diplomados-Kinesiolog\u00eda-UDD-15-300x213.jpg 300w, https:\/\/medicina.udd.cl\/kinesiologia-santiago\/files\/2017\/07\/Titulaci\u00f3n-diplomados-Kinesiolog\u00eda-UDD-15-768x546.jpg 768w, https:\/\/medicina.udd.cl\/kinesiologia-santiago\/files\/2017\/07\/Titulaci\u00f3n-diplomados-Kinesiolog\u00eda-UDD-15-1024x728.jpg 1024w, https:\/\/medicina.udd.cl\/kinesiologia-santiago\/files\/2017\/07\/Titulaci\u00f3n-diplomados-Kinesiolog\u00eda-UDD-15-316x224.jpg 316w, https:\/\/medicina.udd.cl\/kinesiologia-santiago\/files\/2017\/07\/Titulaci\u00f3n-diplomados-Kinesiolog\u00eda-UDD-15-87x62.jpg 87w, https:\/\/medicina.udd.cl\/kinesiologia-santiago\/files\/2017\/07\/Titulaci\u00f3n-diplomados-Kinesiolog\u00eda-UDD-15-960x683.jpg 960w\" sizes=\"auto, (max-width: 751px) 100vw, 751px\" \/><\/figure><figure class=\"carousel-item\"><img loading=\"lazy\" decoding=\"async\" width=\"750\" height=\"534\" src=\"https:\/\/medicina.udd.cl\/kinesiologia-santiago\/files\/2017\/07\/Titulaci\u00f3n-diplomados-Kinesiolog\u00eda-UDD-19.jpg\" class=\"attachment-landscape_952 size-landscape_952\" alt=\"\" srcset=\"https:\/\/medicina.udd.cl\/kinesiologia-santiago\/files\/2017\/07\/Titulaci\u00f3n-diplomados-Kinesiolog\u00eda-UDD-19.jpg 4616w, https:\/\/medicina.udd.cl\/kinesiologia-santiago\/files\/2017\/07\/Titulaci\u00f3n-diplomados-Kinesiolog\u00eda-UDD-19-300x214.jpg 300w, https:\/\/medicina.udd.cl\/kinesiologia-santiago\/files\/2017\/07\/Titulaci\u00f3n-diplomados-Kinesiolog\u00eda-UDD-19-768x547.jpg 768w, https:\/\/medicina.udd.cl\/kinesiologia-santiago\/files\/2017\/07\/Titulaci\u00f3n-diplomados-Kinesiolog\u00eda-UDD-19-1024x729.jpg 1024w, https:\/\/medicina.udd.cl\/kinesiologia-santiago\/files\/2017\/07\/Titulaci\u00f3n-diplomados-Kinesiolog\u00eda-UDD-19-316x224.jpg 316w, https:\/\/medicina.udd.cl\/kinesiologia-santiago\/files\/2017\/07\/Titulaci\u00f3n-diplomados-Kinesiolog\u00eda-UDD-19-286x205.jpg 286w, https:\/\/medicina.udd.cl\/kinesiologia-santiago\/files\/2017\/07\/Titulaci\u00f3n-diplomados-Kinesiolog\u00eda-UDD-19-87x62.jpg 87w, https:\/\/medicina.udd.cl\/kinesiologia-santiago\/files\/2017\/07\/Titulaci\u00f3n-diplomados-Kinesiolog\u00eda-UDD-19-960x684.jpg 960w\" sizes=\"auto, (max-width: 750px) 100vw, 750px\" \/><\/figure><figure class=\"carousel-item\"><img loading=\"lazy\" decoding=\"async\" width=\"801\" height=\"534\" src=\"https:\/\/medicina.udd.cl\/kinesiologia-santiago\/files\/2017\/07\/Titulaci\u00f3n-diplomado-Kinesiolog\u00eda.jpg\" class=\"attachment-landscape_952 size-landscape_952\" alt=\"\" srcset=\"https:\/\/medicina.udd.cl\/kinesiologia-santiago\/files\/2017\/07\/Titulaci\u00f3n-diplomado-Kinesiolog\u00eda.jpg 5184w, https:\/\/medicina.udd.cl\/kinesiologia-santiago\/files\/2017\/07\/Titulaci\u00f3n-diplomado-Kinesiolog\u00eda-300x200.jpg 300w, https:\/\/medicina.udd.cl\/kinesiologia-santiago\/files\/2017\/07\/Titulaci\u00f3n-diplomado-Kinesiolog\u00eda-768x512.jpg 768w, https:\/\/medicina.udd.cl\/kinesiologia-santiago\/files\/2017\/07\/Titulaci\u00f3n-diplomado-Kinesiolog\u00eda-1024x683.jpg 1024w, https:\/\/medicina.udd.cl\/kinesiologia-santiago\/files\/2017\/07\/Titulaci\u00f3n-diplomado-Kinesiolog\u00eda-960x640.jpg 960w\" sizes=\"auto, (max-width: 801px) 100vw, 801px\" \/><\/figure><\/div><footer class=\"carousel-footer\"><div class=\"carousel-counter\"><span class=\"carousel-counter-current\"><\/span> \/ <span class=\"carousel-counter-total\"><\/span><\/div><a class=\"carousel-control-prev\" href=\"#gallery-1\" role=\"button\" data-slide=\"prev\"><svg aria-hidden=\"true\" class=\"svg-chevron-left-dims\"><use xlink:href='https:\/\/medicina.udd.cl\/kinesiologia-santiago\/wp-content\/themes\/facultades-2018\/assets\/img\/svg\/dist\/main.svg?version=1695853099#chevron-left'><\/use><\/svg><span class=\"sr-only\">Anterior<\/span><\/a><a class=\"carousel-control-next\" href=\"#gallery-1\" role=\"button\" data-slide=\"next\"><svg aria-hidden=\"true\" class=\"svg-chevron-right-dims\"><use xlink:href='https:\/\/medicina.udd.cl\/kinesiologia-santiago\/wp-content\/themes\/facultades-2018\/assets\/img\/svg\/dist\/main.svg?version=1695853099#chevron-right'><\/use><\/svg><span class=\"sr-only\">Siguiente<\/span><\/a><\/footer><\/div>\n<p style=\"text-align: justify\">Ciento cuarenta y seis profesionales recibieron el diploma que certifica su formaci\u00f3n de Educaci\u00f3n Continua en la Universidad del Desarrollo al concluir exitosamente los programas de Kinesiterapia en Rehabilitaci\u00f3n Cardiovascular, Unidad del Paciente Cr\u00edtico, Embarazo y Postparto, Neonatal y Paciente Prematuro, Disfunciones Pelviperineales de la Mujer, y Ejercicio Terap\u00e9utico y Estabilidad Din\u00e1mica de Patolog\u00edas M\u00fasculo-esquel\u00e9ticas.<\/p>\n<p style=\"text-align: justify\">La ceremonia de titulaci\u00f3n se llev\u00f3 a cabo en el Aula Magna del campus Las Condes y comenz\u00f3 con el discurso de la doctora Marcela Castillo, vicedecana de Postgrado de la Facultad de Medicina Cl\u00ednica Alemana UDD. Posteriormente, Sonia Roa, coordinadora de Postgrado de la carrera de Kinesiolog\u00eda, dijo unas palabras a los titulados.<\/p>\n<p style=\"text-align: justify\">\u201cEsperamos haber aportado a sus vidas profesionales. Esperamos que, si miran atr\u00e1s, hoy no sean las mismas personas de hace un a\u00f1o, sino mejores, con m\u00e1s confianza, herramientas y -por qu\u00e9 no- con m\u00e1s ganas de seguir aprendiendo, pues \u2018estudiar no es para saber m\u00e1s, sino para ignorar menos\u2019. Con su t\u00edtulo enfrentamos el desaf\u00edo de buscar la forma de seguir aportando a sus vidas profesionales y esperamos que nos permitan nuevamente ser parte de ella\u201d, se\u00f1al\u00f3 Sonia Roa al terminar su discurso.<\/p>\n<p style=\"text-align: justify\">Del mismo modo, la kinesi\u00f3loga Gabriela Manzano habl\u00f3 en representaci\u00f3n de los titulados, destacando lo que representa la continuidad de estudios para los profesionales de la Salud.<\/p>\n<p style=\"text-align: justify\">Finalmente, la Universidad del Desarrollo reconoci\u00f3 la excelencia de sus estudiantes, reconociendo a los mejores alumnos de cada programa.<\/p>\n<p style=\"text-align: justify\"><strong>Diplomado en Kinesiterapia en Rehabilitaci\u00f3n Cardiovascular<\/strong><\/p>\n<ul style=\"text-align: justify\">\n<li>Cristi\u00e1n Salas Ar\u00e9valo<\/li>\n<li>Ignacia C\u00e1rdenas Mardones<\/li>\n<li>Javiera Celsi N\u00fa\u00f1ez<\/li>\n<li>Rebeca Garat Charme<\/li>\n<\/ul>\n<p style=\"text-align: justify\"><strong>Diplomado en Kinesiterapia en Unidad de Paciente Cr\u00edtico<\/strong><\/p>\n<ul style=\"text-align: justify\">\n<li>Sara Ramos Fuster<\/li>\n<\/ul>\n<p style=\"text-align: justify\"><strong>Diplomado en Kinesiterapia Neonatal y del Paciente Prematuro<\/strong><\/p>\n<ul style=\"text-align: justify\">\n<li>Francisca Guerra L\u00f3pez<\/li>\n<\/ul>\n<p style=\"text-align: justify\"><strong>Diplomado en Ejercicio Terap\u00e9utico y Estabilidad Din\u00e1mica en Patolog\u00edas M\u00fasculo-esquel\u00e9ticas<\/strong><\/p>\n<ul style=\"text-align: justify\">\n<li>Andr\u00e9s Saavedra Moreno<\/li>\n<li>Mat\u00edas Vergara Toledo<\/li>\n<\/ul>\n<p style=\"text-align: justify\"><strong>Diplomado en Kinesiterapia en Disfunciones Pelviperineales de la Mujer<\/strong><\/p>\n<ul>\n<li>Stefanie Solsbach Abarca<\/li>\n<\/ul>\n","protected":false},"excerpt":{"rendered":"<p>La ceremonia de titulaci\u00f3n fue presidida por la doctora Marcela Castillo, vicedecana de Postgrado de la Facultad de Medicina, Jorge Molina, director de Kinesiolog\u00eda, y Sonia Roa, coordinadora de Postgrado de la carrera.<\/p>\n","protected":false},"author":9192192,"featured_media":3731,"comment_status":"open","ping_status":"open","sticky":false,"template":"","format":"standard","meta":{"footnotes":""},"categories":[4],"tags":[],"class_list":["post-3711","post","type-post","status-publish","format-standard","has-post-thumbnail","hentry","category-noticias"],"yoast_head":"<!-- This site is optimized with the Yoast SEO plugin v26.9 - https:\/\/yoast.com\/product\/yoast-seo-wordpress\/ -->\n<title>Kinesiolog\u00eda UDD titul\u00f3 a estudiantes de diplomados - Kinesiolog\u00eda<\/title>\n<meta name=\"robots\" content=\"index, follow, max-snippet:-1, max-image-preview:large, max-video-preview:-1\" \/>\n<link rel=\"canonical\" href=\"https:\/\/medicina.udd.cl\/kinesiologia-santiago\/noticias\/2017\/07\/20\/kinesiologia-udd-titulo-a-estudiantes-de-diplomados\/\" \/>\n<meta property=\"og:locale\" content=\"es_ES\" \/>\n<meta property=\"og:type\" content=\"article\" \/>\n<meta property=\"og:title\" content=\"Kinesiolog\u00eda UDD titul\u00f3 a estudiantes de diplomados - Kinesiolog\u00eda\" \/>\n<meta property=\"og:description\" content=\"La ceremonia de titulaci\u00f3n fue presidida por la doctora Marcela Castillo, vicedecana de Postgrado de la Facultad de Medicina, Jorge Molina, director de Kinesiolog\u00eda, y Sonia Roa, coordinadora de Postgrado de la carrera.\" \/>\n<meta property=\"og:url\" content=\"https:\/\/medicina.udd.cl\/kinesiologia-santiago\/noticias\/2017\/07\/20\/kinesiologia-udd-titulo-a-estudiantes-de-diplomados\/\" \/>\n<meta property=\"og:site_name\" content=\"Kinesiolog\u00eda\" \/>\n<meta property=\"article:published_time\" content=\"2017-07-20T22:00:56+00:00\" \/>\n<meta property=\"article:modified_time\" content=\"2017-07-21T13:30:56+00:00\" \/>\n<meta property=\"og:image\" content=\"https:\/\/medicina.udd.cl\/kinesiologia-santiago\/files\/2017\/07\/Titulaci\u00f3n-diplomados-Kinesiolog\u00eda-UDD-2-1.jpg\" \/>\n\t<meta property=\"og:image:width\" content=\"900\" \/>\n\t<meta property=\"og:image:height\" content=\"600\" \/>\n\t<meta property=\"og:image:type\" content=\"image\/jpeg\" \/>\n<meta name=\"author\" content=\"paulinamunoz\" \/>\n<meta name=\"twitter:label1\" content=\"Escrito por\" \/>\n\t<meta name=\"twitter:data1\" content=\"paulinamunoz\" \/>\n\t<meta name=\"twitter:label2\" content=\"Tiempo de lectura\" \/>\n\t<meta name=\"twitter:data2\" content=\"2 minutos\" \/>\n<script type=\"application\/ld+json\" class=\"yoast-schema-graph\">{\"@context\":\"https:\/\/schema.org\",\"@graph\":[{\"@type\":\"Article\",\"@id\":\"https:\/\/medicina.udd.cl\/kinesiologia-santiago\/noticias\/2017\/07\/20\/kinesiologia-udd-titulo-a-estudiantes-de-diplomados\/#article\",\"isPartOf\":{\"@id\":\"https:\/\/medicina.udd.cl\/kinesiologia-santiago\/noticias\/2017\/07\/20\/kinesiologia-udd-titulo-a-estudiantes-de-diplomados\/\"},\"author\":{\"name\":\"paulinamunoz\",\"@id\":\"https:\/\/medicina.udd.cl\/kinesiologia-santiago\/#\/schema\/person\/8bbd66125b574a40ec467c180c11f2e3\"},\"headline\":\"Kinesiolog\u00eda UDD titul\u00f3 a estudiantes de diplomados\",\"datePublished\":\"2017-07-20T22:00:56+00:00\",\"dateModified\":\"2017-07-21T13:30:56+00:00\",\"mainEntityOfPage\":{\"@id\":\"https:\/\/medicina.udd.cl\/kinesiologia-santiago\/noticias\/2017\/07\/20\/kinesiologia-udd-titulo-a-estudiantes-de-diplomados\/\"},\"wordCount\":352,\"commentCount\":0,\"image\":{\"@id\":\"https:\/\/medicina.udd.cl\/kinesiologia-santiago\/noticias\/2017\/07\/20\/kinesiologia-udd-titulo-a-estudiantes-de-diplomados\/#primaryimage\"},\"thumbnailUrl\":\"https:\/\/medicina.udd.cl\/kinesiologia-santiago\/files\/2017\/07\/Titulaci\u00f3n-diplomados-Kinesiolog\u00eda-UDD-2-1.jpg\",\"articleSection\":[\"Noticias\"],\"inLanguage\":\"es\",\"potentialAction\":[{\"@type\":\"CommentAction\",\"name\":\"Comment\",\"target\":[\"https:\/\/medicina.udd.cl\/kinesiologia-santiago\/noticias\/2017\/07\/20\/kinesiologia-udd-titulo-a-estudiantes-de-diplomados\/#respond\"]}]},{\"@type\":\"WebPage\",\"@id\":\"https:\/\/medicina.udd.cl\/kinesiologia-santiago\/noticias\/2017\/07\/20\/kinesiologia-udd-titulo-a-estudiantes-de-diplomados\/\",\"url\":\"https:\/\/medicina.udd.cl\/kinesiologia-santiago\/noticias\/2017\/07\/20\/kinesiologia-udd-titulo-a-estudiantes-de-diplomados\/\",\"name\":\"Kinesiolog\u00eda UDD titul\u00f3 a estudiantes de diplomados - Kinesiolog\u00eda\",\"isPartOf\":{\"@id\":\"https:\/\/medicina.udd.cl\/kinesiologia-santiago\/#website\"},\"primaryImageOfPage\":{\"@id\":\"https:\/\/medicina.udd.cl\/kinesiologia-santiago\/noticias\/2017\/07\/20\/kinesiologia-udd-titulo-a-estudiantes-de-diplomados\/#primaryimage\"},\"image\":{\"@id\":\"https:\/\/medicina.udd.cl\/kinesiologia-santiago\/noticias\/2017\/07\/20\/kinesiologia-udd-titulo-a-estudiantes-de-diplomados\/#primaryimage\"},\"thumbnailUrl\":\"https:\/\/medicina.udd.cl\/kinesiologia-santiago\/files\/2017\/07\/Titulaci\u00f3n-diplomados-Kinesiolog\u00eda-UDD-2-1.jpg\",\"datePublished\":\"2017-07-20T22:00:56+00:00\",\"dateModified\":\"2017-07-21T13:30:56+00:00\",\"author\":{\"@id\":\"https:\/\/medicina.udd.cl\/kinesiologia-santiago\/#\/schema\/person\/8bbd66125b574a40ec467c180c11f2e3\"},\"breadcrumb\":{\"@id\":\"https:\/\/medicina.udd.cl\/kinesiologia-santiago\/noticias\/2017\/07\/20\/kinesiologia-udd-titulo-a-estudiantes-de-diplomados\/#breadcrumb\"},\"inLanguage\":\"es\",\"potentialAction\":[{\"@type\":\"ReadAction\",\"target\":[\"https:\/\/medicina.udd.cl\/kinesiologia-santiago\/noticias\/2017\/07\/20\/kinesiologia-udd-titulo-a-estudiantes-de-diplomados\/\"]}]},{\"@type\":\"ImageObject\",\"inLanguage\":\"es\",\"@id\":\"https:\/\/medicina.udd.cl\/kinesiologia-santiago\/noticias\/2017\/07\/20\/kinesiologia-udd-titulo-a-estudiantes-de-diplomados\/#primaryimage\",\"url\":\"https:\/\/medicina.udd.cl\/kinesiologia-santiago\/files\/2017\/07\/Titulaci\u00f3n-diplomados-Kinesiolog\u00eda-UDD-2-1.jpg\",\"contentUrl\":\"https:\/\/medicina.udd.cl\/kinesiologia-santiago\/files\/2017\/07\/Titulaci\u00f3n-diplomados-Kinesiolog\u00eda-UDD-2-1.jpg\",\"width\":900,\"height\":600},{\"@type\":\"BreadcrumbList\",\"@id\":\"https:\/\/medicina.udd.cl\/kinesiologia-santiago\/noticias\/2017\/07\/20\/kinesiologia-udd-titulo-a-estudiantes-de-diplomados\/#breadcrumb\",\"itemListElement\":[{\"@type\":\"ListItem\",\"position\":1,\"name\":\"Home\",\"item\":\"https:\/\/medicina.udd.cl\/kinesiologia-santiago\/\"},{\"@type\":\"ListItem\",\"position\":2,\"name\":\"Kinesiolog\u00eda UDD titul\u00f3 a estudiantes de diplomados\"}]},{\"@type\":\"WebSite\",\"@id\":\"https:\/\/medicina.udd.cl\/kinesiologia-santiago\/#website\",\"url\":\"https:\/\/medicina.udd.cl\/kinesiologia-santiago\/\",\"name\":\"Kinesiolog\u00eda\",\"description\":\"Facultad de Medicina Cl\u00ednica Alemana Universidad del Desarrollo\",\"inLanguage\":\"es\"},{\"@type\":\"Person\",\"@id\":\"https:\/\/medicina.udd.cl\/kinesiologia-santiago\/#\/schema\/person\/8bbd66125b574a40ec467c180c11f2e3\",\"name\":\"paulinamunoz\",\"image\":{\"@type\":\"ImageObject\",\"inLanguage\":\"es\",\"@id\":\"https:\/\/medicina.udd.cl\/kinesiologia-santiago\/#\/schema\/person\/image\/\",\"url\":\"https:\/\/secure.gravatar.com\/avatar\/748ce8fb74e8f8077c4966697a3b3710ca0019e71a62146890c0dcdc705e7f3d?s=96&d=mm&r=g\",\"contentUrl\":\"https:\/\/secure.gravatar.com\/avatar\/748ce8fb74e8f8077c4966697a3b3710ca0019e71a62146890c0dcdc705e7f3d?s=96&d=mm&r=g\",\"caption\":\"paulinamunoz\"},\"url\":\"https:\/\/medicina.udd.cl\/kinesiologia-santiago\/noticias\/author\/paulinamunoz\/\"}]}<\/script>\n<!-- \/ Yoast SEO plugin. -->","yoast_head_json":{"title":"Kinesiolog\u00eda UDD titul\u00f3 a estudiantes de diplomados - Kinesiolog\u00eda","robots":{"index":"index","follow":"follow","max-snippet":"max-snippet:-1","max-image-preview":"max-image-preview:large","max-video-preview":"max-video-preview:-1"},"canonical":"https:\/\/medicina.udd.cl\/kinesiologia-santiago\/noticias\/2017\/07\/20\/kinesiologia-udd-titulo-a-estudiantes-de-diplomados\/","og_locale":"es_ES","og_type":"article","og_title":"Kinesiolog\u00eda UDD titul\u00f3 a estudiantes de diplomados - Kinesiolog\u00eda","og_description":"La ceremonia de titulaci\u00f3n fue presidida por la doctora Marcela Castillo, vicedecana de Postgrado de la Facultad de Medicina, Jorge Molina, director de Kinesiolog\u00eda, y Sonia Roa, coordinadora de Postgrado de la carrera.","og_url":"https:\/\/medicina.udd.cl\/kinesiologia-santiago\/noticias\/2017\/07\/20\/kinesiologia-udd-titulo-a-estudiantes-de-diplomados\/","og_site_name":"Kinesiolog\u00eda","article_published_time":"2017-07-20T22:00:56+00:00","article_modified_time":"2017-07-21T13:30:56+00:00","og_image":[{"width":900,"height":600,"url":"https:\/\/medicina.udd.cl\/kinesiologia-santiago\/files\/2017\/07\/Titulaci\u00f3n-diplomados-Kinesiolog\u00eda-UDD-2-1.jpg","type":"image\/jpeg"}],"author":"paulinamunoz","twitter_misc":{"Escrito por":"paulinamunoz","Tiempo de lectura":"2 minutos"},"schema":{"@context":"https:\/\/schema.org","@graph":[{"@type":"Article","@id":"https:\/\/medicina.udd.cl\/kinesiologia-santiago\/noticias\/2017\/07\/20\/kinesiologia-udd-titulo-a-estudiantes-de-diplomados\/#article","isPartOf":{"@id":"https:\/\/medicina.udd.cl\/kinesiologia-santiago\/noticias\/2017\/07\/20\/kinesiologia-udd-titulo-a-estudiantes-de-diplomados\/"},"author":{"name":"paulinamunoz","@id":"https:\/\/medicina.udd.cl\/kinesiologia-santiago\/#\/schema\/person\/8bbd66125b574a40ec467c180c11f2e3"},"headline":"Kinesiolog\u00eda UDD titul\u00f3 a estudiantes de diplomados","datePublished":"2017-07-20T22:00:56+00:00","dateModified":"2017-07-21T13:30:56+00:00","mainEntityOfPage":{"@id":"https:\/\/medicina.udd.cl\/kinesiologia-santiago\/noticias\/2017\/07\/20\/kinesiologia-udd-titulo-a-estudiantes-de-diplomados\/"},"wordCount":352,"commentCount":0,"image":{"@id":"https:\/\/medicina.udd.cl\/kinesiologia-santiago\/noticias\/2017\/07\/20\/kinesiologia-udd-titulo-a-estudiantes-de-diplomados\/#primaryimage"},"thumbnailUrl":"https:\/\/medicina.udd.cl\/kinesiologia-santiago\/files\/2017\/07\/Titulaci\u00f3n-diplomados-Kinesiolog\u00eda-UDD-2-1.jpg","articleSection":["Noticias"],"inLanguage":"es","potentialAction":[{"@type":"CommentAction","name":"Comment","target":["https:\/\/medicina.udd.cl\/kinesiologia-santiago\/noticias\/2017\/07\/20\/kinesiologia-udd-titulo-a-estudiantes-de-diplomados\/#respond"]}]},{"@type":"WebPage","@id":"https:\/\/medicina.udd.cl\/kinesiologia-santiago\/noticias\/2017\/07\/20\/kinesiologia-udd-titulo-a-estudiantes-de-diplomados\/","url":"https:\/\/medicina.udd.cl\/kinesiologia-santiago\/noticias\/2017\/07\/20\/kinesiologia-udd-titulo-a-estudiantes-de-diplomados\/","name":"Kinesiolog\u00eda UDD titul\u00f3 a estudiantes de diplomados - Kinesiolog\u00eda","isPartOf":{"@id":"https:\/\/medicina.udd.cl\/kinesiologia-santiago\/#website"},"primaryImageOfPage":{"@id":"https:\/\/medicina.udd.cl\/kinesiologia-santiago\/noticias\/2017\/07\/20\/kinesiologia-udd-titulo-a-estudiantes-de-diplomados\/#primaryimage"},"image":{"@id":"https:\/\/medicina.udd.cl\/kinesiologia-santiago\/noticias\/2017\/07\/20\/kinesiologia-udd-titulo-a-estudiantes-de-diplomados\/#primaryimage"},"thumbnailUrl":"https:\/\/medicina.udd.cl\/kinesiologia-santiago\/files\/2017\/07\/Titulaci\u00f3n-diplomados-Kinesiolog\u00eda-UDD-2-1.jpg","datePublished":"2017-07-20T22:00:56+00:00","dateModified":"2017-07-21T13:30:56+00:00","author":{"@id":"https:\/\/medicina.udd.cl\/kinesiologia-santiago\/#\/schema\/person\/8bbd66125b574a40ec467c180c11f2e3"},"breadcrumb":{"@id":"https:\/\/medicina.udd.cl\/kinesiologia-santiago\/noticias\/2017\/07\/20\/kinesiologia-udd-titulo-a-estudiantes-de-diplomados\/#breadcrumb"},"inLanguage":"es","potentialAction":[{"@type":"ReadAction","target":["https:\/\/medicina.udd.cl\/kinesiologia-santiago\/noticias\/2017\/07\/20\/kinesiologia-udd-titulo-a-estudiantes-de-diplomados\/"]}]},{"@type":"ImageObject","inLanguage":"es","@id":"https:\/\/medicina.udd.cl\/kinesiologia-santiago\/noticias\/2017\/07\/20\/kinesiologia-udd-titulo-a-estudiantes-de-diplomados\/#primaryimage","url":"https:\/\/medicina.udd.cl\/kinesiologia-santiago\/files\/2017\/07\/Titulaci\u00f3n-diplomados-Kinesiolog\u00eda-UDD-2-1.jpg","contentUrl":"https:\/\/medicina.udd.cl\/kinesiologia-santiago\/files\/2017\/07\/Titulaci\u00f3n-diplomados-Kinesiolog\u00eda-UDD-2-1.jpg","width":900,"height":600},{"@type":"BreadcrumbList","@id":"https:\/\/medicina.udd.cl\/kinesiologia-santiago\/noticias\/2017\/07\/20\/kinesiologia-udd-titulo-a-estudiantes-de-diplomados\/#breadcrumb","itemListElement":[{"@type":"ListItem","position":1,"name":"Home","item":"https:\/\/medicina.udd.cl\/kinesiologia-santiago\/"},{"@type":"ListItem","position":2,"name":"Kinesiolog\u00eda UDD titul\u00f3 a estudiantes de diplomados"}]},{"@type":"WebSite","@id":"https:\/\/medicina.udd.cl\/kinesiologia-santiago\/#website","url":"https:\/\/medicina.udd.cl\/kinesiologia-santiago\/","name":"Kinesiolog\u00eda","description":"Facultad de Medicina Cl\u00ednica Alemana Universidad del Desarrollo","inLanguage":"es"},{"@type":"Person","@id":"https:\/\/medicina.udd.cl\/kinesiologia-santiago\/#\/schema\/person\/8bbd66125b574a40ec467c180c11f2e3","name":"paulinamunoz","image":{"@type":"ImageObject","inLanguage":"es","@id":"https:\/\/medicina.udd.cl\/kinesiologia-santiago\/#\/schema\/person\/image\/","url":"https:\/\/secure.gravatar.com\/avatar\/748ce8fb74e8f8077c4966697a3b3710ca0019e71a62146890c0dcdc705e7f3d?s=96&d=mm&r=g","contentUrl":"https:\/\/secure.gravatar.com\/avatar\/748ce8fb74e8f8077c4966697a3b3710ca0019e71a62146890c0dcdc705e7f3d?s=96&d=mm&r=g","caption":"paulinamunoz"},"url":"https:\/\/medicina.udd.cl\/kinesiologia-santiago\/noticias\/author\/paulinamunoz\/"}]}},"featured_image_url":"https:\/\/medicina.udd.cl\/kinesiologia-santiago\/files\/2017\/07\/Titulaci\u00f3n-diplomados-Kinesiolog\u00eda-UDD-2-1.jpg","_links":{"self":[{"href":"https:\/\/medicina.udd.cl\/kinesiologia-santiago\/wp-json\/wp\/v2\/posts\/3711","targetHints":{"allow":["GET"]}}],"collection":[{"href":"https:\/\/medicina.udd.cl\/kinesiologia-santiago\/wp-json\/wp\/v2\/posts"}],"about":[{"href":"https:\/\/medicina.udd.cl\/kinesiologia-santiago\/wp-json\/wp\/v2\/types\/post"}],"author":[{"embeddable":true,"href":"https:\/\/medicina.udd.cl\/kinesiologia-santiago\/wp-json\/wp\/v2\/users\/9192192"}],"replies":[{"embeddable":true,"href":"https:\/\/medicina.udd.cl\/kinesiologia-santiago\/wp-json\/wp\/v2\/comments?post=3711"}],"version-history":[{"count":6,"href":"https:\/\/medicina.udd.cl\/kinesiologia-santiago\/wp-json\/wp\/v2\/posts\/3711\/revisions"}],"predecessor-version":[{"id":3738,"href":"https:\/\/medicina.udd.cl\/kinesiologia-santiago\/wp-json\/wp\/v2\/posts\/3711\/revisions\/3738"}],"wp:featuredmedia":[{"embeddable":true,"href":"https:\/\/medicina.udd.cl\/kinesiologia-santiago\/wp-json\/wp\/v2\/media\/3731"}],"wp:attachment":[{"href":"https:\/\/medicina.udd.cl\/kinesiologia-santiago\/wp-json\/wp\/v2\/media?parent=3711"}],"wp:term":[{"taxonomy":"category","embeddable":true,"href":"https:\/\/medicina.udd.cl\/kinesiologia-santiago\/wp-json\/wp\/v2\/categories?post=3711"},{"taxonomy":"post_tag","embeddable":true,"href":"https:\/\/medicina.udd.cl\/kinesiologia-santiago\/wp-json\/wp\/v2\/tags?post=3711"}],"curies":[{"name":"wp","href":"https:\/\/api.w.org\/{rel}","templated":true}]}}