{"id":3782,"date":"2017-10-30T15:17:29","date_gmt":"2017-10-30T18:17:29","guid":{"rendered":"http:\/\/medicina.udd.cl\/kinesiologia-santiago\/?p=3782"},"modified":"2017-10-30T15:31:00","modified_gmt":"2017-10-30T18:31:00","slug":"exitosa-participacion-de-la-udd-en-congreso-chileno-de-medicina-intensiva","status":"publish","type":"post","link":"https:\/\/medicina.udd.cl\/kinesiologia-santiago\/noticias\/2017\/10\/30\/exitosa-participacion-de-la-udd-en-congreso-chileno-de-medicina-intensiva\/","title":{"rendered":"Exitosa participaci\u00f3n de la UDD en Congreso Chileno de Medicina Intensiva"},"content":{"rendered":"<p>&nbsp;<\/p>\n<div id=\"gallery-1\" class=\"carousel slide carousel-gallery\" data-ride=\"false\" data-interval=\"false\"><div class=\"carousel-inner\" role=\"listbox\"><figure class=\"carousel-item active\"><img loading=\"lazy\" decoding=\"async\" width=\"801\" height=\"534\" src=\"https:\/\/medicina.udd.cl\/kinesiologia-santiago\/files\/2017\/10\/kine-3.jpg\" class=\"attachment-landscape_952 size-landscape_952\" alt=\"\" srcset=\"https:\/\/medicina.udd.cl\/kinesiologia-santiago\/files\/2017\/10\/kine-3.jpg 4272w, https:\/\/medicina.udd.cl\/kinesiologia-santiago\/files\/2017\/10\/kine-3-300x200.jpg 300w, https:\/\/medicina.udd.cl\/kinesiologia-santiago\/files\/2017\/10\/kine-3-768x512.jpg 768w, https:\/\/medicina.udd.cl\/kinesiologia-santiago\/files\/2017\/10\/kine-3-1024x683.jpg 1024w, https:\/\/medicina.udd.cl\/kinesiologia-santiago\/files\/2017\/10\/kine-3-960x640.jpg 960w\" sizes=\"auto, (max-width: 801px) 100vw, 801px\" \/><\/figure><figure class=\"carousel-item\"><img loading=\"lazy\" decoding=\"async\" width=\"801\" height=\"534\" src=\"https:\/\/medicina.udd.cl\/kinesiologia-santiago\/files\/2017\/10\/kine-1.jpg\" class=\"attachment-landscape_952 size-landscape_952\" alt=\"\" srcset=\"https:\/\/medicina.udd.cl\/kinesiologia-santiago\/files\/2017\/10\/kine-1.jpg 4272w, https:\/\/medicina.udd.cl\/kinesiologia-santiago\/files\/2017\/10\/kine-1-300x200.jpg 300w, https:\/\/medicina.udd.cl\/kinesiologia-santiago\/files\/2017\/10\/kine-1-768x512.jpg 768w, https:\/\/medicina.udd.cl\/kinesiologia-santiago\/files\/2017\/10\/kine-1-1024x683.jpg 1024w, https:\/\/medicina.udd.cl\/kinesiologia-santiago\/files\/2017\/10\/kine-1-960x640.jpg 960w\" sizes=\"auto, (max-width: 801px) 100vw, 801px\" \/><\/figure><figure class=\"carousel-item\"><img loading=\"lazy\" decoding=\"async\" width=\"801\" height=\"534\" src=\"https:\/\/medicina.udd.cl\/kinesiologia-santiago\/files\/2017\/10\/kine-2.jpg\" class=\"attachment-landscape_952 size-landscape_952\" alt=\"\" srcset=\"https:\/\/medicina.udd.cl\/kinesiologia-santiago\/files\/2017\/10\/kine-2.jpg 4272w, https:\/\/medicina.udd.cl\/kinesiologia-santiago\/files\/2017\/10\/kine-2-300x200.jpg 300w, https:\/\/medicina.udd.cl\/kinesiologia-santiago\/files\/2017\/10\/kine-2-768x512.jpg 768w, https:\/\/medicina.udd.cl\/kinesiologia-santiago\/files\/2017\/10\/kine-2-1024x683.jpg 1024w, https:\/\/medicina.udd.cl\/kinesiologia-santiago\/files\/2017\/10\/kine-2-960x640.jpg 960w\" sizes=\"auto, (max-width: 801px) 100vw, 801px\" \/><\/figure><\/div><footer class=\"carousel-footer\"><div class=\"carousel-counter\"><span class=\"carousel-counter-current\"><\/span> \/ <span class=\"carousel-counter-total\"><\/span><\/div><a class=\"carousel-control-prev\" href=\"#gallery-1\" role=\"button\" data-slide=\"prev\"><svg aria-hidden=\"true\" class=\"svg-chevron-left-dims\"><use xlink:href='https:\/\/medicina.udd.cl\/kinesiologia-santiago\/wp-content\/themes\/facultades-2018\/assets\/img\/svg\/dist\/main.svg?version=1695853099#chevron-left'><\/use><\/svg><span class=\"sr-only\">Anterior<\/span><\/a><a class=\"carousel-control-next\" href=\"#gallery-1\" role=\"button\" data-slide=\"next\"><svg aria-hidden=\"true\" class=\"svg-chevron-right-dims\"><use xlink:href='https:\/\/medicina.udd.cl\/kinesiologia-santiago\/wp-content\/themes\/facultades-2018\/assets\/img\/svg\/dist\/main.svg?version=1695853099#chevron-right'><\/use><\/svg><span class=\"sr-only\">Siguiente<\/span><\/a><\/footer><\/div>\n<p style=\"text-align: justify\">Durante los d\u00edas de conferencia se desarrollaron m\u00faltiples exposiciones con participaci\u00f3n de los profesores Viviane Hidalgo, subjefa del servicio de Rehabilitaci\u00f3n de Cl\u00ednica Alemana y coordinadora del Diplomado en UPC, Juan Eduardo Keymer, jefe t\u00e9cnico UPC Cl\u00ednica Alemana y Director Diplomado UPC y Jorge Molina, Director de carrera de kinesiolog\u00eda.<\/p>\n<p style=\"text-align: justify\">En esta ocasi\u00f3n tambi\u00e9n destacaron las alumnas Sof\u00eda Kupfer y Mara Di Vanni, estudiantes de quinto a\u00f1o (internado profesional) como autoras de \u201cNaricera de alto flujo en el manejo de la falla respiratoria aguda\u201d, junto a los profesores de Kinesiolog\u00eda de Internado profesional y de post\u00edtulo Felipe Cerpa, Juan Edo Keymer y Rodrigo P\u00e9rez, obteniendo el primer lugar en presentaciones cient\u00edficas modalidad p\u00f3ster.<\/p>\n<p style=\"text-align: justify\">En tanto en presentaciones cient\u00edficas modalidad oral la carrera obtuvo el primer lugar con el tema: \u201cComportamiento de la fuerza muscular perif\u00e9rica medida con MRC-SS desde el ingreso a la UCI hasta el alta\u201d de los autores: Daza R, Camus A, Giuliano C, Ulloa V, Hidalgo V.<\/p>\n<p style=\"text-align: justify\">Destacar en este trabajo que todos los autores son profesores de post\u00edtulo de la carrera de kinesiolog\u00eda y el kinesi\u00f3logo Agust\u00edn Camus es exalumno de pregrado y actual alumno del Mag\u00edster en terapia f\u00edsica y rehabilitaci\u00f3n.<\/p>\n<p>&nbsp;<\/p>\n<p>&nbsp;<\/p>\n","protected":false},"excerpt":{"rendered":"<p>Con buenos resultados para la carrera de kinesiolog\u00eda finalizaron las jornadas del 35 congreso chileno de medicina intensiva y el 8\u00ba congreso de kinesiolog\u00eda intensiva en Puc\u00f3n. <\/p>\n","protected":false},"author":9192210,"featured_media":3785,"comment_status":"open","ping_status":"open","sticky":false,"template":"","format":"standard","meta":{"footnotes":""},"categories":[4],"tags":[],"class_list":["post-3782","post","type-post","status-publish","format-standard","has-post-thumbnail","hentry","category-noticias"],"yoast_head":"<!-- This site is optimized with the Yoast SEO plugin v26.9 - https:\/\/yoast.com\/product\/yoast-seo-wordpress\/ -->\n<title>Exitosa participaci\u00f3n de la UDD en Congreso Chileno de Medicina Intensiva - Kinesiolog\u00eda<\/title>\n<meta name=\"robots\" content=\"index, follow, max-snippet:-1, max-image-preview:large, max-video-preview:-1\" \/>\n<link rel=\"canonical\" href=\"https:\/\/medicina.udd.cl\/kinesiologia-santiago\/noticias\/2017\/10\/30\/exitosa-participacion-de-la-udd-en-congreso-chileno-de-medicina-intensiva\/\" \/>\n<meta property=\"og:locale\" content=\"es_ES\" \/>\n<meta property=\"og:type\" content=\"article\" \/>\n<meta property=\"og:title\" content=\"Exitosa participaci\u00f3n de la UDD en Congreso Chileno de Medicina Intensiva - Kinesiolog\u00eda\" \/>\n<meta property=\"og:description\" content=\"Con buenos resultados para la carrera de kinesiolog\u00eda finalizaron las jornadas del 35 congreso chileno de medicina intensiva y el 8\u00ba congreso de kinesiolog\u00eda intensiva en Puc\u00f3n.\" \/>\n<meta property=\"og:url\" content=\"https:\/\/medicina.udd.cl\/kinesiologia-santiago\/noticias\/2017\/10\/30\/exitosa-participacion-de-la-udd-en-congreso-chileno-de-medicina-intensiva\/\" \/>\n<meta property=\"og:site_name\" content=\"Kinesiolog\u00eda\" \/>\n<meta property=\"article:published_time\" content=\"2017-10-30T18:17:29+00:00\" \/>\n<meta property=\"article:modified_time\" content=\"2017-10-30T18:31:00+00:00\" \/>\n<meta property=\"og:image\" content=\"https:\/\/medicina.udd.cl\/kinesiologia-santiago\/files\/2017\/10\/kine-2.jpg\" \/>\n\t<meta property=\"og:image:width\" content=\"4272\" \/>\n\t<meta property=\"og:image:height\" content=\"2848\" \/>\n\t<meta property=\"og:image:type\" content=\"image\/jpeg\" \/>\n<meta name=\"author\" content=\"cataaguilera\" \/>\n<meta name=\"twitter:label1\" content=\"Escrito por\" \/>\n\t<meta name=\"twitter:data1\" content=\"cataaguilera\" \/>\n\t<meta name=\"twitter:label2\" content=\"Tiempo de lectura\" \/>\n\t<meta name=\"twitter:data2\" content=\"1 minuto\" \/>\n<script type=\"application\/ld+json\" class=\"yoast-schema-graph\">{\"@context\":\"https:\/\/schema.org\",\"@graph\":[{\"@type\":\"Article\",\"@id\":\"https:\/\/medicina.udd.cl\/kinesiologia-santiago\/noticias\/2017\/10\/30\/exitosa-participacion-de-la-udd-en-congreso-chileno-de-medicina-intensiva\/#article\",\"isPartOf\":{\"@id\":\"https:\/\/medicina.udd.cl\/kinesiologia-santiago\/noticias\/2017\/10\/30\/exitosa-participacion-de-la-udd-en-congreso-chileno-de-medicina-intensiva\/\"},\"author\":{\"name\":\"cataaguilera\",\"@id\":\"https:\/\/medicina.udd.cl\/kinesiologia-santiago\/#\/schema\/person\/8b2ddab3d222f03f9e6108f06d6cc25c\"},\"headline\":\"Exitosa participaci\u00f3n de la UDD en Congreso Chileno de Medicina Intensiva\",\"datePublished\":\"2017-10-30T18:17:29+00:00\",\"dateModified\":\"2017-10-30T18:31:00+00:00\",\"mainEntityOfPage\":{\"@id\":\"https:\/\/medicina.udd.cl\/kinesiologia-santiago\/noticias\/2017\/10\/30\/exitosa-participacion-de-la-udd-en-congreso-chileno-de-medicina-intensiva\/\"},\"wordCount\":239,\"commentCount\":0,\"image\":{\"@id\":\"https:\/\/medicina.udd.cl\/kinesiologia-santiago\/noticias\/2017\/10\/30\/exitosa-participacion-de-la-udd-en-congreso-chileno-de-medicina-intensiva\/#primaryimage\"},\"thumbnailUrl\":\"https:\/\/medicina.udd.cl\/kinesiologia-santiago\/files\/2017\/10\/kine-2.jpg\",\"articleSection\":[\"Noticias\"],\"inLanguage\":\"es\",\"potentialAction\":[{\"@type\":\"CommentAction\",\"name\":\"Comment\",\"target\":[\"https:\/\/medicina.udd.cl\/kinesiologia-santiago\/noticias\/2017\/10\/30\/exitosa-participacion-de-la-udd-en-congreso-chileno-de-medicina-intensiva\/#respond\"]}]},{\"@type\":\"WebPage\",\"@id\":\"https:\/\/medicina.udd.cl\/kinesiologia-santiago\/noticias\/2017\/10\/30\/exitosa-participacion-de-la-udd-en-congreso-chileno-de-medicina-intensiva\/\",\"url\":\"https:\/\/medicina.udd.cl\/kinesiologia-santiago\/noticias\/2017\/10\/30\/exitosa-participacion-de-la-udd-en-congreso-chileno-de-medicina-intensiva\/\",\"name\":\"Exitosa participaci\u00f3n de la UDD en Congreso Chileno de Medicina Intensiva - Kinesiolog\u00eda\",\"isPartOf\":{\"@id\":\"https:\/\/medicina.udd.cl\/kinesiologia-santiago\/#website\"},\"primaryImageOfPage\":{\"@id\":\"https:\/\/medicina.udd.cl\/kinesiologia-santiago\/noticias\/2017\/10\/30\/exitosa-participacion-de-la-udd-en-congreso-chileno-de-medicina-intensiva\/#primaryimage\"},\"image\":{\"@id\":\"https:\/\/medicina.udd.cl\/kinesiologia-santiago\/noticias\/2017\/10\/30\/exitosa-participacion-de-la-udd-en-congreso-chileno-de-medicina-intensiva\/#primaryimage\"},\"thumbnailUrl\":\"https:\/\/medicina.udd.cl\/kinesiologia-santiago\/files\/2017\/10\/kine-2.jpg\",\"datePublished\":\"2017-10-30T18:17:29+00:00\",\"dateModified\":\"2017-10-30T18:31:00+00:00\",\"author\":{\"@id\":\"https:\/\/medicina.udd.cl\/kinesiologia-santiago\/#\/schema\/person\/8b2ddab3d222f03f9e6108f06d6cc25c\"},\"breadcrumb\":{\"@id\":\"https:\/\/medicina.udd.cl\/kinesiologia-santiago\/noticias\/2017\/10\/30\/exitosa-participacion-de-la-udd-en-congreso-chileno-de-medicina-intensiva\/#breadcrumb\"},\"inLanguage\":\"es\",\"potentialAction\":[{\"@type\":\"ReadAction\",\"target\":[\"https:\/\/medicina.udd.cl\/kinesiologia-santiago\/noticias\/2017\/10\/30\/exitosa-participacion-de-la-udd-en-congreso-chileno-de-medicina-intensiva\/\"]}]},{\"@type\":\"ImageObject\",\"inLanguage\":\"es\",\"@id\":\"https:\/\/medicina.udd.cl\/kinesiologia-santiago\/noticias\/2017\/10\/30\/exitosa-participacion-de-la-udd-en-congreso-chileno-de-medicina-intensiva\/#primaryimage\",\"url\":\"https:\/\/medicina.udd.cl\/kinesiologia-santiago\/files\/2017\/10\/kine-2.jpg\",\"contentUrl\":\"https:\/\/medicina.udd.cl\/kinesiologia-santiago\/files\/2017\/10\/kine-2.jpg\",\"width\":4272,\"height\":2848},{\"@type\":\"BreadcrumbList\",\"@id\":\"https:\/\/medicina.udd.cl\/kinesiologia-santiago\/noticias\/2017\/10\/30\/exitosa-participacion-de-la-udd-en-congreso-chileno-de-medicina-intensiva\/#breadcrumb\",\"itemListElement\":[{\"@type\":\"ListItem\",\"position\":1,\"name\":\"Home\",\"item\":\"https:\/\/medicina.udd.cl\/kinesiologia-santiago\/\"},{\"@type\":\"ListItem\",\"position\":2,\"name\":\"Exitosa participaci\u00f3n de la UDD en Congreso Chileno de Medicina Intensiva\"}]},{\"@type\":\"WebSite\",\"@id\":\"https:\/\/medicina.udd.cl\/kinesiologia-santiago\/#website\",\"url\":\"https:\/\/medicina.udd.cl\/kinesiologia-santiago\/\",\"name\":\"Kinesiolog\u00eda\",\"description\":\"Facultad de Medicina Cl\u00ednica Alemana Universidad del Desarrollo\",\"inLanguage\":\"es\"},{\"@type\":\"Person\",\"@id\":\"https:\/\/medicina.udd.cl\/kinesiologia-santiago\/#\/schema\/person\/8b2ddab3d222f03f9e6108f06d6cc25c\",\"name\":\"cataaguilera\",\"image\":{\"@type\":\"ImageObject\",\"inLanguage\":\"es\",\"@id\":\"https:\/\/medicina.udd.cl\/kinesiologia-santiago\/#\/schema\/person\/image\/\",\"url\":\"https:\/\/secure.gravatar.com\/avatar\/1f73ad8ce4d549227c1fe2bbf121c103af34a23b6ac1a6f65be4906bd377acc9?s=96&d=mm&r=g\",\"contentUrl\":\"https:\/\/secure.gravatar.com\/avatar\/1f73ad8ce4d549227c1fe2bbf121c103af34a23b6ac1a6f65be4906bd377acc9?s=96&d=mm&r=g\",\"caption\":\"cataaguilera\"},\"url\":\"https:\/\/medicina.udd.cl\/kinesiologia-santiago\/noticias\/author\/cataaguilera\/\"}]}<\/script>\n<!-- \/ Yoast SEO plugin. -->","yoast_head_json":{"title":"Exitosa participaci\u00f3n de la UDD en Congreso Chileno de Medicina Intensiva - Kinesiolog\u00eda","robots":{"index":"index","follow":"follow","max-snippet":"max-snippet:-1","max-image-preview":"max-image-preview:large","max-video-preview":"max-video-preview:-1"},"canonical":"https:\/\/medicina.udd.cl\/kinesiologia-santiago\/noticias\/2017\/10\/30\/exitosa-participacion-de-la-udd-en-congreso-chileno-de-medicina-intensiva\/","og_locale":"es_ES","og_type":"article","og_title":"Exitosa participaci\u00f3n de la UDD en Congreso Chileno de Medicina Intensiva - Kinesiolog\u00eda","og_description":"Con buenos resultados para la carrera de kinesiolog\u00eda finalizaron las jornadas del 35 congreso chileno de medicina intensiva y el 8\u00ba congreso de kinesiolog\u00eda intensiva en Puc\u00f3n.","og_url":"https:\/\/medicina.udd.cl\/kinesiologia-santiago\/noticias\/2017\/10\/30\/exitosa-participacion-de-la-udd-en-congreso-chileno-de-medicina-intensiva\/","og_site_name":"Kinesiolog\u00eda","article_published_time":"2017-10-30T18:17:29+00:00","article_modified_time":"2017-10-30T18:31:00+00:00","og_image":[{"width":4272,"height":2848,"url":"https:\/\/medicina.udd.cl\/kinesiologia-santiago\/files\/2017\/10\/kine-2.jpg","type":"image\/jpeg"}],"author":"cataaguilera","twitter_misc":{"Escrito por":"cataaguilera","Tiempo de lectura":"1 minuto"},"schema":{"@context":"https:\/\/schema.org","@graph":[{"@type":"Article","@id":"https:\/\/medicina.udd.cl\/kinesiologia-santiago\/noticias\/2017\/10\/30\/exitosa-participacion-de-la-udd-en-congreso-chileno-de-medicina-intensiva\/#article","isPartOf":{"@id":"https:\/\/medicina.udd.cl\/kinesiologia-santiago\/noticias\/2017\/10\/30\/exitosa-participacion-de-la-udd-en-congreso-chileno-de-medicina-intensiva\/"},"author":{"name":"cataaguilera","@id":"https:\/\/medicina.udd.cl\/kinesiologia-santiago\/#\/schema\/person\/8b2ddab3d222f03f9e6108f06d6cc25c"},"headline":"Exitosa participaci\u00f3n de la UDD en Congreso Chileno de Medicina Intensiva","datePublished":"2017-10-30T18:17:29+00:00","dateModified":"2017-10-30T18:31:00+00:00","mainEntityOfPage":{"@id":"https:\/\/medicina.udd.cl\/kinesiologia-santiago\/noticias\/2017\/10\/30\/exitosa-participacion-de-la-udd-en-congreso-chileno-de-medicina-intensiva\/"},"wordCount":239,"commentCount":0,"image":{"@id":"https:\/\/medicina.udd.cl\/kinesiologia-santiago\/noticias\/2017\/10\/30\/exitosa-participacion-de-la-udd-en-congreso-chileno-de-medicina-intensiva\/#primaryimage"},"thumbnailUrl":"https:\/\/medicina.udd.cl\/kinesiologia-santiago\/files\/2017\/10\/kine-2.jpg","articleSection":["Noticias"],"inLanguage":"es","potentialAction":[{"@type":"CommentAction","name":"Comment","target":["https:\/\/medicina.udd.cl\/kinesiologia-santiago\/noticias\/2017\/10\/30\/exitosa-participacion-de-la-udd-en-congreso-chileno-de-medicina-intensiva\/#respond"]}]},{"@type":"WebPage","@id":"https:\/\/medicina.udd.cl\/kinesiologia-santiago\/noticias\/2017\/10\/30\/exitosa-participacion-de-la-udd-en-congreso-chileno-de-medicina-intensiva\/","url":"https:\/\/medicina.udd.cl\/kinesiologia-santiago\/noticias\/2017\/10\/30\/exitosa-participacion-de-la-udd-en-congreso-chileno-de-medicina-intensiva\/","name":"Exitosa participaci\u00f3n de la UDD en Congreso Chileno de Medicina Intensiva - Kinesiolog\u00eda","isPartOf":{"@id":"https:\/\/medicina.udd.cl\/kinesiologia-santiago\/#website"},"primaryImageOfPage":{"@id":"https:\/\/medicina.udd.cl\/kinesiologia-santiago\/noticias\/2017\/10\/30\/exitosa-participacion-de-la-udd-en-congreso-chileno-de-medicina-intensiva\/#primaryimage"},"image":{"@id":"https:\/\/medicina.udd.cl\/kinesiologia-santiago\/noticias\/2017\/10\/30\/exitosa-participacion-de-la-udd-en-congreso-chileno-de-medicina-intensiva\/#primaryimage"},"thumbnailUrl":"https:\/\/medicina.udd.cl\/kinesiologia-santiago\/files\/2017\/10\/kine-2.jpg","datePublished":"2017-10-30T18:17:29+00:00","dateModified":"2017-10-30T18:31:00+00:00","author":{"@id":"https:\/\/medicina.udd.cl\/kinesiologia-santiago\/#\/schema\/person\/8b2ddab3d222f03f9e6108f06d6cc25c"},"breadcrumb":{"@id":"https:\/\/medicina.udd.cl\/kinesiologia-santiago\/noticias\/2017\/10\/30\/exitosa-participacion-de-la-udd-en-congreso-chileno-de-medicina-intensiva\/#breadcrumb"},"inLanguage":"es","potentialAction":[{"@type":"ReadAction","target":["https:\/\/medicina.udd.cl\/kinesiologia-santiago\/noticias\/2017\/10\/30\/exitosa-participacion-de-la-udd-en-congreso-chileno-de-medicina-intensiva\/"]}]},{"@type":"ImageObject","inLanguage":"es","@id":"https:\/\/medicina.udd.cl\/kinesiologia-santiago\/noticias\/2017\/10\/30\/exitosa-participacion-de-la-udd-en-congreso-chileno-de-medicina-intensiva\/#primaryimage","url":"https:\/\/medicina.udd.cl\/kinesiologia-santiago\/files\/2017\/10\/kine-2.jpg","contentUrl":"https:\/\/medicina.udd.cl\/kinesiologia-santiago\/files\/2017\/10\/kine-2.jpg","width":4272,"height":2848},{"@type":"BreadcrumbList","@id":"https:\/\/medicina.udd.cl\/kinesiologia-santiago\/noticias\/2017\/10\/30\/exitosa-participacion-de-la-udd-en-congreso-chileno-de-medicina-intensiva\/#breadcrumb","itemListElement":[{"@type":"ListItem","position":1,"name":"Home","item":"https:\/\/medicina.udd.cl\/kinesiologia-santiago\/"},{"@type":"ListItem","position":2,"name":"Exitosa participaci\u00f3n de la UDD en Congreso Chileno de Medicina Intensiva"}]},{"@type":"WebSite","@id":"https:\/\/medicina.udd.cl\/kinesiologia-santiago\/#website","url":"https:\/\/medicina.udd.cl\/kinesiologia-santiago\/","name":"Kinesiolog\u00eda","description":"Facultad de Medicina Cl\u00ednica Alemana Universidad del Desarrollo","inLanguage":"es"},{"@type":"Person","@id":"https:\/\/medicina.udd.cl\/kinesiologia-santiago\/#\/schema\/person\/8b2ddab3d222f03f9e6108f06d6cc25c","name":"cataaguilera","image":{"@type":"ImageObject","inLanguage":"es","@id":"https:\/\/medicina.udd.cl\/kinesiologia-santiago\/#\/schema\/person\/image\/","url":"https:\/\/secure.gravatar.com\/avatar\/1f73ad8ce4d549227c1fe2bbf121c103af34a23b6ac1a6f65be4906bd377acc9?s=96&d=mm&r=g","contentUrl":"https:\/\/secure.gravatar.com\/avatar\/1f73ad8ce4d549227c1fe2bbf121c103af34a23b6ac1a6f65be4906bd377acc9?s=96&d=mm&r=g","caption":"cataaguilera"},"url":"https:\/\/medicina.udd.cl\/kinesiologia-santiago\/noticias\/author\/cataaguilera\/"}]}},"featured_image_url":"https:\/\/medicina.udd.cl\/kinesiologia-santiago\/files\/2017\/10\/kine-2.jpg","_links":{"self":[{"href":"https:\/\/medicina.udd.cl\/kinesiologia-santiago\/wp-json\/wp\/v2\/posts\/3782","targetHints":{"allow":["GET"]}}],"collection":[{"href":"https:\/\/medicina.udd.cl\/kinesiologia-santiago\/wp-json\/wp\/v2\/posts"}],"about":[{"href":"https:\/\/medicina.udd.cl\/kinesiologia-santiago\/wp-json\/wp\/v2\/types\/post"}],"author":[{"embeddable":true,"href":"https:\/\/medicina.udd.cl\/kinesiologia-santiago\/wp-json\/wp\/v2\/users\/9192210"}],"replies":[{"embeddable":true,"href":"https:\/\/medicina.udd.cl\/kinesiologia-santiago\/wp-json\/wp\/v2\/comments?post=3782"}],"version-history":[{"count":3,"href":"https:\/\/medicina.udd.cl\/kinesiologia-santiago\/wp-json\/wp\/v2\/posts\/3782\/revisions"}],"predecessor-version":[{"id":3788,"href":"https:\/\/medicina.udd.cl\/kinesiologia-santiago\/wp-json\/wp\/v2\/posts\/3782\/revisions\/3788"}],"wp:featuredmedia":[{"embeddable":true,"href":"https:\/\/medicina.udd.cl\/kinesiologia-santiago\/wp-json\/wp\/v2\/media\/3785"}],"wp:attachment":[{"href":"https:\/\/medicina.udd.cl\/kinesiologia-santiago\/wp-json\/wp\/v2\/media?parent=3782"}],"wp:term":[{"taxonomy":"category","embeddable":true,"href":"https:\/\/medicina.udd.cl\/kinesiologia-santiago\/wp-json\/wp\/v2\/categories?post=3782"},{"taxonomy":"post_tag","embeddable":true,"href":"https:\/\/medicina.udd.cl\/kinesiologia-santiago\/wp-json\/wp\/v2\/tags?post=3782"}],"curies":[{"name":"wp","href":"https:\/\/api.w.org\/{rel}","templated":true}]}}