{"id":3925,"date":"2018-07-03T16:31:43","date_gmt":"2018-07-03T20:31:43","guid":{"rendered":"http:\/\/medicina.udd.cl\/kinesiologia-santiago\/?p=3925"},"modified":"2018-07-03T16:31:43","modified_gmt":"2018-07-03T20:31:43","slug":"primera-generacion-de-alumnos-del-magister-en-terapia-fisica-y-rehabilitacion-maki-realiza-su-ultima-actividad-presencial","status":"publish","type":"post","link":"https:\/\/medicina.udd.cl\/kinesiologia-santiago\/noticias\/2018\/07\/03\/primera-generacion-de-alumnos-del-magister-en-terapia-fisica-y-rehabilitacion-maki-realiza-su-ultima-actividad-presencial\/","title":{"rendered":"Primera Generaci\u00f3n de Alumnos del Mag\u00edster en Terapia F\u00edsica y Rehabilitaci\u00f3n (MAKI) realiza su \u00faltima actividad presencial"},"content":{"rendered":"<div style=\"text-align: justify\"><\/div>\n<div style=\"text-align: justify\">\n<div id=\"gallery-1\" class=\"carousel slide carousel-gallery\" data-ride=\"false\" data-interval=\"false\"><div class=\"carousel-inner\" role=\"listbox\"><figure class=\"carousel-item active\"><img loading=\"lazy\" decoding=\"async\" width=\"640\" height=\"480\" src=\"https:\/\/medicina.udd.cl\/kinesiologia-santiago\/files\/2018\/07\/kine-3.jpg\" class=\"attachment-landscape_952 size-landscape_952\" alt=\"\" srcset=\"https:\/\/medicina.udd.cl\/kinesiologia-santiago\/files\/2018\/07\/kine-3.jpg 640w, https:\/\/medicina.udd.cl\/kinesiologia-santiago\/files\/2018\/07\/kine-3-300x225.jpg 300w\" sizes=\"auto, (max-width: 640px) 100vw, 640px\" \/><\/figure><figure class=\"carousel-item\"><img loading=\"lazy\" decoding=\"async\" width=\"640\" height=\"480\" src=\"https:\/\/medicina.udd.cl\/kinesiologia-santiago\/files\/2018\/07\/kine-2.jpg\" class=\"attachment-landscape_952 size-landscape_952\" alt=\"\" srcset=\"https:\/\/medicina.udd.cl\/kinesiologia-santiago\/files\/2018\/07\/kine-2.jpg 640w, https:\/\/medicina.udd.cl\/kinesiologia-santiago\/files\/2018\/07\/kine-2-300x225.jpg 300w\" sizes=\"auto, (max-width: 640px) 100vw, 640px\" \/><\/figure><figure class=\"carousel-item\"><img loading=\"lazy\" decoding=\"async\" width=\"640\" height=\"480\" src=\"https:\/\/medicina.udd.cl\/kinesiologia-santiago\/files\/2018\/07\/kine-1.jpg\" class=\"attachment-landscape_952 size-landscape_952\" alt=\"\" srcset=\"https:\/\/medicina.udd.cl\/kinesiologia-santiago\/files\/2018\/07\/kine-1.jpg 640w, https:\/\/medicina.udd.cl\/kinesiologia-santiago\/files\/2018\/07\/kine-1-300x225.jpg 300w\" sizes=\"auto, (max-width: 640px) 100vw, 640px\" \/><\/figure><figure class=\"carousel-item\"><img loading=\"lazy\" decoding=\"async\" width=\"640\" height=\"427\" src=\"https:\/\/medicina.udd.cl\/kinesiologia-santiago\/files\/2018\/07\/kine-4.jpg\" class=\"attachment-landscape_952 size-landscape_952\" alt=\"\" srcset=\"https:\/\/medicina.udd.cl\/kinesiologia-santiago\/files\/2018\/07\/kine-4.jpg 640w, https:\/\/medicina.udd.cl\/kinesiologia-santiago\/files\/2018\/07\/kine-4-300x200.jpg 300w\" sizes=\"auto, (max-width: 640px) 100vw, 640px\" \/><\/figure><\/div><footer class=\"carousel-footer\"><div class=\"carousel-counter\"><span class=\"carousel-counter-current\"><\/span> \/ <span class=\"carousel-counter-total\"><\/span><\/div><a class=\"carousel-control-prev\" href=\"#gallery-1\" role=\"button\" data-slide=\"prev\"><svg aria-hidden=\"true\" class=\"svg-chevron-left-dims\"><use xlink:href='https:\/\/medicina.udd.cl\/kinesiologia-santiago\/wp-content\/themes\/facultades-2018\/assets\/img\/svg\/dist\/main.svg?version=1695853099#chevron-left'><\/use><\/svg><span class=\"sr-only\">Anterior<\/span><\/a><a class=\"carousel-control-next\" href=\"#gallery-1\" role=\"button\" data-slide=\"next\"><svg aria-hidden=\"true\" class=\"svg-chevron-right-dims\"><use xlink:href='https:\/\/medicina.udd.cl\/kinesiologia-santiago\/wp-content\/themes\/facultades-2018\/assets\/img\/svg\/dist\/main.svg?version=1695853099#chevron-right'><\/use><\/svg><span class=\"sr-only\">Siguiente<\/span><\/a><\/footer><\/div>\n<p>Hace algunas semanas, los estudiantes de la primera cohorte del Programa de Mag\u00edster de Terapia F\u00edsica y Rehabilitaci\u00f3n (MAKI) de la carrera de Kinesiolog\u00eda de la Facultad de Medicina CAS-UDD tuvieron su \u00faltima actividad presencial, luego de dos a\u00f1os y medio de formaci\u00f3n.<\/p><\/div>\n<div style=\"text-align: justify\"><\/div>\n<div style=\"text-align: justify\">Durante la ocasi\u00f3n, los futuros postgraduados presentaron su \u00faltimo trabajo presencial, enmarcado en la asignatura de Proyecto II, y que re\u00fane hitos importantes relacionados con metodolog\u00edas de innovaci\u00f3n y desarrollo cient\u00edfico.<u><\/u><u><\/u><\/div>\n<div style=\"text-align: justify\"><u><\/u>\u00a0<u><\/u><\/div>\n<div style=\"text-align: justify\">Al cierre de la actividad se dirigi\u00f3 a los estudiantes el director de la carrera de Kinesiolog\u00eda, Jorge Molina, quien resalt\u00f3 la importancia de alcanzar las metas propuestas y la responsabilidad ahora adquirida para aplicar los conocimientos en el quehacer profesional. Tambi\u00e9n estuvieron presentes los docentes del MAKI: Rodrigo del Canto, Liliana Jadue, Juan Alberto Lecaros, Nickolas Laport, Sergio Gamboa y P\u00eda Benoit, quienes compartieron sus experiencias y visiones con los\u00a0<i>MAKI-students<\/i>.<u><\/u><u><\/u><\/div>\n<div style=\"text-align: justify\"><u><\/u>\u00a0<u><\/u><\/div>\n<div style=\"text-align: justify\">El pr\u00f3ximo paso para la cohorte 2016 ser\u00e1 realizar la presentaci\u00f3n de sus Proyectos de Desarrollo Cient\u00edfico, como actividad de graduaci\u00f3n.<\/div>\n","protected":false},"excerpt":{"rendered":"<p>El pr\u00f3ximo paso para la cohorte 2016 ser\u00e1 realizar la presentaci\u00f3n de sus Proyectos de Desarrollo Cient\u00edfico, como actividad de graduaci\u00f3n.<\/p>\n","protected":false},"author":9192192,"featured_media":3929,"comment_status":"open","ping_status":"open","sticky":false,"template":"","format":"standard","meta":{"footnotes":""},"categories":[4],"tags":[],"class_list":["post-3925","post","type-post","status-publish","format-standard","has-post-thumbnail","hentry","category-noticias"],"yoast_head":"<!-- This site is optimized with the Yoast SEO plugin v26.9 - https:\/\/yoast.com\/product\/yoast-seo-wordpress\/ -->\n<title>Primera Generaci\u00f3n de Alumnos del Mag\u00edster en Terapia F\u00edsica y Rehabilitaci\u00f3n (MAKI) realiza su \u00faltima actividad presencial - Kinesiolog\u00eda<\/title>\n<meta name=\"robots\" content=\"index, follow, max-snippet:-1, max-image-preview:large, max-video-preview:-1\" \/>\n<link rel=\"canonical\" href=\"https:\/\/medicina.udd.cl\/kinesiologia-santiago\/noticias\/2018\/07\/03\/primera-generacion-de-alumnos-del-magister-en-terapia-fisica-y-rehabilitacion-maki-realiza-su-ultima-actividad-presencial\/\" \/>\n<meta property=\"og:locale\" content=\"es_ES\" \/>\n<meta property=\"og:type\" content=\"article\" \/>\n<meta property=\"og:title\" content=\"Primera Generaci\u00f3n de Alumnos del Mag\u00edster en Terapia F\u00edsica y Rehabilitaci\u00f3n (MAKI) realiza su \u00faltima actividad presencial - Kinesiolog\u00eda\" \/>\n<meta property=\"og:description\" content=\"El pr\u00f3ximo paso para la cohorte 2016 ser\u00e1 realizar la presentaci\u00f3n de sus Proyectos de Desarrollo Cient\u00edfico, como actividad de graduaci\u00f3n.\" \/>\n<meta property=\"og:url\" content=\"https:\/\/medicina.udd.cl\/kinesiologia-santiago\/noticias\/2018\/07\/03\/primera-generacion-de-alumnos-del-magister-en-terapia-fisica-y-rehabilitacion-maki-realiza-su-ultima-actividad-presencial\/\" \/>\n<meta property=\"og:site_name\" content=\"Kinesiolog\u00eda\" \/>\n<meta property=\"article:published_time\" content=\"2018-07-03T20:31:43+00:00\" \/>\n<meta property=\"og:image\" content=\"https:\/\/medicina.udd.cl\/kinesiologia-santiago\/files\/2018\/07\/kine-4.jpg\" \/>\n\t<meta property=\"og:image:width\" content=\"640\" \/>\n\t<meta property=\"og:image:height\" content=\"427\" \/>\n\t<meta property=\"og:image:type\" content=\"image\/jpeg\" \/>\n<meta name=\"author\" content=\"paulinamunoz\" \/>\n<meta name=\"twitter:label1\" content=\"Escrito por\" \/>\n\t<meta name=\"twitter:data1\" content=\"paulinamunoz\" \/>\n\t<meta name=\"twitter:label2\" content=\"Tiempo de lectura\" \/>\n\t<meta name=\"twitter:data2\" content=\"1 minuto\" \/>\n<script type=\"application\/ld+json\" class=\"yoast-schema-graph\">{\"@context\":\"https:\/\/schema.org\",\"@graph\":[{\"@type\":\"Article\",\"@id\":\"https:\/\/medicina.udd.cl\/kinesiologia-santiago\/noticias\/2018\/07\/03\/primera-generacion-de-alumnos-del-magister-en-terapia-fisica-y-rehabilitacion-maki-realiza-su-ultima-actividad-presencial\/#article\",\"isPartOf\":{\"@id\":\"https:\/\/medicina.udd.cl\/kinesiologia-santiago\/noticias\/2018\/07\/03\/primera-generacion-de-alumnos-del-magister-en-terapia-fisica-y-rehabilitacion-maki-realiza-su-ultima-actividad-presencial\/\"},\"author\":{\"name\":\"paulinamunoz\",\"@id\":\"https:\/\/medicina.udd.cl\/kinesiologia-santiago\/#\/schema\/person\/8bbd66125b574a40ec467c180c11f2e3\"},\"headline\":\"Primera Generaci\u00f3n de Alumnos del Mag\u00edster en Terapia F\u00edsica y Rehabilitaci\u00f3n (MAKI) realiza su \u00faltima actividad presencial\",\"datePublished\":\"2018-07-03T20:31:43+00:00\",\"mainEntityOfPage\":{\"@id\":\"https:\/\/medicina.udd.cl\/kinesiologia-santiago\/noticias\/2018\/07\/03\/primera-generacion-de-alumnos-del-magister-en-terapia-fisica-y-rehabilitacion-maki-realiza-su-ultima-actividad-presencial\/\"},\"wordCount\":207,\"commentCount\":0,\"image\":{\"@id\":\"https:\/\/medicina.udd.cl\/kinesiologia-santiago\/noticias\/2018\/07\/03\/primera-generacion-de-alumnos-del-magister-en-terapia-fisica-y-rehabilitacion-maki-realiza-su-ultima-actividad-presencial\/#primaryimage\"},\"thumbnailUrl\":\"https:\/\/medicina.udd.cl\/kinesiologia-santiago\/files\/2018\/07\/kine-4.jpg\",\"articleSection\":[\"Noticias\"],\"inLanguage\":\"es\",\"potentialAction\":[{\"@type\":\"CommentAction\",\"name\":\"Comment\",\"target\":[\"https:\/\/medicina.udd.cl\/kinesiologia-santiago\/noticias\/2018\/07\/03\/primera-generacion-de-alumnos-del-magister-en-terapia-fisica-y-rehabilitacion-maki-realiza-su-ultima-actividad-presencial\/#respond\"]}]},{\"@type\":\"WebPage\",\"@id\":\"https:\/\/medicina.udd.cl\/kinesiologia-santiago\/noticias\/2018\/07\/03\/primera-generacion-de-alumnos-del-magister-en-terapia-fisica-y-rehabilitacion-maki-realiza-su-ultima-actividad-presencial\/\",\"url\":\"https:\/\/medicina.udd.cl\/kinesiologia-santiago\/noticias\/2018\/07\/03\/primera-generacion-de-alumnos-del-magister-en-terapia-fisica-y-rehabilitacion-maki-realiza-su-ultima-actividad-presencial\/\",\"name\":\"Primera Generaci\u00f3n de Alumnos del Mag\u00edster en Terapia F\u00edsica y Rehabilitaci\u00f3n (MAKI) realiza su \u00faltima actividad presencial - Kinesiolog\u00eda\",\"isPartOf\":{\"@id\":\"https:\/\/medicina.udd.cl\/kinesiologia-santiago\/#website\"},\"primaryImageOfPage\":{\"@id\":\"https:\/\/medicina.udd.cl\/kinesiologia-santiago\/noticias\/2018\/07\/03\/primera-generacion-de-alumnos-del-magister-en-terapia-fisica-y-rehabilitacion-maki-realiza-su-ultima-actividad-presencial\/#primaryimage\"},\"image\":{\"@id\":\"https:\/\/medicina.udd.cl\/kinesiologia-santiago\/noticias\/2018\/07\/03\/primera-generacion-de-alumnos-del-magister-en-terapia-fisica-y-rehabilitacion-maki-realiza-su-ultima-actividad-presencial\/#primaryimage\"},\"thumbnailUrl\":\"https:\/\/medicina.udd.cl\/kinesiologia-santiago\/files\/2018\/07\/kine-4.jpg\",\"datePublished\":\"2018-07-03T20:31:43+00:00\",\"author\":{\"@id\":\"https:\/\/medicina.udd.cl\/kinesiologia-santiago\/#\/schema\/person\/8bbd66125b574a40ec467c180c11f2e3\"},\"breadcrumb\":{\"@id\":\"https:\/\/medicina.udd.cl\/kinesiologia-santiago\/noticias\/2018\/07\/03\/primera-generacion-de-alumnos-del-magister-en-terapia-fisica-y-rehabilitacion-maki-realiza-su-ultima-actividad-presencial\/#breadcrumb\"},\"inLanguage\":\"es\",\"potentialAction\":[{\"@type\":\"ReadAction\",\"target\":[\"https:\/\/medicina.udd.cl\/kinesiologia-santiago\/noticias\/2018\/07\/03\/primera-generacion-de-alumnos-del-magister-en-terapia-fisica-y-rehabilitacion-maki-realiza-su-ultima-actividad-presencial\/\"]}]},{\"@type\":\"ImageObject\",\"inLanguage\":\"es\",\"@id\":\"https:\/\/medicina.udd.cl\/kinesiologia-santiago\/noticias\/2018\/07\/03\/primera-generacion-de-alumnos-del-magister-en-terapia-fisica-y-rehabilitacion-maki-realiza-su-ultima-actividad-presencial\/#primaryimage\",\"url\":\"https:\/\/medicina.udd.cl\/kinesiologia-santiago\/files\/2018\/07\/kine-4.jpg\",\"contentUrl\":\"https:\/\/medicina.udd.cl\/kinesiologia-santiago\/files\/2018\/07\/kine-4.jpg\",\"width\":640,\"height\":427},{\"@type\":\"BreadcrumbList\",\"@id\":\"https:\/\/medicina.udd.cl\/kinesiologia-santiago\/noticias\/2018\/07\/03\/primera-generacion-de-alumnos-del-magister-en-terapia-fisica-y-rehabilitacion-maki-realiza-su-ultima-actividad-presencial\/#breadcrumb\",\"itemListElement\":[{\"@type\":\"ListItem\",\"position\":1,\"name\":\"Home\",\"item\":\"https:\/\/medicina.udd.cl\/kinesiologia-santiago\/\"},{\"@type\":\"ListItem\",\"position\":2,\"name\":\"Primera Generaci\u00f3n de Alumnos del Mag\u00edster en Terapia F\u00edsica y Rehabilitaci\u00f3n (MAKI) realiza su \u00faltima actividad presencial\"}]},{\"@type\":\"WebSite\",\"@id\":\"https:\/\/medicina.udd.cl\/kinesiologia-santiago\/#website\",\"url\":\"https:\/\/medicina.udd.cl\/kinesiologia-santiago\/\",\"name\":\"Kinesiolog\u00eda\",\"description\":\"Facultad de Medicina Cl\u00ednica Alemana Universidad del Desarrollo\",\"inLanguage\":\"es\"},{\"@type\":\"Person\",\"@id\":\"https:\/\/medicina.udd.cl\/kinesiologia-santiago\/#\/schema\/person\/8bbd66125b574a40ec467c180c11f2e3\",\"name\":\"paulinamunoz\",\"image\":{\"@type\":\"ImageObject\",\"inLanguage\":\"es\",\"@id\":\"https:\/\/medicina.udd.cl\/kinesiologia-santiago\/#\/schema\/person\/image\/\",\"url\":\"https:\/\/secure.gravatar.com\/avatar\/748ce8fb74e8f8077c4966697a3b3710ca0019e71a62146890c0dcdc705e7f3d?s=96&d=mm&r=g\",\"contentUrl\":\"https:\/\/secure.gravatar.com\/avatar\/748ce8fb74e8f8077c4966697a3b3710ca0019e71a62146890c0dcdc705e7f3d?s=96&d=mm&r=g\",\"caption\":\"paulinamunoz\"},\"url\":\"https:\/\/medicina.udd.cl\/kinesiologia-santiago\/noticias\/author\/paulinamunoz\/\"}]}<\/script>\n<!-- \/ Yoast SEO plugin. -->","yoast_head_json":{"title":"Primera Generaci\u00f3n de Alumnos del Mag\u00edster en Terapia F\u00edsica y Rehabilitaci\u00f3n (MAKI) realiza su \u00faltima actividad presencial - Kinesiolog\u00eda","robots":{"index":"index","follow":"follow","max-snippet":"max-snippet:-1","max-image-preview":"max-image-preview:large","max-video-preview":"max-video-preview:-1"},"canonical":"https:\/\/medicina.udd.cl\/kinesiologia-santiago\/noticias\/2018\/07\/03\/primera-generacion-de-alumnos-del-magister-en-terapia-fisica-y-rehabilitacion-maki-realiza-su-ultima-actividad-presencial\/","og_locale":"es_ES","og_type":"article","og_title":"Primera Generaci\u00f3n de Alumnos del Mag\u00edster en Terapia F\u00edsica y Rehabilitaci\u00f3n (MAKI) realiza su \u00faltima actividad presencial - Kinesiolog\u00eda","og_description":"El pr\u00f3ximo paso para la cohorte 2016 ser\u00e1 realizar la presentaci\u00f3n de sus Proyectos de Desarrollo Cient\u00edfico, como actividad de graduaci\u00f3n.","og_url":"https:\/\/medicina.udd.cl\/kinesiologia-santiago\/noticias\/2018\/07\/03\/primera-generacion-de-alumnos-del-magister-en-terapia-fisica-y-rehabilitacion-maki-realiza-su-ultima-actividad-presencial\/","og_site_name":"Kinesiolog\u00eda","article_published_time":"2018-07-03T20:31:43+00:00","og_image":[{"width":640,"height":427,"url":"https:\/\/medicina.udd.cl\/kinesiologia-santiago\/files\/2018\/07\/kine-4.jpg","type":"image\/jpeg"}],"author":"paulinamunoz","twitter_misc":{"Escrito por":"paulinamunoz","Tiempo de lectura":"1 minuto"},"schema":{"@context":"https:\/\/schema.org","@graph":[{"@type":"Article","@id":"https:\/\/medicina.udd.cl\/kinesiologia-santiago\/noticias\/2018\/07\/03\/primera-generacion-de-alumnos-del-magister-en-terapia-fisica-y-rehabilitacion-maki-realiza-su-ultima-actividad-presencial\/#article","isPartOf":{"@id":"https:\/\/medicina.udd.cl\/kinesiologia-santiago\/noticias\/2018\/07\/03\/primera-generacion-de-alumnos-del-magister-en-terapia-fisica-y-rehabilitacion-maki-realiza-su-ultima-actividad-presencial\/"},"author":{"name":"paulinamunoz","@id":"https:\/\/medicina.udd.cl\/kinesiologia-santiago\/#\/schema\/person\/8bbd66125b574a40ec467c180c11f2e3"},"headline":"Primera Generaci\u00f3n de Alumnos del Mag\u00edster en Terapia F\u00edsica y Rehabilitaci\u00f3n (MAKI) realiza su \u00faltima actividad presencial","datePublished":"2018-07-03T20:31:43+00:00","mainEntityOfPage":{"@id":"https:\/\/medicina.udd.cl\/kinesiologia-santiago\/noticias\/2018\/07\/03\/primera-generacion-de-alumnos-del-magister-en-terapia-fisica-y-rehabilitacion-maki-realiza-su-ultima-actividad-presencial\/"},"wordCount":207,"commentCount":0,"image":{"@id":"https:\/\/medicina.udd.cl\/kinesiologia-santiago\/noticias\/2018\/07\/03\/primera-generacion-de-alumnos-del-magister-en-terapia-fisica-y-rehabilitacion-maki-realiza-su-ultima-actividad-presencial\/#primaryimage"},"thumbnailUrl":"https:\/\/medicina.udd.cl\/kinesiologia-santiago\/files\/2018\/07\/kine-4.jpg","articleSection":["Noticias"],"inLanguage":"es","potentialAction":[{"@type":"CommentAction","name":"Comment","target":["https:\/\/medicina.udd.cl\/kinesiologia-santiago\/noticias\/2018\/07\/03\/primera-generacion-de-alumnos-del-magister-en-terapia-fisica-y-rehabilitacion-maki-realiza-su-ultima-actividad-presencial\/#respond"]}]},{"@type":"WebPage","@id":"https:\/\/medicina.udd.cl\/kinesiologia-santiago\/noticias\/2018\/07\/03\/primera-generacion-de-alumnos-del-magister-en-terapia-fisica-y-rehabilitacion-maki-realiza-su-ultima-actividad-presencial\/","url":"https:\/\/medicina.udd.cl\/kinesiologia-santiago\/noticias\/2018\/07\/03\/primera-generacion-de-alumnos-del-magister-en-terapia-fisica-y-rehabilitacion-maki-realiza-su-ultima-actividad-presencial\/","name":"Primera Generaci\u00f3n de Alumnos del Mag\u00edster en Terapia F\u00edsica y Rehabilitaci\u00f3n (MAKI) realiza su \u00faltima actividad presencial - Kinesiolog\u00eda","isPartOf":{"@id":"https:\/\/medicina.udd.cl\/kinesiologia-santiago\/#website"},"primaryImageOfPage":{"@id":"https:\/\/medicina.udd.cl\/kinesiologia-santiago\/noticias\/2018\/07\/03\/primera-generacion-de-alumnos-del-magister-en-terapia-fisica-y-rehabilitacion-maki-realiza-su-ultima-actividad-presencial\/#primaryimage"},"image":{"@id":"https:\/\/medicina.udd.cl\/kinesiologia-santiago\/noticias\/2018\/07\/03\/primera-generacion-de-alumnos-del-magister-en-terapia-fisica-y-rehabilitacion-maki-realiza-su-ultima-actividad-presencial\/#primaryimage"},"thumbnailUrl":"https:\/\/medicina.udd.cl\/kinesiologia-santiago\/files\/2018\/07\/kine-4.jpg","datePublished":"2018-07-03T20:31:43+00:00","author":{"@id":"https:\/\/medicina.udd.cl\/kinesiologia-santiago\/#\/schema\/person\/8bbd66125b574a40ec467c180c11f2e3"},"breadcrumb":{"@id":"https:\/\/medicina.udd.cl\/kinesiologia-santiago\/noticias\/2018\/07\/03\/primera-generacion-de-alumnos-del-magister-en-terapia-fisica-y-rehabilitacion-maki-realiza-su-ultima-actividad-presencial\/#breadcrumb"},"inLanguage":"es","potentialAction":[{"@type":"ReadAction","target":["https:\/\/medicina.udd.cl\/kinesiologia-santiago\/noticias\/2018\/07\/03\/primera-generacion-de-alumnos-del-magister-en-terapia-fisica-y-rehabilitacion-maki-realiza-su-ultima-actividad-presencial\/"]}]},{"@type":"ImageObject","inLanguage":"es","@id":"https:\/\/medicina.udd.cl\/kinesiologia-santiago\/noticias\/2018\/07\/03\/primera-generacion-de-alumnos-del-magister-en-terapia-fisica-y-rehabilitacion-maki-realiza-su-ultima-actividad-presencial\/#primaryimage","url":"https:\/\/medicina.udd.cl\/kinesiologia-santiago\/files\/2018\/07\/kine-4.jpg","contentUrl":"https:\/\/medicina.udd.cl\/kinesiologia-santiago\/files\/2018\/07\/kine-4.jpg","width":640,"height":427},{"@type":"BreadcrumbList","@id":"https:\/\/medicina.udd.cl\/kinesiologia-santiago\/noticias\/2018\/07\/03\/primera-generacion-de-alumnos-del-magister-en-terapia-fisica-y-rehabilitacion-maki-realiza-su-ultima-actividad-presencial\/#breadcrumb","itemListElement":[{"@type":"ListItem","position":1,"name":"Home","item":"https:\/\/medicina.udd.cl\/kinesiologia-santiago\/"},{"@type":"ListItem","position":2,"name":"Primera Generaci\u00f3n de Alumnos del Mag\u00edster en Terapia F\u00edsica y Rehabilitaci\u00f3n (MAKI) realiza su \u00faltima actividad presencial"}]},{"@type":"WebSite","@id":"https:\/\/medicina.udd.cl\/kinesiologia-santiago\/#website","url":"https:\/\/medicina.udd.cl\/kinesiologia-santiago\/","name":"Kinesiolog\u00eda","description":"Facultad de Medicina Cl\u00ednica Alemana Universidad del Desarrollo","inLanguage":"es"},{"@type":"Person","@id":"https:\/\/medicina.udd.cl\/kinesiologia-santiago\/#\/schema\/person\/8bbd66125b574a40ec467c180c11f2e3","name":"paulinamunoz","image":{"@type":"ImageObject","inLanguage":"es","@id":"https:\/\/medicina.udd.cl\/kinesiologia-santiago\/#\/schema\/person\/image\/","url":"https:\/\/secure.gravatar.com\/avatar\/748ce8fb74e8f8077c4966697a3b3710ca0019e71a62146890c0dcdc705e7f3d?s=96&d=mm&r=g","contentUrl":"https:\/\/secure.gravatar.com\/avatar\/748ce8fb74e8f8077c4966697a3b3710ca0019e71a62146890c0dcdc705e7f3d?s=96&d=mm&r=g","caption":"paulinamunoz"},"url":"https:\/\/medicina.udd.cl\/kinesiologia-santiago\/noticias\/author\/paulinamunoz\/"}]}},"featured_image_url":"https:\/\/medicina.udd.cl\/kinesiologia-santiago\/files\/2018\/07\/kine-4.jpg","_links":{"self":[{"href":"https:\/\/medicina.udd.cl\/kinesiologia-santiago\/wp-json\/wp\/v2\/posts\/3925","targetHints":{"allow":["GET"]}}],"collection":[{"href":"https:\/\/medicina.udd.cl\/kinesiologia-santiago\/wp-json\/wp\/v2\/posts"}],"about":[{"href":"https:\/\/medicina.udd.cl\/kinesiologia-santiago\/wp-json\/wp\/v2\/types\/post"}],"author":[{"embeddable":true,"href":"https:\/\/medicina.udd.cl\/kinesiologia-santiago\/wp-json\/wp\/v2\/users\/9192192"}],"replies":[{"embeddable":true,"href":"https:\/\/medicina.udd.cl\/kinesiologia-santiago\/wp-json\/wp\/v2\/comments?post=3925"}],"version-history":[{"count":1,"href":"https:\/\/medicina.udd.cl\/kinesiologia-santiago\/wp-json\/wp\/v2\/posts\/3925\/revisions"}],"predecessor-version":[{"id":3930,"href":"https:\/\/medicina.udd.cl\/kinesiologia-santiago\/wp-json\/wp\/v2\/posts\/3925\/revisions\/3930"}],"wp:featuredmedia":[{"embeddable":true,"href":"https:\/\/medicina.udd.cl\/kinesiologia-santiago\/wp-json\/wp\/v2\/media\/3929"}],"wp:attachment":[{"href":"https:\/\/medicina.udd.cl\/kinesiologia-santiago\/wp-json\/wp\/v2\/media?parent=3925"}],"wp:term":[{"taxonomy":"category","embeddable":true,"href":"https:\/\/medicina.udd.cl\/kinesiologia-santiago\/wp-json\/wp\/v2\/categories?post=3925"},{"taxonomy":"post_tag","embeddable":true,"href":"https:\/\/medicina.udd.cl\/kinesiologia-santiago\/wp-json\/wp\/v2\/tags?post=3925"}],"curies":[{"name":"wp","href":"https:\/\/api.w.org\/{rel}","templated":true}]}}