{"id":3986,"date":"2018-10-29T10:19:20","date_gmt":"2018-10-29T13:19:20","guid":{"rendered":"http:\/\/medicina.udd.cl\/kinesiologia-santiago\/?p=3986"},"modified":"2018-10-29T10:19:20","modified_gmt":"2018-10-29T13:19:20","slug":"alumnos-del-magister-en-terapia-fisica-y-rehabilitacion-maki-presentan-trabajos-en-congreso-de-kinesiologia","status":"publish","type":"post","link":"https:\/\/medicina.udd.cl\/kinesiologia-santiago\/noticias\/2018\/10\/29\/alumnos-del-magister-en-terapia-fisica-y-rehabilitacion-maki-presentan-trabajos-en-congreso-de-kinesiologia\/","title":{"rendered":"Alumnos del Mag\u00edster en Terapia F\u00edsica y Rehabilitaci\u00f3n (MAKI) presentan trabajos en Congreso de kinesiolog\u00eda"},"content":{"rendered":"<div class=\"std-text grid-11 grid-tablet-15 no-overflow\">\n<p><img loading=\"lazy\" decoding=\"async\" class=\"alignnone wp-image-3987 size-full\" src=\"http:\/\/medicina.udd.cl\/kinesiologia-santiago\/files\/2018\/10\/IMG_1163-1-e1540819133490.jpg\" alt=\"\" width=\"4032\" height=\"3024\" srcset=\"https:\/\/medicina.udd.cl\/kinesiologia-santiago\/files\/2018\/10\/IMG_1163-1-e1540819133490.jpg 4032w, https:\/\/medicina.udd.cl\/kinesiologia-santiago\/files\/2018\/10\/IMG_1163-1-e1540819133490-300x225.jpg 300w, https:\/\/medicina.udd.cl\/kinesiologia-santiago\/files\/2018\/10\/IMG_1163-1-e1540819133490-768x576.jpg 768w, https:\/\/medicina.udd.cl\/kinesiologia-santiago\/files\/2018\/10\/IMG_1163-1-e1540819133490-1024x768.jpg 1024w, https:\/\/medicina.udd.cl\/kinesiologia-santiago\/files\/2018\/10\/IMG_1163-1-e1540819133490-960x720.jpg 960w\" sizes=\"auto, (max-width: 4032px) 100vw, 4032px\" \/><\/p>\n<p>En el marco del 36 Congreso Chileno de Medicina Intensiva realizado en la ciudad de Vi\u00f1a del Mar y organizado por la Sociedad Chilena de Medicina Intensiva se llev\u00f3 a cabo el IX Congreso de Kinesiolog\u00eda Intensiva. En la ocasi\u00f3n participaron docentes y alumnos del Mag\u00edster que imparte\u00a0la Carrera de Kinesiolog\u00eda UDD.<\/p>\n<p>Dentro de los expositores destac\u00f3 Jorge Molina, director de la carrera de Kinesiolog\u00eda, como secretario de la mesa redonda \u201cFuncionalidad en el paciente en UPC\u201d y la Kinesi\u00f3loga,\u00a0y tutora del \u00e1rea de Unidad de Paciente Cr\u00edtico del MAKI,\u00a0Catalina Merino,\u00a0qui\u00e9n expuso\u00a0el tema\u00a0\u201cCostos asociados a la intervenci\u00f3n kinesiol\u00f3gica en UPC\u201d.\u00a0Adem\u00e1s, un alumno del programa,\u00a0Kinesi\u00f3logo Felipe Gonz\u00e1lez,\u00a0fue invitado a presentar el tema \u201cUtilizaci\u00f3n de la CIF en la Unidad de Pacientes Cr\u00edticos\u201d.<\/p>\n<p>Cabe destacar que el programa cient\u00edfico contemplaba la selecci\u00f3n y presentaci\u00f3n de trabajos libres en formato oral y poster, cuyos respectivos primeros lugares fueron obtenidos por alumnos de la primera generaci\u00f3n del Programa MAKI, quienes presentaron sus trabajos derivados del desarrollo cient\u00edfico realizado durante los dos a\u00f1os y medio que dura el programa de Mag\u00edster.<\/p>\n<p>El trabajo\u00a0\u201cPitfalls del Proceso de Traducci\u00f3n y Adaptaci\u00f3n Transcultural de una Escala de Movilidad para la Pr\u00e1ctica Cl\u00ednica en Unidades de Cuidados Intensivos\u201d,\u00a0presentado por\u00a0el Kinesi\u00f3logo Felipe Gonz\u00e1lez\u00a0obtuvo\u00a0el premio al mejor trabajo oral\u00a0y el p\u00f3ster \u201cAcelerometr\u00eda en Unidades de Cuidados Intensivos: el presente de la medici\u00f3n del movimiento en pacientes cr\u00edticos\u201d,\u00a0presentado por\u00a0el Kinesi\u00f3logo Agust\u00edn Camus,\u00a0obtuvo\u00a0el premio al mejor p\u00f3ster.<\/p>\n<\/div>\n<div class=\"grid-6 grid-tablet-15 no-overflow\">\n<section class=\"widget widget-share\">\n<div class=\"widget-content\">\n<div class=\"like-buttons\">\n<div class=\"like-button like-facebook\">\n<div id=\"fb-root\" class=\" fb_reset\">\n<div>\n<div><\/div>\n<\/div>\n<\/div>\n<div class=\"fb-like fb_iframe_widget\"><\/div>\n<\/div>\n<div class=\"like-button like-twitter\"><\/div>\n<\/div>\n<\/div>\n<\/section>\n<\/div>\n","protected":false},"excerpt":{"rendered":"<p>Representantes del MAKI expusieron las investigaciones derivadas del desarrollo cient\u00edfico realizado durante los dos a\u00f1os y medio que dura el programa de Mag\u00edster.<\/p>\n","protected":false},"author":9192192,"featured_media":3987,"comment_status":"open","ping_status":"open","sticky":false,"template":"","format":"standard","meta":{"footnotes":""},"categories":[4],"tags":[],"class_list":["post-3986","post","type-post","status-publish","format-standard","has-post-thumbnail","hentry","category-noticias"],"yoast_head":"<!-- This site is optimized with the Yoast SEO plugin v26.9 - https:\/\/yoast.com\/product\/yoast-seo-wordpress\/ -->\n<title>Alumnos del Mag\u00edster en Terapia F\u00edsica y Rehabilitaci\u00f3n (MAKI) presentan trabajos en Congreso de kinesiolog\u00eda - Kinesiolog\u00eda<\/title>\n<meta name=\"robots\" content=\"index, follow, max-snippet:-1, max-image-preview:large, max-video-preview:-1\" \/>\n<link rel=\"canonical\" href=\"https:\/\/medicina.udd.cl\/kinesiologia-santiago\/noticias\/2018\/10\/29\/alumnos-del-magister-en-terapia-fisica-y-rehabilitacion-maki-presentan-trabajos-en-congreso-de-kinesiologia\/\" \/>\n<meta property=\"og:locale\" content=\"es_ES\" \/>\n<meta property=\"og:type\" content=\"article\" \/>\n<meta property=\"og:title\" content=\"Alumnos del Mag\u00edster en Terapia F\u00edsica y Rehabilitaci\u00f3n (MAKI) presentan trabajos en Congreso de kinesiolog\u00eda - Kinesiolog\u00eda\" \/>\n<meta property=\"og:description\" content=\"Representantes del MAKI expusieron las investigaciones derivadas del desarrollo cient\u00edfico realizado durante los dos a\u00f1os y medio que dura el programa de Mag\u00edster.\" \/>\n<meta property=\"og:url\" content=\"https:\/\/medicina.udd.cl\/kinesiologia-santiago\/noticias\/2018\/10\/29\/alumnos-del-magister-en-terapia-fisica-y-rehabilitacion-maki-presentan-trabajos-en-congreso-de-kinesiologia\/\" \/>\n<meta property=\"og:site_name\" content=\"Kinesiolog\u00eda\" \/>\n<meta property=\"article:published_time\" content=\"2018-10-29T13:19:20+00:00\" \/>\n<meta property=\"og:image\" content=\"https:\/\/medicina.udd.cl\/kinesiologia-santiago\/files\/2018\/10\/IMG_1163-1-e1540819133490.jpg\" \/>\n\t<meta property=\"og:image:width\" content=\"4032\" \/>\n\t<meta property=\"og:image:height\" content=\"3024\" \/>\n\t<meta property=\"og:image:type\" content=\"image\/jpeg\" \/>\n<meta name=\"author\" content=\"paulinamunoz\" \/>\n<meta name=\"twitter:label1\" content=\"Escrito por\" \/>\n\t<meta name=\"twitter:data1\" content=\"paulinamunoz\" \/>\n\t<meta name=\"twitter:label2\" content=\"Tiempo de lectura\" \/>\n\t<meta name=\"twitter:data2\" content=\"1 minuto\" \/>\n<script type=\"application\/ld+json\" class=\"yoast-schema-graph\">{\"@context\":\"https:\/\/schema.org\",\"@graph\":[{\"@type\":\"Article\",\"@id\":\"https:\/\/medicina.udd.cl\/kinesiologia-santiago\/noticias\/2018\/10\/29\/alumnos-del-magister-en-terapia-fisica-y-rehabilitacion-maki-presentan-trabajos-en-congreso-de-kinesiologia\/#article\",\"isPartOf\":{\"@id\":\"https:\/\/medicina.udd.cl\/kinesiologia-santiago\/noticias\/2018\/10\/29\/alumnos-del-magister-en-terapia-fisica-y-rehabilitacion-maki-presentan-trabajos-en-congreso-de-kinesiologia\/\"},\"author\":{\"name\":\"paulinamunoz\",\"@id\":\"https:\/\/medicina.udd.cl\/kinesiologia-santiago\/#\/schema\/person\/8bbd66125b574a40ec467c180c11f2e3\"},\"headline\":\"Alumnos del Mag\u00edster en Terapia F\u00edsica y Rehabilitaci\u00f3n (MAKI) presentan trabajos en Congreso de kinesiolog\u00eda\",\"datePublished\":\"2018-10-29T13:19:20+00:00\",\"mainEntityOfPage\":{\"@id\":\"https:\/\/medicina.udd.cl\/kinesiologia-santiago\/noticias\/2018\/10\/29\/alumnos-del-magister-en-terapia-fisica-y-rehabilitacion-maki-presentan-trabajos-en-congreso-de-kinesiologia\/\"},\"wordCount\":307,\"commentCount\":0,\"image\":{\"@id\":\"https:\/\/medicina.udd.cl\/kinesiologia-santiago\/noticias\/2018\/10\/29\/alumnos-del-magister-en-terapia-fisica-y-rehabilitacion-maki-presentan-trabajos-en-congreso-de-kinesiologia\/#primaryimage\"},\"thumbnailUrl\":\"https:\/\/medicina.udd.cl\/kinesiologia-santiago\/files\/2018\/10\/IMG_1163-1-e1540819133490.jpg\",\"articleSection\":[\"Noticias\"],\"inLanguage\":\"es\",\"potentialAction\":[{\"@type\":\"CommentAction\",\"name\":\"Comment\",\"target\":[\"https:\/\/medicina.udd.cl\/kinesiologia-santiago\/noticias\/2018\/10\/29\/alumnos-del-magister-en-terapia-fisica-y-rehabilitacion-maki-presentan-trabajos-en-congreso-de-kinesiologia\/#respond\"]}]},{\"@type\":\"WebPage\",\"@id\":\"https:\/\/medicina.udd.cl\/kinesiologia-santiago\/noticias\/2018\/10\/29\/alumnos-del-magister-en-terapia-fisica-y-rehabilitacion-maki-presentan-trabajos-en-congreso-de-kinesiologia\/\",\"url\":\"https:\/\/medicina.udd.cl\/kinesiologia-santiago\/noticias\/2018\/10\/29\/alumnos-del-magister-en-terapia-fisica-y-rehabilitacion-maki-presentan-trabajos-en-congreso-de-kinesiologia\/\",\"name\":\"Alumnos del Mag\u00edster en Terapia F\u00edsica y Rehabilitaci\u00f3n (MAKI) presentan trabajos en Congreso de kinesiolog\u00eda - Kinesiolog\u00eda\",\"isPartOf\":{\"@id\":\"https:\/\/medicina.udd.cl\/kinesiologia-santiago\/#website\"},\"primaryImageOfPage\":{\"@id\":\"https:\/\/medicina.udd.cl\/kinesiologia-santiago\/noticias\/2018\/10\/29\/alumnos-del-magister-en-terapia-fisica-y-rehabilitacion-maki-presentan-trabajos-en-congreso-de-kinesiologia\/#primaryimage\"},\"image\":{\"@id\":\"https:\/\/medicina.udd.cl\/kinesiologia-santiago\/noticias\/2018\/10\/29\/alumnos-del-magister-en-terapia-fisica-y-rehabilitacion-maki-presentan-trabajos-en-congreso-de-kinesiologia\/#primaryimage\"},\"thumbnailUrl\":\"https:\/\/medicina.udd.cl\/kinesiologia-santiago\/files\/2018\/10\/IMG_1163-1-e1540819133490.jpg\",\"datePublished\":\"2018-10-29T13:19:20+00:00\",\"author\":{\"@id\":\"https:\/\/medicina.udd.cl\/kinesiologia-santiago\/#\/schema\/person\/8bbd66125b574a40ec467c180c11f2e3\"},\"breadcrumb\":{\"@id\":\"https:\/\/medicina.udd.cl\/kinesiologia-santiago\/noticias\/2018\/10\/29\/alumnos-del-magister-en-terapia-fisica-y-rehabilitacion-maki-presentan-trabajos-en-congreso-de-kinesiologia\/#breadcrumb\"},\"inLanguage\":\"es\",\"potentialAction\":[{\"@type\":\"ReadAction\",\"target\":[\"https:\/\/medicina.udd.cl\/kinesiologia-santiago\/noticias\/2018\/10\/29\/alumnos-del-magister-en-terapia-fisica-y-rehabilitacion-maki-presentan-trabajos-en-congreso-de-kinesiologia\/\"]}]},{\"@type\":\"ImageObject\",\"inLanguage\":\"es\",\"@id\":\"https:\/\/medicina.udd.cl\/kinesiologia-santiago\/noticias\/2018\/10\/29\/alumnos-del-magister-en-terapia-fisica-y-rehabilitacion-maki-presentan-trabajos-en-congreso-de-kinesiologia\/#primaryimage\",\"url\":\"https:\/\/medicina.udd.cl\/kinesiologia-santiago\/files\/2018\/10\/IMG_1163-1-e1540819133490.jpg\",\"contentUrl\":\"https:\/\/medicina.udd.cl\/kinesiologia-santiago\/files\/2018\/10\/IMG_1163-1-e1540819133490.jpg\",\"width\":4032,\"height\":3024},{\"@type\":\"BreadcrumbList\",\"@id\":\"https:\/\/medicina.udd.cl\/kinesiologia-santiago\/noticias\/2018\/10\/29\/alumnos-del-magister-en-terapia-fisica-y-rehabilitacion-maki-presentan-trabajos-en-congreso-de-kinesiologia\/#breadcrumb\",\"itemListElement\":[{\"@type\":\"ListItem\",\"position\":1,\"name\":\"Home\",\"item\":\"https:\/\/medicina.udd.cl\/kinesiologia-santiago\/\"},{\"@type\":\"ListItem\",\"position\":2,\"name\":\"Alumnos del Mag\u00edster en Terapia F\u00edsica y Rehabilitaci\u00f3n (MAKI) presentan trabajos en Congreso de kinesiolog\u00eda\"}]},{\"@type\":\"WebSite\",\"@id\":\"https:\/\/medicina.udd.cl\/kinesiologia-santiago\/#website\",\"url\":\"https:\/\/medicina.udd.cl\/kinesiologia-santiago\/\",\"name\":\"Kinesiolog\u00eda\",\"description\":\"Facultad de Medicina Cl\u00ednica Alemana Universidad del Desarrollo\",\"inLanguage\":\"es\"},{\"@type\":\"Person\",\"@id\":\"https:\/\/medicina.udd.cl\/kinesiologia-santiago\/#\/schema\/person\/8bbd66125b574a40ec467c180c11f2e3\",\"name\":\"paulinamunoz\",\"image\":{\"@type\":\"ImageObject\",\"inLanguage\":\"es\",\"@id\":\"https:\/\/medicina.udd.cl\/kinesiologia-santiago\/#\/schema\/person\/image\/\",\"url\":\"https:\/\/secure.gravatar.com\/avatar\/748ce8fb74e8f8077c4966697a3b3710ca0019e71a62146890c0dcdc705e7f3d?s=96&d=mm&r=g\",\"contentUrl\":\"https:\/\/secure.gravatar.com\/avatar\/748ce8fb74e8f8077c4966697a3b3710ca0019e71a62146890c0dcdc705e7f3d?s=96&d=mm&r=g\",\"caption\":\"paulinamunoz\"},\"url\":\"https:\/\/medicina.udd.cl\/kinesiologia-santiago\/noticias\/author\/paulinamunoz\/\"}]}<\/script>\n<!-- \/ Yoast SEO plugin. -->","yoast_head_json":{"title":"Alumnos del Mag\u00edster en Terapia F\u00edsica y Rehabilitaci\u00f3n (MAKI) presentan trabajos en Congreso de kinesiolog\u00eda - Kinesiolog\u00eda","robots":{"index":"index","follow":"follow","max-snippet":"max-snippet:-1","max-image-preview":"max-image-preview:large","max-video-preview":"max-video-preview:-1"},"canonical":"https:\/\/medicina.udd.cl\/kinesiologia-santiago\/noticias\/2018\/10\/29\/alumnos-del-magister-en-terapia-fisica-y-rehabilitacion-maki-presentan-trabajos-en-congreso-de-kinesiologia\/","og_locale":"es_ES","og_type":"article","og_title":"Alumnos del Mag\u00edster en Terapia F\u00edsica y Rehabilitaci\u00f3n (MAKI) presentan trabajos en Congreso de kinesiolog\u00eda - Kinesiolog\u00eda","og_description":"Representantes del MAKI expusieron las investigaciones derivadas del desarrollo cient\u00edfico realizado durante los dos a\u00f1os y medio que dura el programa de Mag\u00edster.","og_url":"https:\/\/medicina.udd.cl\/kinesiologia-santiago\/noticias\/2018\/10\/29\/alumnos-del-magister-en-terapia-fisica-y-rehabilitacion-maki-presentan-trabajos-en-congreso-de-kinesiologia\/","og_site_name":"Kinesiolog\u00eda","article_published_time":"2018-10-29T13:19:20+00:00","og_image":[{"width":4032,"height":3024,"url":"https:\/\/medicina.udd.cl\/kinesiologia-santiago\/files\/2018\/10\/IMG_1163-1-e1540819133490.jpg","type":"image\/jpeg"}],"author":"paulinamunoz","twitter_misc":{"Escrito por":"paulinamunoz","Tiempo de lectura":"1 minuto"},"schema":{"@context":"https:\/\/schema.org","@graph":[{"@type":"Article","@id":"https:\/\/medicina.udd.cl\/kinesiologia-santiago\/noticias\/2018\/10\/29\/alumnos-del-magister-en-terapia-fisica-y-rehabilitacion-maki-presentan-trabajos-en-congreso-de-kinesiologia\/#article","isPartOf":{"@id":"https:\/\/medicina.udd.cl\/kinesiologia-santiago\/noticias\/2018\/10\/29\/alumnos-del-magister-en-terapia-fisica-y-rehabilitacion-maki-presentan-trabajos-en-congreso-de-kinesiologia\/"},"author":{"name":"paulinamunoz","@id":"https:\/\/medicina.udd.cl\/kinesiologia-santiago\/#\/schema\/person\/8bbd66125b574a40ec467c180c11f2e3"},"headline":"Alumnos del Mag\u00edster en Terapia F\u00edsica y Rehabilitaci\u00f3n (MAKI) presentan trabajos en Congreso de kinesiolog\u00eda","datePublished":"2018-10-29T13:19:20+00:00","mainEntityOfPage":{"@id":"https:\/\/medicina.udd.cl\/kinesiologia-santiago\/noticias\/2018\/10\/29\/alumnos-del-magister-en-terapia-fisica-y-rehabilitacion-maki-presentan-trabajos-en-congreso-de-kinesiologia\/"},"wordCount":307,"commentCount":0,"image":{"@id":"https:\/\/medicina.udd.cl\/kinesiologia-santiago\/noticias\/2018\/10\/29\/alumnos-del-magister-en-terapia-fisica-y-rehabilitacion-maki-presentan-trabajos-en-congreso-de-kinesiologia\/#primaryimage"},"thumbnailUrl":"https:\/\/medicina.udd.cl\/kinesiologia-santiago\/files\/2018\/10\/IMG_1163-1-e1540819133490.jpg","articleSection":["Noticias"],"inLanguage":"es","potentialAction":[{"@type":"CommentAction","name":"Comment","target":["https:\/\/medicina.udd.cl\/kinesiologia-santiago\/noticias\/2018\/10\/29\/alumnos-del-magister-en-terapia-fisica-y-rehabilitacion-maki-presentan-trabajos-en-congreso-de-kinesiologia\/#respond"]}]},{"@type":"WebPage","@id":"https:\/\/medicina.udd.cl\/kinesiologia-santiago\/noticias\/2018\/10\/29\/alumnos-del-magister-en-terapia-fisica-y-rehabilitacion-maki-presentan-trabajos-en-congreso-de-kinesiologia\/","url":"https:\/\/medicina.udd.cl\/kinesiologia-santiago\/noticias\/2018\/10\/29\/alumnos-del-magister-en-terapia-fisica-y-rehabilitacion-maki-presentan-trabajos-en-congreso-de-kinesiologia\/","name":"Alumnos del Mag\u00edster en Terapia F\u00edsica y Rehabilitaci\u00f3n (MAKI) presentan trabajos en Congreso de kinesiolog\u00eda - Kinesiolog\u00eda","isPartOf":{"@id":"https:\/\/medicina.udd.cl\/kinesiologia-santiago\/#website"},"primaryImageOfPage":{"@id":"https:\/\/medicina.udd.cl\/kinesiologia-santiago\/noticias\/2018\/10\/29\/alumnos-del-magister-en-terapia-fisica-y-rehabilitacion-maki-presentan-trabajos-en-congreso-de-kinesiologia\/#primaryimage"},"image":{"@id":"https:\/\/medicina.udd.cl\/kinesiologia-santiago\/noticias\/2018\/10\/29\/alumnos-del-magister-en-terapia-fisica-y-rehabilitacion-maki-presentan-trabajos-en-congreso-de-kinesiologia\/#primaryimage"},"thumbnailUrl":"https:\/\/medicina.udd.cl\/kinesiologia-santiago\/files\/2018\/10\/IMG_1163-1-e1540819133490.jpg","datePublished":"2018-10-29T13:19:20+00:00","author":{"@id":"https:\/\/medicina.udd.cl\/kinesiologia-santiago\/#\/schema\/person\/8bbd66125b574a40ec467c180c11f2e3"},"breadcrumb":{"@id":"https:\/\/medicina.udd.cl\/kinesiologia-santiago\/noticias\/2018\/10\/29\/alumnos-del-magister-en-terapia-fisica-y-rehabilitacion-maki-presentan-trabajos-en-congreso-de-kinesiologia\/#breadcrumb"},"inLanguage":"es","potentialAction":[{"@type":"ReadAction","target":["https:\/\/medicina.udd.cl\/kinesiologia-santiago\/noticias\/2018\/10\/29\/alumnos-del-magister-en-terapia-fisica-y-rehabilitacion-maki-presentan-trabajos-en-congreso-de-kinesiologia\/"]}]},{"@type":"ImageObject","inLanguage":"es","@id":"https:\/\/medicina.udd.cl\/kinesiologia-santiago\/noticias\/2018\/10\/29\/alumnos-del-magister-en-terapia-fisica-y-rehabilitacion-maki-presentan-trabajos-en-congreso-de-kinesiologia\/#primaryimage","url":"https:\/\/medicina.udd.cl\/kinesiologia-santiago\/files\/2018\/10\/IMG_1163-1-e1540819133490.jpg","contentUrl":"https:\/\/medicina.udd.cl\/kinesiologia-santiago\/files\/2018\/10\/IMG_1163-1-e1540819133490.jpg","width":4032,"height":3024},{"@type":"BreadcrumbList","@id":"https:\/\/medicina.udd.cl\/kinesiologia-santiago\/noticias\/2018\/10\/29\/alumnos-del-magister-en-terapia-fisica-y-rehabilitacion-maki-presentan-trabajos-en-congreso-de-kinesiologia\/#breadcrumb","itemListElement":[{"@type":"ListItem","position":1,"name":"Home","item":"https:\/\/medicina.udd.cl\/kinesiologia-santiago\/"},{"@type":"ListItem","position":2,"name":"Alumnos del Mag\u00edster en Terapia F\u00edsica y Rehabilitaci\u00f3n (MAKI) presentan trabajos en Congreso de kinesiolog\u00eda"}]},{"@type":"WebSite","@id":"https:\/\/medicina.udd.cl\/kinesiologia-santiago\/#website","url":"https:\/\/medicina.udd.cl\/kinesiologia-santiago\/","name":"Kinesiolog\u00eda","description":"Facultad de Medicina Cl\u00ednica Alemana Universidad del Desarrollo","inLanguage":"es"},{"@type":"Person","@id":"https:\/\/medicina.udd.cl\/kinesiologia-santiago\/#\/schema\/person\/8bbd66125b574a40ec467c180c11f2e3","name":"paulinamunoz","image":{"@type":"ImageObject","inLanguage":"es","@id":"https:\/\/medicina.udd.cl\/kinesiologia-santiago\/#\/schema\/person\/image\/","url":"https:\/\/secure.gravatar.com\/avatar\/748ce8fb74e8f8077c4966697a3b3710ca0019e71a62146890c0dcdc705e7f3d?s=96&d=mm&r=g","contentUrl":"https:\/\/secure.gravatar.com\/avatar\/748ce8fb74e8f8077c4966697a3b3710ca0019e71a62146890c0dcdc705e7f3d?s=96&d=mm&r=g","caption":"paulinamunoz"},"url":"https:\/\/medicina.udd.cl\/kinesiologia-santiago\/noticias\/author\/paulinamunoz\/"}]}},"featured_image_url":"https:\/\/medicina.udd.cl\/kinesiologia-santiago\/files\/2018\/10\/IMG_1163-1-e1540819133490.jpg","_links":{"self":[{"href":"https:\/\/medicina.udd.cl\/kinesiologia-santiago\/wp-json\/wp\/v2\/posts\/3986","targetHints":{"allow":["GET"]}}],"collection":[{"href":"https:\/\/medicina.udd.cl\/kinesiologia-santiago\/wp-json\/wp\/v2\/posts"}],"about":[{"href":"https:\/\/medicina.udd.cl\/kinesiologia-santiago\/wp-json\/wp\/v2\/types\/post"}],"author":[{"embeddable":true,"href":"https:\/\/medicina.udd.cl\/kinesiologia-santiago\/wp-json\/wp\/v2\/users\/9192192"}],"replies":[{"embeddable":true,"href":"https:\/\/medicina.udd.cl\/kinesiologia-santiago\/wp-json\/wp\/v2\/comments?post=3986"}],"version-history":[{"count":1,"href":"https:\/\/medicina.udd.cl\/kinesiologia-santiago\/wp-json\/wp\/v2\/posts\/3986\/revisions"}],"predecessor-version":[{"id":3988,"href":"https:\/\/medicina.udd.cl\/kinesiologia-santiago\/wp-json\/wp\/v2\/posts\/3986\/revisions\/3988"}],"wp:featuredmedia":[{"embeddable":true,"href":"https:\/\/medicina.udd.cl\/kinesiologia-santiago\/wp-json\/wp\/v2\/media\/3987"}],"wp:attachment":[{"href":"https:\/\/medicina.udd.cl\/kinesiologia-santiago\/wp-json\/wp\/v2\/media?parent=3986"}],"wp:term":[{"taxonomy":"category","embeddable":true,"href":"https:\/\/medicina.udd.cl\/kinesiologia-santiago\/wp-json\/wp\/v2\/categories?post=3986"},{"taxonomy":"post_tag","embeddable":true,"href":"https:\/\/medicina.udd.cl\/kinesiologia-santiago\/wp-json\/wp\/v2\/tags?post=3986"}],"curies":[{"name":"wp","href":"https:\/\/api.w.org\/{rel}","templated":true}]}}