{"id":4019,"date":"2018-12-17T14:05:18","date_gmt":"2018-12-17T17:05:18","guid":{"rendered":"http:\/\/medicina.udd.cl\/kinesiologia-santiago\/?p=4019"},"modified":"2018-12-17T14:05:18","modified_gmt":"2018-12-17T17:05:18","slug":"carrera-de-kinesiologia-realizo-cierre-del-ano-academico","status":"publish","type":"post","link":"https:\/\/medicina.udd.cl\/kinesiologia-santiago\/noticias\/2018\/12\/17\/carrera-de-kinesiologia-realizo-cierre-del-ano-academico\/","title":{"rendered":"Carrera de Kinesiolog\u00eda realiz\u00f3 cierre del a\u00f1o acad\u00e9mico"},"content":{"rendered":"<div id=\"gallery-1\" class=\"carousel slide carousel-gallery\" data-ride=\"false\" data-interval=\"false\"><div class=\"carousel-inner\" role=\"listbox\"><figure class=\"carousel-item active\"><img loading=\"lazy\" decoding=\"async\" width=\"801\" height=\"534\" src=\"https:\/\/medicina.udd.cl\/kinesiologia-santiago\/files\/2018\/12\/IMG_9336.jpg\" class=\"attachment-landscape_952 size-landscape_952\" alt=\"\" srcset=\"https:\/\/medicina.udd.cl\/kinesiologia-santiago\/files\/2018\/12\/IMG_9336.jpg 1920w, https:\/\/medicina.udd.cl\/kinesiologia-santiago\/files\/2018\/12\/IMG_9336-300x200.jpg 300w, https:\/\/medicina.udd.cl\/kinesiologia-santiago\/files\/2018\/12\/IMG_9336-768x512.jpg 768w, https:\/\/medicina.udd.cl\/kinesiologia-santiago\/files\/2018\/12\/IMG_9336-1024x683.jpg 1024w, https:\/\/medicina.udd.cl\/kinesiologia-santiago\/files\/2018\/12\/IMG_9336-960x640.jpg 960w\" sizes=\"auto, (max-width: 801px) 100vw, 801px\" \/><\/figure><figure class=\"carousel-item\"><img loading=\"lazy\" decoding=\"async\" width=\"801\" height=\"534\" src=\"https:\/\/medicina.udd.cl\/kinesiologia-santiago\/files\/2018\/12\/IMG_9338.jpg\" class=\"attachment-landscape_952 size-landscape_952\" alt=\"\" srcset=\"https:\/\/medicina.udd.cl\/kinesiologia-santiago\/files\/2018\/12\/IMG_9338.jpg 1920w, https:\/\/medicina.udd.cl\/kinesiologia-santiago\/files\/2018\/12\/IMG_9338-300x200.jpg 300w, https:\/\/medicina.udd.cl\/kinesiologia-santiago\/files\/2018\/12\/IMG_9338-768x512.jpg 768w, https:\/\/medicina.udd.cl\/kinesiologia-santiago\/files\/2018\/12\/IMG_9338-1024x683.jpg 1024w, https:\/\/medicina.udd.cl\/kinesiologia-santiago\/files\/2018\/12\/IMG_9338-960x640.jpg 960w\" sizes=\"auto, (max-width: 801px) 100vw, 801px\" \/><\/figure><figure class=\"carousel-item\"><img loading=\"lazy\" decoding=\"async\" width=\"801\" height=\"534\" src=\"https:\/\/medicina.udd.cl\/kinesiologia-santiago\/files\/2018\/12\/IMG_9357.jpg\" class=\"attachment-landscape_952 size-landscape_952\" alt=\"\" srcset=\"https:\/\/medicina.udd.cl\/kinesiologia-santiago\/files\/2018\/12\/IMG_9357.jpg 1920w, https:\/\/medicina.udd.cl\/kinesiologia-santiago\/files\/2018\/12\/IMG_9357-300x200.jpg 300w, https:\/\/medicina.udd.cl\/kinesiologia-santiago\/files\/2018\/12\/IMG_9357-768x512.jpg 768w, https:\/\/medicina.udd.cl\/kinesiologia-santiago\/files\/2018\/12\/IMG_9357-1024x683.jpg 1024w, https:\/\/medicina.udd.cl\/kinesiologia-santiago\/files\/2018\/12\/IMG_9357-960x640.jpg 960w\" sizes=\"auto, (max-width: 801px) 100vw, 801px\" \/><\/figure><figure class=\"carousel-item\"><img loading=\"lazy\" decoding=\"async\" width=\"801\" height=\"534\" src=\"https:\/\/medicina.udd.cl\/kinesiologia-santiago\/files\/2018\/12\/IMG_9370.jpg\" class=\"attachment-landscape_952 size-landscape_952\" alt=\"\" srcset=\"https:\/\/medicina.udd.cl\/kinesiologia-santiago\/files\/2018\/12\/IMG_9370.jpg 1920w, https:\/\/medicina.udd.cl\/kinesiologia-santiago\/files\/2018\/12\/IMG_9370-300x200.jpg 300w, https:\/\/medicina.udd.cl\/kinesiologia-santiago\/files\/2018\/12\/IMG_9370-768x512.jpg 768w, https:\/\/medicina.udd.cl\/kinesiologia-santiago\/files\/2018\/12\/IMG_9370-1024x683.jpg 1024w, https:\/\/medicina.udd.cl\/kinesiologia-santiago\/files\/2018\/12\/IMG_9370-960x640.jpg 960w\" sizes=\"auto, (max-width: 801px) 100vw, 801px\" \/><\/figure><figure class=\"carousel-item\"><img loading=\"lazy\" decoding=\"async\" width=\"801\" height=\"534\" src=\"https:\/\/medicina.udd.cl\/kinesiologia-santiago\/files\/2018\/12\/IMG_9380.jpg\" class=\"attachment-landscape_952 size-landscape_952\" alt=\"\" srcset=\"https:\/\/medicina.udd.cl\/kinesiologia-santiago\/files\/2018\/12\/IMG_9380.jpg 1920w, https:\/\/medicina.udd.cl\/kinesiologia-santiago\/files\/2018\/12\/IMG_9380-300x200.jpg 300w, https:\/\/medicina.udd.cl\/kinesiologia-santiago\/files\/2018\/12\/IMG_9380-768x512.jpg 768w, https:\/\/medicina.udd.cl\/kinesiologia-santiago\/files\/2018\/12\/IMG_9380-1024x683.jpg 1024w, https:\/\/medicina.udd.cl\/kinesiologia-santiago\/files\/2018\/12\/IMG_9380-960x640.jpg 960w\" sizes=\"auto, (max-width: 801px) 100vw, 801px\" \/><\/figure><figure class=\"carousel-item\"><img loading=\"lazy\" decoding=\"async\" width=\"801\" height=\"534\" src=\"https:\/\/medicina.udd.cl\/kinesiologia-santiago\/files\/2018\/12\/IMG_9382.jpg\" class=\"attachment-landscape_952 size-landscape_952\" alt=\"\" srcset=\"https:\/\/medicina.udd.cl\/kinesiologia-santiago\/files\/2018\/12\/IMG_9382.jpg 1920w, https:\/\/medicina.udd.cl\/kinesiologia-santiago\/files\/2018\/12\/IMG_9382-300x200.jpg 300w, https:\/\/medicina.udd.cl\/kinesiologia-santiago\/files\/2018\/12\/IMG_9382-768x512.jpg 768w, https:\/\/medicina.udd.cl\/kinesiologia-santiago\/files\/2018\/12\/IMG_9382-1024x683.jpg 1024w, https:\/\/medicina.udd.cl\/kinesiologia-santiago\/files\/2018\/12\/IMG_9382-960x640.jpg 960w\" sizes=\"auto, (max-width: 801px) 100vw, 801px\" \/><\/figure><figure class=\"carousel-item\"><img loading=\"lazy\" decoding=\"async\" width=\"801\" height=\"534\" src=\"https:\/\/medicina.udd.cl\/kinesiologia-santiago\/files\/2018\/12\/IMG_9385.jpg\" class=\"attachment-landscape_952 size-landscape_952\" alt=\"\" srcset=\"https:\/\/medicina.udd.cl\/kinesiologia-santiago\/files\/2018\/12\/IMG_9385.jpg 1920w, https:\/\/medicina.udd.cl\/kinesiologia-santiago\/files\/2018\/12\/IMG_9385-300x200.jpg 300w, https:\/\/medicina.udd.cl\/kinesiologia-santiago\/files\/2018\/12\/IMG_9385-768x512.jpg 768w, https:\/\/medicina.udd.cl\/kinesiologia-santiago\/files\/2018\/12\/IMG_9385-1024x683.jpg 1024w, https:\/\/medicina.udd.cl\/kinesiologia-santiago\/files\/2018\/12\/IMG_9385-960x640.jpg 960w\" sizes=\"auto, (max-width: 801px) 100vw, 801px\" \/><\/figure><figure class=\"carousel-item\"><img loading=\"lazy\" decoding=\"async\" width=\"801\" height=\"534\" src=\"https:\/\/medicina.udd.cl\/kinesiologia-santiago\/files\/2018\/12\/IMG_9391.jpg\" class=\"attachment-landscape_952 size-landscape_952\" alt=\"\" srcset=\"https:\/\/medicina.udd.cl\/kinesiologia-santiago\/files\/2018\/12\/IMG_9391.jpg 1920w, https:\/\/medicina.udd.cl\/kinesiologia-santiago\/files\/2018\/12\/IMG_9391-300x200.jpg 300w, https:\/\/medicina.udd.cl\/kinesiologia-santiago\/files\/2018\/12\/IMG_9391-768x512.jpg 768w, https:\/\/medicina.udd.cl\/kinesiologia-santiago\/files\/2018\/12\/IMG_9391-1024x683.jpg 1024w, https:\/\/medicina.udd.cl\/kinesiologia-santiago\/files\/2018\/12\/IMG_9391-960x640.jpg 960w\" sizes=\"auto, (max-width: 801px) 100vw, 801px\" \/><\/figure><\/div><footer class=\"carousel-footer\"><div class=\"carousel-counter\"><span class=\"carousel-counter-current\"><\/span> \/ <span class=\"carousel-counter-total\"><\/span><\/div><a class=\"carousel-control-prev\" href=\"#gallery-1\" role=\"button\" data-slide=\"prev\"><svg aria-hidden=\"true\" class=\"svg-chevron-left-dims\"><use xlink:href='https:\/\/medicina.udd.cl\/kinesiologia-santiago\/wp-content\/themes\/facultades-2018\/assets\/img\/svg\/dist\/main.svg?version=1695853099#chevron-left'><\/use><\/svg><span class=\"sr-only\">Anterior<\/span><\/a><a class=\"carousel-control-next\" href=\"#gallery-1\" role=\"button\" data-slide=\"next\"><svg aria-hidden=\"true\" class=\"svg-chevron-right-dims\"><use xlink:href='https:\/\/medicina.udd.cl\/kinesiologia-santiago\/wp-content\/themes\/facultades-2018\/assets\/img\/svg\/dist\/main.svg?version=1695853099#chevron-right'><\/use><\/svg><span class=\"sr-only\">Siguiente<\/span><\/a><\/footer><\/div>\n<p>Docentes, tutores cl\u00ednicos y directores de carrera asistieron al ya tradicional cierre de a\u00f1o acad\u00e9mico de la carrera de Kinesiolog\u00eda, realizado en las instalaciones del Stadio Italiano.<\/p>\n<p>Durante la actividad el Director de Carrera, Jorge Molina Blamey, se refiri\u00f3 al proyecto educativo UDD Futuro, mencionando sus principales ejes y como este se integrar\u00e1 dentro del plan de estudio de Kinesiolog\u00eda para este nuevo a\u00f1o. Adem\u00e1s, se agradeci\u00f3 a la Carrera de Publicidad, y a su director Sr. Sergio Gamboa, por el trabajo mancomunado que se viene realizando hace dos a\u00f1os, y que vio sus primeros frutos en el proyecto K+P.<\/p>\n<p>Tambi\u00e9n se entregaron reconocimientos a aquellos profesores que participaron en la semana i del presente a\u00f1o, entre ellos Danilo Aravena, Manuel Alvear, Carolina Santander, Mariela Rojas, Alejandra Riquelme, Gabriela Manzano, Catalina Merino, Francisca Z\u00f3ccola, Pablo Su\u00e1rez, Mar\u00eda Jes\u00fas Mena, Nelson Adrian, Rodolfo Santiba\u00f1ez, Catherine Sanhueza y Camilo Pavez.<\/p>\n<p>A su vez, se destac\u00f3 a los mejores profesores por nivel, elegidos por los mismos estudiantes. Estos fueron: Barbra Toro (primer a\u00f1o), Alejandro Troncoso (segundo a\u00f1o), Danilo Aravena (tercer a\u00f1o), Catherine Sanhueza (cuarto a\u00f1o) y de quinto a\u00f1o, Yasna P\u00e9ric, de Cl\u00ednica Astra y Javier Barrenechea, de Cl\u00ednica Alemana. El premio por innovaci\u00f3n docente lo obtuvo Alan Verdugo.<\/p>\n<p>Para concluir la actividad se destac\u00f3 la labor de los kinesi\u00f3logos \u00c1lvaro Maureira y del equipo del programa de rehabilitaci\u00f3n cardiovascular del Hospital Padre Hurtado, por su compromiso, pasi\u00f3n y entrega en todo momento; y de Felipe Gonz\u00e1lez, quien tras haberse formado en un diploma de la Carrera y recientemente en su programa de Mag\u00edster, es ahora un nexo y referente importante para los siguientes desaf\u00edos que tiene Kinesiolog\u00eda en Cl\u00ednica Alemana Santiago. De igual manera se dio un reconocimiento a los campos cl\u00ednicos por el papel fundamental que desempe\u00f1an como lo son Cl\u00ednica Alemana, Hospital Padre Hurtado, Cl\u00ednica UDD y Cl\u00ednica Vespucio, y especialmente a Cl\u00ednica Astra, quien se destaca por la positiva evaluaci\u00f3n que tienen los estudiantes sobre sus docentes, su organizaci\u00f3n y por su compromiso en relaci\u00f3n a la formaci\u00f3n como tutores cl\u00ednicos.<\/p>\n<p>&nbsp;<\/p>\n","protected":false},"excerpt":{"rendered":"<p>UDD Futuro y reconocimientos a docentes marcaron la jornada realizada en el Stadio Italiano.<\/p>\n","protected":false},"author":9192214,"featured_media":4020,"comment_status":"open","ping_status":"open","sticky":false,"template":"","format":"standard","meta":{"footnotes":""},"categories":[4],"tags":[],"class_list":["post-4019","post","type-post","status-publish","format-standard","has-post-thumbnail","hentry","category-noticias"],"yoast_head":"<!-- This site is optimized with the Yoast SEO plugin v26.9 - https:\/\/yoast.com\/product\/yoast-seo-wordpress\/ -->\n<title>Carrera de Kinesiolog\u00eda realiz\u00f3 cierre del a\u00f1o acad\u00e9mico - Kinesiolog\u00eda<\/title>\n<meta name=\"robots\" content=\"index, follow, max-snippet:-1, max-image-preview:large, max-video-preview:-1\" \/>\n<link rel=\"canonical\" href=\"https:\/\/medicina.udd.cl\/kinesiologia-santiago\/noticias\/2018\/12\/17\/carrera-de-kinesiologia-realizo-cierre-del-ano-academico\/\" \/>\n<meta property=\"og:locale\" content=\"es_ES\" \/>\n<meta property=\"og:type\" content=\"article\" \/>\n<meta property=\"og:title\" content=\"Carrera de Kinesiolog\u00eda realiz\u00f3 cierre del a\u00f1o acad\u00e9mico - Kinesiolog\u00eda\" \/>\n<meta property=\"og:description\" content=\"UDD Futuro y reconocimientos a docentes marcaron la jornada realizada en el Stadio Italiano.\" \/>\n<meta property=\"og:url\" content=\"https:\/\/medicina.udd.cl\/kinesiologia-santiago\/noticias\/2018\/12\/17\/carrera-de-kinesiologia-realizo-cierre-del-ano-academico\/\" \/>\n<meta property=\"og:site_name\" content=\"Kinesiolog\u00eda\" \/>\n<meta property=\"article:published_time\" content=\"2018-12-17T17:05:18+00:00\" \/>\n<meta property=\"og:image\" content=\"https:\/\/medicina.udd.cl\/kinesiologia-santiago\/files\/2018\/12\/IMG_9336.jpg\" \/>\n\t<meta property=\"og:image:width\" content=\"1920\" \/>\n\t<meta property=\"og:image:height\" content=\"1280\" \/>\n\t<meta property=\"og:image:type\" content=\"image\/jpeg\" \/>\n<meta name=\"author\" content=\"aoalvarez\" \/>\n<meta name=\"twitter:label1\" content=\"Escrito por\" \/>\n\t<meta name=\"twitter:data1\" content=\"aoalvarez\" \/>\n\t<meta name=\"twitter:label2\" content=\"Tiempo de lectura\" \/>\n\t<meta name=\"twitter:data2\" content=\"2 minutos\" \/>\n<script type=\"application\/ld+json\" class=\"yoast-schema-graph\">{\"@context\":\"https:\/\/schema.org\",\"@graph\":[{\"@type\":\"Article\",\"@id\":\"https:\/\/medicina.udd.cl\/kinesiologia-santiago\/noticias\/2018\/12\/17\/carrera-de-kinesiologia-realizo-cierre-del-ano-academico\/#article\",\"isPartOf\":{\"@id\":\"https:\/\/medicina.udd.cl\/kinesiologia-santiago\/noticias\/2018\/12\/17\/carrera-de-kinesiologia-realizo-cierre-del-ano-academico\/\"},\"author\":{\"name\":\"aoalvarez\",\"@id\":\"https:\/\/medicina.udd.cl\/kinesiologia-santiago\/#\/schema\/person\/16aa9c191f0d3c7e05056e6e1a126fb3\"},\"headline\":\"Carrera de Kinesiolog\u00eda realiz\u00f3 cierre del a\u00f1o acad\u00e9mico\",\"datePublished\":\"2018-12-17T17:05:18+00:00\",\"mainEntityOfPage\":{\"@id\":\"https:\/\/medicina.udd.cl\/kinesiologia-santiago\/noticias\/2018\/12\/17\/carrera-de-kinesiologia-realizo-cierre-del-ano-academico\/\"},\"wordCount\":400,\"commentCount\":0,\"image\":{\"@id\":\"https:\/\/medicina.udd.cl\/kinesiologia-santiago\/noticias\/2018\/12\/17\/carrera-de-kinesiologia-realizo-cierre-del-ano-academico\/#primaryimage\"},\"thumbnailUrl\":\"https:\/\/medicina.udd.cl\/kinesiologia-santiago\/files\/2018\/12\/IMG_9336.jpg\",\"articleSection\":[\"Noticias\"],\"inLanguage\":\"es\",\"potentialAction\":[{\"@type\":\"CommentAction\",\"name\":\"Comment\",\"target\":[\"https:\/\/medicina.udd.cl\/kinesiologia-santiago\/noticias\/2018\/12\/17\/carrera-de-kinesiologia-realizo-cierre-del-ano-academico\/#respond\"]}]},{\"@type\":\"WebPage\",\"@id\":\"https:\/\/medicina.udd.cl\/kinesiologia-santiago\/noticias\/2018\/12\/17\/carrera-de-kinesiologia-realizo-cierre-del-ano-academico\/\",\"url\":\"https:\/\/medicina.udd.cl\/kinesiologia-santiago\/noticias\/2018\/12\/17\/carrera-de-kinesiologia-realizo-cierre-del-ano-academico\/\",\"name\":\"Carrera de Kinesiolog\u00eda realiz\u00f3 cierre del a\u00f1o acad\u00e9mico - Kinesiolog\u00eda\",\"isPartOf\":{\"@id\":\"https:\/\/medicina.udd.cl\/kinesiologia-santiago\/#website\"},\"primaryImageOfPage\":{\"@id\":\"https:\/\/medicina.udd.cl\/kinesiologia-santiago\/noticias\/2018\/12\/17\/carrera-de-kinesiologia-realizo-cierre-del-ano-academico\/#primaryimage\"},\"image\":{\"@id\":\"https:\/\/medicina.udd.cl\/kinesiologia-santiago\/noticias\/2018\/12\/17\/carrera-de-kinesiologia-realizo-cierre-del-ano-academico\/#primaryimage\"},\"thumbnailUrl\":\"https:\/\/medicina.udd.cl\/kinesiologia-santiago\/files\/2018\/12\/IMG_9336.jpg\",\"datePublished\":\"2018-12-17T17:05:18+00:00\",\"author\":{\"@id\":\"https:\/\/medicina.udd.cl\/kinesiologia-santiago\/#\/schema\/person\/16aa9c191f0d3c7e05056e6e1a126fb3\"},\"breadcrumb\":{\"@id\":\"https:\/\/medicina.udd.cl\/kinesiologia-santiago\/noticias\/2018\/12\/17\/carrera-de-kinesiologia-realizo-cierre-del-ano-academico\/#breadcrumb\"},\"inLanguage\":\"es\",\"potentialAction\":[{\"@type\":\"ReadAction\",\"target\":[\"https:\/\/medicina.udd.cl\/kinesiologia-santiago\/noticias\/2018\/12\/17\/carrera-de-kinesiologia-realizo-cierre-del-ano-academico\/\"]}]},{\"@type\":\"ImageObject\",\"inLanguage\":\"es\",\"@id\":\"https:\/\/medicina.udd.cl\/kinesiologia-santiago\/noticias\/2018\/12\/17\/carrera-de-kinesiologia-realizo-cierre-del-ano-academico\/#primaryimage\",\"url\":\"https:\/\/medicina.udd.cl\/kinesiologia-santiago\/files\/2018\/12\/IMG_9336.jpg\",\"contentUrl\":\"https:\/\/medicina.udd.cl\/kinesiologia-santiago\/files\/2018\/12\/IMG_9336.jpg\",\"width\":1920,\"height\":1280},{\"@type\":\"BreadcrumbList\",\"@id\":\"https:\/\/medicina.udd.cl\/kinesiologia-santiago\/noticias\/2018\/12\/17\/carrera-de-kinesiologia-realizo-cierre-del-ano-academico\/#breadcrumb\",\"itemListElement\":[{\"@type\":\"ListItem\",\"position\":1,\"name\":\"Home\",\"item\":\"https:\/\/medicina.udd.cl\/kinesiologia-santiago\/\"},{\"@type\":\"ListItem\",\"position\":2,\"name\":\"Carrera de Kinesiolog\u00eda realiz\u00f3 cierre del a\u00f1o acad\u00e9mico\"}]},{\"@type\":\"WebSite\",\"@id\":\"https:\/\/medicina.udd.cl\/kinesiologia-santiago\/#website\",\"url\":\"https:\/\/medicina.udd.cl\/kinesiologia-santiago\/\",\"name\":\"Kinesiolog\u00eda\",\"description\":\"Facultad de Medicina Cl\u00ednica Alemana Universidad del Desarrollo\",\"inLanguage\":\"es\"},{\"@type\":\"Person\",\"@id\":\"https:\/\/medicina.udd.cl\/kinesiologia-santiago\/#\/schema\/person\/16aa9c191f0d3c7e05056e6e1a126fb3\",\"name\":\"aoalvarez\",\"image\":{\"@type\":\"ImageObject\",\"inLanguage\":\"es\",\"@id\":\"https:\/\/medicina.udd.cl\/kinesiologia-santiago\/#\/schema\/person\/image\/\",\"url\":\"https:\/\/secure.gravatar.com\/avatar\/eaca9854f40c2e0d9276450a0d4a3e8a201a9f0fdfb9727acd04a74a4a13cd51?s=96&d=mm&r=g\",\"contentUrl\":\"https:\/\/secure.gravatar.com\/avatar\/eaca9854f40c2e0d9276450a0d4a3e8a201a9f0fdfb9727acd04a74a4a13cd51?s=96&d=mm&r=g\",\"caption\":\"aoalvarez\"},\"url\":\"https:\/\/medicina.udd.cl\/kinesiologia-santiago\/noticias\/author\/aoalvarez\/\"}]}<\/script>\n<!-- \/ Yoast SEO plugin. -->","yoast_head_json":{"title":"Carrera de Kinesiolog\u00eda realiz\u00f3 cierre del a\u00f1o acad\u00e9mico - Kinesiolog\u00eda","robots":{"index":"index","follow":"follow","max-snippet":"max-snippet:-1","max-image-preview":"max-image-preview:large","max-video-preview":"max-video-preview:-1"},"canonical":"https:\/\/medicina.udd.cl\/kinesiologia-santiago\/noticias\/2018\/12\/17\/carrera-de-kinesiologia-realizo-cierre-del-ano-academico\/","og_locale":"es_ES","og_type":"article","og_title":"Carrera de Kinesiolog\u00eda realiz\u00f3 cierre del a\u00f1o acad\u00e9mico - Kinesiolog\u00eda","og_description":"UDD Futuro y reconocimientos a docentes marcaron la jornada realizada en el Stadio Italiano.","og_url":"https:\/\/medicina.udd.cl\/kinesiologia-santiago\/noticias\/2018\/12\/17\/carrera-de-kinesiologia-realizo-cierre-del-ano-academico\/","og_site_name":"Kinesiolog\u00eda","article_published_time":"2018-12-17T17:05:18+00:00","og_image":[{"width":1920,"height":1280,"url":"https:\/\/medicina.udd.cl\/kinesiologia-santiago\/files\/2018\/12\/IMG_9336.jpg","type":"image\/jpeg"}],"author":"aoalvarez","twitter_misc":{"Escrito por":"aoalvarez","Tiempo de lectura":"2 minutos"},"schema":{"@context":"https:\/\/schema.org","@graph":[{"@type":"Article","@id":"https:\/\/medicina.udd.cl\/kinesiologia-santiago\/noticias\/2018\/12\/17\/carrera-de-kinesiologia-realizo-cierre-del-ano-academico\/#article","isPartOf":{"@id":"https:\/\/medicina.udd.cl\/kinesiologia-santiago\/noticias\/2018\/12\/17\/carrera-de-kinesiologia-realizo-cierre-del-ano-academico\/"},"author":{"name":"aoalvarez","@id":"https:\/\/medicina.udd.cl\/kinesiologia-santiago\/#\/schema\/person\/16aa9c191f0d3c7e05056e6e1a126fb3"},"headline":"Carrera de Kinesiolog\u00eda realiz\u00f3 cierre del a\u00f1o acad\u00e9mico","datePublished":"2018-12-17T17:05:18+00:00","mainEntityOfPage":{"@id":"https:\/\/medicina.udd.cl\/kinesiologia-santiago\/noticias\/2018\/12\/17\/carrera-de-kinesiologia-realizo-cierre-del-ano-academico\/"},"wordCount":400,"commentCount":0,"image":{"@id":"https:\/\/medicina.udd.cl\/kinesiologia-santiago\/noticias\/2018\/12\/17\/carrera-de-kinesiologia-realizo-cierre-del-ano-academico\/#primaryimage"},"thumbnailUrl":"https:\/\/medicina.udd.cl\/kinesiologia-santiago\/files\/2018\/12\/IMG_9336.jpg","articleSection":["Noticias"],"inLanguage":"es","potentialAction":[{"@type":"CommentAction","name":"Comment","target":["https:\/\/medicina.udd.cl\/kinesiologia-santiago\/noticias\/2018\/12\/17\/carrera-de-kinesiologia-realizo-cierre-del-ano-academico\/#respond"]}]},{"@type":"WebPage","@id":"https:\/\/medicina.udd.cl\/kinesiologia-santiago\/noticias\/2018\/12\/17\/carrera-de-kinesiologia-realizo-cierre-del-ano-academico\/","url":"https:\/\/medicina.udd.cl\/kinesiologia-santiago\/noticias\/2018\/12\/17\/carrera-de-kinesiologia-realizo-cierre-del-ano-academico\/","name":"Carrera de Kinesiolog\u00eda realiz\u00f3 cierre del a\u00f1o acad\u00e9mico - Kinesiolog\u00eda","isPartOf":{"@id":"https:\/\/medicina.udd.cl\/kinesiologia-santiago\/#website"},"primaryImageOfPage":{"@id":"https:\/\/medicina.udd.cl\/kinesiologia-santiago\/noticias\/2018\/12\/17\/carrera-de-kinesiologia-realizo-cierre-del-ano-academico\/#primaryimage"},"image":{"@id":"https:\/\/medicina.udd.cl\/kinesiologia-santiago\/noticias\/2018\/12\/17\/carrera-de-kinesiologia-realizo-cierre-del-ano-academico\/#primaryimage"},"thumbnailUrl":"https:\/\/medicina.udd.cl\/kinesiologia-santiago\/files\/2018\/12\/IMG_9336.jpg","datePublished":"2018-12-17T17:05:18+00:00","author":{"@id":"https:\/\/medicina.udd.cl\/kinesiologia-santiago\/#\/schema\/person\/16aa9c191f0d3c7e05056e6e1a126fb3"},"breadcrumb":{"@id":"https:\/\/medicina.udd.cl\/kinesiologia-santiago\/noticias\/2018\/12\/17\/carrera-de-kinesiologia-realizo-cierre-del-ano-academico\/#breadcrumb"},"inLanguage":"es","potentialAction":[{"@type":"ReadAction","target":["https:\/\/medicina.udd.cl\/kinesiologia-santiago\/noticias\/2018\/12\/17\/carrera-de-kinesiologia-realizo-cierre-del-ano-academico\/"]}]},{"@type":"ImageObject","inLanguage":"es","@id":"https:\/\/medicina.udd.cl\/kinesiologia-santiago\/noticias\/2018\/12\/17\/carrera-de-kinesiologia-realizo-cierre-del-ano-academico\/#primaryimage","url":"https:\/\/medicina.udd.cl\/kinesiologia-santiago\/files\/2018\/12\/IMG_9336.jpg","contentUrl":"https:\/\/medicina.udd.cl\/kinesiologia-santiago\/files\/2018\/12\/IMG_9336.jpg","width":1920,"height":1280},{"@type":"BreadcrumbList","@id":"https:\/\/medicina.udd.cl\/kinesiologia-santiago\/noticias\/2018\/12\/17\/carrera-de-kinesiologia-realizo-cierre-del-ano-academico\/#breadcrumb","itemListElement":[{"@type":"ListItem","position":1,"name":"Home","item":"https:\/\/medicina.udd.cl\/kinesiologia-santiago\/"},{"@type":"ListItem","position":2,"name":"Carrera de Kinesiolog\u00eda realiz\u00f3 cierre del a\u00f1o acad\u00e9mico"}]},{"@type":"WebSite","@id":"https:\/\/medicina.udd.cl\/kinesiologia-santiago\/#website","url":"https:\/\/medicina.udd.cl\/kinesiologia-santiago\/","name":"Kinesiolog\u00eda","description":"Facultad de Medicina Cl\u00ednica Alemana Universidad del Desarrollo","inLanguage":"es"},{"@type":"Person","@id":"https:\/\/medicina.udd.cl\/kinesiologia-santiago\/#\/schema\/person\/16aa9c191f0d3c7e05056e6e1a126fb3","name":"aoalvarez","image":{"@type":"ImageObject","inLanguage":"es","@id":"https:\/\/medicina.udd.cl\/kinesiologia-santiago\/#\/schema\/person\/image\/","url":"https:\/\/secure.gravatar.com\/avatar\/eaca9854f40c2e0d9276450a0d4a3e8a201a9f0fdfb9727acd04a74a4a13cd51?s=96&d=mm&r=g","contentUrl":"https:\/\/secure.gravatar.com\/avatar\/eaca9854f40c2e0d9276450a0d4a3e8a201a9f0fdfb9727acd04a74a4a13cd51?s=96&d=mm&r=g","caption":"aoalvarez"},"url":"https:\/\/medicina.udd.cl\/kinesiologia-santiago\/noticias\/author\/aoalvarez\/"}]}},"featured_image_url":"https:\/\/medicina.udd.cl\/kinesiologia-santiago\/files\/2018\/12\/IMG_9336.jpg","_links":{"self":[{"href":"https:\/\/medicina.udd.cl\/kinesiologia-santiago\/wp-json\/wp\/v2\/posts\/4019","targetHints":{"allow":["GET"]}}],"collection":[{"href":"https:\/\/medicina.udd.cl\/kinesiologia-santiago\/wp-json\/wp\/v2\/posts"}],"about":[{"href":"https:\/\/medicina.udd.cl\/kinesiologia-santiago\/wp-json\/wp\/v2\/types\/post"}],"author":[{"embeddable":true,"href":"https:\/\/medicina.udd.cl\/kinesiologia-santiago\/wp-json\/wp\/v2\/users\/9192214"}],"replies":[{"embeddable":true,"href":"https:\/\/medicina.udd.cl\/kinesiologia-santiago\/wp-json\/wp\/v2\/comments?post=4019"}],"version-history":[{"count":1,"href":"https:\/\/medicina.udd.cl\/kinesiologia-santiago\/wp-json\/wp\/v2\/posts\/4019\/revisions"}],"predecessor-version":[{"id":4028,"href":"https:\/\/medicina.udd.cl\/kinesiologia-santiago\/wp-json\/wp\/v2\/posts\/4019\/revisions\/4028"}],"wp:featuredmedia":[{"embeddable":true,"href":"https:\/\/medicina.udd.cl\/kinesiologia-santiago\/wp-json\/wp\/v2\/media\/4020"}],"wp:attachment":[{"href":"https:\/\/medicina.udd.cl\/kinesiologia-santiago\/wp-json\/wp\/v2\/media?parent=4019"}],"wp:term":[{"taxonomy":"category","embeddable":true,"href":"https:\/\/medicina.udd.cl\/kinesiologia-santiago\/wp-json\/wp\/v2\/categories?post=4019"},{"taxonomy":"post_tag","embeddable":true,"href":"https:\/\/medicina.udd.cl\/kinesiologia-santiago\/wp-json\/wp\/v2\/tags?post=4019"}],"curies":[{"name":"wp","href":"https:\/\/api.w.org\/{rel}","templated":true}]}}