{"id":412,"date":"2011-08-05T15:16:06","date_gmt":"2011-08-05T19:16:06","guid":{"rendered":"http:\/\/medicina.udd.cl\/kinesiologia-santiago\/?p=412"},"modified":"2011-08-05T15:16:43","modified_gmt":"2011-08-05T19:16:43","slug":"docente-participo-en-reunion-de-expertos-en-actividad-fisica-para-latinoamerica","status":"publish","type":"post","link":"https:\/\/medicina.udd.cl\/kinesiologia-santiago\/noticias\/2011\/08\/05\/docente-participo-en-reunion-de-expertos-en-actividad-fisica-para-latinoamerica\/","title":{"rendered":"Docente particip\u00f3 en reuni\u00f3n de expertos en actividad f\u00edsica para Latinoam\u00e9rica"},"content":{"rendered":"<p style=\"text-align: justify;\">El coordinador de Investigaci\u00f3n de la carrera de Kinesiolog\u00eda, Jaime Leppe, particip\u00f3 en la <strong>X Reuni\u00f3n<\/strong><strong> anual de la Red de Actividad F\u00edsica de las Am\u00e9ricas (RAFA-PANA)<\/strong> que se realiz\u00f3 entre los d\u00edas 24 y 27 de julio en la ciudad de Guadalajara, M\u00e9xico.<\/p>\n<p style=\"text-align: justify;\">La actividad fue patrocinada por la Organizaci\u00f3n Panamericana de la Salud y el <em>Centers for Disease Control and Prevention<\/em>, USA (C.D.C.), entre otras importantes instituciones.<\/p>\n<p style=\"text-align: justify;\">Al encuentro asistieron importantes investigadores en el \u00e1rea, reconocidos a nivel mundial, tales como:<\/p>\n<ul style=\"text-align: justify;\">\n<li>\n<div style=\"text-align: justify;\">Heather Bowles &#8211; NIH (National Institute Health)<\/div>\n<\/li>\n<li>\n<div style=\"text-align: justify;\">Barbara Ainsworth &#8211; ACSM (President of American College Sport Medicine)<\/div>\n<\/li>\n<li>\n<div style=\"text-align: justify;\">Harold Kohl \u2013 ISPAH (President of International Society Physical Activity and Health)<\/div>\n<\/li>\n<li>\n<div style=\"text-align: justify;\">Sandra Matsudo &#8211; CELAFISCS<\/div>\n<\/li>\n<li>\n<div style=\"text-align: justify;\">Pedro Hallal \u2013 University of Pelotas<\/div>\n<\/li>\n<li>\n<div style=\"text-align: justify;\">Simon Marshall \u2013 San Diego StateUniversity<\/div>\n<\/li>\n<\/ul>\n<p style=\"text-align: justify;\">En el marco de la reuni\u00f3n se realiz\u00f3 el <em>workshop<\/em> <strong>\u00abMedici\u00f3n del comportamiento activo sedentario: vinculando aspectos metodol\u00f3gicos en investigaci\u00f3n en Las Am\u00e9ricas\u00bb<\/strong> y se lograron importante acuerdos:<\/p>\n<p style=\"text-align: justify;\">1.- Generaci\u00f3n de algoritmo de decisi\u00f3n para la selecci\u00f3n de Instrumentos de medici\u00f3n de Actividad F\u00edsica en las Am\u00e9ricas.<\/p>\n<p style=\"text-align: justify;\">2.- Declaraci\u00f3n de Chapala, Pronunciamiento de la RAFA-PANA sobre la Actividad F\u00edsica para el control de las Enfermedades no Transmisibles, para la Reuni\u00f3n de Naciones Unidas.<\/p>\n<div id=\"gallery-1\" class=\"carousel slide carousel-gallery\" data-ride=\"false\" data-interval=\"false\"><div class=\"carousel-inner\" role=\"listbox\"><figure class=\"carousel-item active\"><img loading=\"lazy\" decoding=\"async\" width=\"697\" height=\"465\" src=\"https:\/\/medicina.udd.cl\/kinesiologia-santiago\/files\/2011\/08\/X-Reuni\u00f3n-Anual-Red-de-Actividad-F\u00edsica-de-las-Am\u00e9ricas-2.jpg\" class=\"attachment-landscape_952 size-landscape_952\" alt=\"\" srcset=\"https:\/\/medicina.udd.cl\/kinesiologia-santiago\/files\/2011\/08\/X-Reuni\u00f3n-Anual-Red-de-Actividad-F\u00edsica-de-las-Am\u00e9ricas-2.jpg 697w, https:\/\/medicina.udd.cl\/kinesiologia-santiago\/files\/2011\/08\/X-Reuni\u00f3n-Anual-Red-de-Actividad-F\u00edsica-de-las-Am\u00e9ricas-2-300x200.jpg 300w\" sizes=\"auto, (max-width: 697px) 100vw, 697px\" \/><\/figure><figure class=\"carousel-item\"><img loading=\"lazy\" decoding=\"async\" width=\"710\" height=\"473\" src=\"https:\/\/medicina.udd.cl\/kinesiologia-santiago\/files\/2011\/08\/X-Reuni\u00f3n-Anual-Red-de-Actividad-F\u00edsica-de-las-Am\u00e9ricas-1.jpg\" class=\"attachment-landscape_952 size-landscape_952\" alt=\"\" srcset=\"https:\/\/medicina.udd.cl\/kinesiologia-santiago\/files\/2011\/08\/X-Reuni\u00f3n-Anual-Red-de-Actividad-F\u00edsica-de-las-Am\u00e9ricas-1.jpg 710w, https:\/\/medicina.udd.cl\/kinesiologia-santiago\/files\/2011\/08\/X-Reuni\u00f3n-Anual-Red-de-Actividad-F\u00edsica-de-las-Am\u00e9ricas-1-300x200.jpg 300w\" sizes=\"auto, (max-width: 710px) 100vw, 710px\" \/><\/figure><figure class=\"carousel-item\"><img loading=\"lazy\" decoding=\"async\" width=\"680\" height=\"454\" src=\"https:\/\/medicina.udd.cl\/kinesiologia-santiago\/files\/2011\/08\/Heather-Bowles-Jaime-Leppe-y-Barbara-Ainsworth.jpg\" class=\"attachment-landscape_952 size-landscape_952\" alt=\"\" srcset=\"https:\/\/medicina.udd.cl\/kinesiologia-santiago\/files\/2011\/08\/Heather-Bowles-Jaime-Leppe-y-Barbara-Ainsworth.jpg 680w, https:\/\/medicina.udd.cl\/kinesiologia-santiago\/files\/2011\/08\/Heather-Bowles-Jaime-Leppe-y-Barbara-Ainsworth-300x200.jpg 300w\" sizes=\"auto, (max-width: 680px) 100vw, 680px\" \/><\/figure><\/div><footer class=\"carousel-footer\"><div class=\"carousel-counter\"><span class=\"carousel-counter-current\"><\/span> \/ <span class=\"carousel-counter-total\"><\/span><\/div><a class=\"carousel-control-prev\" href=\"#gallery-1\" role=\"button\" data-slide=\"prev\"><svg aria-hidden=\"true\" class=\"svg-chevron-left-dims\"><use xlink:href='https:\/\/medicina.udd.cl\/kinesiologia-santiago\/wp-content\/themes\/facultades-2018\/assets\/img\/svg\/dist\/main.svg?version=1695853099#chevron-left'><\/use><\/svg><span class=\"sr-only\">Anterior<\/span><\/a><a class=\"carousel-control-next\" href=\"#gallery-1\" role=\"button\" data-slide=\"next\"><svg aria-hidden=\"true\" class=\"svg-chevron-right-dims\"><use xlink:href='https:\/\/medicina.udd.cl\/kinesiologia-santiago\/wp-content\/themes\/facultades-2018\/assets\/img\/svg\/dist\/main.svg?version=1695853099#chevron-right'><\/use><\/svg><span class=\"sr-only\">Siguiente<\/span><\/a><\/footer><\/div>\n","protected":false},"excerpt":{"rendered":"<p>Jaime Leppe -kinesi\u00f3logo y epidemi\u00f3logo- fue invitado por la organizaci\u00f3n del encuentro como experto en investigaci\u00f3n en actividad f\u00edsica en Chile.<\/p>\n","protected":false},"author":1,"featured_media":0,"comment_status":"open","ping_status":"open","sticky":false,"template":"","format":"standard","meta":{"footnotes":""},"categories":[4],"tags":[],"class_list":["post-412","post","type-post","status-publish","format-standard","hentry","category-noticias"],"yoast_head":"<!-- This site is optimized with the Yoast SEO plugin v26.9 - https:\/\/yoast.com\/product\/yoast-seo-wordpress\/ -->\n<title>Docente particip\u00f3 en reuni\u00f3n de expertos en actividad f\u00edsica para Latinoam\u00e9rica - Kinesiolog\u00eda<\/title>\n<meta name=\"robots\" content=\"index, follow, max-snippet:-1, max-image-preview:large, max-video-preview:-1\" \/>\n<link rel=\"canonical\" href=\"https:\/\/medicina.udd.cl\/kinesiologia-santiago\/noticias\/2011\/08\/05\/docente-participo-en-reunion-de-expertos-en-actividad-fisica-para-latinoamerica\/\" \/>\n<meta property=\"og:locale\" content=\"es_ES\" \/>\n<meta property=\"og:type\" content=\"article\" \/>\n<meta property=\"og:title\" content=\"Docente particip\u00f3 en reuni\u00f3n de expertos en actividad f\u00edsica para Latinoam\u00e9rica - Kinesiolog\u00eda\" \/>\n<meta property=\"og:description\" content=\"Jaime Leppe -kinesi\u00f3logo y epidemi\u00f3logo- fue invitado por la organizaci\u00f3n del encuentro como experto en investigaci\u00f3n en actividad f\u00edsica en Chile.\" \/>\n<meta property=\"og:url\" content=\"https:\/\/medicina.udd.cl\/kinesiologia-santiago\/noticias\/2011\/08\/05\/docente-participo-en-reunion-de-expertos-en-actividad-fisica-para-latinoamerica\/\" \/>\n<meta property=\"og:site_name\" content=\"Kinesiolog\u00eda\" \/>\n<meta property=\"article:published_time\" content=\"2011-08-05T19:16:06+00:00\" \/>\n<meta property=\"article:modified_time\" content=\"2011-08-05T19:16:43+00:00\" \/>\n<meta property=\"og:image\" content=\"https:\/\/medicina.udd.cl\/kinesiologia-santiago\/files\/2011\/08\/X-Reuni\u00f3n-Anual-Red-de-Actividad-F\u00edsica-de-las-Am\u00e9ricas-2.jpg\" \/>\n<meta name=\"author\" content=\"admin\" \/>\n<meta name=\"twitter:label1\" content=\"Escrito por\" \/>\n\t<meta name=\"twitter:data1\" content=\"admin\" \/>\n\t<meta name=\"twitter:label2\" content=\"Tiempo de lectura\" \/>\n\t<meta name=\"twitter:data2\" content=\"1 minuto\" \/>\n<script type=\"application\/ld+json\" class=\"yoast-schema-graph\">{\"@context\":\"https:\/\/schema.org\",\"@graph\":[{\"@type\":\"Article\",\"@id\":\"https:\/\/medicina.udd.cl\/kinesiologia-santiago\/noticias\/2011\/08\/05\/docente-participo-en-reunion-de-expertos-en-actividad-fisica-para-latinoamerica\/#article\",\"isPartOf\":{\"@id\":\"https:\/\/medicina.udd.cl\/kinesiologia-santiago\/noticias\/2011\/08\/05\/docente-participo-en-reunion-de-expertos-en-actividad-fisica-para-latinoamerica\/\"},\"author\":{\"name\":\"admin\",\"@id\":\"https:\/\/medicina.udd.cl\/kinesiologia-santiago\/#\/schema\/person\/f7abfa784c86da427e89287831f96ab7\"},\"headline\":\"Docente particip\u00f3 en reuni\u00f3n de expertos en actividad f\u00edsica para Latinoam\u00e9rica\",\"datePublished\":\"2011-08-05T19:16:06+00:00\",\"dateModified\":\"2011-08-05T19:16:43+00:00\",\"mainEntityOfPage\":{\"@id\":\"https:\/\/medicina.udd.cl\/kinesiologia-santiago\/noticias\/2011\/08\/05\/docente-participo-en-reunion-de-expertos-en-actividad-fisica-para-latinoamerica\/\"},\"wordCount\":240,\"commentCount\":0,\"articleSection\":[\"Noticias\"],\"inLanguage\":\"es\",\"potentialAction\":[{\"@type\":\"CommentAction\",\"name\":\"Comment\",\"target\":[\"https:\/\/medicina.udd.cl\/kinesiologia-santiago\/noticias\/2011\/08\/05\/docente-participo-en-reunion-de-expertos-en-actividad-fisica-para-latinoamerica\/#respond\"]}]},{\"@type\":\"WebPage\",\"@id\":\"https:\/\/medicina.udd.cl\/kinesiologia-santiago\/noticias\/2011\/08\/05\/docente-participo-en-reunion-de-expertos-en-actividad-fisica-para-latinoamerica\/\",\"url\":\"https:\/\/medicina.udd.cl\/kinesiologia-santiago\/noticias\/2011\/08\/05\/docente-participo-en-reunion-de-expertos-en-actividad-fisica-para-latinoamerica\/\",\"name\":\"Docente particip\u00f3 en reuni\u00f3n de expertos en actividad f\u00edsica para Latinoam\u00e9rica - Kinesiolog\u00eda\",\"isPartOf\":{\"@id\":\"https:\/\/medicina.udd.cl\/kinesiologia-santiago\/#website\"},\"datePublished\":\"2011-08-05T19:16:06+00:00\",\"dateModified\":\"2011-08-05T19:16:43+00:00\",\"author\":{\"@id\":\"https:\/\/medicina.udd.cl\/kinesiologia-santiago\/#\/schema\/person\/f7abfa784c86da427e89287831f96ab7\"},\"breadcrumb\":{\"@id\":\"https:\/\/medicina.udd.cl\/kinesiologia-santiago\/noticias\/2011\/08\/05\/docente-participo-en-reunion-de-expertos-en-actividad-fisica-para-latinoamerica\/#breadcrumb\"},\"inLanguage\":\"es\",\"potentialAction\":[{\"@type\":\"ReadAction\",\"target\":[\"https:\/\/medicina.udd.cl\/kinesiologia-santiago\/noticias\/2011\/08\/05\/docente-participo-en-reunion-de-expertos-en-actividad-fisica-para-latinoamerica\/\"]}]},{\"@type\":\"BreadcrumbList\",\"@id\":\"https:\/\/medicina.udd.cl\/kinesiologia-santiago\/noticias\/2011\/08\/05\/docente-participo-en-reunion-de-expertos-en-actividad-fisica-para-latinoamerica\/#breadcrumb\",\"itemListElement\":[{\"@type\":\"ListItem\",\"position\":1,\"name\":\"Home\",\"item\":\"https:\/\/medicina.udd.cl\/kinesiologia-santiago\/\"},{\"@type\":\"ListItem\",\"position\":2,\"name\":\"Docente particip\u00f3 en reuni\u00f3n de expertos en actividad f\u00edsica para Latinoam\u00e9rica\"}]},{\"@type\":\"WebSite\",\"@id\":\"https:\/\/medicina.udd.cl\/kinesiologia-santiago\/#website\",\"url\":\"https:\/\/medicina.udd.cl\/kinesiologia-santiago\/\",\"name\":\"Kinesiolog\u00eda\",\"description\":\"Facultad de Medicina Cl\u00ednica Alemana Universidad del Desarrollo\",\"inLanguage\":\"es\"},{\"@type\":\"Person\",\"@id\":\"https:\/\/medicina.udd.cl\/kinesiologia-santiago\/#\/schema\/person\/f7abfa784c86da427e89287831f96ab7\",\"name\":\"admin\",\"image\":{\"@type\":\"ImageObject\",\"inLanguage\":\"es\",\"@id\":\"https:\/\/medicina.udd.cl\/kinesiologia-santiago\/#\/schema\/person\/image\/\",\"url\":\"https:\/\/secure.gravatar.com\/avatar\/3cb6da298954dfb54457c0910b8c9ca010abd8d87a60f7d701b6ce4254e1c642?s=96&d=mm&r=g\",\"contentUrl\":\"https:\/\/secure.gravatar.com\/avatar\/3cb6da298954dfb54457c0910b8c9ca010abd8d87a60f7d701b6ce4254e1c642?s=96&d=mm&r=g\",\"caption\":\"admin\"},\"url\":\"https:\/\/medicina.udd.cl\/kinesiologia-santiago\/noticias\/author\/admin\/\"}]}<\/script>\n<!-- \/ Yoast SEO plugin. -->","yoast_head_json":{"title":"Docente particip\u00f3 en reuni\u00f3n de expertos en actividad f\u00edsica para Latinoam\u00e9rica - Kinesiolog\u00eda","robots":{"index":"index","follow":"follow","max-snippet":"max-snippet:-1","max-image-preview":"max-image-preview:large","max-video-preview":"max-video-preview:-1"},"canonical":"https:\/\/medicina.udd.cl\/kinesiologia-santiago\/noticias\/2011\/08\/05\/docente-participo-en-reunion-de-expertos-en-actividad-fisica-para-latinoamerica\/","og_locale":"es_ES","og_type":"article","og_title":"Docente particip\u00f3 en reuni\u00f3n de expertos en actividad f\u00edsica para Latinoam\u00e9rica - Kinesiolog\u00eda","og_description":"Jaime Leppe -kinesi\u00f3logo y epidemi\u00f3logo- fue invitado por la organizaci\u00f3n del encuentro como experto en investigaci\u00f3n en actividad f\u00edsica en Chile.","og_url":"https:\/\/medicina.udd.cl\/kinesiologia-santiago\/noticias\/2011\/08\/05\/docente-participo-en-reunion-de-expertos-en-actividad-fisica-para-latinoamerica\/","og_site_name":"Kinesiolog\u00eda","article_published_time":"2011-08-05T19:16:06+00:00","article_modified_time":"2011-08-05T19:16:43+00:00","og_image":[{"url":"https:\/\/medicina.udd.cl\/kinesiologia-santiago\/files\/2011\/08\/X-Reuni\u00f3n-Anual-Red-de-Actividad-F\u00edsica-de-las-Am\u00e9ricas-2.jpg","type":"","width":"","height":""}],"author":"admin","twitter_misc":{"Escrito por":"admin","Tiempo de lectura":"1 minuto"},"schema":{"@context":"https:\/\/schema.org","@graph":[{"@type":"Article","@id":"https:\/\/medicina.udd.cl\/kinesiologia-santiago\/noticias\/2011\/08\/05\/docente-participo-en-reunion-de-expertos-en-actividad-fisica-para-latinoamerica\/#article","isPartOf":{"@id":"https:\/\/medicina.udd.cl\/kinesiologia-santiago\/noticias\/2011\/08\/05\/docente-participo-en-reunion-de-expertos-en-actividad-fisica-para-latinoamerica\/"},"author":{"name":"admin","@id":"https:\/\/medicina.udd.cl\/kinesiologia-santiago\/#\/schema\/person\/f7abfa784c86da427e89287831f96ab7"},"headline":"Docente particip\u00f3 en reuni\u00f3n de expertos en actividad f\u00edsica para Latinoam\u00e9rica","datePublished":"2011-08-05T19:16:06+00:00","dateModified":"2011-08-05T19:16:43+00:00","mainEntityOfPage":{"@id":"https:\/\/medicina.udd.cl\/kinesiologia-santiago\/noticias\/2011\/08\/05\/docente-participo-en-reunion-de-expertos-en-actividad-fisica-para-latinoamerica\/"},"wordCount":240,"commentCount":0,"articleSection":["Noticias"],"inLanguage":"es","potentialAction":[{"@type":"CommentAction","name":"Comment","target":["https:\/\/medicina.udd.cl\/kinesiologia-santiago\/noticias\/2011\/08\/05\/docente-participo-en-reunion-de-expertos-en-actividad-fisica-para-latinoamerica\/#respond"]}]},{"@type":"WebPage","@id":"https:\/\/medicina.udd.cl\/kinesiologia-santiago\/noticias\/2011\/08\/05\/docente-participo-en-reunion-de-expertos-en-actividad-fisica-para-latinoamerica\/","url":"https:\/\/medicina.udd.cl\/kinesiologia-santiago\/noticias\/2011\/08\/05\/docente-participo-en-reunion-de-expertos-en-actividad-fisica-para-latinoamerica\/","name":"Docente particip\u00f3 en reuni\u00f3n de expertos en actividad f\u00edsica para Latinoam\u00e9rica - Kinesiolog\u00eda","isPartOf":{"@id":"https:\/\/medicina.udd.cl\/kinesiologia-santiago\/#website"},"datePublished":"2011-08-05T19:16:06+00:00","dateModified":"2011-08-05T19:16:43+00:00","author":{"@id":"https:\/\/medicina.udd.cl\/kinesiologia-santiago\/#\/schema\/person\/f7abfa784c86da427e89287831f96ab7"},"breadcrumb":{"@id":"https:\/\/medicina.udd.cl\/kinesiologia-santiago\/noticias\/2011\/08\/05\/docente-participo-en-reunion-de-expertos-en-actividad-fisica-para-latinoamerica\/#breadcrumb"},"inLanguage":"es","potentialAction":[{"@type":"ReadAction","target":["https:\/\/medicina.udd.cl\/kinesiologia-santiago\/noticias\/2011\/08\/05\/docente-participo-en-reunion-de-expertos-en-actividad-fisica-para-latinoamerica\/"]}]},{"@type":"BreadcrumbList","@id":"https:\/\/medicina.udd.cl\/kinesiologia-santiago\/noticias\/2011\/08\/05\/docente-participo-en-reunion-de-expertos-en-actividad-fisica-para-latinoamerica\/#breadcrumb","itemListElement":[{"@type":"ListItem","position":1,"name":"Home","item":"https:\/\/medicina.udd.cl\/kinesiologia-santiago\/"},{"@type":"ListItem","position":2,"name":"Docente particip\u00f3 en reuni\u00f3n de expertos en actividad f\u00edsica para Latinoam\u00e9rica"}]},{"@type":"WebSite","@id":"https:\/\/medicina.udd.cl\/kinesiologia-santiago\/#website","url":"https:\/\/medicina.udd.cl\/kinesiologia-santiago\/","name":"Kinesiolog\u00eda","description":"Facultad de Medicina Cl\u00ednica Alemana Universidad del Desarrollo","inLanguage":"es"},{"@type":"Person","@id":"https:\/\/medicina.udd.cl\/kinesiologia-santiago\/#\/schema\/person\/f7abfa784c86da427e89287831f96ab7","name":"admin","image":{"@type":"ImageObject","inLanguage":"es","@id":"https:\/\/medicina.udd.cl\/kinesiologia-santiago\/#\/schema\/person\/image\/","url":"https:\/\/secure.gravatar.com\/avatar\/3cb6da298954dfb54457c0910b8c9ca010abd8d87a60f7d701b6ce4254e1c642?s=96&d=mm&r=g","contentUrl":"https:\/\/secure.gravatar.com\/avatar\/3cb6da298954dfb54457c0910b8c9ca010abd8d87a60f7d701b6ce4254e1c642?s=96&d=mm&r=g","caption":"admin"},"url":"https:\/\/medicina.udd.cl\/kinesiologia-santiago\/noticias\/author\/admin\/"}]}},"featured_image_url":null,"_links":{"self":[{"href":"https:\/\/medicina.udd.cl\/kinesiologia-santiago\/wp-json\/wp\/v2\/posts\/412","targetHints":{"allow":["GET"]}}],"collection":[{"href":"https:\/\/medicina.udd.cl\/kinesiologia-santiago\/wp-json\/wp\/v2\/posts"}],"about":[{"href":"https:\/\/medicina.udd.cl\/kinesiologia-santiago\/wp-json\/wp\/v2\/types\/post"}],"author":[{"embeddable":true,"href":"https:\/\/medicina.udd.cl\/kinesiologia-santiago\/wp-json\/wp\/v2\/users\/1"}],"replies":[{"embeddable":true,"href":"https:\/\/medicina.udd.cl\/kinesiologia-santiago\/wp-json\/wp\/v2\/comments?post=412"}],"version-history":[{"count":2,"href":"https:\/\/medicina.udd.cl\/kinesiologia-santiago\/wp-json\/wp\/v2\/posts\/412\/revisions"}],"predecessor-version":[{"id":417,"href":"https:\/\/medicina.udd.cl\/kinesiologia-santiago\/wp-json\/wp\/v2\/posts\/412\/revisions\/417"}],"wp:attachment":[{"href":"https:\/\/medicina.udd.cl\/kinesiologia-santiago\/wp-json\/wp\/v2\/media?parent=412"}],"wp:term":[{"taxonomy":"category","embeddable":true,"href":"https:\/\/medicina.udd.cl\/kinesiologia-santiago\/wp-json\/wp\/v2\/categories?post=412"},{"taxonomy":"post_tag","embeddable":true,"href":"https:\/\/medicina.udd.cl\/kinesiologia-santiago\/wp-json\/wp\/v2\/tags?post=412"}],"curies":[{"name":"wp","href":"https:\/\/api.w.org\/{rel}","templated":true}]}}