{"id":429,"date":"2011-10-14T12:23:25","date_gmt":"2011-10-14T15:23:25","guid":{"rendered":"http:\/\/medicina.udd.cl\/kinesiologia-santiago\/?p=429"},"modified":"2011-10-14T12:39:16","modified_gmt":"2011-10-14T15:39:16","slug":"reunion-de-docentes-de-kinesiologia","status":"publish","type":"post","link":"https:\/\/medicina.udd.cl\/kinesiologia-santiago\/noticias\/2011\/10\/14\/reunion-de-docentes-de-kinesiologia\/","title":{"rendered":"Reuni\u00f3n de docentes de Kinesiolog\u00eda"},"content":{"rendered":"<div id=\"gallery-1\" class=\"carousel slide carousel-gallery\" data-ride=\"false\" data-interval=\"false\"><div class=\"carousel-inner\" role=\"listbox\"><figure class=\"carousel-item active\"><img loading=\"lazy\" decoding=\"async\" width=\"355\" height=\"243\" src=\"https:\/\/medicina.udd.cl\/kinesiologia-santiago\/files\/2011\/10\/7-e1318606258266.jpg\" class=\"attachment-landscape_952 size-landscape_952\" alt=\"\" srcset=\"https:\/\/medicina.udd.cl\/kinesiologia-santiago\/files\/2011\/10\/7-e1318606258266.jpg 355w, https:\/\/medicina.udd.cl\/kinesiologia-santiago\/files\/2011\/10\/7-e1318606258266-300x205.jpg 300w\" sizes=\"auto, (max-width: 355px) 100vw, 355px\" \/><\/figure><figure class=\"carousel-item\"><img loading=\"lazy\" decoding=\"async\" width=\"405\" height=\"304\" src=\"https:\/\/medicina.udd.cl\/kinesiologia-santiago\/files\/2011\/10\/6.jpg\" class=\"attachment-landscape_952 size-landscape_952\" alt=\"\" srcset=\"https:\/\/medicina.udd.cl\/kinesiologia-santiago\/files\/2011\/10\/6.jpg 405w, https:\/\/medicina.udd.cl\/kinesiologia-santiago\/files\/2011\/10\/6-300x225.jpg 300w\" sizes=\"auto, (max-width: 405px) 100vw, 405px\" \/><\/figure><figure class=\"carousel-item\"><img loading=\"lazy\" decoding=\"async\" width=\"301\" height=\"194\" src=\"https:\/\/medicina.udd.cl\/kinesiologia-santiago\/files\/2011\/10\/5-e1318606281577.jpg\" class=\"attachment-landscape_952 size-landscape_952\" alt=\"\" srcset=\"https:\/\/medicina.udd.cl\/kinesiologia-santiago\/files\/2011\/10\/5-e1318606281577.jpg 301w, https:\/\/medicina.udd.cl\/kinesiologia-santiago\/files\/2011\/10\/5-e1318606281577-300x194.jpg 300w, https:\/\/medicina.udd.cl\/kinesiologia-santiago\/files\/2011\/10\/5-e1318606281577-125x80.jpg 125w\" sizes=\"auto, (max-width: 301px) 100vw, 301px\" \/><\/figure><figure class=\"carousel-item\"><img loading=\"lazy\" decoding=\"async\" width=\"347\" height=\"226\" src=\"https:\/\/medicina.udd.cl\/kinesiologia-santiago\/files\/2011\/10\/4-e1318606752506.jpg\" class=\"attachment-landscape_952 size-landscape_952\" alt=\"\" srcset=\"https:\/\/medicina.udd.cl\/kinesiologia-santiago\/files\/2011\/10\/4-e1318606752506.jpg 347w, https:\/\/medicina.udd.cl\/kinesiologia-santiago\/files\/2011\/10\/4-e1318606752506-300x195.jpg 300w, https:\/\/medicina.udd.cl\/kinesiologia-santiago\/files\/2011\/10\/4-e1318606752506-125x80.jpg 125w, https:\/\/medicina.udd.cl\/kinesiologia-santiago\/files\/2011\/10\/4-e1318606752506-340x220.jpg 340w\" sizes=\"auto, (max-width: 347px) 100vw, 347px\" \/><\/figure><figure class=\"carousel-item\"><img loading=\"lazy\" decoding=\"async\" width=\"368\" height=\"276\" src=\"https:\/\/medicina.udd.cl\/kinesiologia-santiago\/files\/2011\/10\/3.jpg\" class=\"attachment-landscape_952 size-landscape_952\" alt=\"\" srcset=\"https:\/\/medicina.udd.cl\/kinesiologia-santiago\/files\/2011\/10\/3.jpg 368w, https:\/\/medicina.udd.cl\/kinesiologia-santiago\/files\/2011\/10\/3-300x225.jpg 300w\" sizes=\"auto, (max-width: 368px) 100vw, 368px\" \/><\/figure><figure class=\"carousel-item\"><img loading=\"lazy\" decoding=\"async\" width=\"319\" height=\"239\" src=\"https:\/\/medicina.udd.cl\/kinesiologia-santiago\/files\/2011\/10\/2.jpg\" class=\"attachment-landscape_952 size-landscape_952\" alt=\"\" srcset=\"https:\/\/medicina.udd.cl\/kinesiologia-santiago\/files\/2011\/10\/2.jpg 319w, https:\/\/medicina.udd.cl\/kinesiologia-santiago\/files\/2011\/10\/2-300x225.jpg 300w\" sizes=\"auto, (max-width: 319px) 100vw, 319px\" \/><\/figure><figure class=\"carousel-item\"><img loading=\"lazy\" decoding=\"async\" width=\"397\" height=\"298\" src=\"https:\/\/medicina.udd.cl\/kinesiologia-santiago\/files\/2011\/10\/1.jpg\" class=\"attachment-landscape_952 size-landscape_952\" alt=\"\" srcset=\"https:\/\/medicina.udd.cl\/kinesiologia-santiago\/files\/2011\/10\/1.jpg 397w, https:\/\/medicina.udd.cl\/kinesiologia-santiago\/files\/2011\/10\/1-300x225.jpg 300w\" sizes=\"auto, (max-width: 397px) 100vw, 397px\" \/><\/figure><\/div><footer class=\"carousel-footer\"><div class=\"carousel-counter\"><span class=\"carousel-counter-current\"><\/span> \/ <span class=\"carousel-counter-total\"><\/span><\/div><a class=\"carousel-control-prev\" href=\"#gallery-1\" role=\"button\" data-slide=\"prev\"><svg aria-hidden=\"true\" class=\"svg-chevron-left-dims\"><use xlink:href='https:\/\/medicina.udd.cl\/kinesiologia-santiago\/wp-content\/themes\/facultades-2018\/assets\/img\/svg\/dist\/main.svg?version=1695853099#chevron-left'><\/use><\/svg><span class=\"sr-only\">Anterior<\/span><\/a><a class=\"carousel-control-next\" href=\"#gallery-1\" role=\"button\" data-slide=\"next\"><svg aria-hidden=\"true\" class=\"svg-chevron-right-dims\"><use xlink:href='https:\/\/medicina.udd.cl\/kinesiologia-santiago\/wp-content\/themes\/facultades-2018\/assets\/img\/svg\/dist\/main.svg?version=1695853099#chevron-right'><\/use><\/svg><span class=\"sr-only\">Siguiente<\/span><\/a><\/footer><\/div>\n<p style=\"text-align: justify;\">El director\u00a0de Kinesiolog\u00eda, Jorge Molina, convoc\u00f3\u00a0a los docentes\u00a0a una\u00a0 gran cena para compartir inquietudes, conocerse y profundizar lazos que permitir\u00e1n\u00a0fortalecer el trabajo integrado de los diferentes equipos que conforman\u00a0la carrera.<\/p>\n<p style=\"text-align: justify;\">Durante el encuentro, se present\u00f3\u00a0el modelo educativo y el crecimiento sostenido de la carrera. Adem\u00e1s, se dieron a conocer\u00a0los logros alcanzados, agradeciendo el trabajo realizado por los docentes de todas las \u00e1reas.<\/p>\n<p style=\"text-align: justify;\">Finalmente, se hizo extensiva la invitaci\u00f3n a\u00a0seguir por la senda del \u201c amor\u00a0al\u00a0trabajo bien hecho\u201d para continuar con el desarrollo de\u00a0la carrera.<\/p>\n<p style=\"text-align: justify;\">Por su parte, se entregaron los reconocimientos\u00a0de categorizaci\u00f3n acad\u00e9mica de acuerdo a lo resuelto por la comisi\u00f3n de evaluaci\u00f3n acad\u00e9mica de\u00a0la Facultad de Medicina\u00a0para algunos de nuestros docentes.<\/p>\n","protected":false},"excerpt":{"rendered":"<p>Auoridades y profesores de la carrera de Kinesiolog\u00eda celebran cena de camarader\u00eda y refuerzan compromisos con la instituci\u00f3n.<\/p>\n","protected":false},"author":1,"featured_media":0,"comment_status":"open","ping_status":"open","sticky":false,"template":"","format":"standard","meta":{"footnotes":""},"categories":[4],"tags":[],"class_list":["post-429","post","type-post","status-publish","format-standard","hentry","category-noticias"],"yoast_head":"<!-- This site is optimized with the Yoast SEO plugin v26.9 - https:\/\/yoast.com\/product\/yoast-seo-wordpress\/ -->\n<title>Reuni\u00f3n de docentes de Kinesiolog\u00eda - Kinesiolog\u00eda<\/title>\n<meta name=\"robots\" content=\"index, follow, max-snippet:-1, max-image-preview:large, max-video-preview:-1\" \/>\n<link rel=\"canonical\" href=\"https:\/\/medicina.udd.cl\/kinesiologia-santiago\/noticias\/2011\/10\/14\/reunion-de-docentes-de-kinesiologia\/\" \/>\n<meta property=\"og:locale\" content=\"es_ES\" \/>\n<meta property=\"og:type\" content=\"article\" \/>\n<meta property=\"og:title\" content=\"Reuni\u00f3n de docentes de Kinesiolog\u00eda - Kinesiolog\u00eda\" \/>\n<meta property=\"og:description\" content=\"Auoridades y profesores de la carrera de Kinesiolog\u00eda celebran cena de camarader\u00eda y refuerzan compromisos con la instituci\u00f3n.\" \/>\n<meta property=\"og:url\" content=\"https:\/\/medicina.udd.cl\/kinesiologia-santiago\/noticias\/2011\/10\/14\/reunion-de-docentes-de-kinesiologia\/\" \/>\n<meta property=\"og:site_name\" content=\"Kinesiolog\u00eda\" \/>\n<meta property=\"article:published_time\" content=\"2011-10-14T15:23:25+00:00\" \/>\n<meta property=\"article:modified_time\" content=\"2011-10-14T15:39:16+00:00\" \/>\n<meta property=\"og:image\" content=\"https:\/\/medicina.udd.cl\/kinesiologia-santiago\/files\/2011\/10\/7-e1318606258266.jpg\" \/>\n<meta name=\"author\" content=\"admin\" \/>\n<meta name=\"twitter:label1\" content=\"Escrito por\" \/>\n\t<meta name=\"twitter:data1\" content=\"admin\" \/>\n\t<meta name=\"twitter:label2\" content=\"Tiempo de lectura\" \/>\n\t<meta name=\"twitter:data2\" content=\"1 minuto\" \/>\n<script type=\"application\/ld+json\" class=\"yoast-schema-graph\">{\"@context\":\"https:\/\/schema.org\",\"@graph\":[{\"@type\":\"Article\",\"@id\":\"https:\/\/medicina.udd.cl\/kinesiologia-santiago\/noticias\/2011\/10\/14\/reunion-de-docentes-de-kinesiologia\/#article\",\"isPartOf\":{\"@id\":\"https:\/\/medicina.udd.cl\/kinesiologia-santiago\/noticias\/2011\/10\/14\/reunion-de-docentes-de-kinesiologia\/\"},\"author\":{\"name\":\"admin\",\"@id\":\"https:\/\/medicina.udd.cl\/kinesiologia-santiago\/#\/schema\/person\/f7abfa784c86da427e89287831f96ab7\"},\"headline\":\"Reuni\u00f3n de docentes de Kinesiolog\u00eda\",\"datePublished\":\"2011-10-14T15:23:25+00:00\",\"dateModified\":\"2011-10-14T15:39:16+00:00\",\"mainEntityOfPage\":{\"@id\":\"https:\/\/medicina.udd.cl\/kinesiologia-santiago\/noticias\/2011\/10\/14\/reunion-de-docentes-de-kinesiologia\/\"},\"wordCount\":144,\"commentCount\":0,\"articleSection\":[\"Noticias\"],\"inLanguage\":\"es\",\"potentialAction\":[{\"@type\":\"CommentAction\",\"name\":\"Comment\",\"target\":[\"https:\/\/medicina.udd.cl\/kinesiologia-santiago\/noticias\/2011\/10\/14\/reunion-de-docentes-de-kinesiologia\/#respond\"]}]},{\"@type\":\"WebPage\",\"@id\":\"https:\/\/medicina.udd.cl\/kinesiologia-santiago\/noticias\/2011\/10\/14\/reunion-de-docentes-de-kinesiologia\/\",\"url\":\"https:\/\/medicina.udd.cl\/kinesiologia-santiago\/noticias\/2011\/10\/14\/reunion-de-docentes-de-kinesiologia\/\",\"name\":\"Reuni\u00f3n de docentes de Kinesiolog\u00eda - Kinesiolog\u00eda\",\"isPartOf\":{\"@id\":\"https:\/\/medicina.udd.cl\/kinesiologia-santiago\/#website\"},\"datePublished\":\"2011-10-14T15:23:25+00:00\",\"dateModified\":\"2011-10-14T15:39:16+00:00\",\"author\":{\"@id\":\"https:\/\/medicina.udd.cl\/kinesiologia-santiago\/#\/schema\/person\/f7abfa784c86da427e89287831f96ab7\"},\"breadcrumb\":{\"@id\":\"https:\/\/medicina.udd.cl\/kinesiologia-santiago\/noticias\/2011\/10\/14\/reunion-de-docentes-de-kinesiologia\/#breadcrumb\"},\"inLanguage\":\"es\",\"potentialAction\":[{\"@type\":\"ReadAction\",\"target\":[\"https:\/\/medicina.udd.cl\/kinesiologia-santiago\/noticias\/2011\/10\/14\/reunion-de-docentes-de-kinesiologia\/\"]}]},{\"@type\":\"BreadcrumbList\",\"@id\":\"https:\/\/medicina.udd.cl\/kinesiologia-santiago\/noticias\/2011\/10\/14\/reunion-de-docentes-de-kinesiologia\/#breadcrumb\",\"itemListElement\":[{\"@type\":\"ListItem\",\"position\":1,\"name\":\"Home\",\"item\":\"https:\/\/medicina.udd.cl\/kinesiologia-santiago\/\"},{\"@type\":\"ListItem\",\"position\":2,\"name\":\"Reuni\u00f3n de docentes de Kinesiolog\u00eda\"}]},{\"@type\":\"WebSite\",\"@id\":\"https:\/\/medicina.udd.cl\/kinesiologia-santiago\/#website\",\"url\":\"https:\/\/medicina.udd.cl\/kinesiologia-santiago\/\",\"name\":\"Kinesiolog\u00eda\",\"description\":\"Facultad de Medicina Cl\u00ednica Alemana Universidad del Desarrollo\",\"inLanguage\":\"es\"},{\"@type\":\"Person\",\"@id\":\"https:\/\/medicina.udd.cl\/kinesiologia-santiago\/#\/schema\/person\/f7abfa784c86da427e89287831f96ab7\",\"name\":\"admin\",\"image\":{\"@type\":\"ImageObject\",\"inLanguage\":\"es\",\"@id\":\"https:\/\/medicina.udd.cl\/kinesiologia-santiago\/#\/schema\/person\/image\/\",\"url\":\"https:\/\/secure.gravatar.com\/avatar\/3cb6da298954dfb54457c0910b8c9ca010abd8d87a60f7d701b6ce4254e1c642?s=96&d=mm&r=g\",\"contentUrl\":\"https:\/\/secure.gravatar.com\/avatar\/3cb6da298954dfb54457c0910b8c9ca010abd8d87a60f7d701b6ce4254e1c642?s=96&d=mm&r=g\",\"caption\":\"admin\"},\"url\":\"https:\/\/medicina.udd.cl\/kinesiologia-santiago\/noticias\/author\/admin\/\"}]}<\/script>\n<!-- \/ Yoast SEO plugin. -->","yoast_head_json":{"title":"Reuni\u00f3n de docentes de Kinesiolog\u00eda - Kinesiolog\u00eda","robots":{"index":"index","follow":"follow","max-snippet":"max-snippet:-1","max-image-preview":"max-image-preview:large","max-video-preview":"max-video-preview:-1"},"canonical":"https:\/\/medicina.udd.cl\/kinesiologia-santiago\/noticias\/2011\/10\/14\/reunion-de-docentes-de-kinesiologia\/","og_locale":"es_ES","og_type":"article","og_title":"Reuni\u00f3n de docentes de Kinesiolog\u00eda - Kinesiolog\u00eda","og_description":"Auoridades y profesores de la carrera de Kinesiolog\u00eda celebran cena de camarader\u00eda y refuerzan compromisos con la instituci\u00f3n.","og_url":"https:\/\/medicina.udd.cl\/kinesiologia-santiago\/noticias\/2011\/10\/14\/reunion-de-docentes-de-kinesiologia\/","og_site_name":"Kinesiolog\u00eda","article_published_time":"2011-10-14T15:23:25+00:00","article_modified_time":"2011-10-14T15:39:16+00:00","og_image":[{"url":"https:\/\/medicina.udd.cl\/kinesiologia-santiago\/files\/2011\/10\/7-e1318606258266.jpg","type":"","width":"","height":""}],"author":"admin","twitter_misc":{"Escrito por":"admin","Tiempo de lectura":"1 minuto"},"schema":{"@context":"https:\/\/schema.org","@graph":[{"@type":"Article","@id":"https:\/\/medicina.udd.cl\/kinesiologia-santiago\/noticias\/2011\/10\/14\/reunion-de-docentes-de-kinesiologia\/#article","isPartOf":{"@id":"https:\/\/medicina.udd.cl\/kinesiologia-santiago\/noticias\/2011\/10\/14\/reunion-de-docentes-de-kinesiologia\/"},"author":{"name":"admin","@id":"https:\/\/medicina.udd.cl\/kinesiologia-santiago\/#\/schema\/person\/f7abfa784c86da427e89287831f96ab7"},"headline":"Reuni\u00f3n de docentes de Kinesiolog\u00eda","datePublished":"2011-10-14T15:23:25+00:00","dateModified":"2011-10-14T15:39:16+00:00","mainEntityOfPage":{"@id":"https:\/\/medicina.udd.cl\/kinesiologia-santiago\/noticias\/2011\/10\/14\/reunion-de-docentes-de-kinesiologia\/"},"wordCount":144,"commentCount":0,"articleSection":["Noticias"],"inLanguage":"es","potentialAction":[{"@type":"CommentAction","name":"Comment","target":["https:\/\/medicina.udd.cl\/kinesiologia-santiago\/noticias\/2011\/10\/14\/reunion-de-docentes-de-kinesiologia\/#respond"]}]},{"@type":"WebPage","@id":"https:\/\/medicina.udd.cl\/kinesiologia-santiago\/noticias\/2011\/10\/14\/reunion-de-docentes-de-kinesiologia\/","url":"https:\/\/medicina.udd.cl\/kinesiologia-santiago\/noticias\/2011\/10\/14\/reunion-de-docentes-de-kinesiologia\/","name":"Reuni\u00f3n de docentes de Kinesiolog\u00eda - Kinesiolog\u00eda","isPartOf":{"@id":"https:\/\/medicina.udd.cl\/kinesiologia-santiago\/#website"},"datePublished":"2011-10-14T15:23:25+00:00","dateModified":"2011-10-14T15:39:16+00:00","author":{"@id":"https:\/\/medicina.udd.cl\/kinesiologia-santiago\/#\/schema\/person\/f7abfa784c86da427e89287831f96ab7"},"breadcrumb":{"@id":"https:\/\/medicina.udd.cl\/kinesiologia-santiago\/noticias\/2011\/10\/14\/reunion-de-docentes-de-kinesiologia\/#breadcrumb"},"inLanguage":"es","potentialAction":[{"@type":"ReadAction","target":["https:\/\/medicina.udd.cl\/kinesiologia-santiago\/noticias\/2011\/10\/14\/reunion-de-docentes-de-kinesiologia\/"]}]},{"@type":"BreadcrumbList","@id":"https:\/\/medicina.udd.cl\/kinesiologia-santiago\/noticias\/2011\/10\/14\/reunion-de-docentes-de-kinesiologia\/#breadcrumb","itemListElement":[{"@type":"ListItem","position":1,"name":"Home","item":"https:\/\/medicina.udd.cl\/kinesiologia-santiago\/"},{"@type":"ListItem","position":2,"name":"Reuni\u00f3n de docentes de Kinesiolog\u00eda"}]},{"@type":"WebSite","@id":"https:\/\/medicina.udd.cl\/kinesiologia-santiago\/#website","url":"https:\/\/medicina.udd.cl\/kinesiologia-santiago\/","name":"Kinesiolog\u00eda","description":"Facultad de Medicina Cl\u00ednica Alemana Universidad del Desarrollo","inLanguage":"es"},{"@type":"Person","@id":"https:\/\/medicina.udd.cl\/kinesiologia-santiago\/#\/schema\/person\/f7abfa784c86da427e89287831f96ab7","name":"admin","image":{"@type":"ImageObject","inLanguage":"es","@id":"https:\/\/medicina.udd.cl\/kinesiologia-santiago\/#\/schema\/person\/image\/","url":"https:\/\/secure.gravatar.com\/avatar\/3cb6da298954dfb54457c0910b8c9ca010abd8d87a60f7d701b6ce4254e1c642?s=96&d=mm&r=g","contentUrl":"https:\/\/secure.gravatar.com\/avatar\/3cb6da298954dfb54457c0910b8c9ca010abd8d87a60f7d701b6ce4254e1c642?s=96&d=mm&r=g","caption":"admin"},"url":"https:\/\/medicina.udd.cl\/kinesiologia-santiago\/noticias\/author\/admin\/"}]}},"featured_image_url":null,"_links":{"self":[{"href":"https:\/\/medicina.udd.cl\/kinesiologia-santiago\/wp-json\/wp\/v2\/posts\/429","targetHints":{"allow":["GET"]}}],"collection":[{"href":"https:\/\/medicina.udd.cl\/kinesiologia-santiago\/wp-json\/wp\/v2\/posts"}],"about":[{"href":"https:\/\/medicina.udd.cl\/kinesiologia-santiago\/wp-json\/wp\/v2\/types\/post"}],"author":[{"embeddable":true,"href":"https:\/\/medicina.udd.cl\/kinesiologia-santiago\/wp-json\/wp\/v2\/users\/1"}],"replies":[{"embeddable":true,"href":"https:\/\/medicina.udd.cl\/kinesiologia-santiago\/wp-json\/wp\/v2\/comments?post=429"}],"version-history":[{"count":6,"href":"https:\/\/medicina.udd.cl\/kinesiologia-santiago\/wp-json\/wp\/v2\/posts\/429\/revisions"}],"predecessor-version":[{"id":442,"href":"https:\/\/medicina.udd.cl\/kinesiologia-santiago\/wp-json\/wp\/v2\/posts\/429\/revisions\/442"}],"wp:attachment":[{"href":"https:\/\/medicina.udd.cl\/kinesiologia-santiago\/wp-json\/wp\/v2\/media?parent=429"}],"wp:term":[{"taxonomy":"category","embeddable":true,"href":"https:\/\/medicina.udd.cl\/kinesiologia-santiago\/wp-json\/wp\/v2\/categories?post=429"},{"taxonomy":"post_tag","embeddable":true,"href":"https:\/\/medicina.udd.cl\/kinesiologia-santiago\/wp-json\/wp\/v2\/tags?post=429"}],"curies":[{"name":"wp","href":"https:\/\/api.w.org\/{rel}","templated":true}]}}