{"id":4338,"date":"2019-05-09T14:00:54","date_gmt":"2019-05-09T18:00:54","guid":{"rendered":"http:\/\/medicina.udd.cl\/kinesiologia-santiago\/?p=4143"},"modified":"2019-05-09T14:00:54","modified_gmt":"2019-05-09T18:00:54","slug":"director-de-kinesiologia-udd-recibe-reconocimiento-por-su-trayectoria","status":"publish","type":"post","link":"https:\/\/medicina.udd.cl\/kinesiologia-santiago\/noticias\/2019\/05\/09\/director-de-kinesiologia-udd-recibe-reconocimiento-por-su-trayectoria\/","title":{"rendered":"Director de Kinesiolog\u00eda UDD recibe reconocimiento por su trayectoria"},"content":{"rendered":"<p><a href=\"http:\/\/medicina.udd.cl\/kinesiologia-santiago\/files\/2019\/05\/Imagen1.png\"><img loading=\"lazy\" decoding=\"async\" class=\"size-medium wp-image-4170 aligncenter\" src=\"http:\/\/medicina.udd.cl\/kinesiologia-santiago\/files\/2019\/05\/Imagen1-300x139.png\" alt=\"\" width=\"300\" height=\"139\" srcset=\"https:\/\/medicina.udd.cl\/kinesiologia-santiago\/files\/2019\/05\/Imagen1-300x139.png 300w, https:\/\/medicina.udd.cl\/kinesiologia-santiago\/files\/2019\/05\/Imagen1.png 737w\" sizes=\"auto, (max-width: 300px) 100vw, 300px\" \/><\/a><\/p>\n<p>El pasado 6 de mayo, d\u00eda del Kinesi\u00f3logo, la Sociedad Chilena de Medicina Intensiva (SOCHIMI) entreg\u00f3 un reconocimiento al director de la Carrera de Kinesiolog\u00eda de la Facultad de Medicina Cl\u00ednica Alemana Universidad del Desarrollo, Jorge Molina, por su incansable profesionalismo a lo largo de su carrera.<\/p>\n<p>\u201cPara m\u00ed es un orgullo y una satisfacci\u00f3n tremenda este reconocimiento. Lo recibo con humildad, pensando que hay que seguir trabajando y aportando al desarrollo de la profesi\u00f3n; tambi\u00e9n hago un llamado a mis estudiantes, a laborar todos los a\u00f1os seriamente, buscando constantemente mejores resultados que permitan transmitir conocimientos entre pares, y hagan de nuestra universidad y carrera, un referente para todo Chile\u201d, expres\u00f3, Jorge Molina, quien adem\u00e1s es fundador e integrante del comit\u00e9 cient\u00edfico de SOCHIMI.<\/p>\n<p>Es importante destacar que, durante su carrera como kinesi\u00f3logo, Molina se ha desempe\u00f1ado como miembro del Directorio Departamento Nacional Acreditaci\u00f3n de Kinesi\u00f3logos Especialistas (DENAKE) y colaborador en el Programa de Certificaci\u00f3n en Terapia Respiratoria (LABPCRT).<\/p>\n","protected":false},"excerpt":{"rendered":"<p>En el marco de la celebraci\u00f3n del d\u00eda del Kinesi\u00f3logo, la Sociedad Chilena de Medicina Intensiva entreg\u00f3 distinci\u00f3n a Jorge Molina Blamey<\/p>\n","protected":false},"author":9192218,"featured_media":4396,"comment_status":"open","ping_status":"open","sticky":false,"template":"","format":"standard","meta":{"footnotes":""},"categories":[4],"tags":[],"class_list":["post-4338","post","type-post","status-publish","format-standard","has-post-thumbnail","hentry","category-noticias"],"yoast_head":"<!-- This site is optimized with the Yoast SEO plugin v26.9 - https:\/\/yoast.com\/product\/yoast-seo-wordpress\/ -->\n<title>Director de Kinesiolog\u00eda UDD recibe reconocimiento por su trayectoria - Kinesiolog\u00eda<\/title>\n<meta name=\"robots\" content=\"index, follow, max-snippet:-1, max-image-preview:large, max-video-preview:-1\" \/>\n<link rel=\"canonical\" href=\"https:\/\/medicina.udd.cl\/kinesiologia-santiago\/noticias\/2019\/05\/09\/director-de-kinesiologia-udd-recibe-reconocimiento-por-su-trayectoria\/\" \/>\n<meta property=\"og:locale\" content=\"es_ES\" \/>\n<meta property=\"og:type\" content=\"article\" \/>\n<meta property=\"og:title\" content=\"Director de Kinesiolog\u00eda UDD recibe reconocimiento por su trayectoria - Kinesiolog\u00eda\" \/>\n<meta property=\"og:description\" content=\"En el marco de la celebraci\u00f3n del d\u00eda del Kinesi\u00f3logo, la Sociedad Chilena de Medicina Intensiva entreg\u00f3 distinci\u00f3n a Jorge Molina Blamey\" \/>\n<meta property=\"og:url\" content=\"https:\/\/medicina.udd.cl\/kinesiologia-santiago\/noticias\/2019\/05\/09\/director-de-kinesiologia-udd-recibe-reconocimiento-por-su-trayectoria\/\" \/>\n<meta property=\"og:site_name\" content=\"Kinesiolog\u00eda\" \/>\n<meta property=\"article:published_time\" content=\"2019-05-09T18:00:54+00:00\" \/>\n<meta property=\"og:image\" content=\"https:\/\/medicina.udd.cl\/kinesiologia-santiago\/files\/2019\/11\/IMG-20191126-WA0010.jpg\" \/>\n\t<meta property=\"og:image:width\" content=\"1280\" \/>\n\t<meta property=\"og:image:height\" content=\"720\" \/>\n\t<meta property=\"og:image:type\" content=\"image\/jpeg\" \/>\n<meta name=\"twitter:label1\" content=\"Escrito por\" \/>\n\t<meta name=\"twitter:data1\" content=\"\" \/>\n\t<meta name=\"twitter:label2\" content=\"Tiempo de lectura\" \/>\n\t<meta name=\"twitter:data2\" content=\"1 minuto\" \/>\n<script type=\"application\/ld+json\" class=\"yoast-schema-graph\">{\"@context\":\"https:\/\/schema.org\",\"@graph\":[{\"@type\":\"Article\",\"@id\":\"https:\/\/medicina.udd.cl\/kinesiologia-santiago\/noticias\/2019\/05\/09\/director-de-kinesiologia-udd-recibe-reconocimiento-por-su-trayectoria\/#article\",\"isPartOf\":{\"@id\":\"https:\/\/medicina.udd.cl\/kinesiologia-santiago\/noticias\/2019\/05\/09\/director-de-kinesiologia-udd-recibe-reconocimiento-por-su-trayectoria\/\"},\"author\":{\"name\":\"\",\"@id\":\"\"},\"headline\":\"Director de Kinesiolog\u00eda UDD recibe reconocimiento por su trayectoria\",\"datePublished\":\"2019-05-09T18:00:54+00:00\",\"mainEntityOfPage\":{\"@id\":\"https:\/\/medicina.udd.cl\/kinesiologia-santiago\/noticias\/2019\/05\/09\/director-de-kinesiologia-udd-recibe-reconocimiento-por-su-trayectoria\/\"},\"wordCount\":183,\"commentCount\":0,\"image\":{\"@id\":\"https:\/\/medicina.udd.cl\/kinesiologia-santiago\/noticias\/2019\/05\/09\/director-de-kinesiologia-udd-recibe-reconocimiento-por-su-trayectoria\/#primaryimage\"},\"thumbnailUrl\":\"https:\/\/medicina.udd.cl\/kinesiologia-santiago\/files\/2019\/11\/IMG-20191126-WA0010.jpg\",\"articleSection\":[\"Noticias\"],\"inLanguage\":\"es\",\"potentialAction\":[{\"@type\":\"CommentAction\",\"name\":\"Comment\",\"target\":[\"https:\/\/medicina.udd.cl\/kinesiologia-santiago\/noticias\/2019\/05\/09\/director-de-kinesiologia-udd-recibe-reconocimiento-por-su-trayectoria\/#respond\"]}]},{\"@type\":\"WebPage\",\"@id\":\"https:\/\/medicina.udd.cl\/kinesiologia-santiago\/noticias\/2019\/05\/09\/director-de-kinesiologia-udd-recibe-reconocimiento-por-su-trayectoria\/\",\"url\":\"https:\/\/medicina.udd.cl\/kinesiologia-santiago\/noticias\/2019\/05\/09\/director-de-kinesiologia-udd-recibe-reconocimiento-por-su-trayectoria\/\",\"name\":\"Director de Kinesiolog\u00eda UDD recibe reconocimiento por su trayectoria - Kinesiolog\u00eda\",\"isPartOf\":{\"@id\":\"https:\/\/medicina.udd.cl\/kinesiologia-santiago\/#website\"},\"primaryImageOfPage\":{\"@id\":\"https:\/\/medicina.udd.cl\/kinesiologia-santiago\/noticias\/2019\/05\/09\/director-de-kinesiologia-udd-recibe-reconocimiento-por-su-trayectoria\/#primaryimage\"},\"image\":{\"@id\":\"https:\/\/medicina.udd.cl\/kinesiologia-santiago\/noticias\/2019\/05\/09\/director-de-kinesiologia-udd-recibe-reconocimiento-por-su-trayectoria\/#primaryimage\"},\"thumbnailUrl\":\"https:\/\/medicina.udd.cl\/kinesiologia-santiago\/files\/2019\/11\/IMG-20191126-WA0010.jpg\",\"datePublished\":\"2019-05-09T18:00:54+00:00\",\"author\":{\"@id\":\"\"},\"breadcrumb\":{\"@id\":\"https:\/\/medicina.udd.cl\/kinesiologia-santiago\/noticias\/2019\/05\/09\/director-de-kinesiologia-udd-recibe-reconocimiento-por-su-trayectoria\/#breadcrumb\"},\"inLanguage\":\"es\",\"potentialAction\":[{\"@type\":\"ReadAction\",\"target\":[\"https:\/\/medicina.udd.cl\/kinesiologia-santiago\/noticias\/2019\/05\/09\/director-de-kinesiologia-udd-recibe-reconocimiento-por-su-trayectoria\/\"]}]},{\"@type\":\"ImageObject\",\"inLanguage\":\"es\",\"@id\":\"https:\/\/medicina.udd.cl\/kinesiologia-santiago\/noticias\/2019\/05\/09\/director-de-kinesiologia-udd-recibe-reconocimiento-por-su-trayectoria\/#primaryimage\",\"url\":\"https:\/\/medicina.udd.cl\/kinesiologia-santiago\/files\/2019\/11\/IMG-20191126-WA0010.jpg\",\"contentUrl\":\"https:\/\/medicina.udd.cl\/kinesiologia-santiago\/files\/2019\/11\/IMG-20191126-WA0010.jpg\",\"width\":1280,\"height\":720},{\"@type\":\"BreadcrumbList\",\"@id\":\"https:\/\/medicina.udd.cl\/kinesiologia-santiago\/noticias\/2019\/05\/09\/director-de-kinesiologia-udd-recibe-reconocimiento-por-su-trayectoria\/#breadcrumb\",\"itemListElement\":[{\"@type\":\"ListItem\",\"position\":1,\"name\":\"Home\",\"item\":\"https:\/\/medicina.udd.cl\/kinesiologia-santiago\/\"},{\"@type\":\"ListItem\",\"position\":2,\"name\":\"Director de Kinesiolog\u00eda UDD recibe reconocimiento por su trayectoria\"}]},{\"@type\":\"WebSite\",\"@id\":\"https:\/\/medicina.udd.cl\/kinesiologia-santiago\/#website\",\"url\":\"https:\/\/medicina.udd.cl\/kinesiologia-santiago\/\",\"name\":\"Kinesiolog\u00eda\",\"description\":\"Facultad de Medicina Cl\u00ednica Alemana Universidad del Desarrollo\",\"inLanguage\":\"es\"},{\"@type\":\"Person\",\"@id\":\"\",\"url\":\"https:\/\/medicina.udd.cl\/kinesiologia-santiago\/noticias\/author\/\"}]}<\/script>\n<!-- \/ Yoast SEO plugin. -->","yoast_head_json":{"title":"Director de Kinesiolog\u00eda UDD recibe reconocimiento por su trayectoria - Kinesiolog\u00eda","robots":{"index":"index","follow":"follow","max-snippet":"max-snippet:-1","max-image-preview":"max-image-preview:large","max-video-preview":"max-video-preview:-1"},"canonical":"https:\/\/medicina.udd.cl\/kinesiologia-santiago\/noticias\/2019\/05\/09\/director-de-kinesiologia-udd-recibe-reconocimiento-por-su-trayectoria\/","og_locale":"es_ES","og_type":"article","og_title":"Director de Kinesiolog\u00eda UDD recibe reconocimiento por su trayectoria - Kinesiolog\u00eda","og_description":"En el marco de la celebraci\u00f3n del d\u00eda del Kinesi\u00f3logo, la Sociedad Chilena de Medicina Intensiva entreg\u00f3 distinci\u00f3n a Jorge Molina Blamey","og_url":"https:\/\/medicina.udd.cl\/kinesiologia-santiago\/noticias\/2019\/05\/09\/director-de-kinesiologia-udd-recibe-reconocimiento-por-su-trayectoria\/","og_site_name":"Kinesiolog\u00eda","article_published_time":"2019-05-09T18:00:54+00:00","og_image":[{"width":1280,"height":720,"url":"https:\/\/medicina.udd.cl\/kinesiologia-santiago\/files\/2019\/11\/IMG-20191126-WA0010.jpg","type":"image\/jpeg"}],"twitter_misc":{"Escrito por":"","Tiempo de lectura":"1 minuto"},"schema":{"@context":"https:\/\/schema.org","@graph":[{"@type":"Article","@id":"https:\/\/medicina.udd.cl\/kinesiologia-santiago\/noticias\/2019\/05\/09\/director-de-kinesiologia-udd-recibe-reconocimiento-por-su-trayectoria\/#article","isPartOf":{"@id":"https:\/\/medicina.udd.cl\/kinesiologia-santiago\/noticias\/2019\/05\/09\/director-de-kinesiologia-udd-recibe-reconocimiento-por-su-trayectoria\/"},"author":{"name":"","@id":""},"headline":"Director de Kinesiolog\u00eda UDD recibe reconocimiento por su trayectoria","datePublished":"2019-05-09T18:00:54+00:00","mainEntityOfPage":{"@id":"https:\/\/medicina.udd.cl\/kinesiologia-santiago\/noticias\/2019\/05\/09\/director-de-kinesiologia-udd-recibe-reconocimiento-por-su-trayectoria\/"},"wordCount":183,"commentCount":0,"image":{"@id":"https:\/\/medicina.udd.cl\/kinesiologia-santiago\/noticias\/2019\/05\/09\/director-de-kinesiologia-udd-recibe-reconocimiento-por-su-trayectoria\/#primaryimage"},"thumbnailUrl":"https:\/\/medicina.udd.cl\/kinesiologia-santiago\/files\/2019\/11\/IMG-20191126-WA0010.jpg","articleSection":["Noticias"],"inLanguage":"es","potentialAction":[{"@type":"CommentAction","name":"Comment","target":["https:\/\/medicina.udd.cl\/kinesiologia-santiago\/noticias\/2019\/05\/09\/director-de-kinesiologia-udd-recibe-reconocimiento-por-su-trayectoria\/#respond"]}]},{"@type":"WebPage","@id":"https:\/\/medicina.udd.cl\/kinesiologia-santiago\/noticias\/2019\/05\/09\/director-de-kinesiologia-udd-recibe-reconocimiento-por-su-trayectoria\/","url":"https:\/\/medicina.udd.cl\/kinesiologia-santiago\/noticias\/2019\/05\/09\/director-de-kinesiologia-udd-recibe-reconocimiento-por-su-trayectoria\/","name":"Director de Kinesiolog\u00eda UDD recibe reconocimiento por su trayectoria - Kinesiolog\u00eda","isPartOf":{"@id":"https:\/\/medicina.udd.cl\/kinesiologia-santiago\/#website"},"primaryImageOfPage":{"@id":"https:\/\/medicina.udd.cl\/kinesiologia-santiago\/noticias\/2019\/05\/09\/director-de-kinesiologia-udd-recibe-reconocimiento-por-su-trayectoria\/#primaryimage"},"image":{"@id":"https:\/\/medicina.udd.cl\/kinesiologia-santiago\/noticias\/2019\/05\/09\/director-de-kinesiologia-udd-recibe-reconocimiento-por-su-trayectoria\/#primaryimage"},"thumbnailUrl":"https:\/\/medicina.udd.cl\/kinesiologia-santiago\/files\/2019\/11\/IMG-20191126-WA0010.jpg","datePublished":"2019-05-09T18:00:54+00:00","author":{"@id":""},"breadcrumb":{"@id":"https:\/\/medicina.udd.cl\/kinesiologia-santiago\/noticias\/2019\/05\/09\/director-de-kinesiologia-udd-recibe-reconocimiento-por-su-trayectoria\/#breadcrumb"},"inLanguage":"es","potentialAction":[{"@type":"ReadAction","target":["https:\/\/medicina.udd.cl\/kinesiologia-santiago\/noticias\/2019\/05\/09\/director-de-kinesiologia-udd-recibe-reconocimiento-por-su-trayectoria\/"]}]},{"@type":"ImageObject","inLanguage":"es","@id":"https:\/\/medicina.udd.cl\/kinesiologia-santiago\/noticias\/2019\/05\/09\/director-de-kinesiologia-udd-recibe-reconocimiento-por-su-trayectoria\/#primaryimage","url":"https:\/\/medicina.udd.cl\/kinesiologia-santiago\/files\/2019\/11\/IMG-20191126-WA0010.jpg","contentUrl":"https:\/\/medicina.udd.cl\/kinesiologia-santiago\/files\/2019\/11\/IMG-20191126-WA0010.jpg","width":1280,"height":720},{"@type":"BreadcrumbList","@id":"https:\/\/medicina.udd.cl\/kinesiologia-santiago\/noticias\/2019\/05\/09\/director-de-kinesiologia-udd-recibe-reconocimiento-por-su-trayectoria\/#breadcrumb","itemListElement":[{"@type":"ListItem","position":1,"name":"Home","item":"https:\/\/medicina.udd.cl\/kinesiologia-santiago\/"},{"@type":"ListItem","position":2,"name":"Director de Kinesiolog\u00eda UDD recibe reconocimiento por su trayectoria"}]},{"@type":"WebSite","@id":"https:\/\/medicina.udd.cl\/kinesiologia-santiago\/#website","url":"https:\/\/medicina.udd.cl\/kinesiologia-santiago\/","name":"Kinesiolog\u00eda","description":"Facultad de Medicina Cl\u00ednica Alemana Universidad del Desarrollo","inLanguage":"es"},{"@type":"Person","@id":"","url":"https:\/\/medicina.udd.cl\/kinesiologia-santiago\/noticias\/author\/"}]}},"featured_image_url":"https:\/\/medicina.udd.cl\/kinesiologia-santiago\/files\/2019\/11\/IMG-20191126-WA0010.jpg","_links":{"self":[{"href":"https:\/\/medicina.udd.cl\/kinesiologia-santiago\/wp-json\/wp\/v2\/posts\/4338","targetHints":{"allow":["GET"]}}],"collection":[{"href":"https:\/\/medicina.udd.cl\/kinesiologia-santiago\/wp-json\/wp\/v2\/posts"}],"about":[{"href":"https:\/\/medicina.udd.cl\/kinesiologia-santiago\/wp-json\/wp\/v2\/types\/post"}],"author":[{"embeddable":true,"href":"https:\/\/medicina.udd.cl\/kinesiologia-santiago\/wp-json\/wp\/v2\/users\/9192218"}],"replies":[{"embeddable":true,"href":"https:\/\/medicina.udd.cl\/kinesiologia-santiago\/wp-json\/wp\/v2\/comments?post=4338"}],"version-history":[{"count":0,"href":"https:\/\/medicina.udd.cl\/kinesiologia-santiago\/wp-json\/wp\/v2\/posts\/4338\/revisions"}],"wp:featuredmedia":[{"embeddable":true,"href":"https:\/\/medicina.udd.cl\/kinesiologia-santiago\/wp-json\/wp\/v2\/media\/4396"}],"wp:attachment":[{"href":"https:\/\/medicina.udd.cl\/kinesiologia-santiago\/wp-json\/wp\/v2\/media?parent=4338"}],"wp:term":[{"taxonomy":"category","embeddable":true,"href":"https:\/\/medicina.udd.cl\/kinesiologia-santiago\/wp-json\/wp\/v2\/categories?post=4338"},{"taxonomy":"post_tag","embeddable":true,"href":"https:\/\/medicina.udd.cl\/kinesiologia-santiago\/wp-json\/wp\/v2\/tags?post=4338"}],"curies":[{"name":"wp","href":"https:\/\/api.w.org\/{rel}","templated":true}]}}