{"id":4339,"date":"2019-05-31T16:09:35","date_gmt":"2019-05-31T20:09:35","guid":{"rendered":"http:\/\/medicina.udd.cl\/kinesiologia-santiago\/?p=4188"},"modified":"2019-12-22T22:33:13","modified_gmt":"2019-12-23T01:33:13","slug":"exitosa-participacion-de-kinesiologia-udd-en-congreso-mundial-2019","status":"publish","type":"post","link":"https:\/\/medicina.udd.cl\/kinesiologia-santiago\/noticias\/2019\/05\/31\/exitosa-participacion-de-kinesiologia-udd-en-congreso-mundial-2019\/","title":{"rendered":"Exitosa participaci\u00f3n de Kinesiolog\u00eda UDD en Congreso Mundial 2019"},"content":{"rendered":"<div id=\"gallery-1\" class=\"carousel slide carousel-gallery\" data-ride=\"false\" data-interval=\"false\"><div class=\"carousel-inner\" role=\"listbox\"><figure class=\"carousel-item active\"><img loading=\"lazy\" decoding=\"async\" width=\"952\" height=\"534\" src=\"https:\/\/medicina.udd.cl\/kinesiologia-santiago\/files\/2019\/05\/6-952x534.jpg\" class=\"attachment-landscape_952 size-landscape_952\" alt=\"\" srcset=\"https:\/\/medicina.udd.cl\/kinesiologia-santiago\/files\/2019\/05\/6-952x534.jpg 952w, https:\/\/medicina.udd.cl\/kinesiologia-santiago\/files\/2019\/05\/6-680x382.jpg 680w\" sizes=\"auto, (max-width: 952px) 100vw, 952px\" \/><\/figure><figure class=\"carousel-item\"><img loading=\"lazy\" decoding=\"async\" width=\"952\" height=\"534\" src=\"https:\/\/medicina.udd.cl\/kinesiologia-santiago\/files\/2019\/05\/3-952x534.jpg\" class=\"attachment-landscape_952 size-landscape_952\" alt=\"\" srcset=\"https:\/\/medicina.udd.cl\/kinesiologia-santiago\/files\/2019\/05\/3-952x534.jpg 952w, https:\/\/medicina.udd.cl\/kinesiologia-santiago\/files\/2019\/05\/3-680x382.jpg 680w\" sizes=\"auto, (max-width: 952px) 100vw, 952px\" \/><\/figure><figure class=\"carousel-item\"><img loading=\"lazy\" decoding=\"async\" width=\"952\" height=\"534\" src=\"https:\/\/medicina.udd.cl\/kinesiologia-santiago\/files\/2019\/05\/4-952x534.jpg\" class=\"attachment-landscape_952 size-landscape_952\" alt=\"\" srcset=\"https:\/\/medicina.udd.cl\/kinesiologia-santiago\/files\/2019\/05\/4-952x534.jpg 952w, https:\/\/medicina.udd.cl\/kinesiologia-santiago\/files\/2019\/05\/4-680x382.jpg 680w\" sizes=\"auto, (max-width: 952px) 100vw, 952px\" \/><\/figure><figure class=\"carousel-item\"><img loading=\"lazy\" decoding=\"async\" width=\"952\" height=\"534\" src=\"https:\/\/medicina.udd.cl\/kinesiologia-santiago\/files\/2019\/05\/7-952x534.jpg\" class=\"attachment-landscape_952 size-landscape_952\" alt=\"\" srcset=\"https:\/\/medicina.udd.cl\/kinesiologia-santiago\/files\/2019\/05\/7-952x534.jpg 952w, https:\/\/medicina.udd.cl\/kinesiologia-santiago\/files\/2019\/05\/7-680x382.jpg 680w\" sizes=\"auto, (max-width: 952px) 100vw, 952px\" \/><\/figure><figure class=\"carousel-item\"><img loading=\"lazy\" decoding=\"async\" width=\"952\" height=\"534\" src=\"https:\/\/medicina.udd.cl\/kinesiologia-santiago\/files\/2019\/05\/2-952x534.jpg\" class=\"attachment-landscape_952 size-landscape_952\" alt=\"\" srcset=\"https:\/\/medicina.udd.cl\/kinesiologia-santiago\/files\/2019\/05\/2-952x534.jpg 952w, https:\/\/medicina.udd.cl\/kinesiologia-santiago\/files\/2019\/05\/2-680x382.jpg 680w\" sizes=\"auto, (max-width: 952px) 100vw, 952px\" \/><\/figure><figure class=\"carousel-item\"><img loading=\"lazy\" decoding=\"async\" width=\"952\" height=\"534\" src=\"https:\/\/medicina.udd.cl\/kinesiologia-santiago\/files\/2019\/05\/Comit\u00e9-952x534.jpg\" class=\"attachment-landscape_952 size-landscape_952\" alt=\"\" srcset=\"https:\/\/medicina.udd.cl\/kinesiologia-santiago\/files\/2019\/05\/Comit\u00e9-952x534.jpg 952w, https:\/\/medicina.udd.cl\/kinesiologia-santiago\/files\/2019\/05\/Comit\u00e9-680x382.jpg 680w\" sizes=\"auto, (max-width: 952px) 100vw, 952px\" \/><\/figure><\/div><footer class=\"carousel-footer\"><div class=\"carousel-counter\"><span class=\"carousel-counter-current\"><\/span> \/ <span class=\"carousel-counter-total\"><\/span><\/div><a class=\"carousel-control-prev\" href=\"#gallery-1\" role=\"button\" data-slide=\"prev\"><svg aria-hidden=\"true\" class=\"svg-chevron-left-dims\"><use xlink:href='https:\/\/medicina.udd.cl\/kinesiologia-santiago\/wp-content\/themes\/facultades-2018\/assets\/img\/svg\/dist\/main.svg?version=1695853099#chevron-left'><\/use><\/svg><span class=\"sr-only\">Anterior<\/span><\/a><a class=\"carousel-control-next\" href=\"#gallery-1\" role=\"button\" data-slide=\"next\"><svg aria-hidden=\"true\" class=\"svg-chevron-right-dims\"><use xlink:href='https:\/\/medicina.udd.cl\/kinesiologia-santiago\/wp-content\/themes\/facultades-2018\/assets\/img\/svg\/dist\/main.svg?version=1695853099#chevron-right'><\/use><\/svg><span class=\"sr-only\">Siguiente<\/span><\/a><\/footer><\/div>\n<p>Una exitosa participaci\u00f3n logr\u00f3 la delegaci\u00f3n de representantes de la Universidad del Desarrollo en el Congreso Mundial de Kinesiolog\u00eda 2019, realizado recientemente en Ginebra, Suiza. De los 19 trabajos enviados para ser presentados, fueron seleccionados 18, los que fueron mostrados como Posters o Plataforma.<\/p>\n<p>El grupo estuvo integrado por el director del Mag\u00edster en Terapia F\u00edsica y Rehabilitaci\u00f3n (MAKI), Jaime Leppe; la coordinadora de Postgrado de Kinesiolog\u00eda UDD, Sonia Roa; las profesora Catherine Sanhueza, Mar\u00eda Jes\u00fas Mena, Isabel Grez y Loreto Durcudoy, adem\u00e1s de alumnos del MAKI.<\/p>\n<p>Cabe destacar que el trabajo del estudiante Juan G\u00f3mez, relacionado con el dolor cr\u00f3nico en el sistema musculo-esquel\u00e9tico, fue elegido adem\u00e1s para ser presentado en plataforma oral y finalmente recibi\u00f3 uno de los premios que se otorgan por continente como \u201cmejor trabajo\u201d.<\/p>\n<p>En materia de Educaci\u00f3n, tambi\u00e9n suscitaron inter\u00e9s los trabajos presentados por Mar\u00eda Jes\u00fas Mena y Catherine Sanhueza, sobre educaci\u00f3n interdisciplinaria e innovaci\u00f3n en la educaci\u00f3n, respectivamente.<\/p>\n<p>Al finalizar el Congreso, se realiz\u00f3 la elecci\u00f3n del Comit\u00e9 Ejecutivo de la Organizaci\u00f3n Internacional de Kinesiolog\u00eda en Salud de la Mujer, y Sonia Roa fue nombrada en el cargo de vicepresidenta, para los pr\u00f3ximos cuatro a\u00f1os.<\/p>\n","protected":false},"excerpt":{"rendered":"<p>El alumno del Mag\u00edster en Terapia F\u00edsica y Rehabilitaci\u00f3n, Juan G\u00f3mez, fue premiado por su trabajo sobre el dolor cr\u00f3nico en el sistema musculo-esquel\u00e9tico.<\/p>\n","protected":false},"author":9192219,"featured_media":4329,"comment_status":"open","ping_status":"open","sticky":false,"template":"","format":"standard","meta":{"footnotes":""},"categories":[4],"tags":[],"class_list":["post-4339","post","type-post","status-publish","format-standard","has-post-thumbnail","hentry","category-noticias"],"yoast_head":"<!-- This site is optimized with the Yoast SEO plugin v26.9 - https:\/\/yoast.com\/product\/yoast-seo-wordpress\/ -->\n<title>Exitosa participaci\u00f3n de Kinesiolog\u00eda UDD en Congreso Mundial 2019 - Kinesiolog\u00eda<\/title>\n<meta name=\"robots\" content=\"index, follow, max-snippet:-1, max-image-preview:large, max-video-preview:-1\" \/>\n<link rel=\"canonical\" href=\"https:\/\/medicina.udd.cl\/kinesiologia-santiago\/noticias\/2019\/05\/31\/exitosa-participacion-de-kinesiologia-udd-en-congreso-mundial-2019\/\" \/>\n<meta property=\"og:locale\" content=\"es_ES\" \/>\n<meta property=\"og:type\" content=\"article\" \/>\n<meta property=\"og:title\" content=\"Exitosa participaci\u00f3n de Kinesiolog\u00eda UDD en Congreso Mundial 2019 - Kinesiolog\u00eda\" \/>\n<meta property=\"og:description\" content=\"El alumno del Mag\u00edster en Terapia F\u00edsica y Rehabilitaci\u00f3n, Juan G\u00f3mez, fue premiado por su trabajo sobre el dolor cr\u00f3nico en el sistema musculo-esquel\u00e9tico.\" \/>\n<meta property=\"og:url\" content=\"https:\/\/medicina.udd.cl\/kinesiologia-santiago\/noticias\/2019\/05\/31\/exitosa-participacion-de-kinesiologia-udd-en-congreso-mundial-2019\/\" \/>\n<meta property=\"og:site_name\" content=\"Kinesiolog\u00eda\" \/>\n<meta property=\"article:published_time\" content=\"2019-05-31T20:09:35+00:00\" \/>\n<meta property=\"article:modified_time\" content=\"2019-12-23T01:33:13+00:00\" \/>\n<meta property=\"og:image\" content=\"https:\/\/medicina.udd.cl\/kinesiologia-santiago\/files\/2019\/05\/3.jpg\" \/>\n\t<meta property=\"og:image:width\" content=\"1058\" \/>\n\t<meta property=\"og:image:height\" content=\"788\" \/>\n\t<meta property=\"og:image:type\" content=\"image\/jpeg\" \/>\n<meta name=\"author\" content=\"rbraidy\" \/>\n<meta name=\"twitter:label1\" content=\"Escrito por\" \/>\n\t<meta name=\"twitter:data1\" content=\"rbraidy\" \/>\n\t<meta name=\"twitter:label2\" content=\"Tiempo de lectura\" \/>\n\t<meta name=\"twitter:data2\" content=\"1 minuto\" \/>\n<script type=\"application\/ld+json\" class=\"yoast-schema-graph\">{\"@context\":\"https:\/\/schema.org\",\"@graph\":[{\"@type\":\"Article\",\"@id\":\"https:\/\/medicina.udd.cl\/kinesiologia-santiago\/noticias\/2019\/05\/31\/exitosa-participacion-de-kinesiologia-udd-en-congreso-mundial-2019\/#article\",\"isPartOf\":{\"@id\":\"https:\/\/medicina.udd.cl\/kinesiologia-santiago\/noticias\/2019\/05\/31\/exitosa-participacion-de-kinesiologia-udd-en-congreso-mundial-2019\/\"},\"author\":{\"name\":\"rbraidy\",\"@id\":\"https:\/\/medicina.udd.cl\/kinesiologia-santiago\/#\/schema\/person\/dbc3705bf3a93e8be1ba6de0ef950341\"},\"headline\":\"Exitosa participaci\u00f3n de Kinesiolog\u00eda UDD en Congreso Mundial 2019\",\"datePublished\":\"2019-05-31T20:09:35+00:00\",\"dateModified\":\"2019-12-23T01:33:13+00:00\",\"mainEntityOfPage\":{\"@id\":\"https:\/\/medicina.udd.cl\/kinesiologia-santiago\/noticias\/2019\/05\/31\/exitosa-participacion-de-kinesiologia-udd-en-congreso-mundial-2019\/\"},\"wordCount\":228,\"commentCount\":0,\"image\":{\"@id\":\"https:\/\/medicina.udd.cl\/kinesiologia-santiago\/noticias\/2019\/05\/31\/exitosa-participacion-de-kinesiologia-udd-en-congreso-mundial-2019\/#primaryimage\"},\"thumbnailUrl\":\"https:\/\/medicina.udd.cl\/kinesiologia-santiago\/files\/2019\/05\/3.jpg\",\"articleSection\":[\"Noticias\"],\"inLanguage\":\"es\",\"potentialAction\":[{\"@type\":\"CommentAction\",\"name\":\"Comment\",\"target\":[\"https:\/\/medicina.udd.cl\/kinesiologia-santiago\/noticias\/2019\/05\/31\/exitosa-participacion-de-kinesiologia-udd-en-congreso-mundial-2019\/#respond\"]}]},{\"@type\":\"WebPage\",\"@id\":\"https:\/\/medicina.udd.cl\/kinesiologia-santiago\/noticias\/2019\/05\/31\/exitosa-participacion-de-kinesiologia-udd-en-congreso-mundial-2019\/\",\"url\":\"https:\/\/medicina.udd.cl\/kinesiologia-santiago\/noticias\/2019\/05\/31\/exitosa-participacion-de-kinesiologia-udd-en-congreso-mundial-2019\/\",\"name\":\"Exitosa participaci\u00f3n de Kinesiolog\u00eda UDD en Congreso Mundial 2019 - Kinesiolog\u00eda\",\"isPartOf\":{\"@id\":\"https:\/\/medicina.udd.cl\/kinesiologia-santiago\/#website\"},\"primaryImageOfPage\":{\"@id\":\"https:\/\/medicina.udd.cl\/kinesiologia-santiago\/noticias\/2019\/05\/31\/exitosa-participacion-de-kinesiologia-udd-en-congreso-mundial-2019\/#primaryimage\"},\"image\":{\"@id\":\"https:\/\/medicina.udd.cl\/kinesiologia-santiago\/noticias\/2019\/05\/31\/exitosa-participacion-de-kinesiologia-udd-en-congreso-mundial-2019\/#primaryimage\"},\"thumbnailUrl\":\"https:\/\/medicina.udd.cl\/kinesiologia-santiago\/files\/2019\/05\/3.jpg\",\"datePublished\":\"2019-05-31T20:09:35+00:00\",\"dateModified\":\"2019-12-23T01:33:13+00:00\",\"author\":{\"@id\":\"https:\/\/medicina.udd.cl\/kinesiologia-santiago\/#\/schema\/person\/dbc3705bf3a93e8be1ba6de0ef950341\"},\"breadcrumb\":{\"@id\":\"https:\/\/medicina.udd.cl\/kinesiologia-santiago\/noticias\/2019\/05\/31\/exitosa-participacion-de-kinesiologia-udd-en-congreso-mundial-2019\/#breadcrumb\"},\"inLanguage\":\"es\",\"potentialAction\":[{\"@type\":\"ReadAction\",\"target\":[\"https:\/\/medicina.udd.cl\/kinesiologia-santiago\/noticias\/2019\/05\/31\/exitosa-participacion-de-kinesiologia-udd-en-congreso-mundial-2019\/\"]}]},{\"@type\":\"ImageObject\",\"inLanguage\":\"es\",\"@id\":\"https:\/\/medicina.udd.cl\/kinesiologia-santiago\/noticias\/2019\/05\/31\/exitosa-participacion-de-kinesiologia-udd-en-congreso-mundial-2019\/#primaryimage\",\"url\":\"https:\/\/medicina.udd.cl\/kinesiologia-santiago\/files\/2019\/05\/3.jpg\",\"contentUrl\":\"https:\/\/medicina.udd.cl\/kinesiologia-santiago\/files\/2019\/05\/3.jpg\",\"width\":1058,\"height\":788},{\"@type\":\"BreadcrumbList\",\"@id\":\"https:\/\/medicina.udd.cl\/kinesiologia-santiago\/noticias\/2019\/05\/31\/exitosa-participacion-de-kinesiologia-udd-en-congreso-mundial-2019\/#breadcrumb\",\"itemListElement\":[{\"@type\":\"ListItem\",\"position\":1,\"name\":\"Home\",\"item\":\"https:\/\/medicina.udd.cl\/kinesiologia-santiago\/\"},{\"@type\":\"ListItem\",\"position\":2,\"name\":\"Exitosa participaci\u00f3n de Kinesiolog\u00eda UDD en Congreso Mundial 2019\"}]},{\"@type\":\"WebSite\",\"@id\":\"https:\/\/medicina.udd.cl\/kinesiologia-santiago\/#website\",\"url\":\"https:\/\/medicina.udd.cl\/kinesiologia-santiago\/\",\"name\":\"Kinesiolog\u00eda\",\"description\":\"Facultad de Medicina Cl\u00ednica Alemana Universidad del Desarrollo\",\"inLanguage\":\"es\"},{\"@type\":\"Person\",\"@id\":\"https:\/\/medicina.udd.cl\/kinesiologia-santiago\/#\/schema\/person\/dbc3705bf3a93e8be1ba6de0ef950341\",\"name\":\"rbraidy\",\"image\":{\"@type\":\"ImageObject\",\"inLanguage\":\"es\",\"@id\":\"https:\/\/medicina.udd.cl\/kinesiologia-santiago\/#\/schema\/person\/image\/\",\"url\":\"https:\/\/secure.gravatar.com\/avatar\/0f8bc94637401590e45d2ce17eb65c274cb8870a219de6177f3f23e63fd8cdf3?s=96&d=mm&r=g\",\"contentUrl\":\"https:\/\/secure.gravatar.com\/avatar\/0f8bc94637401590e45d2ce17eb65c274cb8870a219de6177f3f23e63fd8cdf3?s=96&d=mm&r=g\",\"caption\":\"rbraidy\"},\"url\":\"https:\/\/medicina.udd.cl\/kinesiologia-santiago\/noticias\/author\/rbraidy\/\"}]}<\/script>\n<!-- \/ Yoast SEO plugin. -->","yoast_head_json":{"title":"Exitosa participaci\u00f3n de Kinesiolog\u00eda UDD en Congreso Mundial 2019 - Kinesiolog\u00eda","robots":{"index":"index","follow":"follow","max-snippet":"max-snippet:-1","max-image-preview":"max-image-preview:large","max-video-preview":"max-video-preview:-1"},"canonical":"https:\/\/medicina.udd.cl\/kinesiologia-santiago\/noticias\/2019\/05\/31\/exitosa-participacion-de-kinesiologia-udd-en-congreso-mundial-2019\/","og_locale":"es_ES","og_type":"article","og_title":"Exitosa participaci\u00f3n de Kinesiolog\u00eda UDD en Congreso Mundial 2019 - Kinesiolog\u00eda","og_description":"El alumno del Mag\u00edster en Terapia F\u00edsica y Rehabilitaci\u00f3n, Juan G\u00f3mez, fue premiado por su trabajo sobre el dolor cr\u00f3nico en el sistema musculo-esquel\u00e9tico.","og_url":"https:\/\/medicina.udd.cl\/kinesiologia-santiago\/noticias\/2019\/05\/31\/exitosa-participacion-de-kinesiologia-udd-en-congreso-mundial-2019\/","og_site_name":"Kinesiolog\u00eda","article_published_time":"2019-05-31T20:09:35+00:00","article_modified_time":"2019-12-23T01:33:13+00:00","og_image":[{"width":1058,"height":788,"url":"https:\/\/medicina.udd.cl\/kinesiologia-santiago\/files\/2019\/05\/3.jpg","type":"image\/jpeg"}],"author":"rbraidy","twitter_misc":{"Escrito por":"rbraidy","Tiempo de lectura":"1 minuto"},"schema":{"@context":"https:\/\/schema.org","@graph":[{"@type":"Article","@id":"https:\/\/medicina.udd.cl\/kinesiologia-santiago\/noticias\/2019\/05\/31\/exitosa-participacion-de-kinesiologia-udd-en-congreso-mundial-2019\/#article","isPartOf":{"@id":"https:\/\/medicina.udd.cl\/kinesiologia-santiago\/noticias\/2019\/05\/31\/exitosa-participacion-de-kinesiologia-udd-en-congreso-mundial-2019\/"},"author":{"name":"rbraidy","@id":"https:\/\/medicina.udd.cl\/kinesiologia-santiago\/#\/schema\/person\/dbc3705bf3a93e8be1ba6de0ef950341"},"headline":"Exitosa participaci\u00f3n de Kinesiolog\u00eda UDD en Congreso Mundial 2019","datePublished":"2019-05-31T20:09:35+00:00","dateModified":"2019-12-23T01:33:13+00:00","mainEntityOfPage":{"@id":"https:\/\/medicina.udd.cl\/kinesiologia-santiago\/noticias\/2019\/05\/31\/exitosa-participacion-de-kinesiologia-udd-en-congreso-mundial-2019\/"},"wordCount":228,"commentCount":0,"image":{"@id":"https:\/\/medicina.udd.cl\/kinesiologia-santiago\/noticias\/2019\/05\/31\/exitosa-participacion-de-kinesiologia-udd-en-congreso-mundial-2019\/#primaryimage"},"thumbnailUrl":"https:\/\/medicina.udd.cl\/kinesiologia-santiago\/files\/2019\/05\/3.jpg","articleSection":["Noticias"],"inLanguage":"es","potentialAction":[{"@type":"CommentAction","name":"Comment","target":["https:\/\/medicina.udd.cl\/kinesiologia-santiago\/noticias\/2019\/05\/31\/exitosa-participacion-de-kinesiologia-udd-en-congreso-mundial-2019\/#respond"]}]},{"@type":"WebPage","@id":"https:\/\/medicina.udd.cl\/kinesiologia-santiago\/noticias\/2019\/05\/31\/exitosa-participacion-de-kinesiologia-udd-en-congreso-mundial-2019\/","url":"https:\/\/medicina.udd.cl\/kinesiologia-santiago\/noticias\/2019\/05\/31\/exitosa-participacion-de-kinesiologia-udd-en-congreso-mundial-2019\/","name":"Exitosa participaci\u00f3n de Kinesiolog\u00eda UDD en Congreso Mundial 2019 - Kinesiolog\u00eda","isPartOf":{"@id":"https:\/\/medicina.udd.cl\/kinesiologia-santiago\/#website"},"primaryImageOfPage":{"@id":"https:\/\/medicina.udd.cl\/kinesiologia-santiago\/noticias\/2019\/05\/31\/exitosa-participacion-de-kinesiologia-udd-en-congreso-mundial-2019\/#primaryimage"},"image":{"@id":"https:\/\/medicina.udd.cl\/kinesiologia-santiago\/noticias\/2019\/05\/31\/exitosa-participacion-de-kinesiologia-udd-en-congreso-mundial-2019\/#primaryimage"},"thumbnailUrl":"https:\/\/medicina.udd.cl\/kinesiologia-santiago\/files\/2019\/05\/3.jpg","datePublished":"2019-05-31T20:09:35+00:00","dateModified":"2019-12-23T01:33:13+00:00","author":{"@id":"https:\/\/medicina.udd.cl\/kinesiologia-santiago\/#\/schema\/person\/dbc3705bf3a93e8be1ba6de0ef950341"},"breadcrumb":{"@id":"https:\/\/medicina.udd.cl\/kinesiologia-santiago\/noticias\/2019\/05\/31\/exitosa-participacion-de-kinesiologia-udd-en-congreso-mundial-2019\/#breadcrumb"},"inLanguage":"es","potentialAction":[{"@type":"ReadAction","target":["https:\/\/medicina.udd.cl\/kinesiologia-santiago\/noticias\/2019\/05\/31\/exitosa-participacion-de-kinesiologia-udd-en-congreso-mundial-2019\/"]}]},{"@type":"ImageObject","inLanguage":"es","@id":"https:\/\/medicina.udd.cl\/kinesiologia-santiago\/noticias\/2019\/05\/31\/exitosa-participacion-de-kinesiologia-udd-en-congreso-mundial-2019\/#primaryimage","url":"https:\/\/medicina.udd.cl\/kinesiologia-santiago\/files\/2019\/05\/3.jpg","contentUrl":"https:\/\/medicina.udd.cl\/kinesiologia-santiago\/files\/2019\/05\/3.jpg","width":1058,"height":788},{"@type":"BreadcrumbList","@id":"https:\/\/medicina.udd.cl\/kinesiologia-santiago\/noticias\/2019\/05\/31\/exitosa-participacion-de-kinesiologia-udd-en-congreso-mundial-2019\/#breadcrumb","itemListElement":[{"@type":"ListItem","position":1,"name":"Home","item":"https:\/\/medicina.udd.cl\/kinesiologia-santiago\/"},{"@type":"ListItem","position":2,"name":"Exitosa participaci\u00f3n de Kinesiolog\u00eda UDD en Congreso Mundial 2019"}]},{"@type":"WebSite","@id":"https:\/\/medicina.udd.cl\/kinesiologia-santiago\/#website","url":"https:\/\/medicina.udd.cl\/kinesiologia-santiago\/","name":"Kinesiolog\u00eda","description":"Facultad de Medicina Cl\u00ednica Alemana Universidad del Desarrollo","inLanguage":"es"},{"@type":"Person","@id":"https:\/\/medicina.udd.cl\/kinesiologia-santiago\/#\/schema\/person\/dbc3705bf3a93e8be1ba6de0ef950341","name":"rbraidy","image":{"@type":"ImageObject","inLanguage":"es","@id":"https:\/\/medicina.udd.cl\/kinesiologia-santiago\/#\/schema\/person\/image\/","url":"https:\/\/secure.gravatar.com\/avatar\/0f8bc94637401590e45d2ce17eb65c274cb8870a219de6177f3f23e63fd8cdf3?s=96&d=mm&r=g","contentUrl":"https:\/\/secure.gravatar.com\/avatar\/0f8bc94637401590e45d2ce17eb65c274cb8870a219de6177f3f23e63fd8cdf3?s=96&d=mm&r=g","caption":"rbraidy"},"url":"https:\/\/medicina.udd.cl\/kinesiologia-santiago\/noticias\/author\/rbraidy\/"}]}},"featured_image_url":"https:\/\/medicina.udd.cl\/kinesiologia-santiago\/files\/2019\/05\/3.jpg","_links":{"self":[{"href":"https:\/\/medicina.udd.cl\/kinesiologia-santiago\/wp-json\/wp\/v2\/posts\/4339","targetHints":{"allow":["GET"]}}],"collection":[{"href":"https:\/\/medicina.udd.cl\/kinesiologia-santiago\/wp-json\/wp\/v2\/posts"}],"about":[{"href":"https:\/\/medicina.udd.cl\/kinesiologia-santiago\/wp-json\/wp\/v2\/types\/post"}],"author":[{"embeddable":true,"href":"https:\/\/medicina.udd.cl\/kinesiologia-santiago\/wp-json\/wp\/v2\/users\/9192219"}],"replies":[{"embeddable":true,"href":"https:\/\/medicina.udd.cl\/kinesiologia-santiago\/wp-json\/wp\/v2\/comments?post=4339"}],"version-history":[{"count":1,"href":"https:\/\/medicina.udd.cl\/kinesiologia-santiago\/wp-json\/wp\/v2\/posts\/4339\/revisions"}],"predecessor-version":[{"id":4406,"href":"https:\/\/medicina.udd.cl\/kinesiologia-santiago\/wp-json\/wp\/v2\/posts\/4339\/revisions\/4406"}],"wp:featuredmedia":[{"embeddable":true,"href":"https:\/\/medicina.udd.cl\/kinesiologia-santiago\/wp-json\/wp\/v2\/media\/4329"}],"wp:attachment":[{"href":"https:\/\/medicina.udd.cl\/kinesiologia-santiago\/wp-json\/wp\/v2\/media?parent=4339"}],"wp:term":[{"taxonomy":"category","embeddable":true,"href":"https:\/\/medicina.udd.cl\/kinesiologia-santiago\/wp-json\/wp\/v2\/categories?post=4339"},{"taxonomy":"post_tag","embeddable":true,"href":"https:\/\/medicina.udd.cl\/kinesiologia-santiago\/wp-json\/wp\/v2\/tags?post=4339"}],"curies":[{"name":"wp","href":"https:\/\/api.w.org\/{rel}","templated":true}]}}