{"id":4340,"date":"2019-06-06T14:05:56","date_gmt":"2019-06-06T18:05:56","guid":{"rendered":"http:\/\/medicina.udd.cl\/kinesiologia-santiago\/?p=4198"},"modified":"2019-12-22T22:33:13","modified_gmt":"2019-12-23T01:33:13","slug":"kinesiologia-udd-impulsa-terapia-ventilatoria-en-trastornos-respiratorios-del-sueno","status":"publish","type":"post","link":"https:\/\/medicina.udd.cl\/kinesiologia-santiago\/noticias\/2019\/06\/06\/kinesiologia-udd-impulsa-terapia-ventilatoria-en-trastornos-respiratorios-del-sueno\/","title":{"rendered":"Kinesiolog\u00eda UDD impulsa terapia ventilatoria en trastornos respiratorios del sue\u00f1o"},"content":{"rendered":"<div id=\"gallery-1\" class=\"carousel slide carousel-gallery\" data-ride=\"false\" data-interval=\"false\"><div class=\"carousel-inner\" role=\"listbox\"><figure class=\"carousel-item active\"><img loading=\"lazy\" decoding=\"async\" width=\"800\" height=\"445\" src=\"https:\/\/medicina.udd.cl\/kinesiologia-santiago\/files\/2019\/06\/kine-durmiendo.jpg\" class=\"attachment-landscape_952 size-landscape_952\" alt=\"\" srcset=\"https:\/\/medicina.udd.cl\/kinesiologia-santiago\/files\/2019\/06\/kine-durmiendo.jpg 800w, https:\/\/medicina.udd.cl\/kinesiologia-santiago\/files\/2019\/06\/kine-durmiendo-300x167.jpg 300w, https:\/\/medicina.udd.cl\/kinesiologia-santiago\/files\/2019\/06\/kine-durmiendo-768x427.jpg 768w\" sizes=\"auto, (max-width: 800px) 100vw, 800px\" \/><\/figure><figure class=\"carousel-item\"><img loading=\"lazy\" decoding=\"async\" width=\"952\" height=\"534\" src=\"https:\/\/medicina.udd.cl\/kinesiologia-santiago\/files\/2019\/06\/kine-ventilatori-952x534.png\" class=\"attachment-landscape_952 size-landscape_952\" alt=\"\" srcset=\"https:\/\/medicina.udd.cl\/kinesiologia-santiago\/files\/2019\/06\/kine-ventilatori-952x534.png 952w, https:\/\/medicina.udd.cl\/kinesiologia-santiago\/files\/2019\/06\/kine-ventilatori-680x382.png 680w\" sizes=\"auto, (max-width: 952px) 100vw, 952px\" \/><\/figure><figure class=\"carousel-item\"><img loading=\"lazy\" decoding=\"async\" width=\"800\" height=\"450\" src=\"https:\/\/medicina.udd.cl\/kinesiologia-santiago\/files\/2019\/06\/kine-ronquidos.jpg\" class=\"attachment-landscape_952 size-landscape_952\" alt=\"\" srcset=\"https:\/\/medicina.udd.cl\/kinesiologia-santiago\/files\/2019\/06\/kine-ronquidos.jpg 800w, https:\/\/medicina.udd.cl\/kinesiologia-santiago\/files\/2019\/06\/kine-ronquidos-300x169.jpg 300w, https:\/\/medicina.udd.cl\/kinesiologia-santiago\/files\/2019\/06\/kine-ronquidos-768x432.jpg 768w, https:\/\/medicina.udd.cl\/kinesiologia-santiago\/files\/2019\/06\/kine-ronquidos-680x382.jpg 680w\" sizes=\"auto, (max-width: 800px) 100vw, 800px\" \/><\/figure><\/div><footer class=\"carousel-footer\"><div class=\"carousel-counter\"><span class=\"carousel-counter-current\"><\/span> \/ <span class=\"carousel-counter-total\"><\/span><\/div><a class=\"carousel-control-prev\" href=\"#gallery-1\" role=\"button\" data-slide=\"prev\"><svg aria-hidden=\"true\" class=\"svg-chevron-left-dims\"><use xlink:href='https:\/\/medicina.udd.cl\/kinesiologia-santiago\/wp-content\/themes\/facultades-2018\/assets\/img\/svg\/dist\/main.svg?version=1695853099#chevron-left'><\/use><\/svg><span class=\"sr-only\">Anterior<\/span><\/a><a class=\"carousel-control-next\" href=\"#gallery-1\" role=\"button\" data-slide=\"next\"><svg aria-hidden=\"true\" class=\"svg-chevron-right-dims\"><use xlink:href='https:\/\/medicina.udd.cl\/kinesiologia-santiago\/wp-content\/themes\/facultades-2018\/assets\/img\/svg\/dist\/main.svg?version=1695853099#chevron-right'><\/use><\/svg><span class=\"sr-only\">Siguiente<\/span><\/a><\/footer><\/div>\n<p>Los Trastornos del sue\u00f1o han sido siempre una patolog\u00eda sub diagnosticada, pero en los \u00faltimos a\u00f1os ha adquirido mayor relevancia, tanto a nivel m\u00e9dico como estatal. En este contexto, se cre\u00f3 un programa nacional para pacientes con Trastornos Respiratorios del Sue\u00f1o, a lo que se suman varios nuevos centros de sue\u00f1o que han aparecido a lo largo del pa\u00eds.<\/p>\n<p>Jos\u00e9 Ignacio Marmolejo, kinesi\u00f3logo UDD y director del primer diplomado en Chile enfocado al manejo de Terapia Ventilatoria en Trastornos Respiratorios del Sue\u00f1o, indic\u00f3 que este es un programa que cuenta con el respaldo de grandes profesionales referentes a nivel internacional, adem\u00e1s de ser el primer programa en Latinoam\u00e9rica enfocado al manejo de equipos de soporte ventilatorio para pacientes con trastornos respiratorios del sue\u00f1o.<\/p>\n<p>\u201cEste proyecto nace porque al vivir la experiencia como paciente, me di cuenta que en la parte de diagn\u00f3stico la realidad nacional es muy buena, pero en lo que viene despu\u00e9s, el uso de ventiladores, la realidad es diametralmente diferente (\u2026) \u00a0el no contar con esa ayuda me motiv\u00f3 a crear un programa que prepare a profesionales para abordar este tema tan relevante\u201d, se\u00f1al\u00f3 Marmolejo.<\/p>\n<figure id=\"attachment_4199\" aria-describedby=\"caption-attachment-4199\" style=\"width: 300px\" class=\"wp-caption alignnone\"><a href=\"http:\/\/medicina.udd.cl\/kinesiologia-santiago\/files\/2019\/06\/j_marmolejo_k.jpg\"><img loading=\"lazy\" decoding=\"async\" class=\"wp-image-4199 size-medium\" src=\"http:\/\/medicina.udd.cl\/kinesiologia-santiago\/files\/2019\/06\/j_marmolejo_k-300x200.jpg\" alt=\"\" width=\"300\" height=\"200\" \/><\/a><figcaption id=\"caption-attachment-4199\" class=\"wp-caption-text\">Jos\u00e9 Ignacio Marmolejo, kinesi\u00f3logo UDD y director del primer diplomado en Chile enfocado al manejo de Terapia Ventilatoria en Trastornos Respiratorios del Sue\u00f1o<\/figcaption><\/figure>\n<p>Este Programa es lanzado por la carrera de Kinesiolog\u00eda de la UDD, en conjunto con el Centro de Trastornos del Sue\u00f1o de Cl\u00ednica Alemana y est\u00e1 dirigido a todos los profesionales que quieran aprender a manejar la ventilaci\u00f3n mec\u00e1nica.<\/p>\n","protected":false},"excerpt":{"rendered":"<p>La carrera de Kinesiolog\u00eda y el Centro de Trastornos del Sue\u00f1o de Cl\u00ednica Alemana lanzan pionero programa en Latinoam\u00e9rica, enfocado en el manejo de equipos de soporte ventilatorio para pacientes.<\/p>\n","protected":false},"author":9192219,"featured_media":4342,"comment_status":"open","ping_status":"open","sticky":false,"template":"","format":"standard","meta":{"footnotes":""},"categories":[4],"tags":[],"class_list":["post-4340","post","type-post","status-publish","format-standard","has-post-thumbnail","hentry","category-noticias"],"yoast_head":"<!-- This site is optimized with the Yoast SEO plugin v26.9 - https:\/\/yoast.com\/product\/yoast-seo-wordpress\/ -->\n<title>Kinesiolog\u00eda UDD impulsa terapia ventilatoria en trastornos respiratorios del sue\u00f1o - Kinesiolog\u00eda<\/title>\n<meta name=\"robots\" content=\"index, follow, max-snippet:-1, max-image-preview:large, max-video-preview:-1\" \/>\n<link rel=\"canonical\" href=\"https:\/\/medicina.udd.cl\/kinesiologia-santiago\/noticias\/2019\/06\/06\/kinesiologia-udd-impulsa-terapia-ventilatoria-en-trastornos-respiratorios-del-sueno\/\" \/>\n<meta property=\"og:locale\" content=\"es_ES\" \/>\n<meta property=\"og:type\" content=\"article\" \/>\n<meta property=\"og:title\" content=\"Kinesiolog\u00eda UDD impulsa terapia ventilatoria en trastornos respiratorios del sue\u00f1o - Kinesiolog\u00eda\" \/>\n<meta property=\"og:description\" content=\"La carrera de Kinesiolog\u00eda y el Centro de Trastornos del Sue\u00f1o de Cl\u00ednica Alemana lanzan pionero programa en Latinoam\u00e9rica, enfocado en el manejo de equipos de soporte ventilatorio para pacientes.\" \/>\n<meta property=\"og:url\" content=\"https:\/\/medicina.udd.cl\/kinesiologia-santiago\/noticias\/2019\/06\/06\/kinesiologia-udd-impulsa-terapia-ventilatoria-en-trastornos-respiratorios-del-sueno\/\" \/>\n<meta property=\"og:site_name\" content=\"Kinesiolog\u00eda\" \/>\n<meta property=\"article:published_time\" content=\"2019-06-06T18:05:56+00:00\" \/>\n<meta property=\"article:modified_time\" content=\"2019-12-23T01:33:13+00:00\" \/>\n<meta property=\"og:image\" content=\"https:\/\/medicina.udd.cl\/kinesiologia-santiago\/files\/2019\/06\/kine-ventilatori.png\" \/>\n\t<meta property=\"og:image:width\" content=\"1014\" \/>\n\t<meta property=\"og:image:height\" content=\"627\" \/>\n\t<meta property=\"og:image:type\" content=\"image\/png\" \/>\n<meta name=\"author\" content=\"rbraidy\" \/>\n<meta name=\"twitter:label1\" content=\"Escrito por\" \/>\n\t<meta name=\"twitter:data1\" content=\"rbraidy\" \/>\n\t<meta name=\"twitter:label2\" content=\"Tiempo de lectura\" \/>\n\t<meta name=\"twitter:data2\" content=\"1 minuto\" \/>\n<script type=\"application\/ld+json\" class=\"yoast-schema-graph\">{\"@context\":\"https:\/\/schema.org\",\"@graph\":[{\"@type\":\"Article\",\"@id\":\"https:\/\/medicina.udd.cl\/kinesiologia-santiago\/noticias\/2019\/06\/06\/kinesiologia-udd-impulsa-terapia-ventilatoria-en-trastornos-respiratorios-del-sueno\/#article\",\"isPartOf\":{\"@id\":\"https:\/\/medicina.udd.cl\/kinesiologia-santiago\/noticias\/2019\/06\/06\/kinesiologia-udd-impulsa-terapia-ventilatoria-en-trastornos-respiratorios-del-sueno\/\"},\"author\":{\"name\":\"rbraidy\",\"@id\":\"https:\/\/medicina.udd.cl\/kinesiologia-santiago\/#\/schema\/person\/dbc3705bf3a93e8be1ba6de0ef950341\"},\"headline\":\"Kinesiolog\u00eda UDD impulsa terapia ventilatoria en trastornos respiratorios del sue\u00f1o\",\"datePublished\":\"2019-06-06T18:05:56+00:00\",\"dateModified\":\"2019-12-23T01:33:13+00:00\",\"mainEntityOfPage\":{\"@id\":\"https:\/\/medicina.udd.cl\/kinesiologia-santiago\/noticias\/2019\/06\/06\/kinesiologia-udd-impulsa-terapia-ventilatoria-en-trastornos-respiratorios-del-sueno\/\"},\"wordCount\":292,\"commentCount\":0,\"image\":{\"@id\":\"https:\/\/medicina.udd.cl\/kinesiologia-santiago\/noticias\/2019\/06\/06\/kinesiologia-udd-impulsa-terapia-ventilatoria-en-trastornos-respiratorios-del-sueno\/#primaryimage\"},\"thumbnailUrl\":\"https:\/\/medicina.udd.cl\/kinesiologia-santiago\/files\/2019\/06\/kine-ventilatori.png\",\"articleSection\":[\"Noticias\"],\"inLanguage\":\"es\",\"potentialAction\":[{\"@type\":\"CommentAction\",\"name\":\"Comment\",\"target\":[\"https:\/\/medicina.udd.cl\/kinesiologia-santiago\/noticias\/2019\/06\/06\/kinesiologia-udd-impulsa-terapia-ventilatoria-en-trastornos-respiratorios-del-sueno\/#respond\"]}]},{\"@type\":\"WebPage\",\"@id\":\"https:\/\/medicina.udd.cl\/kinesiologia-santiago\/noticias\/2019\/06\/06\/kinesiologia-udd-impulsa-terapia-ventilatoria-en-trastornos-respiratorios-del-sueno\/\",\"url\":\"https:\/\/medicina.udd.cl\/kinesiologia-santiago\/noticias\/2019\/06\/06\/kinesiologia-udd-impulsa-terapia-ventilatoria-en-trastornos-respiratorios-del-sueno\/\",\"name\":\"Kinesiolog\u00eda UDD impulsa terapia ventilatoria en trastornos respiratorios del sue\u00f1o - Kinesiolog\u00eda\",\"isPartOf\":{\"@id\":\"https:\/\/medicina.udd.cl\/kinesiologia-santiago\/#website\"},\"primaryImageOfPage\":{\"@id\":\"https:\/\/medicina.udd.cl\/kinesiologia-santiago\/noticias\/2019\/06\/06\/kinesiologia-udd-impulsa-terapia-ventilatoria-en-trastornos-respiratorios-del-sueno\/#primaryimage\"},\"image\":{\"@id\":\"https:\/\/medicina.udd.cl\/kinesiologia-santiago\/noticias\/2019\/06\/06\/kinesiologia-udd-impulsa-terapia-ventilatoria-en-trastornos-respiratorios-del-sueno\/#primaryimage\"},\"thumbnailUrl\":\"https:\/\/medicina.udd.cl\/kinesiologia-santiago\/files\/2019\/06\/kine-ventilatori.png\",\"datePublished\":\"2019-06-06T18:05:56+00:00\",\"dateModified\":\"2019-12-23T01:33:13+00:00\",\"author\":{\"@id\":\"https:\/\/medicina.udd.cl\/kinesiologia-santiago\/#\/schema\/person\/dbc3705bf3a93e8be1ba6de0ef950341\"},\"breadcrumb\":{\"@id\":\"https:\/\/medicina.udd.cl\/kinesiologia-santiago\/noticias\/2019\/06\/06\/kinesiologia-udd-impulsa-terapia-ventilatoria-en-trastornos-respiratorios-del-sueno\/#breadcrumb\"},\"inLanguage\":\"es\",\"potentialAction\":[{\"@type\":\"ReadAction\",\"target\":[\"https:\/\/medicina.udd.cl\/kinesiologia-santiago\/noticias\/2019\/06\/06\/kinesiologia-udd-impulsa-terapia-ventilatoria-en-trastornos-respiratorios-del-sueno\/\"]}]},{\"@type\":\"ImageObject\",\"inLanguage\":\"es\",\"@id\":\"https:\/\/medicina.udd.cl\/kinesiologia-santiago\/noticias\/2019\/06\/06\/kinesiologia-udd-impulsa-terapia-ventilatoria-en-trastornos-respiratorios-del-sueno\/#primaryimage\",\"url\":\"https:\/\/medicina.udd.cl\/kinesiologia-santiago\/files\/2019\/06\/kine-ventilatori.png\",\"contentUrl\":\"https:\/\/medicina.udd.cl\/kinesiologia-santiago\/files\/2019\/06\/kine-ventilatori.png\",\"width\":1014,\"height\":627},{\"@type\":\"BreadcrumbList\",\"@id\":\"https:\/\/medicina.udd.cl\/kinesiologia-santiago\/noticias\/2019\/06\/06\/kinesiologia-udd-impulsa-terapia-ventilatoria-en-trastornos-respiratorios-del-sueno\/#breadcrumb\",\"itemListElement\":[{\"@type\":\"ListItem\",\"position\":1,\"name\":\"Home\",\"item\":\"https:\/\/medicina.udd.cl\/kinesiologia-santiago\/\"},{\"@type\":\"ListItem\",\"position\":2,\"name\":\"Kinesiolog\u00eda UDD impulsa terapia ventilatoria en trastornos respiratorios del sue\u00f1o\"}]},{\"@type\":\"WebSite\",\"@id\":\"https:\/\/medicina.udd.cl\/kinesiologia-santiago\/#website\",\"url\":\"https:\/\/medicina.udd.cl\/kinesiologia-santiago\/\",\"name\":\"Kinesiolog\u00eda\",\"description\":\"Facultad de Medicina Cl\u00ednica Alemana Universidad del Desarrollo\",\"inLanguage\":\"es\"},{\"@type\":\"Person\",\"@id\":\"https:\/\/medicina.udd.cl\/kinesiologia-santiago\/#\/schema\/person\/dbc3705bf3a93e8be1ba6de0ef950341\",\"name\":\"rbraidy\",\"image\":{\"@type\":\"ImageObject\",\"inLanguage\":\"es\",\"@id\":\"https:\/\/medicina.udd.cl\/kinesiologia-santiago\/#\/schema\/person\/image\/\",\"url\":\"https:\/\/secure.gravatar.com\/avatar\/0f8bc94637401590e45d2ce17eb65c274cb8870a219de6177f3f23e63fd8cdf3?s=96&d=mm&r=g\",\"contentUrl\":\"https:\/\/secure.gravatar.com\/avatar\/0f8bc94637401590e45d2ce17eb65c274cb8870a219de6177f3f23e63fd8cdf3?s=96&d=mm&r=g\",\"caption\":\"rbraidy\"},\"url\":\"https:\/\/medicina.udd.cl\/kinesiologia-santiago\/noticias\/author\/rbraidy\/\"}]}<\/script>\n<!-- \/ Yoast SEO plugin. -->","yoast_head_json":{"title":"Kinesiolog\u00eda UDD impulsa terapia ventilatoria en trastornos respiratorios del sue\u00f1o - Kinesiolog\u00eda","robots":{"index":"index","follow":"follow","max-snippet":"max-snippet:-1","max-image-preview":"max-image-preview:large","max-video-preview":"max-video-preview:-1"},"canonical":"https:\/\/medicina.udd.cl\/kinesiologia-santiago\/noticias\/2019\/06\/06\/kinesiologia-udd-impulsa-terapia-ventilatoria-en-trastornos-respiratorios-del-sueno\/","og_locale":"es_ES","og_type":"article","og_title":"Kinesiolog\u00eda UDD impulsa terapia ventilatoria en trastornos respiratorios del sue\u00f1o - Kinesiolog\u00eda","og_description":"La carrera de Kinesiolog\u00eda y el Centro de Trastornos del Sue\u00f1o de Cl\u00ednica Alemana lanzan pionero programa en Latinoam\u00e9rica, enfocado en el manejo de equipos de soporte ventilatorio para pacientes.","og_url":"https:\/\/medicina.udd.cl\/kinesiologia-santiago\/noticias\/2019\/06\/06\/kinesiologia-udd-impulsa-terapia-ventilatoria-en-trastornos-respiratorios-del-sueno\/","og_site_name":"Kinesiolog\u00eda","article_published_time":"2019-06-06T18:05:56+00:00","article_modified_time":"2019-12-23T01:33:13+00:00","og_image":[{"width":1014,"height":627,"url":"https:\/\/medicina.udd.cl\/kinesiologia-santiago\/files\/2019\/06\/kine-ventilatori.png","type":"image\/png"}],"author":"rbraidy","twitter_misc":{"Escrito por":"rbraidy","Tiempo de lectura":"1 minuto"},"schema":{"@context":"https:\/\/schema.org","@graph":[{"@type":"Article","@id":"https:\/\/medicina.udd.cl\/kinesiologia-santiago\/noticias\/2019\/06\/06\/kinesiologia-udd-impulsa-terapia-ventilatoria-en-trastornos-respiratorios-del-sueno\/#article","isPartOf":{"@id":"https:\/\/medicina.udd.cl\/kinesiologia-santiago\/noticias\/2019\/06\/06\/kinesiologia-udd-impulsa-terapia-ventilatoria-en-trastornos-respiratorios-del-sueno\/"},"author":{"name":"rbraidy","@id":"https:\/\/medicina.udd.cl\/kinesiologia-santiago\/#\/schema\/person\/dbc3705bf3a93e8be1ba6de0ef950341"},"headline":"Kinesiolog\u00eda UDD impulsa terapia ventilatoria en trastornos respiratorios del sue\u00f1o","datePublished":"2019-06-06T18:05:56+00:00","dateModified":"2019-12-23T01:33:13+00:00","mainEntityOfPage":{"@id":"https:\/\/medicina.udd.cl\/kinesiologia-santiago\/noticias\/2019\/06\/06\/kinesiologia-udd-impulsa-terapia-ventilatoria-en-trastornos-respiratorios-del-sueno\/"},"wordCount":292,"commentCount":0,"image":{"@id":"https:\/\/medicina.udd.cl\/kinesiologia-santiago\/noticias\/2019\/06\/06\/kinesiologia-udd-impulsa-terapia-ventilatoria-en-trastornos-respiratorios-del-sueno\/#primaryimage"},"thumbnailUrl":"https:\/\/medicina.udd.cl\/kinesiologia-santiago\/files\/2019\/06\/kine-ventilatori.png","articleSection":["Noticias"],"inLanguage":"es","potentialAction":[{"@type":"CommentAction","name":"Comment","target":["https:\/\/medicina.udd.cl\/kinesiologia-santiago\/noticias\/2019\/06\/06\/kinesiologia-udd-impulsa-terapia-ventilatoria-en-trastornos-respiratorios-del-sueno\/#respond"]}]},{"@type":"WebPage","@id":"https:\/\/medicina.udd.cl\/kinesiologia-santiago\/noticias\/2019\/06\/06\/kinesiologia-udd-impulsa-terapia-ventilatoria-en-trastornos-respiratorios-del-sueno\/","url":"https:\/\/medicina.udd.cl\/kinesiologia-santiago\/noticias\/2019\/06\/06\/kinesiologia-udd-impulsa-terapia-ventilatoria-en-trastornos-respiratorios-del-sueno\/","name":"Kinesiolog\u00eda UDD impulsa terapia ventilatoria en trastornos respiratorios del sue\u00f1o - Kinesiolog\u00eda","isPartOf":{"@id":"https:\/\/medicina.udd.cl\/kinesiologia-santiago\/#website"},"primaryImageOfPage":{"@id":"https:\/\/medicina.udd.cl\/kinesiologia-santiago\/noticias\/2019\/06\/06\/kinesiologia-udd-impulsa-terapia-ventilatoria-en-trastornos-respiratorios-del-sueno\/#primaryimage"},"image":{"@id":"https:\/\/medicina.udd.cl\/kinesiologia-santiago\/noticias\/2019\/06\/06\/kinesiologia-udd-impulsa-terapia-ventilatoria-en-trastornos-respiratorios-del-sueno\/#primaryimage"},"thumbnailUrl":"https:\/\/medicina.udd.cl\/kinesiologia-santiago\/files\/2019\/06\/kine-ventilatori.png","datePublished":"2019-06-06T18:05:56+00:00","dateModified":"2019-12-23T01:33:13+00:00","author":{"@id":"https:\/\/medicina.udd.cl\/kinesiologia-santiago\/#\/schema\/person\/dbc3705bf3a93e8be1ba6de0ef950341"},"breadcrumb":{"@id":"https:\/\/medicina.udd.cl\/kinesiologia-santiago\/noticias\/2019\/06\/06\/kinesiologia-udd-impulsa-terapia-ventilatoria-en-trastornos-respiratorios-del-sueno\/#breadcrumb"},"inLanguage":"es","potentialAction":[{"@type":"ReadAction","target":["https:\/\/medicina.udd.cl\/kinesiologia-santiago\/noticias\/2019\/06\/06\/kinesiologia-udd-impulsa-terapia-ventilatoria-en-trastornos-respiratorios-del-sueno\/"]}]},{"@type":"ImageObject","inLanguage":"es","@id":"https:\/\/medicina.udd.cl\/kinesiologia-santiago\/noticias\/2019\/06\/06\/kinesiologia-udd-impulsa-terapia-ventilatoria-en-trastornos-respiratorios-del-sueno\/#primaryimage","url":"https:\/\/medicina.udd.cl\/kinesiologia-santiago\/files\/2019\/06\/kine-ventilatori.png","contentUrl":"https:\/\/medicina.udd.cl\/kinesiologia-santiago\/files\/2019\/06\/kine-ventilatori.png","width":1014,"height":627},{"@type":"BreadcrumbList","@id":"https:\/\/medicina.udd.cl\/kinesiologia-santiago\/noticias\/2019\/06\/06\/kinesiologia-udd-impulsa-terapia-ventilatoria-en-trastornos-respiratorios-del-sueno\/#breadcrumb","itemListElement":[{"@type":"ListItem","position":1,"name":"Home","item":"https:\/\/medicina.udd.cl\/kinesiologia-santiago\/"},{"@type":"ListItem","position":2,"name":"Kinesiolog\u00eda UDD impulsa terapia ventilatoria en trastornos respiratorios del sue\u00f1o"}]},{"@type":"WebSite","@id":"https:\/\/medicina.udd.cl\/kinesiologia-santiago\/#website","url":"https:\/\/medicina.udd.cl\/kinesiologia-santiago\/","name":"Kinesiolog\u00eda","description":"Facultad de Medicina Cl\u00ednica Alemana Universidad del Desarrollo","inLanguage":"es"},{"@type":"Person","@id":"https:\/\/medicina.udd.cl\/kinesiologia-santiago\/#\/schema\/person\/dbc3705bf3a93e8be1ba6de0ef950341","name":"rbraidy","image":{"@type":"ImageObject","inLanguage":"es","@id":"https:\/\/medicina.udd.cl\/kinesiologia-santiago\/#\/schema\/person\/image\/","url":"https:\/\/secure.gravatar.com\/avatar\/0f8bc94637401590e45d2ce17eb65c274cb8870a219de6177f3f23e63fd8cdf3?s=96&d=mm&r=g","contentUrl":"https:\/\/secure.gravatar.com\/avatar\/0f8bc94637401590e45d2ce17eb65c274cb8870a219de6177f3f23e63fd8cdf3?s=96&d=mm&r=g","caption":"rbraidy"},"url":"https:\/\/medicina.udd.cl\/kinesiologia-santiago\/noticias\/author\/rbraidy\/"}]}},"featured_image_url":"https:\/\/medicina.udd.cl\/kinesiologia-santiago\/files\/2019\/06\/kine-ventilatori.png","_links":{"self":[{"href":"https:\/\/medicina.udd.cl\/kinesiologia-santiago\/wp-json\/wp\/v2\/posts\/4340","targetHints":{"allow":["GET"]}}],"collection":[{"href":"https:\/\/medicina.udd.cl\/kinesiologia-santiago\/wp-json\/wp\/v2\/posts"}],"about":[{"href":"https:\/\/medicina.udd.cl\/kinesiologia-santiago\/wp-json\/wp\/v2\/types\/post"}],"author":[{"embeddable":true,"href":"https:\/\/medicina.udd.cl\/kinesiologia-santiago\/wp-json\/wp\/v2\/users\/9192219"}],"replies":[{"embeddable":true,"href":"https:\/\/medicina.udd.cl\/kinesiologia-santiago\/wp-json\/wp\/v2\/comments?post=4340"}],"version-history":[{"count":1,"href":"https:\/\/medicina.udd.cl\/kinesiologia-santiago\/wp-json\/wp\/v2\/posts\/4340\/revisions"}],"predecessor-version":[{"id":4405,"href":"https:\/\/medicina.udd.cl\/kinesiologia-santiago\/wp-json\/wp\/v2\/posts\/4340\/revisions\/4405"}],"wp:featuredmedia":[{"embeddable":true,"href":"https:\/\/medicina.udd.cl\/kinesiologia-santiago\/wp-json\/wp\/v2\/media\/4342"}],"wp:attachment":[{"href":"https:\/\/medicina.udd.cl\/kinesiologia-santiago\/wp-json\/wp\/v2\/media?parent=4340"}],"wp:term":[{"taxonomy":"category","embeddable":true,"href":"https:\/\/medicina.udd.cl\/kinesiologia-santiago\/wp-json\/wp\/v2\/categories?post=4340"},{"taxonomy":"post_tag","embeddable":true,"href":"https:\/\/medicina.udd.cl\/kinesiologia-santiago\/wp-json\/wp\/v2\/tags?post=4340"}],"curies":[{"name":"wp","href":"https:\/\/api.w.org\/{rel}","templated":true}]}}