{"id":4343,"date":"2019-07-04T17:06:22","date_gmt":"2019-07-04T21:06:22","guid":{"rendered":"http:\/\/medicina.udd.cl\/kinesiologia-santiago\/?p=4208"},"modified":"2019-07-04T17:06:22","modified_gmt":"2019-07-04T21:06:22","slug":"estudiantes-de-kinesiologia-udd-participan-en-congreso-interdisciplinario-de-medicina-intensiva","status":"publish","type":"post","link":"https:\/\/medicina.udd.cl\/kinesiologia-santiago\/noticias\/2019\/07\/04\/estudiantes-de-kinesiologia-udd-participan-en-congreso-interdisciplinario-de-medicina-intensiva\/","title":{"rendered":"Estudiantes de Kinesiolog\u00eda UDD participan en Congreso Interdisciplinario de Medicina Intensiva"},"content":{"rendered":"<p><a href=\"http:\/\/medicina.udd.cl\/kinesiologia-santiago\/files\/2019\/07\/k.jpg\"><img loading=\"lazy\" decoding=\"async\" class=\"size-medium wp-image-4209 aligncenter\" src=\"http:\/\/medicina.udd.cl\/kinesiologia-santiago\/files\/2019\/07\/k-300x200.jpg\" alt=\"\" width=\"300\" height=\"200\" \/><\/a><\/p>\n<p>Las alumnas Julissa Rojas y Daniela Dattwyler, de cuarto a\u00f1o de kinesiolog\u00eda, asistieron al \u201cPrimer Congreso Interdisciplinario de Medicina Intensiva, zona norte\u201d, organizado por la Divisi\u00f3n de Kinesiolog\u00eda Intensiva de la Sociedad Chilena de Medicina Intensiva en la ciudad de La Serena.<\/p>\n<p>El congreso tuvo como objetivo es fortalecer el trabajo conjunto entre los distintos profesionales de la salud que se desempe\u00f1an en la unidad de pacientes cr\u00edticos de Chile.<\/p>\n<p>\u201cEste Congreso abri\u00f3 mi mente a nuevas oportunidades laborales y me aterriz\u00f3 a lo que realmente est\u00e1 pasando hoy en kinesiolog\u00eda y con el equipo de profesionales de la salud. Me sirvi\u00f3 para saber c\u00f3mo desenvolverme dentro del \u00e1rea de cuidados intensivos, realizar contacto con especialistas, vivenciar c\u00f3mo exponer frente a diverso p\u00fablico y la importancia del trabajo en equipo. Es una gran experiencia que todo alumno deber\u00eda vivir para guiar y amar m\u00e1s su carrera\u201d, dijo Julissa Rojas<\/p>\n<p><a href=\"http:\/\/medicina.udd.cl\/kinesiologia-santiago\/files\/2019\/07\/k2.jpg\"><img loading=\"lazy\" decoding=\"async\" class=\"size-medium wp-image-4210 aligncenter\" src=\"http:\/\/medicina.udd.cl\/kinesiologia-santiago\/files\/2019\/07\/k2-300x225.jpg\" alt=\"\" width=\"300\" height=\"225\" \/><\/a><\/p>\n<p>Por su parte, para Daniela Dattwyler \u00e9sta fue una experiencia enriquecedora, que le permiti\u00f3 profundizar en un \u00e1rea de la kinesiolog\u00eda que personalmente le atrae. \u201cVer la perspectiva de profesionales de diversas \u00e1reas como m\u00e9dicos, enfermeros, fonoaudi\u00f3logos y kinesi\u00f3logos, aprender de los roles que cumple cada uno y la importancia del trabajo interdisciplinario dentro de la UPC. Es una experiencia totalmente recomendable para estudiantes y egresados ya que da la enorme oportunidad de conocer las diversas \u00e1reas de su carrera y ampliar sus posibilidades en un futuro cercano\u201d.<\/p>\n","protected":false},"excerpt":{"rendered":"<p>El objetivo de la actividad fue fortalecer el trabajo conjunto entre los distintos profesionales de la salud que se desempe\u00f1an en la unidad de pacientes cr\u00edticos de Chile.<\/p>\n","protected":false},"author":9192218,"featured_media":4344,"comment_status":"open","ping_status":"open","sticky":false,"template":"","format":"standard","meta":{"footnotes":""},"categories":[4],"tags":[],"class_list":["post-4343","post","type-post","status-publish","format-standard","has-post-thumbnail","hentry","category-noticias"],"yoast_head":"<!-- This site is optimized with the Yoast SEO plugin v26.9 - https:\/\/yoast.com\/product\/yoast-seo-wordpress\/ -->\n<title>Estudiantes de Kinesiolog\u00eda UDD participan en Congreso Interdisciplinario de Medicina Intensiva - Kinesiolog\u00eda<\/title>\n<meta name=\"robots\" content=\"index, follow, max-snippet:-1, max-image-preview:large, max-video-preview:-1\" \/>\n<link rel=\"canonical\" href=\"https:\/\/medicina.udd.cl\/kinesiologia-santiago\/noticias\/2019\/07\/04\/estudiantes-de-kinesiologia-udd-participan-en-congreso-interdisciplinario-de-medicina-intensiva\/\" \/>\n<meta property=\"og:locale\" content=\"es_ES\" \/>\n<meta property=\"og:type\" content=\"article\" \/>\n<meta property=\"og:title\" content=\"Estudiantes de Kinesiolog\u00eda UDD participan en Congreso Interdisciplinario de Medicina Intensiva - Kinesiolog\u00eda\" \/>\n<meta property=\"og:description\" content=\"El objetivo de la actividad fue fortalecer el trabajo conjunto entre los distintos profesionales de la salud que se desempe\u00f1an en la unidad de pacientes cr\u00edticos de Chile.\" \/>\n<meta property=\"og:url\" content=\"https:\/\/medicina.udd.cl\/kinesiologia-santiago\/noticias\/2019\/07\/04\/estudiantes-de-kinesiologia-udd-participan-en-congreso-interdisciplinario-de-medicina-intensiva\/\" \/>\n<meta property=\"og:site_name\" content=\"Kinesiolog\u00eda\" \/>\n<meta property=\"article:published_time\" content=\"2019-07-04T21:06:22+00:00\" \/>\n<meta property=\"og:image\" content=\"https:\/\/medicina.udd.cl\/kinesiologia-santiago\/files\/2019\/07\/k.jpg\" \/>\n\t<meta property=\"og:image:width\" content=\"877\" \/>\n\t<meta property=\"og:image:height\" content=\"585\" \/>\n\t<meta property=\"og:image:type\" content=\"image\/jpeg\" \/>\n<meta name=\"twitter:label1\" content=\"Escrito por\" \/>\n\t<meta name=\"twitter:data1\" content=\"\" \/>\n\t<meta name=\"twitter:label2\" content=\"Tiempo de lectura\" \/>\n\t<meta name=\"twitter:data2\" content=\"1 minuto\" \/>\n<script type=\"application\/ld+json\" class=\"yoast-schema-graph\">{\"@context\":\"https:\/\/schema.org\",\"@graph\":[{\"@type\":\"Article\",\"@id\":\"https:\/\/medicina.udd.cl\/kinesiologia-santiago\/noticias\/2019\/07\/04\/estudiantes-de-kinesiologia-udd-participan-en-congreso-interdisciplinario-de-medicina-intensiva\/#article\",\"isPartOf\":{\"@id\":\"https:\/\/medicina.udd.cl\/kinesiologia-santiago\/noticias\/2019\/07\/04\/estudiantes-de-kinesiologia-udd-participan-en-congreso-interdisciplinario-de-medicina-intensiva\/\"},\"author\":{\"name\":\"\",\"@id\":\"\"},\"headline\":\"Estudiantes de Kinesiolog\u00eda UDD participan en Congreso Interdisciplinario de Medicina Intensiva\",\"datePublished\":\"2019-07-04T21:06:22+00:00\",\"mainEntityOfPage\":{\"@id\":\"https:\/\/medicina.udd.cl\/kinesiologia-santiago\/noticias\/2019\/07\/04\/estudiantes-de-kinesiologia-udd-participan-en-congreso-interdisciplinario-de-medicina-intensiva\/\"},\"wordCount\":265,\"commentCount\":0,\"image\":{\"@id\":\"https:\/\/medicina.udd.cl\/kinesiologia-santiago\/noticias\/2019\/07\/04\/estudiantes-de-kinesiologia-udd-participan-en-congreso-interdisciplinario-de-medicina-intensiva\/#primaryimage\"},\"thumbnailUrl\":\"https:\/\/medicina.udd.cl\/kinesiologia-santiago\/files\/2019\/07\/k.jpg\",\"articleSection\":[\"Noticias\"],\"inLanguage\":\"es\",\"potentialAction\":[{\"@type\":\"CommentAction\",\"name\":\"Comment\",\"target\":[\"https:\/\/medicina.udd.cl\/kinesiologia-santiago\/noticias\/2019\/07\/04\/estudiantes-de-kinesiologia-udd-participan-en-congreso-interdisciplinario-de-medicina-intensiva\/#respond\"]}]},{\"@type\":\"WebPage\",\"@id\":\"https:\/\/medicina.udd.cl\/kinesiologia-santiago\/noticias\/2019\/07\/04\/estudiantes-de-kinesiologia-udd-participan-en-congreso-interdisciplinario-de-medicina-intensiva\/\",\"url\":\"https:\/\/medicina.udd.cl\/kinesiologia-santiago\/noticias\/2019\/07\/04\/estudiantes-de-kinesiologia-udd-participan-en-congreso-interdisciplinario-de-medicina-intensiva\/\",\"name\":\"Estudiantes de Kinesiolog\u00eda UDD participan en Congreso Interdisciplinario de Medicina Intensiva - Kinesiolog\u00eda\",\"isPartOf\":{\"@id\":\"https:\/\/medicina.udd.cl\/kinesiologia-santiago\/#website\"},\"primaryImageOfPage\":{\"@id\":\"https:\/\/medicina.udd.cl\/kinesiologia-santiago\/noticias\/2019\/07\/04\/estudiantes-de-kinesiologia-udd-participan-en-congreso-interdisciplinario-de-medicina-intensiva\/#primaryimage\"},\"image\":{\"@id\":\"https:\/\/medicina.udd.cl\/kinesiologia-santiago\/noticias\/2019\/07\/04\/estudiantes-de-kinesiologia-udd-participan-en-congreso-interdisciplinario-de-medicina-intensiva\/#primaryimage\"},\"thumbnailUrl\":\"https:\/\/medicina.udd.cl\/kinesiologia-santiago\/files\/2019\/07\/k.jpg\",\"datePublished\":\"2019-07-04T21:06:22+00:00\",\"author\":{\"@id\":\"\"},\"breadcrumb\":{\"@id\":\"https:\/\/medicina.udd.cl\/kinesiologia-santiago\/noticias\/2019\/07\/04\/estudiantes-de-kinesiologia-udd-participan-en-congreso-interdisciplinario-de-medicina-intensiva\/#breadcrumb\"},\"inLanguage\":\"es\",\"potentialAction\":[{\"@type\":\"ReadAction\",\"target\":[\"https:\/\/medicina.udd.cl\/kinesiologia-santiago\/noticias\/2019\/07\/04\/estudiantes-de-kinesiologia-udd-participan-en-congreso-interdisciplinario-de-medicina-intensiva\/\"]}]},{\"@type\":\"ImageObject\",\"inLanguage\":\"es\",\"@id\":\"https:\/\/medicina.udd.cl\/kinesiologia-santiago\/noticias\/2019\/07\/04\/estudiantes-de-kinesiologia-udd-participan-en-congreso-interdisciplinario-de-medicina-intensiva\/#primaryimage\",\"url\":\"https:\/\/medicina.udd.cl\/kinesiologia-santiago\/files\/2019\/07\/k.jpg\",\"contentUrl\":\"https:\/\/medicina.udd.cl\/kinesiologia-santiago\/files\/2019\/07\/k.jpg\",\"width\":877,\"height\":585},{\"@type\":\"BreadcrumbList\",\"@id\":\"https:\/\/medicina.udd.cl\/kinesiologia-santiago\/noticias\/2019\/07\/04\/estudiantes-de-kinesiologia-udd-participan-en-congreso-interdisciplinario-de-medicina-intensiva\/#breadcrumb\",\"itemListElement\":[{\"@type\":\"ListItem\",\"position\":1,\"name\":\"Home\",\"item\":\"https:\/\/medicina.udd.cl\/kinesiologia-santiago\/\"},{\"@type\":\"ListItem\",\"position\":2,\"name\":\"Estudiantes de Kinesiolog\u00eda UDD participan en Congreso Interdisciplinario de Medicina Intensiva\"}]},{\"@type\":\"WebSite\",\"@id\":\"https:\/\/medicina.udd.cl\/kinesiologia-santiago\/#website\",\"url\":\"https:\/\/medicina.udd.cl\/kinesiologia-santiago\/\",\"name\":\"Kinesiolog\u00eda\",\"description\":\"Facultad de Medicina Cl\u00ednica Alemana Universidad del Desarrollo\",\"inLanguage\":\"es\"},{\"@type\":\"Person\",\"@id\":\"\",\"url\":\"https:\/\/medicina.udd.cl\/kinesiologia-santiago\/noticias\/author\/\"}]}<\/script>\n<!-- \/ Yoast SEO plugin. -->","yoast_head_json":{"title":"Estudiantes de Kinesiolog\u00eda UDD participan en Congreso Interdisciplinario de Medicina Intensiva - Kinesiolog\u00eda","robots":{"index":"index","follow":"follow","max-snippet":"max-snippet:-1","max-image-preview":"max-image-preview:large","max-video-preview":"max-video-preview:-1"},"canonical":"https:\/\/medicina.udd.cl\/kinesiologia-santiago\/noticias\/2019\/07\/04\/estudiantes-de-kinesiologia-udd-participan-en-congreso-interdisciplinario-de-medicina-intensiva\/","og_locale":"es_ES","og_type":"article","og_title":"Estudiantes de Kinesiolog\u00eda UDD participan en Congreso Interdisciplinario de Medicina Intensiva - Kinesiolog\u00eda","og_description":"El objetivo de la actividad fue fortalecer el trabajo conjunto entre los distintos profesionales de la salud que se desempe\u00f1an en la unidad de pacientes cr\u00edticos de Chile.","og_url":"https:\/\/medicina.udd.cl\/kinesiologia-santiago\/noticias\/2019\/07\/04\/estudiantes-de-kinesiologia-udd-participan-en-congreso-interdisciplinario-de-medicina-intensiva\/","og_site_name":"Kinesiolog\u00eda","article_published_time":"2019-07-04T21:06:22+00:00","og_image":[{"width":877,"height":585,"url":"https:\/\/medicina.udd.cl\/kinesiologia-santiago\/files\/2019\/07\/k.jpg","type":"image\/jpeg"}],"twitter_misc":{"Escrito por":"","Tiempo de lectura":"1 minuto"},"schema":{"@context":"https:\/\/schema.org","@graph":[{"@type":"Article","@id":"https:\/\/medicina.udd.cl\/kinesiologia-santiago\/noticias\/2019\/07\/04\/estudiantes-de-kinesiologia-udd-participan-en-congreso-interdisciplinario-de-medicina-intensiva\/#article","isPartOf":{"@id":"https:\/\/medicina.udd.cl\/kinesiologia-santiago\/noticias\/2019\/07\/04\/estudiantes-de-kinesiologia-udd-participan-en-congreso-interdisciplinario-de-medicina-intensiva\/"},"author":{"name":"","@id":""},"headline":"Estudiantes de Kinesiolog\u00eda UDD participan en Congreso Interdisciplinario de Medicina Intensiva","datePublished":"2019-07-04T21:06:22+00:00","mainEntityOfPage":{"@id":"https:\/\/medicina.udd.cl\/kinesiologia-santiago\/noticias\/2019\/07\/04\/estudiantes-de-kinesiologia-udd-participan-en-congreso-interdisciplinario-de-medicina-intensiva\/"},"wordCount":265,"commentCount":0,"image":{"@id":"https:\/\/medicina.udd.cl\/kinesiologia-santiago\/noticias\/2019\/07\/04\/estudiantes-de-kinesiologia-udd-participan-en-congreso-interdisciplinario-de-medicina-intensiva\/#primaryimage"},"thumbnailUrl":"https:\/\/medicina.udd.cl\/kinesiologia-santiago\/files\/2019\/07\/k.jpg","articleSection":["Noticias"],"inLanguage":"es","potentialAction":[{"@type":"CommentAction","name":"Comment","target":["https:\/\/medicina.udd.cl\/kinesiologia-santiago\/noticias\/2019\/07\/04\/estudiantes-de-kinesiologia-udd-participan-en-congreso-interdisciplinario-de-medicina-intensiva\/#respond"]}]},{"@type":"WebPage","@id":"https:\/\/medicina.udd.cl\/kinesiologia-santiago\/noticias\/2019\/07\/04\/estudiantes-de-kinesiologia-udd-participan-en-congreso-interdisciplinario-de-medicina-intensiva\/","url":"https:\/\/medicina.udd.cl\/kinesiologia-santiago\/noticias\/2019\/07\/04\/estudiantes-de-kinesiologia-udd-participan-en-congreso-interdisciplinario-de-medicina-intensiva\/","name":"Estudiantes de Kinesiolog\u00eda UDD participan en Congreso Interdisciplinario de Medicina Intensiva - Kinesiolog\u00eda","isPartOf":{"@id":"https:\/\/medicina.udd.cl\/kinesiologia-santiago\/#website"},"primaryImageOfPage":{"@id":"https:\/\/medicina.udd.cl\/kinesiologia-santiago\/noticias\/2019\/07\/04\/estudiantes-de-kinesiologia-udd-participan-en-congreso-interdisciplinario-de-medicina-intensiva\/#primaryimage"},"image":{"@id":"https:\/\/medicina.udd.cl\/kinesiologia-santiago\/noticias\/2019\/07\/04\/estudiantes-de-kinesiologia-udd-participan-en-congreso-interdisciplinario-de-medicina-intensiva\/#primaryimage"},"thumbnailUrl":"https:\/\/medicina.udd.cl\/kinesiologia-santiago\/files\/2019\/07\/k.jpg","datePublished":"2019-07-04T21:06:22+00:00","author":{"@id":""},"breadcrumb":{"@id":"https:\/\/medicina.udd.cl\/kinesiologia-santiago\/noticias\/2019\/07\/04\/estudiantes-de-kinesiologia-udd-participan-en-congreso-interdisciplinario-de-medicina-intensiva\/#breadcrumb"},"inLanguage":"es","potentialAction":[{"@type":"ReadAction","target":["https:\/\/medicina.udd.cl\/kinesiologia-santiago\/noticias\/2019\/07\/04\/estudiantes-de-kinesiologia-udd-participan-en-congreso-interdisciplinario-de-medicina-intensiva\/"]}]},{"@type":"ImageObject","inLanguage":"es","@id":"https:\/\/medicina.udd.cl\/kinesiologia-santiago\/noticias\/2019\/07\/04\/estudiantes-de-kinesiologia-udd-participan-en-congreso-interdisciplinario-de-medicina-intensiva\/#primaryimage","url":"https:\/\/medicina.udd.cl\/kinesiologia-santiago\/files\/2019\/07\/k.jpg","contentUrl":"https:\/\/medicina.udd.cl\/kinesiologia-santiago\/files\/2019\/07\/k.jpg","width":877,"height":585},{"@type":"BreadcrumbList","@id":"https:\/\/medicina.udd.cl\/kinesiologia-santiago\/noticias\/2019\/07\/04\/estudiantes-de-kinesiologia-udd-participan-en-congreso-interdisciplinario-de-medicina-intensiva\/#breadcrumb","itemListElement":[{"@type":"ListItem","position":1,"name":"Home","item":"https:\/\/medicina.udd.cl\/kinesiologia-santiago\/"},{"@type":"ListItem","position":2,"name":"Estudiantes de Kinesiolog\u00eda UDD participan en Congreso Interdisciplinario de Medicina Intensiva"}]},{"@type":"WebSite","@id":"https:\/\/medicina.udd.cl\/kinesiologia-santiago\/#website","url":"https:\/\/medicina.udd.cl\/kinesiologia-santiago\/","name":"Kinesiolog\u00eda","description":"Facultad de Medicina Cl\u00ednica Alemana Universidad del Desarrollo","inLanguage":"es"},{"@type":"Person","@id":"","url":"https:\/\/medicina.udd.cl\/kinesiologia-santiago\/noticias\/author\/"}]}},"featured_image_url":"https:\/\/medicina.udd.cl\/kinesiologia-santiago\/files\/2019\/07\/k.jpg","_links":{"self":[{"href":"https:\/\/medicina.udd.cl\/kinesiologia-santiago\/wp-json\/wp\/v2\/posts\/4343","targetHints":{"allow":["GET"]}}],"collection":[{"href":"https:\/\/medicina.udd.cl\/kinesiologia-santiago\/wp-json\/wp\/v2\/posts"}],"about":[{"href":"https:\/\/medicina.udd.cl\/kinesiologia-santiago\/wp-json\/wp\/v2\/types\/post"}],"author":[{"embeddable":true,"href":"https:\/\/medicina.udd.cl\/kinesiologia-santiago\/wp-json\/wp\/v2\/users\/9192218"}],"replies":[{"embeddable":true,"href":"https:\/\/medicina.udd.cl\/kinesiologia-santiago\/wp-json\/wp\/v2\/comments?post=4343"}],"version-history":[{"count":0,"href":"https:\/\/medicina.udd.cl\/kinesiologia-santiago\/wp-json\/wp\/v2\/posts\/4343\/revisions"}],"wp:featuredmedia":[{"embeddable":true,"href":"https:\/\/medicina.udd.cl\/kinesiologia-santiago\/wp-json\/wp\/v2\/media\/4344"}],"wp:attachment":[{"href":"https:\/\/medicina.udd.cl\/kinesiologia-santiago\/wp-json\/wp\/v2\/media?parent=4343"}],"wp:term":[{"taxonomy":"category","embeddable":true,"href":"https:\/\/medicina.udd.cl\/kinesiologia-santiago\/wp-json\/wp\/v2\/categories?post=4343"},{"taxonomy":"post_tag","embeddable":true,"href":"https:\/\/medicina.udd.cl\/kinesiologia-santiago\/wp-json\/wp\/v2\/tags?post=4343"}],"curies":[{"name":"wp","href":"https:\/\/api.w.org\/{rel}","templated":true}]}}