{"id":4370,"date":"2019-08-06T11:49:25","date_gmt":"2019-08-06T15:49:25","guid":{"rendered":"http:\/\/medicina.udd.cl\/kinesiologia-santiago\/?p=4251"},"modified":"2019-12-22T22:33:13","modified_gmt":"2019-12-23T01:33:13","slug":"kinesiologa-udd-expone-en-jornada-sobre-dolor-en-poblaciones-vulnerables","status":"publish","type":"post","link":"https:\/\/medicina.udd.cl\/kinesiologia-santiago\/noticias\/2019\/08\/06\/kinesiologa-udd-expone-en-jornada-sobre-dolor-en-poblaciones-vulnerables\/","title":{"rendered":"Kinesi\u00f3loga UDD expone en jornada sobre Dolor en Poblaciones Vulnerables"},"content":{"rendered":"<div id=\"gallery-1\" class=\"carousel slide carousel-gallery\" data-ride=\"false\" data-interval=\"false\"><div class=\"carousel-inner\" role=\"listbox\"><figure class=\"carousel-item active\"><img loading=\"lazy\" decoding=\"async\" width=\"395\" height=\"526\" src=\"https:\/\/medicina.udd.cl\/kinesiologia-santiago\/files\/2019\/08\/kine1.jpg\" class=\"attachment-landscape_952 size-landscape_952\" alt=\"\" srcset=\"https:\/\/medicina.udd.cl\/kinesiologia-santiago\/files\/2019\/08\/kine1.jpg 395w, https:\/\/medicina.udd.cl\/kinesiologia-santiago\/files\/2019\/08\/kine1-225x300.jpg 225w\" sizes=\"auto, (max-width: 395px) 100vw, 395px\" \/><\/figure><figure class=\"carousel-item\"><img loading=\"lazy\" decoding=\"async\" width=\"952\" height=\"534\" src=\"https:\/\/medicina.udd.cl\/kinesiologia-santiago\/files\/2019\/08\/kine2-952x534.jpg\" class=\"attachment-landscape_952 size-landscape_952\" alt=\"\" srcset=\"https:\/\/medicina.udd.cl\/kinesiologia-santiago\/files\/2019\/08\/kine2-952x534.jpg 952w, https:\/\/medicina.udd.cl\/kinesiologia-santiago\/files\/2019\/08\/kine2-680x382.jpg 680w\" sizes=\"auto, (max-width: 952px) 100vw, 952px\" \/><\/figure><\/div><footer class=\"carousel-footer\"><div class=\"carousel-counter\"><span class=\"carousel-counter-current\"><\/span> \/ <span class=\"carousel-counter-total\"><\/span><\/div><a class=\"carousel-control-prev\" href=\"#gallery-1\" role=\"button\" data-slide=\"prev\"><svg aria-hidden=\"true\" class=\"svg-chevron-left-dims\"><use xlink:href='https:\/\/medicina.udd.cl\/kinesiologia-santiago\/wp-content\/themes\/facultades-2018\/assets\/img\/svg\/dist\/main.svg?version=1695853099#chevron-left'><\/use><\/svg><span class=\"sr-only\">Anterior<\/span><\/a><a class=\"carousel-control-next\" href=\"#gallery-1\" role=\"button\" data-slide=\"next\"><svg aria-hidden=\"true\" class=\"svg-chevron-right-dims\"><use xlink:href='https:\/\/medicina.udd.cl\/kinesiologia-santiago\/wp-content\/themes\/facultades-2018\/assets\/img\/svg\/dist\/main.svg?version=1695853099#chevron-right'><\/use><\/svg><span class=\"sr-only\">Siguiente<\/span><\/a><\/footer><\/div>\n<p>La coordinadora acad\u00e9mica del Mag\u00edster en Terapia F\u00edsica y de Rehabilitaci\u00f3n y del \u00e1rea m\u00fasculo-esquel\u00e9tico de Kinesiolog\u00eda de la Facultad Medicina Cl\u00ednica Alemana Universidad del Desarrollo, Mar\u00eda Jes\u00fas Mena, fue invitada a exponer en la jornada <em>Dolor en Poblaciones Vulnerables,<\/em> realizada en la Universidad de La Serena y organizada por la Asociaci\u00f3n Chilena para el Estudio del Dolor y Cuidados Paliativos (ACHED-CP).<\/p>\n<p>La actividad, enfocada en pacientes oncol\u00f3gicos y en personas adultos mayores, y donde Mena present\u00f3 el tema \u201cDolor cr\u00f3nico y Salud de la Mujer\u201d, incluy\u00f3 nueve presentaciones que abordaron la tem\u00e1tica del dolor cr\u00f3nico y los cuidados paliativos, tanto oncol\u00f3gico como no oncol\u00f3gico, en grupos de inter\u00e9s como ni\u00f1os, adultos mayores y mujer.<\/p>\n<p>Otros temas tratados en la jornada fueron la relevancia de un abordaje multidisciplinario, el enfoque farmacol\u00f3gico y no farmacol\u00f3gico y las estrategias terap\u00e9uticas disponibles para su abordaje.<\/p>\n<p>\u201cEsta actividad represent\u00f3 una oportunidad de acercar a la UDD a regiones, as\u00ed como presentar no s\u00f3lo la relevancia del abordaje del dolor cr\u00f3nico en las distintas poblaciones, sino adem\u00e1s relevar en particular el rol del kinesi\u00f3logo frente a dicha disfunci\u00f3n tan prevalente en Chile\u201d, se\u00f1al\u00f3 Mar\u00eda Jes\u00fas Mena.<\/p>\n","protected":false},"excerpt":{"rendered":"<p>Mar\u00eda Jes\u00fas Mena particip\u00f3 en la jornada organizada por la Asociaci\u00f3n Chilena para el Estudio del Dolor en la ciudad de La Serena<\/p>\n","protected":false},"author":9192219,"featured_media":4371,"comment_status":"open","ping_status":"open","sticky":false,"template":"","format":"standard","meta":{"footnotes":""},"categories":[4],"tags":[],"class_list":["post-4370","post","type-post","status-publish","format-standard","has-post-thumbnail","hentry","category-noticias"],"yoast_head":"<!-- This site is optimized with the Yoast SEO plugin v26.9 - https:\/\/yoast.com\/product\/yoast-seo-wordpress\/ -->\n<title>Kinesi\u00f3loga UDD expone en jornada sobre Dolor en Poblaciones Vulnerables - Kinesiolog\u00eda<\/title>\n<meta name=\"robots\" content=\"index, follow, max-snippet:-1, max-image-preview:large, max-video-preview:-1\" \/>\n<link rel=\"canonical\" href=\"https:\/\/medicina.udd.cl\/kinesiologia-santiago\/noticias\/2019\/08\/06\/kinesiologa-udd-expone-en-jornada-sobre-dolor-en-poblaciones-vulnerables\/\" \/>\n<meta property=\"og:locale\" content=\"es_ES\" \/>\n<meta property=\"og:type\" content=\"article\" \/>\n<meta property=\"og:title\" content=\"Kinesi\u00f3loga UDD expone en jornada sobre Dolor en Poblaciones Vulnerables - Kinesiolog\u00eda\" \/>\n<meta property=\"og:description\" content=\"Mar\u00eda Jes\u00fas Mena particip\u00f3 en la jornada organizada por la Asociaci\u00f3n Chilena para el Estudio del Dolor en la ciudad de La Serena\" \/>\n<meta property=\"og:url\" content=\"https:\/\/medicina.udd.cl\/kinesiologia-santiago\/noticias\/2019\/08\/06\/kinesiologa-udd-expone-en-jornada-sobre-dolor-en-poblaciones-vulnerables\/\" \/>\n<meta property=\"og:site_name\" content=\"Kinesiolog\u00eda\" \/>\n<meta property=\"article:published_time\" content=\"2019-08-06T15:49:25+00:00\" \/>\n<meta property=\"article:modified_time\" content=\"2019-12-23T01:33:13+00:00\" \/>\n<meta property=\"og:image\" content=\"https:\/\/medicina.udd.cl\/kinesiologia-santiago\/files\/2019\/08\/kine1.jpg\" \/>\n\t<meta property=\"og:image:width\" content=\"395\" \/>\n\t<meta property=\"og:image:height\" content=\"526\" \/>\n\t<meta property=\"og:image:type\" content=\"image\/jpeg\" \/>\n<meta name=\"author\" content=\"rbraidy\" \/>\n<meta name=\"twitter:label1\" content=\"Escrito por\" \/>\n\t<meta name=\"twitter:data1\" content=\"rbraidy\" \/>\n\t<meta name=\"twitter:label2\" content=\"Tiempo de lectura\" \/>\n\t<meta name=\"twitter:data2\" content=\"1 minuto\" \/>\n<script type=\"application\/ld+json\" class=\"yoast-schema-graph\">{\"@context\":\"https:\/\/schema.org\",\"@graph\":[{\"@type\":\"Article\",\"@id\":\"https:\/\/medicina.udd.cl\/kinesiologia-santiago\/noticias\/2019\/08\/06\/kinesiologa-udd-expone-en-jornada-sobre-dolor-en-poblaciones-vulnerables\/#article\",\"isPartOf\":{\"@id\":\"https:\/\/medicina.udd.cl\/kinesiologia-santiago\/noticias\/2019\/08\/06\/kinesiologa-udd-expone-en-jornada-sobre-dolor-en-poblaciones-vulnerables\/\"},\"author\":{\"name\":\"rbraidy\",\"@id\":\"https:\/\/medicina.udd.cl\/kinesiologia-santiago\/#\/schema\/person\/dbc3705bf3a93e8be1ba6de0ef950341\"},\"headline\":\"Kinesi\u00f3loga UDD expone en jornada sobre Dolor en Poblaciones Vulnerables\",\"datePublished\":\"2019-08-06T15:49:25+00:00\",\"dateModified\":\"2019-12-23T01:33:13+00:00\",\"mainEntityOfPage\":{\"@id\":\"https:\/\/medicina.udd.cl\/kinesiologia-santiago\/noticias\/2019\/08\/06\/kinesiologa-udd-expone-en-jornada-sobre-dolor-en-poblaciones-vulnerables\/\"},\"wordCount\":234,\"commentCount\":0,\"image\":{\"@id\":\"https:\/\/medicina.udd.cl\/kinesiologia-santiago\/noticias\/2019\/08\/06\/kinesiologa-udd-expone-en-jornada-sobre-dolor-en-poblaciones-vulnerables\/#primaryimage\"},\"thumbnailUrl\":\"https:\/\/medicina.udd.cl\/kinesiologia-santiago\/files\/2019\/08\/kine1.jpg\",\"articleSection\":[\"Noticias\"],\"inLanguage\":\"es\",\"potentialAction\":[{\"@type\":\"CommentAction\",\"name\":\"Comment\",\"target\":[\"https:\/\/medicina.udd.cl\/kinesiologia-santiago\/noticias\/2019\/08\/06\/kinesiologa-udd-expone-en-jornada-sobre-dolor-en-poblaciones-vulnerables\/#respond\"]}]},{\"@type\":\"WebPage\",\"@id\":\"https:\/\/medicina.udd.cl\/kinesiologia-santiago\/noticias\/2019\/08\/06\/kinesiologa-udd-expone-en-jornada-sobre-dolor-en-poblaciones-vulnerables\/\",\"url\":\"https:\/\/medicina.udd.cl\/kinesiologia-santiago\/noticias\/2019\/08\/06\/kinesiologa-udd-expone-en-jornada-sobre-dolor-en-poblaciones-vulnerables\/\",\"name\":\"Kinesi\u00f3loga UDD expone en jornada sobre Dolor en Poblaciones Vulnerables - Kinesiolog\u00eda\",\"isPartOf\":{\"@id\":\"https:\/\/medicina.udd.cl\/kinesiologia-santiago\/#website\"},\"primaryImageOfPage\":{\"@id\":\"https:\/\/medicina.udd.cl\/kinesiologia-santiago\/noticias\/2019\/08\/06\/kinesiologa-udd-expone-en-jornada-sobre-dolor-en-poblaciones-vulnerables\/#primaryimage\"},\"image\":{\"@id\":\"https:\/\/medicina.udd.cl\/kinesiologia-santiago\/noticias\/2019\/08\/06\/kinesiologa-udd-expone-en-jornada-sobre-dolor-en-poblaciones-vulnerables\/#primaryimage\"},\"thumbnailUrl\":\"https:\/\/medicina.udd.cl\/kinesiologia-santiago\/files\/2019\/08\/kine1.jpg\",\"datePublished\":\"2019-08-06T15:49:25+00:00\",\"dateModified\":\"2019-12-23T01:33:13+00:00\",\"author\":{\"@id\":\"https:\/\/medicina.udd.cl\/kinesiologia-santiago\/#\/schema\/person\/dbc3705bf3a93e8be1ba6de0ef950341\"},\"breadcrumb\":{\"@id\":\"https:\/\/medicina.udd.cl\/kinesiologia-santiago\/noticias\/2019\/08\/06\/kinesiologa-udd-expone-en-jornada-sobre-dolor-en-poblaciones-vulnerables\/#breadcrumb\"},\"inLanguage\":\"es\",\"potentialAction\":[{\"@type\":\"ReadAction\",\"target\":[\"https:\/\/medicina.udd.cl\/kinesiologia-santiago\/noticias\/2019\/08\/06\/kinesiologa-udd-expone-en-jornada-sobre-dolor-en-poblaciones-vulnerables\/\"]}]},{\"@type\":\"ImageObject\",\"inLanguage\":\"es\",\"@id\":\"https:\/\/medicina.udd.cl\/kinesiologia-santiago\/noticias\/2019\/08\/06\/kinesiologa-udd-expone-en-jornada-sobre-dolor-en-poblaciones-vulnerables\/#primaryimage\",\"url\":\"https:\/\/medicina.udd.cl\/kinesiologia-santiago\/files\/2019\/08\/kine1.jpg\",\"contentUrl\":\"https:\/\/medicina.udd.cl\/kinesiologia-santiago\/files\/2019\/08\/kine1.jpg\",\"width\":395,\"height\":526},{\"@type\":\"BreadcrumbList\",\"@id\":\"https:\/\/medicina.udd.cl\/kinesiologia-santiago\/noticias\/2019\/08\/06\/kinesiologa-udd-expone-en-jornada-sobre-dolor-en-poblaciones-vulnerables\/#breadcrumb\",\"itemListElement\":[{\"@type\":\"ListItem\",\"position\":1,\"name\":\"Home\",\"item\":\"https:\/\/medicina.udd.cl\/kinesiologia-santiago\/\"},{\"@type\":\"ListItem\",\"position\":2,\"name\":\"Kinesi\u00f3loga UDD expone en jornada sobre Dolor en Poblaciones Vulnerables\"}]},{\"@type\":\"WebSite\",\"@id\":\"https:\/\/medicina.udd.cl\/kinesiologia-santiago\/#website\",\"url\":\"https:\/\/medicina.udd.cl\/kinesiologia-santiago\/\",\"name\":\"Kinesiolog\u00eda\",\"description\":\"Facultad de Medicina Cl\u00ednica Alemana Universidad del Desarrollo\",\"inLanguage\":\"es\"},{\"@type\":\"Person\",\"@id\":\"https:\/\/medicina.udd.cl\/kinesiologia-santiago\/#\/schema\/person\/dbc3705bf3a93e8be1ba6de0ef950341\",\"name\":\"rbraidy\",\"image\":{\"@type\":\"ImageObject\",\"inLanguage\":\"es\",\"@id\":\"https:\/\/medicina.udd.cl\/kinesiologia-santiago\/#\/schema\/person\/image\/\",\"url\":\"https:\/\/secure.gravatar.com\/avatar\/0f8bc94637401590e45d2ce17eb65c274cb8870a219de6177f3f23e63fd8cdf3?s=96&d=mm&r=g\",\"contentUrl\":\"https:\/\/secure.gravatar.com\/avatar\/0f8bc94637401590e45d2ce17eb65c274cb8870a219de6177f3f23e63fd8cdf3?s=96&d=mm&r=g\",\"caption\":\"rbraidy\"},\"url\":\"https:\/\/medicina.udd.cl\/kinesiologia-santiago\/noticias\/author\/rbraidy\/\"}]}<\/script>\n<!-- \/ Yoast SEO plugin. -->","yoast_head_json":{"title":"Kinesi\u00f3loga UDD expone en jornada sobre Dolor en Poblaciones Vulnerables - Kinesiolog\u00eda","robots":{"index":"index","follow":"follow","max-snippet":"max-snippet:-1","max-image-preview":"max-image-preview:large","max-video-preview":"max-video-preview:-1"},"canonical":"https:\/\/medicina.udd.cl\/kinesiologia-santiago\/noticias\/2019\/08\/06\/kinesiologa-udd-expone-en-jornada-sobre-dolor-en-poblaciones-vulnerables\/","og_locale":"es_ES","og_type":"article","og_title":"Kinesi\u00f3loga UDD expone en jornada sobre Dolor en Poblaciones Vulnerables - Kinesiolog\u00eda","og_description":"Mar\u00eda Jes\u00fas Mena particip\u00f3 en la jornada organizada por la Asociaci\u00f3n Chilena para el Estudio del Dolor en la ciudad de La Serena","og_url":"https:\/\/medicina.udd.cl\/kinesiologia-santiago\/noticias\/2019\/08\/06\/kinesiologa-udd-expone-en-jornada-sobre-dolor-en-poblaciones-vulnerables\/","og_site_name":"Kinesiolog\u00eda","article_published_time":"2019-08-06T15:49:25+00:00","article_modified_time":"2019-12-23T01:33:13+00:00","og_image":[{"width":395,"height":526,"url":"https:\/\/medicina.udd.cl\/kinesiologia-santiago\/files\/2019\/08\/kine1.jpg","type":"image\/jpeg"}],"author":"rbraidy","twitter_misc":{"Escrito por":"rbraidy","Tiempo de lectura":"1 minuto"},"schema":{"@context":"https:\/\/schema.org","@graph":[{"@type":"Article","@id":"https:\/\/medicina.udd.cl\/kinesiologia-santiago\/noticias\/2019\/08\/06\/kinesiologa-udd-expone-en-jornada-sobre-dolor-en-poblaciones-vulnerables\/#article","isPartOf":{"@id":"https:\/\/medicina.udd.cl\/kinesiologia-santiago\/noticias\/2019\/08\/06\/kinesiologa-udd-expone-en-jornada-sobre-dolor-en-poblaciones-vulnerables\/"},"author":{"name":"rbraidy","@id":"https:\/\/medicina.udd.cl\/kinesiologia-santiago\/#\/schema\/person\/dbc3705bf3a93e8be1ba6de0ef950341"},"headline":"Kinesi\u00f3loga UDD expone en jornada sobre Dolor en Poblaciones Vulnerables","datePublished":"2019-08-06T15:49:25+00:00","dateModified":"2019-12-23T01:33:13+00:00","mainEntityOfPage":{"@id":"https:\/\/medicina.udd.cl\/kinesiologia-santiago\/noticias\/2019\/08\/06\/kinesiologa-udd-expone-en-jornada-sobre-dolor-en-poblaciones-vulnerables\/"},"wordCount":234,"commentCount":0,"image":{"@id":"https:\/\/medicina.udd.cl\/kinesiologia-santiago\/noticias\/2019\/08\/06\/kinesiologa-udd-expone-en-jornada-sobre-dolor-en-poblaciones-vulnerables\/#primaryimage"},"thumbnailUrl":"https:\/\/medicina.udd.cl\/kinesiologia-santiago\/files\/2019\/08\/kine1.jpg","articleSection":["Noticias"],"inLanguage":"es","potentialAction":[{"@type":"CommentAction","name":"Comment","target":["https:\/\/medicina.udd.cl\/kinesiologia-santiago\/noticias\/2019\/08\/06\/kinesiologa-udd-expone-en-jornada-sobre-dolor-en-poblaciones-vulnerables\/#respond"]}]},{"@type":"WebPage","@id":"https:\/\/medicina.udd.cl\/kinesiologia-santiago\/noticias\/2019\/08\/06\/kinesiologa-udd-expone-en-jornada-sobre-dolor-en-poblaciones-vulnerables\/","url":"https:\/\/medicina.udd.cl\/kinesiologia-santiago\/noticias\/2019\/08\/06\/kinesiologa-udd-expone-en-jornada-sobre-dolor-en-poblaciones-vulnerables\/","name":"Kinesi\u00f3loga UDD expone en jornada sobre Dolor en Poblaciones Vulnerables - Kinesiolog\u00eda","isPartOf":{"@id":"https:\/\/medicina.udd.cl\/kinesiologia-santiago\/#website"},"primaryImageOfPage":{"@id":"https:\/\/medicina.udd.cl\/kinesiologia-santiago\/noticias\/2019\/08\/06\/kinesiologa-udd-expone-en-jornada-sobre-dolor-en-poblaciones-vulnerables\/#primaryimage"},"image":{"@id":"https:\/\/medicina.udd.cl\/kinesiologia-santiago\/noticias\/2019\/08\/06\/kinesiologa-udd-expone-en-jornada-sobre-dolor-en-poblaciones-vulnerables\/#primaryimage"},"thumbnailUrl":"https:\/\/medicina.udd.cl\/kinesiologia-santiago\/files\/2019\/08\/kine1.jpg","datePublished":"2019-08-06T15:49:25+00:00","dateModified":"2019-12-23T01:33:13+00:00","author":{"@id":"https:\/\/medicina.udd.cl\/kinesiologia-santiago\/#\/schema\/person\/dbc3705bf3a93e8be1ba6de0ef950341"},"breadcrumb":{"@id":"https:\/\/medicina.udd.cl\/kinesiologia-santiago\/noticias\/2019\/08\/06\/kinesiologa-udd-expone-en-jornada-sobre-dolor-en-poblaciones-vulnerables\/#breadcrumb"},"inLanguage":"es","potentialAction":[{"@type":"ReadAction","target":["https:\/\/medicina.udd.cl\/kinesiologia-santiago\/noticias\/2019\/08\/06\/kinesiologa-udd-expone-en-jornada-sobre-dolor-en-poblaciones-vulnerables\/"]}]},{"@type":"ImageObject","inLanguage":"es","@id":"https:\/\/medicina.udd.cl\/kinesiologia-santiago\/noticias\/2019\/08\/06\/kinesiologa-udd-expone-en-jornada-sobre-dolor-en-poblaciones-vulnerables\/#primaryimage","url":"https:\/\/medicina.udd.cl\/kinesiologia-santiago\/files\/2019\/08\/kine1.jpg","contentUrl":"https:\/\/medicina.udd.cl\/kinesiologia-santiago\/files\/2019\/08\/kine1.jpg","width":395,"height":526},{"@type":"BreadcrumbList","@id":"https:\/\/medicina.udd.cl\/kinesiologia-santiago\/noticias\/2019\/08\/06\/kinesiologa-udd-expone-en-jornada-sobre-dolor-en-poblaciones-vulnerables\/#breadcrumb","itemListElement":[{"@type":"ListItem","position":1,"name":"Home","item":"https:\/\/medicina.udd.cl\/kinesiologia-santiago\/"},{"@type":"ListItem","position":2,"name":"Kinesi\u00f3loga UDD expone en jornada sobre Dolor en Poblaciones Vulnerables"}]},{"@type":"WebSite","@id":"https:\/\/medicina.udd.cl\/kinesiologia-santiago\/#website","url":"https:\/\/medicina.udd.cl\/kinesiologia-santiago\/","name":"Kinesiolog\u00eda","description":"Facultad de Medicina Cl\u00ednica Alemana Universidad del Desarrollo","inLanguage":"es"},{"@type":"Person","@id":"https:\/\/medicina.udd.cl\/kinesiologia-santiago\/#\/schema\/person\/dbc3705bf3a93e8be1ba6de0ef950341","name":"rbraidy","image":{"@type":"ImageObject","inLanguage":"es","@id":"https:\/\/medicina.udd.cl\/kinesiologia-santiago\/#\/schema\/person\/image\/","url":"https:\/\/secure.gravatar.com\/avatar\/0f8bc94637401590e45d2ce17eb65c274cb8870a219de6177f3f23e63fd8cdf3?s=96&d=mm&r=g","contentUrl":"https:\/\/secure.gravatar.com\/avatar\/0f8bc94637401590e45d2ce17eb65c274cb8870a219de6177f3f23e63fd8cdf3?s=96&d=mm&r=g","caption":"rbraidy"},"url":"https:\/\/medicina.udd.cl\/kinesiologia-santiago\/noticias\/author\/rbraidy\/"}]}},"featured_image_url":"https:\/\/medicina.udd.cl\/kinesiologia-santiago\/files\/2019\/08\/kine1.jpg","_links":{"self":[{"href":"https:\/\/medicina.udd.cl\/kinesiologia-santiago\/wp-json\/wp\/v2\/posts\/4370","targetHints":{"allow":["GET"]}}],"collection":[{"href":"https:\/\/medicina.udd.cl\/kinesiologia-santiago\/wp-json\/wp\/v2\/posts"}],"about":[{"href":"https:\/\/medicina.udd.cl\/kinesiologia-santiago\/wp-json\/wp\/v2\/types\/post"}],"author":[{"embeddable":true,"href":"https:\/\/medicina.udd.cl\/kinesiologia-santiago\/wp-json\/wp\/v2\/users\/9192219"}],"replies":[{"embeddable":true,"href":"https:\/\/medicina.udd.cl\/kinesiologia-santiago\/wp-json\/wp\/v2\/comments?post=4370"}],"version-history":[{"count":1,"href":"https:\/\/medicina.udd.cl\/kinesiologia-santiago\/wp-json\/wp\/v2\/posts\/4370\/revisions"}],"predecessor-version":[{"id":4403,"href":"https:\/\/medicina.udd.cl\/kinesiologia-santiago\/wp-json\/wp\/v2\/posts\/4370\/revisions\/4403"}],"wp:featuredmedia":[{"embeddable":true,"href":"https:\/\/medicina.udd.cl\/kinesiologia-santiago\/wp-json\/wp\/v2\/media\/4371"}],"wp:attachment":[{"href":"https:\/\/medicina.udd.cl\/kinesiologia-santiago\/wp-json\/wp\/v2\/media?parent=4370"}],"wp:term":[{"taxonomy":"category","embeddable":true,"href":"https:\/\/medicina.udd.cl\/kinesiologia-santiago\/wp-json\/wp\/v2\/categories?post=4370"},{"taxonomy":"post_tag","embeddable":true,"href":"https:\/\/medicina.udd.cl\/kinesiologia-santiago\/wp-json\/wp\/v2\/tags?post=4370"}],"curies":[{"name":"wp","href":"https:\/\/api.w.org\/{rel}","templated":true}]}}