{"id":4668,"date":"2020-06-25T17:28:16","date_gmt":"2020-06-25T21:28:16","guid":{"rendered":"http:\/\/medicina.udd.cl\/kinesiologia-santiago\/?p=4668"},"modified":"2020-06-25T17:28:17","modified_gmt":"2020-06-25T21:28:17","slug":"internos-de-kinesiologia-se-incorporan-a-campos-clinicos","status":"publish","type":"post","link":"https:\/\/medicina.udd.cl\/kinesiologia-santiago\/noticias\/2020\/06\/25\/internos-de-kinesiologia-se-incorporan-a-campos-clinicos\/","title":{"rendered":"Internos de kinesiolog\u00eda se incorporan a campos cl\u00ednicos"},"content":{"rendered":"<div id=\"gallery-1\" class=\"carousel slide carousel-gallery\" data-ride=\"false\" data-interval=\"false\"><div class=\"carousel-inner\" role=\"listbox\"><figure class=\"carousel-item active\"><img loading=\"lazy\" decoding=\"async\" width=\"952\" height=\"534\" src=\"https:\/\/medicina.udd.cl\/kinesiologia-santiago\/files\/2020\/06\/PHOTO-2020-06-25-15-50-54-952x534.jpg\" class=\"attachment-landscape_952 size-landscape_952\" alt=\"\" srcset=\"https:\/\/medicina.udd.cl\/kinesiologia-santiago\/files\/2020\/06\/PHOTO-2020-06-25-15-50-54-952x534.jpg 952w, https:\/\/medicina.udd.cl\/kinesiologia-santiago\/files\/2020\/06\/PHOTO-2020-06-25-15-50-54-680x382.jpg 680w\" sizes=\"auto, (max-width: 952px) 100vw, 952px\" \/><\/figure><figure class=\"carousel-item\"><img loading=\"lazy\" decoding=\"async\" width=\"952\" height=\"534\" src=\"https:\/\/medicina.udd.cl\/kinesiologia-santiago\/files\/2020\/06\/PHOTO-2020-06-25-15-50-49-952x534.jpg\" class=\"attachment-landscape_952 size-landscape_952\" alt=\"\" srcset=\"https:\/\/medicina.udd.cl\/kinesiologia-santiago\/files\/2020\/06\/PHOTO-2020-06-25-15-50-49-952x534.jpg 952w, https:\/\/medicina.udd.cl\/kinesiologia-santiago\/files\/2020\/06\/PHOTO-2020-06-25-15-50-49-680x382.jpg 680w\" sizes=\"auto, (max-width: 952px) 100vw, 952px\" \/><\/figure><figure class=\"carousel-item\"><img loading=\"lazy\" decoding=\"async\" width=\"952\" height=\"534\" src=\"https:\/\/medicina.udd.cl\/kinesiologia-santiago\/files\/2020\/06\/PHOTO-2020-06-25-15-50-51-952x534.jpg\" class=\"attachment-landscape_952 size-landscape_952\" alt=\"\" srcset=\"https:\/\/medicina.udd.cl\/kinesiologia-santiago\/files\/2020\/06\/PHOTO-2020-06-25-15-50-51-952x534.jpg 952w, https:\/\/medicina.udd.cl\/kinesiologia-santiago\/files\/2020\/06\/PHOTO-2020-06-25-15-50-51-680x382.jpg 680w\" sizes=\"auto, (max-width: 952px) 100vw, 952px\" \/><\/figure><figure class=\"carousel-item\"><img loading=\"lazy\" decoding=\"async\" width=\"952\" height=\"534\" src=\"https:\/\/medicina.udd.cl\/kinesiologia-santiago\/files\/2020\/06\/PHOTO-2020-06-25-15-50-54-1-952x534.jpg\" class=\"attachment-landscape_952 size-landscape_952\" alt=\"\" srcset=\"https:\/\/medicina.udd.cl\/kinesiologia-santiago\/files\/2020\/06\/PHOTO-2020-06-25-15-50-54-1-952x534.jpg 952w, https:\/\/medicina.udd.cl\/kinesiologia-santiago\/files\/2020\/06\/PHOTO-2020-06-25-15-50-54-1-680x382.jpg 680w\" sizes=\"auto, (max-width: 952px) 100vw, 952px\" \/><\/figure><figure class=\"carousel-item\"><img loading=\"lazy\" decoding=\"async\" width=\"952\" height=\"534\" src=\"https:\/\/medicina.udd.cl\/kinesiologia-santiago\/files\/2020\/06\/PHOTO-2020-06-25-15-50-50-952x534.jpg\" class=\"attachment-landscape_952 size-landscape_952\" alt=\"\" srcset=\"https:\/\/medicina.udd.cl\/kinesiologia-santiago\/files\/2020\/06\/PHOTO-2020-06-25-15-50-50-952x534.jpg 952w, https:\/\/medicina.udd.cl\/kinesiologia-santiago\/files\/2020\/06\/PHOTO-2020-06-25-15-50-50-680x382.jpg 680w\" sizes=\"auto, (max-width: 952px) 100vw, 952px\" \/><\/figure><\/div><footer class=\"carousel-footer\"><div class=\"carousel-counter\"><span class=\"carousel-counter-current\"><\/span> \/ <span class=\"carousel-counter-total\"><\/span><\/div><a class=\"carousel-control-prev\" href=\"#gallery-1\" role=\"button\" data-slide=\"prev\"><svg aria-hidden=\"true\" class=\"svg-chevron-left-dims\"><use xlink:href='https:\/\/medicina.udd.cl\/kinesiologia-santiago\/wp-content\/themes\/facultades-2018\/assets\/img\/svg\/dist\/main.svg?version=1695853099#chevron-left'><\/use><\/svg><span class=\"sr-only\">Anterior<\/span><\/a><a class=\"carousel-control-next\" href=\"#gallery-1\" role=\"button\" data-slide=\"next\"><svg aria-hidden=\"true\" class=\"svg-chevron-right-dims\"><use xlink:href='https:\/\/medicina.udd.cl\/kinesiologia-santiago\/wp-content\/themes\/facultades-2018\/assets\/img\/svg\/dist\/main.svg?version=1695853099#chevron-right'><\/use><\/svg><span class=\"sr-only\">Siguiente<\/span><\/a><\/footer><\/div>\n\n\n<p>Con el objetivo de aportar a la crisis sanitaria y que los estudiantes aprendan desde la experiencia, los internos de la carrera de Kinesiolog\u00eda de la Facultad de Medicina Cl\u00ednica Alemana Universidad del Desarrollo se est\u00e1n incorporando a sus funciones acad\u00e9micas en algunos centros cl\u00ednicos de mediana y alta complejidad, previa autorizaci\u00f3n de la autoridad sanitaria. Estos centros m\u00e9dicos son del \u00e1rea del deporte, manejo del paciente geri\u00e1trico y atenci\u00f3n de pacientes con problemas derivados por el Covid-19.<\/p>\n\n\n\n<p>En este contexto, el coordinador acad\u00e9mico de Kinesiolog\u00eda UDD, Ra\u00fal Ahumada, indic\u00f3 que el jueves 25 de junio, ingresaron cinco internos al Departamento de Paciente Cr\u00edtico de Cl\u00ednica Alemana, a cargo del tutor Rodrigo P\u00e9rez.<\/p>\n\n\n\n<p>Ahumada destac\u00f3 que, durante todo este tiempo los internos se han estado capacitando a trav\u00e9s de dos cursos principalmente: el de \u201cActualizaci\u00f3n en tiempos de pandemia\u201d, que imparti\u00f3 la Facultad de Medicina; y el de \u201cManejo kin\u00e9sico del Covid\u201d, con temas m\u00e1s espec\u00edficos donde los estudiantes vieron desde sistemas de apoyo, oxigenoterapia, ventilaci\u00f3n mec\u00e1nica invasiva y no invasiva y manejo precoz de la rehabilitaci\u00f3n del paciente con larga estad\u00eda en UPC.<\/p>\n\n\n\n<p>\u201cEl prop\u00f3sito es darles las herramientas para que los estudiantes se puedan acercar y apoyar justamente a los kinesi\u00f3logos en el manejo de esta enfermedad en un escenario de pandemia\u201d, se\u00f1al\u00f3 el Coordinador Acad\u00e9mico.<\/p>\n","protected":false},"excerpt":{"rendered":"<p>Con el objetivo de aportar a la crisis sanitaria y que los estudiantes aprendan desde la experiencia, los internos de la carrera de Kinesiolog\u00eda de la Facultad de Medicina Cl\u00ednica Alemana Universidad del Desarrollo se est\u00e1n incorporando a sus funciones acad\u00e9micas en algunos centros cl\u00ednicos de mediana y alta complejidad, previa autorizaci\u00f3n de la autoridad [&hellip;]<\/p>\n","protected":false},"author":9192219,"featured_media":4671,"comment_status":"open","ping_status":"open","sticky":false,"template":"","format":"standard","meta":{"footnotes":""},"categories":[4],"tags":[],"class_list":["post-4668","post","type-post","status-publish","format-standard","has-post-thumbnail","hentry","category-noticias"],"yoast_head":"<!-- This site is optimized with the Yoast SEO plugin v26.9 - https:\/\/yoast.com\/product\/yoast-seo-wordpress\/ -->\n<title>Internos de kinesiolog\u00eda se incorporan a campos cl\u00ednicos - Kinesiolog\u00eda<\/title>\n<meta name=\"robots\" content=\"index, follow, max-snippet:-1, max-image-preview:large, max-video-preview:-1\" \/>\n<link rel=\"canonical\" href=\"https:\/\/medicina.udd.cl\/kinesiologia-santiago\/noticias\/2020\/06\/25\/internos-de-kinesiologia-se-incorporan-a-campos-clinicos\/\" \/>\n<meta property=\"og:locale\" content=\"es_ES\" \/>\n<meta property=\"og:type\" content=\"article\" \/>\n<meta property=\"og:title\" content=\"Internos de kinesiolog\u00eda se incorporan a campos cl\u00ednicos - Kinesiolog\u00eda\" \/>\n<meta property=\"og:description\" content=\"Con el objetivo de aportar a la crisis sanitaria y que los estudiantes aprendan desde la experiencia, los internos de la carrera de Kinesiolog\u00eda de la Facultad de Medicina Cl\u00ednica Alemana Universidad del Desarrollo se est\u00e1n incorporando a sus funciones acad\u00e9micas en algunos centros cl\u00ednicos de mediana y alta complejidad, previa autorizaci\u00f3n de la autoridad [&hellip;]\" \/>\n<meta property=\"og:url\" content=\"https:\/\/medicina.udd.cl\/kinesiologia-santiago\/noticias\/2020\/06\/25\/internos-de-kinesiologia-se-incorporan-a-campos-clinicos\/\" \/>\n<meta property=\"og:site_name\" content=\"Kinesiolog\u00eda\" \/>\n<meta property=\"article:published_time\" content=\"2020-06-25T21:28:16+00:00\" \/>\n<meta property=\"article:modified_time\" content=\"2020-06-25T21:28:17+00:00\" \/>\n<meta property=\"og:image\" content=\"https:\/\/medicina.udd.cl\/kinesiologia-santiago\/files\/2020\/06\/PHOTO-2020-06-25-15-50-53.jpg\" \/>\n\t<meta property=\"og:image:width\" content=\"1280\" \/>\n\t<meta property=\"og:image:height\" content=\"960\" \/>\n\t<meta property=\"og:image:type\" content=\"image\/jpeg\" \/>\n<meta name=\"author\" content=\"rbraidy\" \/>\n<meta name=\"twitter:label1\" content=\"Escrito por\" \/>\n\t<meta name=\"twitter:data1\" content=\"rbraidy\" \/>\n\t<meta name=\"twitter:label2\" content=\"Tiempo de lectura\" \/>\n\t<meta name=\"twitter:data2\" content=\"1 minuto\" \/>\n<script type=\"application\/ld+json\" class=\"yoast-schema-graph\">{\"@context\":\"https:\/\/schema.org\",\"@graph\":[{\"@type\":\"Article\",\"@id\":\"https:\/\/medicina.udd.cl\/kinesiologia-santiago\/noticias\/2020\/06\/25\/internos-de-kinesiologia-se-incorporan-a-campos-clinicos\/#article\",\"isPartOf\":{\"@id\":\"https:\/\/medicina.udd.cl\/kinesiologia-santiago\/noticias\/2020\/06\/25\/internos-de-kinesiologia-se-incorporan-a-campos-clinicos\/\"},\"author\":{\"name\":\"rbraidy\",\"@id\":\"https:\/\/medicina.udd.cl\/kinesiologia-santiago\/#\/schema\/person\/dbc3705bf3a93e8be1ba6de0ef950341\"},\"headline\":\"Internos de kinesiolog\u00eda se incorporan a campos cl\u00ednicos\",\"datePublished\":\"2020-06-25T21:28:16+00:00\",\"dateModified\":\"2020-06-25T21:28:17+00:00\",\"mainEntityOfPage\":{\"@id\":\"https:\/\/medicina.udd.cl\/kinesiologia-santiago\/noticias\/2020\/06\/25\/internos-de-kinesiologia-se-incorporan-a-campos-clinicos\/\"},\"wordCount\":257,\"commentCount\":0,\"image\":{\"@id\":\"https:\/\/medicina.udd.cl\/kinesiologia-santiago\/noticias\/2020\/06\/25\/internos-de-kinesiologia-se-incorporan-a-campos-clinicos\/#primaryimage\"},\"thumbnailUrl\":\"https:\/\/medicina.udd.cl\/kinesiologia-santiago\/files\/2020\/06\/PHOTO-2020-06-25-15-50-53.jpg\",\"articleSection\":[\"Noticias\"],\"inLanguage\":\"es\",\"potentialAction\":[{\"@type\":\"CommentAction\",\"name\":\"Comment\",\"target\":[\"https:\/\/medicina.udd.cl\/kinesiologia-santiago\/noticias\/2020\/06\/25\/internos-de-kinesiologia-se-incorporan-a-campos-clinicos\/#respond\"]}]},{\"@type\":\"WebPage\",\"@id\":\"https:\/\/medicina.udd.cl\/kinesiologia-santiago\/noticias\/2020\/06\/25\/internos-de-kinesiologia-se-incorporan-a-campos-clinicos\/\",\"url\":\"https:\/\/medicina.udd.cl\/kinesiologia-santiago\/noticias\/2020\/06\/25\/internos-de-kinesiologia-se-incorporan-a-campos-clinicos\/\",\"name\":\"Internos de kinesiolog\u00eda se incorporan a campos cl\u00ednicos - Kinesiolog\u00eda\",\"isPartOf\":{\"@id\":\"https:\/\/medicina.udd.cl\/kinesiologia-santiago\/#website\"},\"primaryImageOfPage\":{\"@id\":\"https:\/\/medicina.udd.cl\/kinesiologia-santiago\/noticias\/2020\/06\/25\/internos-de-kinesiologia-se-incorporan-a-campos-clinicos\/#primaryimage\"},\"image\":{\"@id\":\"https:\/\/medicina.udd.cl\/kinesiologia-santiago\/noticias\/2020\/06\/25\/internos-de-kinesiologia-se-incorporan-a-campos-clinicos\/#primaryimage\"},\"thumbnailUrl\":\"https:\/\/medicina.udd.cl\/kinesiologia-santiago\/files\/2020\/06\/PHOTO-2020-06-25-15-50-53.jpg\",\"datePublished\":\"2020-06-25T21:28:16+00:00\",\"dateModified\":\"2020-06-25T21:28:17+00:00\",\"author\":{\"@id\":\"https:\/\/medicina.udd.cl\/kinesiologia-santiago\/#\/schema\/person\/dbc3705bf3a93e8be1ba6de0ef950341\"},\"breadcrumb\":{\"@id\":\"https:\/\/medicina.udd.cl\/kinesiologia-santiago\/noticias\/2020\/06\/25\/internos-de-kinesiologia-se-incorporan-a-campos-clinicos\/#breadcrumb\"},\"inLanguage\":\"es\",\"potentialAction\":[{\"@type\":\"ReadAction\",\"target\":[\"https:\/\/medicina.udd.cl\/kinesiologia-santiago\/noticias\/2020\/06\/25\/internos-de-kinesiologia-se-incorporan-a-campos-clinicos\/\"]}]},{\"@type\":\"ImageObject\",\"inLanguage\":\"es\",\"@id\":\"https:\/\/medicina.udd.cl\/kinesiologia-santiago\/noticias\/2020\/06\/25\/internos-de-kinesiologia-se-incorporan-a-campos-clinicos\/#primaryimage\",\"url\":\"https:\/\/medicina.udd.cl\/kinesiologia-santiago\/files\/2020\/06\/PHOTO-2020-06-25-15-50-53.jpg\",\"contentUrl\":\"https:\/\/medicina.udd.cl\/kinesiologia-santiago\/files\/2020\/06\/PHOTO-2020-06-25-15-50-53.jpg\",\"width\":1280,\"height\":960},{\"@type\":\"BreadcrumbList\",\"@id\":\"https:\/\/medicina.udd.cl\/kinesiologia-santiago\/noticias\/2020\/06\/25\/internos-de-kinesiologia-se-incorporan-a-campos-clinicos\/#breadcrumb\",\"itemListElement\":[{\"@type\":\"ListItem\",\"position\":1,\"name\":\"Home\",\"item\":\"https:\/\/medicina.udd.cl\/kinesiologia-santiago\/\"},{\"@type\":\"ListItem\",\"position\":2,\"name\":\"Internos de kinesiolog\u00eda se incorporan a campos cl\u00ednicos\"}]},{\"@type\":\"WebSite\",\"@id\":\"https:\/\/medicina.udd.cl\/kinesiologia-santiago\/#website\",\"url\":\"https:\/\/medicina.udd.cl\/kinesiologia-santiago\/\",\"name\":\"Kinesiolog\u00eda\",\"description\":\"Facultad de Medicina Cl\u00ednica Alemana Universidad del Desarrollo\",\"inLanguage\":\"es\"},{\"@type\":\"Person\",\"@id\":\"https:\/\/medicina.udd.cl\/kinesiologia-santiago\/#\/schema\/person\/dbc3705bf3a93e8be1ba6de0ef950341\",\"name\":\"rbraidy\",\"image\":{\"@type\":\"ImageObject\",\"inLanguage\":\"es\",\"@id\":\"https:\/\/medicina.udd.cl\/kinesiologia-santiago\/#\/schema\/person\/image\/\",\"url\":\"https:\/\/secure.gravatar.com\/avatar\/0f8bc94637401590e45d2ce17eb65c274cb8870a219de6177f3f23e63fd8cdf3?s=96&d=mm&r=g\",\"contentUrl\":\"https:\/\/secure.gravatar.com\/avatar\/0f8bc94637401590e45d2ce17eb65c274cb8870a219de6177f3f23e63fd8cdf3?s=96&d=mm&r=g\",\"caption\":\"rbraidy\"},\"url\":\"https:\/\/medicina.udd.cl\/kinesiologia-santiago\/noticias\/author\/rbraidy\/\"}]}<\/script>\n<!-- \/ Yoast SEO plugin. -->","yoast_head_json":{"title":"Internos de kinesiolog\u00eda se incorporan a campos cl\u00ednicos - Kinesiolog\u00eda","robots":{"index":"index","follow":"follow","max-snippet":"max-snippet:-1","max-image-preview":"max-image-preview:large","max-video-preview":"max-video-preview:-1"},"canonical":"https:\/\/medicina.udd.cl\/kinesiologia-santiago\/noticias\/2020\/06\/25\/internos-de-kinesiologia-se-incorporan-a-campos-clinicos\/","og_locale":"es_ES","og_type":"article","og_title":"Internos de kinesiolog\u00eda se incorporan a campos cl\u00ednicos - Kinesiolog\u00eda","og_description":"Con el objetivo de aportar a la crisis sanitaria y que los estudiantes aprendan desde la experiencia, los internos de la carrera de Kinesiolog\u00eda de la Facultad de Medicina Cl\u00ednica Alemana Universidad del Desarrollo se est\u00e1n incorporando a sus funciones acad\u00e9micas en algunos centros cl\u00ednicos de mediana y alta complejidad, previa autorizaci\u00f3n de la autoridad [&hellip;]","og_url":"https:\/\/medicina.udd.cl\/kinesiologia-santiago\/noticias\/2020\/06\/25\/internos-de-kinesiologia-se-incorporan-a-campos-clinicos\/","og_site_name":"Kinesiolog\u00eda","article_published_time":"2020-06-25T21:28:16+00:00","article_modified_time":"2020-06-25T21:28:17+00:00","og_image":[{"width":1280,"height":960,"url":"https:\/\/medicina.udd.cl\/kinesiologia-santiago\/files\/2020\/06\/PHOTO-2020-06-25-15-50-53.jpg","type":"image\/jpeg"}],"author":"rbraidy","twitter_misc":{"Escrito por":"rbraidy","Tiempo de lectura":"1 minuto"},"schema":{"@context":"https:\/\/schema.org","@graph":[{"@type":"Article","@id":"https:\/\/medicina.udd.cl\/kinesiologia-santiago\/noticias\/2020\/06\/25\/internos-de-kinesiologia-se-incorporan-a-campos-clinicos\/#article","isPartOf":{"@id":"https:\/\/medicina.udd.cl\/kinesiologia-santiago\/noticias\/2020\/06\/25\/internos-de-kinesiologia-se-incorporan-a-campos-clinicos\/"},"author":{"name":"rbraidy","@id":"https:\/\/medicina.udd.cl\/kinesiologia-santiago\/#\/schema\/person\/dbc3705bf3a93e8be1ba6de0ef950341"},"headline":"Internos de kinesiolog\u00eda se incorporan a campos cl\u00ednicos","datePublished":"2020-06-25T21:28:16+00:00","dateModified":"2020-06-25T21:28:17+00:00","mainEntityOfPage":{"@id":"https:\/\/medicina.udd.cl\/kinesiologia-santiago\/noticias\/2020\/06\/25\/internos-de-kinesiologia-se-incorporan-a-campos-clinicos\/"},"wordCount":257,"commentCount":0,"image":{"@id":"https:\/\/medicina.udd.cl\/kinesiologia-santiago\/noticias\/2020\/06\/25\/internos-de-kinesiologia-se-incorporan-a-campos-clinicos\/#primaryimage"},"thumbnailUrl":"https:\/\/medicina.udd.cl\/kinesiologia-santiago\/files\/2020\/06\/PHOTO-2020-06-25-15-50-53.jpg","articleSection":["Noticias"],"inLanguage":"es","potentialAction":[{"@type":"CommentAction","name":"Comment","target":["https:\/\/medicina.udd.cl\/kinesiologia-santiago\/noticias\/2020\/06\/25\/internos-de-kinesiologia-se-incorporan-a-campos-clinicos\/#respond"]}]},{"@type":"WebPage","@id":"https:\/\/medicina.udd.cl\/kinesiologia-santiago\/noticias\/2020\/06\/25\/internos-de-kinesiologia-se-incorporan-a-campos-clinicos\/","url":"https:\/\/medicina.udd.cl\/kinesiologia-santiago\/noticias\/2020\/06\/25\/internos-de-kinesiologia-se-incorporan-a-campos-clinicos\/","name":"Internos de kinesiolog\u00eda se incorporan a campos cl\u00ednicos - Kinesiolog\u00eda","isPartOf":{"@id":"https:\/\/medicina.udd.cl\/kinesiologia-santiago\/#website"},"primaryImageOfPage":{"@id":"https:\/\/medicina.udd.cl\/kinesiologia-santiago\/noticias\/2020\/06\/25\/internos-de-kinesiologia-se-incorporan-a-campos-clinicos\/#primaryimage"},"image":{"@id":"https:\/\/medicina.udd.cl\/kinesiologia-santiago\/noticias\/2020\/06\/25\/internos-de-kinesiologia-se-incorporan-a-campos-clinicos\/#primaryimage"},"thumbnailUrl":"https:\/\/medicina.udd.cl\/kinesiologia-santiago\/files\/2020\/06\/PHOTO-2020-06-25-15-50-53.jpg","datePublished":"2020-06-25T21:28:16+00:00","dateModified":"2020-06-25T21:28:17+00:00","author":{"@id":"https:\/\/medicina.udd.cl\/kinesiologia-santiago\/#\/schema\/person\/dbc3705bf3a93e8be1ba6de0ef950341"},"breadcrumb":{"@id":"https:\/\/medicina.udd.cl\/kinesiologia-santiago\/noticias\/2020\/06\/25\/internos-de-kinesiologia-se-incorporan-a-campos-clinicos\/#breadcrumb"},"inLanguage":"es","potentialAction":[{"@type":"ReadAction","target":["https:\/\/medicina.udd.cl\/kinesiologia-santiago\/noticias\/2020\/06\/25\/internos-de-kinesiologia-se-incorporan-a-campos-clinicos\/"]}]},{"@type":"ImageObject","inLanguage":"es","@id":"https:\/\/medicina.udd.cl\/kinesiologia-santiago\/noticias\/2020\/06\/25\/internos-de-kinesiologia-se-incorporan-a-campos-clinicos\/#primaryimage","url":"https:\/\/medicina.udd.cl\/kinesiologia-santiago\/files\/2020\/06\/PHOTO-2020-06-25-15-50-53.jpg","contentUrl":"https:\/\/medicina.udd.cl\/kinesiologia-santiago\/files\/2020\/06\/PHOTO-2020-06-25-15-50-53.jpg","width":1280,"height":960},{"@type":"BreadcrumbList","@id":"https:\/\/medicina.udd.cl\/kinesiologia-santiago\/noticias\/2020\/06\/25\/internos-de-kinesiologia-se-incorporan-a-campos-clinicos\/#breadcrumb","itemListElement":[{"@type":"ListItem","position":1,"name":"Home","item":"https:\/\/medicina.udd.cl\/kinesiologia-santiago\/"},{"@type":"ListItem","position":2,"name":"Internos de kinesiolog\u00eda se incorporan a campos cl\u00ednicos"}]},{"@type":"WebSite","@id":"https:\/\/medicina.udd.cl\/kinesiologia-santiago\/#website","url":"https:\/\/medicina.udd.cl\/kinesiologia-santiago\/","name":"Kinesiolog\u00eda","description":"Facultad de Medicina Cl\u00ednica Alemana Universidad del Desarrollo","inLanguage":"es"},{"@type":"Person","@id":"https:\/\/medicina.udd.cl\/kinesiologia-santiago\/#\/schema\/person\/dbc3705bf3a93e8be1ba6de0ef950341","name":"rbraidy","image":{"@type":"ImageObject","inLanguage":"es","@id":"https:\/\/medicina.udd.cl\/kinesiologia-santiago\/#\/schema\/person\/image\/","url":"https:\/\/secure.gravatar.com\/avatar\/0f8bc94637401590e45d2ce17eb65c274cb8870a219de6177f3f23e63fd8cdf3?s=96&d=mm&r=g","contentUrl":"https:\/\/secure.gravatar.com\/avatar\/0f8bc94637401590e45d2ce17eb65c274cb8870a219de6177f3f23e63fd8cdf3?s=96&d=mm&r=g","caption":"rbraidy"},"url":"https:\/\/medicina.udd.cl\/kinesiologia-santiago\/noticias\/author\/rbraidy\/"}]}},"featured_image_url":"https:\/\/medicina.udd.cl\/kinesiologia-santiago\/files\/2020\/06\/PHOTO-2020-06-25-15-50-53.jpg","_links":{"self":[{"href":"https:\/\/medicina.udd.cl\/kinesiologia-santiago\/wp-json\/wp\/v2\/posts\/4668","targetHints":{"allow":["GET"]}}],"collection":[{"href":"https:\/\/medicina.udd.cl\/kinesiologia-santiago\/wp-json\/wp\/v2\/posts"}],"about":[{"href":"https:\/\/medicina.udd.cl\/kinesiologia-santiago\/wp-json\/wp\/v2\/types\/post"}],"author":[{"embeddable":true,"href":"https:\/\/medicina.udd.cl\/kinesiologia-santiago\/wp-json\/wp\/v2\/users\/9192219"}],"replies":[{"embeddable":true,"href":"https:\/\/medicina.udd.cl\/kinesiologia-santiago\/wp-json\/wp\/v2\/comments?post=4668"}],"version-history":[{"count":1,"href":"https:\/\/medicina.udd.cl\/kinesiologia-santiago\/wp-json\/wp\/v2\/posts\/4668\/revisions"}],"predecessor-version":[{"id":4676,"href":"https:\/\/medicina.udd.cl\/kinesiologia-santiago\/wp-json\/wp\/v2\/posts\/4668\/revisions\/4676"}],"wp:featuredmedia":[{"embeddable":true,"href":"https:\/\/medicina.udd.cl\/kinesiologia-santiago\/wp-json\/wp\/v2\/media\/4671"}],"wp:attachment":[{"href":"https:\/\/medicina.udd.cl\/kinesiologia-santiago\/wp-json\/wp\/v2\/media?parent=4668"}],"wp:term":[{"taxonomy":"category","embeddable":true,"href":"https:\/\/medicina.udd.cl\/kinesiologia-santiago\/wp-json\/wp\/v2\/categories?post=4668"},{"taxonomy":"post_tag","embeddable":true,"href":"https:\/\/medicina.udd.cl\/kinesiologia-santiago\/wp-json\/wp\/v2\/tags?post=4668"}],"curies":[{"name":"wp","href":"https:\/\/api.w.org\/{rel}","templated":true}]}}