{"id":4677,"date":"2020-06-30T14:35:32","date_gmt":"2020-06-30T18:35:32","guid":{"rendered":"http:\/\/medicina.udd.cl\/kinesiologia-santiago\/?p=4677"},"modified":"2020-06-30T14:35:35","modified_gmt":"2020-06-30T18:35:35","slug":"equipo-interdisciplinario-de-la-facultad-va-en-apoyo-de-pacientes-del-programa-rehabilitacion-cardiaca-del-hospital-padre-hurtado","status":"publish","type":"post","link":"https:\/\/medicina.udd.cl\/kinesiologia-santiago\/noticias\/2020\/06\/30\/equipo-interdisciplinario-de-la-facultad-va-en-apoyo-de-pacientes-del-programa-rehabilitacion-cardiaca-del-hospital-padre-hurtado\/","title":{"rendered":"Equipo interdisciplinario de la Facultad va en apoyo de pacientes del Programa Rehabilitaci\u00f3n Card\u00edaca del Hospital Padre Hurtado"},"content":{"rendered":"\n<ul class=\"wp-block-gallery columns-3 is-cropped wp-block-gallery-1 is-layout-flex wp-block-gallery-is-layout-flex\"><li class=\"blocks-gallery-item\"><figure><img loading=\"lazy\" decoding=\"async\" width=\"770\" height=\"1024\" src=\"https:\/\/medicina.udd.cl\/kinesiologia-santiago\/files\/2020\/06\/1-770x1024.jpg\" alt=\"\" data-id=\"4678\" data-link=\"http:\/\/medicina.udd.cl\/kinesiologia-santiago\/?attachment_id=4678\" class=\"wp-image-4678\" srcset=\"https:\/\/medicina.udd.cl\/kinesiologia-santiago\/files\/2020\/06\/1-770x1024.jpg 770w, https:\/\/medicina.udd.cl\/kinesiologia-santiago\/files\/2020\/06\/1-225x300.jpg 225w, https:\/\/medicina.udd.cl\/kinesiologia-santiago\/files\/2020\/06\/1-768x1022.jpg 768w, https:\/\/medicina.udd.cl\/kinesiologia-santiago\/files\/2020\/06\/1.jpg 962w\" sizes=\"auto, (max-width: 770px) 100vw, 770px\" \/><\/figure><\/li><li class=\"blocks-gallery-item\"><figure><img loading=\"lazy\" decoding=\"async\" width=\"768\" height=\"1024\" src=\"https:\/\/medicina.udd.cl\/kinesiologia-santiago\/files\/2020\/06\/2-768x1024.jpg\" alt=\"\" data-id=\"4679\" data-link=\"http:\/\/medicina.udd.cl\/kinesiologia-santiago\/?attachment_id=4679\" class=\"wp-image-4679\" srcset=\"https:\/\/medicina.udd.cl\/kinesiologia-santiago\/files\/2020\/06\/2-768x1024.jpg 768w, https:\/\/medicina.udd.cl\/kinesiologia-santiago\/files\/2020\/06\/2-225x300.jpg 225w, https:\/\/medicina.udd.cl\/kinesiologia-santiago\/files\/2020\/06\/2.jpg 960w\" sizes=\"auto, (max-width: 768px) 100vw, 768px\" \/><\/figure><\/li><li class=\"blocks-gallery-item\"><figure><img loading=\"lazy\" decoding=\"async\" width=\"768\" height=\"1024\" src=\"https:\/\/medicina.udd.cl\/kinesiologia-santiago\/files\/2020\/06\/3-768x1024.jpg\" alt=\"\" data-id=\"4680\" data-link=\"http:\/\/medicina.udd.cl\/kinesiologia-santiago\/?attachment_id=4680\" class=\"wp-image-4680\" srcset=\"https:\/\/medicina.udd.cl\/kinesiologia-santiago\/files\/2020\/06\/3-768x1024.jpg 768w, https:\/\/medicina.udd.cl\/kinesiologia-santiago\/files\/2020\/06\/3-225x300.jpg 225w, https:\/\/medicina.udd.cl\/kinesiologia-santiago\/files\/2020\/06\/3.jpg 960w\" sizes=\"auto, (max-width: 768px) 100vw, 768px\" \/><\/figure><\/li><\/ul>\n\n\n\n<p>Uno de los grupos que se han visto m\u00e1s afectados con la pandemia son los cardi\u00f3patas. Debido a su alto riesgo, estos pacientes han debido restringir al m\u00e1ximo sus salidas, lo cual incluye desde ir a comprar hasta asistir a programas de rehabilitaci\u00f3n.<\/p>\n\n\n\n<p>En un esfuerzo por apoyar a estos pacientes, un equipo interdisciplinario de especialistas que trabaja en el Programa de Rehabilitaci\u00f3n Cardiaca (PRhCV) que realiza la Facultad de Medicina Cl\u00ednica Alemana Universidad del Desarrollo en el Modulo III del Hospital Padre Hurtado, se organiz\u00f3 para recaudar fondos para ir en ayuda de los pacientes del programa.<\/p>\n\n\n\n<p>Seg\u00fan explica Catalina Rosales, Enfermera del PRhCV, a la fecha se han entregado m\u00e1s de 30 cajas de alimentos en domicilios, quedando pendiente la entrega de otras 30 m\u00e1s, las cuales fueron planificadas con un enfoque saludable, ya que son pacientes de alto riesgo.<\/p>\n\n\n\n<p>\u201cEsta iniciativa nace desde los controles telef\u00f3nicos que realizamos como equipo, donde se evidenci\u00f3 la urgente necesidad de apoyarlos con alimentos, debido a la dif\u00edcil situaci\u00f3n econ\u00f3mica en la que se encuentran\u201d, explica Rosales.<\/p>\n\n\n\n<p>Hay que destacar que la rehabilitaci\u00f3n card\u00edaca se basa en ejercicios de entrenamiento, apoyo emocional y educaci\u00f3n sobre los cambios en el estilo de vida, con el objetivo de reducir el riesgo de padecer enfermedades&nbsp;card\u00edacas.<\/p>\n","protected":false},"excerpt":{"rendered":"<p>Uno de los grupos que se han visto m\u00e1s afectados con la pandemia son los cardi\u00f3patas. Debido a su alto riesgo, estos pacientes han debido restringir al m\u00e1ximo sus salidas, lo cual incluye desde ir a comprar hasta asistir a programas de rehabilitaci\u00f3n. En un esfuerzo por apoyar a estos pacientes, un equipo interdisciplinario de [&hellip;]<\/p>\n","protected":false},"author":9192219,"featured_media":4679,"comment_status":"open","ping_status":"open","sticky":false,"template":"","format":"standard","meta":{"footnotes":""},"categories":[4],"tags":[],"class_list":["post-4677","post","type-post","status-publish","format-standard","has-post-thumbnail","hentry","category-noticias"],"yoast_head":"<!-- This site is optimized with the Yoast SEO plugin v26.9 - https:\/\/yoast.com\/product\/yoast-seo-wordpress\/ -->\n<title>Equipo interdisciplinario de la Facultad va en apoyo de pacientes del Programa Rehabilitaci\u00f3n Card\u00edaca del Hospital Padre Hurtado - Kinesiolog\u00eda<\/title>\n<meta name=\"robots\" content=\"index, follow, max-snippet:-1, max-image-preview:large, max-video-preview:-1\" \/>\n<link rel=\"canonical\" href=\"https:\/\/medicina.udd.cl\/kinesiologia-santiago\/noticias\/2020\/06\/30\/equipo-interdisciplinario-de-la-facultad-va-en-apoyo-de-pacientes-del-programa-rehabilitacion-cardiaca-del-hospital-padre-hurtado\/\" \/>\n<meta property=\"og:locale\" content=\"es_ES\" \/>\n<meta property=\"og:type\" content=\"article\" \/>\n<meta property=\"og:title\" content=\"Equipo interdisciplinario de la Facultad va en apoyo de pacientes del Programa Rehabilitaci\u00f3n Card\u00edaca del Hospital Padre Hurtado - Kinesiolog\u00eda\" \/>\n<meta property=\"og:description\" content=\"Uno de los grupos que se han visto m\u00e1s afectados con la pandemia son los cardi\u00f3patas. Debido a su alto riesgo, estos pacientes han debido restringir al m\u00e1ximo sus salidas, lo cual incluye desde ir a comprar hasta asistir a programas de rehabilitaci\u00f3n. En un esfuerzo por apoyar a estos pacientes, un equipo interdisciplinario de [&hellip;]\" \/>\n<meta property=\"og:url\" content=\"https:\/\/medicina.udd.cl\/kinesiologia-santiago\/noticias\/2020\/06\/30\/equipo-interdisciplinario-de-la-facultad-va-en-apoyo-de-pacientes-del-programa-rehabilitacion-cardiaca-del-hospital-padre-hurtado\/\" \/>\n<meta property=\"og:site_name\" content=\"Kinesiolog\u00eda\" \/>\n<meta property=\"article:published_time\" content=\"2020-06-30T18:35:32+00:00\" \/>\n<meta property=\"article:modified_time\" content=\"2020-06-30T18:35:35+00:00\" \/>\n<meta property=\"og:image\" content=\"https:\/\/medicina.udd.cl\/kinesiologia-santiago\/files\/2020\/06\/2.jpg\" \/>\n\t<meta property=\"og:image:width\" content=\"960\" \/>\n\t<meta property=\"og:image:height\" content=\"1280\" \/>\n\t<meta property=\"og:image:type\" content=\"image\/jpeg\" \/>\n<meta name=\"author\" content=\"rbraidy\" \/>\n<meta name=\"twitter:label1\" content=\"Escrito por\" \/>\n\t<meta name=\"twitter:data1\" content=\"rbraidy\" \/>\n\t<meta name=\"twitter:label2\" content=\"Tiempo de lectura\" \/>\n\t<meta name=\"twitter:data2\" content=\"1 minuto\" \/>\n<script type=\"application\/ld+json\" class=\"yoast-schema-graph\">{\"@context\":\"https:\/\/schema.org\",\"@graph\":[{\"@type\":\"Article\",\"@id\":\"https:\/\/medicina.udd.cl\/kinesiologia-santiago\/noticias\/2020\/06\/30\/equipo-interdisciplinario-de-la-facultad-va-en-apoyo-de-pacientes-del-programa-rehabilitacion-cardiaca-del-hospital-padre-hurtado\/#article\",\"isPartOf\":{\"@id\":\"https:\/\/medicina.udd.cl\/kinesiologia-santiago\/noticias\/2020\/06\/30\/equipo-interdisciplinario-de-la-facultad-va-en-apoyo-de-pacientes-del-programa-rehabilitacion-cardiaca-del-hospital-padre-hurtado\/\"},\"author\":{\"name\":\"rbraidy\",\"@id\":\"https:\/\/medicina.udd.cl\/kinesiologia-santiago\/#\/schema\/person\/dbc3705bf3a93e8be1ba6de0ef950341\"},\"headline\":\"Equipo interdisciplinario de la Facultad va en apoyo de pacientes del Programa Rehabilitaci\u00f3n Card\u00edaca del Hospital Padre Hurtado\",\"datePublished\":\"2020-06-30T18:35:32+00:00\",\"dateModified\":\"2020-06-30T18:35:35+00:00\",\"mainEntityOfPage\":{\"@id\":\"https:\/\/medicina.udd.cl\/kinesiologia-santiago\/noticias\/2020\/06\/30\/equipo-interdisciplinario-de-la-facultad-va-en-apoyo-de-pacientes-del-programa-rehabilitacion-cardiaca-del-hospital-padre-hurtado\/\"},\"wordCount\":248,\"commentCount\":0,\"image\":{\"@id\":\"https:\/\/medicina.udd.cl\/kinesiologia-santiago\/noticias\/2020\/06\/30\/equipo-interdisciplinario-de-la-facultad-va-en-apoyo-de-pacientes-del-programa-rehabilitacion-cardiaca-del-hospital-padre-hurtado\/#primaryimage\"},\"thumbnailUrl\":\"https:\/\/medicina.udd.cl\/kinesiologia-santiago\/files\/2020\/06\/2.jpg\",\"articleSection\":[\"Noticias\"],\"inLanguage\":\"es\",\"potentialAction\":[{\"@type\":\"CommentAction\",\"name\":\"Comment\",\"target\":[\"https:\/\/medicina.udd.cl\/kinesiologia-santiago\/noticias\/2020\/06\/30\/equipo-interdisciplinario-de-la-facultad-va-en-apoyo-de-pacientes-del-programa-rehabilitacion-cardiaca-del-hospital-padre-hurtado\/#respond\"]}]},{\"@type\":\"WebPage\",\"@id\":\"https:\/\/medicina.udd.cl\/kinesiologia-santiago\/noticias\/2020\/06\/30\/equipo-interdisciplinario-de-la-facultad-va-en-apoyo-de-pacientes-del-programa-rehabilitacion-cardiaca-del-hospital-padre-hurtado\/\",\"url\":\"https:\/\/medicina.udd.cl\/kinesiologia-santiago\/noticias\/2020\/06\/30\/equipo-interdisciplinario-de-la-facultad-va-en-apoyo-de-pacientes-del-programa-rehabilitacion-cardiaca-del-hospital-padre-hurtado\/\",\"name\":\"Equipo interdisciplinario de la Facultad va en apoyo de pacientes del Programa Rehabilitaci\u00f3n Card\u00edaca del Hospital Padre Hurtado - Kinesiolog\u00eda\",\"isPartOf\":{\"@id\":\"https:\/\/medicina.udd.cl\/kinesiologia-santiago\/#website\"},\"primaryImageOfPage\":{\"@id\":\"https:\/\/medicina.udd.cl\/kinesiologia-santiago\/noticias\/2020\/06\/30\/equipo-interdisciplinario-de-la-facultad-va-en-apoyo-de-pacientes-del-programa-rehabilitacion-cardiaca-del-hospital-padre-hurtado\/#primaryimage\"},\"image\":{\"@id\":\"https:\/\/medicina.udd.cl\/kinesiologia-santiago\/noticias\/2020\/06\/30\/equipo-interdisciplinario-de-la-facultad-va-en-apoyo-de-pacientes-del-programa-rehabilitacion-cardiaca-del-hospital-padre-hurtado\/#primaryimage\"},\"thumbnailUrl\":\"https:\/\/medicina.udd.cl\/kinesiologia-santiago\/files\/2020\/06\/2.jpg\",\"datePublished\":\"2020-06-30T18:35:32+00:00\",\"dateModified\":\"2020-06-30T18:35:35+00:00\",\"author\":{\"@id\":\"https:\/\/medicina.udd.cl\/kinesiologia-santiago\/#\/schema\/person\/dbc3705bf3a93e8be1ba6de0ef950341\"},\"breadcrumb\":{\"@id\":\"https:\/\/medicina.udd.cl\/kinesiologia-santiago\/noticias\/2020\/06\/30\/equipo-interdisciplinario-de-la-facultad-va-en-apoyo-de-pacientes-del-programa-rehabilitacion-cardiaca-del-hospital-padre-hurtado\/#breadcrumb\"},\"inLanguage\":\"es\",\"potentialAction\":[{\"@type\":\"ReadAction\",\"target\":[\"https:\/\/medicina.udd.cl\/kinesiologia-santiago\/noticias\/2020\/06\/30\/equipo-interdisciplinario-de-la-facultad-va-en-apoyo-de-pacientes-del-programa-rehabilitacion-cardiaca-del-hospital-padre-hurtado\/\"]}]},{\"@type\":\"ImageObject\",\"inLanguage\":\"es\",\"@id\":\"https:\/\/medicina.udd.cl\/kinesiologia-santiago\/noticias\/2020\/06\/30\/equipo-interdisciplinario-de-la-facultad-va-en-apoyo-de-pacientes-del-programa-rehabilitacion-cardiaca-del-hospital-padre-hurtado\/#primaryimage\",\"url\":\"https:\/\/medicina.udd.cl\/kinesiologia-santiago\/files\/2020\/06\/2.jpg\",\"contentUrl\":\"https:\/\/medicina.udd.cl\/kinesiologia-santiago\/files\/2020\/06\/2.jpg\",\"width\":960,\"height\":1280},{\"@type\":\"BreadcrumbList\",\"@id\":\"https:\/\/medicina.udd.cl\/kinesiologia-santiago\/noticias\/2020\/06\/30\/equipo-interdisciplinario-de-la-facultad-va-en-apoyo-de-pacientes-del-programa-rehabilitacion-cardiaca-del-hospital-padre-hurtado\/#breadcrumb\",\"itemListElement\":[{\"@type\":\"ListItem\",\"position\":1,\"name\":\"Home\",\"item\":\"https:\/\/medicina.udd.cl\/kinesiologia-santiago\/\"},{\"@type\":\"ListItem\",\"position\":2,\"name\":\"Equipo interdisciplinario de la Facultad va en apoyo de pacientes del Programa Rehabilitaci\u00f3n Card\u00edaca del Hospital Padre Hurtado\"}]},{\"@type\":\"WebSite\",\"@id\":\"https:\/\/medicina.udd.cl\/kinesiologia-santiago\/#website\",\"url\":\"https:\/\/medicina.udd.cl\/kinesiologia-santiago\/\",\"name\":\"Kinesiolog\u00eda\",\"description\":\"Facultad de Medicina Cl\u00ednica Alemana Universidad del Desarrollo\",\"inLanguage\":\"es\"},{\"@type\":\"Person\",\"@id\":\"https:\/\/medicina.udd.cl\/kinesiologia-santiago\/#\/schema\/person\/dbc3705bf3a93e8be1ba6de0ef950341\",\"name\":\"rbraidy\",\"image\":{\"@type\":\"ImageObject\",\"inLanguage\":\"es\",\"@id\":\"https:\/\/medicina.udd.cl\/kinesiologia-santiago\/#\/schema\/person\/image\/\",\"url\":\"https:\/\/secure.gravatar.com\/avatar\/0f8bc94637401590e45d2ce17eb65c274cb8870a219de6177f3f23e63fd8cdf3?s=96&d=mm&r=g\",\"contentUrl\":\"https:\/\/secure.gravatar.com\/avatar\/0f8bc94637401590e45d2ce17eb65c274cb8870a219de6177f3f23e63fd8cdf3?s=96&d=mm&r=g\",\"caption\":\"rbraidy\"},\"url\":\"https:\/\/medicina.udd.cl\/kinesiologia-santiago\/noticias\/author\/rbraidy\/\"}]}<\/script>\n<!-- \/ Yoast SEO plugin. -->","yoast_head_json":{"title":"Equipo interdisciplinario de la Facultad va en apoyo de pacientes del Programa Rehabilitaci\u00f3n Card\u00edaca del Hospital Padre Hurtado - Kinesiolog\u00eda","robots":{"index":"index","follow":"follow","max-snippet":"max-snippet:-1","max-image-preview":"max-image-preview:large","max-video-preview":"max-video-preview:-1"},"canonical":"https:\/\/medicina.udd.cl\/kinesiologia-santiago\/noticias\/2020\/06\/30\/equipo-interdisciplinario-de-la-facultad-va-en-apoyo-de-pacientes-del-programa-rehabilitacion-cardiaca-del-hospital-padre-hurtado\/","og_locale":"es_ES","og_type":"article","og_title":"Equipo interdisciplinario de la Facultad va en apoyo de pacientes del Programa Rehabilitaci\u00f3n Card\u00edaca del Hospital Padre Hurtado - Kinesiolog\u00eda","og_description":"Uno de los grupos que se han visto m\u00e1s afectados con la pandemia son los cardi\u00f3patas. Debido a su alto riesgo, estos pacientes han debido restringir al m\u00e1ximo sus salidas, lo cual incluye desde ir a comprar hasta asistir a programas de rehabilitaci\u00f3n. En un esfuerzo por apoyar a estos pacientes, un equipo interdisciplinario de [&hellip;]","og_url":"https:\/\/medicina.udd.cl\/kinesiologia-santiago\/noticias\/2020\/06\/30\/equipo-interdisciplinario-de-la-facultad-va-en-apoyo-de-pacientes-del-programa-rehabilitacion-cardiaca-del-hospital-padre-hurtado\/","og_site_name":"Kinesiolog\u00eda","article_published_time":"2020-06-30T18:35:32+00:00","article_modified_time":"2020-06-30T18:35:35+00:00","og_image":[{"width":960,"height":1280,"url":"https:\/\/medicina.udd.cl\/kinesiologia-santiago\/files\/2020\/06\/2.jpg","type":"image\/jpeg"}],"author":"rbraidy","twitter_misc":{"Escrito por":"rbraidy","Tiempo de lectura":"1 minuto"},"schema":{"@context":"https:\/\/schema.org","@graph":[{"@type":"Article","@id":"https:\/\/medicina.udd.cl\/kinesiologia-santiago\/noticias\/2020\/06\/30\/equipo-interdisciplinario-de-la-facultad-va-en-apoyo-de-pacientes-del-programa-rehabilitacion-cardiaca-del-hospital-padre-hurtado\/#article","isPartOf":{"@id":"https:\/\/medicina.udd.cl\/kinesiologia-santiago\/noticias\/2020\/06\/30\/equipo-interdisciplinario-de-la-facultad-va-en-apoyo-de-pacientes-del-programa-rehabilitacion-cardiaca-del-hospital-padre-hurtado\/"},"author":{"name":"rbraidy","@id":"https:\/\/medicina.udd.cl\/kinesiologia-santiago\/#\/schema\/person\/dbc3705bf3a93e8be1ba6de0ef950341"},"headline":"Equipo interdisciplinario de la Facultad va en apoyo de pacientes del Programa Rehabilitaci\u00f3n Card\u00edaca del Hospital Padre Hurtado","datePublished":"2020-06-30T18:35:32+00:00","dateModified":"2020-06-30T18:35:35+00:00","mainEntityOfPage":{"@id":"https:\/\/medicina.udd.cl\/kinesiologia-santiago\/noticias\/2020\/06\/30\/equipo-interdisciplinario-de-la-facultad-va-en-apoyo-de-pacientes-del-programa-rehabilitacion-cardiaca-del-hospital-padre-hurtado\/"},"wordCount":248,"commentCount":0,"image":{"@id":"https:\/\/medicina.udd.cl\/kinesiologia-santiago\/noticias\/2020\/06\/30\/equipo-interdisciplinario-de-la-facultad-va-en-apoyo-de-pacientes-del-programa-rehabilitacion-cardiaca-del-hospital-padre-hurtado\/#primaryimage"},"thumbnailUrl":"https:\/\/medicina.udd.cl\/kinesiologia-santiago\/files\/2020\/06\/2.jpg","articleSection":["Noticias"],"inLanguage":"es","potentialAction":[{"@type":"CommentAction","name":"Comment","target":["https:\/\/medicina.udd.cl\/kinesiologia-santiago\/noticias\/2020\/06\/30\/equipo-interdisciplinario-de-la-facultad-va-en-apoyo-de-pacientes-del-programa-rehabilitacion-cardiaca-del-hospital-padre-hurtado\/#respond"]}]},{"@type":"WebPage","@id":"https:\/\/medicina.udd.cl\/kinesiologia-santiago\/noticias\/2020\/06\/30\/equipo-interdisciplinario-de-la-facultad-va-en-apoyo-de-pacientes-del-programa-rehabilitacion-cardiaca-del-hospital-padre-hurtado\/","url":"https:\/\/medicina.udd.cl\/kinesiologia-santiago\/noticias\/2020\/06\/30\/equipo-interdisciplinario-de-la-facultad-va-en-apoyo-de-pacientes-del-programa-rehabilitacion-cardiaca-del-hospital-padre-hurtado\/","name":"Equipo interdisciplinario de la Facultad va en apoyo de pacientes del Programa Rehabilitaci\u00f3n Card\u00edaca del Hospital Padre Hurtado - Kinesiolog\u00eda","isPartOf":{"@id":"https:\/\/medicina.udd.cl\/kinesiologia-santiago\/#website"},"primaryImageOfPage":{"@id":"https:\/\/medicina.udd.cl\/kinesiologia-santiago\/noticias\/2020\/06\/30\/equipo-interdisciplinario-de-la-facultad-va-en-apoyo-de-pacientes-del-programa-rehabilitacion-cardiaca-del-hospital-padre-hurtado\/#primaryimage"},"image":{"@id":"https:\/\/medicina.udd.cl\/kinesiologia-santiago\/noticias\/2020\/06\/30\/equipo-interdisciplinario-de-la-facultad-va-en-apoyo-de-pacientes-del-programa-rehabilitacion-cardiaca-del-hospital-padre-hurtado\/#primaryimage"},"thumbnailUrl":"https:\/\/medicina.udd.cl\/kinesiologia-santiago\/files\/2020\/06\/2.jpg","datePublished":"2020-06-30T18:35:32+00:00","dateModified":"2020-06-30T18:35:35+00:00","author":{"@id":"https:\/\/medicina.udd.cl\/kinesiologia-santiago\/#\/schema\/person\/dbc3705bf3a93e8be1ba6de0ef950341"},"breadcrumb":{"@id":"https:\/\/medicina.udd.cl\/kinesiologia-santiago\/noticias\/2020\/06\/30\/equipo-interdisciplinario-de-la-facultad-va-en-apoyo-de-pacientes-del-programa-rehabilitacion-cardiaca-del-hospital-padre-hurtado\/#breadcrumb"},"inLanguage":"es","potentialAction":[{"@type":"ReadAction","target":["https:\/\/medicina.udd.cl\/kinesiologia-santiago\/noticias\/2020\/06\/30\/equipo-interdisciplinario-de-la-facultad-va-en-apoyo-de-pacientes-del-programa-rehabilitacion-cardiaca-del-hospital-padre-hurtado\/"]}]},{"@type":"ImageObject","inLanguage":"es","@id":"https:\/\/medicina.udd.cl\/kinesiologia-santiago\/noticias\/2020\/06\/30\/equipo-interdisciplinario-de-la-facultad-va-en-apoyo-de-pacientes-del-programa-rehabilitacion-cardiaca-del-hospital-padre-hurtado\/#primaryimage","url":"https:\/\/medicina.udd.cl\/kinesiologia-santiago\/files\/2020\/06\/2.jpg","contentUrl":"https:\/\/medicina.udd.cl\/kinesiologia-santiago\/files\/2020\/06\/2.jpg","width":960,"height":1280},{"@type":"BreadcrumbList","@id":"https:\/\/medicina.udd.cl\/kinesiologia-santiago\/noticias\/2020\/06\/30\/equipo-interdisciplinario-de-la-facultad-va-en-apoyo-de-pacientes-del-programa-rehabilitacion-cardiaca-del-hospital-padre-hurtado\/#breadcrumb","itemListElement":[{"@type":"ListItem","position":1,"name":"Home","item":"https:\/\/medicina.udd.cl\/kinesiologia-santiago\/"},{"@type":"ListItem","position":2,"name":"Equipo interdisciplinario de la Facultad va en apoyo de pacientes del Programa Rehabilitaci\u00f3n Card\u00edaca del Hospital Padre Hurtado"}]},{"@type":"WebSite","@id":"https:\/\/medicina.udd.cl\/kinesiologia-santiago\/#website","url":"https:\/\/medicina.udd.cl\/kinesiologia-santiago\/","name":"Kinesiolog\u00eda","description":"Facultad de Medicina Cl\u00ednica Alemana Universidad del Desarrollo","inLanguage":"es"},{"@type":"Person","@id":"https:\/\/medicina.udd.cl\/kinesiologia-santiago\/#\/schema\/person\/dbc3705bf3a93e8be1ba6de0ef950341","name":"rbraidy","image":{"@type":"ImageObject","inLanguage":"es","@id":"https:\/\/medicina.udd.cl\/kinesiologia-santiago\/#\/schema\/person\/image\/","url":"https:\/\/secure.gravatar.com\/avatar\/0f8bc94637401590e45d2ce17eb65c274cb8870a219de6177f3f23e63fd8cdf3?s=96&d=mm&r=g","contentUrl":"https:\/\/secure.gravatar.com\/avatar\/0f8bc94637401590e45d2ce17eb65c274cb8870a219de6177f3f23e63fd8cdf3?s=96&d=mm&r=g","caption":"rbraidy"},"url":"https:\/\/medicina.udd.cl\/kinesiologia-santiago\/noticias\/author\/rbraidy\/"}]}},"featured_image_url":"https:\/\/medicina.udd.cl\/kinesiologia-santiago\/files\/2020\/06\/2.jpg","_links":{"self":[{"href":"https:\/\/medicina.udd.cl\/kinesiologia-santiago\/wp-json\/wp\/v2\/posts\/4677","targetHints":{"allow":["GET"]}}],"collection":[{"href":"https:\/\/medicina.udd.cl\/kinesiologia-santiago\/wp-json\/wp\/v2\/posts"}],"about":[{"href":"https:\/\/medicina.udd.cl\/kinesiologia-santiago\/wp-json\/wp\/v2\/types\/post"}],"author":[{"embeddable":true,"href":"https:\/\/medicina.udd.cl\/kinesiologia-santiago\/wp-json\/wp\/v2\/users\/9192219"}],"replies":[{"embeddable":true,"href":"https:\/\/medicina.udd.cl\/kinesiologia-santiago\/wp-json\/wp\/v2\/comments?post=4677"}],"version-history":[{"count":1,"href":"https:\/\/medicina.udd.cl\/kinesiologia-santiago\/wp-json\/wp\/v2\/posts\/4677\/revisions"}],"predecessor-version":[{"id":4681,"href":"https:\/\/medicina.udd.cl\/kinesiologia-santiago\/wp-json\/wp\/v2\/posts\/4677\/revisions\/4681"}],"wp:featuredmedia":[{"embeddable":true,"href":"https:\/\/medicina.udd.cl\/kinesiologia-santiago\/wp-json\/wp\/v2\/media\/4679"}],"wp:attachment":[{"href":"https:\/\/medicina.udd.cl\/kinesiologia-santiago\/wp-json\/wp\/v2\/media?parent=4677"}],"wp:term":[{"taxonomy":"category","embeddable":true,"href":"https:\/\/medicina.udd.cl\/kinesiologia-santiago\/wp-json\/wp\/v2\/categories?post=4677"},{"taxonomy":"post_tag","embeddable":true,"href":"https:\/\/medicina.udd.cl\/kinesiologia-santiago\/wp-json\/wp\/v2\/tags?post=4677"}],"curies":[{"name":"wp","href":"https:\/\/api.w.org\/{rel}","templated":true}]}}