{"id":4807,"date":"2020-11-05T14:50:31","date_gmt":"2020-11-05T17:50:31","guid":{"rendered":"http:\/\/medicina.udd.cl\/kinesiologia-santiago\/?p=4807"},"modified":"2020-11-05T14:52:43","modified_gmt":"2020-11-05T17:52:43","slug":"alumnos-de-3o-y-5o-ano-vuelven-al-servicio-de-kinesiologia-en-clinica-udd","status":"publish","type":"post","link":"https:\/\/medicina.udd.cl\/kinesiologia-santiago\/noticias\/2020\/11\/05\/alumnos-de-3o-y-5o-ano-vuelven-al-servicio-de-kinesiologia-en-clinica-udd\/","title":{"rendered":"Alumnos de 3\u00ba y 5\u00ba a\u00f1o vuelven al Servicio de Kinesiolog\u00eda en Cl\u00ednica UDD"},"content":{"rendered":"<div id=\"gallery-1\" class=\"carousel slide carousel-gallery\" data-ride=\"false\" data-interval=\"false\"><div class=\"carousel-inner\" role=\"listbox\"><figure class=\"carousel-item active\"><img loading=\"lazy\" decoding=\"async\" width=\"952\" height=\"534\" src=\"https:\/\/medicina.udd.cl\/kinesiologia-santiago\/files\/2020\/11\/IMG-20201105-WA0024-952x534.jpg\" class=\"attachment-landscape_952 size-landscape_952\" alt=\"\" srcset=\"https:\/\/medicina.udd.cl\/kinesiologia-santiago\/files\/2020\/11\/IMG-20201105-WA0024-952x534.jpg 952w, https:\/\/medicina.udd.cl\/kinesiologia-santiago\/files\/2020\/11\/IMG-20201105-WA0024-680x382.jpg 680w\" sizes=\"auto, (max-width: 952px) 100vw, 952px\" \/><\/figure><figure class=\"carousel-item\"><img loading=\"lazy\" decoding=\"async\" width=\"952\" height=\"534\" src=\"https:\/\/medicina.udd.cl\/kinesiologia-santiago\/files\/2020\/11\/IMG-20201105-WA0020-952x534.jpg\" class=\"attachment-landscape_952 size-landscape_952\" alt=\"\" srcset=\"https:\/\/medicina.udd.cl\/kinesiologia-santiago\/files\/2020\/11\/IMG-20201105-WA0020-952x534.jpg 952w, https:\/\/medicina.udd.cl\/kinesiologia-santiago\/files\/2020\/11\/IMG-20201105-WA0020-680x382.jpg 680w\" sizes=\"auto, (max-width: 952px) 100vw, 952px\" \/><\/figure><figure class=\"carousel-item\"><img loading=\"lazy\" decoding=\"async\" width=\"952\" height=\"477\" src=\"https:\/\/medicina.udd.cl\/kinesiologia-santiago\/files\/2020\/11\/IMG-20201105-WA0022-952x477.jpg\" class=\"attachment-landscape_952 size-landscape_952\" alt=\"\" \/><\/figure><figure class=\"carousel-item\"><img loading=\"lazy\" decoding=\"async\" width=\"807\" height=\"534\" src=\"https:\/\/medicina.udd.cl\/kinesiologia-santiago\/files\/2020\/11\/IMG_20201105_142343_599-807x534.jpg\" class=\"attachment-landscape_952 size-landscape_952\" alt=\"\" \/><\/figure><\/div><footer class=\"carousel-footer\"><div class=\"carousel-counter\"><span class=\"carousel-counter-current\"><\/span> \/ <span class=\"carousel-counter-total\"><\/span><\/div><a class=\"carousel-control-prev\" href=\"#gallery-1\" role=\"button\" data-slide=\"prev\"><svg aria-hidden=\"true\" class=\"svg-chevron-left-dims\"><use xlink:href='https:\/\/medicina.udd.cl\/kinesiologia-santiago\/wp-content\/themes\/facultades-2018\/assets\/img\/svg\/dist\/main.svg?version=1695853099#chevron-left'><\/use><\/svg><span class=\"sr-only\">Anterior<\/span><\/a><a class=\"carousel-control-next\" href=\"#gallery-1\" role=\"button\" data-slide=\"next\"><svg aria-hidden=\"true\" class=\"svg-chevron-right-dims\"><use xlink:href='https:\/\/medicina.udd.cl\/kinesiologia-santiago\/wp-content\/themes\/facultades-2018\/assets\/img\/svg\/dist\/main.svg?version=1695853099#chevron-right'><\/use><\/svg><span class=\"sr-only\">Siguiente<\/span><\/a><\/footer><\/div>\n\n\n<p>El Servicio de Kinesiolog\u00eda en la Cl\u00ednica UDD, inici\u00f3 sus atenciones presenciales con pacientes desde las \u00faltimas semanas de octubre, donde alumnos de 3\u00ba y 5\u00ba a\u00f1o de la carrera de Kinesiolog\u00eda de la Facultad de Medicina Cl\u00ednica Alemana Universidad del Desarrollo, han podido realizar sus pr\u00e1cticas cl\u00ednicas.<\/p>\n\n\n\n<p>Los estudiantes de 5\u00b0 a\u00f1o, se encuentran realizando sus pr\u00e1cticas cl\u00ednicas con atenci\u00f3n presencial de pacientes, correspondiente al \u00e1rea de neurokinesiolog\u00eda, bajo la supervisi\u00f3n de las kinesi\u00f3logas y docentes cl\u00ednico, Alejandra Riquelme y Mariela Rojas.<\/p>\n\n\n\n<p>Por su parte, los alumnos de la asignatura \u201cFunci\u00f3n y Disfunci\u00f3n de Sistemas\u201c, de 3\u00b0 a\u00f1o de Kinesiolog\u00eda UDD, realizaron pasos pr\u00e1cticos  junto a las kinesi\u00f3logas y docentes cl\u00ednico, Daniela Sep\u00falveda, Francisca Z\u00f3ccola y Carolina Santander<\/p>\n\n\n\n<figure class=\"wp-block-gallery columns-3 is-cropped wp-block-gallery-1 is-layout-flex wp-block-gallery-is-layout-flex\"><ul class=\"blocks-gallery-grid\"><li class=\"blocks-gallery-item\"><figure><img loading=\"lazy\" decoding=\"async\" width=\"987\" height=\"960\" src=\"https:\/\/medicina.udd.cl\/kinesiologia-santiago\/files\/2020\/11\/IMG_20201105_142343_567.jpg\" alt=\"\" data-id=\"4818\" data-full-url=\"https:\/\/medicina.udd.cl\/kinesiologia-santiago\/files\/2020\/11\/IMG_20201105_142343_567.jpg\" data-link=\"http:\/\/medicina.udd.cl\/kinesiologia-santiago\/?attachment_id=4818\" class=\"wp-image-4818\" srcset=\"https:\/\/medicina.udd.cl\/kinesiologia-santiago\/files\/2020\/11\/IMG_20201105_142343_567.jpg 987w, https:\/\/medicina.udd.cl\/kinesiologia-santiago\/files\/2020\/11\/IMG_20201105_142343_567-300x292.jpg 300w, https:\/\/medicina.udd.cl\/kinesiologia-santiago\/files\/2020\/11\/IMG_20201105_142343_567-768x747.jpg 768w\" sizes=\"auto, (max-width: 987px) 100vw, 987px\" \/><\/figure><\/li><li class=\"blocks-gallery-item\"><figure><img loading=\"lazy\" decoding=\"async\" width=\"768\" height=\"1024\" src=\"https:\/\/medicina.udd.cl\/kinesiologia-santiago\/files\/2020\/11\/IMG-20201105-WA0016-768x1024.jpg\" alt=\"\" data-id=\"4816\" data-full-url=\"https:\/\/medicina.udd.cl\/kinesiologia-santiago\/files\/2020\/11\/IMG-20201105-WA0016.jpg\" data-link=\"http:\/\/medicina.udd.cl\/kinesiologia-santiago\/?attachment_id=4816\" class=\"wp-image-4816\" srcset=\"https:\/\/medicina.udd.cl\/kinesiologia-santiago\/files\/2020\/11\/IMG-20201105-WA0016-768x1024.jpg 768w, https:\/\/medicina.udd.cl\/kinesiologia-santiago\/files\/2020\/11\/IMG-20201105-WA0016-225x300.jpg 225w, https:\/\/medicina.udd.cl\/kinesiologia-santiago\/files\/2020\/11\/IMG-20201105-WA0016.jpg 774w\" sizes=\"auto, (max-width: 768px) 100vw, 768px\" \/><\/figure><\/li><li class=\"blocks-gallery-item\"><figure><img loading=\"lazy\" decoding=\"async\" width=\"768\" height=\"1024\" src=\"https:\/\/medicina.udd.cl\/kinesiologia-santiago\/files\/2020\/11\/IMG-20201105-WA0023-768x1024.jpg\" alt=\"\" data-id=\"4814\" data-full-url=\"https:\/\/medicina.udd.cl\/kinesiologia-santiago\/files\/2020\/11\/IMG-20201105-WA0023.jpg\" data-link=\"http:\/\/medicina.udd.cl\/kinesiologia-santiago\/?attachment_id=4814\" class=\"wp-image-4814\" srcset=\"https:\/\/medicina.udd.cl\/kinesiologia-santiago\/files\/2020\/11\/IMG-20201105-WA0023-768x1024.jpg 768w, https:\/\/medicina.udd.cl\/kinesiologia-santiago\/files\/2020\/11\/IMG-20201105-WA0023-225x300.jpg 225w, https:\/\/medicina.udd.cl\/kinesiologia-santiago\/files\/2020\/11\/IMG-20201105-WA0023.jpg 780w\" sizes=\"auto, (max-width: 768px) 100vw, 768px\" \/><\/figure><\/li><li class=\"blocks-gallery-item\"><figure><img loading=\"lazy\" decoding=\"async\" width=\"1024\" height=\"473\" src=\"https:\/\/medicina.udd.cl\/kinesiologia-santiago\/files\/2020\/11\/IMG-20201105-WA0025-1024x473.jpg\" alt=\"\" data-id=\"4817\" data-full-url=\"https:\/\/medicina.udd.cl\/kinesiologia-santiago\/files\/2020\/11\/IMG-20201105-WA0025.jpg\" data-link=\"http:\/\/medicina.udd.cl\/kinesiologia-santiago\/?attachment_id=4817\" class=\"wp-image-4817\" srcset=\"https:\/\/medicina.udd.cl\/kinesiologia-santiago\/files\/2020\/11\/IMG-20201105-WA0025-1024x473.jpg 1024w, https:\/\/medicina.udd.cl\/kinesiologia-santiago\/files\/2020\/11\/IMG-20201105-WA0025-300x139.jpg 300w, https:\/\/medicina.udd.cl\/kinesiologia-santiago\/files\/2020\/11\/IMG-20201105-WA0025-768x355.jpg 768w, https:\/\/medicina.udd.cl\/kinesiologia-santiago\/files\/2020\/11\/IMG-20201105-WA0025.jpg 1032w\" sizes=\"auto, (max-width: 1024px) 100vw, 1024px\" \/><\/figure><\/li><li class=\"blocks-gallery-item\"><figure><img loading=\"lazy\" decoding=\"async\" width=\"768\" height=\"1024\" src=\"https:\/\/medicina.udd.cl\/kinesiologia-santiago\/files\/2020\/11\/IMG-20201105-WA0017-768x1024.jpg\" alt=\"\" data-id=\"4808\" data-full-url=\"https:\/\/medicina.udd.cl\/kinesiologia-santiago\/files\/2020\/11\/IMG-20201105-WA0017.jpg\" data-link=\"http:\/\/medicina.udd.cl\/kinesiologia-santiago\/?attachment_id=4808\" class=\"wp-image-4808\" srcset=\"https:\/\/medicina.udd.cl\/kinesiologia-santiago\/files\/2020\/11\/IMG-20201105-WA0017-768x1024.jpg 768w, https:\/\/medicina.udd.cl\/kinesiologia-santiago\/files\/2020\/11\/IMG-20201105-WA0017-225x300.jpg 225w, https:\/\/medicina.udd.cl\/kinesiologia-santiago\/files\/2020\/11\/IMG-20201105-WA0017.jpg 774w\" sizes=\"auto, (max-width: 768px) 100vw, 768px\" \/><\/figure><\/li><li class=\"blocks-gallery-item\"><figure><img loading=\"lazy\" decoding=\"async\" width=\"802\" height=\"780\" src=\"https:\/\/medicina.udd.cl\/kinesiologia-santiago\/files\/2020\/11\/IMG_20201105_142343_555.jpg\" alt=\"\" data-id=\"4815\" data-full-url=\"https:\/\/medicina.udd.cl\/kinesiologia-santiago\/files\/2020\/11\/IMG_20201105_142343_555.jpg\" data-link=\"http:\/\/medicina.udd.cl\/kinesiologia-santiago\/?attachment_id=4815\" class=\"wp-image-4815\" srcset=\"https:\/\/medicina.udd.cl\/kinesiologia-santiago\/files\/2020\/11\/IMG_20201105_142343_555.jpg 802w, https:\/\/medicina.udd.cl\/kinesiologia-santiago\/files\/2020\/11\/IMG_20201105_142343_555-300x292.jpg 300w, https:\/\/medicina.udd.cl\/kinesiologia-santiago\/files\/2020\/11\/IMG_20201105_142343_555-768x747.jpg 768w\" sizes=\"auto, (max-width: 802px) 100vw, 802px\" \/><\/figure><\/li><\/ul><\/figure>\n","protected":false},"excerpt":{"rendered":"<p>El Servicio de Kinesiolog\u00eda en la Cl\u00ednica UDD, inici\u00f3 sus atenciones presenciales con pacientes desde las \u00faltimas semanas de octubre, donde alumnos de 3\u00ba y 5\u00ba a\u00f1o de la carrera de Kinesiolog\u00eda de la Facultad de Medicina Cl\u00ednica Alemana Universidad del Desarrollo, han podido realizar sus pr\u00e1cticas cl\u00ednicas. Los estudiantes de 5\u00b0 a\u00f1o, se encuentran [&hellip;]<\/p>\n","protected":false},"author":9192219,"featured_media":4809,"comment_status":"open","ping_status":"open","sticky":false,"template":"","format":"standard","meta":{"footnotes":""},"categories":[4],"tags":[],"class_list":["post-4807","post","type-post","status-publish","format-standard","has-post-thumbnail","hentry","category-noticias"],"yoast_head":"<!-- This site is optimized with the Yoast SEO plugin v26.9 - https:\/\/yoast.com\/product\/yoast-seo-wordpress\/ -->\n<title>Alumnos de 3\u00ba y 5\u00ba a\u00f1o vuelven al Servicio de Kinesiolog\u00eda en Cl\u00ednica UDD - Kinesiolog\u00eda<\/title>\n<meta name=\"robots\" content=\"index, follow, max-snippet:-1, max-image-preview:large, max-video-preview:-1\" \/>\n<link rel=\"canonical\" href=\"https:\/\/medicina.udd.cl\/kinesiologia-santiago\/noticias\/2020\/11\/05\/alumnos-de-3o-y-5o-ano-vuelven-al-servicio-de-kinesiologia-en-clinica-udd\/\" \/>\n<meta property=\"og:locale\" content=\"es_ES\" \/>\n<meta property=\"og:type\" content=\"article\" \/>\n<meta property=\"og:title\" content=\"Alumnos de 3\u00ba y 5\u00ba a\u00f1o vuelven al Servicio de Kinesiolog\u00eda en Cl\u00ednica UDD - Kinesiolog\u00eda\" \/>\n<meta property=\"og:description\" content=\"El Servicio de Kinesiolog\u00eda en la Cl\u00ednica UDD, inici\u00f3 sus atenciones presenciales con pacientes desde las \u00faltimas semanas de octubre, donde alumnos de 3\u00ba y 5\u00ba a\u00f1o de la carrera de Kinesiolog\u00eda de la Facultad de Medicina Cl\u00ednica Alemana Universidad del Desarrollo, han podido realizar sus pr\u00e1cticas cl\u00ednicas. Los estudiantes de 5\u00b0 a\u00f1o, se encuentran [&hellip;]\" \/>\n<meta property=\"og:url\" content=\"https:\/\/medicina.udd.cl\/kinesiologia-santiago\/noticias\/2020\/11\/05\/alumnos-de-3o-y-5o-ano-vuelven-al-servicio-de-kinesiologia-en-clinica-udd\/\" \/>\n<meta property=\"og:site_name\" content=\"Kinesiolog\u00eda\" \/>\n<meta property=\"article:published_time\" content=\"2020-11-05T17:50:31+00:00\" \/>\n<meta property=\"article:modified_time\" content=\"2020-11-05T17:52:43+00:00\" \/>\n<meta property=\"og:image\" content=\"https:\/\/medicina.udd.cl\/kinesiologia-santiago\/files\/2020\/11\/IMG-20201105-WA0024.jpg\" \/>\n\t<meta property=\"og:image:width\" content=\"1280\" \/>\n\t<meta property=\"og:image:height\" content=\"960\" \/>\n\t<meta property=\"og:image:type\" content=\"image\/jpeg\" \/>\n<meta name=\"author\" content=\"rbraidy\" \/>\n<meta name=\"twitter:label1\" content=\"Escrito por\" \/>\n\t<meta name=\"twitter:data1\" content=\"rbraidy\" \/>\n\t<meta name=\"twitter:label2\" content=\"Tiempo de lectura\" \/>\n\t<meta name=\"twitter:data2\" content=\"1 minuto\" \/>\n<script type=\"application\/ld+json\" class=\"yoast-schema-graph\">{\"@context\":\"https:\/\/schema.org\",\"@graph\":[{\"@type\":\"Article\",\"@id\":\"https:\/\/medicina.udd.cl\/kinesiologia-santiago\/noticias\/2020\/11\/05\/alumnos-de-3o-y-5o-ano-vuelven-al-servicio-de-kinesiologia-en-clinica-udd\/#article\",\"isPartOf\":{\"@id\":\"https:\/\/medicina.udd.cl\/kinesiologia-santiago\/noticias\/2020\/11\/05\/alumnos-de-3o-y-5o-ano-vuelven-al-servicio-de-kinesiologia-en-clinica-udd\/\"},\"author\":{\"name\":\"rbraidy\",\"@id\":\"https:\/\/medicina.udd.cl\/kinesiologia-santiago\/#\/schema\/person\/dbc3705bf3a93e8be1ba6de0ef950341\"},\"headline\":\"Alumnos de 3\u00ba y 5\u00ba a\u00f1o vuelven al Servicio de Kinesiolog\u00eda en Cl\u00ednica UDD\",\"datePublished\":\"2020-11-05T17:50:31+00:00\",\"dateModified\":\"2020-11-05T17:52:43+00:00\",\"mainEntityOfPage\":{\"@id\":\"https:\/\/medicina.udd.cl\/kinesiologia-santiago\/noticias\/2020\/11\/05\/alumnos-de-3o-y-5o-ano-vuelven-al-servicio-de-kinesiologia-en-clinica-udd\/\"},\"wordCount\":156,\"commentCount\":0,\"image\":{\"@id\":\"https:\/\/medicina.udd.cl\/kinesiologia-santiago\/noticias\/2020\/11\/05\/alumnos-de-3o-y-5o-ano-vuelven-al-servicio-de-kinesiologia-en-clinica-udd\/#primaryimage\"},\"thumbnailUrl\":\"https:\/\/medicina.udd.cl\/kinesiologia-santiago\/files\/2020\/11\/IMG-20201105-WA0024.jpg\",\"articleSection\":[\"Noticias\"],\"inLanguage\":\"es\",\"potentialAction\":[{\"@type\":\"CommentAction\",\"name\":\"Comment\",\"target\":[\"https:\/\/medicina.udd.cl\/kinesiologia-santiago\/noticias\/2020\/11\/05\/alumnos-de-3o-y-5o-ano-vuelven-al-servicio-de-kinesiologia-en-clinica-udd\/#respond\"]}]},{\"@type\":\"WebPage\",\"@id\":\"https:\/\/medicina.udd.cl\/kinesiologia-santiago\/noticias\/2020\/11\/05\/alumnos-de-3o-y-5o-ano-vuelven-al-servicio-de-kinesiologia-en-clinica-udd\/\",\"url\":\"https:\/\/medicina.udd.cl\/kinesiologia-santiago\/noticias\/2020\/11\/05\/alumnos-de-3o-y-5o-ano-vuelven-al-servicio-de-kinesiologia-en-clinica-udd\/\",\"name\":\"Alumnos de 3\u00ba y 5\u00ba a\u00f1o vuelven al Servicio de Kinesiolog\u00eda en Cl\u00ednica UDD - Kinesiolog\u00eda\",\"isPartOf\":{\"@id\":\"https:\/\/medicina.udd.cl\/kinesiologia-santiago\/#website\"},\"primaryImageOfPage\":{\"@id\":\"https:\/\/medicina.udd.cl\/kinesiologia-santiago\/noticias\/2020\/11\/05\/alumnos-de-3o-y-5o-ano-vuelven-al-servicio-de-kinesiologia-en-clinica-udd\/#primaryimage\"},\"image\":{\"@id\":\"https:\/\/medicina.udd.cl\/kinesiologia-santiago\/noticias\/2020\/11\/05\/alumnos-de-3o-y-5o-ano-vuelven-al-servicio-de-kinesiologia-en-clinica-udd\/#primaryimage\"},\"thumbnailUrl\":\"https:\/\/medicina.udd.cl\/kinesiologia-santiago\/files\/2020\/11\/IMG-20201105-WA0024.jpg\",\"datePublished\":\"2020-11-05T17:50:31+00:00\",\"dateModified\":\"2020-11-05T17:52:43+00:00\",\"author\":{\"@id\":\"https:\/\/medicina.udd.cl\/kinesiologia-santiago\/#\/schema\/person\/dbc3705bf3a93e8be1ba6de0ef950341\"},\"breadcrumb\":{\"@id\":\"https:\/\/medicina.udd.cl\/kinesiologia-santiago\/noticias\/2020\/11\/05\/alumnos-de-3o-y-5o-ano-vuelven-al-servicio-de-kinesiologia-en-clinica-udd\/#breadcrumb\"},\"inLanguage\":\"es\",\"potentialAction\":[{\"@type\":\"ReadAction\",\"target\":[\"https:\/\/medicina.udd.cl\/kinesiologia-santiago\/noticias\/2020\/11\/05\/alumnos-de-3o-y-5o-ano-vuelven-al-servicio-de-kinesiologia-en-clinica-udd\/\"]}]},{\"@type\":\"ImageObject\",\"inLanguage\":\"es\",\"@id\":\"https:\/\/medicina.udd.cl\/kinesiologia-santiago\/noticias\/2020\/11\/05\/alumnos-de-3o-y-5o-ano-vuelven-al-servicio-de-kinesiologia-en-clinica-udd\/#primaryimage\",\"url\":\"https:\/\/medicina.udd.cl\/kinesiologia-santiago\/files\/2020\/11\/IMG-20201105-WA0024.jpg\",\"contentUrl\":\"https:\/\/medicina.udd.cl\/kinesiologia-santiago\/files\/2020\/11\/IMG-20201105-WA0024.jpg\",\"width\":1280,\"height\":960},{\"@type\":\"BreadcrumbList\",\"@id\":\"https:\/\/medicina.udd.cl\/kinesiologia-santiago\/noticias\/2020\/11\/05\/alumnos-de-3o-y-5o-ano-vuelven-al-servicio-de-kinesiologia-en-clinica-udd\/#breadcrumb\",\"itemListElement\":[{\"@type\":\"ListItem\",\"position\":1,\"name\":\"Home\",\"item\":\"https:\/\/medicina.udd.cl\/kinesiologia-santiago\/\"},{\"@type\":\"ListItem\",\"position\":2,\"name\":\"Alumnos de 3\u00ba y 5\u00ba a\u00f1o vuelven al Servicio de Kinesiolog\u00eda en Cl\u00ednica UDD\"}]},{\"@type\":\"WebSite\",\"@id\":\"https:\/\/medicina.udd.cl\/kinesiologia-santiago\/#website\",\"url\":\"https:\/\/medicina.udd.cl\/kinesiologia-santiago\/\",\"name\":\"Kinesiolog\u00eda\",\"description\":\"Facultad de Medicina Cl\u00ednica Alemana Universidad del Desarrollo\",\"inLanguage\":\"es\"},{\"@type\":\"Person\",\"@id\":\"https:\/\/medicina.udd.cl\/kinesiologia-santiago\/#\/schema\/person\/dbc3705bf3a93e8be1ba6de0ef950341\",\"name\":\"rbraidy\",\"image\":{\"@type\":\"ImageObject\",\"inLanguage\":\"es\",\"@id\":\"https:\/\/medicina.udd.cl\/kinesiologia-santiago\/#\/schema\/person\/image\/\",\"url\":\"https:\/\/secure.gravatar.com\/avatar\/0f8bc94637401590e45d2ce17eb65c274cb8870a219de6177f3f23e63fd8cdf3?s=96&d=mm&r=g\",\"contentUrl\":\"https:\/\/secure.gravatar.com\/avatar\/0f8bc94637401590e45d2ce17eb65c274cb8870a219de6177f3f23e63fd8cdf3?s=96&d=mm&r=g\",\"caption\":\"rbraidy\"},\"url\":\"https:\/\/medicina.udd.cl\/kinesiologia-santiago\/noticias\/author\/rbraidy\/\"}]}<\/script>\n<!-- \/ Yoast SEO plugin. -->","yoast_head_json":{"title":"Alumnos de 3\u00ba y 5\u00ba a\u00f1o vuelven al Servicio de Kinesiolog\u00eda en Cl\u00ednica UDD - Kinesiolog\u00eda","robots":{"index":"index","follow":"follow","max-snippet":"max-snippet:-1","max-image-preview":"max-image-preview:large","max-video-preview":"max-video-preview:-1"},"canonical":"https:\/\/medicina.udd.cl\/kinesiologia-santiago\/noticias\/2020\/11\/05\/alumnos-de-3o-y-5o-ano-vuelven-al-servicio-de-kinesiologia-en-clinica-udd\/","og_locale":"es_ES","og_type":"article","og_title":"Alumnos de 3\u00ba y 5\u00ba a\u00f1o vuelven al Servicio de Kinesiolog\u00eda en Cl\u00ednica UDD - Kinesiolog\u00eda","og_description":"El Servicio de Kinesiolog\u00eda en la Cl\u00ednica UDD, inici\u00f3 sus atenciones presenciales con pacientes desde las \u00faltimas semanas de octubre, donde alumnos de 3\u00ba y 5\u00ba a\u00f1o de la carrera de Kinesiolog\u00eda de la Facultad de Medicina Cl\u00ednica Alemana Universidad del Desarrollo, han podido realizar sus pr\u00e1cticas cl\u00ednicas. Los estudiantes de 5\u00b0 a\u00f1o, se encuentran [&hellip;]","og_url":"https:\/\/medicina.udd.cl\/kinesiologia-santiago\/noticias\/2020\/11\/05\/alumnos-de-3o-y-5o-ano-vuelven-al-servicio-de-kinesiologia-en-clinica-udd\/","og_site_name":"Kinesiolog\u00eda","article_published_time":"2020-11-05T17:50:31+00:00","article_modified_time":"2020-11-05T17:52:43+00:00","og_image":[{"width":1280,"height":960,"url":"https:\/\/medicina.udd.cl\/kinesiologia-santiago\/files\/2020\/11\/IMG-20201105-WA0024.jpg","type":"image\/jpeg"}],"author":"rbraidy","twitter_misc":{"Escrito por":"rbraidy","Tiempo de lectura":"1 minuto"},"schema":{"@context":"https:\/\/schema.org","@graph":[{"@type":"Article","@id":"https:\/\/medicina.udd.cl\/kinesiologia-santiago\/noticias\/2020\/11\/05\/alumnos-de-3o-y-5o-ano-vuelven-al-servicio-de-kinesiologia-en-clinica-udd\/#article","isPartOf":{"@id":"https:\/\/medicina.udd.cl\/kinesiologia-santiago\/noticias\/2020\/11\/05\/alumnos-de-3o-y-5o-ano-vuelven-al-servicio-de-kinesiologia-en-clinica-udd\/"},"author":{"name":"rbraidy","@id":"https:\/\/medicina.udd.cl\/kinesiologia-santiago\/#\/schema\/person\/dbc3705bf3a93e8be1ba6de0ef950341"},"headline":"Alumnos de 3\u00ba y 5\u00ba a\u00f1o vuelven al Servicio de Kinesiolog\u00eda en Cl\u00ednica UDD","datePublished":"2020-11-05T17:50:31+00:00","dateModified":"2020-11-05T17:52:43+00:00","mainEntityOfPage":{"@id":"https:\/\/medicina.udd.cl\/kinesiologia-santiago\/noticias\/2020\/11\/05\/alumnos-de-3o-y-5o-ano-vuelven-al-servicio-de-kinesiologia-en-clinica-udd\/"},"wordCount":156,"commentCount":0,"image":{"@id":"https:\/\/medicina.udd.cl\/kinesiologia-santiago\/noticias\/2020\/11\/05\/alumnos-de-3o-y-5o-ano-vuelven-al-servicio-de-kinesiologia-en-clinica-udd\/#primaryimage"},"thumbnailUrl":"https:\/\/medicina.udd.cl\/kinesiologia-santiago\/files\/2020\/11\/IMG-20201105-WA0024.jpg","articleSection":["Noticias"],"inLanguage":"es","potentialAction":[{"@type":"CommentAction","name":"Comment","target":["https:\/\/medicina.udd.cl\/kinesiologia-santiago\/noticias\/2020\/11\/05\/alumnos-de-3o-y-5o-ano-vuelven-al-servicio-de-kinesiologia-en-clinica-udd\/#respond"]}]},{"@type":"WebPage","@id":"https:\/\/medicina.udd.cl\/kinesiologia-santiago\/noticias\/2020\/11\/05\/alumnos-de-3o-y-5o-ano-vuelven-al-servicio-de-kinesiologia-en-clinica-udd\/","url":"https:\/\/medicina.udd.cl\/kinesiologia-santiago\/noticias\/2020\/11\/05\/alumnos-de-3o-y-5o-ano-vuelven-al-servicio-de-kinesiologia-en-clinica-udd\/","name":"Alumnos de 3\u00ba y 5\u00ba a\u00f1o vuelven al Servicio de Kinesiolog\u00eda en Cl\u00ednica UDD - Kinesiolog\u00eda","isPartOf":{"@id":"https:\/\/medicina.udd.cl\/kinesiologia-santiago\/#website"},"primaryImageOfPage":{"@id":"https:\/\/medicina.udd.cl\/kinesiologia-santiago\/noticias\/2020\/11\/05\/alumnos-de-3o-y-5o-ano-vuelven-al-servicio-de-kinesiologia-en-clinica-udd\/#primaryimage"},"image":{"@id":"https:\/\/medicina.udd.cl\/kinesiologia-santiago\/noticias\/2020\/11\/05\/alumnos-de-3o-y-5o-ano-vuelven-al-servicio-de-kinesiologia-en-clinica-udd\/#primaryimage"},"thumbnailUrl":"https:\/\/medicina.udd.cl\/kinesiologia-santiago\/files\/2020\/11\/IMG-20201105-WA0024.jpg","datePublished":"2020-11-05T17:50:31+00:00","dateModified":"2020-11-05T17:52:43+00:00","author":{"@id":"https:\/\/medicina.udd.cl\/kinesiologia-santiago\/#\/schema\/person\/dbc3705bf3a93e8be1ba6de0ef950341"},"breadcrumb":{"@id":"https:\/\/medicina.udd.cl\/kinesiologia-santiago\/noticias\/2020\/11\/05\/alumnos-de-3o-y-5o-ano-vuelven-al-servicio-de-kinesiologia-en-clinica-udd\/#breadcrumb"},"inLanguage":"es","potentialAction":[{"@type":"ReadAction","target":["https:\/\/medicina.udd.cl\/kinesiologia-santiago\/noticias\/2020\/11\/05\/alumnos-de-3o-y-5o-ano-vuelven-al-servicio-de-kinesiologia-en-clinica-udd\/"]}]},{"@type":"ImageObject","inLanguage":"es","@id":"https:\/\/medicina.udd.cl\/kinesiologia-santiago\/noticias\/2020\/11\/05\/alumnos-de-3o-y-5o-ano-vuelven-al-servicio-de-kinesiologia-en-clinica-udd\/#primaryimage","url":"https:\/\/medicina.udd.cl\/kinesiologia-santiago\/files\/2020\/11\/IMG-20201105-WA0024.jpg","contentUrl":"https:\/\/medicina.udd.cl\/kinesiologia-santiago\/files\/2020\/11\/IMG-20201105-WA0024.jpg","width":1280,"height":960},{"@type":"BreadcrumbList","@id":"https:\/\/medicina.udd.cl\/kinesiologia-santiago\/noticias\/2020\/11\/05\/alumnos-de-3o-y-5o-ano-vuelven-al-servicio-de-kinesiologia-en-clinica-udd\/#breadcrumb","itemListElement":[{"@type":"ListItem","position":1,"name":"Home","item":"https:\/\/medicina.udd.cl\/kinesiologia-santiago\/"},{"@type":"ListItem","position":2,"name":"Alumnos de 3\u00ba y 5\u00ba a\u00f1o vuelven al Servicio de Kinesiolog\u00eda en Cl\u00ednica UDD"}]},{"@type":"WebSite","@id":"https:\/\/medicina.udd.cl\/kinesiologia-santiago\/#website","url":"https:\/\/medicina.udd.cl\/kinesiologia-santiago\/","name":"Kinesiolog\u00eda","description":"Facultad de Medicina Cl\u00ednica Alemana Universidad del Desarrollo","inLanguage":"es"},{"@type":"Person","@id":"https:\/\/medicina.udd.cl\/kinesiologia-santiago\/#\/schema\/person\/dbc3705bf3a93e8be1ba6de0ef950341","name":"rbraidy","image":{"@type":"ImageObject","inLanguage":"es","@id":"https:\/\/medicina.udd.cl\/kinesiologia-santiago\/#\/schema\/person\/image\/","url":"https:\/\/secure.gravatar.com\/avatar\/0f8bc94637401590e45d2ce17eb65c274cb8870a219de6177f3f23e63fd8cdf3?s=96&d=mm&r=g","contentUrl":"https:\/\/secure.gravatar.com\/avatar\/0f8bc94637401590e45d2ce17eb65c274cb8870a219de6177f3f23e63fd8cdf3?s=96&d=mm&r=g","caption":"rbraidy"},"url":"https:\/\/medicina.udd.cl\/kinesiologia-santiago\/noticias\/author\/rbraidy\/"}]}},"featured_image_url":"https:\/\/medicina.udd.cl\/kinesiologia-santiago\/files\/2020\/11\/IMG-20201105-WA0024.jpg","_links":{"self":[{"href":"https:\/\/medicina.udd.cl\/kinesiologia-santiago\/wp-json\/wp\/v2\/posts\/4807","targetHints":{"allow":["GET"]}}],"collection":[{"href":"https:\/\/medicina.udd.cl\/kinesiologia-santiago\/wp-json\/wp\/v2\/posts"}],"about":[{"href":"https:\/\/medicina.udd.cl\/kinesiologia-santiago\/wp-json\/wp\/v2\/types\/post"}],"author":[{"embeddable":true,"href":"https:\/\/medicina.udd.cl\/kinesiologia-santiago\/wp-json\/wp\/v2\/users\/9192219"}],"replies":[{"embeddable":true,"href":"https:\/\/medicina.udd.cl\/kinesiologia-santiago\/wp-json\/wp\/v2\/comments?post=4807"}],"version-history":[{"count":5,"href":"https:\/\/medicina.udd.cl\/kinesiologia-santiago\/wp-json\/wp\/v2\/posts\/4807\/revisions"}],"predecessor-version":[{"id":4824,"href":"https:\/\/medicina.udd.cl\/kinesiologia-santiago\/wp-json\/wp\/v2\/posts\/4807\/revisions\/4824"}],"wp:featuredmedia":[{"embeddable":true,"href":"https:\/\/medicina.udd.cl\/kinesiologia-santiago\/wp-json\/wp\/v2\/media\/4809"}],"wp:attachment":[{"href":"https:\/\/medicina.udd.cl\/kinesiologia-santiago\/wp-json\/wp\/v2\/media?parent=4807"}],"wp:term":[{"taxonomy":"category","embeddable":true,"href":"https:\/\/medicina.udd.cl\/kinesiologia-santiago\/wp-json\/wp\/v2\/categories?post=4807"},{"taxonomy":"post_tag","embeddable":true,"href":"https:\/\/medicina.udd.cl\/kinesiologia-santiago\/wp-json\/wp\/v2\/tags?post=4807"}],"curies":[{"name":"wp","href":"https:\/\/api.w.org\/{rel}","templated":true}]}}