{"id":4872,"date":"2020-11-23T09:47:00","date_gmt":"2020-11-23T12:47:00","guid":{"rendered":"http:\/\/medicina.udd.cl\/kinesiologia-santiago\/?p=4872"},"modified":"2020-11-27T10:45:31","modified_gmt":"2020-11-27T13:45:31","slug":"kinesiologia-participo-en-expo-impacto-2020","status":"publish","type":"post","link":"https:\/\/medicina.udd.cl\/kinesiologia-santiago\/noticias\/2020\/11\/23\/kinesiologia-participo-en-expo-impacto-2020\/","title":{"rendered":"Kinesiolog\u00eda particip\u00f3 en Expo Impacto 2020"},"content":{"rendered":"<div id=\"gallery-1\" class=\"carousel slide carousel-gallery\" data-ride=\"false\" data-interval=\"false\"><div class=\"carousel-inner\" role=\"listbox\"><figure class=\"carousel-item active\"><img loading=\"lazy\" decoding=\"async\" width=\"952\" height=\"534\" src=\"https:\/\/medicina.udd.cl\/kinesiologia-santiago\/files\/2020\/11\/expokine4-952x534.jpg\" class=\"attachment-landscape_952 size-landscape_952\" alt=\"\" srcset=\"https:\/\/medicina.udd.cl\/kinesiologia-santiago\/files\/2020\/11\/expokine4-952x534.jpg 952w, https:\/\/medicina.udd.cl\/kinesiologia-santiago\/files\/2020\/11\/expokine4-680x382.jpg 680w\" sizes=\"auto, (max-width: 952px) 100vw, 952px\" \/><\/figure><figure class=\"carousel-item\"><img loading=\"lazy\" decoding=\"async\" width=\"952\" height=\"534\" src=\"https:\/\/medicina.udd.cl\/kinesiologia-santiago\/files\/2020\/11\/expoKine-952x534.jpg\" class=\"attachment-landscape_952 size-landscape_952\" alt=\"\" srcset=\"https:\/\/medicina.udd.cl\/kinesiologia-santiago\/files\/2020\/11\/expoKine-952x534.jpg 952w, https:\/\/medicina.udd.cl\/kinesiologia-santiago\/files\/2020\/11\/expoKine-680x382.jpg 680w\" sizes=\"auto, (max-width: 952px) 100vw, 952px\" \/><\/figure><figure class=\"carousel-item\"><img loading=\"lazy\" decoding=\"async\" width=\"952\" height=\"534\" src=\"https:\/\/medicina.udd.cl\/kinesiologia-santiago\/files\/2020\/11\/expokine2-952x534.jpg\" class=\"attachment-landscape_952 size-landscape_952\" alt=\"\" srcset=\"https:\/\/medicina.udd.cl\/kinesiologia-santiago\/files\/2020\/11\/expokine2-952x534.jpg 952w, https:\/\/medicina.udd.cl\/kinesiologia-santiago\/files\/2020\/11\/expokine2-680x382.jpg 680w\" sizes=\"auto, (max-width: 952px) 100vw, 952px\" \/><\/figure><figure class=\"carousel-item\"><img loading=\"lazy\" decoding=\"async\" width=\"952\" height=\"534\" src=\"https:\/\/medicina.udd.cl\/kinesiologia-santiago\/files\/2020\/11\/expokine3-952x534.jpg\" class=\"attachment-landscape_952 size-landscape_952\" alt=\"\" srcset=\"https:\/\/medicina.udd.cl\/kinesiologia-santiago\/files\/2020\/11\/expokine3-952x534.jpg 952w, https:\/\/medicina.udd.cl\/kinesiologia-santiago\/files\/2020\/11\/expokine3-680x382.jpg 680w\" sizes=\"auto, (max-width: 952px) 100vw, 952px\" \/><\/figure><figure class=\"carousel-item\"><img loading=\"lazy\" decoding=\"async\" width=\"952\" height=\"534\" src=\"https:\/\/medicina.udd.cl\/kinesiologia-santiago\/files\/2020\/11\/expokine5-952x534.jpg\" class=\"attachment-landscape_952 size-landscape_952\" alt=\"\" srcset=\"https:\/\/medicina.udd.cl\/kinesiologia-santiago\/files\/2020\/11\/expokine5-952x534.jpg 952w, https:\/\/medicina.udd.cl\/kinesiologia-santiago\/files\/2020\/11\/expokine5-680x382.jpg 680w\" sizes=\"auto, (max-width: 952px) 100vw, 952px\" \/><\/figure><\/div><footer class=\"carousel-footer\"><div class=\"carousel-counter\"><span class=\"carousel-counter-current\"><\/span> \/ <span class=\"carousel-counter-total\"><\/span><\/div><a class=\"carousel-control-prev\" href=\"#gallery-1\" role=\"button\" data-slide=\"prev\"><svg aria-hidden=\"true\" class=\"svg-chevron-left-dims\"><use xlink:href='https:\/\/medicina.udd.cl\/kinesiologia-santiago\/wp-content\/themes\/facultades-2018\/assets\/img\/svg\/dist\/main.svg?version=1695853099#chevron-left'><\/use><\/svg><span class=\"sr-only\">Anterior<\/span><\/a><a class=\"carousel-control-next\" href=\"#gallery-1\" role=\"button\" data-slide=\"next\"><svg aria-hidden=\"true\" class=\"svg-chevron-right-dims\"><use xlink:href='https:\/\/medicina.udd.cl\/kinesiologia-santiago\/wp-content\/themes\/facultades-2018\/assets\/img\/svg\/dist\/main.svg?version=1695853099#chevron-right'><\/use><\/svg><span class=\"sr-only\">Siguiente<\/span><\/a><\/footer><\/div>\n\n\n<p>La Universidad del Desarrollo realiz\u00f3 la <a href=\"https:\/\/www.expoimpacto.cl\/\">EXPO IMPACTO UDD<\/a> los d\u00edas 17, 18 y 19 de noviembre, evento de <strong>3 d\u00edas que incluy\u00f3 26 sesiones y m\u00e1s de 100 expositores<\/strong>, en donde se dieron a conocer grandes iniciativas que buscan abordar desaf\u00edos fundamentales para nuestra sociedad, todo bajos los sellos UDD de Responsabilidad P\u00fablica, Emprendimiento e Innovaci\u00f3n. <\/p>\n\n\n\n<p>Por su parte, en representaci\u00f3n de la carrera de Kinesiolog\u00eda de la Facultad de Medicina Cl\u00ednica Alemana Universidad del Desarrollo, la docente Catalina Merino Osorio, particip\u00f3 en la sesi\u00f3n <strong>\u00abInvestigaci\u00f3n con Impacto\u00bb<\/strong>, presentando los estudios COVID de los cuales es investigador responsable, \u201cImpacto de la pandemia COVID-19 en sobrevivientes de UCI, sus familiares y profesionales de salud (IMPACCT COVID-19)\u201d y \u201cDescripci\u00f3n de las modificaciones en las pr\u00e1cticas de los kinesi\u00f3logos de unidad de cuidados intensivos durante y despu\u00e9s de la pandemia COVID-19 en Chile (DeKUCI COVID-19)\u201d, los cuales realiza junto a tutores del \u00e1rea de cuidados cr\u00edticos del <a href=\"https:\/\/medicina.udd.cl\/postgrado\/magister-en-terapia-fisica-y-rehabilitacion\/contacto-2\/\">Mag\u00edster en Terapia F\u00edsica y Rehabilitaci\u00f3n<\/a> que dicta la Facultad de Medicina. <\/p>\n\n\n\n<p>Ambos estudios relevan la importancia de estudiar las secuelas f\u00edsicas, mentales y sociales en aquellos pacientes que hayan requerido cuidados cr\u00edticos y conexi\u00f3n a ventilaci\u00f3n mec\u00e1nica invasiva, sea por COVID-19 u otros diagn\u00f3sticos, explorar las experiencias vividas por los familiares de estos pacientes durante la estad\u00eda en unidad de cuidados intensivos (UCI) y los desaf\u00edos profesionales, emocionales y las modificaciones laborales que tuvieron que experimentar los profesionales de salud que trabajaron en UCI durante la pandemia.&nbsp; El estudio IMPACCTO COVID-19 es patrocinado por ANID y DeKUCI COVID-19 por el Colegio de Kinesi\u00f3logos de Chile; y reflejan el impacto de la interacci\u00f3n y gesti\u00f3n entre entidades acad\u00e9micas, gubernamentales y gremiales en foco hacia un objetivo com\u00fan. <\/p>\n\n\n\n<p>El\npanel estuvo moderado por Rodrigo del Canto, Director de Transferencia\nTecnol\u00f3gica de iCono UDD, y compuesto por los profesores Francisco Zamorano\n(Facultad de Dise\u00f1o UDD), Jessica Mart\u00ednez (ICIM) y Catalina Merino (Carrera de\nKinesiolog\u00eda). <\/p>\n\n\n\n<p><br>\nEn el siguiente <a href=\"https:\/\/www.youtube.com\/watch?v=GNFxYNEmZQM&amp;feature=youtu.be\" target=\"_blank\" rel=\"noreferrer noopener\">enlace<\/a> podr\u00e1n encontrar un\nresumen de las sesiones realizadas el d\u00eda mi\u00e9rcoles 18 de noviembre de 2020.<\/p>\n","protected":false},"excerpt":{"rendered":"<p>La Universidad del Desarrollo realiz\u00f3 la EXPO IMPACTO UDD los d\u00edas 17, 18 y 19 de noviembre, evento de 3 d\u00edas que incluy\u00f3 26 sesiones y m\u00e1s de 100 expositores, en donde se dieron a conocer grandes iniciativas que buscan abordar desaf\u00edos fundamentales para nuestra sociedad, todo bajos los sellos UDD de Responsabilidad P\u00fablica, Emprendimiento [&hellip;]<\/p>\n","protected":false},"author":9192219,"featured_media":4880,"comment_status":"open","ping_status":"open","sticky":false,"template":"","format":"standard","meta":{"footnotes":""},"categories":[4],"tags":[],"class_list":["post-4872","post","type-post","status-publish","format-standard","has-post-thumbnail","hentry","category-noticias"],"yoast_head":"<!-- This site is optimized with the Yoast SEO plugin v26.9 - https:\/\/yoast.com\/product\/yoast-seo-wordpress\/ -->\n<title>Kinesiolog\u00eda particip\u00f3 en Expo Impacto 2020 - Kinesiolog\u00eda<\/title>\n<meta name=\"robots\" content=\"index, follow, max-snippet:-1, max-image-preview:large, max-video-preview:-1\" \/>\n<link rel=\"canonical\" href=\"https:\/\/medicina.udd.cl\/kinesiologia-santiago\/noticias\/2020\/11\/23\/kinesiologia-participo-en-expo-impacto-2020\/\" \/>\n<meta property=\"og:locale\" content=\"es_ES\" \/>\n<meta property=\"og:type\" content=\"article\" \/>\n<meta property=\"og:title\" content=\"Kinesiolog\u00eda particip\u00f3 en Expo Impacto 2020 - Kinesiolog\u00eda\" \/>\n<meta property=\"og:description\" content=\"La Universidad del Desarrollo realiz\u00f3 la EXPO IMPACTO UDD los d\u00edas 17, 18 y 19 de noviembre, evento de 3 d\u00edas que incluy\u00f3 26 sesiones y m\u00e1s de 100 expositores, en donde se dieron a conocer grandes iniciativas que buscan abordar desaf\u00edos fundamentales para nuestra sociedad, todo bajos los sellos UDD de Responsabilidad P\u00fablica, Emprendimiento [&hellip;]\" \/>\n<meta property=\"og:url\" content=\"https:\/\/medicina.udd.cl\/kinesiologia-santiago\/noticias\/2020\/11\/23\/kinesiologia-participo-en-expo-impacto-2020\/\" \/>\n<meta property=\"og:site_name\" content=\"Kinesiolog\u00eda\" \/>\n<meta property=\"article:published_time\" content=\"2020-11-23T12:47:00+00:00\" \/>\n<meta property=\"article:modified_time\" content=\"2020-11-27T13:45:31+00:00\" \/>\n<meta property=\"og:image\" content=\"https:\/\/medicina.udd.cl\/kinesiologia-santiago\/files\/2020\/11\/expoimpacto.jpg\" \/>\n\t<meta property=\"og:image:width\" content=\"546\" \/>\n\t<meta property=\"og:image:height\" content=\"282\" \/>\n\t<meta property=\"og:image:type\" content=\"image\/jpeg\" \/>\n<meta name=\"author\" content=\"rbraidy\" \/>\n<meta name=\"twitter:label1\" content=\"Escrito por\" \/>\n\t<meta name=\"twitter:data1\" content=\"rbraidy\" \/>\n\t<meta name=\"twitter:label2\" content=\"Tiempo de lectura\" \/>\n\t<meta name=\"twitter:data2\" content=\"2 minutos\" \/>\n<script type=\"application\/ld+json\" class=\"yoast-schema-graph\">{\"@context\":\"https:\/\/schema.org\",\"@graph\":[{\"@type\":\"Article\",\"@id\":\"https:\/\/medicina.udd.cl\/kinesiologia-santiago\/noticias\/2020\/11\/23\/kinesiologia-participo-en-expo-impacto-2020\/#article\",\"isPartOf\":{\"@id\":\"https:\/\/medicina.udd.cl\/kinesiologia-santiago\/noticias\/2020\/11\/23\/kinesiologia-participo-en-expo-impacto-2020\/\"},\"author\":{\"name\":\"rbraidy\",\"@id\":\"https:\/\/medicina.udd.cl\/kinesiologia-santiago\/#\/schema\/person\/dbc3705bf3a93e8be1ba6de0ef950341\"},\"headline\":\"Kinesiolog\u00eda particip\u00f3 en Expo Impacto 2020\",\"datePublished\":\"2020-11-23T12:47:00+00:00\",\"dateModified\":\"2020-11-27T13:45:31+00:00\",\"mainEntityOfPage\":{\"@id\":\"https:\/\/medicina.udd.cl\/kinesiologia-santiago\/noticias\/2020\/11\/23\/kinesiologia-participo-en-expo-impacto-2020\/\"},\"wordCount\":377,\"commentCount\":0,\"image\":{\"@id\":\"https:\/\/medicina.udd.cl\/kinesiologia-santiago\/noticias\/2020\/11\/23\/kinesiologia-participo-en-expo-impacto-2020\/#primaryimage\"},\"thumbnailUrl\":\"https:\/\/medicina.udd.cl\/kinesiologia-santiago\/files\/2020\/11\/expoimpacto.jpg\",\"articleSection\":[\"Noticias\"],\"inLanguage\":\"es\",\"potentialAction\":[{\"@type\":\"CommentAction\",\"name\":\"Comment\",\"target\":[\"https:\/\/medicina.udd.cl\/kinesiologia-santiago\/noticias\/2020\/11\/23\/kinesiologia-participo-en-expo-impacto-2020\/#respond\"]}]},{\"@type\":\"WebPage\",\"@id\":\"https:\/\/medicina.udd.cl\/kinesiologia-santiago\/noticias\/2020\/11\/23\/kinesiologia-participo-en-expo-impacto-2020\/\",\"url\":\"https:\/\/medicina.udd.cl\/kinesiologia-santiago\/noticias\/2020\/11\/23\/kinesiologia-participo-en-expo-impacto-2020\/\",\"name\":\"Kinesiolog\u00eda particip\u00f3 en Expo Impacto 2020 - Kinesiolog\u00eda\",\"isPartOf\":{\"@id\":\"https:\/\/medicina.udd.cl\/kinesiologia-santiago\/#website\"},\"primaryImageOfPage\":{\"@id\":\"https:\/\/medicina.udd.cl\/kinesiologia-santiago\/noticias\/2020\/11\/23\/kinesiologia-participo-en-expo-impacto-2020\/#primaryimage\"},\"image\":{\"@id\":\"https:\/\/medicina.udd.cl\/kinesiologia-santiago\/noticias\/2020\/11\/23\/kinesiologia-participo-en-expo-impacto-2020\/#primaryimage\"},\"thumbnailUrl\":\"https:\/\/medicina.udd.cl\/kinesiologia-santiago\/files\/2020\/11\/expoimpacto.jpg\",\"datePublished\":\"2020-11-23T12:47:00+00:00\",\"dateModified\":\"2020-11-27T13:45:31+00:00\",\"author\":{\"@id\":\"https:\/\/medicina.udd.cl\/kinesiologia-santiago\/#\/schema\/person\/dbc3705bf3a93e8be1ba6de0ef950341\"},\"breadcrumb\":{\"@id\":\"https:\/\/medicina.udd.cl\/kinesiologia-santiago\/noticias\/2020\/11\/23\/kinesiologia-participo-en-expo-impacto-2020\/#breadcrumb\"},\"inLanguage\":\"es\",\"potentialAction\":[{\"@type\":\"ReadAction\",\"target\":[\"https:\/\/medicina.udd.cl\/kinesiologia-santiago\/noticias\/2020\/11\/23\/kinesiologia-participo-en-expo-impacto-2020\/\"]}]},{\"@type\":\"ImageObject\",\"inLanguage\":\"es\",\"@id\":\"https:\/\/medicina.udd.cl\/kinesiologia-santiago\/noticias\/2020\/11\/23\/kinesiologia-participo-en-expo-impacto-2020\/#primaryimage\",\"url\":\"https:\/\/medicina.udd.cl\/kinesiologia-santiago\/files\/2020\/11\/expoimpacto.jpg\",\"contentUrl\":\"https:\/\/medicina.udd.cl\/kinesiologia-santiago\/files\/2020\/11\/expoimpacto.jpg\",\"width\":546,\"height\":282},{\"@type\":\"BreadcrumbList\",\"@id\":\"https:\/\/medicina.udd.cl\/kinesiologia-santiago\/noticias\/2020\/11\/23\/kinesiologia-participo-en-expo-impacto-2020\/#breadcrumb\",\"itemListElement\":[{\"@type\":\"ListItem\",\"position\":1,\"name\":\"Home\",\"item\":\"https:\/\/medicina.udd.cl\/kinesiologia-santiago\/\"},{\"@type\":\"ListItem\",\"position\":2,\"name\":\"Kinesiolog\u00eda particip\u00f3 en Expo Impacto 2020\"}]},{\"@type\":\"WebSite\",\"@id\":\"https:\/\/medicina.udd.cl\/kinesiologia-santiago\/#website\",\"url\":\"https:\/\/medicina.udd.cl\/kinesiologia-santiago\/\",\"name\":\"Kinesiolog\u00eda\",\"description\":\"Facultad de Medicina Cl\u00ednica Alemana Universidad del Desarrollo\",\"inLanguage\":\"es\"},{\"@type\":\"Person\",\"@id\":\"https:\/\/medicina.udd.cl\/kinesiologia-santiago\/#\/schema\/person\/dbc3705bf3a93e8be1ba6de0ef950341\",\"name\":\"rbraidy\",\"image\":{\"@type\":\"ImageObject\",\"inLanguage\":\"es\",\"@id\":\"https:\/\/medicina.udd.cl\/kinesiologia-santiago\/#\/schema\/person\/image\/\",\"url\":\"https:\/\/secure.gravatar.com\/avatar\/0f8bc94637401590e45d2ce17eb65c274cb8870a219de6177f3f23e63fd8cdf3?s=96&d=mm&r=g\",\"contentUrl\":\"https:\/\/secure.gravatar.com\/avatar\/0f8bc94637401590e45d2ce17eb65c274cb8870a219de6177f3f23e63fd8cdf3?s=96&d=mm&r=g\",\"caption\":\"rbraidy\"},\"url\":\"https:\/\/medicina.udd.cl\/kinesiologia-santiago\/noticias\/author\/rbraidy\/\"}]}<\/script>\n<!-- \/ Yoast SEO plugin. -->","yoast_head_json":{"title":"Kinesiolog\u00eda particip\u00f3 en Expo Impacto 2020 - Kinesiolog\u00eda","robots":{"index":"index","follow":"follow","max-snippet":"max-snippet:-1","max-image-preview":"max-image-preview:large","max-video-preview":"max-video-preview:-1"},"canonical":"https:\/\/medicina.udd.cl\/kinesiologia-santiago\/noticias\/2020\/11\/23\/kinesiologia-participo-en-expo-impacto-2020\/","og_locale":"es_ES","og_type":"article","og_title":"Kinesiolog\u00eda particip\u00f3 en Expo Impacto 2020 - Kinesiolog\u00eda","og_description":"La Universidad del Desarrollo realiz\u00f3 la EXPO IMPACTO UDD los d\u00edas 17, 18 y 19 de noviembre, evento de 3 d\u00edas que incluy\u00f3 26 sesiones y m\u00e1s de 100 expositores, en donde se dieron a conocer grandes iniciativas que buscan abordar desaf\u00edos fundamentales para nuestra sociedad, todo bajos los sellos UDD de Responsabilidad P\u00fablica, Emprendimiento [&hellip;]","og_url":"https:\/\/medicina.udd.cl\/kinesiologia-santiago\/noticias\/2020\/11\/23\/kinesiologia-participo-en-expo-impacto-2020\/","og_site_name":"Kinesiolog\u00eda","article_published_time":"2020-11-23T12:47:00+00:00","article_modified_time":"2020-11-27T13:45:31+00:00","og_image":[{"width":546,"height":282,"url":"https:\/\/medicina.udd.cl\/kinesiologia-santiago\/files\/2020\/11\/expoimpacto.jpg","type":"image\/jpeg"}],"author":"rbraidy","twitter_misc":{"Escrito por":"rbraidy","Tiempo de lectura":"2 minutos"},"schema":{"@context":"https:\/\/schema.org","@graph":[{"@type":"Article","@id":"https:\/\/medicina.udd.cl\/kinesiologia-santiago\/noticias\/2020\/11\/23\/kinesiologia-participo-en-expo-impacto-2020\/#article","isPartOf":{"@id":"https:\/\/medicina.udd.cl\/kinesiologia-santiago\/noticias\/2020\/11\/23\/kinesiologia-participo-en-expo-impacto-2020\/"},"author":{"name":"rbraidy","@id":"https:\/\/medicina.udd.cl\/kinesiologia-santiago\/#\/schema\/person\/dbc3705bf3a93e8be1ba6de0ef950341"},"headline":"Kinesiolog\u00eda particip\u00f3 en Expo Impacto 2020","datePublished":"2020-11-23T12:47:00+00:00","dateModified":"2020-11-27T13:45:31+00:00","mainEntityOfPage":{"@id":"https:\/\/medicina.udd.cl\/kinesiologia-santiago\/noticias\/2020\/11\/23\/kinesiologia-participo-en-expo-impacto-2020\/"},"wordCount":377,"commentCount":0,"image":{"@id":"https:\/\/medicina.udd.cl\/kinesiologia-santiago\/noticias\/2020\/11\/23\/kinesiologia-participo-en-expo-impacto-2020\/#primaryimage"},"thumbnailUrl":"https:\/\/medicina.udd.cl\/kinesiologia-santiago\/files\/2020\/11\/expoimpacto.jpg","articleSection":["Noticias"],"inLanguage":"es","potentialAction":[{"@type":"CommentAction","name":"Comment","target":["https:\/\/medicina.udd.cl\/kinesiologia-santiago\/noticias\/2020\/11\/23\/kinesiologia-participo-en-expo-impacto-2020\/#respond"]}]},{"@type":"WebPage","@id":"https:\/\/medicina.udd.cl\/kinesiologia-santiago\/noticias\/2020\/11\/23\/kinesiologia-participo-en-expo-impacto-2020\/","url":"https:\/\/medicina.udd.cl\/kinesiologia-santiago\/noticias\/2020\/11\/23\/kinesiologia-participo-en-expo-impacto-2020\/","name":"Kinesiolog\u00eda particip\u00f3 en Expo Impacto 2020 - Kinesiolog\u00eda","isPartOf":{"@id":"https:\/\/medicina.udd.cl\/kinesiologia-santiago\/#website"},"primaryImageOfPage":{"@id":"https:\/\/medicina.udd.cl\/kinesiologia-santiago\/noticias\/2020\/11\/23\/kinesiologia-participo-en-expo-impacto-2020\/#primaryimage"},"image":{"@id":"https:\/\/medicina.udd.cl\/kinesiologia-santiago\/noticias\/2020\/11\/23\/kinesiologia-participo-en-expo-impacto-2020\/#primaryimage"},"thumbnailUrl":"https:\/\/medicina.udd.cl\/kinesiologia-santiago\/files\/2020\/11\/expoimpacto.jpg","datePublished":"2020-11-23T12:47:00+00:00","dateModified":"2020-11-27T13:45:31+00:00","author":{"@id":"https:\/\/medicina.udd.cl\/kinesiologia-santiago\/#\/schema\/person\/dbc3705bf3a93e8be1ba6de0ef950341"},"breadcrumb":{"@id":"https:\/\/medicina.udd.cl\/kinesiologia-santiago\/noticias\/2020\/11\/23\/kinesiologia-participo-en-expo-impacto-2020\/#breadcrumb"},"inLanguage":"es","potentialAction":[{"@type":"ReadAction","target":["https:\/\/medicina.udd.cl\/kinesiologia-santiago\/noticias\/2020\/11\/23\/kinesiologia-participo-en-expo-impacto-2020\/"]}]},{"@type":"ImageObject","inLanguage":"es","@id":"https:\/\/medicina.udd.cl\/kinesiologia-santiago\/noticias\/2020\/11\/23\/kinesiologia-participo-en-expo-impacto-2020\/#primaryimage","url":"https:\/\/medicina.udd.cl\/kinesiologia-santiago\/files\/2020\/11\/expoimpacto.jpg","contentUrl":"https:\/\/medicina.udd.cl\/kinesiologia-santiago\/files\/2020\/11\/expoimpacto.jpg","width":546,"height":282},{"@type":"BreadcrumbList","@id":"https:\/\/medicina.udd.cl\/kinesiologia-santiago\/noticias\/2020\/11\/23\/kinesiologia-participo-en-expo-impacto-2020\/#breadcrumb","itemListElement":[{"@type":"ListItem","position":1,"name":"Home","item":"https:\/\/medicina.udd.cl\/kinesiologia-santiago\/"},{"@type":"ListItem","position":2,"name":"Kinesiolog\u00eda particip\u00f3 en Expo Impacto 2020"}]},{"@type":"WebSite","@id":"https:\/\/medicina.udd.cl\/kinesiologia-santiago\/#website","url":"https:\/\/medicina.udd.cl\/kinesiologia-santiago\/","name":"Kinesiolog\u00eda","description":"Facultad de Medicina Cl\u00ednica Alemana Universidad del Desarrollo","inLanguage":"es"},{"@type":"Person","@id":"https:\/\/medicina.udd.cl\/kinesiologia-santiago\/#\/schema\/person\/dbc3705bf3a93e8be1ba6de0ef950341","name":"rbraidy","image":{"@type":"ImageObject","inLanguage":"es","@id":"https:\/\/medicina.udd.cl\/kinesiologia-santiago\/#\/schema\/person\/image\/","url":"https:\/\/secure.gravatar.com\/avatar\/0f8bc94637401590e45d2ce17eb65c274cb8870a219de6177f3f23e63fd8cdf3?s=96&d=mm&r=g","contentUrl":"https:\/\/secure.gravatar.com\/avatar\/0f8bc94637401590e45d2ce17eb65c274cb8870a219de6177f3f23e63fd8cdf3?s=96&d=mm&r=g","caption":"rbraidy"},"url":"https:\/\/medicina.udd.cl\/kinesiologia-santiago\/noticias\/author\/rbraidy\/"}]}},"featured_image_url":"https:\/\/medicina.udd.cl\/kinesiologia-santiago\/files\/2020\/11\/expoimpacto.jpg","_links":{"self":[{"href":"https:\/\/medicina.udd.cl\/kinesiologia-santiago\/wp-json\/wp\/v2\/posts\/4872","targetHints":{"allow":["GET"]}}],"collection":[{"href":"https:\/\/medicina.udd.cl\/kinesiologia-santiago\/wp-json\/wp\/v2\/posts"}],"about":[{"href":"https:\/\/medicina.udd.cl\/kinesiologia-santiago\/wp-json\/wp\/v2\/types\/post"}],"author":[{"embeddable":true,"href":"https:\/\/medicina.udd.cl\/kinesiologia-santiago\/wp-json\/wp\/v2\/users\/9192219"}],"replies":[{"embeddable":true,"href":"https:\/\/medicina.udd.cl\/kinesiologia-santiago\/wp-json\/wp\/v2\/comments?post=4872"}],"version-history":[{"count":2,"href":"https:\/\/medicina.udd.cl\/kinesiologia-santiago\/wp-json\/wp\/v2\/posts\/4872\/revisions"}],"predecessor-version":[{"id":4879,"href":"https:\/\/medicina.udd.cl\/kinesiologia-santiago\/wp-json\/wp\/v2\/posts\/4872\/revisions\/4879"}],"wp:featuredmedia":[{"embeddable":true,"href":"https:\/\/medicina.udd.cl\/kinesiologia-santiago\/wp-json\/wp\/v2\/media\/4880"}],"wp:attachment":[{"href":"https:\/\/medicina.udd.cl\/kinesiologia-santiago\/wp-json\/wp\/v2\/media?parent=4872"}],"wp:term":[{"taxonomy":"category","embeddable":true,"href":"https:\/\/medicina.udd.cl\/kinesiologia-santiago\/wp-json\/wp\/v2\/categories?post=4872"},{"taxonomy":"post_tag","embeddable":true,"href":"https:\/\/medicina.udd.cl\/kinesiologia-santiago\/wp-json\/wp\/v2\/tags?post=4872"}],"curies":[{"name":"wp","href":"https:\/\/api.w.org\/{rel}","templated":true}]}}