{"id":4881,"date":"2020-11-16T11:47:00","date_gmt":"2020-11-16T14:47:00","guid":{"rendered":"http:\/\/medicina.udd.cl\/kinesiologia-santiago\/?p=4881"},"modified":"2020-11-27T12:43:19","modified_gmt":"2020-11-27T15:43:19","slug":"con-exito-culmino-curso-prevencion-y-manejo-multidisciplinario-del-dolor-musculo-esqueletico-cronico","status":"publish","type":"post","link":"https:\/\/medicina.udd.cl\/kinesiologia-santiago\/noticias\/2020\/11\/16\/con-exito-culmino-curso-prevencion-y-manejo-multidisciplinario-del-dolor-musculo-esqueletico-cronico\/","title":{"rendered":"Con \u00e9xito culmin\u00f3 curso \u00abPrevenci\u00f3n y Manejo Multidisciplinario del Dolor M\u00fasculo-Esquel\u00e9tico Cr\u00f3nico\u00bb"},"content":{"rendered":"\n<div class=\"wp-block-image\"><figure class=\"aligncenter size-large is-resized\"><img loading=\"lazy\" decoding=\"async\" src=\"https:\/\/medicina.udd.cl\/kinesiologia-santiago\/files\/2020\/11\/FOTO-Curso-Dolor-NOV-2020--1024x602.png\" alt=\"\" class=\"wp-image-4883\" width=\"512\" height=\"301\" srcset=\"https:\/\/medicina.udd.cl\/kinesiologia-santiago\/files\/2020\/11\/FOTO-Curso-Dolor-NOV-2020--1024x602.png 1024w, https:\/\/medicina.udd.cl\/kinesiologia-santiago\/files\/2020\/11\/FOTO-Curso-Dolor-NOV-2020--300x176.png 300w, https:\/\/medicina.udd.cl\/kinesiologia-santiago\/files\/2020\/11\/FOTO-Curso-Dolor-NOV-2020--768x452.png 768w, https:\/\/medicina.udd.cl\/kinesiologia-santiago\/files\/2020\/11\/FOTO-Curso-Dolor-NOV-2020-.png 1416w\" sizes=\"auto, (max-width: 512px) 100vw, 512px\" \/><\/figure><\/div>\n\n\n\n<p>Con \u00e9xito finaliz\u00f3 el curso \u00abPrevenci\u00f3n y\nManejo Multidisciplinario del Dolor M\u00fasculo-Esquel\u00e9tico Cr\u00f3nico\u00bb,\norganizado por la carrera de Kinesiolog\u00eda de la Facultad de Medicina Cl\u00ednica\nAlemana Universidad del Desarrollo, y dictado tanto por docentes de nuestra\ncasa de estudios como por invitados expertos en el tema.<\/p>\n\n\n\n<p>Dra. Ana Luisa Miranda, psiquiatra, Marcela Aravena, psic\u00f3loga, Karin\nSpencer, nutricionista, Sebasti\u00e1n Gallegos, terapeuta ocupacional y Mar\u00eda Jes\u00fas\nMena, kinesi\u00f3loga, fueron los expositores en este curso, los cuales entregaron\nherramientas para comprender el problema biopsicosocial de la persona con dolor\nm\u00fasculo-esquel\u00e9tico cr\u00f3nico y su relevancia en el abordaje terap\u00e9utico, as\u00ed\ncomo conocer los tratamientos m\u00e9dicos, estrategias nutricionales, de terapia\nocupacional y kinesiol\u00f3gicas, y su rol en el manejo de estos pacientes. Asimismo, se trabaj\u00f3 en grupos peque\u00f1os en la\nresoluci\u00f3n de situaciones cl\u00ednicas simuladas de pacientes con dolor\nm\u00fasculo-esquel\u00e9tico cr\u00f3nico, indicando estrategias kin\u00e9sicas de evaluaci\u00f3n y\ntratamiento.<\/p>\n\n\n\n<p>El curso cont\u00f3 con la participaci\u00f3n de 44 kinesi\u00f3logos como alumnos,\nentre ellos pertenecientes a distintos CESFAM de la comuna de La Pintana y de\nCl\u00ednica Alemana de Santiago, quienes accedieron al programa a trav\u00e9s de la\nherramienta Canvas; lo que les permiti\u00f3 acceder a material de apoyo, revisi\u00f3n\nde videos de las clases, e incluso rendir su evaluaci\u00f3n online.<\/p>\n","protected":false},"excerpt":{"rendered":"<p>Con \u00e9xito finaliz\u00f3 el curso \u00abPrevenci\u00f3n y Manejo Multidisciplinario del Dolor M\u00fasculo-Esquel\u00e9tico Cr\u00f3nico\u00bb, organizado por la carrera de Kinesiolog\u00eda de la Facultad de Medicina Cl\u00ednica Alemana Universidad del Desarrollo, y dictado tanto por docentes de nuestra casa de estudios como por invitados expertos en el tema. Dra. Ana Luisa Miranda, psiquiatra, Marcela Aravena, psic\u00f3loga, Karin [&hellip;]<\/p>\n","protected":false},"author":9192219,"featured_media":4883,"comment_status":"open","ping_status":"open","sticky":false,"template":"","format":"standard","meta":{"footnotes":""},"categories":[4],"tags":[],"class_list":["post-4881","post","type-post","status-publish","format-standard","has-post-thumbnail","hentry","category-noticias"],"yoast_head":"<!-- This site is optimized with the Yoast SEO plugin v26.9 - https:\/\/yoast.com\/product\/yoast-seo-wordpress\/ -->\n<title>Con \u00e9xito culmin\u00f3 curso &quot;Prevenci\u00f3n y Manejo Multidisciplinario del Dolor M\u00fasculo-Esquel\u00e9tico Cr\u00f3nico&quot; - Kinesiolog\u00eda<\/title>\n<meta name=\"robots\" content=\"index, follow, max-snippet:-1, max-image-preview:large, max-video-preview:-1\" \/>\n<link rel=\"canonical\" href=\"https:\/\/medicina.udd.cl\/kinesiologia-santiago\/noticias\/2020\/11\/16\/con-exito-culmino-curso-prevencion-y-manejo-multidisciplinario-del-dolor-musculo-esqueletico-cronico\/\" \/>\n<meta property=\"og:locale\" content=\"es_ES\" \/>\n<meta property=\"og:type\" content=\"article\" \/>\n<meta property=\"og:title\" content=\"Con \u00e9xito culmin\u00f3 curso &quot;Prevenci\u00f3n y Manejo Multidisciplinario del Dolor M\u00fasculo-Esquel\u00e9tico Cr\u00f3nico&quot; - Kinesiolog\u00eda\" \/>\n<meta property=\"og:description\" content=\"Con \u00e9xito finaliz\u00f3 el curso \u00abPrevenci\u00f3n y Manejo Multidisciplinario del Dolor M\u00fasculo-Esquel\u00e9tico Cr\u00f3nico\u00bb, organizado por la carrera de Kinesiolog\u00eda de la Facultad de Medicina Cl\u00ednica Alemana Universidad del Desarrollo, y dictado tanto por docentes de nuestra casa de estudios como por invitados expertos en el tema. Dra. Ana Luisa Miranda, psiquiatra, Marcela Aravena, psic\u00f3loga, Karin [&hellip;]\" \/>\n<meta property=\"og:url\" content=\"https:\/\/medicina.udd.cl\/kinesiologia-santiago\/noticias\/2020\/11\/16\/con-exito-culmino-curso-prevencion-y-manejo-multidisciplinario-del-dolor-musculo-esqueletico-cronico\/\" \/>\n<meta property=\"og:site_name\" content=\"Kinesiolog\u00eda\" \/>\n<meta property=\"article:published_time\" content=\"2020-11-16T14:47:00+00:00\" \/>\n<meta property=\"article:modified_time\" content=\"2020-11-27T15:43:19+00:00\" \/>\n<meta property=\"og:image\" content=\"https:\/\/medicina.udd.cl\/kinesiologia-santiago\/files\/2020\/11\/FOTO-Curso-Dolor-NOV-2020-.png\" \/>\n\t<meta property=\"og:image:width\" content=\"1416\" \/>\n\t<meta property=\"og:image:height\" content=\"833\" \/>\n\t<meta property=\"og:image:type\" content=\"image\/png\" \/>\n<meta name=\"author\" content=\"rbraidy\" \/>\n<meta name=\"twitter:label1\" content=\"Escrito por\" \/>\n\t<meta name=\"twitter:data1\" content=\"rbraidy\" \/>\n\t<meta name=\"twitter:label2\" content=\"Tiempo de lectura\" \/>\n\t<meta name=\"twitter:data2\" content=\"1 minuto\" \/>\n<script type=\"application\/ld+json\" class=\"yoast-schema-graph\">{\"@context\":\"https:\/\/schema.org\",\"@graph\":[{\"@type\":\"Article\",\"@id\":\"https:\/\/medicina.udd.cl\/kinesiologia-santiago\/noticias\/2020\/11\/16\/con-exito-culmino-curso-prevencion-y-manejo-multidisciplinario-del-dolor-musculo-esqueletico-cronico\/#article\",\"isPartOf\":{\"@id\":\"https:\/\/medicina.udd.cl\/kinesiologia-santiago\/noticias\/2020\/11\/16\/con-exito-culmino-curso-prevencion-y-manejo-multidisciplinario-del-dolor-musculo-esqueletico-cronico\/\"},\"author\":{\"name\":\"rbraidy\",\"@id\":\"https:\/\/medicina.udd.cl\/kinesiologia-santiago\/#\/schema\/person\/dbc3705bf3a93e8be1ba6de0ef950341\"},\"headline\":\"Con \u00e9xito culmin\u00f3 curso \u00abPrevenci\u00f3n y Manejo Multidisciplinario del Dolor M\u00fasculo-Esquel\u00e9tico Cr\u00f3nico\u00bb\",\"datePublished\":\"2020-11-16T14:47:00+00:00\",\"dateModified\":\"2020-11-27T15:43:19+00:00\",\"mainEntityOfPage\":{\"@id\":\"https:\/\/medicina.udd.cl\/kinesiologia-santiago\/noticias\/2020\/11\/16\/con-exito-culmino-curso-prevencion-y-manejo-multidisciplinario-del-dolor-musculo-esqueletico-cronico\/\"},\"wordCount\":249,\"commentCount\":0,\"image\":{\"@id\":\"https:\/\/medicina.udd.cl\/kinesiologia-santiago\/noticias\/2020\/11\/16\/con-exito-culmino-curso-prevencion-y-manejo-multidisciplinario-del-dolor-musculo-esqueletico-cronico\/#primaryimage\"},\"thumbnailUrl\":\"https:\/\/medicina.udd.cl\/kinesiologia-santiago\/files\/2020\/11\/FOTO-Curso-Dolor-NOV-2020-.png\",\"articleSection\":[\"Noticias\"],\"inLanguage\":\"es\",\"potentialAction\":[{\"@type\":\"CommentAction\",\"name\":\"Comment\",\"target\":[\"https:\/\/medicina.udd.cl\/kinesiologia-santiago\/noticias\/2020\/11\/16\/con-exito-culmino-curso-prevencion-y-manejo-multidisciplinario-del-dolor-musculo-esqueletico-cronico\/#respond\"]}]},{\"@type\":\"WebPage\",\"@id\":\"https:\/\/medicina.udd.cl\/kinesiologia-santiago\/noticias\/2020\/11\/16\/con-exito-culmino-curso-prevencion-y-manejo-multidisciplinario-del-dolor-musculo-esqueletico-cronico\/\",\"url\":\"https:\/\/medicina.udd.cl\/kinesiologia-santiago\/noticias\/2020\/11\/16\/con-exito-culmino-curso-prevencion-y-manejo-multidisciplinario-del-dolor-musculo-esqueletico-cronico\/\",\"name\":\"Con \u00e9xito culmin\u00f3 curso \\\"Prevenci\u00f3n y Manejo Multidisciplinario del Dolor M\u00fasculo-Esquel\u00e9tico Cr\u00f3nico\\\" - Kinesiolog\u00eda\",\"isPartOf\":{\"@id\":\"https:\/\/medicina.udd.cl\/kinesiologia-santiago\/#website\"},\"primaryImageOfPage\":{\"@id\":\"https:\/\/medicina.udd.cl\/kinesiologia-santiago\/noticias\/2020\/11\/16\/con-exito-culmino-curso-prevencion-y-manejo-multidisciplinario-del-dolor-musculo-esqueletico-cronico\/#primaryimage\"},\"image\":{\"@id\":\"https:\/\/medicina.udd.cl\/kinesiologia-santiago\/noticias\/2020\/11\/16\/con-exito-culmino-curso-prevencion-y-manejo-multidisciplinario-del-dolor-musculo-esqueletico-cronico\/#primaryimage\"},\"thumbnailUrl\":\"https:\/\/medicina.udd.cl\/kinesiologia-santiago\/files\/2020\/11\/FOTO-Curso-Dolor-NOV-2020-.png\",\"datePublished\":\"2020-11-16T14:47:00+00:00\",\"dateModified\":\"2020-11-27T15:43:19+00:00\",\"author\":{\"@id\":\"https:\/\/medicina.udd.cl\/kinesiologia-santiago\/#\/schema\/person\/dbc3705bf3a93e8be1ba6de0ef950341\"},\"breadcrumb\":{\"@id\":\"https:\/\/medicina.udd.cl\/kinesiologia-santiago\/noticias\/2020\/11\/16\/con-exito-culmino-curso-prevencion-y-manejo-multidisciplinario-del-dolor-musculo-esqueletico-cronico\/#breadcrumb\"},\"inLanguage\":\"es\",\"potentialAction\":[{\"@type\":\"ReadAction\",\"target\":[\"https:\/\/medicina.udd.cl\/kinesiologia-santiago\/noticias\/2020\/11\/16\/con-exito-culmino-curso-prevencion-y-manejo-multidisciplinario-del-dolor-musculo-esqueletico-cronico\/\"]}]},{\"@type\":\"ImageObject\",\"inLanguage\":\"es\",\"@id\":\"https:\/\/medicina.udd.cl\/kinesiologia-santiago\/noticias\/2020\/11\/16\/con-exito-culmino-curso-prevencion-y-manejo-multidisciplinario-del-dolor-musculo-esqueletico-cronico\/#primaryimage\",\"url\":\"https:\/\/medicina.udd.cl\/kinesiologia-santiago\/files\/2020\/11\/FOTO-Curso-Dolor-NOV-2020-.png\",\"contentUrl\":\"https:\/\/medicina.udd.cl\/kinesiologia-santiago\/files\/2020\/11\/FOTO-Curso-Dolor-NOV-2020-.png\",\"width\":1416,\"height\":833},{\"@type\":\"BreadcrumbList\",\"@id\":\"https:\/\/medicina.udd.cl\/kinesiologia-santiago\/noticias\/2020\/11\/16\/con-exito-culmino-curso-prevencion-y-manejo-multidisciplinario-del-dolor-musculo-esqueletico-cronico\/#breadcrumb\",\"itemListElement\":[{\"@type\":\"ListItem\",\"position\":1,\"name\":\"Home\",\"item\":\"https:\/\/medicina.udd.cl\/kinesiologia-santiago\/\"},{\"@type\":\"ListItem\",\"position\":2,\"name\":\"Con \u00e9xito culmin\u00f3 curso \u00abPrevenci\u00f3n y Manejo Multidisciplinario del Dolor M\u00fasculo-Esquel\u00e9tico Cr\u00f3nico\u00bb\"}]},{\"@type\":\"WebSite\",\"@id\":\"https:\/\/medicina.udd.cl\/kinesiologia-santiago\/#website\",\"url\":\"https:\/\/medicina.udd.cl\/kinesiologia-santiago\/\",\"name\":\"Kinesiolog\u00eda\",\"description\":\"Facultad de Medicina Cl\u00ednica Alemana Universidad del Desarrollo\",\"inLanguage\":\"es\"},{\"@type\":\"Person\",\"@id\":\"https:\/\/medicina.udd.cl\/kinesiologia-santiago\/#\/schema\/person\/dbc3705bf3a93e8be1ba6de0ef950341\",\"name\":\"rbraidy\",\"image\":{\"@type\":\"ImageObject\",\"inLanguage\":\"es\",\"@id\":\"https:\/\/medicina.udd.cl\/kinesiologia-santiago\/#\/schema\/person\/image\/\",\"url\":\"https:\/\/secure.gravatar.com\/avatar\/0f8bc94637401590e45d2ce17eb65c274cb8870a219de6177f3f23e63fd8cdf3?s=96&d=mm&r=g\",\"contentUrl\":\"https:\/\/secure.gravatar.com\/avatar\/0f8bc94637401590e45d2ce17eb65c274cb8870a219de6177f3f23e63fd8cdf3?s=96&d=mm&r=g\",\"caption\":\"rbraidy\"},\"url\":\"https:\/\/medicina.udd.cl\/kinesiologia-santiago\/noticias\/author\/rbraidy\/\"}]}<\/script>\n<!-- \/ Yoast SEO plugin. -->","yoast_head_json":{"title":"Con \u00e9xito culmin\u00f3 curso \"Prevenci\u00f3n y Manejo Multidisciplinario del Dolor M\u00fasculo-Esquel\u00e9tico Cr\u00f3nico\" - Kinesiolog\u00eda","robots":{"index":"index","follow":"follow","max-snippet":"max-snippet:-1","max-image-preview":"max-image-preview:large","max-video-preview":"max-video-preview:-1"},"canonical":"https:\/\/medicina.udd.cl\/kinesiologia-santiago\/noticias\/2020\/11\/16\/con-exito-culmino-curso-prevencion-y-manejo-multidisciplinario-del-dolor-musculo-esqueletico-cronico\/","og_locale":"es_ES","og_type":"article","og_title":"Con \u00e9xito culmin\u00f3 curso \"Prevenci\u00f3n y Manejo Multidisciplinario del Dolor M\u00fasculo-Esquel\u00e9tico Cr\u00f3nico\" - Kinesiolog\u00eda","og_description":"Con \u00e9xito finaliz\u00f3 el curso \u00abPrevenci\u00f3n y Manejo Multidisciplinario del Dolor M\u00fasculo-Esquel\u00e9tico Cr\u00f3nico\u00bb, organizado por la carrera de Kinesiolog\u00eda de la Facultad de Medicina Cl\u00ednica Alemana Universidad del Desarrollo, y dictado tanto por docentes de nuestra casa de estudios como por invitados expertos en el tema. Dra. Ana Luisa Miranda, psiquiatra, Marcela Aravena, psic\u00f3loga, Karin [&hellip;]","og_url":"https:\/\/medicina.udd.cl\/kinesiologia-santiago\/noticias\/2020\/11\/16\/con-exito-culmino-curso-prevencion-y-manejo-multidisciplinario-del-dolor-musculo-esqueletico-cronico\/","og_site_name":"Kinesiolog\u00eda","article_published_time":"2020-11-16T14:47:00+00:00","article_modified_time":"2020-11-27T15:43:19+00:00","og_image":[{"width":1416,"height":833,"url":"https:\/\/medicina.udd.cl\/kinesiologia-santiago\/files\/2020\/11\/FOTO-Curso-Dolor-NOV-2020-.png","type":"image\/png"}],"author":"rbraidy","twitter_misc":{"Escrito por":"rbraidy","Tiempo de lectura":"1 minuto"},"schema":{"@context":"https:\/\/schema.org","@graph":[{"@type":"Article","@id":"https:\/\/medicina.udd.cl\/kinesiologia-santiago\/noticias\/2020\/11\/16\/con-exito-culmino-curso-prevencion-y-manejo-multidisciplinario-del-dolor-musculo-esqueletico-cronico\/#article","isPartOf":{"@id":"https:\/\/medicina.udd.cl\/kinesiologia-santiago\/noticias\/2020\/11\/16\/con-exito-culmino-curso-prevencion-y-manejo-multidisciplinario-del-dolor-musculo-esqueletico-cronico\/"},"author":{"name":"rbraidy","@id":"https:\/\/medicina.udd.cl\/kinesiologia-santiago\/#\/schema\/person\/dbc3705bf3a93e8be1ba6de0ef950341"},"headline":"Con \u00e9xito culmin\u00f3 curso \u00abPrevenci\u00f3n y Manejo Multidisciplinario del Dolor M\u00fasculo-Esquel\u00e9tico Cr\u00f3nico\u00bb","datePublished":"2020-11-16T14:47:00+00:00","dateModified":"2020-11-27T15:43:19+00:00","mainEntityOfPage":{"@id":"https:\/\/medicina.udd.cl\/kinesiologia-santiago\/noticias\/2020\/11\/16\/con-exito-culmino-curso-prevencion-y-manejo-multidisciplinario-del-dolor-musculo-esqueletico-cronico\/"},"wordCount":249,"commentCount":0,"image":{"@id":"https:\/\/medicina.udd.cl\/kinesiologia-santiago\/noticias\/2020\/11\/16\/con-exito-culmino-curso-prevencion-y-manejo-multidisciplinario-del-dolor-musculo-esqueletico-cronico\/#primaryimage"},"thumbnailUrl":"https:\/\/medicina.udd.cl\/kinesiologia-santiago\/files\/2020\/11\/FOTO-Curso-Dolor-NOV-2020-.png","articleSection":["Noticias"],"inLanguage":"es","potentialAction":[{"@type":"CommentAction","name":"Comment","target":["https:\/\/medicina.udd.cl\/kinesiologia-santiago\/noticias\/2020\/11\/16\/con-exito-culmino-curso-prevencion-y-manejo-multidisciplinario-del-dolor-musculo-esqueletico-cronico\/#respond"]}]},{"@type":"WebPage","@id":"https:\/\/medicina.udd.cl\/kinesiologia-santiago\/noticias\/2020\/11\/16\/con-exito-culmino-curso-prevencion-y-manejo-multidisciplinario-del-dolor-musculo-esqueletico-cronico\/","url":"https:\/\/medicina.udd.cl\/kinesiologia-santiago\/noticias\/2020\/11\/16\/con-exito-culmino-curso-prevencion-y-manejo-multidisciplinario-del-dolor-musculo-esqueletico-cronico\/","name":"Con \u00e9xito culmin\u00f3 curso \"Prevenci\u00f3n y Manejo Multidisciplinario del Dolor M\u00fasculo-Esquel\u00e9tico Cr\u00f3nico\" - Kinesiolog\u00eda","isPartOf":{"@id":"https:\/\/medicina.udd.cl\/kinesiologia-santiago\/#website"},"primaryImageOfPage":{"@id":"https:\/\/medicina.udd.cl\/kinesiologia-santiago\/noticias\/2020\/11\/16\/con-exito-culmino-curso-prevencion-y-manejo-multidisciplinario-del-dolor-musculo-esqueletico-cronico\/#primaryimage"},"image":{"@id":"https:\/\/medicina.udd.cl\/kinesiologia-santiago\/noticias\/2020\/11\/16\/con-exito-culmino-curso-prevencion-y-manejo-multidisciplinario-del-dolor-musculo-esqueletico-cronico\/#primaryimage"},"thumbnailUrl":"https:\/\/medicina.udd.cl\/kinesiologia-santiago\/files\/2020\/11\/FOTO-Curso-Dolor-NOV-2020-.png","datePublished":"2020-11-16T14:47:00+00:00","dateModified":"2020-11-27T15:43:19+00:00","author":{"@id":"https:\/\/medicina.udd.cl\/kinesiologia-santiago\/#\/schema\/person\/dbc3705bf3a93e8be1ba6de0ef950341"},"breadcrumb":{"@id":"https:\/\/medicina.udd.cl\/kinesiologia-santiago\/noticias\/2020\/11\/16\/con-exito-culmino-curso-prevencion-y-manejo-multidisciplinario-del-dolor-musculo-esqueletico-cronico\/#breadcrumb"},"inLanguage":"es","potentialAction":[{"@type":"ReadAction","target":["https:\/\/medicina.udd.cl\/kinesiologia-santiago\/noticias\/2020\/11\/16\/con-exito-culmino-curso-prevencion-y-manejo-multidisciplinario-del-dolor-musculo-esqueletico-cronico\/"]}]},{"@type":"ImageObject","inLanguage":"es","@id":"https:\/\/medicina.udd.cl\/kinesiologia-santiago\/noticias\/2020\/11\/16\/con-exito-culmino-curso-prevencion-y-manejo-multidisciplinario-del-dolor-musculo-esqueletico-cronico\/#primaryimage","url":"https:\/\/medicina.udd.cl\/kinesiologia-santiago\/files\/2020\/11\/FOTO-Curso-Dolor-NOV-2020-.png","contentUrl":"https:\/\/medicina.udd.cl\/kinesiologia-santiago\/files\/2020\/11\/FOTO-Curso-Dolor-NOV-2020-.png","width":1416,"height":833},{"@type":"BreadcrumbList","@id":"https:\/\/medicina.udd.cl\/kinesiologia-santiago\/noticias\/2020\/11\/16\/con-exito-culmino-curso-prevencion-y-manejo-multidisciplinario-del-dolor-musculo-esqueletico-cronico\/#breadcrumb","itemListElement":[{"@type":"ListItem","position":1,"name":"Home","item":"https:\/\/medicina.udd.cl\/kinesiologia-santiago\/"},{"@type":"ListItem","position":2,"name":"Con \u00e9xito culmin\u00f3 curso \u00abPrevenci\u00f3n y Manejo Multidisciplinario del Dolor M\u00fasculo-Esquel\u00e9tico Cr\u00f3nico\u00bb"}]},{"@type":"WebSite","@id":"https:\/\/medicina.udd.cl\/kinesiologia-santiago\/#website","url":"https:\/\/medicina.udd.cl\/kinesiologia-santiago\/","name":"Kinesiolog\u00eda","description":"Facultad de Medicina Cl\u00ednica Alemana Universidad del Desarrollo","inLanguage":"es"},{"@type":"Person","@id":"https:\/\/medicina.udd.cl\/kinesiologia-santiago\/#\/schema\/person\/dbc3705bf3a93e8be1ba6de0ef950341","name":"rbraidy","image":{"@type":"ImageObject","inLanguage":"es","@id":"https:\/\/medicina.udd.cl\/kinesiologia-santiago\/#\/schema\/person\/image\/","url":"https:\/\/secure.gravatar.com\/avatar\/0f8bc94637401590e45d2ce17eb65c274cb8870a219de6177f3f23e63fd8cdf3?s=96&d=mm&r=g","contentUrl":"https:\/\/secure.gravatar.com\/avatar\/0f8bc94637401590e45d2ce17eb65c274cb8870a219de6177f3f23e63fd8cdf3?s=96&d=mm&r=g","caption":"rbraidy"},"url":"https:\/\/medicina.udd.cl\/kinesiologia-santiago\/noticias\/author\/rbraidy\/"}]}},"featured_image_url":"https:\/\/medicina.udd.cl\/kinesiologia-santiago\/files\/2020\/11\/FOTO-Curso-Dolor-NOV-2020-.png","_links":{"self":[{"href":"https:\/\/medicina.udd.cl\/kinesiologia-santiago\/wp-json\/wp\/v2\/posts\/4881","targetHints":{"allow":["GET"]}}],"collection":[{"href":"https:\/\/medicina.udd.cl\/kinesiologia-santiago\/wp-json\/wp\/v2\/posts"}],"about":[{"href":"https:\/\/medicina.udd.cl\/kinesiologia-santiago\/wp-json\/wp\/v2\/types\/post"}],"author":[{"embeddable":true,"href":"https:\/\/medicina.udd.cl\/kinesiologia-santiago\/wp-json\/wp\/v2\/users\/9192219"}],"replies":[{"embeddable":true,"href":"https:\/\/medicina.udd.cl\/kinesiologia-santiago\/wp-json\/wp\/v2\/comments?post=4881"}],"version-history":[{"count":1,"href":"https:\/\/medicina.udd.cl\/kinesiologia-santiago\/wp-json\/wp\/v2\/posts\/4881\/revisions"}],"predecessor-version":[{"id":4884,"href":"https:\/\/medicina.udd.cl\/kinesiologia-santiago\/wp-json\/wp\/v2\/posts\/4881\/revisions\/4884"}],"wp:featuredmedia":[{"embeddable":true,"href":"https:\/\/medicina.udd.cl\/kinesiologia-santiago\/wp-json\/wp\/v2\/media\/4883"}],"wp:attachment":[{"href":"https:\/\/medicina.udd.cl\/kinesiologia-santiago\/wp-json\/wp\/v2\/media?parent=4881"}],"wp:term":[{"taxonomy":"category","embeddable":true,"href":"https:\/\/medicina.udd.cl\/kinesiologia-santiago\/wp-json\/wp\/v2\/categories?post=4881"},{"taxonomy":"post_tag","embeddable":true,"href":"https:\/\/medicina.udd.cl\/kinesiologia-santiago\/wp-json\/wp\/v2\/tags?post=4881"}],"curies":[{"name":"wp","href":"https:\/\/api.w.org\/{rel}","templated":true}]}}