{"id":4927,"date":"2020-12-18T11:33:00","date_gmt":"2020-12-18T14:33:00","guid":{"rendered":"http:\/\/medicina.udd.cl\/kinesiologia-santiago\/?p=4927"},"modified":"2020-12-30T11:34:32","modified_gmt":"2020-12-30T14:34:32","slug":"alumnos-de-kinesiologia-udd-participan-en-operativo-de-salud-en-la-poblacion-la-bandera-en-conjunto-con-la-fundacion-revivir","status":"publish","type":"post","link":"https:\/\/medicina.udd.cl\/kinesiologia-santiago\/noticias\/2020\/12\/18\/alumnos-de-kinesiologia-udd-participan-en-operativo-de-salud-en-la-poblacion-la-bandera-en-conjunto-con-la-fundacion-revivir\/","title":{"rendered":"Alumnos de Kinesiolog\u00eda UDD participan en operativo de salud en la poblaci\u00f3n La Bandera en conjunto con la Fundaci\u00f3n Revivir"},"content":{"rendered":"<div id=\"gallery-1\" class=\"carousel slide carousel-gallery\" data-ride=\"false\" data-interval=\"false\"><div class=\"carousel-inner\" role=\"listbox\"><figure class=\"carousel-item active\"><img loading=\"lazy\" decoding=\"async\" width=\"720\" height=\"534\" src=\"https:\/\/medicina.udd.cl\/kinesiologia-santiago\/files\/2020\/12\/46d4a822-3e90-451b-9a51-f410677d3401-720x534.jpg\" class=\"attachment-landscape_952 size-landscape_952\" alt=\"\" \/><\/figure><figure class=\"carousel-item\"><img loading=\"lazy\" decoding=\"async\" width=\"720\" height=\"534\" src=\"https:\/\/medicina.udd.cl\/kinesiologia-santiago\/files\/2020\/12\/a9f97df3-1f64-4110-b8dc-99d05a12b665-720x534.jpg\" class=\"attachment-landscape_952 size-landscape_952\" alt=\"\" \/><\/figure><figure class=\"carousel-item\"><img loading=\"lazy\" decoding=\"async\" width=\"720\" height=\"534\" src=\"https:\/\/medicina.udd.cl\/kinesiologia-santiago\/files\/2020\/12\/9162a405-1667-4119-9e29-49e3061217d5-720x534.jpg\" class=\"attachment-landscape_952 size-landscape_952\" alt=\"\" \/><\/figure><\/div><footer class=\"carousel-footer\"><div class=\"carousel-counter\"><span class=\"carousel-counter-current\"><\/span> \/ <span class=\"carousel-counter-total\"><\/span><\/div><a class=\"carousel-control-prev\" href=\"#gallery-1\" role=\"button\" data-slide=\"prev\"><svg aria-hidden=\"true\" class=\"svg-chevron-left-dims\"><use xlink:href='https:\/\/medicina.udd.cl\/kinesiologia-santiago\/wp-content\/themes\/facultades-2018\/assets\/img\/svg\/dist\/main.svg?version=1695853099#chevron-left'><\/use><\/svg><span class=\"sr-only\">Anterior<\/span><\/a><a class=\"carousel-control-next\" href=\"#gallery-1\" role=\"button\" data-slide=\"next\"><svg aria-hidden=\"true\" class=\"svg-chevron-right-dims\"><use xlink:href='https:\/\/medicina.udd.cl\/kinesiologia-santiago\/wp-content\/themes\/facultades-2018\/assets\/img\/svg\/dist\/main.svg?version=1695853099#chevron-right'><\/use><\/svg><span class=\"sr-only\">Siguiente<\/span><\/a><\/footer><\/div>\n\n\n<p>Como parte de uno de los pilares de la Universidad del Desarrollo, la responsabilidad social, estudiantes de Kinesiolog\u00eda de la Facultad de Medicina Cl\u00ednica Alemana Universidad del Desarrollo, participaron de un operativo de salud desarrollado en la poblaci\u00f3n La Bandera (comuna de San Ram\u00f3n), coordinado y gestado por la DAE en conjunto con la fundaci\u00f3n Revivir. Operativo que consisti\u00f3 en la evaluaci\u00f3n de 13 adultos mayores, que no recib\u00edan atenci\u00f3n de salud preventiva hace aproximadamente cinco a\u00f1os, en conjunto con las carreras de Enfermer\u00eda, Tecnolog\u00eda M\u00e9dica, Fonoaudiolog\u00eda y Nutrici\u00f3n &amp; Diet\u00e9tica. <\/p>\n\n\n\n<p>Los estudiantes Sachy Von Marttens (5to a\u00f1o) y\nVicente Velasco (4to a\u00f1o) resaltan la importancia y el impacto de estas\nactividades. <em>\u201cPodemos entregar un granito de arena a la comunidad en el \u00e1rea\nde la salud y del bienestar. Intentamos generar impacto en mejorar o mantener\nla independencia de los adultos mayores, a trav\u00e9s de la evaluaci\u00f3n de su\nfuncionalidad para poder planificar futuras intervenciones, mejorar su calidad\nde vida, pero m\u00e1s a\u00fan, generar un impacto desde la perspectiva humana brindando\ncompa\u00f1\u00eda, risas y a veces consuelo\u201d, <\/em>indicaron Von Marttens y Velasco. <em>&nbsp;&nbsp;<\/em><\/p>\n\n\n\n<p>Por su parte, los docentes encargados de kinesiolog\u00eda\nUDD, Fernanda Riquelme y Alan Verdugo, recalcaron la relevancia que tienen este\ntipo de operativos para lograr acercar a los estudiantes a la poblaci\u00f3n que m\u00e1s\nlo necesita y a su quehacer profesional. Adem\u00e1s, aprovecharon de agradecer a la\nDAE y a la fundaci\u00f3n Revivir por abrir esta instancia esperando poder ser un\naporte continuo y permanente para los adultos mayores. &nbsp;<\/p>\n\n\n\n<p><em>\u201cEste tipo de actividades son parte del sello de nuestra Universidad, de lo que hacemos como profesionales de la salud y de lo que nos mueve y motiva a ser docentes. Sin duda alguna, participar de los voluntariados y operativos permite a nuestros estudiantes conocer como vivir la realidad de la salud p\u00fablica de nuestro pa\u00eds. Aportar\u00e1 a que el d\u00eda de ma\u00f1ana se conviertan en profesionales \u00edntegros, \u00e9ticos y que busquen continuamente las formas de mejorar la salud y calidad de vida de sus pacientes como de la poblaci\u00f3n en general\u201d<\/em>, indicaron Riquelme y Verdugo. <em>\u00a0\u00a0<\/em><\/p>\n\n\n\n<figure class=\"wp-block-gallery columns-2 is-cropped wp-block-gallery-1 is-layout-flex wp-block-gallery-is-layout-flex\"><ul class=\"blocks-gallery-grid\"><li class=\"blocks-gallery-item\"><figure><img loading=\"lazy\" decoding=\"async\" width=\"768\" height=\"1024\" src=\"https:\/\/medicina.udd.cl\/kinesiologia-santiago\/files\/2020\/12\/IMG_3419-768x1024.jpg\" alt=\"\" data-id=\"4932\" data-full-url=\"https:\/\/medicina.udd.cl\/kinesiologia-santiago\/files\/2020\/12\/IMG_3419-scaled.jpg\" data-link=\"http:\/\/medicina.udd.cl\/kinesiologia-santiago\/?attachment_id=4932\" class=\"wp-image-4932\" srcset=\"https:\/\/medicina.udd.cl\/kinesiologia-santiago\/files\/2020\/12\/IMG_3419-768x1024.jpg 768w, https:\/\/medicina.udd.cl\/kinesiologia-santiago\/files\/2020\/12\/IMG_3419-225x300.jpg 225w, https:\/\/medicina.udd.cl\/kinesiologia-santiago\/files\/2020\/12\/IMG_3419-1152x1536.jpg 1152w, https:\/\/medicina.udd.cl\/kinesiologia-santiago\/files\/2020\/12\/IMG_3419-1536x2048.jpg 1536w, https:\/\/medicina.udd.cl\/kinesiologia-santiago\/files\/2020\/12\/IMG_3419-scaled.jpg 1920w\" sizes=\"auto, (max-width: 768px) 100vw, 768px\" \/><\/figure><\/li><li class=\"blocks-gallery-item\"><figure><img loading=\"lazy\" decoding=\"async\" width=\"576\" height=\"1024\" src=\"https:\/\/medicina.udd.cl\/kinesiologia-santiago\/files\/2020\/12\/DEC42E00-57DA-4377-8533-12A505534A0F-576x1024.jpg\" alt=\"\" data-id=\"4931\" data-full-url=\"https:\/\/medicina.udd.cl\/kinesiologia-santiago\/files\/2020\/12\/DEC42E00-57DA-4377-8533-12A505534A0F-scaled.jpg\" data-link=\"http:\/\/medicina.udd.cl\/kinesiologia-santiago\/?attachment_id=4931\" class=\"wp-image-4931\" srcset=\"https:\/\/medicina.udd.cl\/kinesiologia-santiago\/files\/2020\/12\/DEC42E00-57DA-4377-8533-12A505534A0F-576x1024.jpg 576w, https:\/\/medicina.udd.cl\/kinesiologia-santiago\/files\/2020\/12\/DEC42E00-57DA-4377-8533-12A505534A0F-169x300.jpg 169w, https:\/\/medicina.udd.cl\/kinesiologia-santiago\/files\/2020\/12\/DEC42E00-57DA-4377-8533-12A505534A0F-768x1365.jpg 768w, https:\/\/medicina.udd.cl\/kinesiologia-santiago\/files\/2020\/12\/DEC42E00-57DA-4377-8533-12A505534A0F-864x1536.jpg 864w, https:\/\/medicina.udd.cl\/kinesiologia-santiago\/files\/2020\/12\/DEC42E00-57DA-4377-8533-12A505534A0F-1152x2048.jpg 1152w, https:\/\/medicina.udd.cl\/kinesiologia-santiago\/files\/2020\/12\/DEC42E00-57DA-4377-8533-12A505534A0F-scaled.jpg 1440w\" sizes=\"auto, (max-width: 576px) 100vw, 576px\" \/><\/figure><\/li><\/ul><\/figure>\n","protected":false},"excerpt":{"rendered":"<p>Como parte de uno de los pilares de la Universidad del Desarrollo, la responsabilidad social, estudiantes de Kinesiolog\u00eda de la Facultad de Medicina Cl\u00ednica Alemana Universidad del Desarrollo, participaron de un operativo de salud desarrollado en la poblaci\u00f3n La Bandera (comuna de San Ram\u00f3n), coordinado y gestado por la DAE en conjunto con la fundaci\u00f3n [&hellip;]<\/p>\n","protected":false},"author":9192219,"featured_media":4930,"comment_status":"open","ping_status":"open","sticky":false,"template":"","format":"standard","meta":{"footnotes":""},"categories":[4],"tags":[],"class_list":["post-4927","post","type-post","status-publish","format-standard","has-post-thumbnail","hentry","category-noticias"],"yoast_head":"<!-- This site is optimized with the Yoast SEO plugin v26.9 - https:\/\/yoast.com\/product\/yoast-seo-wordpress\/ -->\n<title>Alumnos de Kinesiolog\u00eda UDD participan en operativo de salud en la poblaci\u00f3n La Bandera en conjunto con la Fundaci\u00f3n Revivir - Kinesiolog\u00eda<\/title>\n<meta name=\"robots\" content=\"index, follow, max-snippet:-1, max-image-preview:large, max-video-preview:-1\" \/>\n<link rel=\"canonical\" href=\"https:\/\/medicina.udd.cl\/kinesiologia-santiago\/noticias\/2020\/12\/18\/alumnos-de-kinesiologia-udd-participan-en-operativo-de-salud-en-la-poblacion-la-bandera-en-conjunto-con-la-fundacion-revivir\/\" \/>\n<meta property=\"og:locale\" content=\"es_ES\" \/>\n<meta property=\"og:type\" content=\"article\" \/>\n<meta property=\"og:title\" content=\"Alumnos de Kinesiolog\u00eda UDD participan en operativo de salud en la poblaci\u00f3n La Bandera en conjunto con la Fundaci\u00f3n Revivir - Kinesiolog\u00eda\" \/>\n<meta property=\"og:description\" content=\"Como parte de uno de los pilares de la Universidad del Desarrollo, la responsabilidad social, estudiantes de Kinesiolog\u00eda de la Facultad de Medicina Cl\u00ednica Alemana Universidad del Desarrollo, participaron de un operativo de salud desarrollado en la poblaci\u00f3n La Bandera (comuna de San Ram\u00f3n), coordinado y gestado por la DAE en conjunto con la fundaci\u00f3n [&hellip;]\" \/>\n<meta property=\"og:url\" content=\"https:\/\/medicina.udd.cl\/kinesiologia-santiago\/noticias\/2020\/12\/18\/alumnos-de-kinesiologia-udd-participan-en-operativo-de-salud-en-la-poblacion-la-bandera-en-conjunto-con-la-fundacion-revivir\/\" \/>\n<meta property=\"og:site_name\" content=\"Kinesiolog\u00eda\" \/>\n<meta property=\"article:published_time\" content=\"2020-12-18T14:33:00+00:00\" \/>\n<meta property=\"article:modified_time\" content=\"2020-12-30T14:34:32+00:00\" \/>\n<meta property=\"og:image\" content=\"https:\/\/medicina.udd.cl\/kinesiologia-santiago\/files\/2020\/12\/46d4a822-3e90-451b-9a51-f410677d3401.jpg\" \/>\n\t<meta property=\"og:image:width\" content=\"720\" \/>\n\t<meta property=\"og:image:height\" content=\"1280\" \/>\n\t<meta property=\"og:image:type\" content=\"image\/jpeg\" \/>\n<meta name=\"author\" content=\"rbraidy\" \/>\n<meta name=\"twitter:label1\" content=\"Escrito por\" \/>\n\t<meta name=\"twitter:data1\" content=\"rbraidy\" \/>\n\t<meta name=\"twitter:label2\" content=\"Tiempo de lectura\" \/>\n\t<meta name=\"twitter:data2\" content=\"2 minutos\" \/>\n<script type=\"application\/ld+json\" class=\"yoast-schema-graph\">{\"@context\":\"https:\/\/schema.org\",\"@graph\":[{\"@type\":\"Article\",\"@id\":\"https:\/\/medicina.udd.cl\/kinesiologia-santiago\/noticias\/2020\/12\/18\/alumnos-de-kinesiologia-udd-participan-en-operativo-de-salud-en-la-poblacion-la-bandera-en-conjunto-con-la-fundacion-revivir\/#article\",\"isPartOf\":{\"@id\":\"https:\/\/medicina.udd.cl\/kinesiologia-santiago\/noticias\/2020\/12\/18\/alumnos-de-kinesiologia-udd-participan-en-operativo-de-salud-en-la-poblacion-la-bandera-en-conjunto-con-la-fundacion-revivir\/\"},\"author\":{\"name\":\"rbraidy\",\"@id\":\"https:\/\/medicina.udd.cl\/kinesiologia-santiago\/#\/schema\/person\/dbc3705bf3a93e8be1ba6de0ef950341\"},\"headline\":\"Alumnos de Kinesiolog\u00eda UDD participan en operativo de salud en la poblaci\u00f3n La Bandera en conjunto con la Fundaci\u00f3n Revivir\",\"datePublished\":\"2020-12-18T14:33:00+00:00\",\"dateModified\":\"2020-12-30T14:34:32+00:00\",\"mainEntityOfPage\":{\"@id\":\"https:\/\/medicina.udd.cl\/kinesiologia-santiago\/noticias\/2020\/12\/18\/alumnos-de-kinesiologia-udd-participan-en-operativo-de-salud-en-la-poblacion-la-bandera-en-conjunto-con-la-fundacion-revivir\/\"},\"wordCount\":407,\"commentCount\":0,\"image\":{\"@id\":\"https:\/\/medicina.udd.cl\/kinesiologia-santiago\/noticias\/2020\/12\/18\/alumnos-de-kinesiologia-udd-participan-en-operativo-de-salud-en-la-poblacion-la-bandera-en-conjunto-con-la-fundacion-revivir\/#primaryimage\"},\"thumbnailUrl\":\"https:\/\/medicina.udd.cl\/kinesiologia-santiago\/files\/2020\/12\/46d4a822-3e90-451b-9a51-f410677d3401.jpg\",\"articleSection\":[\"Noticias\"],\"inLanguage\":\"es\",\"potentialAction\":[{\"@type\":\"CommentAction\",\"name\":\"Comment\",\"target\":[\"https:\/\/medicina.udd.cl\/kinesiologia-santiago\/noticias\/2020\/12\/18\/alumnos-de-kinesiologia-udd-participan-en-operativo-de-salud-en-la-poblacion-la-bandera-en-conjunto-con-la-fundacion-revivir\/#respond\"]}]},{\"@type\":\"WebPage\",\"@id\":\"https:\/\/medicina.udd.cl\/kinesiologia-santiago\/noticias\/2020\/12\/18\/alumnos-de-kinesiologia-udd-participan-en-operativo-de-salud-en-la-poblacion-la-bandera-en-conjunto-con-la-fundacion-revivir\/\",\"url\":\"https:\/\/medicina.udd.cl\/kinesiologia-santiago\/noticias\/2020\/12\/18\/alumnos-de-kinesiologia-udd-participan-en-operativo-de-salud-en-la-poblacion-la-bandera-en-conjunto-con-la-fundacion-revivir\/\",\"name\":\"Alumnos de Kinesiolog\u00eda UDD participan en operativo de salud en la poblaci\u00f3n La Bandera en conjunto con la Fundaci\u00f3n Revivir - Kinesiolog\u00eda\",\"isPartOf\":{\"@id\":\"https:\/\/medicina.udd.cl\/kinesiologia-santiago\/#website\"},\"primaryImageOfPage\":{\"@id\":\"https:\/\/medicina.udd.cl\/kinesiologia-santiago\/noticias\/2020\/12\/18\/alumnos-de-kinesiologia-udd-participan-en-operativo-de-salud-en-la-poblacion-la-bandera-en-conjunto-con-la-fundacion-revivir\/#primaryimage\"},\"image\":{\"@id\":\"https:\/\/medicina.udd.cl\/kinesiologia-santiago\/noticias\/2020\/12\/18\/alumnos-de-kinesiologia-udd-participan-en-operativo-de-salud-en-la-poblacion-la-bandera-en-conjunto-con-la-fundacion-revivir\/#primaryimage\"},\"thumbnailUrl\":\"https:\/\/medicina.udd.cl\/kinesiologia-santiago\/files\/2020\/12\/46d4a822-3e90-451b-9a51-f410677d3401.jpg\",\"datePublished\":\"2020-12-18T14:33:00+00:00\",\"dateModified\":\"2020-12-30T14:34:32+00:00\",\"author\":{\"@id\":\"https:\/\/medicina.udd.cl\/kinesiologia-santiago\/#\/schema\/person\/dbc3705bf3a93e8be1ba6de0ef950341\"},\"breadcrumb\":{\"@id\":\"https:\/\/medicina.udd.cl\/kinesiologia-santiago\/noticias\/2020\/12\/18\/alumnos-de-kinesiologia-udd-participan-en-operativo-de-salud-en-la-poblacion-la-bandera-en-conjunto-con-la-fundacion-revivir\/#breadcrumb\"},\"inLanguage\":\"es\",\"potentialAction\":[{\"@type\":\"ReadAction\",\"target\":[\"https:\/\/medicina.udd.cl\/kinesiologia-santiago\/noticias\/2020\/12\/18\/alumnos-de-kinesiologia-udd-participan-en-operativo-de-salud-en-la-poblacion-la-bandera-en-conjunto-con-la-fundacion-revivir\/\"]}]},{\"@type\":\"ImageObject\",\"inLanguage\":\"es\",\"@id\":\"https:\/\/medicina.udd.cl\/kinesiologia-santiago\/noticias\/2020\/12\/18\/alumnos-de-kinesiologia-udd-participan-en-operativo-de-salud-en-la-poblacion-la-bandera-en-conjunto-con-la-fundacion-revivir\/#primaryimage\",\"url\":\"https:\/\/medicina.udd.cl\/kinesiologia-santiago\/files\/2020\/12\/46d4a822-3e90-451b-9a51-f410677d3401.jpg\",\"contentUrl\":\"https:\/\/medicina.udd.cl\/kinesiologia-santiago\/files\/2020\/12\/46d4a822-3e90-451b-9a51-f410677d3401.jpg\",\"width\":720,\"height\":1280},{\"@type\":\"BreadcrumbList\",\"@id\":\"https:\/\/medicina.udd.cl\/kinesiologia-santiago\/noticias\/2020\/12\/18\/alumnos-de-kinesiologia-udd-participan-en-operativo-de-salud-en-la-poblacion-la-bandera-en-conjunto-con-la-fundacion-revivir\/#breadcrumb\",\"itemListElement\":[{\"@type\":\"ListItem\",\"position\":1,\"name\":\"Home\",\"item\":\"https:\/\/medicina.udd.cl\/kinesiologia-santiago\/\"},{\"@type\":\"ListItem\",\"position\":2,\"name\":\"Alumnos de Kinesiolog\u00eda UDD participan en operativo de salud en la poblaci\u00f3n La Bandera en conjunto con la Fundaci\u00f3n Revivir\"}]},{\"@type\":\"WebSite\",\"@id\":\"https:\/\/medicina.udd.cl\/kinesiologia-santiago\/#website\",\"url\":\"https:\/\/medicina.udd.cl\/kinesiologia-santiago\/\",\"name\":\"Kinesiolog\u00eda\",\"description\":\"Facultad de Medicina Cl\u00ednica Alemana Universidad del Desarrollo\",\"inLanguage\":\"es\"},{\"@type\":\"Person\",\"@id\":\"https:\/\/medicina.udd.cl\/kinesiologia-santiago\/#\/schema\/person\/dbc3705bf3a93e8be1ba6de0ef950341\",\"name\":\"rbraidy\",\"image\":{\"@type\":\"ImageObject\",\"inLanguage\":\"es\",\"@id\":\"https:\/\/medicina.udd.cl\/kinesiologia-santiago\/#\/schema\/person\/image\/\",\"url\":\"https:\/\/secure.gravatar.com\/avatar\/0f8bc94637401590e45d2ce17eb65c274cb8870a219de6177f3f23e63fd8cdf3?s=96&d=mm&r=g\",\"contentUrl\":\"https:\/\/secure.gravatar.com\/avatar\/0f8bc94637401590e45d2ce17eb65c274cb8870a219de6177f3f23e63fd8cdf3?s=96&d=mm&r=g\",\"caption\":\"rbraidy\"},\"url\":\"https:\/\/medicina.udd.cl\/kinesiologia-santiago\/noticias\/author\/rbraidy\/\"}]}<\/script>\n<!-- \/ Yoast SEO plugin. -->","yoast_head_json":{"title":"Alumnos de Kinesiolog\u00eda UDD participan en operativo de salud en la poblaci\u00f3n La Bandera en conjunto con la Fundaci\u00f3n Revivir - Kinesiolog\u00eda","robots":{"index":"index","follow":"follow","max-snippet":"max-snippet:-1","max-image-preview":"max-image-preview:large","max-video-preview":"max-video-preview:-1"},"canonical":"https:\/\/medicina.udd.cl\/kinesiologia-santiago\/noticias\/2020\/12\/18\/alumnos-de-kinesiologia-udd-participan-en-operativo-de-salud-en-la-poblacion-la-bandera-en-conjunto-con-la-fundacion-revivir\/","og_locale":"es_ES","og_type":"article","og_title":"Alumnos de Kinesiolog\u00eda UDD participan en operativo de salud en la poblaci\u00f3n La Bandera en conjunto con la Fundaci\u00f3n Revivir - Kinesiolog\u00eda","og_description":"Como parte de uno de los pilares de la Universidad del Desarrollo, la responsabilidad social, estudiantes de Kinesiolog\u00eda de la Facultad de Medicina Cl\u00ednica Alemana Universidad del Desarrollo, participaron de un operativo de salud desarrollado en la poblaci\u00f3n La Bandera (comuna de San Ram\u00f3n), coordinado y gestado por la DAE en conjunto con la fundaci\u00f3n [&hellip;]","og_url":"https:\/\/medicina.udd.cl\/kinesiologia-santiago\/noticias\/2020\/12\/18\/alumnos-de-kinesiologia-udd-participan-en-operativo-de-salud-en-la-poblacion-la-bandera-en-conjunto-con-la-fundacion-revivir\/","og_site_name":"Kinesiolog\u00eda","article_published_time":"2020-12-18T14:33:00+00:00","article_modified_time":"2020-12-30T14:34:32+00:00","og_image":[{"width":720,"height":1280,"url":"https:\/\/medicina.udd.cl\/kinesiologia-santiago\/files\/2020\/12\/46d4a822-3e90-451b-9a51-f410677d3401.jpg","type":"image\/jpeg"}],"author":"rbraidy","twitter_misc":{"Escrito por":"rbraidy","Tiempo de lectura":"2 minutos"},"schema":{"@context":"https:\/\/schema.org","@graph":[{"@type":"Article","@id":"https:\/\/medicina.udd.cl\/kinesiologia-santiago\/noticias\/2020\/12\/18\/alumnos-de-kinesiologia-udd-participan-en-operativo-de-salud-en-la-poblacion-la-bandera-en-conjunto-con-la-fundacion-revivir\/#article","isPartOf":{"@id":"https:\/\/medicina.udd.cl\/kinesiologia-santiago\/noticias\/2020\/12\/18\/alumnos-de-kinesiologia-udd-participan-en-operativo-de-salud-en-la-poblacion-la-bandera-en-conjunto-con-la-fundacion-revivir\/"},"author":{"name":"rbraidy","@id":"https:\/\/medicina.udd.cl\/kinesiologia-santiago\/#\/schema\/person\/dbc3705bf3a93e8be1ba6de0ef950341"},"headline":"Alumnos de Kinesiolog\u00eda UDD participan en operativo de salud en la poblaci\u00f3n La Bandera en conjunto con la Fundaci\u00f3n Revivir","datePublished":"2020-12-18T14:33:00+00:00","dateModified":"2020-12-30T14:34:32+00:00","mainEntityOfPage":{"@id":"https:\/\/medicina.udd.cl\/kinesiologia-santiago\/noticias\/2020\/12\/18\/alumnos-de-kinesiologia-udd-participan-en-operativo-de-salud-en-la-poblacion-la-bandera-en-conjunto-con-la-fundacion-revivir\/"},"wordCount":407,"commentCount":0,"image":{"@id":"https:\/\/medicina.udd.cl\/kinesiologia-santiago\/noticias\/2020\/12\/18\/alumnos-de-kinesiologia-udd-participan-en-operativo-de-salud-en-la-poblacion-la-bandera-en-conjunto-con-la-fundacion-revivir\/#primaryimage"},"thumbnailUrl":"https:\/\/medicina.udd.cl\/kinesiologia-santiago\/files\/2020\/12\/46d4a822-3e90-451b-9a51-f410677d3401.jpg","articleSection":["Noticias"],"inLanguage":"es","potentialAction":[{"@type":"CommentAction","name":"Comment","target":["https:\/\/medicina.udd.cl\/kinesiologia-santiago\/noticias\/2020\/12\/18\/alumnos-de-kinesiologia-udd-participan-en-operativo-de-salud-en-la-poblacion-la-bandera-en-conjunto-con-la-fundacion-revivir\/#respond"]}]},{"@type":"WebPage","@id":"https:\/\/medicina.udd.cl\/kinesiologia-santiago\/noticias\/2020\/12\/18\/alumnos-de-kinesiologia-udd-participan-en-operativo-de-salud-en-la-poblacion-la-bandera-en-conjunto-con-la-fundacion-revivir\/","url":"https:\/\/medicina.udd.cl\/kinesiologia-santiago\/noticias\/2020\/12\/18\/alumnos-de-kinesiologia-udd-participan-en-operativo-de-salud-en-la-poblacion-la-bandera-en-conjunto-con-la-fundacion-revivir\/","name":"Alumnos de Kinesiolog\u00eda UDD participan en operativo de salud en la poblaci\u00f3n La Bandera en conjunto con la Fundaci\u00f3n Revivir - Kinesiolog\u00eda","isPartOf":{"@id":"https:\/\/medicina.udd.cl\/kinesiologia-santiago\/#website"},"primaryImageOfPage":{"@id":"https:\/\/medicina.udd.cl\/kinesiologia-santiago\/noticias\/2020\/12\/18\/alumnos-de-kinesiologia-udd-participan-en-operativo-de-salud-en-la-poblacion-la-bandera-en-conjunto-con-la-fundacion-revivir\/#primaryimage"},"image":{"@id":"https:\/\/medicina.udd.cl\/kinesiologia-santiago\/noticias\/2020\/12\/18\/alumnos-de-kinesiologia-udd-participan-en-operativo-de-salud-en-la-poblacion-la-bandera-en-conjunto-con-la-fundacion-revivir\/#primaryimage"},"thumbnailUrl":"https:\/\/medicina.udd.cl\/kinesiologia-santiago\/files\/2020\/12\/46d4a822-3e90-451b-9a51-f410677d3401.jpg","datePublished":"2020-12-18T14:33:00+00:00","dateModified":"2020-12-30T14:34:32+00:00","author":{"@id":"https:\/\/medicina.udd.cl\/kinesiologia-santiago\/#\/schema\/person\/dbc3705bf3a93e8be1ba6de0ef950341"},"breadcrumb":{"@id":"https:\/\/medicina.udd.cl\/kinesiologia-santiago\/noticias\/2020\/12\/18\/alumnos-de-kinesiologia-udd-participan-en-operativo-de-salud-en-la-poblacion-la-bandera-en-conjunto-con-la-fundacion-revivir\/#breadcrumb"},"inLanguage":"es","potentialAction":[{"@type":"ReadAction","target":["https:\/\/medicina.udd.cl\/kinesiologia-santiago\/noticias\/2020\/12\/18\/alumnos-de-kinesiologia-udd-participan-en-operativo-de-salud-en-la-poblacion-la-bandera-en-conjunto-con-la-fundacion-revivir\/"]}]},{"@type":"ImageObject","inLanguage":"es","@id":"https:\/\/medicina.udd.cl\/kinesiologia-santiago\/noticias\/2020\/12\/18\/alumnos-de-kinesiologia-udd-participan-en-operativo-de-salud-en-la-poblacion-la-bandera-en-conjunto-con-la-fundacion-revivir\/#primaryimage","url":"https:\/\/medicina.udd.cl\/kinesiologia-santiago\/files\/2020\/12\/46d4a822-3e90-451b-9a51-f410677d3401.jpg","contentUrl":"https:\/\/medicina.udd.cl\/kinesiologia-santiago\/files\/2020\/12\/46d4a822-3e90-451b-9a51-f410677d3401.jpg","width":720,"height":1280},{"@type":"BreadcrumbList","@id":"https:\/\/medicina.udd.cl\/kinesiologia-santiago\/noticias\/2020\/12\/18\/alumnos-de-kinesiologia-udd-participan-en-operativo-de-salud-en-la-poblacion-la-bandera-en-conjunto-con-la-fundacion-revivir\/#breadcrumb","itemListElement":[{"@type":"ListItem","position":1,"name":"Home","item":"https:\/\/medicina.udd.cl\/kinesiologia-santiago\/"},{"@type":"ListItem","position":2,"name":"Alumnos de Kinesiolog\u00eda UDD participan en operativo de salud en la poblaci\u00f3n La Bandera en conjunto con la Fundaci\u00f3n Revivir"}]},{"@type":"WebSite","@id":"https:\/\/medicina.udd.cl\/kinesiologia-santiago\/#website","url":"https:\/\/medicina.udd.cl\/kinesiologia-santiago\/","name":"Kinesiolog\u00eda","description":"Facultad de Medicina Cl\u00ednica Alemana Universidad del Desarrollo","inLanguage":"es"},{"@type":"Person","@id":"https:\/\/medicina.udd.cl\/kinesiologia-santiago\/#\/schema\/person\/dbc3705bf3a93e8be1ba6de0ef950341","name":"rbraidy","image":{"@type":"ImageObject","inLanguage":"es","@id":"https:\/\/medicina.udd.cl\/kinesiologia-santiago\/#\/schema\/person\/image\/","url":"https:\/\/secure.gravatar.com\/avatar\/0f8bc94637401590e45d2ce17eb65c274cb8870a219de6177f3f23e63fd8cdf3?s=96&d=mm&r=g","contentUrl":"https:\/\/secure.gravatar.com\/avatar\/0f8bc94637401590e45d2ce17eb65c274cb8870a219de6177f3f23e63fd8cdf3?s=96&d=mm&r=g","caption":"rbraidy"},"url":"https:\/\/medicina.udd.cl\/kinesiologia-santiago\/noticias\/author\/rbraidy\/"}]}},"featured_image_url":"https:\/\/medicina.udd.cl\/kinesiologia-santiago\/files\/2020\/12\/46d4a822-3e90-451b-9a51-f410677d3401.jpg","_links":{"self":[{"href":"https:\/\/medicina.udd.cl\/kinesiologia-santiago\/wp-json\/wp\/v2\/posts\/4927","targetHints":{"allow":["GET"]}}],"collection":[{"href":"https:\/\/medicina.udd.cl\/kinesiologia-santiago\/wp-json\/wp\/v2\/posts"}],"about":[{"href":"https:\/\/medicina.udd.cl\/kinesiologia-santiago\/wp-json\/wp\/v2\/types\/post"}],"author":[{"embeddable":true,"href":"https:\/\/medicina.udd.cl\/kinesiologia-santiago\/wp-json\/wp\/v2\/users\/9192219"}],"replies":[{"embeddable":true,"href":"https:\/\/medicina.udd.cl\/kinesiologia-santiago\/wp-json\/wp\/v2\/comments?post=4927"}],"version-history":[{"count":2,"href":"https:\/\/medicina.udd.cl\/kinesiologia-santiago\/wp-json\/wp\/v2\/posts\/4927\/revisions"}],"predecessor-version":[{"id":4934,"href":"https:\/\/medicina.udd.cl\/kinesiologia-santiago\/wp-json\/wp\/v2\/posts\/4927\/revisions\/4934"}],"wp:featuredmedia":[{"embeddable":true,"href":"https:\/\/medicina.udd.cl\/kinesiologia-santiago\/wp-json\/wp\/v2\/media\/4930"}],"wp:attachment":[{"href":"https:\/\/medicina.udd.cl\/kinesiologia-santiago\/wp-json\/wp\/v2\/media?parent=4927"}],"wp:term":[{"taxonomy":"category","embeddable":true,"href":"https:\/\/medicina.udd.cl\/kinesiologia-santiago\/wp-json\/wp\/v2\/categories?post=4927"},{"taxonomy":"post_tag","embeddable":true,"href":"https:\/\/medicina.udd.cl\/kinesiologia-santiago\/wp-json\/wp\/v2\/tags?post=4927"}],"curies":[{"name":"wp","href":"https:\/\/api.w.org\/{rel}","templated":true}]}}