{"id":5076,"date":"2021-04-06T10:27:07","date_gmt":"2021-04-06T14:27:07","guid":{"rendered":"https:\/\/medicina.udd.cl\/kinesiologia-santiago\/?p=5076"},"modified":"2021-04-06T18:36:06","modified_gmt":"2021-04-06T22:36:06","slug":"curso-de-actualizacion-en-ventilacion-mecanica-invasiva-y-no-invasiva-covid-19","status":"publish","type":"post","link":"https:\/\/medicina.udd.cl\/kinesiologia-santiago\/noticias\/2021\/04\/06\/curso-de-actualizacion-en-ventilacion-mecanica-invasiva-y-no-invasiva-covid-19\/","title":{"rendered":"Curso de actualizaci\u00f3n en ventilaci\u00f3n mec\u00e1nica invasiva y no invasiva Covid-19"},"content":{"rendered":"\n<div class=\"wp-block-image\"><figure class=\"aligncenter size-large is-resized\"><img loading=\"lazy\" decoding=\"async\" src=\"https:\/\/medicina.udd.cl\/kinesiologia-santiago\/files\/2021\/04\/Curso-Ventilaci\u00f3n-Mec\u00e1nica-Covid19-UDD-1024x1024.jpg\" alt=\"\" class=\"wp-image-5083\" width=\"512\" height=\"512\" srcset=\"https:\/\/medicina.udd.cl\/kinesiologia-santiago\/files\/2021\/04\/Curso-Ventilaci\u00f3n-Mec\u00e1nica-Covid19-UDD-1024x1024.jpg 1024w, https:\/\/medicina.udd.cl\/kinesiologia-santiago\/files\/2021\/04\/Curso-Ventilaci\u00f3n-Mec\u00e1nica-Covid19-UDD-300x300.jpg 300w, https:\/\/medicina.udd.cl\/kinesiologia-santiago\/files\/2021\/04\/Curso-Ventilaci\u00f3n-Mec\u00e1nica-Covid19-UDD-150x150.jpg 150w, https:\/\/medicina.udd.cl\/kinesiologia-santiago\/files\/2021\/04\/Curso-Ventilaci\u00f3n-Mec\u00e1nica-Covid19-UDD-768x768.jpg 768w, https:\/\/medicina.udd.cl\/kinesiologia-santiago\/files\/2021\/04\/Curso-Ventilaci\u00f3n-Mec\u00e1nica-Covid19-UDD-62x62.jpg 62w, https:\/\/medicina.udd.cl\/kinesiologia-santiago\/files\/2021\/04\/Curso-Ventilaci\u00f3n-Mec\u00e1nica-Covid19-UDD-750x750.jpg 750w, https:\/\/medicina.udd.cl\/kinesiologia-santiago\/files\/2021\/04\/Curso-Ventilaci\u00f3n-Mec\u00e1nica-Covid19-UDD-500x500.jpg 500w, https:\/\/medicina.udd.cl\/kinesiologia-santiago\/files\/2021\/04\/Curso-Ventilaci\u00f3n-Mec\u00e1nica-Covid19-UDD-250x250.jpg 250w, https:\/\/medicina.udd.cl\/kinesiologia-santiago\/files\/2021\/04\/Curso-Ventilaci\u00f3n-Mec\u00e1nica-Covid19-UDD-126x126.jpg 126w, https:\/\/medicina.udd.cl\/kinesiologia-santiago\/files\/2021\/04\/Curso-Ventilaci\u00f3n-Mec\u00e1nica-Covid19-UDD.jpg 1080w\" sizes=\"auto, (max-width: 512px) 100vw, 512px\" \/><\/figure><\/div>\n\n\n\n<p>La carrera de kinesiolog\u00eda de la Universidad del Desarrollo, en conjunto con el Departamento de Paciente Cr\u00edtico de Cl\u00ednica Alemana, se encuentran desarrollando un curso gratuito de actualizaci\u00f3n en ventilaci\u00f3n mec\u00e1nica invasiva y no invasiva Covid-19.<\/p>\n\n\n\n<p>Seg\u00fan explica Rodrigo P\u00e9rez, uno de los kinesi\u00f3logos a cargo del curso junto a Juan Eduardo Keymer, esta iniciativa nace en virtud de la gran cantidad de personal desplegado en diferentes unidades y servicios asociados a cuidados intensivos, y est\u00e1 pensado para ser desarrollado en dos semanas, para al final del periodo realizar una evaluaci\u00f3n que permite acceder la certificaci\u00f3n de estas horas acad\u00e9micas, mediante una evaluaci\u00f3n de selecci\u00f3n m\u00faltiple.<\/p>\n\n\n\n<p>El objetivo del curso, 100% online, es que los participantes reconozcan e interpreten la informaci\u00f3n que entrega un VM: modos ventilatorios, curvas y bucles de tal manera que le permitan fundamentar su actuar cl\u00ednico en diferentes abordajes terap\u00e9uticos.<\/p>\n\n\n\n<p>\u201cEsperamos que el material visual y gr\u00e1fico desarrollado por diferentes profesionales del staff del Departamento de Paciente Critico y docentes de la Universidad del Desarrollo, sea de utilidad para enfrentar el desaf\u00edo cl\u00ednico que la pandemia demanda\u201d, explica Rodrigo P\u00e9rez.<\/p>\n\n\n\n<p>A la fecha se han inscrito m\u00e1s 200 participantes, entre ellos&nbsp;m\u00e9dicos, enfermeros, kinesi\u00f3logos y estudiantes de las carreras de la salud de los \u00faltimos a\u00f1os. Se espera que este&nbsp;n\u00famero se incremente una vez que venza el segundo plazo de inscripci\u00f3n, el pr\u00f3ximo viernes 9 de abril a las 16:00 horas.&nbsp;Los interesados en participar pueden inscribirse&nbsp;<strong><a href=\"https:\/\/bit.ly\/3w1T2ii\">AQU\u00cd<\/a><\/strong><\/p>\n","protected":false},"excerpt":{"rendered":"<p>La carrera de kinesiolog\u00eda de la Universidad del Desarrollo, en conjunto con el Departamento de Paciente Cr\u00edtico de Cl\u00ednica Alemana, se encuentran desarrollando un curso gratuito de actualizaci\u00f3n en ventilaci\u00f3n mec\u00e1nica invasiva y no invasiva Covid-19. Seg\u00fan explica Rodrigo P\u00e9rez, uno de los kinesi\u00f3logos a cargo del curso junto a Juan Eduardo Keymer, esta iniciativa [&hellip;]<\/p>\n","protected":false},"author":9192219,"featured_media":5077,"comment_status":"open","ping_status":"open","sticky":false,"template":"","format":"standard","meta":{"footnotes":""},"categories":[4],"tags":[],"class_list":["post-5076","post","type-post","status-publish","format-standard","has-post-thumbnail","hentry","category-noticias"],"yoast_head":"<!-- This site is optimized with the Yoast SEO plugin v26.9 - https:\/\/yoast.com\/product\/yoast-seo-wordpress\/ -->\n<title>Curso de actualizaci\u00f3n en ventilaci\u00f3n mec\u00e1nica invasiva y no invasiva Covid-19 - Kinesiolog\u00eda<\/title>\n<meta name=\"robots\" content=\"index, follow, max-snippet:-1, max-image-preview:large, max-video-preview:-1\" \/>\n<link rel=\"canonical\" href=\"https:\/\/medicina.udd.cl\/kinesiologia-santiago\/noticias\/2021\/04\/06\/curso-de-actualizacion-en-ventilacion-mecanica-invasiva-y-no-invasiva-covid-19\/\" \/>\n<meta property=\"og:locale\" content=\"es_ES\" \/>\n<meta property=\"og:type\" content=\"article\" \/>\n<meta property=\"og:title\" content=\"Curso de actualizaci\u00f3n en ventilaci\u00f3n mec\u00e1nica invasiva y no invasiva Covid-19 - Kinesiolog\u00eda\" \/>\n<meta property=\"og:description\" content=\"La carrera de kinesiolog\u00eda de la Universidad del Desarrollo, en conjunto con el Departamento de Paciente Cr\u00edtico de Cl\u00ednica Alemana, se encuentran desarrollando un curso gratuito de actualizaci\u00f3n en ventilaci\u00f3n mec\u00e1nica invasiva y no invasiva Covid-19. Seg\u00fan explica Rodrigo P\u00e9rez, uno de los kinesi\u00f3logos a cargo del curso junto a Juan Eduardo Keymer, esta iniciativa [&hellip;]\" \/>\n<meta property=\"og:url\" content=\"https:\/\/medicina.udd.cl\/kinesiologia-santiago\/noticias\/2021\/04\/06\/curso-de-actualizacion-en-ventilacion-mecanica-invasiva-y-no-invasiva-covid-19\/\" \/>\n<meta property=\"og:site_name\" content=\"Kinesiolog\u00eda\" \/>\n<meta property=\"article:published_time\" content=\"2021-04-06T14:27:07+00:00\" \/>\n<meta property=\"article:modified_time\" content=\"2021-04-06T22:36:06+00:00\" \/>\n<meta property=\"og:image\" content=\"https:\/\/medicina.udd.cl\/kinesiologia-santiago\/files\/2021\/04\/Ventilaci\u00f3nMec\u00e1nica.jpg\" \/>\n\t<meta property=\"og:image:width\" content=\"640\" \/>\n\t<meta property=\"og:image:height\" content=\"360\" \/>\n\t<meta property=\"og:image:type\" content=\"image\/jpeg\" \/>\n<meta name=\"author\" content=\"rbraidy\" \/>\n<meta name=\"twitter:label1\" content=\"Escrito por\" \/>\n\t<meta name=\"twitter:data1\" content=\"rbraidy\" \/>\n\t<meta name=\"twitter:label2\" content=\"Tiempo de lectura\" \/>\n\t<meta name=\"twitter:data2\" content=\"1 minuto\" \/>\n<script type=\"application\/ld+json\" class=\"yoast-schema-graph\">{\"@context\":\"https:\/\/schema.org\",\"@graph\":[{\"@type\":\"Article\",\"@id\":\"https:\/\/medicina.udd.cl\/kinesiologia-santiago\/noticias\/2021\/04\/06\/curso-de-actualizacion-en-ventilacion-mecanica-invasiva-y-no-invasiva-covid-19\/#article\",\"isPartOf\":{\"@id\":\"https:\/\/medicina.udd.cl\/kinesiologia-santiago\/noticias\/2021\/04\/06\/curso-de-actualizacion-en-ventilacion-mecanica-invasiva-y-no-invasiva-covid-19\/\"},\"author\":{\"name\":\"rbraidy\",\"@id\":\"https:\/\/medicina.udd.cl\/kinesiologia-santiago\/#\/schema\/person\/dbc3705bf3a93e8be1ba6de0ef950341\"},\"headline\":\"Curso de actualizaci\u00f3n en ventilaci\u00f3n mec\u00e1nica invasiva y no invasiva Covid-19\",\"datePublished\":\"2021-04-06T14:27:07+00:00\",\"dateModified\":\"2021-04-06T22:36:06+00:00\",\"mainEntityOfPage\":{\"@id\":\"https:\/\/medicina.udd.cl\/kinesiologia-santiago\/noticias\/2021\/04\/06\/curso-de-actualizacion-en-ventilacion-mecanica-invasiva-y-no-invasiva-covid-19\/\"},\"wordCount\":286,\"commentCount\":0,\"image\":{\"@id\":\"https:\/\/medicina.udd.cl\/kinesiologia-santiago\/noticias\/2021\/04\/06\/curso-de-actualizacion-en-ventilacion-mecanica-invasiva-y-no-invasiva-covid-19\/#primaryimage\"},\"thumbnailUrl\":\"https:\/\/medicina.udd.cl\/kinesiologia-santiago\/files\/2021\/04\/Ventilaci\u00f3nMec\u00e1nica.jpg\",\"articleSection\":[\"Noticias\"],\"inLanguage\":\"es\",\"potentialAction\":[{\"@type\":\"CommentAction\",\"name\":\"Comment\",\"target\":[\"https:\/\/medicina.udd.cl\/kinesiologia-santiago\/noticias\/2021\/04\/06\/curso-de-actualizacion-en-ventilacion-mecanica-invasiva-y-no-invasiva-covid-19\/#respond\"]}]},{\"@type\":\"WebPage\",\"@id\":\"https:\/\/medicina.udd.cl\/kinesiologia-santiago\/noticias\/2021\/04\/06\/curso-de-actualizacion-en-ventilacion-mecanica-invasiva-y-no-invasiva-covid-19\/\",\"url\":\"https:\/\/medicina.udd.cl\/kinesiologia-santiago\/noticias\/2021\/04\/06\/curso-de-actualizacion-en-ventilacion-mecanica-invasiva-y-no-invasiva-covid-19\/\",\"name\":\"Curso de actualizaci\u00f3n en ventilaci\u00f3n mec\u00e1nica invasiva y no invasiva Covid-19 - Kinesiolog\u00eda\",\"isPartOf\":{\"@id\":\"https:\/\/medicina.udd.cl\/kinesiologia-santiago\/#website\"},\"primaryImageOfPage\":{\"@id\":\"https:\/\/medicina.udd.cl\/kinesiologia-santiago\/noticias\/2021\/04\/06\/curso-de-actualizacion-en-ventilacion-mecanica-invasiva-y-no-invasiva-covid-19\/#primaryimage\"},\"image\":{\"@id\":\"https:\/\/medicina.udd.cl\/kinesiologia-santiago\/noticias\/2021\/04\/06\/curso-de-actualizacion-en-ventilacion-mecanica-invasiva-y-no-invasiva-covid-19\/#primaryimage\"},\"thumbnailUrl\":\"https:\/\/medicina.udd.cl\/kinesiologia-santiago\/files\/2021\/04\/Ventilaci\u00f3nMec\u00e1nica.jpg\",\"datePublished\":\"2021-04-06T14:27:07+00:00\",\"dateModified\":\"2021-04-06T22:36:06+00:00\",\"author\":{\"@id\":\"https:\/\/medicina.udd.cl\/kinesiologia-santiago\/#\/schema\/person\/dbc3705bf3a93e8be1ba6de0ef950341\"},\"breadcrumb\":{\"@id\":\"https:\/\/medicina.udd.cl\/kinesiologia-santiago\/noticias\/2021\/04\/06\/curso-de-actualizacion-en-ventilacion-mecanica-invasiva-y-no-invasiva-covid-19\/#breadcrumb\"},\"inLanguage\":\"es\",\"potentialAction\":[{\"@type\":\"ReadAction\",\"target\":[\"https:\/\/medicina.udd.cl\/kinesiologia-santiago\/noticias\/2021\/04\/06\/curso-de-actualizacion-en-ventilacion-mecanica-invasiva-y-no-invasiva-covid-19\/\"]}]},{\"@type\":\"ImageObject\",\"inLanguage\":\"es\",\"@id\":\"https:\/\/medicina.udd.cl\/kinesiologia-santiago\/noticias\/2021\/04\/06\/curso-de-actualizacion-en-ventilacion-mecanica-invasiva-y-no-invasiva-covid-19\/#primaryimage\",\"url\":\"https:\/\/medicina.udd.cl\/kinesiologia-santiago\/files\/2021\/04\/Ventilaci\u00f3nMec\u00e1nica.jpg\",\"contentUrl\":\"https:\/\/medicina.udd.cl\/kinesiologia-santiago\/files\/2021\/04\/Ventilaci\u00f3nMec\u00e1nica.jpg\",\"width\":640,\"height\":360},{\"@type\":\"BreadcrumbList\",\"@id\":\"https:\/\/medicina.udd.cl\/kinesiologia-santiago\/noticias\/2021\/04\/06\/curso-de-actualizacion-en-ventilacion-mecanica-invasiva-y-no-invasiva-covid-19\/#breadcrumb\",\"itemListElement\":[{\"@type\":\"ListItem\",\"position\":1,\"name\":\"Home\",\"item\":\"https:\/\/medicina.udd.cl\/kinesiologia-santiago\/\"},{\"@type\":\"ListItem\",\"position\":2,\"name\":\"Curso de actualizaci\u00f3n en ventilaci\u00f3n mec\u00e1nica invasiva y no invasiva Covid-19\"}]},{\"@type\":\"WebSite\",\"@id\":\"https:\/\/medicina.udd.cl\/kinesiologia-santiago\/#website\",\"url\":\"https:\/\/medicina.udd.cl\/kinesiologia-santiago\/\",\"name\":\"Kinesiolog\u00eda\",\"description\":\"Facultad de Medicina Cl\u00ednica Alemana Universidad del Desarrollo\",\"inLanguage\":\"es\"},{\"@type\":\"Person\",\"@id\":\"https:\/\/medicina.udd.cl\/kinesiologia-santiago\/#\/schema\/person\/dbc3705bf3a93e8be1ba6de0ef950341\",\"name\":\"rbraidy\",\"image\":{\"@type\":\"ImageObject\",\"inLanguage\":\"es\",\"@id\":\"https:\/\/medicina.udd.cl\/kinesiologia-santiago\/#\/schema\/person\/image\/\",\"url\":\"https:\/\/secure.gravatar.com\/avatar\/0f8bc94637401590e45d2ce17eb65c274cb8870a219de6177f3f23e63fd8cdf3?s=96&d=mm&r=g\",\"contentUrl\":\"https:\/\/secure.gravatar.com\/avatar\/0f8bc94637401590e45d2ce17eb65c274cb8870a219de6177f3f23e63fd8cdf3?s=96&d=mm&r=g\",\"caption\":\"rbraidy\"},\"url\":\"https:\/\/medicina.udd.cl\/kinesiologia-santiago\/noticias\/author\/rbraidy\/\"}]}<\/script>\n<!-- \/ Yoast SEO plugin. -->","yoast_head_json":{"title":"Curso de actualizaci\u00f3n en ventilaci\u00f3n mec\u00e1nica invasiva y no invasiva Covid-19 - Kinesiolog\u00eda","robots":{"index":"index","follow":"follow","max-snippet":"max-snippet:-1","max-image-preview":"max-image-preview:large","max-video-preview":"max-video-preview:-1"},"canonical":"https:\/\/medicina.udd.cl\/kinesiologia-santiago\/noticias\/2021\/04\/06\/curso-de-actualizacion-en-ventilacion-mecanica-invasiva-y-no-invasiva-covid-19\/","og_locale":"es_ES","og_type":"article","og_title":"Curso de actualizaci\u00f3n en ventilaci\u00f3n mec\u00e1nica invasiva y no invasiva Covid-19 - Kinesiolog\u00eda","og_description":"La carrera de kinesiolog\u00eda de la Universidad del Desarrollo, en conjunto con el Departamento de Paciente Cr\u00edtico de Cl\u00ednica Alemana, se encuentran desarrollando un curso gratuito de actualizaci\u00f3n en ventilaci\u00f3n mec\u00e1nica invasiva y no invasiva Covid-19. Seg\u00fan explica Rodrigo P\u00e9rez, uno de los kinesi\u00f3logos a cargo del curso junto a Juan Eduardo Keymer, esta iniciativa [&hellip;]","og_url":"https:\/\/medicina.udd.cl\/kinesiologia-santiago\/noticias\/2021\/04\/06\/curso-de-actualizacion-en-ventilacion-mecanica-invasiva-y-no-invasiva-covid-19\/","og_site_name":"Kinesiolog\u00eda","article_published_time":"2021-04-06T14:27:07+00:00","article_modified_time":"2021-04-06T22:36:06+00:00","og_image":[{"width":640,"height":360,"url":"https:\/\/medicina.udd.cl\/kinesiologia-santiago\/files\/2021\/04\/Ventilaci\u00f3nMec\u00e1nica.jpg","type":"image\/jpeg"}],"author":"rbraidy","twitter_misc":{"Escrito por":"rbraidy","Tiempo de lectura":"1 minuto"},"schema":{"@context":"https:\/\/schema.org","@graph":[{"@type":"Article","@id":"https:\/\/medicina.udd.cl\/kinesiologia-santiago\/noticias\/2021\/04\/06\/curso-de-actualizacion-en-ventilacion-mecanica-invasiva-y-no-invasiva-covid-19\/#article","isPartOf":{"@id":"https:\/\/medicina.udd.cl\/kinesiologia-santiago\/noticias\/2021\/04\/06\/curso-de-actualizacion-en-ventilacion-mecanica-invasiva-y-no-invasiva-covid-19\/"},"author":{"name":"rbraidy","@id":"https:\/\/medicina.udd.cl\/kinesiologia-santiago\/#\/schema\/person\/dbc3705bf3a93e8be1ba6de0ef950341"},"headline":"Curso de actualizaci\u00f3n en ventilaci\u00f3n mec\u00e1nica invasiva y no invasiva Covid-19","datePublished":"2021-04-06T14:27:07+00:00","dateModified":"2021-04-06T22:36:06+00:00","mainEntityOfPage":{"@id":"https:\/\/medicina.udd.cl\/kinesiologia-santiago\/noticias\/2021\/04\/06\/curso-de-actualizacion-en-ventilacion-mecanica-invasiva-y-no-invasiva-covid-19\/"},"wordCount":286,"commentCount":0,"image":{"@id":"https:\/\/medicina.udd.cl\/kinesiologia-santiago\/noticias\/2021\/04\/06\/curso-de-actualizacion-en-ventilacion-mecanica-invasiva-y-no-invasiva-covid-19\/#primaryimage"},"thumbnailUrl":"https:\/\/medicina.udd.cl\/kinesiologia-santiago\/files\/2021\/04\/Ventilaci\u00f3nMec\u00e1nica.jpg","articleSection":["Noticias"],"inLanguage":"es","potentialAction":[{"@type":"CommentAction","name":"Comment","target":["https:\/\/medicina.udd.cl\/kinesiologia-santiago\/noticias\/2021\/04\/06\/curso-de-actualizacion-en-ventilacion-mecanica-invasiva-y-no-invasiva-covid-19\/#respond"]}]},{"@type":"WebPage","@id":"https:\/\/medicina.udd.cl\/kinesiologia-santiago\/noticias\/2021\/04\/06\/curso-de-actualizacion-en-ventilacion-mecanica-invasiva-y-no-invasiva-covid-19\/","url":"https:\/\/medicina.udd.cl\/kinesiologia-santiago\/noticias\/2021\/04\/06\/curso-de-actualizacion-en-ventilacion-mecanica-invasiva-y-no-invasiva-covid-19\/","name":"Curso de actualizaci\u00f3n en ventilaci\u00f3n mec\u00e1nica invasiva y no invasiva Covid-19 - Kinesiolog\u00eda","isPartOf":{"@id":"https:\/\/medicina.udd.cl\/kinesiologia-santiago\/#website"},"primaryImageOfPage":{"@id":"https:\/\/medicina.udd.cl\/kinesiologia-santiago\/noticias\/2021\/04\/06\/curso-de-actualizacion-en-ventilacion-mecanica-invasiva-y-no-invasiva-covid-19\/#primaryimage"},"image":{"@id":"https:\/\/medicina.udd.cl\/kinesiologia-santiago\/noticias\/2021\/04\/06\/curso-de-actualizacion-en-ventilacion-mecanica-invasiva-y-no-invasiva-covid-19\/#primaryimage"},"thumbnailUrl":"https:\/\/medicina.udd.cl\/kinesiologia-santiago\/files\/2021\/04\/Ventilaci\u00f3nMec\u00e1nica.jpg","datePublished":"2021-04-06T14:27:07+00:00","dateModified":"2021-04-06T22:36:06+00:00","author":{"@id":"https:\/\/medicina.udd.cl\/kinesiologia-santiago\/#\/schema\/person\/dbc3705bf3a93e8be1ba6de0ef950341"},"breadcrumb":{"@id":"https:\/\/medicina.udd.cl\/kinesiologia-santiago\/noticias\/2021\/04\/06\/curso-de-actualizacion-en-ventilacion-mecanica-invasiva-y-no-invasiva-covid-19\/#breadcrumb"},"inLanguage":"es","potentialAction":[{"@type":"ReadAction","target":["https:\/\/medicina.udd.cl\/kinesiologia-santiago\/noticias\/2021\/04\/06\/curso-de-actualizacion-en-ventilacion-mecanica-invasiva-y-no-invasiva-covid-19\/"]}]},{"@type":"ImageObject","inLanguage":"es","@id":"https:\/\/medicina.udd.cl\/kinesiologia-santiago\/noticias\/2021\/04\/06\/curso-de-actualizacion-en-ventilacion-mecanica-invasiva-y-no-invasiva-covid-19\/#primaryimage","url":"https:\/\/medicina.udd.cl\/kinesiologia-santiago\/files\/2021\/04\/Ventilaci\u00f3nMec\u00e1nica.jpg","contentUrl":"https:\/\/medicina.udd.cl\/kinesiologia-santiago\/files\/2021\/04\/Ventilaci\u00f3nMec\u00e1nica.jpg","width":640,"height":360},{"@type":"BreadcrumbList","@id":"https:\/\/medicina.udd.cl\/kinesiologia-santiago\/noticias\/2021\/04\/06\/curso-de-actualizacion-en-ventilacion-mecanica-invasiva-y-no-invasiva-covid-19\/#breadcrumb","itemListElement":[{"@type":"ListItem","position":1,"name":"Home","item":"https:\/\/medicina.udd.cl\/kinesiologia-santiago\/"},{"@type":"ListItem","position":2,"name":"Curso de actualizaci\u00f3n en ventilaci\u00f3n mec\u00e1nica invasiva y no invasiva Covid-19"}]},{"@type":"WebSite","@id":"https:\/\/medicina.udd.cl\/kinesiologia-santiago\/#website","url":"https:\/\/medicina.udd.cl\/kinesiologia-santiago\/","name":"Kinesiolog\u00eda","description":"Facultad de Medicina Cl\u00ednica Alemana Universidad del Desarrollo","inLanguage":"es"},{"@type":"Person","@id":"https:\/\/medicina.udd.cl\/kinesiologia-santiago\/#\/schema\/person\/dbc3705bf3a93e8be1ba6de0ef950341","name":"rbraidy","image":{"@type":"ImageObject","inLanguage":"es","@id":"https:\/\/medicina.udd.cl\/kinesiologia-santiago\/#\/schema\/person\/image\/","url":"https:\/\/secure.gravatar.com\/avatar\/0f8bc94637401590e45d2ce17eb65c274cb8870a219de6177f3f23e63fd8cdf3?s=96&d=mm&r=g","contentUrl":"https:\/\/secure.gravatar.com\/avatar\/0f8bc94637401590e45d2ce17eb65c274cb8870a219de6177f3f23e63fd8cdf3?s=96&d=mm&r=g","caption":"rbraidy"},"url":"https:\/\/medicina.udd.cl\/kinesiologia-santiago\/noticias\/author\/rbraidy\/"}]}},"featured_image_url":"https:\/\/medicina.udd.cl\/kinesiologia-santiago\/files\/2021\/04\/Ventilaci\u00f3nMec\u00e1nica.jpg","_links":{"self":[{"href":"https:\/\/medicina.udd.cl\/kinesiologia-santiago\/wp-json\/wp\/v2\/posts\/5076","targetHints":{"allow":["GET"]}}],"collection":[{"href":"https:\/\/medicina.udd.cl\/kinesiologia-santiago\/wp-json\/wp\/v2\/posts"}],"about":[{"href":"https:\/\/medicina.udd.cl\/kinesiologia-santiago\/wp-json\/wp\/v2\/types\/post"}],"author":[{"embeddable":true,"href":"https:\/\/medicina.udd.cl\/kinesiologia-santiago\/wp-json\/wp\/v2\/users\/9192219"}],"replies":[{"embeddable":true,"href":"https:\/\/medicina.udd.cl\/kinesiologia-santiago\/wp-json\/wp\/v2\/comments?post=5076"}],"version-history":[{"count":3,"href":"https:\/\/medicina.udd.cl\/kinesiologia-santiago\/wp-json\/wp\/v2\/posts\/5076\/revisions"}],"predecessor-version":[{"id":5084,"href":"https:\/\/medicina.udd.cl\/kinesiologia-santiago\/wp-json\/wp\/v2\/posts\/5076\/revisions\/5084"}],"wp:featuredmedia":[{"embeddable":true,"href":"https:\/\/medicina.udd.cl\/kinesiologia-santiago\/wp-json\/wp\/v2\/media\/5077"}],"wp:attachment":[{"href":"https:\/\/medicina.udd.cl\/kinesiologia-santiago\/wp-json\/wp\/v2\/media?parent=5076"}],"wp:term":[{"taxonomy":"category","embeddable":true,"href":"https:\/\/medicina.udd.cl\/kinesiologia-santiago\/wp-json\/wp\/v2\/categories?post=5076"},{"taxonomy":"post_tag","embeddable":true,"href":"https:\/\/medicina.udd.cl\/kinesiologia-santiago\/wp-json\/wp\/v2\/tags?post=5076"}],"curies":[{"name":"wp","href":"https:\/\/api.w.org\/{rel}","templated":true}]}}