{"id":5184,"date":"2021-09-30T15:12:13","date_gmt":"2021-09-30T18:12:13","guid":{"rendered":"https:\/\/medicina.udd.cl\/kinesiologia-santiago\/?p=5184"},"modified":"2021-10-04T11:55:57","modified_gmt":"2021-10-04T14:55:57","slug":"estudio-realizado-a-263-kinesiologos-muestra-que-194-sufrio-depresion-y-ansiedad-en-pandemia","status":"publish","type":"post","link":"https:\/\/medicina.udd.cl\/kinesiologia-santiago\/noticias\/2021\/09\/30\/estudio-realizado-a-263-kinesiologos-muestra-que-194-sufrio-depresion-y-ansiedad-en-pandemia\/","title":{"rendered":"Estudio UDD muestra salud mental de kinesi\u00f3logos durante la pandemia por covid-19"},"content":{"rendered":"\n<div class=\"wp-block-image\"><figure class=\"alignright size-large is-resized\"><img loading=\"lazy\" decoding=\"async\" src=\"https:\/\/medicina.udd.cl\/kinesiologia-santiago\/files\/2021\/09\/Equipo-en-UCI-2.jpg\" alt=\"\" class=\"wp-image-5185\" width=\"468\" height=\"289\" srcset=\"https:\/\/medicina.udd.cl\/kinesiologia-santiago\/files\/2021\/09\/Equipo-en-UCI-2.jpg 624w, https:\/\/medicina.udd.cl\/kinesiologia-santiago\/files\/2021\/09\/Equipo-en-UCI-2-300x185.jpg 300w\" sizes=\"auto, (max-width: 468px) 100vw, 468px\" \/><figcaption>Foto archivo.<\/figcaption><\/figure><\/div>\n\n\n\n<p>La crisis sanitaria de Covid-19, est\u00e1 generando una carga adicional para los profesionales de la salud, quienes tienen que utilizar diferentes estrategias para hacer frente las demandas de esta pandemia. \u00a0En muchos pa\u00edses, los kinesi\u00f3logos est\u00e1n desempe\u00f1ando un papel relevante en la gesti\u00f3n de la rehabilitaci\u00f3n y prevenci\u00f3n de muerte y discapacidad por Covid-19.<\/p>\n\n\n\n<p>Producto de la pandemia, los profesionales de la salud han debido utilizar diferentes estrategias para hacer frente las demandas, desempa\u00f1ando los kinesi\u00f3logos un papel relevante en la gesti\u00f3n de la rehabilitaci\u00f3n y prevenci\u00f3n de muerte y discapacidad por Covid-19.<\/p>\n\n\n\n<p>En este contexto, un equipo multidisciplinario de la Universidad del Desarrollo y Cl\u00ednica Alemana, levant\u00f3 datos en 2020 y realiz\u00f3 un estudio que incluy\u00f3 una muestra de 263 kinesi\u00f3logos, que trabajan en centros hospitalarios p\u00fablicos y privados de varias regiones de Chile, con un promedio de edad de 33 a\u00f1os. Se utiliz\u00f3 la escala BRIEF-COPE (cuestionario desarrollado para evaluar las diferentes formas de respuesta al estr\u00e9s), para analizar las estrategias de afrontamiento de los kinesi\u00f3logos ante la exposici\u00f3n a la pandemia en sus entornos de trabajo. Adem\u00e1s, se registraron los antecedentes sociodemogr\u00e1ficos de salud y formaci\u00f3n.<\/p>\n\n\n\n<p>Los resultados preliminares arrojaron que las estrategias de afrontamiento a la situaci\u00f3n m\u00e1s utilizadas por los kinesi\u00f3logos son:&nbsp;afrontamiento activo frente al problema (no evitarlo) , aceptaci\u00f3n de la realidad y planificaci\u00f3n para resolver los problemas; mientras que las estrategias menos utilizadas fueron el consumo de sustancias y la autoculpabilizaci\u00f3n.<\/p>\n\n\n\n<p>Un 19,4% de los encuestados declar\u00f3 tener depresi\u00f3n\/ansiedad, producto del afrontamiento de evitaci\u00f3n, versus el activo de sus hom\u00f3logos. Por su parte, las mujeres tuvieron un afrontamiento activo significativamente menor al de los hombres, presentando aceptaci\u00f3n, autodistracci\u00f3n, planificaci\u00f3n, humor, uso de apoyo emocional y desahogo. Asimismo, los kinesi\u00f3logos con hijos presentaron puntuaciones significativamente m\u00e1s bajas de afrontamiento de aproximaci\u00f3n en comparaci\u00f3n con los que no ten\u00edan hijos.&nbsp;<\/p>\n\n\n\n<p>Seg\u00fan indic\u00f3 Cinara Sacomori, docente de la carrera de Kinesiolog\u00eda, del Mag\u00edster en Terapia F\u00edsica y Rehabilitaci\u00f3n (MAKI) UDD y l\u00edder del estudio, tras estos resultados es necesario mejorar las pol\u00edticas de salud laboral y promover estrategias de afrontamiento m\u00e1s saludables a trav\u00e9s de la formaci\u00f3n profesional continua, para incentivar el autocuidado, ajustar la cultura organizacional orientando a mejores pr\u00e1cticas de trabajo en equipo y soporte mutuo.<\/p>\n\n\n\n<p>La crisis sanitaria de Covid-19, est\u00e1 generando una carga adicional para los profesionales de la salud, quienes tienen que utilizar diferentes estrategias para hacer frente las demandas de esta pandemia. \u00a0En muchos pa\u00edses, los kinesi\u00f3logos est\u00e1n desempe\u00f1ando un papel relevante en la gesti\u00f3n de la rehabilitaci\u00f3n y prevenci\u00f3n de muerte y discapacidad por Covid-19.<\/p>\n\n\n\n<p>En este contexto, un equipo multidisciplinario de la Universidad del Desarrollo y Cl\u00ednica Alemana, liderado por la docente de la carrera de Kinesiolog\u00eda y del Mag\u00edster en Terapia F\u00edsica y Rehabilitaci\u00f3n (MAKI) UDD, Cinara Sacomori, realiz\u00f3 un estudio donde muestran cifras con respecto a la salud mental de los kinesi\u00f3logos producto de la pandemia.<\/p>\n\n\n\n<p>El objetivo del estudio, cuyos datos fueron levantados durante el a\u00f1o 2020, fue analizar las estrategias de afrontamiento de los kinesi\u00f3logos que trabajan en centros hospitalarios p\u00fablicos y privados en Chile durante el brote de Covid-19, considerando caracter\u00edsticas sociodemogr\u00e1ficas, laborales y estado de salud.<\/p>\n\n\n\n<p>El equipo investigador, realiz\u00f3 un estudio observacional transversal con una muestra de 263 kinesi\u00f3logos representando todas las regiones del pa\u00eds, con un promedio de edad de 33 a\u00f1os. Ellos fueron reclutados mediante una estrategia de bola de nieve a trav\u00e9s de correo electr\u00f3nico y redes sociales. Se utiliz\u00f3 la escala BRIEF-COPE (cuestionario multidimensional desarrollado que eval\u00faa las diferentes formas de respuesta al estr\u00e9s), para evaluar las estrategias de afrontamiento de los kinesi\u00f3logos ante la exposici\u00f3n a la pandemia en sus entornos de trabajo. Adem\u00e1s, se registraron los antecedentes sociodemogr\u00e1ficos de salud y formaci\u00f3n.<\/p>\n\n\n\n<p>Los resultados preliminares arrojaron que los kinesi\u00f3logos utilizan mayoritariamente las siguientes estrategias de afrontamiento a la situaci\u00f3n:&nbsp;afrontamiento activo, aceptaci\u00f3n de la realidad y planificaci\u00f3n para resolver los problemas; mientras que el consumo de sustancias y la autoculpabilizaci\u00f3n fueron las estrategias menos utilizadas. Los kinesi\u00f3logos mostraron mayor puntuaci\u00f3n&nbsp;en las estrategias consideradas como afrontamiento m\u00e1s activo frente al problema en comparaci\u00f3n con las estrategias que lo evitan&nbsp;.&nbsp;Un 19,4% de los encuestados declararon tener depresi\u00f3n\/ansiedad, ellos utilizaron m\u00e1s el afrontamiento de evitaci\u00f3n en comparaci\u00f3n con sus hom\u00f3logos. Por su parte, las mujeres tuvieron un afrontamiento activo significativamente menor, aceptaci\u00f3n, autodistracci\u00f3n, planificaci\u00f3n, humor, uso de apoyo emocional y desahogo en comparaci\u00f3n con los hombres. Asimismo, los kinesi\u00f3logos con hijos presentaron puntuaciones significativamente m\u00e1s bajas, puntuaciones de afrontamiento de aproximaci\u00f3n (p=.016) en comparaci\u00f3n con los que no ten\u00edan hijos.&nbsp; <\/p>\n\n\n\n<p>Tras estos resultados del estudio, la acad\u00e9mica Cinara Sacomori, se\u00f1al\u00f3 que es necesario mejorar las pol\u00edticas de salud laboral y promover estrategias de afrontamiento m\u00e1s saludables a trav\u00e9s de la formaci\u00f3n profesional continua, para incentivar el autocuidado, ajustar la cultura organizacional orientando a mejores pr\u00e1cticas de trabajo en equipo y soporte mutuo.<\/p>\n","protected":false},"excerpt":{"rendered":"<p>La crisis sanitaria de Covid-19, est\u00e1 generando una carga adicional para los profesionales de la salud, quienes tienen que utilizar diferentes estrategias para hacer frente las demandas de esta pandemia. \u00a0En muchos pa\u00edses, los kinesi\u00f3logos est\u00e1n desempe\u00f1ando un papel relevante en la gesti\u00f3n de la rehabilitaci\u00f3n y prevenci\u00f3n de muerte y discapacidad por Covid-19. Producto [&hellip;]<\/p>\n","protected":false},"author":9192219,"featured_media":5185,"comment_status":"open","ping_status":"open","sticky":false,"template":"","format":"standard","meta":{"footnotes":""},"categories":[4],"tags":[],"class_list":["post-5184","post","type-post","status-publish","format-standard","has-post-thumbnail","hentry","category-noticias"],"yoast_head":"<!-- This site is optimized with the Yoast SEO plugin v26.9 - https:\/\/yoast.com\/product\/yoast-seo-wordpress\/ -->\n<title>Estudio UDD muestra salud mental de kinesi\u00f3logos durante la pandemia por covid-19 - Kinesiolog\u00eda<\/title>\n<meta name=\"robots\" content=\"index, follow, max-snippet:-1, max-image-preview:large, max-video-preview:-1\" \/>\n<link rel=\"canonical\" href=\"https:\/\/medicina.udd.cl\/kinesiologia-santiago\/noticias\/2021\/09\/30\/estudio-realizado-a-263-kinesiologos-muestra-que-194-sufrio-depresion-y-ansiedad-en-pandemia\/\" \/>\n<meta property=\"og:locale\" content=\"es_ES\" \/>\n<meta property=\"og:type\" content=\"article\" \/>\n<meta property=\"og:title\" content=\"Estudio UDD muestra salud mental de kinesi\u00f3logos durante la pandemia por covid-19 - Kinesiolog\u00eda\" \/>\n<meta property=\"og:description\" content=\"La crisis sanitaria de Covid-19, est\u00e1 generando una carga adicional para los profesionales de la salud, quienes tienen que utilizar diferentes estrategias para hacer frente las demandas de esta pandemia. \u00a0En muchos pa\u00edses, los kinesi\u00f3logos est\u00e1n desempe\u00f1ando un papel relevante en la gesti\u00f3n de la rehabilitaci\u00f3n y prevenci\u00f3n de muerte y discapacidad por Covid-19. Producto [&hellip;]\" \/>\n<meta property=\"og:url\" content=\"https:\/\/medicina.udd.cl\/kinesiologia-santiago\/noticias\/2021\/09\/30\/estudio-realizado-a-263-kinesiologos-muestra-que-194-sufrio-depresion-y-ansiedad-en-pandemia\/\" \/>\n<meta property=\"og:site_name\" content=\"Kinesiolog\u00eda\" \/>\n<meta property=\"article:published_time\" content=\"2021-09-30T18:12:13+00:00\" \/>\n<meta property=\"article:modified_time\" content=\"2021-10-04T14:55:57+00:00\" \/>\n<meta property=\"og:image\" content=\"https:\/\/medicina.udd.cl\/kinesiologia-santiago\/files\/2021\/09\/Equipo-en-UCI-2.jpg\" \/>\n\t<meta property=\"og:image:width\" content=\"624\" \/>\n\t<meta property=\"og:image:height\" content=\"385\" \/>\n\t<meta property=\"og:image:type\" content=\"image\/jpeg\" \/>\n<meta name=\"author\" content=\"rbraidy\" \/>\n<meta name=\"twitter:label1\" content=\"Escrito por\" \/>\n\t<meta name=\"twitter:data1\" content=\"rbraidy\" \/>\n\t<meta name=\"twitter:label2\" content=\"Tiempo de lectura\" \/>\n\t<meta name=\"twitter:data2\" content=\"5 minutos\" \/>\n<script type=\"application\/ld+json\" class=\"yoast-schema-graph\">{\"@context\":\"https:\/\/schema.org\",\"@graph\":[{\"@type\":\"Article\",\"@id\":\"https:\/\/medicina.udd.cl\/kinesiologia-santiago\/noticias\/2021\/09\/30\/estudio-realizado-a-263-kinesiologos-muestra-que-194-sufrio-depresion-y-ansiedad-en-pandemia\/#article\",\"isPartOf\":{\"@id\":\"https:\/\/medicina.udd.cl\/kinesiologia-santiago\/noticias\/2021\/09\/30\/estudio-realizado-a-263-kinesiologos-muestra-que-194-sufrio-depresion-y-ansiedad-en-pandemia\/\"},\"author\":{\"name\":\"rbraidy\",\"@id\":\"https:\/\/medicina.udd.cl\/kinesiologia-santiago\/#\/schema\/person\/dbc3705bf3a93e8be1ba6de0ef950341\"},\"headline\":\"Estudio UDD muestra salud mental de kinesi\u00f3logos durante la pandemia por covid-19\",\"datePublished\":\"2021-09-30T18:12:13+00:00\",\"dateModified\":\"2021-10-04T14:55:57+00:00\",\"mainEntityOfPage\":{\"@id\":\"https:\/\/medicina.udd.cl\/kinesiologia-santiago\/noticias\/2021\/09\/30\/estudio-realizado-a-263-kinesiologos-muestra-que-194-sufrio-depresion-y-ansiedad-en-pandemia\/\"},\"wordCount\":932,\"commentCount\":0,\"image\":{\"@id\":\"https:\/\/medicina.udd.cl\/kinesiologia-santiago\/noticias\/2021\/09\/30\/estudio-realizado-a-263-kinesiologos-muestra-que-194-sufrio-depresion-y-ansiedad-en-pandemia\/#primaryimage\"},\"thumbnailUrl\":\"https:\/\/medicina.udd.cl\/kinesiologia-santiago\/files\/2021\/09\/Equipo-en-UCI-2.jpg\",\"articleSection\":[\"Noticias\"],\"inLanguage\":\"es\",\"potentialAction\":[{\"@type\":\"CommentAction\",\"name\":\"Comment\",\"target\":[\"https:\/\/medicina.udd.cl\/kinesiologia-santiago\/noticias\/2021\/09\/30\/estudio-realizado-a-263-kinesiologos-muestra-que-194-sufrio-depresion-y-ansiedad-en-pandemia\/#respond\"]}]},{\"@type\":\"WebPage\",\"@id\":\"https:\/\/medicina.udd.cl\/kinesiologia-santiago\/noticias\/2021\/09\/30\/estudio-realizado-a-263-kinesiologos-muestra-que-194-sufrio-depresion-y-ansiedad-en-pandemia\/\",\"url\":\"https:\/\/medicina.udd.cl\/kinesiologia-santiago\/noticias\/2021\/09\/30\/estudio-realizado-a-263-kinesiologos-muestra-que-194-sufrio-depresion-y-ansiedad-en-pandemia\/\",\"name\":\"Estudio UDD muestra salud mental de kinesi\u00f3logos durante la pandemia por covid-19 - Kinesiolog\u00eda\",\"isPartOf\":{\"@id\":\"https:\/\/medicina.udd.cl\/kinesiologia-santiago\/#website\"},\"primaryImageOfPage\":{\"@id\":\"https:\/\/medicina.udd.cl\/kinesiologia-santiago\/noticias\/2021\/09\/30\/estudio-realizado-a-263-kinesiologos-muestra-que-194-sufrio-depresion-y-ansiedad-en-pandemia\/#primaryimage\"},\"image\":{\"@id\":\"https:\/\/medicina.udd.cl\/kinesiologia-santiago\/noticias\/2021\/09\/30\/estudio-realizado-a-263-kinesiologos-muestra-que-194-sufrio-depresion-y-ansiedad-en-pandemia\/#primaryimage\"},\"thumbnailUrl\":\"https:\/\/medicina.udd.cl\/kinesiologia-santiago\/files\/2021\/09\/Equipo-en-UCI-2.jpg\",\"datePublished\":\"2021-09-30T18:12:13+00:00\",\"dateModified\":\"2021-10-04T14:55:57+00:00\",\"author\":{\"@id\":\"https:\/\/medicina.udd.cl\/kinesiologia-santiago\/#\/schema\/person\/dbc3705bf3a93e8be1ba6de0ef950341\"},\"breadcrumb\":{\"@id\":\"https:\/\/medicina.udd.cl\/kinesiologia-santiago\/noticias\/2021\/09\/30\/estudio-realizado-a-263-kinesiologos-muestra-que-194-sufrio-depresion-y-ansiedad-en-pandemia\/#breadcrumb\"},\"inLanguage\":\"es\",\"potentialAction\":[{\"@type\":\"ReadAction\",\"target\":[\"https:\/\/medicina.udd.cl\/kinesiologia-santiago\/noticias\/2021\/09\/30\/estudio-realizado-a-263-kinesiologos-muestra-que-194-sufrio-depresion-y-ansiedad-en-pandemia\/\"]}]},{\"@type\":\"ImageObject\",\"inLanguage\":\"es\",\"@id\":\"https:\/\/medicina.udd.cl\/kinesiologia-santiago\/noticias\/2021\/09\/30\/estudio-realizado-a-263-kinesiologos-muestra-que-194-sufrio-depresion-y-ansiedad-en-pandemia\/#primaryimage\",\"url\":\"https:\/\/medicina.udd.cl\/kinesiologia-santiago\/files\/2021\/09\/Equipo-en-UCI-2.jpg\",\"contentUrl\":\"https:\/\/medicina.udd.cl\/kinesiologia-santiago\/files\/2021\/09\/Equipo-en-UCI-2.jpg\",\"width\":624,\"height\":385},{\"@type\":\"BreadcrumbList\",\"@id\":\"https:\/\/medicina.udd.cl\/kinesiologia-santiago\/noticias\/2021\/09\/30\/estudio-realizado-a-263-kinesiologos-muestra-que-194-sufrio-depresion-y-ansiedad-en-pandemia\/#breadcrumb\",\"itemListElement\":[{\"@type\":\"ListItem\",\"position\":1,\"name\":\"Home\",\"item\":\"https:\/\/medicina.udd.cl\/kinesiologia-santiago\/\"},{\"@type\":\"ListItem\",\"position\":2,\"name\":\"Estudio UDD muestra salud mental de kinesi\u00f3logos durante la pandemia por covid-19\"}]},{\"@type\":\"WebSite\",\"@id\":\"https:\/\/medicina.udd.cl\/kinesiologia-santiago\/#website\",\"url\":\"https:\/\/medicina.udd.cl\/kinesiologia-santiago\/\",\"name\":\"Kinesiolog\u00eda\",\"description\":\"Facultad de Medicina Cl\u00ednica Alemana Universidad del Desarrollo\",\"inLanguage\":\"es\"},{\"@type\":\"Person\",\"@id\":\"https:\/\/medicina.udd.cl\/kinesiologia-santiago\/#\/schema\/person\/dbc3705bf3a93e8be1ba6de0ef950341\",\"name\":\"rbraidy\",\"image\":{\"@type\":\"ImageObject\",\"inLanguage\":\"es\",\"@id\":\"https:\/\/medicina.udd.cl\/kinesiologia-santiago\/#\/schema\/person\/image\/\",\"url\":\"https:\/\/secure.gravatar.com\/avatar\/0f8bc94637401590e45d2ce17eb65c274cb8870a219de6177f3f23e63fd8cdf3?s=96&d=mm&r=g\",\"contentUrl\":\"https:\/\/secure.gravatar.com\/avatar\/0f8bc94637401590e45d2ce17eb65c274cb8870a219de6177f3f23e63fd8cdf3?s=96&d=mm&r=g\",\"caption\":\"rbraidy\"},\"url\":\"https:\/\/medicina.udd.cl\/kinesiologia-santiago\/noticias\/author\/rbraidy\/\"}]}<\/script>\n<!-- \/ Yoast SEO plugin. -->","yoast_head_json":{"title":"Estudio UDD muestra salud mental de kinesi\u00f3logos durante la pandemia por covid-19 - Kinesiolog\u00eda","robots":{"index":"index","follow":"follow","max-snippet":"max-snippet:-1","max-image-preview":"max-image-preview:large","max-video-preview":"max-video-preview:-1"},"canonical":"https:\/\/medicina.udd.cl\/kinesiologia-santiago\/noticias\/2021\/09\/30\/estudio-realizado-a-263-kinesiologos-muestra-que-194-sufrio-depresion-y-ansiedad-en-pandemia\/","og_locale":"es_ES","og_type":"article","og_title":"Estudio UDD muestra salud mental de kinesi\u00f3logos durante la pandemia por covid-19 - Kinesiolog\u00eda","og_description":"La crisis sanitaria de Covid-19, est\u00e1 generando una carga adicional para los profesionales de la salud, quienes tienen que utilizar diferentes estrategias para hacer frente las demandas de esta pandemia. \u00a0En muchos pa\u00edses, los kinesi\u00f3logos est\u00e1n desempe\u00f1ando un papel relevante en la gesti\u00f3n de la rehabilitaci\u00f3n y prevenci\u00f3n de muerte y discapacidad por Covid-19. Producto [&hellip;]","og_url":"https:\/\/medicina.udd.cl\/kinesiologia-santiago\/noticias\/2021\/09\/30\/estudio-realizado-a-263-kinesiologos-muestra-que-194-sufrio-depresion-y-ansiedad-en-pandemia\/","og_site_name":"Kinesiolog\u00eda","article_published_time":"2021-09-30T18:12:13+00:00","article_modified_time":"2021-10-04T14:55:57+00:00","og_image":[{"width":624,"height":385,"url":"https:\/\/medicina.udd.cl\/kinesiologia-santiago\/files\/2021\/09\/Equipo-en-UCI-2.jpg","type":"image\/jpeg"}],"author":"rbraidy","twitter_misc":{"Escrito por":"rbraidy","Tiempo de lectura":"5 minutos"},"schema":{"@context":"https:\/\/schema.org","@graph":[{"@type":"Article","@id":"https:\/\/medicina.udd.cl\/kinesiologia-santiago\/noticias\/2021\/09\/30\/estudio-realizado-a-263-kinesiologos-muestra-que-194-sufrio-depresion-y-ansiedad-en-pandemia\/#article","isPartOf":{"@id":"https:\/\/medicina.udd.cl\/kinesiologia-santiago\/noticias\/2021\/09\/30\/estudio-realizado-a-263-kinesiologos-muestra-que-194-sufrio-depresion-y-ansiedad-en-pandemia\/"},"author":{"name":"rbraidy","@id":"https:\/\/medicina.udd.cl\/kinesiologia-santiago\/#\/schema\/person\/dbc3705bf3a93e8be1ba6de0ef950341"},"headline":"Estudio UDD muestra salud mental de kinesi\u00f3logos durante la pandemia por covid-19","datePublished":"2021-09-30T18:12:13+00:00","dateModified":"2021-10-04T14:55:57+00:00","mainEntityOfPage":{"@id":"https:\/\/medicina.udd.cl\/kinesiologia-santiago\/noticias\/2021\/09\/30\/estudio-realizado-a-263-kinesiologos-muestra-que-194-sufrio-depresion-y-ansiedad-en-pandemia\/"},"wordCount":932,"commentCount":0,"image":{"@id":"https:\/\/medicina.udd.cl\/kinesiologia-santiago\/noticias\/2021\/09\/30\/estudio-realizado-a-263-kinesiologos-muestra-que-194-sufrio-depresion-y-ansiedad-en-pandemia\/#primaryimage"},"thumbnailUrl":"https:\/\/medicina.udd.cl\/kinesiologia-santiago\/files\/2021\/09\/Equipo-en-UCI-2.jpg","articleSection":["Noticias"],"inLanguage":"es","potentialAction":[{"@type":"CommentAction","name":"Comment","target":["https:\/\/medicina.udd.cl\/kinesiologia-santiago\/noticias\/2021\/09\/30\/estudio-realizado-a-263-kinesiologos-muestra-que-194-sufrio-depresion-y-ansiedad-en-pandemia\/#respond"]}]},{"@type":"WebPage","@id":"https:\/\/medicina.udd.cl\/kinesiologia-santiago\/noticias\/2021\/09\/30\/estudio-realizado-a-263-kinesiologos-muestra-que-194-sufrio-depresion-y-ansiedad-en-pandemia\/","url":"https:\/\/medicina.udd.cl\/kinesiologia-santiago\/noticias\/2021\/09\/30\/estudio-realizado-a-263-kinesiologos-muestra-que-194-sufrio-depresion-y-ansiedad-en-pandemia\/","name":"Estudio UDD muestra salud mental de kinesi\u00f3logos durante la pandemia por covid-19 - Kinesiolog\u00eda","isPartOf":{"@id":"https:\/\/medicina.udd.cl\/kinesiologia-santiago\/#website"},"primaryImageOfPage":{"@id":"https:\/\/medicina.udd.cl\/kinesiologia-santiago\/noticias\/2021\/09\/30\/estudio-realizado-a-263-kinesiologos-muestra-que-194-sufrio-depresion-y-ansiedad-en-pandemia\/#primaryimage"},"image":{"@id":"https:\/\/medicina.udd.cl\/kinesiologia-santiago\/noticias\/2021\/09\/30\/estudio-realizado-a-263-kinesiologos-muestra-que-194-sufrio-depresion-y-ansiedad-en-pandemia\/#primaryimage"},"thumbnailUrl":"https:\/\/medicina.udd.cl\/kinesiologia-santiago\/files\/2021\/09\/Equipo-en-UCI-2.jpg","datePublished":"2021-09-30T18:12:13+00:00","dateModified":"2021-10-04T14:55:57+00:00","author":{"@id":"https:\/\/medicina.udd.cl\/kinesiologia-santiago\/#\/schema\/person\/dbc3705bf3a93e8be1ba6de0ef950341"},"breadcrumb":{"@id":"https:\/\/medicina.udd.cl\/kinesiologia-santiago\/noticias\/2021\/09\/30\/estudio-realizado-a-263-kinesiologos-muestra-que-194-sufrio-depresion-y-ansiedad-en-pandemia\/#breadcrumb"},"inLanguage":"es","potentialAction":[{"@type":"ReadAction","target":["https:\/\/medicina.udd.cl\/kinesiologia-santiago\/noticias\/2021\/09\/30\/estudio-realizado-a-263-kinesiologos-muestra-que-194-sufrio-depresion-y-ansiedad-en-pandemia\/"]}]},{"@type":"ImageObject","inLanguage":"es","@id":"https:\/\/medicina.udd.cl\/kinesiologia-santiago\/noticias\/2021\/09\/30\/estudio-realizado-a-263-kinesiologos-muestra-que-194-sufrio-depresion-y-ansiedad-en-pandemia\/#primaryimage","url":"https:\/\/medicina.udd.cl\/kinesiologia-santiago\/files\/2021\/09\/Equipo-en-UCI-2.jpg","contentUrl":"https:\/\/medicina.udd.cl\/kinesiologia-santiago\/files\/2021\/09\/Equipo-en-UCI-2.jpg","width":624,"height":385},{"@type":"BreadcrumbList","@id":"https:\/\/medicina.udd.cl\/kinesiologia-santiago\/noticias\/2021\/09\/30\/estudio-realizado-a-263-kinesiologos-muestra-que-194-sufrio-depresion-y-ansiedad-en-pandemia\/#breadcrumb","itemListElement":[{"@type":"ListItem","position":1,"name":"Home","item":"https:\/\/medicina.udd.cl\/kinesiologia-santiago\/"},{"@type":"ListItem","position":2,"name":"Estudio UDD muestra salud mental de kinesi\u00f3logos durante la pandemia por covid-19"}]},{"@type":"WebSite","@id":"https:\/\/medicina.udd.cl\/kinesiologia-santiago\/#website","url":"https:\/\/medicina.udd.cl\/kinesiologia-santiago\/","name":"Kinesiolog\u00eda","description":"Facultad de Medicina Cl\u00ednica Alemana Universidad del Desarrollo","inLanguage":"es"},{"@type":"Person","@id":"https:\/\/medicina.udd.cl\/kinesiologia-santiago\/#\/schema\/person\/dbc3705bf3a93e8be1ba6de0ef950341","name":"rbraidy","image":{"@type":"ImageObject","inLanguage":"es","@id":"https:\/\/medicina.udd.cl\/kinesiologia-santiago\/#\/schema\/person\/image\/","url":"https:\/\/secure.gravatar.com\/avatar\/0f8bc94637401590e45d2ce17eb65c274cb8870a219de6177f3f23e63fd8cdf3?s=96&d=mm&r=g","contentUrl":"https:\/\/secure.gravatar.com\/avatar\/0f8bc94637401590e45d2ce17eb65c274cb8870a219de6177f3f23e63fd8cdf3?s=96&d=mm&r=g","caption":"rbraidy"},"url":"https:\/\/medicina.udd.cl\/kinesiologia-santiago\/noticias\/author\/rbraidy\/"}]}},"featured_image_url":"https:\/\/medicina.udd.cl\/kinesiologia-santiago\/files\/2021\/09\/Equipo-en-UCI-2.jpg","_links":{"self":[{"href":"https:\/\/medicina.udd.cl\/kinesiologia-santiago\/wp-json\/wp\/v2\/posts\/5184","targetHints":{"allow":["GET"]}}],"collection":[{"href":"https:\/\/medicina.udd.cl\/kinesiologia-santiago\/wp-json\/wp\/v2\/posts"}],"about":[{"href":"https:\/\/medicina.udd.cl\/kinesiologia-santiago\/wp-json\/wp\/v2\/types\/post"}],"author":[{"embeddable":true,"href":"https:\/\/medicina.udd.cl\/kinesiologia-santiago\/wp-json\/wp\/v2\/users\/9192219"}],"replies":[{"embeddable":true,"href":"https:\/\/medicina.udd.cl\/kinesiologia-santiago\/wp-json\/wp\/v2\/comments?post=5184"}],"version-history":[{"count":10,"href":"https:\/\/medicina.udd.cl\/kinesiologia-santiago\/wp-json\/wp\/v2\/posts\/5184\/revisions"}],"predecessor-version":[{"id":5199,"href":"https:\/\/medicina.udd.cl\/kinesiologia-santiago\/wp-json\/wp\/v2\/posts\/5184\/revisions\/5199"}],"wp:featuredmedia":[{"embeddable":true,"href":"https:\/\/medicina.udd.cl\/kinesiologia-santiago\/wp-json\/wp\/v2\/media\/5185"}],"wp:attachment":[{"href":"https:\/\/medicina.udd.cl\/kinesiologia-santiago\/wp-json\/wp\/v2\/media?parent=5184"}],"wp:term":[{"taxonomy":"category","embeddable":true,"href":"https:\/\/medicina.udd.cl\/kinesiologia-santiago\/wp-json\/wp\/v2\/categories?post=5184"},{"taxonomy":"post_tag","embeddable":true,"href":"https:\/\/medicina.udd.cl\/kinesiologia-santiago\/wp-json\/wp\/v2\/tags?post=5184"}],"curies":[{"name":"wp","href":"https:\/\/api.w.org\/{rel}","templated":true}]}}