{"id":5238,"date":"2021-10-26T12:21:00","date_gmt":"2021-10-26T15:21:00","guid":{"rendered":"https:\/\/medicina.udd.cl\/kinesiologia-santiago\/?p=5238"},"modified":"2021-10-27T12:23:35","modified_gmt":"2021-10-27T15:23:35","slug":"estudio-identifica-eventos-adversos-de-posicionamiento-en-prono-determinantes-en-sobrevivientes-con-falla-respiratoria-aguda","status":"publish","type":"post","link":"https:\/\/medicina.udd.cl\/kinesiologia-santiago\/noticias\/2021\/10\/26\/estudio-identifica-eventos-adversos-de-posicionamiento-en-prono-determinantes-en-sobrevivientes-con-falla-respiratoria-aguda\/","title":{"rendered":"Estudio identifica eventos adversos de posicionamiento en prono determinantes en sobrevivientes con falla respiratoria aguda"},"content":{"rendered":"\n<div class=\"wp-block-image\"><figure class=\"alignright size-large is-resized\"><img loading=\"lazy\" decoding=\"async\" src=\"https:\/\/medicina.udd.cl\/kinesiologia-santiago\/files\/2021\/10\/prono-1024x575.jpg\" alt=\"\" class=\"wp-image-5239\" width=\"512\" height=\"288\" srcset=\"https:\/\/medicina.udd.cl\/kinesiologia-santiago\/files\/2021\/10\/prono-1024x575.jpg 1024w, https:\/\/medicina.udd.cl\/kinesiologia-santiago\/files\/2021\/10\/prono-300x169.jpg 300w, https:\/\/medicina.udd.cl\/kinesiologia-santiago\/files\/2021\/10\/prono-768x432.jpg 768w, https:\/\/medicina.udd.cl\/kinesiologia-santiago\/files\/2021\/10\/prono-1536x863.jpg 1536w, https:\/\/medicina.udd.cl\/kinesiologia-santiago\/files\/2021\/10\/prono-1366x768.jpg 1366w, https:\/\/medicina.udd.cl\/kinesiologia-santiago\/files\/2021\/10\/prono-952x534.jpg 952w, https:\/\/medicina.udd.cl\/kinesiologia-santiago\/files\/2021\/10\/prono-680x382.jpg 680w, https:\/\/medicina.udd.cl\/kinesiologia-santiago\/files\/2021\/10\/prono.jpg 1600w\" sizes=\"auto, (max-width: 512px) 100vw, 512px\" \/><\/figure><\/div>\n\n\n\n<p>El s\u00edndrome de dificultad respiratoria aguda tiene una tasa de mortalidad que var\u00eda entre un 20% y un 48%, donde los pacientes sobrevivientes suelen experimentar deficiencias f\u00edsicas, cognitivas y mentales a largo plazo. Durante la pandemia, el aumento del uso del posicionamiento en prono (paciente boca abajo) para tratar a pacientes con falla respiratoria aguda con ventilaci\u00f3n mec\u00e1nica ha sido una realidad.<\/p>\n\n\n\n<p>En este contexto y como una necesidad emergente y prioritaria, un grupo de acad\u00e9micos y egresados del Mag\u00edster en Terapia F\u00edsica y Rehabilitaci\u00f3n (MAKI) de la Universidad del Desarrollo, realizaron un estudio sobre eventos adversos del posicionamiento en prono en adultos con ventilaci\u00f3n mec\u00e1nica, con s\u00edndrome de dificultad respiratoria aguda.<\/p>\n\n\n\n<p>\u201cAunque estudios anteriores apoyan una reducci\u00f3n significativa en la mortalidad de pacientes con falla respiratoria aguda tratados en posici\u00f3n prono, la frecuencia de eventos adversos debe considerarse cuidadosamente durante el proceso de toma de decisiones. Considerando la situaci\u00f3n actual, las complicaciones derivadas del uso del posicionamiento en prono de pacientes sedados en etapas agudas, podr\u00edan ser mayores que antes de la pandemia, sobre todo en UCIs con menor experiencia\u201d, se\u00f1alan los l\u00edderes del estudio Juan Jos\u00e9 Pinto-Concha, Nadine Aranis, Jaime Leppe y Felipe Gonz\u00e1lez-Seguel.<\/p>\n\n\n\n<p>Con el objetivo de recopilar estrategias y recomendaciones, para mitigar los eventos adversos durante la implementaci\u00f3n de dicha posici\u00f3n, los investigadores UDD revisaron todos los eventos adversos reportados en estudios cl\u00ednicos desde el 2013 -que tambi\u00e9n incluy\u00f3 estudios COVID-19-, identificando eventos adversos que est\u00e1n pobremente estudiados, pero que son determinantes para la calidad de vida de los sobrevivientes de falla respiratoria aguda.<\/p>\n\n\n\n<p>Seg\u00fan explican, se identificaron m\u00e1s de 40 diferentes eventos adversos, siendo algunas de las tasas de ocurrencia m\u00e1s altas la desaturaci\u00f3n severa (38%), barotrauma (31%), \u00falceras por presi\u00f3n (30%), neumon\u00eda asociada a la ventilaci\u00f3n (28%), edema facial (17%), arritmias (15%), hipotensi\u00f3n (10%) y lesiones de nervios perif\u00e9ricos (8%).<\/p>\n\n\n\n<p>Asimismo, los autores destacan la presencia de complicaciones neuromusculoesquel\u00e9ticas, identific\u00e1ndose solo siete en estudios retrospectivos: dolor lumbar (9%), lesiones de nervios perif\u00e9ricos en general (8%), incluyendo nervio ulnar (7%), nervio radial (4%), nervio ci\u00e1tico (4%), nervio mediano (2%) y plexo braquial (2%). La meralgia parest\u00e9sica y la par\u00e1lisis de nervios craneales inferiores, solo fueron identificadas en reportes de casos.<\/p>\n\n\n\n<p>Las estrategias de mitigaci\u00f3n informadas durante el posicionamiento en prono, incluyeron la rotaci\u00f3n facial alternada, reposicionamiento cada 2 horas y el uso de almohadas debajo del pecho y la pelvis; mientras que las estrategias de mitigaci\u00f3n para realizar dicha maniobra comprendieron una persona en la cabecera, el uso de una lista de verificaci\u00f3n de seguridad previa a la maniobra, el monitoreo de signos vitales y garantizar ajustes adecuados del ventilador mec\u00e1nico. Cabe destacar que, ning\u00fan documento report\u00f3 la movilizaci\u00f3n temprana como una estrategia de mitigaci\u00f3n de complicaciones del posicionamiento en prono.<\/p>\n\n\n\n<p>Las tasas de ocurrencia de eventos adversos identificadas en esta revisi\u00f3n, podr\u00edan servir para orientar las decisiones de investigaci\u00f3n y pr\u00e1ctica cl\u00ednica, especialmente para los equipos de UCI con poca o nula experiencia en el manejo de pacientes que requieren posicionamiento en prono. &nbsp;<\/p>\n\n\n\n<p>Revisa aqu\u00ed la publicaci\u00f3n:&nbsp;<a href=\"https:\/\/pubmed.ncbi.nlm.nih.gov\/34301802\/\">https:\/\/pubmed.ncbi.nlm.nih.gov\/34301802\/<\/a><\/p>\n","protected":false},"excerpt":{"rendered":"<p>El s\u00edndrome de dificultad respiratoria aguda tiene una tasa de mortalidad que var\u00eda entre un 20% y un 48%, donde los pacientes sobrevivientes suelen experimentar deficiencias f\u00edsicas, cognitivas y mentales a largo plazo. Durante la pandemia, el aumento del uso del posicionamiento en prono (paciente boca abajo) para tratar a pacientes con falla respiratoria aguda [&hellip;]<\/p>\n","protected":false},"author":9192219,"featured_media":5239,"comment_status":"open","ping_status":"open","sticky":false,"template":"","format":"standard","meta":{"footnotes":""},"categories":[4],"tags":[],"class_list":["post-5238","post","type-post","status-publish","format-standard","has-post-thumbnail","hentry","category-noticias"],"yoast_head":"<!-- This site is optimized with the Yoast SEO plugin v26.9 - https:\/\/yoast.com\/product\/yoast-seo-wordpress\/ -->\n<title>Estudio identifica eventos adversos de posicionamiento en prono determinantes en sobrevivientes con falla respiratoria aguda - Kinesiolog\u00eda<\/title>\n<meta name=\"robots\" content=\"index, follow, max-snippet:-1, max-image-preview:large, max-video-preview:-1\" \/>\n<link rel=\"canonical\" href=\"https:\/\/medicina.udd.cl\/kinesiologia-santiago\/noticias\/2021\/10\/26\/estudio-identifica-eventos-adversos-de-posicionamiento-en-prono-determinantes-en-sobrevivientes-con-falla-respiratoria-aguda\/\" \/>\n<meta property=\"og:locale\" content=\"es_ES\" \/>\n<meta property=\"og:type\" content=\"article\" \/>\n<meta property=\"og:title\" content=\"Estudio identifica eventos adversos de posicionamiento en prono determinantes en sobrevivientes con falla respiratoria aguda - Kinesiolog\u00eda\" \/>\n<meta property=\"og:description\" content=\"El s\u00edndrome de dificultad respiratoria aguda tiene una tasa de mortalidad que var\u00eda entre un 20% y un 48%, donde los pacientes sobrevivientes suelen experimentar deficiencias f\u00edsicas, cognitivas y mentales a largo plazo. Durante la pandemia, el aumento del uso del posicionamiento en prono (paciente boca abajo) para tratar a pacientes con falla respiratoria aguda [&hellip;]\" \/>\n<meta property=\"og:url\" content=\"https:\/\/medicina.udd.cl\/kinesiologia-santiago\/noticias\/2021\/10\/26\/estudio-identifica-eventos-adversos-de-posicionamiento-en-prono-determinantes-en-sobrevivientes-con-falla-respiratoria-aguda\/\" \/>\n<meta property=\"og:site_name\" content=\"Kinesiolog\u00eda\" \/>\n<meta property=\"article:published_time\" content=\"2021-10-26T15:21:00+00:00\" \/>\n<meta property=\"article:modified_time\" content=\"2021-10-27T15:23:35+00:00\" \/>\n<meta property=\"og:image\" content=\"https:\/\/medicina.udd.cl\/kinesiologia-santiago\/files\/2021\/10\/prono.jpg\" \/>\n\t<meta property=\"og:image:width\" content=\"1600\" \/>\n\t<meta property=\"og:image:height\" content=\"899\" \/>\n\t<meta property=\"og:image:type\" content=\"image\/jpeg\" \/>\n<meta name=\"author\" content=\"rbraidy\" \/>\n<meta name=\"twitter:label1\" content=\"Escrito por\" \/>\n\t<meta name=\"twitter:data1\" content=\"rbraidy\" \/>\n\t<meta name=\"twitter:label2\" content=\"Tiempo de lectura\" \/>\n\t<meta name=\"twitter:data2\" content=\"3 minutos\" \/>\n<script type=\"application\/ld+json\" class=\"yoast-schema-graph\">{\"@context\":\"https:\/\/schema.org\",\"@graph\":[{\"@type\":\"Article\",\"@id\":\"https:\/\/medicina.udd.cl\/kinesiologia-santiago\/noticias\/2021\/10\/26\/estudio-identifica-eventos-adversos-de-posicionamiento-en-prono-determinantes-en-sobrevivientes-con-falla-respiratoria-aguda\/#article\",\"isPartOf\":{\"@id\":\"https:\/\/medicina.udd.cl\/kinesiologia-santiago\/noticias\/2021\/10\/26\/estudio-identifica-eventos-adversos-de-posicionamiento-en-prono-determinantes-en-sobrevivientes-con-falla-respiratoria-aguda\/\"},\"author\":{\"name\":\"rbraidy\",\"@id\":\"https:\/\/medicina.udd.cl\/kinesiologia-santiago\/#\/schema\/person\/dbc3705bf3a93e8be1ba6de0ef950341\"},\"headline\":\"Estudio identifica eventos adversos de posicionamiento en prono determinantes en sobrevivientes con falla respiratoria aguda\",\"datePublished\":\"2021-10-26T15:21:00+00:00\",\"dateModified\":\"2021-10-27T15:23:35+00:00\",\"mainEntityOfPage\":{\"@id\":\"https:\/\/medicina.udd.cl\/kinesiologia-santiago\/noticias\/2021\/10\/26\/estudio-identifica-eventos-adversos-de-posicionamiento-en-prono-determinantes-en-sobrevivientes-con-falla-respiratoria-aguda\/\"},\"wordCount\":560,\"commentCount\":0,\"image\":{\"@id\":\"https:\/\/medicina.udd.cl\/kinesiologia-santiago\/noticias\/2021\/10\/26\/estudio-identifica-eventos-adversos-de-posicionamiento-en-prono-determinantes-en-sobrevivientes-con-falla-respiratoria-aguda\/#primaryimage\"},\"thumbnailUrl\":\"https:\/\/medicina.udd.cl\/kinesiologia-santiago\/files\/2021\/10\/prono.jpg\",\"articleSection\":[\"Noticias\"],\"inLanguage\":\"es\",\"potentialAction\":[{\"@type\":\"CommentAction\",\"name\":\"Comment\",\"target\":[\"https:\/\/medicina.udd.cl\/kinesiologia-santiago\/noticias\/2021\/10\/26\/estudio-identifica-eventos-adversos-de-posicionamiento-en-prono-determinantes-en-sobrevivientes-con-falla-respiratoria-aguda\/#respond\"]}]},{\"@type\":\"WebPage\",\"@id\":\"https:\/\/medicina.udd.cl\/kinesiologia-santiago\/noticias\/2021\/10\/26\/estudio-identifica-eventos-adversos-de-posicionamiento-en-prono-determinantes-en-sobrevivientes-con-falla-respiratoria-aguda\/\",\"url\":\"https:\/\/medicina.udd.cl\/kinesiologia-santiago\/noticias\/2021\/10\/26\/estudio-identifica-eventos-adversos-de-posicionamiento-en-prono-determinantes-en-sobrevivientes-con-falla-respiratoria-aguda\/\",\"name\":\"Estudio identifica eventos adversos de posicionamiento en prono determinantes en sobrevivientes con falla respiratoria aguda - Kinesiolog\u00eda\",\"isPartOf\":{\"@id\":\"https:\/\/medicina.udd.cl\/kinesiologia-santiago\/#website\"},\"primaryImageOfPage\":{\"@id\":\"https:\/\/medicina.udd.cl\/kinesiologia-santiago\/noticias\/2021\/10\/26\/estudio-identifica-eventos-adversos-de-posicionamiento-en-prono-determinantes-en-sobrevivientes-con-falla-respiratoria-aguda\/#primaryimage\"},\"image\":{\"@id\":\"https:\/\/medicina.udd.cl\/kinesiologia-santiago\/noticias\/2021\/10\/26\/estudio-identifica-eventos-adversos-de-posicionamiento-en-prono-determinantes-en-sobrevivientes-con-falla-respiratoria-aguda\/#primaryimage\"},\"thumbnailUrl\":\"https:\/\/medicina.udd.cl\/kinesiologia-santiago\/files\/2021\/10\/prono.jpg\",\"datePublished\":\"2021-10-26T15:21:00+00:00\",\"dateModified\":\"2021-10-27T15:23:35+00:00\",\"author\":{\"@id\":\"https:\/\/medicina.udd.cl\/kinesiologia-santiago\/#\/schema\/person\/dbc3705bf3a93e8be1ba6de0ef950341\"},\"breadcrumb\":{\"@id\":\"https:\/\/medicina.udd.cl\/kinesiologia-santiago\/noticias\/2021\/10\/26\/estudio-identifica-eventos-adversos-de-posicionamiento-en-prono-determinantes-en-sobrevivientes-con-falla-respiratoria-aguda\/#breadcrumb\"},\"inLanguage\":\"es\",\"potentialAction\":[{\"@type\":\"ReadAction\",\"target\":[\"https:\/\/medicina.udd.cl\/kinesiologia-santiago\/noticias\/2021\/10\/26\/estudio-identifica-eventos-adversos-de-posicionamiento-en-prono-determinantes-en-sobrevivientes-con-falla-respiratoria-aguda\/\"]}]},{\"@type\":\"ImageObject\",\"inLanguage\":\"es\",\"@id\":\"https:\/\/medicina.udd.cl\/kinesiologia-santiago\/noticias\/2021\/10\/26\/estudio-identifica-eventos-adversos-de-posicionamiento-en-prono-determinantes-en-sobrevivientes-con-falla-respiratoria-aguda\/#primaryimage\",\"url\":\"https:\/\/medicina.udd.cl\/kinesiologia-santiago\/files\/2021\/10\/prono.jpg\",\"contentUrl\":\"https:\/\/medicina.udd.cl\/kinesiologia-santiago\/files\/2021\/10\/prono.jpg\",\"width\":1600,\"height\":899},{\"@type\":\"BreadcrumbList\",\"@id\":\"https:\/\/medicina.udd.cl\/kinesiologia-santiago\/noticias\/2021\/10\/26\/estudio-identifica-eventos-adversos-de-posicionamiento-en-prono-determinantes-en-sobrevivientes-con-falla-respiratoria-aguda\/#breadcrumb\",\"itemListElement\":[{\"@type\":\"ListItem\",\"position\":1,\"name\":\"Home\",\"item\":\"https:\/\/medicina.udd.cl\/kinesiologia-santiago\/\"},{\"@type\":\"ListItem\",\"position\":2,\"name\":\"Estudio identifica eventos adversos de posicionamiento en prono determinantes en sobrevivientes con falla respiratoria aguda\"}]},{\"@type\":\"WebSite\",\"@id\":\"https:\/\/medicina.udd.cl\/kinesiologia-santiago\/#website\",\"url\":\"https:\/\/medicina.udd.cl\/kinesiologia-santiago\/\",\"name\":\"Kinesiolog\u00eda\",\"description\":\"Facultad de Medicina Cl\u00ednica Alemana Universidad del Desarrollo\",\"inLanguage\":\"es\"},{\"@type\":\"Person\",\"@id\":\"https:\/\/medicina.udd.cl\/kinesiologia-santiago\/#\/schema\/person\/dbc3705bf3a93e8be1ba6de0ef950341\",\"name\":\"rbraidy\",\"image\":{\"@type\":\"ImageObject\",\"inLanguage\":\"es\",\"@id\":\"https:\/\/medicina.udd.cl\/kinesiologia-santiago\/#\/schema\/person\/image\/\",\"url\":\"https:\/\/secure.gravatar.com\/avatar\/0f8bc94637401590e45d2ce17eb65c274cb8870a219de6177f3f23e63fd8cdf3?s=96&d=mm&r=g\",\"contentUrl\":\"https:\/\/secure.gravatar.com\/avatar\/0f8bc94637401590e45d2ce17eb65c274cb8870a219de6177f3f23e63fd8cdf3?s=96&d=mm&r=g\",\"caption\":\"rbraidy\"},\"url\":\"https:\/\/medicina.udd.cl\/kinesiologia-santiago\/noticias\/author\/rbraidy\/\"}]}<\/script>\n<!-- \/ Yoast SEO plugin. -->","yoast_head_json":{"title":"Estudio identifica eventos adversos de posicionamiento en prono determinantes en sobrevivientes con falla respiratoria aguda - Kinesiolog\u00eda","robots":{"index":"index","follow":"follow","max-snippet":"max-snippet:-1","max-image-preview":"max-image-preview:large","max-video-preview":"max-video-preview:-1"},"canonical":"https:\/\/medicina.udd.cl\/kinesiologia-santiago\/noticias\/2021\/10\/26\/estudio-identifica-eventos-adversos-de-posicionamiento-en-prono-determinantes-en-sobrevivientes-con-falla-respiratoria-aguda\/","og_locale":"es_ES","og_type":"article","og_title":"Estudio identifica eventos adversos de posicionamiento en prono determinantes en sobrevivientes con falla respiratoria aguda - Kinesiolog\u00eda","og_description":"El s\u00edndrome de dificultad respiratoria aguda tiene una tasa de mortalidad que var\u00eda entre un 20% y un 48%, donde los pacientes sobrevivientes suelen experimentar deficiencias f\u00edsicas, cognitivas y mentales a largo plazo. Durante la pandemia, el aumento del uso del posicionamiento en prono (paciente boca abajo) para tratar a pacientes con falla respiratoria aguda [&hellip;]","og_url":"https:\/\/medicina.udd.cl\/kinesiologia-santiago\/noticias\/2021\/10\/26\/estudio-identifica-eventos-adversos-de-posicionamiento-en-prono-determinantes-en-sobrevivientes-con-falla-respiratoria-aguda\/","og_site_name":"Kinesiolog\u00eda","article_published_time":"2021-10-26T15:21:00+00:00","article_modified_time":"2021-10-27T15:23:35+00:00","og_image":[{"width":1600,"height":899,"url":"https:\/\/medicina.udd.cl\/kinesiologia-santiago\/files\/2021\/10\/prono.jpg","type":"image\/jpeg"}],"author":"rbraidy","twitter_misc":{"Escrito por":"rbraidy","Tiempo de lectura":"3 minutos"},"schema":{"@context":"https:\/\/schema.org","@graph":[{"@type":"Article","@id":"https:\/\/medicina.udd.cl\/kinesiologia-santiago\/noticias\/2021\/10\/26\/estudio-identifica-eventos-adversos-de-posicionamiento-en-prono-determinantes-en-sobrevivientes-con-falla-respiratoria-aguda\/#article","isPartOf":{"@id":"https:\/\/medicina.udd.cl\/kinesiologia-santiago\/noticias\/2021\/10\/26\/estudio-identifica-eventos-adversos-de-posicionamiento-en-prono-determinantes-en-sobrevivientes-con-falla-respiratoria-aguda\/"},"author":{"name":"rbraidy","@id":"https:\/\/medicina.udd.cl\/kinesiologia-santiago\/#\/schema\/person\/dbc3705bf3a93e8be1ba6de0ef950341"},"headline":"Estudio identifica eventos adversos de posicionamiento en prono determinantes en sobrevivientes con falla respiratoria aguda","datePublished":"2021-10-26T15:21:00+00:00","dateModified":"2021-10-27T15:23:35+00:00","mainEntityOfPage":{"@id":"https:\/\/medicina.udd.cl\/kinesiologia-santiago\/noticias\/2021\/10\/26\/estudio-identifica-eventos-adversos-de-posicionamiento-en-prono-determinantes-en-sobrevivientes-con-falla-respiratoria-aguda\/"},"wordCount":560,"commentCount":0,"image":{"@id":"https:\/\/medicina.udd.cl\/kinesiologia-santiago\/noticias\/2021\/10\/26\/estudio-identifica-eventos-adversos-de-posicionamiento-en-prono-determinantes-en-sobrevivientes-con-falla-respiratoria-aguda\/#primaryimage"},"thumbnailUrl":"https:\/\/medicina.udd.cl\/kinesiologia-santiago\/files\/2021\/10\/prono.jpg","articleSection":["Noticias"],"inLanguage":"es","potentialAction":[{"@type":"CommentAction","name":"Comment","target":["https:\/\/medicina.udd.cl\/kinesiologia-santiago\/noticias\/2021\/10\/26\/estudio-identifica-eventos-adversos-de-posicionamiento-en-prono-determinantes-en-sobrevivientes-con-falla-respiratoria-aguda\/#respond"]}]},{"@type":"WebPage","@id":"https:\/\/medicina.udd.cl\/kinesiologia-santiago\/noticias\/2021\/10\/26\/estudio-identifica-eventos-adversos-de-posicionamiento-en-prono-determinantes-en-sobrevivientes-con-falla-respiratoria-aguda\/","url":"https:\/\/medicina.udd.cl\/kinesiologia-santiago\/noticias\/2021\/10\/26\/estudio-identifica-eventos-adversos-de-posicionamiento-en-prono-determinantes-en-sobrevivientes-con-falla-respiratoria-aguda\/","name":"Estudio identifica eventos adversos de posicionamiento en prono determinantes en sobrevivientes con falla respiratoria aguda - Kinesiolog\u00eda","isPartOf":{"@id":"https:\/\/medicina.udd.cl\/kinesiologia-santiago\/#website"},"primaryImageOfPage":{"@id":"https:\/\/medicina.udd.cl\/kinesiologia-santiago\/noticias\/2021\/10\/26\/estudio-identifica-eventos-adversos-de-posicionamiento-en-prono-determinantes-en-sobrevivientes-con-falla-respiratoria-aguda\/#primaryimage"},"image":{"@id":"https:\/\/medicina.udd.cl\/kinesiologia-santiago\/noticias\/2021\/10\/26\/estudio-identifica-eventos-adversos-de-posicionamiento-en-prono-determinantes-en-sobrevivientes-con-falla-respiratoria-aguda\/#primaryimage"},"thumbnailUrl":"https:\/\/medicina.udd.cl\/kinesiologia-santiago\/files\/2021\/10\/prono.jpg","datePublished":"2021-10-26T15:21:00+00:00","dateModified":"2021-10-27T15:23:35+00:00","author":{"@id":"https:\/\/medicina.udd.cl\/kinesiologia-santiago\/#\/schema\/person\/dbc3705bf3a93e8be1ba6de0ef950341"},"breadcrumb":{"@id":"https:\/\/medicina.udd.cl\/kinesiologia-santiago\/noticias\/2021\/10\/26\/estudio-identifica-eventos-adversos-de-posicionamiento-en-prono-determinantes-en-sobrevivientes-con-falla-respiratoria-aguda\/#breadcrumb"},"inLanguage":"es","potentialAction":[{"@type":"ReadAction","target":["https:\/\/medicina.udd.cl\/kinesiologia-santiago\/noticias\/2021\/10\/26\/estudio-identifica-eventos-adversos-de-posicionamiento-en-prono-determinantes-en-sobrevivientes-con-falla-respiratoria-aguda\/"]}]},{"@type":"ImageObject","inLanguage":"es","@id":"https:\/\/medicina.udd.cl\/kinesiologia-santiago\/noticias\/2021\/10\/26\/estudio-identifica-eventos-adversos-de-posicionamiento-en-prono-determinantes-en-sobrevivientes-con-falla-respiratoria-aguda\/#primaryimage","url":"https:\/\/medicina.udd.cl\/kinesiologia-santiago\/files\/2021\/10\/prono.jpg","contentUrl":"https:\/\/medicina.udd.cl\/kinesiologia-santiago\/files\/2021\/10\/prono.jpg","width":1600,"height":899},{"@type":"BreadcrumbList","@id":"https:\/\/medicina.udd.cl\/kinesiologia-santiago\/noticias\/2021\/10\/26\/estudio-identifica-eventos-adversos-de-posicionamiento-en-prono-determinantes-en-sobrevivientes-con-falla-respiratoria-aguda\/#breadcrumb","itemListElement":[{"@type":"ListItem","position":1,"name":"Home","item":"https:\/\/medicina.udd.cl\/kinesiologia-santiago\/"},{"@type":"ListItem","position":2,"name":"Estudio identifica eventos adversos de posicionamiento en prono determinantes en sobrevivientes con falla respiratoria aguda"}]},{"@type":"WebSite","@id":"https:\/\/medicina.udd.cl\/kinesiologia-santiago\/#website","url":"https:\/\/medicina.udd.cl\/kinesiologia-santiago\/","name":"Kinesiolog\u00eda","description":"Facultad de Medicina Cl\u00ednica Alemana Universidad del Desarrollo","inLanguage":"es"},{"@type":"Person","@id":"https:\/\/medicina.udd.cl\/kinesiologia-santiago\/#\/schema\/person\/dbc3705bf3a93e8be1ba6de0ef950341","name":"rbraidy","image":{"@type":"ImageObject","inLanguage":"es","@id":"https:\/\/medicina.udd.cl\/kinesiologia-santiago\/#\/schema\/person\/image\/","url":"https:\/\/secure.gravatar.com\/avatar\/0f8bc94637401590e45d2ce17eb65c274cb8870a219de6177f3f23e63fd8cdf3?s=96&d=mm&r=g","contentUrl":"https:\/\/secure.gravatar.com\/avatar\/0f8bc94637401590e45d2ce17eb65c274cb8870a219de6177f3f23e63fd8cdf3?s=96&d=mm&r=g","caption":"rbraidy"},"url":"https:\/\/medicina.udd.cl\/kinesiologia-santiago\/noticias\/author\/rbraidy\/"}]}},"featured_image_url":"https:\/\/medicina.udd.cl\/kinesiologia-santiago\/files\/2021\/10\/prono.jpg","_links":{"self":[{"href":"https:\/\/medicina.udd.cl\/kinesiologia-santiago\/wp-json\/wp\/v2\/posts\/5238","targetHints":{"allow":["GET"]}}],"collection":[{"href":"https:\/\/medicina.udd.cl\/kinesiologia-santiago\/wp-json\/wp\/v2\/posts"}],"about":[{"href":"https:\/\/medicina.udd.cl\/kinesiologia-santiago\/wp-json\/wp\/v2\/types\/post"}],"author":[{"embeddable":true,"href":"https:\/\/medicina.udd.cl\/kinesiologia-santiago\/wp-json\/wp\/v2\/users\/9192219"}],"replies":[{"embeddable":true,"href":"https:\/\/medicina.udd.cl\/kinesiologia-santiago\/wp-json\/wp\/v2\/comments?post=5238"}],"version-history":[{"count":1,"href":"https:\/\/medicina.udd.cl\/kinesiologia-santiago\/wp-json\/wp\/v2\/posts\/5238\/revisions"}],"predecessor-version":[{"id":5240,"href":"https:\/\/medicina.udd.cl\/kinesiologia-santiago\/wp-json\/wp\/v2\/posts\/5238\/revisions\/5240"}],"wp:featuredmedia":[{"embeddable":true,"href":"https:\/\/medicina.udd.cl\/kinesiologia-santiago\/wp-json\/wp\/v2\/media\/5239"}],"wp:attachment":[{"href":"https:\/\/medicina.udd.cl\/kinesiologia-santiago\/wp-json\/wp\/v2\/media?parent=5238"}],"wp:term":[{"taxonomy":"category","embeddable":true,"href":"https:\/\/medicina.udd.cl\/kinesiologia-santiago\/wp-json\/wp\/v2\/categories?post=5238"},{"taxonomy":"post_tag","embeddable":true,"href":"https:\/\/medicina.udd.cl\/kinesiologia-santiago\/wp-json\/wp\/v2\/tags?post=5238"}],"curies":[{"name":"wp","href":"https:\/\/api.w.org\/{rel}","templated":true}]}}