{"id":5423,"date":"2022-03-03T16:31:40","date_gmt":"2022-03-03T19:31:40","guid":{"rendered":"https:\/\/medicina.udd.cl\/kinesiologia-santiago\/?p=5423"},"modified":"2022-03-03T16:31:41","modified_gmt":"2022-03-03T19:31:41","slug":"magister-en-terapia-fisica-y-rehabilitacion-udd-acreditado-4-anos-por-cna","status":"publish","type":"post","link":"https:\/\/medicina.udd.cl\/kinesiologia-santiago\/noticias\/2022\/03\/03\/magister-en-terapia-fisica-y-rehabilitacion-udd-acreditado-4-anos-por-cna\/","title":{"rendered":"Mag\u00edster en Terapia F\u00edsica y Rehabilitaci\u00f3n UDD acreditado 4 a\u00f1os por CNA"},"content":{"rendered":"\n<div class=\"wp-block-image\"><figure class=\"alignright size-large is-resized\"><img loading=\"lazy\" decoding=\"async\" src=\"https:\/\/medicina.udd.cl\/kinesiologia-santiago\/files\/2022\/03\/MAKI_1.png\" alt=\"\" class=\"wp-image-5425\" width=\"505\" height=\"330\" srcset=\"https:\/\/medicina.udd.cl\/kinesiologia-santiago\/files\/2022\/03\/MAKI_1.png 1009w, https:\/\/medicina.udd.cl\/kinesiologia-santiago\/files\/2022\/03\/MAKI_1-300x196.png 300w, https:\/\/medicina.udd.cl\/kinesiologia-santiago\/files\/2022\/03\/MAKI_1-768x502.png 768w\" sizes=\"auto, (max-width: 505px) 100vw, 505px\" \/><\/figure><\/div>\n\n\n\n<p>El Mag\u00edster en Terapia F\u00edsica y Rehabilitaci\u00f3n (MAKI) de la Facultad de Medicina Cl\u00ednica Alemana Universidad del Desarrollo, fue acreditado 4 a\u00f1os por la Comisi\u00f3n Nacional de Acreditaci\u00f3n (CNA).<\/p>\n\n\n\n<p>Para el Kglo. Jaime Leppe, director del MAKI, este logro es fruto del esfuerzo de todo el equipo, conformado por docentes, egresados y estudiantes.<em>&nbsp;\u201cHan marcado la diferencia y han dado cuenta de la excelencia de este programa, que&nbsp;<\/em><em>nace bajo el alero de la Facultad de Medicina Cl\u00ednica Alemana Universidad del Desarrollo, y recibi\u00f3 a los primeros estudiantes en el a\u00f1o 2016, dict\u00e1ndose de manera ininterrumpida<\/em>\u201d, dijo.<\/p>\n\n\n\n<p>Asimismo, Leppe se\u00f1al\u00f3 que la motivaci\u00f3n principal para desarrollar un programa de Mag\u00edster en Terapia F\u00edsica y Rehabilitaci\u00f3n, radic\u00f3 en la posibilidad y capacidad para formar recurso humano avanzado, a partir de una experiencia acad\u00e9mica diferenciadora y de calidad, con un enfoque de formaci\u00f3n multidisciplinario y globalizado, que entregue herramientas de innovaci\u00f3n y de razonamiento cl\u00ednico y cient\u00edfico, para que los profesionales puedan dar respuestas a problemas complejos o relevantes en el \u00e1rea, que impacten positivamente en las condiciones de salud de las personas.<\/p>\n\n\n\n<p><em>\u201cEn los 6 a\u00f1os de historia, MAKI ha incorporado un total de 56 estudiantes en 4 generaciones y ya cuenta con 26 graduados, destacando su tasa de graduaci\u00f3n a la fecha de 100% y con 15 publicaciones indexadas asociadas a las actividades de grado de sus estudiantes\u201d,<\/em>&nbsp;destac\u00f3 el Director MAKI UDD.<\/p>\n\n\n\n<p>Para Leppe, uno de los logros m\u00e1s destacables de MAKI y que ha aportado una gran experiencia a los estudiantes, es la plataforma de apoyo que el programa les ha brindado para su participaci\u00f3n en los \u00faltimos tres congresos mundiales de kinesiolog\u00eda, con la presentaci\u00f3n de 19 trabajos en distintos formatos, desde posters hasta ponencias orales. De estos trabajos, tres han sido premiados por la organizaci\u00f3n del Congreso como los mejores trabajos de la regi\u00f3n de Sudam\u00e9rica, en Ginebra 2019 y Dub\u00e1i 2021.<\/p>\n\n\n\n<p>Cabe destacar que, el equipo del n\u00facleo MAKI, compuesto por seis acad\u00e9micos, todos kinesi\u00f3logos con reconocida trayectoria nacional e internacional, se presentaron a este proceso del CNA con 35 publicaciones WOS\/ISI, 24 otras indexaciones, 7 cap\u00edtulos de libro, 1 proyecto Fondecyt, participaci\u00f3n en 21 proyectos de investigaci\u00f3n con financiamiento, 31 asesor\u00edas t\u00e9cnicas o consultor\u00edas en el \u00e1rea a los Ministerios de Salud, Deporte, ONG y empresas privadas. Todo esto, sumado a la productividad del cuerpo acad\u00e9mico (colaboradores nacionales e internacionales) que entre el a\u00f1o 2016 y 2020 fue de 165 publicaciones indexadas.<\/p>\n\n\n\n<p>\u201c<em>Esta acreditaci\u00f3n representa un reconocimiento al trabajo riguroso y el concepto de mejora continua de MAKI. Hoy en d\u00eda es un hecho que MAKI es el programa profesional con m\u00e1s a\u00f1os de acreditaci\u00f3n a nivel nacional y el primero de una universidad privada en ser acreditado por la CNA\u201d,&nbsp;<\/em>resalt\u00f3 Leppe.<\/p>\n\n\n\n<p>El Mag\u00edster en Terapia F\u00edsica y Rehabilitaci\u00f3n cuenta con cinco \u00e1reas de desarrollo del programa, estas son: actividad f\u00edsica y salud, musculoesquel\u00e9tico, cuidados cr\u00edticos, salud de la mujer y oncolog\u00eda. Todas sustentadas por la s\u00f3lida experiencia profesional y formaci\u00f3n rigurosa de su cuerpo acad\u00e9mico.<\/p>\n\n\n\n<div class=\"wp-block-image\"><figure class=\"aligncenter size-large\"><img loading=\"lazy\" decoding=\"async\" width=\"711\" height=\"463\" src=\"https:\/\/medicina.udd.cl\/kinesiologia-santiago\/files\/2022\/03\/MAKI_2.png\" alt=\"\" class=\"wp-image-5424\" srcset=\"https:\/\/medicina.udd.cl\/kinesiologia-santiago\/files\/2022\/03\/MAKI_2.png 711w, https:\/\/medicina.udd.cl\/kinesiologia-santiago\/files\/2022\/03\/MAKI_2-300x195.png 300w\" sizes=\"auto, (max-width: 711px) 100vw, 711px\" \/><\/figure><\/div>\n","protected":false},"excerpt":{"rendered":"<p>El Mag\u00edster en Terapia F\u00edsica y Rehabilitaci\u00f3n (MAKI) de la Facultad de Medicina Cl\u00ednica Alemana Universidad del Desarrollo, fue acreditado 4 a\u00f1os por la Comisi\u00f3n Nacional de Acreditaci\u00f3n (CNA). Para el Kglo. Jaime Leppe, director del MAKI, este logro es fruto del esfuerzo de todo el equipo, conformado por docentes, egresados y estudiantes.&nbsp;\u201cHan marcado la [&hellip;]<\/p>\n","protected":false},"author":9192219,"featured_media":5425,"comment_status":"open","ping_status":"open","sticky":false,"template":"","format":"standard","meta":{"footnotes":""},"categories":[4],"tags":[],"class_list":["post-5423","post","type-post","status-publish","format-standard","has-post-thumbnail","hentry","category-noticias"],"yoast_head":"<!-- This site is optimized with the Yoast SEO plugin v26.9 - https:\/\/yoast.com\/product\/yoast-seo-wordpress\/ -->\n<title>Mag\u00edster en Terapia F\u00edsica y Rehabilitaci\u00f3n UDD acreditado 4 a\u00f1os por CNA - Kinesiolog\u00eda<\/title>\n<meta name=\"robots\" content=\"index, follow, max-snippet:-1, max-image-preview:large, max-video-preview:-1\" \/>\n<link rel=\"canonical\" href=\"https:\/\/medicina.udd.cl\/kinesiologia-santiago\/noticias\/2022\/03\/03\/magister-en-terapia-fisica-y-rehabilitacion-udd-acreditado-4-anos-por-cna\/\" \/>\n<meta property=\"og:locale\" content=\"es_ES\" \/>\n<meta property=\"og:type\" content=\"article\" \/>\n<meta property=\"og:title\" content=\"Mag\u00edster en Terapia F\u00edsica y Rehabilitaci\u00f3n UDD acreditado 4 a\u00f1os por CNA - Kinesiolog\u00eda\" \/>\n<meta property=\"og:description\" content=\"El Mag\u00edster en Terapia F\u00edsica y Rehabilitaci\u00f3n (MAKI) de la Facultad de Medicina Cl\u00ednica Alemana Universidad del Desarrollo, fue acreditado 4 a\u00f1os por la Comisi\u00f3n Nacional de Acreditaci\u00f3n (CNA). Para el Kglo. Jaime Leppe, director del MAKI, este logro es fruto del esfuerzo de todo el equipo, conformado por docentes, egresados y estudiantes.&nbsp;\u201cHan marcado la [&hellip;]\" \/>\n<meta property=\"og:url\" content=\"https:\/\/medicina.udd.cl\/kinesiologia-santiago\/noticias\/2022\/03\/03\/magister-en-terapia-fisica-y-rehabilitacion-udd-acreditado-4-anos-por-cna\/\" \/>\n<meta property=\"og:site_name\" content=\"Kinesiolog\u00eda\" \/>\n<meta property=\"article:published_time\" content=\"2022-03-03T19:31:40+00:00\" \/>\n<meta property=\"article:modified_time\" content=\"2022-03-03T19:31:41+00:00\" \/>\n<meta property=\"og:image\" content=\"https:\/\/medicina.udd.cl\/kinesiologia-santiago\/files\/2022\/03\/MAKI_1.png\" \/>\n\t<meta property=\"og:image:width\" content=\"1009\" \/>\n\t<meta property=\"og:image:height\" content=\"659\" \/>\n\t<meta property=\"og:image:type\" content=\"image\/png\" \/>\n<meta name=\"author\" content=\"rbraidy\" \/>\n<meta name=\"twitter:label1\" content=\"Escrito por\" \/>\n\t<meta name=\"twitter:data1\" content=\"rbraidy\" \/>\n\t<meta name=\"twitter:label2\" content=\"Tiempo de lectura\" \/>\n\t<meta name=\"twitter:data2\" content=\"3 minutos\" \/>\n<script type=\"application\/ld+json\" class=\"yoast-schema-graph\">{\"@context\":\"https:\/\/schema.org\",\"@graph\":[{\"@type\":\"Article\",\"@id\":\"https:\/\/medicina.udd.cl\/kinesiologia-santiago\/noticias\/2022\/03\/03\/magister-en-terapia-fisica-y-rehabilitacion-udd-acreditado-4-anos-por-cna\/#article\",\"isPartOf\":{\"@id\":\"https:\/\/medicina.udd.cl\/kinesiologia-santiago\/noticias\/2022\/03\/03\/magister-en-terapia-fisica-y-rehabilitacion-udd-acreditado-4-anos-por-cna\/\"},\"author\":{\"name\":\"rbraidy\",\"@id\":\"https:\/\/medicina.udd.cl\/kinesiologia-santiago\/#\/schema\/person\/dbc3705bf3a93e8be1ba6de0ef950341\"},\"headline\":\"Mag\u00edster en Terapia F\u00edsica y Rehabilitaci\u00f3n UDD acreditado 4 a\u00f1os por CNA\",\"datePublished\":\"2022-03-03T19:31:40+00:00\",\"dateModified\":\"2022-03-03T19:31:41+00:00\",\"mainEntityOfPage\":{\"@id\":\"https:\/\/medicina.udd.cl\/kinesiologia-santiago\/noticias\/2022\/03\/03\/magister-en-terapia-fisica-y-rehabilitacion-udd-acreditado-4-anos-por-cna\/\"},\"wordCount\":559,\"commentCount\":0,\"image\":{\"@id\":\"https:\/\/medicina.udd.cl\/kinesiologia-santiago\/noticias\/2022\/03\/03\/magister-en-terapia-fisica-y-rehabilitacion-udd-acreditado-4-anos-por-cna\/#primaryimage\"},\"thumbnailUrl\":\"https:\/\/medicina.udd.cl\/kinesiologia-santiago\/files\/2022\/03\/MAKI_1.png\",\"articleSection\":[\"Noticias\"],\"inLanguage\":\"es\",\"potentialAction\":[{\"@type\":\"CommentAction\",\"name\":\"Comment\",\"target\":[\"https:\/\/medicina.udd.cl\/kinesiologia-santiago\/noticias\/2022\/03\/03\/magister-en-terapia-fisica-y-rehabilitacion-udd-acreditado-4-anos-por-cna\/#respond\"]}]},{\"@type\":\"WebPage\",\"@id\":\"https:\/\/medicina.udd.cl\/kinesiologia-santiago\/noticias\/2022\/03\/03\/magister-en-terapia-fisica-y-rehabilitacion-udd-acreditado-4-anos-por-cna\/\",\"url\":\"https:\/\/medicina.udd.cl\/kinesiologia-santiago\/noticias\/2022\/03\/03\/magister-en-terapia-fisica-y-rehabilitacion-udd-acreditado-4-anos-por-cna\/\",\"name\":\"Mag\u00edster en Terapia F\u00edsica y Rehabilitaci\u00f3n UDD acreditado 4 a\u00f1os por CNA - Kinesiolog\u00eda\",\"isPartOf\":{\"@id\":\"https:\/\/medicina.udd.cl\/kinesiologia-santiago\/#website\"},\"primaryImageOfPage\":{\"@id\":\"https:\/\/medicina.udd.cl\/kinesiologia-santiago\/noticias\/2022\/03\/03\/magister-en-terapia-fisica-y-rehabilitacion-udd-acreditado-4-anos-por-cna\/#primaryimage\"},\"image\":{\"@id\":\"https:\/\/medicina.udd.cl\/kinesiologia-santiago\/noticias\/2022\/03\/03\/magister-en-terapia-fisica-y-rehabilitacion-udd-acreditado-4-anos-por-cna\/#primaryimage\"},\"thumbnailUrl\":\"https:\/\/medicina.udd.cl\/kinesiologia-santiago\/files\/2022\/03\/MAKI_1.png\",\"datePublished\":\"2022-03-03T19:31:40+00:00\",\"dateModified\":\"2022-03-03T19:31:41+00:00\",\"author\":{\"@id\":\"https:\/\/medicina.udd.cl\/kinesiologia-santiago\/#\/schema\/person\/dbc3705bf3a93e8be1ba6de0ef950341\"},\"breadcrumb\":{\"@id\":\"https:\/\/medicina.udd.cl\/kinesiologia-santiago\/noticias\/2022\/03\/03\/magister-en-terapia-fisica-y-rehabilitacion-udd-acreditado-4-anos-por-cna\/#breadcrumb\"},\"inLanguage\":\"es\",\"potentialAction\":[{\"@type\":\"ReadAction\",\"target\":[\"https:\/\/medicina.udd.cl\/kinesiologia-santiago\/noticias\/2022\/03\/03\/magister-en-terapia-fisica-y-rehabilitacion-udd-acreditado-4-anos-por-cna\/\"]}]},{\"@type\":\"ImageObject\",\"inLanguage\":\"es\",\"@id\":\"https:\/\/medicina.udd.cl\/kinesiologia-santiago\/noticias\/2022\/03\/03\/magister-en-terapia-fisica-y-rehabilitacion-udd-acreditado-4-anos-por-cna\/#primaryimage\",\"url\":\"https:\/\/medicina.udd.cl\/kinesiologia-santiago\/files\/2022\/03\/MAKI_1.png\",\"contentUrl\":\"https:\/\/medicina.udd.cl\/kinesiologia-santiago\/files\/2022\/03\/MAKI_1.png\",\"width\":1009,\"height\":659},{\"@type\":\"BreadcrumbList\",\"@id\":\"https:\/\/medicina.udd.cl\/kinesiologia-santiago\/noticias\/2022\/03\/03\/magister-en-terapia-fisica-y-rehabilitacion-udd-acreditado-4-anos-por-cna\/#breadcrumb\",\"itemListElement\":[{\"@type\":\"ListItem\",\"position\":1,\"name\":\"Home\",\"item\":\"https:\/\/medicina.udd.cl\/kinesiologia-santiago\/\"},{\"@type\":\"ListItem\",\"position\":2,\"name\":\"Mag\u00edster en Terapia F\u00edsica y Rehabilitaci\u00f3n UDD acreditado 4 a\u00f1os por CNA\"}]},{\"@type\":\"WebSite\",\"@id\":\"https:\/\/medicina.udd.cl\/kinesiologia-santiago\/#website\",\"url\":\"https:\/\/medicina.udd.cl\/kinesiologia-santiago\/\",\"name\":\"Kinesiolog\u00eda\",\"description\":\"Facultad de Medicina Cl\u00ednica Alemana Universidad del Desarrollo\",\"inLanguage\":\"es\"},{\"@type\":\"Person\",\"@id\":\"https:\/\/medicina.udd.cl\/kinesiologia-santiago\/#\/schema\/person\/dbc3705bf3a93e8be1ba6de0ef950341\",\"name\":\"rbraidy\",\"image\":{\"@type\":\"ImageObject\",\"inLanguage\":\"es\",\"@id\":\"https:\/\/medicina.udd.cl\/kinesiologia-santiago\/#\/schema\/person\/image\/\",\"url\":\"https:\/\/secure.gravatar.com\/avatar\/0f8bc94637401590e45d2ce17eb65c274cb8870a219de6177f3f23e63fd8cdf3?s=96&d=mm&r=g\",\"contentUrl\":\"https:\/\/secure.gravatar.com\/avatar\/0f8bc94637401590e45d2ce17eb65c274cb8870a219de6177f3f23e63fd8cdf3?s=96&d=mm&r=g\",\"caption\":\"rbraidy\"},\"url\":\"https:\/\/medicina.udd.cl\/kinesiologia-santiago\/noticias\/author\/rbraidy\/\"}]}<\/script>\n<!-- \/ Yoast SEO plugin. -->","yoast_head_json":{"title":"Mag\u00edster en Terapia F\u00edsica y Rehabilitaci\u00f3n UDD acreditado 4 a\u00f1os por CNA - Kinesiolog\u00eda","robots":{"index":"index","follow":"follow","max-snippet":"max-snippet:-1","max-image-preview":"max-image-preview:large","max-video-preview":"max-video-preview:-1"},"canonical":"https:\/\/medicina.udd.cl\/kinesiologia-santiago\/noticias\/2022\/03\/03\/magister-en-terapia-fisica-y-rehabilitacion-udd-acreditado-4-anos-por-cna\/","og_locale":"es_ES","og_type":"article","og_title":"Mag\u00edster en Terapia F\u00edsica y Rehabilitaci\u00f3n UDD acreditado 4 a\u00f1os por CNA - Kinesiolog\u00eda","og_description":"El Mag\u00edster en Terapia F\u00edsica y Rehabilitaci\u00f3n (MAKI) de la Facultad de Medicina Cl\u00ednica Alemana Universidad del Desarrollo, fue acreditado 4 a\u00f1os por la Comisi\u00f3n Nacional de Acreditaci\u00f3n (CNA). Para el Kglo. Jaime Leppe, director del MAKI, este logro es fruto del esfuerzo de todo el equipo, conformado por docentes, egresados y estudiantes.&nbsp;\u201cHan marcado la [&hellip;]","og_url":"https:\/\/medicina.udd.cl\/kinesiologia-santiago\/noticias\/2022\/03\/03\/magister-en-terapia-fisica-y-rehabilitacion-udd-acreditado-4-anos-por-cna\/","og_site_name":"Kinesiolog\u00eda","article_published_time":"2022-03-03T19:31:40+00:00","article_modified_time":"2022-03-03T19:31:41+00:00","og_image":[{"width":1009,"height":659,"url":"https:\/\/medicina.udd.cl\/kinesiologia-santiago\/files\/2022\/03\/MAKI_1.png","type":"image\/png"}],"author":"rbraidy","twitter_misc":{"Escrito por":"rbraidy","Tiempo de lectura":"3 minutos"},"schema":{"@context":"https:\/\/schema.org","@graph":[{"@type":"Article","@id":"https:\/\/medicina.udd.cl\/kinesiologia-santiago\/noticias\/2022\/03\/03\/magister-en-terapia-fisica-y-rehabilitacion-udd-acreditado-4-anos-por-cna\/#article","isPartOf":{"@id":"https:\/\/medicina.udd.cl\/kinesiologia-santiago\/noticias\/2022\/03\/03\/magister-en-terapia-fisica-y-rehabilitacion-udd-acreditado-4-anos-por-cna\/"},"author":{"name":"rbraidy","@id":"https:\/\/medicina.udd.cl\/kinesiologia-santiago\/#\/schema\/person\/dbc3705bf3a93e8be1ba6de0ef950341"},"headline":"Mag\u00edster en Terapia F\u00edsica y Rehabilitaci\u00f3n UDD acreditado 4 a\u00f1os por CNA","datePublished":"2022-03-03T19:31:40+00:00","dateModified":"2022-03-03T19:31:41+00:00","mainEntityOfPage":{"@id":"https:\/\/medicina.udd.cl\/kinesiologia-santiago\/noticias\/2022\/03\/03\/magister-en-terapia-fisica-y-rehabilitacion-udd-acreditado-4-anos-por-cna\/"},"wordCount":559,"commentCount":0,"image":{"@id":"https:\/\/medicina.udd.cl\/kinesiologia-santiago\/noticias\/2022\/03\/03\/magister-en-terapia-fisica-y-rehabilitacion-udd-acreditado-4-anos-por-cna\/#primaryimage"},"thumbnailUrl":"https:\/\/medicina.udd.cl\/kinesiologia-santiago\/files\/2022\/03\/MAKI_1.png","articleSection":["Noticias"],"inLanguage":"es","potentialAction":[{"@type":"CommentAction","name":"Comment","target":["https:\/\/medicina.udd.cl\/kinesiologia-santiago\/noticias\/2022\/03\/03\/magister-en-terapia-fisica-y-rehabilitacion-udd-acreditado-4-anos-por-cna\/#respond"]}]},{"@type":"WebPage","@id":"https:\/\/medicina.udd.cl\/kinesiologia-santiago\/noticias\/2022\/03\/03\/magister-en-terapia-fisica-y-rehabilitacion-udd-acreditado-4-anos-por-cna\/","url":"https:\/\/medicina.udd.cl\/kinesiologia-santiago\/noticias\/2022\/03\/03\/magister-en-terapia-fisica-y-rehabilitacion-udd-acreditado-4-anos-por-cna\/","name":"Mag\u00edster en Terapia F\u00edsica y Rehabilitaci\u00f3n UDD acreditado 4 a\u00f1os por CNA - Kinesiolog\u00eda","isPartOf":{"@id":"https:\/\/medicina.udd.cl\/kinesiologia-santiago\/#website"},"primaryImageOfPage":{"@id":"https:\/\/medicina.udd.cl\/kinesiologia-santiago\/noticias\/2022\/03\/03\/magister-en-terapia-fisica-y-rehabilitacion-udd-acreditado-4-anos-por-cna\/#primaryimage"},"image":{"@id":"https:\/\/medicina.udd.cl\/kinesiologia-santiago\/noticias\/2022\/03\/03\/magister-en-terapia-fisica-y-rehabilitacion-udd-acreditado-4-anos-por-cna\/#primaryimage"},"thumbnailUrl":"https:\/\/medicina.udd.cl\/kinesiologia-santiago\/files\/2022\/03\/MAKI_1.png","datePublished":"2022-03-03T19:31:40+00:00","dateModified":"2022-03-03T19:31:41+00:00","author":{"@id":"https:\/\/medicina.udd.cl\/kinesiologia-santiago\/#\/schema\/person\/dbc3705bf3a93e8be1ba6de0ef950341"},"breadcrumb":{"@id":"https:\/\/medicina.udd.cl\/kinesiologia-santiago\/noticias\/2022\/03\/03\/magister-en-terapia-fisica-y-rehabilitacion-udd-acreditado-4-anos-por-cna\/#breadcrumb"},"inLanguage":"es","potentialAction":[{"@type":"ReadAction","target":["https:\/\/medicina.udd.cl\/kinesiologia-santiago\/noticias\/2022\/03\/03\/magister-en-terapia-fisica-y-rehabilitacion-udd-acreditado-4-anos-por-cna\/"]}]},{"@type":"ImageObject","inLanguage":"es","@id":"https:\/\/medicina.udd.cl\/kinesiologia-santiago\/noticias\/2022\/03\/03\/magister-en-terapia-fisica-y-rehabilitacion-udd-acreditado-4-anos-por-cna\/#primaryimage","url":"https:\/\/medicina.udd.cl\/kinesiologia-santiago\/files\/2022\/03\/MAKI_1.png","contentUrl":"https:\/\/medicina.udd.cl\/kinesiologia-santiago\/files\/2022\/03\/MAKI_1.png","width":1009,"height":659},{"@type":"BreadcrumbList","@id":"https:\/\/medicina.udd.cl\/kinesiologia-santiago\/noticias\/2022\/03\/03\/magister-en-terapia-fisica-y-rehabilitacion-udd-acreditado-4-anos-por-cna\/#breadcrumb","itemListElement":[{"@type":"ListItem","position":1,"name":"Home","item":"https:\/\/medicina.udd.cl\/kinesiologia-santiago\/"},{"@type":"ListItem","position":2,"name":"Mag\u00edster en Terapia F\u00edsica y Rehabilitaci\u00f3n UDD acreditado 4 a\u00f1os por CNA"}]},{"@type":"WebSite","@id":"https:\/\/medicina.udd.cl\/kinesiologia-santiago\/#website","url":"https:\/\/medicina.udd.cl\/kinesiologia-santiago\/","name":"Kinesiolog\u00eda","description":"Facultad de Medicina Cl\u00ednica Alemana Universidad del Desarrollo","inLanguage":"es"},{"@type":"Person","@id":"https:\/\/medicina.udd.cl\/kinesiologia-santiago\/#\/schema\/person\/dbc3705bf3a93e8be1ba6de0ef950341","name":"rbraidy","image":{"@type":"ImageObject","inLanguage":"es","@id":"https:\/\/medicina.udd.cl\/kinesiologia-santiago\/#\/schema\/person\/image\/","url":"https:\/\/secure.gravatar.com\/avatar\/0f8bc94637401590e45d2ce17eb65c274cb8870a219de6177f3f23e63fd8cdf3?s=96&d=mm&r=g","contentUrl":"https:\/\/secure.gravatar.com\/avatar\/0f8bc94637401590e45d2ce17eb65c274cb8870a219de6177f3f23e63fd8cdf3?s=96&d=mm&r=g","caption":"rbraidy"},"url":"https:\/\/medicina.udd.cl\/kinesiologia-santiago\/noticias\/author\/rbraidy\/"}]}},"featured_image_url":"https:\/\/medicina.udd.cl\/kinesiologia-santiago\/files\/2022\/03\/MAKI_1.png","_links":{"self":[{"href":"https:\/\/medicina.udd.cl\/kinesiologia-santiago\/wp-json\/wp\/v2\/posts\/5423","targetHints":{"allow":["GET"]}}],"collection":[{"href":"https:\/\/medicina.udd.cl\/kinesiologia-santiago\/wp-json\/wp\/v2\/posts"}],"about":[{"href":"https:\/\/medicina.udd.cl\/kinesiologia-santiago\/wp-json\/wp\/v2\/types\/post"}],"author":[{"embeddable":true,"href":"https:\/\/medicina.udd.cl\/kinesiologia-santiago\/wp-json\/wp\/v2\/users\/9192219"}],"replies":[{"embeddable":true,"href":"https:\/\/medicina.udd.cl\/kinesiologia-santiago\/wp-json\/wp\/v2\/comments?post=5423"}],"version-history":[{"count":1,"href":"https:\/\/medicina.udd.cl\/kinesiologia-santiago\/wp-json\/wp\/v2\/posts\/5423\/revisions"}],"predecessor-version":[{"id":5426,"href":"https:\/\/medicina.udd.cl\/kinesiologia-santiago\/wp-json\/wp\/v2\/posts\/5423\/revisions\/5426"}],"wp:featuredmedia":[{"embeddable":true,"href":"https:\/\/medicina.udd.cl\/kinesiologia-santiago\/wp-json\/wp\/v2\/media\/5425"}],"wp:attachment":[{"href":"https:\/\/medicina.udd.cl\/kinesiologia-santiago\/wp-json\/wp\/v2\/media?parent=5423"}],"wp:term":[{"taxonomy":"category","embeddable":true,"href":"https:\/\/medicina.udd.cl\/kinesiologia-santiago\/wp-json\/wp\/v2\/categories?post=5423"},{"taxonomy":"post_tag","embeddable":true,"href":"https:\/\/medicina.udd.cl\/kinesiologia-santiago\/wp-json\/wp\/v2\/tags?post=5423"}],"curies":[{"name":"wp","href":"https:\/\/api.w.org\/{rel}","templated":true}]}}