{"id":5543,"date":"2021-10-25T09:52:00","date_gmt":"2021-10-25T12:52:00","guid":{"rendered":"https:\/\/medicina.udd.cl\/kinesiologia-santiago\/?p=5543"},"modified":"2022-06-16T09:58:32","modified_gmt":"2022-06-16T13:58:32","slug":"a-dos-semanas-de-egresar-internos-de-kinesiologia-participan-en-la-jornada-induccion-al-mundo-laboral","status":"publish","type":"post","link":"https:\/\/medicina.udd.cl\/kinesiologia-santiago\/noticias\/2021\/10\/25\/a-dos-semanas-de-egresar-internos-de-kinesiologia-participan-en-la-jornada-induccion-al-mundo-laboral\/","title":{"rendered":"A dos semanas de egresar, internos de Kinesiolog\u00eda UDD participan en la jornada \u201cInducci\u00f3n al mundo laboral\u201d"},"content":{"rendered":"\n<p><em><strong>En una iniciativa que incluy\u00f3 a internos de ambas sedes, la carrera, en conjunto con Alumni UDD, organizaron una reuni\u00f3n orientada a prepararlos de la mejor manera para enfrentarse al ejercicio de la profesi\u00f3n.<\/strong><\/em><\/p>\n\n\n\n<div class=\"wp-block-image\"><figure class=\"aligncenter size-large\"><img loading=\"lazy\" decoding=\"async\" width=\"1024\" height=\"640\" src=\"https:\/\/medicina.udd.cl\/kinesiologia-santiago\/files\/2022\/06\/06-1024x640.png\" alt=\"\" class=\"wp-image-5544\" srcset=\"https:\/\/medicina.udd.cl\/kinesiologia-santiago\/files\/2022\/06\/06-1024x640.png 1024w, https:\/\/medicina.udd.cl\/kinesiologia-santiago\/files\/2022\/06\/06-300x188.png 300w, https:\/\/medicina.udd.cl\/kinesiologia-santiago\/files\/2022\/06\/06-768x480.png 768w, https:\/\/medicina.udd.cl\/kinesiologia-santiago\/files\/2022\/06\/06.png 1280w\" sizes=\"auto, (max-width: 1024px) 100vw, 1024px\" \/><\/figure><\/div>\n\n\n\n<p>Inquietudes, informaci\u00f3n y mucho entusiasmo, fueron los elementos que primaron en la jornada denominada \u201cInducci\u00f3n al mundo laboral\u201d, orientada a los internos de Kinesiolog\u00eda de la Universidad del Desarrollo (UDD).<\/p>\n\n\n\n<p>La reuni\u00f3n, organizada por la direcci\u00f3n de carrera y Alumni, se dividi\u00f3 en tres bloques en que los estudiantes pudieron interiorizarse acerca de distintos t\u00f3picos que les servir\u00e1n una vez insertos en el mundo laboral y, adem\u00e1s, pudieron resolver sus inquietudes respecto al ejercicio de la profesi\u00f3n.<\/p>\n\n\n\n<p><em>\u201cEducaci\u00f3n Continua, Especialidad y Mag\u00edster en Kinesiolog\u00eda\u201d<\/em>, fue la charla impartida en primera instancia por la kinesi\u00f3loga Sonia Roa, subdirectora de Postgrado&nbsp;de Kinesiolog\u00eda UDD en la sede Santiago; posteriormente fue el turno de la exposici\u00f3n denominada&nbsp;<em>\u201cFormalidades del mundo laboral\u201d<\/em>, dictada por el kinesi\u00f3logo MBA Jos\u00e9 Miguel G\u00f3mez; y finalmente, los asistentes escucharon el relato de Mar\u00eda Paz Mina, subdirectora de Vida y Carrera UDD, en torno al tema <em>\u201cConstruyendo mi futuro\u201d.<\/em><\/p>\n\n\n\n<p>La actividad fue muy valorada por los asistentes, donde la opini\u00f3n de los internos fue positiva, atendiendo a la oportunidad de compartir con estudiantes de ambas sedes y, adem\u00e1s, enfrentarse a interrogantes que los sit\u00faan en el escenario en que deber\u00e1n estar en los pr\u00f3ximos meses.<\/p>\n\n\n\n<div class=\"wp-block-image\"><figure class=\"aligncenter size-large\"><img loading=\"lazy\" decoding=\"async\" width=\"1024\" height=\"640\" src=\"https:\/\/medicina.udd.cl\/kinesiologia-santiago\/files\/2022\/06\/07-1024x640.jpeg\" alt=\"\" class=\"wp-image-5545\" srcset=\"https:\/\/medicina.udd.cl\/kinesiologia-santiago\/files\/2022\/06\/07-1024x640.jpeg 1024w, https:\/\/medicina.udd.cl\/kinesiologia-santiago\/files\/2022\/06\/07-300x188.jpeg 300w, https:\/\/medicina.udd.cl\/kinesiologia-santiago\/files\/2022\/06\/07-768x480.jpeg 768w, https:\/\/medicina.udd.cl\/kinesiologia-santiago\/files\/2022\/06\/07.jpeg 1280w\" sizes=\"auto, (max-width: 1024px) 100vw, 1024px\" \/><\/figure><\/div>\n","protected":false},"excerpt":{"rendered":"<p>En una iniciativa que incluy\u00f3 a internos de ambas sedes, la carrera, en conjunto con Alumni UDD, organizaron una reuni\u00f3n orientada a prepararlos de la mejor manera para enfrentarse al ejercicio de la profesi\u00f3n. Inquietudes, informaci\u00f3n y mucho entusiasmo, fueron los elementos que primaron en la jornada denominada \u201cInducci\u00f3n al mundo laboral\u201d, orientada a los [&hellip;]<\/p>\n","protected":false},"author":9192219,"featured_media":5544,"comment_status":"open","ping_status":"open","sticky":false,"template":"","format":"standard","meta":{"footnotes":""},"categories":[4],"tags":[],"class_list":["post-5543","post","type-post","status-publish","format-standard","has-post-thumbnail","hentry","category-noticias"],"yoast_head":"<!-- This site is optimized with the Yoast SEO plugin v26.9 - https:\/\/yoast.com\/product\/yoast-seo-wordpress\/ -->\n<title>A dos semanas de egresar, internos de Kinesiolog\u00eda UDD participan en la jornada \u201cInducci\u00f3n al mundo laboral\u201d - Kinesiolog\u00eda<\/title>\n<meta name=\"robots\" content=\"index, follow, max-snippet:-1, max-image-preview:large, max-video-preview:-1\" \/>\n<link rel=\"canonical\" href=\"https:\/\/medicina.udd.cl\/kinesiologia-santiago\/noticias\/2021\/10\/25\/a-dos-semanas-de-egresar-internos-de-kinesiologia-participan-en-la-jornada-induccion-al-mundo-laboral\/\" \/>\n<meta property=\"og:locale\" content=\"es_ES\" \/>\n<meta property=\"og:type\" content=\"article\" \/>\n<meta property=\"og:title\" content=\"A dos semanas de egresar, internos de Kinesiolog\u00eda UDD participan en la jornada \u201cInducci\u00f3n al mundo laboral\u201d - Kinesiolog\u00eda\" \/>\n<meta property=\"og:description\" content=\"En una iniciativa que incluy\u00f3 a internos de ambas sedes, la carrera, en conjunto con Alumni UDD, organizaron una reuni\u00f3n orientada a prepararlos de la mejor manera para enfrentarse al ejercicio de la profesi\u00f3n. Inquietudes, informaci\u00f3n y mucho entusiasmo, fueron los elementos que primaron en la jornada denominada \u201cInducci\u00f3n al mundo laboral\u201d, orientada a los [&hellip;]\" \/>\n<meta property=\"og:url\" content=\"https:\/\/medicina.udd.cl\/kinesiologia-santiago\/noticias\/2021\/10\/25\/a-dos-semanas-de-egresar-internos-de-kinesiologia-participan-en-la-jornada-induccion-al-mundo-laboral\/\" \/>\n<meta property=\"og:site_name\" content=\"Kinesiolog\u00eda\" \/>\n<meta property=\"article:published_time\" content=\"2021-10-25T12:52:00+00:00\" \/>\n<meta property=\"article:modified_time\" content=\"2022-06-16T13:58:32+00:00\" \/>\n<meta property=\"og:image\" content=\"https:\/\/medicina.udd.cl\/kinesiologia-santiago\/files\/2022\/06\/06.png\" \/>\n\t<meta property=\"og:image:width\" content=\"1280\" \/>\n\t<meta property=\"og:image:height\" content=\"800\" \/>\n\t<meta property=\"og:image:type\" content=\"image\/png\" \/>\n<meta name=\"author\" content=\"rbraidy\" \/>\n<meta name=\"twitter:label1\" content=\"Escrito por\" \/>\n\t<meta name=\"twitter:data1\" content=\"rbraidy\" \/>\n\t<meta name=\"twitter:label2\" content=\"Tiempo de lectura\" \/>\n\t<meta name=\"twitter:data2\" content=\"1 minuto\" \/>\n<script type=\"application\/ld+json\" class=\"yoast-schema-graph\">{\"@context\":\"https:\/\/schema.org\",\"@graph\":[{\"@type\":\"Article\",\"@id\":\"https:\/\/medicina.udd.cl\/kinesiologia-santiago\/noticias\/2021\/10\/25\/a-dos-semanas-de-egresar-internos-de-kinesiologia-participan-en-la-jornada-induccion-al-mundo-laboral\/#article\",\"isPartOf\":{\"@id\":\"https:\/\/medicina.udd.cl\/kinesiologia-santiago\/noticias\/2021\/10\/25\/a-dos-semanas-de-egresar-internos-de-kinesiologia-participan-en-la-jornada-induccion-al-mundo-laboral\/\"},\"author\":{\"name\":\"rbraidy\",\"@id\":\"https:\/\/medicina.udd.cl\/kinesiologia-santiago\/#\/schema\/person\/dbc3705bf3a93e8be1ba6de0ef950341\"},\"headline\":\"A dos semanas de egresar, internos de Kinesiolog\u00eda UDD participan en la jornada \u201cInducci\u00f3n al mundo laboral\u201d\",\"datePublished\":\"2021-10-25T12:52:00+00:00\",\"dateModified\":\"2022-06-16T13:58:32+00:00\",\"mainEntityOfPage\":{\"@id\":\"https:\/\/medicina.udd.cl\/kinesiologia-santiago\/noticias\/2021\/10\/25\/a-dos-semanas-de-egresar-internos-de-kinesiologia-participan-en-la-jornada-induccion-al-mundo-laboral\/\"},\"wordCount\":276,\"commentCount\":0,\"image\":{\"@id\":\"https:\/\/medicina.udd.cl\/kinesiologia-santiago\/noticias\/2021\/10\/25\/a-dos-semanas-de-egresar-internos-de-kinesiologia-participan-en-la-jornada-induccion-al-mundo-laboral\/#primaryimage\"},\"thumbnailUrl\":\"https:\/\/medicina.udd.cl\/kinesiologia-santiago\/files\/2022\/06\/06.png\",\"articleSection\":[\"Noticias\"],\"inLanguage\":\"es\",\"potentialAction\":[{\"@type\":\"CommentAction\",\"name\":\"Comment\",\"target\":[\"https:\/\/medicina.udd.cl\/kinesiologia-santiago\/noticias\/2021\/10\/25\/a-dos-semanas-de-egresar-internos-de-kinesiologia-participan-en-la-jornada-induccion-al-mundo-laboral\/#respond\"]}]},{\"@type\":\"WebPage\",\"@id\":\"https:\/\/medicina.udd.cl\/kinesiologia-santiago\/noticias\/2021\/10\/25\/a-dos-semanas-de-egresar-internos-de-kinesiologia-participan-en-la-jornada-induccion-al-mundo-laboral\/\",\"url\":\"https:\/\/medicina.udd.cl\/kinesiologia-santiago\/noticias\/2021\/10\/25\/a-dos-semanas-de-egresar-internos-de-kinesiologia-participan-en-la-jornada-induccion-al-mundo-laboral\/\",\"name\":\"A dos semanas de egresar, internos de Kinesiolog\u00eda UDD participan en la jornada \u201cInducci\u00f3n al mundo laboral\u201d - Kinesiolog\u00eda\",\"isPartOf\":{\"@id\":\"https:\/\/medicina.udd.cl\/kinesiologia-santiago\/#website\"},\"primaryImageOfPage\":{\"@id\":\"https:\/\/medicina.udd.cl\/kinesiologia-santiago\/noticias\/2021\/10\/25\/a-dos-semanas-de-egresar-internos-de-kinesiologia-participan-en-la-jornada-induccion-al-mundo-laboral\/#primaryimage\"},\"image\":{\"@id\":\"https:\/\/medicina.udd.cl\/kinesiologia-santiago\/noticias\/2021\/10\/25\/a-dos-semanas-de-egresar-internos-de-kinesiologia-participan-en-la-jornada-induccion-al-mundo-laboral\/#primaryimage\"},\"thumbnailUrl\":\"https:\/\/medicina.udd.cl\/kinesiologia-santiago\/files\/2022\/06\/06.png\",\"datePublished\":\"2021-10-25T12:52:00+00:00\",\"dateModified\":\"2022-06-16T13:58:32+00:00\",\"author\":{\"@id\":\"https:\/\/medicina.udd.cl\/kinesiologia-santiago\/#\/schema\/person\/dbc3705bf3a93e8be1ba6de0ef950341\"},\"breadcrumb\":{\"@id\":\"https:\/\/medicina.udd.cl\/kinesiologia-santiago\/noticias\/2021\/10\/25\/a-dos-semanas-de-egresar-internos-de-kinesiologia-participan-en-la-jornada-induccion-al-mundo-laboral\/#breadcrumb\"},\"inLanguage\":\"es\",\"potentialAction\":[{\"@type\":\"ReadAction\",\"target\":[\"https:\/\/medicina.udd.cl\/kinesiologia-santiago\/noticias\/2021\/10\/25\/a-dos-semanas-de-egresar-internos-de-kinesiologia-participan-en-la-jornada-induccion-al-mundo-laboral\/\"]}]},{\"@type\":\"ImageObject\",\"inLanguage\":\"es\",\"@id\":\"https:\/\/medicina.udd.cl\/kinesiologia-santiago\/noticias\/2021\/10\/25\/a-dos-semanas-de-egresar-internos-de-kinesiologia-participan-en-la-jornada-induccion-al-mundo-laboral\/#primaryimage\",\"url\":\"https:\/\/medicina.udd.cl\/kinesiologia-santiago\/files\/2022\/06\/06.png\",\"contentUrl\":\"https:\/\/medicina.udd.cl\/kinesiologia-santiago\/files\/2022\/06\/06.png\",\"width\":1280,\"height\":800},{\"@type\":\"BreadcrumbList\",\"@id\":\"https:\/\/medicina.udd.cl\/kinesiologia-santiago\/noticias\/2021\/10\/25\/a-dos-semanas-de-egresar-internos-de-kinesiologia-participan-en-la-jornada-induccion-al-mundo-laboral\/#breadcrumb\",\"itemListElement\":[{\"@type\":\"ListItem\",\"position\":1,\"name\":\"Home\",\"item\":\"https:\/\/medicina.udd.cl\/kinesiologia-santiago\/\"},{\"@type\":\"ListItem\",\"position\":2,\"name\":\"A dos semanas de egresar, internos de Kinesiolog\u00eda UDD participan en la jornada \u201cInducci\u00f3n al mundo laboral\u201d\"}]},{\"@type\":\"WebSite\",\"@id\":\"https:\/\/medicina.udd.cl\/kinesiologia-santiago\/#website\",\"url\":\"https:\/\/medicina.udd.cl\/kinesiologia-santiago\/\",\"name\":\"Kinesiolog\u00eda\",\"description\":\"Facultad de Medicina Cl\u00ednica Alemana Universidad del Desarrollo\",\"inLanguage\":\"es\"},{\"@type\":\"Person\",\"@id\":\"https:\/\/medicina.udd.cl\/kinesiologia-santiago\/#\/schema\/person\/dbc3705bf3a93e8be1ba6de0ef950341\",\"name\":\"rbraidy\",\"image\":{\"@type\":\"ImageObject\",\"inLanguage\":\"es\",\"@id\":\"https:\/\/medicina.udd.cl\/kinesiologia-santiago\/#\/schema\/person\/image\/\",\"url\":\"https:\/\/secure.gravatar.com\/avatar\/0f8bc94637401590e45d2ce17eb65c274cb8870a219de6177f3f23e63fd8cdf3?s=96&d=mm&r=g\",\"contentUrl\":\"https:\/\/secure.gravatar.com\/avatar\/0f8bc94637401590e45d2ce17eb65c274cb8870a219de6177f3f23e63fd8cdf3?s=96&d=mm&r=g\",\"caption\":\"rbraidy\"},\"url\":\"https:\/\/medicina.udd.cl\/kinesiologia-santiago\/noticias\/author\/rbraidy\/\"}]}<\/script>\n<!-- \/ Yoast SEO plugin. -->","yoast_head_json":{"title":"A dos semanas de egresar, internos de Kinesiolog\u00eda UDD participan en la jornada \u201cInducci\u00f3n al mundo laboral\u201d - Kinesiolog\u00eda","robots":{"index":"index","follow":"follow","max-snippet":"max-snippet:-1","max-image-preview":"max-image-preview:large","max-video-preview":"max-video-preview:-1"},"canonical":"https:\/\/medicina.udd.cl\/kinesiologia-santiago\/noticias\/2021\/10\/25\/a-dos-semanas-de-egresar-internos-de-kinesiologia-participan-en-la-jornada-induccion-al-mundo-laboral\/","og_locale":"es_ES","og_type":"article","og_title":"A dos semanas de egresar, internos de Kinesiolog\u00eda UDD participan en la jornada \u201cInducci\u00f3n al mundo laboral\u201d - Kinesiolog\u00eda","og_description":"En una iniciativa que incluy\u00f3 a internos de ambas sedes, la carrera, en conjunto con Alumni UDD, organizaron una reuni\u00f3n orientada a prepararlos de la mejor manera para enfrentarse al ejercicio de la profesi\u00f3n. Inquietudes, informaci\u00f3n y mucho entusiasmo, fueron los elementos que primaron en la jornada denominada \u201cInducci\u00f3n al mundo laboral\u201d, orientada a los [&hellip;]","og_url":"https:\/\/medicina.udd.cl\/kinesiologia-santiago\/noticias\/2021\/10\/25\/a-dos-semanas-de-egresar-internos-de-kinesiologia-participan-en-la-jornada-induccion-al-mundo-laboral\/","og_site_name":"Kinesiolog\u00eda","article_published_time":"2021-10-25T12:52:00+00:00","article_modified_time":"2022-06-16T13:58:32+00:00","og_image":[{"width":1280,"height":800,"url":"https:\/\/medicina.udd.cl\/kinesiologia-santiago\/files\/2022\/06\/06.png","type":"image\/png"}],"author":"rbraidy","twitter_misc":{"Escrito por":"rbraidy","Tiempo de lectura":"1 minuto"},"schema":{"@context":"https:\/\/schema.org","@graph":[{"@type":"Article","@id":"https:\/\/medicina.udd.cl\/kinesiologia-santiago\/noticias\/2021\/10\/25\/a-dos-semanas-de-egresar-internos-de-kinesiologia-participan-en-la-jornada-induccion-al-mundo-laboral\/#article","isPartOf":{"@id":"https:\/\/medicina.udd.cl\/kinesiologia-santiago\/noticias\/2021\/10\/25\/a-dos-semanas-de-egresar-internos-de-kinesiologia-participan-en-la-jornada-induccion-al-mundo-laboral\/"},"author":{"name":"rbraidy","@id":"https:\/\/medicina.udd.cl\/kinesiologia-santiago\/#\/schema\/person\/dbc3705bf3a93e8be1ba6de0ef950341"},"headline":"A dos semanas de egresar, internos de Kinesiolog\u00eda UDD participan en la jornada \u201cInducci\u00f3n al mundo laboral\u201d","datePublished":"2021-10-25T12:52:00+00:00","dateModified":"2022-06-16T13:58:32+00:00","mainEntityOfPage":{"@id":"https:\/\/medicina.udd.cl\/kinesiologia-santiago\/noticias\/2021\/10\/25\/a-dos-semanas-de-egresar-internos-de-kinesiologia-participan-en-la-jornada-induccion-al-mundo-laboral\/"},"wordCount":276,"commentCount":0,"image":{"@id":"https:\/\/medicina.udd.cl\/kinesiologia-santiago\/noticias\/2021\/10\/25\/a-dos-semanas-de-egresar-internos-de-kinesiologia-participan-en-la-jornada-induccion-al-mundo-laboral\/#primaryimage"},"thumbnailUrl":"https:\/\/medicina.udd.cl\/kinesiologia-santiago\/files\/2022\/06\/06.png","articleSection":["Noticias"],"inLanguage":"es","potentialAction":[{"@type":"CommentAction","name":"Comment","target":["https:\/\/medicina.udd.cl\/kinesiologia-santiago\/noticias\/2021\/10\/25\/a-dos-semanas-de-egresar-internos-de-kinesiologia-participan-en-la-jornada-induccion-al-mundo-laboral\/#respond"]}]},{"@type":"WebPage","@id":"https:\/\/medicina.udd.cl\/kinesiologia-santiago\/noticias\/2021\/10\/25\/a-dos-semanas-de-egresar-internos-de-kinesiologia-participan-en-la-jornada-induccion-al-mundo-laboral\/","url":"https:\/\/medicina.udd.cl\/kinesiologia-santiago\/noticias\/2021\/10\/25\/a-dos-semanas-de-egresar-internos-de-kinesiologia-participan-en-la-jornada-induccion-al-mundo-laboral\/","name":"A dos semanas de egresar, internos de Kinesiolog\u00eda UDD participan en la jornada \u201cInducci\u00f3n al mundo laboral\u201d - Kinesiolog\u00eda","isPartOf":{"@id":"https:\/\/medicina.udd.cl\/kinesiologia-santiago\/#website"},"primaryImageOfPage":{"@id":"https:\/\/medicina.udd.cl\/kinesiologia-santiago\/noticias\/2021\/10\/25\/a-dos-semanas-de-egresar-internos-de-kinesiologia-participan-en-la-jornada-induccion-al-mundo-laboral\/#primaryimage"},"image":{"@id":"https:\/\/medicina.udd.cl\/kinesiologia-santiago\/noticias\/2021\/10\/25\/a-dos-semanas-de-egresar-internos-de-kinesiologia-participan-en-la-jornada-induccion-al-mundo-laboral\/#primaryimage"},"thumbnailUrl":"https:\/\/medicina.udd.cl\/kinesiologia-santiago\/files\/2022\/06\/06.png","datePublished":"2021-10-25T12:52:00+00:00","dateModified":"2022-06-16T13:58:32+00:00","author":{"@id":"https:\/\/medicina.udd.cl\/kinesiologia-santiago\/#\/schema\/person\/dbc3705bf3a93e8be1ba6de0ef950341"},"breadcrumb":{"@id":"https:\/\/medicina.udd.cl\/kinesiologia-santiago\/noticias\/2021\/10\/25\/a-dos-semanas-de-egresar-internos-de-kinesiologia-participan-en-la-jornada-induccion-al-mundo-laboral\/#breadcrumb"},"inLanguage":"es","potentialAction":[{"@type":"ReadAction","target":["https:\/\/medicina.udd.cl\/kinesiologia-santiago\/noticias\/2021\/10\/25\/a-dos-semanas-de-egresar-internos-de-kinesiologia-participan-en-la-jornada-induccion-al-mundo-laboral\/"]}]},{"@type":"ImageObject","inLanguage":"es","@id":"https:\/\/medicina.udd.cl\/kinesiologia-santiago\/noticias\/2021\/10\/25\/a-dos-semanas-de-egresar-internos-de-kinesiologia-participan-en-la-jornada-induccion-al-mundo-laboral\/#primaryimage","url":"https:\/\/medicina.udd.cl\/kinesiologia-santiago\/files\/2022\/06\/06.png","contentUrl":"https:\/\/medicina.udd.cl\/kinesiologia-santiago\/files\/2022\/06\/06.png","width":1280,"height":800},{"@type":"BreadcrumbList","@id":"https:\/\/medicina.udd.cl\/kinesiologia-santiago\/noticias\/2021\/10\/25\/a-dos-semanas-de-egresar-internos-de-kinesiologia-participan-en-la-jornada-induccion-al-mundo-laboral\/#breadcrumb","itemListElement":[{"@type":"ListItem","position":1,"name":"Home","item":"https:\/\/medicina.udd.cl\/kinesiologia-santiago\/"},{"@type":"ListItem","position":2,"name":"A dos semanas de egresar, internos de Kinesiolog\u00eda UDD participan en la jornada \u201cInducci\u00f3n al mundo laboral\u201d"}]},{"@type":"WebSite","@id":"https:\/\/medicina.udd.cl\/kinesiologia-santiago\/#website","url":"https:\/\/medicina.udd.cl\/kinesiologia-santiago\/","name":"Kinesiolog\u00eda","description":"Facultad de Medicina Cl\u00ednica Alemana Universidad del Desarrollo","inLanguage":"es"},{"@type":"Person","@id":"https:\/\/medicina.udd.cl\/kinesiologia-santiago\/#\/schema\/person\/dbc3705bf3a93e8be1ba6de0ef950341","name":"rbraidy","image":{"@type":"ImageObject","inLanguage":"es","@id":"https:\/\/medicina.udd.cl\/kinesiologia-santiago\/#\/schema\/person\/image\/","url":"https:\/\/secure.gravatar.com\/avatar\/0f8bc94637401590e45d2ce17eb65c274cb8870a219de6177f3f23e63fd8cdf3?s=96&d=mm&r=g","contentUrl":"https:\/\/secure.gravatar.com\/avatar\/0f8bc94637401590e45d2ce17eb65c274cb8870a219de6177f3f23e63fd8cdf3?s=96&d=mm&r=g","caption":"rbraidy"},"url":"https:\/\/medicina.udd.cl\/kinesiologia-santiago\/noticias\/author\/rbraidy\/"}]}},"featured_image_url":"https:\/\/medicina.udd.cl\/kinesiologia-santiago\/files\/2022\/06\/06.png","_links":{"self":[{"href":"https:\/\/medicina.udd.cl\/kinesiologia-santiago\/wp-json\/wp\/v2\/posts\/5543","targetHints":{"allow":["GET"]}}],"collection":[{"href":"https:\/\/medicina.udd.cl\/kinesiologia-santiago\/wp-json\/wp\/v2\/posts"}],"about":[{"href":"https:\/\/medicina.udd.cl\/kinesiologia-santiago\/wp-json\/wp\/v2\/types\/post"}],"author":[{"embeddable":true,"href":"https:\/\/medicina.udd.cl\/kinesiologia-santiago\/wp-json\/wp\/v2\/users\/9192219"}],"replies":[{"embeddable":true,"href":"https:\/\/medicina.udd.cl\/kinesiologia-santiago\/wp-json\/wp\/v2\/comments?post=5543"}],"version-history":[{"count":2,"href":"https:\/\/medicina.udd.cl\/kinesiologia-santiago\/wp-json\/wp\/v2\/posts\/5543\/revisions"}],"predecessor-version":[{"id":5547,"href":"https:\/\/medicina.udd.cl\/kinesiologia-santiago\/wp-json\/wp\/v2\/posts\/5543\/revisions\/5547"}],"wp:featuredmedia":[{"embeddable":true,"href":"https:\/\/medicina.udd.cl\/kinesiologia-santiago\/wp-json\/wp\/v2\/media\/5544"}],"wp:attachment":[{"href":"https:\/\/medicina.udd.cl\/kinesiologia-santiago\/wp-json\/wp\/v2\/media?parent=5543"}],"wp:term":[{"taxonomy":"category","embeddable":true,"href":"https:\/\/medicina.udd.cl\/kinesiologia-santiago\/wp-json\/wp\/v2\/categories?post=5543"},{"taxonomy":"post_tag","embeddable":true,"href":"https:\/\/medicina.udd.cl\/kinesiologia-santiago\/wp-json\/wp\/v2\/tags?post=5543"}],"curies":[{"name":"wp","href":"https:\/\/api.w.org\/{rel}","templated":true}]}}