{"id":5585,"date":"2022-07-08T16:26:05","date_gmt":"2022-07-08T20:26:05","guid":{"rendered":"https:\/\/medicina.udd.cl\/kinesiologia-santiago\/?p=5585"},"modified":"2022-07-08T16:26:06","modified_gmt":"2022-07-08T20:26:06","slug":"alumna-de-kinesiologia-representa-a-chile-en-el-mundial-de-hockey","status":"publish","type":"post","link":"https:\/\/medicina.udd.cl\/kinesiologia-santiago\/noticias\/2022\/07\/08\/alumna-de-kinesiologia-representa-a-chile-en-el-mundial-de-hockey\/","title":{"rendered":"Alumna de Kinesiolog\u00eda representa a Chile en el Mundial de Hockey"},"content":{"rendered":"\n<div class=\"wp-block-image\"><figure class=\"alignright size-large is-resized\"><img loading=\"lazy\" decoding=\"async\" src=\"https:\/\/medicina.udd.cl\/kinesiologia-santiago\/files\/2022\/07\/Captura-de-Pantalla-2022-07-08-a-las-16.22.35.png\" alt=\"\" class=\"wp-image-5586\" width=\"566\" height=\"376\" srcset=\"https:\/\/medicina.udd.cl\/kinesiologia-santiago\/files\/2022\/07\/Captura-de-Pantalla-2022-07-08-a-las-16.22.35.png 736w, https:\/\/medicina.udd.cl\/kinesiologia-santiago\/files\/2022\/07\/Captura-de-Pantalla-2022-07-08-a-las-16.22.35-300x199.png 300w\" sizes=\"auto, (max-width: 566px) 100vw, 566px\" \/><figcaption>Foto: @deniserojaslosada<\/figcaption><\/figure><\/div>\n\n\n\n<p>Entre el 1 y el 17 de julio, se est\u00e1 desarrollando la XV Copa Mundial de Hockey Femenino en la ciudad espa\u00f1ola de Terrassa y la neerlandesa de Amstelveen. En dicha competencia, Denise Rojas Losada, estudiante de 5to a\u00f1o de Kinesiolog\u00eda UDD, representa a Chile junto al equipo de \u201cLas Diablas\u201d, quienes por primera vez participan de este encuentro.<\/p>\n\n\n\n<p>Sobre compatibilizar la actividad acad\u00e9mica con los entrenamientos, Denise destac\u00f3 que \u201c<em>la preparaci\u00f3n fue muy buena, justo tuve mis primeras dos rotativas cuando estuve prepar\u00e1ndome para el mundial. Estoy muy agradecida de la Cl\u00ednica Alemana y de mis tutores. Despu\u00e9s, en la segunda rotativa, en la universidad, en el proyecto de investigaci\u00f3n, todo ese equipo me apoy\u00f3 mucho en lo que se viene as\u00ed que estoy muy agradecida por todo el apoyo que me brindaron<\/em>\u201d.<\/p>\n\n\n\n<p>En un hecho hist\u00f3rico, Las Diablas clasificaron a octavos de final, luego de una dif\u00edcil primera fase donde se enfrentaron con las selecciones de los Pa\u00edses Bajos, Alemania e Irlanda.<\/p>\n\n\n\n<p>\u201c<em>El debut fue incre\u00edble, estamos muy contentas. Era un primer mundial, totalmente hist\u00f3rico para Chile, as\u00ed que muy contenta de representar a Chile y tambi\u00e9n como estudiante de Kinesiolog\u00eda estoy muy contenta, creemos que es un salto para todas las generaciones para lo que se viene en el Hockey chileno, as\u00ed que muy feliz de representar a Chile en este Mundial<\/em>\u201d enfatiz\u00f3 Denise.<\/p>\n\n\n\n<p>Denise cuenta que ha sido muy dif\u00edcil y que el desempe\u00f1o ha ido de menos a m\u00e1s: \u201c<em>creemos que este ritmo es el que queremos estar, no queremos bajar de estos equipos de elite. Creemos que mientras m\u00e1s veces nos enfrentemos a estos equipos vamos a ir ganando m\u00e1s experiencia, as\u00ed que estamos muy contentas, ma\u00f1ana jugamos 8vos de final contra B\u00e9lgica y creemos que si queremos seguir haciendo historia tenemos que marcar una diferencia m\u00e1s, aportando un granito de arena a la mejor versi\u00f3n de Las Diablas<\/em>\u201d.<\/p>\n\n\n\n<p>\u00a1Le deseamos todo el \u00e9xito a Denise y a Las Diablas!<br><\/p>\n","protected":false},"excerpt":{"rendered":"<p>Entre el 1 y el 17 de julio, se est\u00e1 desarrollando la XV Copa Mundial de Hockey Femenino en la ciudad espa\u00f1ola de Terrassa y la neerlandesa de Amstelveen. En dicha competencia, Denise Rojas Losada, estudiante de 5to a\u00f1o de Kinesiolog\u00eda UDD, representa a Chile junto al equipo de \u201cLas Diablas\u201d, quienes por primera vez [&hellip;]<\/p>\n","protected":false},"author":9192254,"featured_media":5587,"comment_status":"open","ping_status":"open","sticky":false,"template":"","format":"standard","meta":{"footnotes":""},"categories":[1],"tags":[],"class_list":["post-5585","post","type-post","status-publish","format-standard","has-post-thumbnail","hentry","category-sin-categoria"],"yoast_head":"<!-- This site is optimized with the Yoast SEO plugin v26.9 - https:\/\/yoast.com\/product\/yoast-seo-wordpress\/ -->\n<title>Alumna de Kinesiolog\u00eda representa a Chile en el Mundial de Hockey - Kinesiolog\u00eda<\/title>\n<meta name=\"robots\" content=\"index, follow, max-snippet:-1, max-image-preview:large, max-video-preview:-1\" \/>\n<link rel=\"canonical\" href=\"https:\/\/medicina.udd.cl\/kinesiologia-santiago\/noticias\/2022\/07\/08\/alumna-de-kinesiologia-representa-a-chile-en-el-mundial-de-hockey\/\" \/>\n<meta property=\"og:locale\" content=\"es_ES\" \/>\n<meta property=\"og:type\" content=\"article\" \/>\n<meta property=\"og:title\" content=\"Alumna de Kinesiolog\u00eda representa a Chile en el Mundial de Hockey - Kinesiolog\u00eda\" \/>\n<meta property=\"og:description\" content=\"Entre el 1 y el 17 de julio, se est\u00e1 desarrollando la XV Copa Mundial de Hockey Femenino en la ciudad espa\u00f1ola de Terrassa y la neerlandesa de Amstelveen. En dicha competencia, Denise Rojas Losada, estudiante de 5to a\u00f1o de Kinesiolog\u00eda UDD, representa a Chile junto al equipo de \u201cLas Diablas\u201d, quienes por primera vez [&hellip;]\" \/>\n<meta property=\"og:url\" content=\"https:\/\/medicina.udd.cl\/kinesiologia-santiago\/noticias\/2022\/07\/08\/alumna-de-kinesiologia-representa-a-chile-en-el-mundial-de-hockey\/\" \/>\n<meta property=\"og:site_name\" content=\"Kinesiolog\u00eda\" \/>\n<meta property=\"article:published_time\" content=\"2022-07-08T20:26:05+00:00\" \/>\n<meta property=\"article:modified_time\" content=\"2022-07-08T20:26:06+00:00\" \/>\n<meta property=\"og:image\" content=\"https:\/\/medicina.udd.cl\/kinesiologia-santiago\/files\/2022\/07\/Captura-de-Pantalla-2022-07-08-a-las-16.21.35.png\" \/>\n\t<meta property=\"og:image:width\" content=\"736\" \/>\n\t<meta property=\"og:image:height\" content=\"490\" \/>\n\t<meta property=\"og:image:type\" content=\"image\/png\" \/>\n<meta name=\"author\" content=\"magdalenaestay\" \/>\n<meta name=\"twitter:label1\" content=\"Escrito por\" \/>\n\t<meta name=\"twitter:data1\" content=\"magdalenaestay\" \/>\n\t<meta name=\"twitter:label2\" content=\"Tiempo de lectura\" \/>\n\t<meta name=\"twitter:data2\" content=\"2 minutos\" \/>\n<script type=\"application\/ld+json\" class=\"yoast-schema-graph\">{\"@context\":\"https:\/\/schema.org\",\"@graph\":[{\"@type\":\"Article\",\"@id\":\"https:\/\/medicina.udd.cl\/kinesiologia-santiago\/noticias\/2022\/07\/08\/alumna-de-kinesiologia-representa-a-chile-en-el-mundial-de-hockey\/#article\",\"isPartOf\":{\"@id\":\"https:\/\/medicina.udd.cl\/kinesiologia-santiago\/noticias\/2022\/07\/08\/alumna-de-kinesiologia-representa-a-chile-en-el-mundial-de-hockey\/\"},\"author\":{\"name\":\"magdalenaestay\",\"@id\":\"https:\/\/medicina.udd.cl\/kinesiologia-santiago\/#\/schema\/person\/ed6f79d59c0f820f128a5bb9801ef1f2\"},\"headline\":\"Alumna de Kinesiolog\u00eda representa a Chile en el Mundial de Hockey\",\"datePublished\":\"2022-07-08T20:26:05+00:00\",\"dateModified\":\"2022-07-08T20:26:06+00:00\",\"mainEntityOfPage\":{\"@id\":\"https:\/\/medicina.udd.cl\/kinesiologia-santiago\/noticias\/2022\/07\/08\/alumna-de-kinesiologia-representa-a-chile-en-el-mundial-de-hockey\/\"},\"wordCount\":363,\"commentCount\":0,\"image\":{\"@id\":\"https:\/\/medicina.udd.cl\/kinesiologia-santiago\/noticias\/2022\/07\/08\/alumna-de-kinesiologia-representa-a-chile-en-el-mundial-de-hockey\/#primaryimage\"},\"thumbnailUrl\":\"https:\/\/medicina.udd.cl\/kinesiologia-santiago\/files\/2022\/07\/Captura-de-Pantalla-2022-07-08-a-las-16.21.35.png\",\"inLanguage\":\"es\",\"potentialAction\":[{\"@type\":\"CommentAction\",\"name\":\"Comment\",\"target\":[\"https:\/\/medicina.udd.cl\/kinesiologia-santiago\/noticias\/2022\/07\/08\/alumna-de-kinesiologia-representa-a-chile-en-el-mundial-de-hockey\/#respond\"]}]},{\"@type\":\"WebPage\",\"@id\":\"https:\/\/medicina.udd.cl\/kinesiologia-santiago\/noticias\/2022\/07\/08\/alumna-de-kinesiologia-representa-a-chile-en-el-mundial-de-hockey\/\",\"url\":\"https:\/\/medicina.udd.cl\/kinesiologia-santiago\/noticias\/2022\/07\/08\/alumna-de-kinesiologia-representa-a-chile-en-el-mundial-de-hockey\/\",\"name\":\"Alumna de Kinesiolog\u00eda representa a Chile en el Mundial de Hockey - Kinesiolog\u00eda\",\"isPartOf\":{\"@id\":\"https:\/\/medicina.udd.cl\/kinesiologia-santiago\/#website\"},\"primaryImageOfPage\":{\"@id\":\"https:\/\/medicina.udd.cl\/kinesiologia-santiago\/noticias\/2022\/07\/08\/alumna-de-kinesiologia-representa-a-chile-en-el-mundial-de-hockey\/#primaryimage\"},\"image\":{\"@id\":\"https:\/\/medicina.udd.cl\/kinesiologia-santiago\/noticias\/2022\/07\/08\/alumna-de-kinesiologia-representa-a-chile-en-el-mundial-de-hockey\/#primaryimage\"},\"thumbnailUrl\":\"https:\/\/medicina.udd.cl\/kinesiologia-santiago\/files\/2022\/07\/Captura-de-Pantalla-2022-07-08-a-las-16.21.35.png\",\"datePublished\":\"2022-07-08T20:26:05+00:00\",\"dateModified\":\"2022-07-08T20:26:06+00:00\",\"author\":{\"@id\":\"https:\/\/medicina.udd.cl\/kinesiologia-santiago\/#\/schema\/person\/ed6f79d59c0f820f128a5bb9801ef1f2\"},\"breadcrumb\":{\"@id\":\"https:\/\/medicina.udd.cl\/kinesiologia-santiago\/noticias\/2022\/07\/08\/alumna-de-kinesiologia-representa-a-chile-en-el-mundial-de-hockey\/#breadcrumb\"},\"inLanguage\":\"es\",\"potentialAction\":[{\"@type\":\"ReadAction\",\"target\":[\"https:\/\/medicina.udd.cl\/kinesiologia-santiago\/noticias\/2022\/07\/08\/alumna-de-kinesiologia-representa-a-chile-en-el-mundial-de-hockey\/\"]}]},{\"@type\":\"ImageObject\",\"inLanguage\":\"es\",\"@id\":\"https:\/\/medicina.udd.cl\/kinesiologia-santiago\/noticias\/2022\/07\/08\/alumna-de-kinesiologia-representa-a-chile-en-el-mundial-de-hockey\/#primaryimage\",\"url\":\"https:\/\/medicina.udd.cl\/kinesiologia-santiago\/files\/2022\/07\/Captura-de-Pantalla-2022-07-08-a-las-16.21.35.png\",\"contentUrl\":\"https:\/\/medicina.udd.cl\/kinesiologia-santiago\/files\/2022\/07\/Captura-de-Pantalla-2022-07-08-a-las-16.21.35.png\",\"width\":736,\"height\":490},{\"@type\":\"BreadcrumbList\",\"@id\":\"https:\/\/medicina.udd.cl\/kinesiologia-santiago\/noticias\/2022\/07\/08\/alumna-de-kinesiologia-representa-a-chile-en-el-mundial-de-hockey\/#breadcrumb\",\"itemListElement\":[{\"@type\":\"ListItem\",\"position\":1,\"name\":\"Home\",\"item\":\"https:\/\/medicina.udd.cl\/kinesiologia-santiago\/\"},{\"@type\":\"ListItem\",\"position\":2,\"name\":\"Alumna de Kinesiolog\u00eda representa a Chile en el Mundial de Hockey\"}]},{\"@type\":\"WebSite\",\"@id\":\"https:\/\/medicina.udd.cl\/kinesiologia-santiago\/#website\",\"url\":\"https:\/\/medicina.udd.cl\/kinesiologia-santiago\/\",\"name\":\"Kinesiolog\u00eda\",\"description\":\"Facultad de Medicina Cl\u00ednica Alemana Universidad del Desarrollo\",\"inLanguage\":\"es\"},{\"@type\":\"Person\",\"@id\":\"https:\/\/medicina.udd.cl\/kinesiologia-santiago\/#\/schema\/person\/ed6f79d59c0f820f128a5bb9801ef1f2\",\"name\":\"magdalenaestay\",\"image\":{\"@type\":\"ImageObject\",\"inLanguage\":\"es\",\"@id\":\"https:\/\/medicina.udd.cl\/kinesiologia-santiago\/#\/schema\/person\/image\/\",\"url\":\"https:\/\/secure.gravatar.com\/avatar\/b068ccaa115501438dab22979d0ff56e6306c4f89777269db483369ec65d8dc1?s=96&d=mm&r=g\",\"contentUrl\":\"https:\/\/secure.gravatar.com\/avatar\/b068ccaa115501438dab22979d0ff56e6306c4f89777269db483369ec65d8dc1?s=96&d=mm&r=g\",\"caption\":\"magdalenaestay\"},\"url\":\"https:\/\/medicina.udd.cl\/kinesiologia-santiago\/noticias\/author\/magdalenaestay\/\"}]}<\/script>\n<!-- \/ Yoast SEO plugin. -->","yoast_head_json":{"title":"Alumna de Kinesiolog\u00eda representa a Chile en el Mundial de Hockey - Kinesiolog\u00eda","robots":{"index":"index","follow":"follow","max-snippet":"max-snippet:-1","max-image-preview":"max-image-preview:large","max-video-preview":"max-video-preview:-1"},"canonical":"https:\/\/medicina.udd.cl\/kinesiologia-santiago\/noticias\/2022\/07\/08\/alumna-de-kinesiologia-representa-a-chile-en-el-mundial-de-hockey\/","og_locale":"es_ES","og_type":"article","og_title":"Alumna de Kinesiolog\u00eda representa a Chile en el Mundial de Hockey - Kinesiolog\u00eda","og_description":"Entre el 1 y el 17 de julio, se est\u00e1 desarrollando la XV Copa Mundial de Hockey Femenino en la ciudad espa\u00f1ola de Terrassa y la neerlandesa de Amstelveen. En dicha competencia, Denise Rojas Losada, estudiante de 5to a\u00f1o de Kinesiolog\u00eda UDD, representa a Chile junto al equipo de \u201cLas Diablas\u201d, quienes por primera vez [&hellip;]","og_url":"https:\/\/medicina.udd.cl\/kinesiologia-santiago\/noticias\/2022\/07\/08\/alumna-de-kinesiologia-representa-a-chile-en-el-mundial-de-hockey\/","og_site_name":"Kinesiolog\u00eda","article_published_time":"2022-07-08T20:26:05+00:00","article_modified_time":"2022-07-08T20:26:06+00:00","og_image":[{"width":736,"height":490,"url":"https:\/\/medicina.udd.cl\/kinesiologia-santiago\/files\/2022\/07\/Captura-de-Pantalla-2022-07-08-a-las-16.21.35.png","type":"image\/png"}],"author":"magdalenaestay","twitter_misc":{"Escrito por":"magdalenaestay","Tiempo de lectura":"2 minutos"},"schema":{"@context":"https:\/\/schema.org","@graph":[{"@type":"Article","@id":"https:\/\/medicina.udd.cl\/kinesiologia-santiago\/noticias\/2022\/07\/08\/alumna-de-kinesiologia-representa-a-chile-en-el-mundial-de-hockey\/#article","isPartOf":{"@id":"https:\/\/medicina.udd.cl\/kinesiologia-santiago\/noticias\/2022\/07\/08\/alumna-de-kinesiologia-representa-a-chile-en-el-mundial-de-hockey\/"},"author":{"name":"magdalenaestay","@id":"https:\/\/medicina.udd.cl\/kinesiologia-santiago\/#\/schema\/person\/ed6f79d59c0f820f128a5bb9801ef1f2"},"headline":"Alumna de Kinesiolog\u00eda representa a Chile en el Mundial de Hockey","datePublished":"2022-07-08T20:26:05+00:00","dateModified":"2022-07-08T20:26:06+00:00","mainEntityOfPage":{"@id":"https:\/\/medicina.udd.cl\/kinesiologia-santiago\/noticias\/2022\/07\/08\/alumna-de-kinesiologia-representa-a-chile-en-el-mundial-de-hockey\/"},"wordCount":363,"commentCount":0,"image":{"@id":"https:\/\/medicina.udd.cl\/kinesiologia-santiago\/noticias\/2022\/07\/08\/alumna-de-kinesiologia-representa-a-chile-en-el-mundial-de-hockey\/#primaryimage"},"thumbnailUrl":"https:\/\/medicina.udd.cl\/kinesiologia-santiago\/files\/2022\/07\/Captura-de-Pantalla-2022-07-08-a-las-16.21.35.png","inLanguage":"es","potentialAction":[{"@type":"CommentAction","name":"Comment","target":["https:\/\/medicina.udd.cl\/kinesiologia-santiago\/noticias\/2022\/07\/08\/alumna-de-kinesiologia-representa-a-chile-en-el-mundial-de-hockey\/#respond"]}]},{"@type":"WebPage","@id":"https:\/\/medicina.udd.cl\/kinesiologia-santiago\/noticias\/2022\/07\/08\/alumna-de-kinesiologia-representa-a-chile-en-el-mundial-de-hockey\/","url":"https:\/\/medicina.udd.cl\/kinesiologia-santiago\/noticias\/2022\/07\/08\/alumna-de-kinesiologia-representa-a-chile-en-el-mundial-de-hockey\/","name":"Alumna de Kinesiolog\u00eda representa a Chile en el Mundial de Hockey - Kinesiolog\u00eda","isPartOf":{"@id":"https:\/\/medicina.udd.cl\/kinesiologia-santiago\/#website"},"primaryImageOfPage":{"@id":"https:\/\/medicina.udd.cl\/kinesiologia-santiago\/noticias\/2022\/07\/08\/alumna-de-kinesiologia-representa-a-chile-en-el-mundial-de-hockey\/#primaryimage"},"image":{"@id":"https:\/\/medicina.udd.cl\/kinesiologia-santiago\/noticias\/2022\/07\/08\/alumna-de-kinesiologia-representa-a-chile-en-el-mundial-de-hockey\/#primaryimage"},"thumbnailUrl":"https:\/\/medicina.udd.cl\/kinesiologia-santiago\/files\/2022\/07\/Captura-de-Pantalla-2022-07-08-a-las-16.21.35.png","datePublished":"2022-07-08T20:26:05+00:00","dateModified":"2022-07-08T20:26:06+00:00","author":{"@id":"https:\/\/medicina.udd.cl\/kinesiologia-santiago\/#\/schema\/person\/ed6f79d59c0f820f128a5bb9801ef1f2"},"breadcrumb":{"@id":"https:\/\/medicina.udd.cl\/kinesiologia-santiago\/noticias\/2022\/07\/08\/alumna-de-kinesiologia-representa-a-chile-en-el-mundial-de-hockey\/#breadcrumb"},"inLanguage":"es","potentialAction":[{"@type":"ReadAction","target":["https:\/\/medicina.udd.cl\/kinesiologia-santiago\/noticias\/2022\/07\/08\/alumna-de-kinesiologia-representa-a-chile-en-el-mundial-de-hockey\/"]}]},{"@type":"ImageObject","inLanguage":"es","@id":"https:\/\/medicina.udd.cl\/kinesiologia-santiago\/noticias\/2022\/07\/08\/alumna-de-kinesiologia-representa-a-chile-en-el-mundial-de-hockey\/#primaryimage","url":"https:\/\/medicina.udd.cl\/kinesiologia-santiago\/files\/2022\/07\/Captura-de-Pantalla-2022-07-08-a-las-16.21.35.png","contentUrl":"https:\/\/medicina.udd.cl\/kinesiologia-santiago\/files\/2022\/07\/Captura-de-Pantalla-2022-07-08-a-las-16.21.35.png","width":736,"height":490},{"@type":"BreadcrumbList","@id":"https:\/\/medicina.udd.cl\/kinesiologia-santiago\/noticias\/2022\/07\/08\/alumna-de-kinesiologia-representa-a-chile-en-el-mundial-de-hockey\/#breadcrumb","itemListElement":[{"@type":"ListItem","position":1,"name":"Home","item":"https:\/\/medicina.udd.cl\/kinesiologia-santiago\/"},{"@type":"ListItem","position":2,"name":"Alumna de Kinesiolog\u00eda representa a Chile en el Mundial de Hockey"}]},{"@type":"WebSite","@id":"https:\/\/medicina.udd.cl\/kinesiologia-santiago\/#website","url":"https:\/\/medicina.udd.cl\/kinesiologia-santiago\/","name":"Kinesiolog\u00eda","description":"Facultad de Medicina Cl\u00ednica Alemana Universidad del Desarrollo","inLanguage":"es"},{"@type":"Person","@id":"https:\/\/medicina.udd.cl\/kinesiologia-santiago\/#\/schema\/person\/ed6f79d59c0f820f128a5bb9801ef1f2","name":"magdalenaestay","image":{"@type":"ImageObject","inLanguage":"es","@id":"https:\/\/medicina.udd.cl\/kinesiologia-santiago\/#\/schema\/person\/image\/","url":"https:\/\/secure.gravatar.com\/avatar\/b068ccaa115501438dab22979d0ff56e6306c4f89777269db483369ec65d8dc1?s=96&d=mm&r=g","contentUrl":"https:\/\/secure.gravatar.com\/avatar\/b068ccaa115501438dab22979d0ff56e6306c4f89777269db483369ec65d8dc1?s=96&d=mm&r=g","caption":"magdalenaestay"},"url":"https:\/\/medicina.udd.cl\/kinesiologia-santiago\/noticias\/author\/magdalenaestay\/"}]}},"featured_image_url":"https:\/\/medicina.udd.cl\/kinesiologia-santiago\/files\/2022\/07\/Captura-de-Pantalla-2022-07-08-a-las-16.21.35.png","_links":{"self":[{"href":"https:\/\/medicina.udd.cl\/kinesiologia-santiago\/wp-json\/wp\/v2\/posts\/5585","targetHints":{"allow":["GET"]}}],"collection":[{"href":"https:\/\/medicina.udd.cl\/kinesiologia-santiago\/wp-json\/wp\/v2\/posts"}],"about":[{"href":"https:\/\/medicina.udd.cl\/kinesiologia-santiago\/wp-json\/wp\/v2\/types\/post"}],"author":[{"embeddable":true,"href":"https:\/\/medicina.udd.cl\/kinesiologia-santiago\/wp-json\/wp\/v2\/users\/9192254"}],"replies":[{"embeddable":true,"href":"https:\/\/medicina.udd.cl\/kinesiologia-santiago\/wp-json\/wp\/v2\/comments?post=5585"}],"version-history":[{"count":1,"href":"https:\/\/medicina.udd.cl\/kinesiologia-santiago\/wp-json\/wp\/v2\/posts\/5585\/revisions"}],"predecessor-version":[{"id":5588,"href":"https:\/\/medicina.udd.cl\/kinesiologia-santiago\/wp-json\/wp\/v2\/posts\/5585\/revisions\/5588"}],"wp:featuredmedia":[{"embeddable":true,"href":"https:\/\/medicina.udd.cl\/kinesiologia-santiago\/wp-json\/wp\/v2\/media\/5587"}],"wp:attachment":[{"href":"https:\/\/medicina.udd.cl\/kinesiologia-santiago\/wp-json\/wp\/v2\/media?parent=5585"}],"wp:term":[{"taxonomy":"category","embeddable":true,"href":"https:\/\/medicina.udd.cl\/kinesiologia-santiago\/wp-json\/wp\/v2\/categories?post=5585"},{"taxonomy":"post_tag","embeddable":true,"href":"https:\/\/medicina.udd.cl\/kinesiologia-santiago\/wp-json\/wp\/v2\/tags?post=5585"}],"curies":[{"name":"wp","href":"https:\/\/api.w.org\/{rel}","templated":true}]}}