{"id":5720,"date":"2022-10-18T13:43:00","date_gmt":"2022-10-18T16:43:00","guid":{"rendered":"https:\/\/medicina.udd.cl\/kinesiologia-santiago\/?p=5720"},"modified":"2022-11-22T13:19:06","modified_gmt":"2022-11-22T16:19:06","slug":"realizan-conferencia-reflexiones-sobre-el-futuro-de-la-rehabilitacion-en-chile-una-mirada-al-plan-nacional-de-rehabilitacion-2021-2030","status":"publish","type":"post","link":"https:\/\/medicina.udd.cl\/kinesiologia-santiago\/noticias\/2022\/10\/18\/realizan-conferencia-reflexiones-sobre-el-futuro-de-la-rehabilitacion-en-chile-una-mirada-al-plan-nacional-de-rehabilitacion-2021-2030\/","title":{"rendered":"Realizan conferencia \u201cReflexiones sobre el futuro de la rehabilitaci\u00f3n en Chile: Una mirada al plan nacional de rehabilitaci\u00f3n 2021-2030\u201d"},"content":{"rendered":"\n<figure class=\"wp-block-image aligncenter size-large\"><a href=\"https:\/\/medicina.udd.cl\/kinesiologia-santiago\/files\/2022\/10\/cropped-kinesiologia-3-scaled-1.jpg\"><img loading=\"lazy\" decoding=\"async\" width=\"1024\" height=\"576\" src=\"https:\/\/medicina.udd.cl\/kinesiologia-santiago\/files\/2022\/10\/cropped-kinesiologia-3-scaled-1-1024x576.jpg\" alt=\"\" class=\"wp-image-5691\" srcset=\"https:\/\/medicina.udd.cl\/kinesiologia-santiago\/files\/2022\/10\/cropped-kinesiologia-3-scaled-1-1024x576.jpg 1024w, https:\/\/medicina.udd.cl\/kinesiologia-santiago\/files\/2022\/10\/cropped-kinesiologia-3-scaled-1-300x169.jpg 300w, https:\/\/medicina.udd.cl\/kinesiologia-santiago\/files\/2022\/10\/cropped-kinesiologia-3-scaled-1-768x432.jpg 768w, https:\/\/medicina.udd.cl\/kinesiologia-santiago\/files\/2022\/10\/cropped-kinesiologia-3-scaled-1-1536x864.jpg 1536w, https:\/\/medicina.udd.cl\/kinesiologia-santiago\/files\/2022\/10\/cropped-kinesiologia-3-scaled-1-1366x768.jpg 1366w, https:\/\/medicina.udd.cl\/kinesiologia-santiago\/files\/2022\/10\/cropped-kinesiologia-3-scaled-1-680x382.jpg 680w, https:\/\/medicina.udd.cl\/kinesiologia-santiago\/files\/2022\/10\/cropped-kinesiologia-3-scaled-1.jpg 1920w\" sizes=\"auto, (max-width: 1024px) 100vw, 1024px\" \/><\/a><\/figure>\n\n\n\n<p>El pasado viernes 14 de octubre, se realiz\u00f3 la conferencia denominada \u201cReflexiones sobre el futuro de la rehabilitaci\u00f3n en Chile: Una mirada al plan nacional de rehabilitaci\u00f3n 2021-2030\u201d, actividad organizada por el equipo del Mag\u00edster en Terapia F\u00edsica y Rehabilitaci\u00f3n (MAKI), de la Facultad de Medicina Cl\u00ednica Alemana Universidad del Desarrollo.<\/p>\n\n\n\n<p>La actividad cont\u00f3 con la ponencia de la Dra. Ximena Neculhueque, m\u00e9dico fisiatra y asesora del Dpto. de Enfermedades No transmisibles, Divisi\u00f3n de Prevenci\u00f3n y Control de Enfermedades, de la Subsecretar\u00eda de Salud P\u00fablica MINSAL, quien indic\u00f3 que, con este Plan Nacional&nbsp;<em>\u201cse pretende incorporar servicios de rehabilitaci\u00f3n en todos los niveles de atenci\u00f3n, a trav\u00e9s de equipos interdisciplinarios, y con establecimientos que entreguen esos servicios de rehabilitaci\u00f3n a toda la poblaci\u00f3n que lo requiera\u201d.<\/em><\/p>\n\n\n\n<p>Asimismo, la doctora Neculhueque, destac\u00f3 que el Plan Nacional de Rehabilitaci\u00f3n es pionero en Chile, y es tambi\u00e9n uno de los pocos planes implementados a nivel mundial.&nbsp;<em>\u201cSu funcionamiento se basa en los principios y objetivos en materia de rehabilitaci\u00f3n del pa\u00eds que, de aqu\u00ed a 10 a\u00f1os, deben optimizar el funcionamiento de los servicios de toda la poblaci\u00f3n que lo requiera\u201d.<\/em><\/p>\n\n\n\n<p>Revive a continuaci\u00f3n, lo que fue la conferencia \u201cReflexiones sobre el futuro de la rehabilitaci\u00f3n en Chile: Una mirada al plan nacional de rehabilitaci\u00f3n 2021-2030\u201d:<\/p>\n\n\n\n<figure class=\"wp-block-embed is-type-video is-provider-youtube wp-block-embed-youtube wp-embed-aspect-16-9 wp-has-aspect-ratio\"><div class=\"wp-block-embed__wrapper\">\n<iframe loading=\"lazy\" title=\"Conferencia | Reflexiones sobre el futuro de la rehabilitaci\u00f3n en Chile\" width=\"500\" height=\"281\" src=\"https:\/\/www.youtube.com\/embed\/fSH8DA6iWl8?start=1&#038;feature=oembed&#038;rel=0&#038;modestbranding=1&#038;autohide=1&#038;autoplay=0&#038;enablejsapi=1&#038;showinfo=0\" allowautoplay=\"allowautoplay\" frameborder=\"0\" allow=\"accelerometer; autoplay; clipboard-write; encrypted-media; gyroscope; picture-in-picture; web-share\" referrerpolicy=\"strict-origin-when-cross-origin\" allowfullscreen><\/iframe>\n<\/div><\/figure>\n","protected":false},"excerpt":{"rendered":"<p>El pasado viernes 14 de octubre, se realiz\u00f3 la conferencia denominada \u201cReflexiones sobre el futuro de la rehabilitaci\u00f3n en Chile: Una mirada al plan nacional de rehabilitaci\u00f3n 2021-2030\u201d, actividad organizada por el equipo del Mag\u00edster en Terapia F\u00edsica y Rehabilitaci\u00f3n (MAKI), de la Facultad de Medicina Cl\u00ednica Alemana Universidad del Desarrollo. La actividad cont\u00f3 con [&hellip;]<\/p>\n","protected":false},"author":9192219,"featured_media":5758,"comment_status":"open","ping_status":"open","sticky":false,"template":"","format":"standard","meta":{"footnotes":""},"categories":[4],"tags":[],"class_list":["post-5720","post","type-post","status-publish","format-standard","has-post-thumbnail","hentry","category-noticias"],"yoast_head":"<!-- This site is optimized with the Yoast SEO plugin v26.9 - https:\/\/yoast.com\/product\/yoast-seo-wordpress\/ -->\n<title>Realizan conferencia \u201cReflexiones sobre el futuro de la rehabilitaci\u00f3n en Chile: Una mirada al plan nacional de rehabilitaci\u00f3n 2021-2030\u201d - Kinesiolog\u00eda<\/title>\n<meta name=\"robots\" content=\"index, follow, max-snippet:-1, max-image-preview:large, max-video-preview:-1\" \/>\n<link rel=\"canonical\" href=\"https:\/\/medicina.udd.cl\/kinesiologia-santiago\/noticias\/2022\/10\/18\/realizan-conferencia-reflexiones-sobre-el-futuro-de-la-rehabilitacion-en-chile-una-mirada-al-plan-nacional-de-rehabilitacion-2021-2030\/\" \/>\n<meta property=\"og:locale\" content=\"es_ES\" \/>\n<meta property=\"og:type\" content=\"article\" \/>\n<meta property=\"og:title\" content=\"Realizan conferencia \u201cReflexiones sobre el futuro de la rehabilitaci\u00f3n en Chile: Una mirada al plan nacional de rehabilitaci\u00f3n 2021-2030\u201d - Kinesiolog\u00eda\" \/>\n<meta property=\"og:description\" content=\"El pasado viernes 14 de octubre, se realiz\u00f3 la conferencia denominada \u201cReflexiones sobre el futuro de la rehabilitaci\u00f3n en Chile: Una mirada al plan nacional de rehabilitaci\u00f3n 2021-2030\u201d, actividad organizada por el equipo del Mag\u00edster en Terapia F\u00edsica y Rehabilitaci\u00f3n (MAKI), de la Facultad de Medicina Cl\u00ednica Alemana Universidad del Desarrollo. La actividad cont\u00f3 con [&hellip;]\" \/>\n<meta property=\"og:url\" content=\"https:\/\/medicina.udd.cl\/kinesiologia-santiago\/noticias\/2022\/10\/18\/realizan-conferencia-reflexiones-sobre-el-futuro-de-la-rehabilitacion-en-chile-una-mirada-al-plan-nacional-de-rehabilitacion-2021-2030\/\" \/>\n<meta property=\"og:site_name\" content=\"Kinesiolog\u00eda\" \/>\n<meta property=\"article:published_time\" content=\"2022-10-18T16:43:00+00:00\" \/>\n<meta property=\"article:modified_time\" content=\"2022-11-22T16:19:06+00:00\" \/>\n<meta property=\"og:image\" content=\"https:\/\/medicina.udd.cl\/kinesiologia-santiago\/files\/2022\/10\/cropped-cropped-kinesiologia-3-scaled-1.jpg\" \/>\n\t<meta property=\"og:image:width\" content=\"1920\" \/>\n\t<meta property=\"og:image:height\" content=\"960\" \/>\n\t<meta property=\"og:image:type\" content=\"image\/jpeg\" \/>\n<meta name=\"author\" content=\"rbraidy\" \/>\n<meta name=\"twitter:label1\" content=\"Escrito por\" \/>\n\t<meta name=\"twitter:data1\" content=\"rbraidy\" \/>\n\t<meta name=\"twitter:label2\" content=\"Tiempo de lectura\" \/>\n\t<meta name=\"twitter:data2\" content=\"2 minutos\" \/>\n<script type=\"application\/ld+json\" class=\"yoast-schema-graph\">{\"@context\":\"https:\/\/schema.org\",\"@graph\":[{\"@type\":\"Article\",\"@id\":\"https:\/\/medicina.udd.cl\/kinesiologia-santiago\/noticias\/2022\/10\/18\/realizan-conferencia-reflexiones-sobre-el-futuro-de-la-rehabilitacion-en-chile-una-mirada-al-plan-nacional-de-rehabilitacion-2021-2030\/#article\",\"isPartOf\":{\"@id\":\"https:\/\/medicina.udd.cl\/kinesiologia-santiago\/noticias\/2022\/10\/18\/realizan-conferencia-reflexiones-sobre-el-futuro-de-la-rehabilitacion-en-chile-una-mirada-al-plan-nacional-de-rehabilitacion-2021-2030\/\"},\"author\":{\"name\":\"rbraidy\",\"@id\":\"https:\/\/medicina.udd.cl\/kinesiologia-santiago\/#\/schema\/person\/dbc3705bf3a93e8be1ba6de0ef950341\"},\"headline\":\"Realizan conferencia \u201cReflexiones sobre el futuro de la rehabilitaci\u00f3n en Chile: Una mirada al plan nacional de rehabilitaci\u00f3n 2021-2030\u201d\",\"datePublished\":\"2022-10-18T16:43:00+00:00\",\"dateModified\":\"2022-11-22T16:19:06+00:00\",\"mainEntityOfPage\":{\"@id\":\"https:\/\/medicina.udd.cl\/kinesiologia-santiago\/noticias\/2022\/10\/18\/realizan-conferencia-reflexiones-sobre-el-futuro-de-la-rehabilitacion-en-chile-una-mirada-al-plan-nacional-de-rehabilitacion-2021-2030\/\"},\"wordCount\":271,\"commentCount\":0,\"image\":{\"@id\":\"https:\/\/medicina.udd.cl\/kinesiologia-santiago\/noticias\/2022\/10\/18\/realizan-conferencia-reflexiones-sobre-el-futuro-de-la-rehabilitacion-en-chile-una-mirada-al-plan-nacional-de-rehabilitacion-2021-2030\/#primaryimage\"},\"thumbnailUrl\":\"https:\/\/medicina.udd.cl\/kinesiologia-santiago\/files\/2022\/10\/cropped-cropped-kinesiologia-3-scaled-1.jpg\",\"articleSection\":[\"Noticias\"],\"inLanguage\":\"es\",\"potentialAction\":[{\"@type\":\"CommentAction\",\"name\":\"Comment\",\"target\":[\"https:\/\/medicina.udd.cl\/kinesiologia-santiago\/noticias\/2022\/10\/18\/realizan-conferencia-reflexiones-sobre-el-futuro-de-la-rehabilitacion-en-chile-una-mirada-al-plan-nacional-de-rehabilitacion-2021-2030\/#respond\"]}]},{\"@type\":\"WebPage\",\"@id\":\"https:\/\/medicina.udd.cl\/kinesiologia-santiago\/noticias\/2022\/10\/18\/realizan-conferencia-reflexiones-sobre-el-futuro-de-la-rehabilitacion-en-chile-una-mirada-al-plan-nacional-de-rehabilitacion-2021-2030\/\",\"url\":\"https:\/\/medicina.udd.cl\/kinesiologia-santiago\/noticias\/2022\/10\/18\/realizan-conferencia-reflexiones-sobre-el-futuro-de-la-rehabilitacion-en-chile-una-mirada-al-plan-nacional-de-rehabilitacion-2021-2030\/\",\"name\":\"Realizan conferencia \u201cReflexiones sobre el futuro de la rehabilitaci\u00f3n en Chile: Una mirada al plan nacional de rehabilitaci\u00f3n 2021-2030\u201d - Kinesiolog\u00eda\",\"isPartOf\":{\"@id\":\"https:\/\/medicina.udd.cl\/kinesiologia-santiago\/#website\"},\"primaryImageOfPage\":{\"@id\":\"https:\/\/medicina.udd.cl\/kinesiologia-santiago\/noticias\/2022\/10\/18\/realizan-conferencia-reflexiones-sobre-el-futuro-de-la-rehabilitacion-en-chile-una-mirada-al-plan-nacional-de-rehabilitacion-2021-2030\/#primaryimage\"},\"image\":{\"@id\":\"https:\/\/medicina.udd.cl\/kinesiologia-santiago\/noticias\/2022\/10\/18\/realizan-conferencia-reflexiones-sobre-el-futuro-de-la-rehabilitacion-en-chile-una-mirada-al-plan-nacional-de-rehabilitacion-2021-2030\/#primaryimage\"},\"thumbnailUrl\":\"https:\/\/medicina.udd.cl\/kinesiologia-santiago\/files\/2022\/10\/cropped-cropped-kinesiologia-3-scaled-1.jpg\",\"datePublished\":\"2022-10-18T16:43:00+00:00\",\"dateModified\":\"2022-11-22T16:19:06+00:00\",\"author\":{\"@id\":\"https:\/\/medicina.udd.cl\/kinesiologia-santiago\/#\/schema\/person\/dbc3705bf3a93e8be1ba6de0ef950341\"},\"breadcrumb\":{\"@id\":\"https:\/\/medicina.udd.cl\/kinesiologia-santiago\/noticias\/2022\/10\/18\/realizan-conferencia-reflexiones-sobre-el-futuro-de-la-rehabilitacion-en-chile-una-mirada-al-plan-nacional-de-rehabilitacion-2021-2030\/#breadcrumb\"},\"inLanguage\":\"es\",\"potentialAction\":[{\"@type\":\"ReadAction\",\"target\":[\"https:\/\/medicina.udd.cl\/kinesiologia-santiago\/noticias\/2022\/10\/18\/realizan-conferencia-reflexiones-sobre-el-futuro-de-la-rehabilitacion-en-chile-una-mirada-al-plan-nacional-de-rehabilitacion-2021-2030\/\"]}]},{\"@type\":\"ImageObject\",\"inLanguage\":\"es\",\"@id\":\"https:\/\/medicina.udd.cl\/kinesiologia-santiago\/noticias\/2022\/10\/18\/realizan-conferencia-reflexiones-sobre-el-futuro-de-la-rehabilitacion-en-chile-una-mirada-al-plan-nacional-de-rehabilitacion-2021-2030\/#primaryimage\",\"url\":\"https:\/\/medicina.udd.cl\/kinesiologia-santiago\/files\/2022\/10\/cropped-cropped-kinesiologia-3-scaled-1.jpg\",\"contentUrl\":\"https:\/\/medicina.udd.cl\/kinesiologia-santiago\/files\/2022\/10\/cropped-cropped-kinesiologia-3-scaled-1.jpg\",\"width\":1920,\"height\":960},{\"@type\":\"BreadcrumbList\",\"@id\":\"https:\/\/medicina.udd.cl\/kinesiologia-santiago\/noticias\/2022\/10\/18\/realizan-conferencia-reflexiones-sobre-el-futuro-de-la-rehabilitacion-en-chile-una-mirada-al-plan-nacional-de-rehabilitacion-2021-2030\/#breadcrumb\",\"itemListElement\":[{\"@type\":\"ListItem\",\"position\":1,\"name\":\"Home\",\"item\":\"https:\/\/medicina.udd.cl\/kinesiologia-santiago\/\"},{\"@type\":\"ListItem\",\"position\":2,\"name\":\"Realizan conferencia \u201cReflexiones sobre el futuro de la rehabilitaci\u00f3n en Chile: Una mirada al plan nacional de rehabilitaci\u00f3n 2021-2030\u201d\"}]},{\"@type\":\"WebSite\",\"@id\":\"https:\/\/medicina.udd.cl\/kinesiologia-santiago\/#website\",\"url\":\"https:\/\/medicina.udd.cl\/kinesiologia-santiago\/\",\"name\":\"Kinesiolog\u00eda\",\"description\":\"Facultad de Medicina Cl\u00ednica Alemana Universidad del Desarrollo\",\"inLanguage\":\"es\"},{\"@type\":\"Person\",\"@id\":\"https:\/\/medicina.udd.cl\/kinesiologia-santiago\/#\/schema\/person\/dbc3705bf3a93e8be1ba6de0ef950341\",\"name\":\"rbraidy\",\"image\":{\"@type\":\"ImageObject\",\"inLanguage\":\"es\",\"@id\":\"https:\/\/medicina.udd.cl\/kinesiologia-santiago\/#\/schema\/person\/image\/\",\"url\":\"https:\/\/secure.gravatar.com\/avatar\/0f8bc94637401590e45d2ce17eb65c274cb8870a219de6177f3f23e63fd8cdf3?s=96&d=mm&r=g\",\"contentUrl\":\"https:\/\/secure.gravatar.com\/avatar\/0f8bc94637401590e45d2ce17eb65c274cb8870a219de6177f3f23e63fd8cdf3?s=96&d=mm&r=g\",\"caption\":\"rbraidy\"},\"url\":\"https:\/\/medicina.udd.cl\/kinesiologia-santiago\/noticias\/author\/rbraidy\/\"}]}<\/script>\n<!-- \/ Yoast SEO plugin. -->","yoast_head_json":{"title":"Realizan conferencia \u201cReflexiones sobre el futuro de la rehabilitaci\u00f3n en Chile: Una mirada al plan nacional de rehabilitaci\u00f3n 2021-2030\u201d - Kinesiolog\u00eda","robots":{"index":"index","follow":"follow","max-snippet":"max-snippet:-1","max-image-preview":"max-image-preview:large","max-video-preview":"max-video-preview:-1"},"canonical":"https:\/\/medicina.udd.cl\/kinesiologia-santiago\/noticias\/2022\/10\/18\/realizan-conferencia-reflexiones-sobre-el-futuro-de-la-rehabilitacion-en-chile-una-mirada-al-plan-nacional-de-rehabilitacion-2021-2030\/","og_locale":"es_ES","og_type":"article","og_title":"Realizan conferencia \u201cReflexiones sobre el futuro de la rehabilitaci\u00f3n en Chile: Una mirada al plan nacional de rehabilitaci\u00f3n 2021-2030\u201d - Kinesiolog\u00eda","og_description":"El pasado viernes 14 de octubre, se realiz\u00f3 la conferencia denominada \u201cReflexiones sobre el futuro de la rehabilitaci\u00f3n en Chile: Una mirada al plan nacional de rehabilitaci\u00f3n 2021-2030\u201d, actividad organizada por el equipo del Mag\u00edster en Terapia F\u00edsica y Rehabilitaci\u00f3n (MAKI), de la Facultad de Medicina Cl\u00ednica Alemana Universidad del Desarrollo. La actividad cont\u00f3 con [&hellip;]","og_url":"https:\/\/medicina.udd.cl\/kinesiologia-santiago\/noticias\/2022\/10\/18\/realizan-conferencia-reflexiones-sobre-el-futuro-de-la-rehabilitacion-en-chile-una-mirada-al-plan-nacional-de-rehabilitacion-2021-2030\/","og_site_name":"Kinesiolog\u00eda","article_published_time":"2022-10-18T16:43:00+00:00","article_modified_time":"2022-11-22T16:19:06+00:00","og_image":[{"width":1920,"height":960,"url":"https:\/\/medicina.udd.cl\/kinesiologia-santiago\/files\/2022\/10\/cropped-cropped-kinesiologia-3-scaled-1.jpg","type":"image\/jpeg"}],"author":"rbraidy","twitter_misc":{"Escrito por":"rbraidy","Tiempo de lectura":"2 minutos"},"schema":{"@context":"https:\/\/schema.org","@graph":[{"@type":"Article","@id":"https:\/\/medicina.udd.cl\/kinesiologia-santiago\/noticias\/2022\/10\/18\/realizan-conferencia-reflexiones-sobre-el-futuro-de-la-rehabilitacion-en-chile-una-mirada-al-plan-nacional-de-rehabilitacion-2021-2030\/#article","isPartOf":{"@id":"https:\/\/medicina.udd.cl\/kinesiologia-santiago\/noticias\/2022\/10\/18\/realizan-conferencia-reflexiones-sobre-el-futuro-de-la-rehabilitacion-en-chile-una-mirada-al-plan-nacional-de-rehabilitacion-2021-2030\/"},"author":{"name":"rbraidy","@id":"https:\/\/medicina.udd.cl\/kinesiologia-santiago\/#\/schema\/person\/dbc3705bf3a93e8be1ba6de0ef950341"},"headline":"Realizan conferencia \u201cReflexiones sobre el futuro de la rehabilitaci\u00f3n en Chile: Una mirada al plan nacional de rehabilitaci\u00f3n 2021-2030\u201d","datePublished":"2022-10-18T16:43:00+00:00","dateModified":"2022-11-22T16:19:06+00:00","mainEntityOfPage":{"@id":"https:\/\/medicina.udd.cl\/kinesiologia-santiago\/noticias\/2022\/10\/18\/realizan-conferencia-reflexiones-sobre-el-futuro-de-la-rehabilitacion-en-chile-una-mirada-al-plan-nacional-de-rehabilitacion-2021-2030\/"},"wordCount":271,"commentCount":0,"image":{"@id":"https:\/\/medicina.udd.cl\/kinesiologia-santiago\/noticias\/2022\/10\/18\/realizan-conferencia-reflexiones-sobre-el-futuro-de-la-rehabilitacion-en-chile-una-mirada-al-plan-nacional-de-rehabilitacion-2021-2030\/#primaryimage"},"thumbnailUrl":"https:\/\/medicina.udd.cl\/kinesiologia-santiago\/files\/2022\/10\/cropped-cropped-kinesiologia-3-scaled-1.jpg","articleSection":["Noticias"],"inLanguage":"es","potentialAction":[{"@type":"CommentAction","name":"Comment","target":["https:\/\/medicina.udd.cl\/kinesiologia-santiago\/noticias\/2022\/10\/18\/realizan-conferencia-reflexiones-sobre-el-futuro-de-la-rehabilitacion-en-chile-una-mirada-al-plan-nacional-de-rehabilitacion-2021-2030\/#respond"]}]},{"@type":"WebPage","@id":"https:\/\/medicina.udd.cl\/kinesiologia-santiago\/noticias\/2022\/10\/18\/realizan-conferencia-reflexiones-sobre-el-futuro-de-la-rehabilitacion-en-chile-una-mirada-al-plan-nacional-de-rehabilitacion-2021-2030\/","url":"https:\/\/medicina.udd.cl\/kinesiologia-santiago\/noticias\/2022\/10\/18\/realizan-conferencia-reflexiones-sobre-el-futuro-de-la-rehabilitacion-en-chile-una-mirada-al-plan-nacional-de-rehabilitacion-2021-2030\/","name":"Realizan conferencia \u201cReflexiones sobre el futuro de la rehabilitaci\u00f3n en Chile: Una mirada al plan nacional de rehabilitaci\u00f3n 2021-2030\u201d - Kinesiolog\u00eda","isPartOf":{"@id":"https:\/\/medicina.udd.cl\/kinesiologia-santiago\/#website"},"primaryImageOfPage":{"@id":"https:\/\/medicina.udd.cl\/kinesiologia-santiago\/noticias\/2022\/10\/18\/realizan-conferencia-reflexiones-sobre-el-futuro-de-la-rehabilitacion-en-chile-una-mirada-al-plan-nacional-de-rehabilitacion-2021-2030\/#primaryimage"},"image":{"@id":"https:\/\/medicina.udd.cl\/kinesiologia-santiago\/noticias\/2022\/10\/18\/realizan-conferencia-reflexiones-sobre-el-futuro-de-la-rehabilitacion-en-chile-una-mirada-al-plan-nacional-de-rehabilitacion-2021-2030\/#primaryimage"},"thumbnailUrl":"https:\/\/medicina.udd.cl\/kinesiologia-santiago\/files\/2022\/10\/cropped-cropped-kinesiologia-3-scaled-1.jpg","datePublished":"2022-10-18T16:43:00+00:00","dateModified":"2022-11-22T16:19:06+00:00","author":{"@id":"https:\/\/medicina.udd.cl\/kinesiologia-santiago\/#\/schema\/person\/dbc3705bf3a93e8be1ba6de0ef950341"},"breadcrumb":{"@id":"https:\/\/medicina.udd.cl\/kinesiologia-santiago\/noticias\/2022\/10\/18\/realizan-conferencia-reflexiones-sobre-el-futuro-de-la-rehabilitacion-en-chile-una-mirada-al-plan-nacional-de-rehabilitacion-2021-2030\/#breadcrumb"},"inLanguage":"es","potentialAction":[{"@type":"ReadAction","target":["https:\/\/medicina.udd.cl\/kinesiologia-santiago\/noticias\/2022\/10\/18\/realizan-conferencia-reflexiones-sobre-el-futuro-de-la-rehabilitacion-en-chile-una-mirada-al-plan-nacional-de-rehabilitacion-2021-2030\/"]}]},{"@type":"ImageObject","inLanguage":"es","@id":"https:\/\/medicina.udd.cl\/kinesiologia-santiago\/noticias\/2022\/10\/18\/realizan-conferencia-reflexiones-sobre-el-futuro-de-la-rehabilitacion-en-chile-una-mirada-al-plan-nacional-de-rehabilitacion-2021-2030\/#primaryimage","url":"https:\/\/medicina.udd.cl\/kinesiologia-santiago\/files\/2022\/10\/cropped-cropped-kinesiologia-3-scaled-1.jpg","contentUrl":"https:\/\/medicina.udd.cl\/kinesiologia-santiago\/files\/2022\/10\/cropped-cropped-kinesiologia-3-scaled-1.jpg","width":1920,"height":960},{"@type":"BreadcrumbList","@id":"https:\/\/medicina.udd.cl\/kinesiologia-santiago\/noticias\/2022\/10\/18\/realizan-conferencia-reflexiones-sobre-el-futuro-de-la-rehabilitacion-en-chile-una-mirada-al-plan-nacional-de-rehabilitacion-2021-2030\/#breadcrumb","itemListElement":[{"@type":"ListItem","position":1,"name":"Home","item":"https:\/\/medicina.udd.cl\/kinesiologia-santiago\/"},{"@type":"ListItem","position":2,"name":"Realizan conferencia \u201cReflexiones sobre el futuro de la rehabilitaci\u00f3n en Chile: Una mirada al plan nacional de rehabilitaci\u00f3n 2021-2030\u201d"}]},{"@type":"WebSite","@id":"https:\/\/medicina.udd.cl\/kinesiologia-santiago\/#website","url":"https:\/\/medicina.udd.cl\/kinesiologia-santiago\/","name":"Kinesiolog\u00eda","description":"Facultad de Medicina Cl\u00ednica Alemana Universidad del Desarrollo","inLanguage":"es"},{"@type":"Person","@id":"https:\/\/medicina.udd.cl\/kinesiologia-santiago\/#\/schema\/person\/dbc3705bf3a93e8be1ba6de0ef950341","name":"rbraidy","image":{"@type":"ImageObject","inLanguage":"es","@id":"https:\/\/medicina.udd.cl\/kinesiologia-santiago\/#\/schema\/person\/image\/","url":"https:\/\/secure.gravatar.com\/avatar\/0f8bc94637401590e45d2ce17eb65c274cb8870a219de6177f3f23e63fd8cdf3?s=96&d=mm&r=g","contentUrl":"https:\/\/secure.gravatar.com\/avatar\/0f8bc94637401590e45d2ce17eb65c274cb8870a219de6177f3f23e63fd8cdf3?s=96&d=mm&r=g","caption":"rbraidy"},"url":"https:\/\/medicina.udd.cl\/kinesiologia-santiago\/noticias\/author\/rbraidy\/"}]}},"featured_image_url":"https:\/\/medicina.udd.cl\/kinesiologia-santiago\/files\/2022\/10\/cropped-cropped-kinesiologia-3-scaled-1.jpg","_links":{"self":[{"href":"https:\/\/medicina.udd.cl\/kinesiologia-santiago\/wp-json\/wp\/v2\/posts\/5720","targetHints":{"allow":["GET"]}}],"collection":[{"href":"https:\/\/medicina.udd.cl\/kinesiologia-santiago\/wp-json\/wp\/v2\/posts"}],"about":[{"href":"https:\/\/medicina.udd.cl\/kinesiologia-santiago\/wp-json\/wp\/v2\/types\/post"}],"author":[{"embeddable":true,"href":"https:\/\/medicina.udd.cl\/kinesiologia-santiago\/wp-json\/wp\/v2\/users\/9192219"}],"replies":[{"embeddable":true,"href":"https:\/\/medicina.udd.cl\/kinesiologia-santiago\/wp-json\/wp\/v2\/comments?post=5720"}],"version-history":[{"count":5,"href":"https:\/\/medicina.udd.cl\/kinesiologia-santiago\/wp-json\/wp\/v2\/posts\/5720\/revisions"}],"predecessor-version":[{"id":5755,"href":"https:\/\/medicina.udd.cl\/kinesiologia-santiago\/wp-json\/wp\/v2\/posts\/5720\/revisions\/5755"}],"wp:featuredmedia":[{"embeddable":true,"href":"https:\/\/medicina.udd.cl\/kinesiologia-santiago\/wp-json\/wp\/v2\/media\/5758"}],"wp:attachment":[{"href":"https:\/\/medicina.udd.cl\/kinesiologia-santiago\/wp-json\/wp\/v2\/media?parent=5720"}],"wp:term":[{"taxonomy":"category","embeddable":true,"href":"https:\/\/medicina.udd.cl\/kinesiologia-santiago\/wp-json\/wp\/v2\/categories?post=5720"},{"taxonomy":"post_tag","embeddable":true,"href":"https:\/\/medicina.udd.cl\/kinesiologia-santiago\/wp-json\/wp\/v2\/tags?post=5720"}],"curies":[{"name":"wp","href":"https:\/\/api.w.org\/{rel}","templated":true}]}}