{"id":5841,"date":"2023-01-18T15:50:09","date_gmt":"2023-01-18T18:50:09","guid":{"rendered":"https:\/\/medicina.udd.cl\/kinesiologia-santiago\/?p=5841"},"modified":"2023-01-19T08:50:35","modified_gmt":"2023-01-19T11:50:35","slug":"doce-trabajos-cientificos-del-magister-en-terapia-fisica-y-rehabilitacion-udd-fueron-aceptados-en-el-congreso-mundial-de-fisioterapia-dubai-2023","status":"publish","type":"post","link":"https:\/\/medicina.udd.cl\/kinesiologia-santiago\/noticias\/2023\/01\/18\/doce-trabajos-cientificos-del-magister-en-terapia-fisica-y-rehabilitacion-udd-fueron-aceptados-en-el-congreso-mundial-de-fisioterapia-dubai-2023\/","title":{"rendered":"Doce trabajos cient\u00edficos del Mag\u00edster en Terapia F\u00edsica y Rehabilitaci\u00f3n UDD ser\u00e1n presentados en el Congreso Mundial de Fisioterapia Dub\u00e1i 2023"},"content":{"rendered":"\n<figure class=\"wp-block-gallery has-nested-images columns-default is-cropped wp-block-gallery-1 is-layout-flex wp-block-gallery-is-layout-flex\">\n<figure class=\"wp-block-image size-large\"><a href=\"https:\/\/medicina.udd.cl\/kinesiologia-santiago\/files\/2023\/01\/congreso-dubai-kine-3.png\"><img loading=\"lazy\" decoding=\"async\" width=\"324\" height=\"163\" data-id=\"5844\" src=\"https:\/\/medicina.udd.cl\/kinesiologia-santiago\/files\/2023\/01\/congreso-dubai-kine-3.png\" alt=\"\" class=\"wp-image-5844\" srcset=\"https:\/\/medicina.udd.cl\/kinesiologia-santiago\/files\/2023\/01\/congreso-dubai-kine-3.png 324w, https:\/\/medicina.udd.cl\/kinesiologia-santiago\/files\/2023\/01\/congreso-dubai-kine-3-300x151.png 300w\" sizes=\"auto, (max-width: 324px) 100vw, 324px\" \/><\/a><\/figure>\n\n\n\n<figure class=\"wp-block-image size-large\"><a href=\"https:\/\/medicina.udd.cl\/kinesiologia-santiago\/files\/2023\/01\/congreso-dubai-kine-2.png\"><img loading=\"lazy\" decoding=\"async\" width=\"330\" height=\"163\" data-id=\"5845\" src=\"https:\/\/medicina.udd.cl\/kinesiologia-santiago\/files\/2023\/01\/congreso-dubai-kine-2.png\" alt=\"\" class=\"wp-image-5845\" srcset=\"https:\/\/medicina.udd.cl\/kinesiologia-santiago\/files\/2023\/01\/congreso-dubai-kine-2.png 330w, https:\/\/medicina.udd.cl\/kinesiologia-santiago\/files\/2023\/01\/congreso-dubai-kine-2-300x148.png 300w\" sizes=\"auto, (max-width: 330px) 100vw, 330px\" \/><\/a><\/figure>\n\n\n\n<figure class=\"wp-block-image size-large\"><a href=\"https:\/\/medicina.udd.cl\/kinesiologia-santiago\/files\/2023\/01\/congreso-dubai-kine.png\"><img loading=\"lazy\" decoding=\"async\" width=\"333\" height=\"167\" data-id=\"5846\" src=\"https:\/\/medicina.udd.cl\/kinesiologia-santiago\/files\/2023\/01\/congreso-dubai-kine.png\" alt=\"\" class=\"wp-image-5846\" srcset=\"https:\/\/medicina.udd.cl\/kinesiologia-santiago\/files\/2023\/01\/congreso-dubai-kine.png 333w, https:\/\/medicina.udd.cl\/kinesiologia-santiago\/files\/2023\/01\/congreso-dubai-kine-300x150.png 300w\" sizes=\"auto, (max-width: 333px) 100vw, 333px\" \/><\/a><\/figure>\n<\/figure>\n\n\n\n<p>Un total de 12 trabajos cient\u00edficos correspondientes a las actividades de grado de los estudiantes y egresados del\u00a0<a href=\"https:\/\/medicina.udd.cl\/postgrado\/magister-en-terapia-fisica-y-rehabilitacion\/\">Mag\u00edster en Terapia F\u00edsica y Rehabilitaci\u00f3n (MAKI)<\/a>, que imparte la Facultad de Medicina Cl\u00ednica Alemana Universidad del Desarrollo, fueron aceptados y ser\u00e1n presentados en el\u00a0<a href=\"https:\/\/wp2023.world.physio\/?_ga=2.200420074.518321590.1673961273-1200613637.1673961273#\/home\">Congreso Mundial de Fisioterapia 2023<\/a>, evento que se llevar\u00e1 a cabo en Dub\u00e1i del 02 al 04 de junio. \u00a0\u00a0<\/p>\n\n\n\n<p>Para Jaime Leppe, director del MAKI, esto representa una continua presencia del programa en esta instancia internacional.&nbsp;<em>\u201cDesde la primera cohorte de MAKI 2016, hemos participado con \u00e9xito en esta reuni\u00f3n internacional. Esto valida que los temas que estamos trabajando en nuestro Mag\u00edster son de calidad y pertinentes al desarrollo de nuestra profesi\u00f3n\u00bb<\/em>, destac\u00f3 el acad\u00e9mico UDD.<\/p>\n\n\n\n<p>Adem\u00e1s, Leppe indic\u00f3 que la presencia del MAKI no s\u00f3lo es a trav\u00e9s de estos trabajos, en esta oportunidad la profesora Sonia Roa, subdirectora de postgrado y de educaci\u00f3n continua de Kinesiolog\u00eda UDD y vicepresidenta de International Organization of Physical Therapists in Pelvic and Women\u2019s Health (IOPTPWH), participar\u00e1 activamente como profesora del curso&nbsp;<em><a href=\"https:\/\/wp2023.world.physio\/?_ga=2.200420074.518321590.1673961273-1200613637.1673961273#\/programme\/session\/da7ad0c0-3ed1-4500-1346-010000000156\">\u00abPhysiotherapy in the Maternity Setting\u00bb<\/a><\/em>, junto a las m\u00e1s destacadas exponentes mundiales de este tema, como lo son: Heather Pierce (Australia), Cristine Homsi (Brasil) y Kari B\u00f8 (Noruega).<\/p>\n\n\n\n<p>Algunos de los temas aceptados por parte del MAKI UDD para participar en el Congreso Mundial de Fisioterapia Dub\u00e1i 2023 son:<\/p>\n\n\n\n<ul class=\"wp-block-list\"><li>Coping Strategies Used By Physical Therapists Working In Hospitals During The Covid-19 Pandemic.<\/li><li>Using Physical Functioning Measurement Instruments In Critical Care: A National Survey In Over 90 Chilean Centers During The Covid-19 Pandemic.<\/li><li>Bowel Function Of Colorectal Cancer Patients: Construct And Criterion Validity Of The Iciq-Bowel Questionnaire.<\/li><li>Reliability Of Experienced And Novice Critical Care Raters Evaluating Quadriceps And Tibialis Anterior Muscle Ultrasound.<\/li><li>Sedentary behaviour and physical activity in people with stroke, according to the 2017 Chilean National Health Survey.<\/li><li>Evidence-Based Strategies And Interventions To Promote The Health Of Workers Teleworking From Home: Scoping Review.<\/li><\/ul>\n\n\n\n<figure class=\"wp-block-image aligncenter size-full is-resized\"><a href=\"https:\/\/medicina.udd.cl\/kinesiologia-santiago\/files\/2023\/01\/congreso-mundial-dubai-2023-kine.png\"><img loading=\"lazy\" decoding=\"async\" src=\"https:\/\/medicina.udd.cl\/kinesiologia-santiago\/files\/2023\/01\/congreso-mundial-dubai-2023-kine.png\" alt=\"\" class=\"wp-image-5843\" width=\"705\" height=\"396\" srcset=\"https:\/\/medicina.udd.cl\/kinesiologia-santiago\/files\/2023\/01\/congreso-mundial-dubai-2023-kine.png 940w, https:\/\/medicina.udd.cl\/kinesiologia-santiago\/files\/2023\/01\/congreso-mundial-dubai-2023-kine-300x169.png 300w, https:\/\/medicina.udd.cl\/kinesiologia-santiago\/files\/2023\/01\/congreso-mundial-dubai-2023-kine-768x431.png 768w, https:\/\/medicina.udd.cl\/kinesiologia-santiago\/files\/2023\/01\/congreso-mundial-dubai-2023-kine-680x382.png 680w\" sizes=\"auto, (max-width: 705px) 100vw, 705px\" \/><\/a><\/figure>\n","protected":false},"excerpt":{"rendered":"<p>Un total de 12 trabajos cient\u00edficos correspondientes a las actividades de grado de los estudiantes y egresados del\u00a0Mag\u00edster en Terapia F\u00edsica y Rehabilitaci\u00f3n (MAKI), que imparte la Facultad de Medicina Cl\u00ednica Alemana Universidad del Desarrollo, fueron aceptados y ser\u00e1n presentados en el\u00a0Congreso Mundial de Fisioterapia 2023, evento que se llevar\u00e1 a cabo en Dub\u00e1i del [&hellip;]<\/p>\n","protected":false},"author":9192219,"featured_media":5842,"comment_status":"open","ping_status":"open","sticky":false,"template":"","format":"standard","meta":{"footnotes":""},"categories":[4],"tags":[],"class_list":["post-5841","post","type-post","status-publish","format-standard","has-post-thumbnail","hentry","category-noticias"],"yoast_head":"<!-- This site is optimized with the Yoast SEO plugin v26.9 - https:\/\/yoast.com\/product\/yoast-seo-wordpress\/ -->\n<title>Doce trabajos cient\u00edficos del Mag\u00edster en Terapia F\u00edsica y Rehabilitaci\u00f3n UDD ser\u00e1n presentados en el Congreso Mundial de Fisioterapia Dub\u00e1i 2023 - Kinesiolog\u00eda<\/title>\n<meta name=\"robots\" content=\"index, follow, max-snippet:-1, max-image-preview:large, max-video-preview:-1\" \/>\n<link rel=\"canonical\" href=\"https:\/\/medicina.udd.cl\/kinesiologia-santiago\/noticias\/2023\/01\/18\/doce-trabajos-cientificos-del-magister-en-terapia-fisica-y-rehabilitacion-udd-fueron-aceptados-en-el-congreso-mundial-de-fisioterapia-dubai-2023\/\" \/>\n<meta property=\"og:locale\" content=\"es_ES\" \/>\n<meta property=\"og:type\" content=\"article\" \/>\n<meta property=\"og:title\" content=\"Doce trabajos cient\u00edficos del Mag\u00edster en Terapia F\u00edsica y Rehabilitaci\u00f3n UDD ser\u00e1n presentados en el Congreso Mundial de Fisioterapia Dub\u00e1i 2023 - Kinesiolog\u00eda\" \/>\n<meta property=\"og:description\" content=\"Un total de 12 trabajos cient\u00edficos correspondientes a las actividades de grado de los estudiantes y egresados del\u00a0Mag\u00edster en Terapia F\u00edsica y Rehabilitaci\u00f3n (MAKI), que imparte la Facultad de Medicina Cl\u00ednica Alemana Universidad del Desarrollo, fueron aceptados y ser\u00e1n presentados en el\u00a0Congreso Mundial de Fisioterapia 2023, evento que se llevar\u00e1 a cabo en Dub\u00e1i del [&hellip;]\" \/>\n<meta property=\"og:url\" content=\"https:\/\/medicina.udd.cl\/kinesiologia-santiago\/noticias\/2023\/01\/18\/doce-trabajos-cientificos-del-magister-en-terapia-fisica-y-rehabilitacion-udd-fueron-aceptados-en-el-congreso-mundial-de-fisioterapia-dubai-2023\/\" \/>\n<meta property=\"og:site_name\" content=\"Kinesiolog\u00eda\" \/>\n<meta property=\"article:published_time\" content=\"2023-01-18T18:50:09+00:00\" \/>\n<meta property=\"article:modified_time\" content=\"2023-01-19T11:50:35+00:00\" \/>\n<meta property=\"og:image\" content=\"https:\/\/medicina.udd.cl\/kinesiologia-santiago\/files\/2023\/01\/congreso-mundial-dubai-2023-kine-2.png\" \/>\n\t<meta property=\"og:image:width\" content=\"490\" \/>\n\t<meta property=\"og:image:height\" content=\"490\" \/>\n\t<meta property=\"og:image:type\" content=\"image\/png\" \/>\n<meta name=\"author\" content=\"rbraidy\" \/>\n<meta name=\"twitter:label1\" content=\"Escrito por\" \/>\n\t<meta name=\"twitter:data1\" content=\"rbraidy\" \/>\n\t<meta name=\"twitter:label2\" content=\"Tiempo de lectura\" \/>\n\t<meta name=\"twitter:data2\" content=\"3 minutos\" \/>\n<script type=\"application\/ld+json\" class=\"yoast-schema-graph\">{\"@context\":\"https:\/\/schema.org\",\"@graph\":[{\"@type\":\"Article\",\"@id\":\"https:\/\/medicina.udd.cl\/kinesiologia-santiago\/noticias\/2023\/01\/18\/doce-trabajos-cientificos-del-magister-en-terapia-fisica-y-rehabilitacion-udd-fueron-aceptados-en-el-congreso-mundial-de-fisioterapia-dubai-2023\/#article\",\"isPartOf\":{\"@id\":\"https:\/\/medicina.udd.cl\/kinesiologia-santiago\/noticias\/2023\/01\/18\/doce-trabajos-cientificos-del-magister-en-terapia-fisica-y-rehabilitacion-udd-fueron-aceptados-en-el-congreso-mundial-de-fisioterapia-dubai-2023\/\"},\"author\":{\"name\":\"rbraidy\",\"@id\":\"https:\/\/medicina.udd.cl\/kinesiologia-santiago\/#\/schema\/person\/dbc3705bf3a93e8be1ba6de0ef950341\"},\"headline\":\"Doce trabajos cient\u00edficos del Mag\u00edster en Terapia F\u00edsica y Rehabilitaci\u00f3n UDD ser\u00e1n presentados en el Congreso Mundial de Fisioterapia Dub\u00e1i 2023\",\"datePublished\":\"2023-01-18T18:50:09+00:00\",\"dateModified\":\"2023-01-19T11:50:35+00:00\",\"mainEntityOfPage\":{\"@id\":\"https:\/\/medicina.udd.cl\/kinesiologia-santiago\/noticias\/2023\/01\/18\/doce-trabajos-cientificos-del-magister-en-terapia-fisica-y-rehabilitacion-udd-fueron-aceptados-en-el-congreso-mundial-de-fisioterapia-dubai-2023\/\"},\"wordCount\":354,\"commentCount\":0,\"image\":{\"@id\":\"https:\/\/medicina.udd.cl\/kinesiologia-santiago\/noticias\/2023\/01\/18\/doce-trabajos-cientificos-del-magister-en-terapia-fisica-y-rehabilitacion-udd-fueron-aceptados-en-el-congreso-mundial-de-fisioterapia-dubai-2023\/#primaryimage\"},\"thumbnailUrl\":\"https:\/\/medicina.udd.cl\/kinesiologia-santiago\/files\/2023\/01\/congreso-mundial-dubai-2023-kine-2.png\",\"articleSection\":[\"Noticias\"],\"inLanguage\":\"es\",\"potentialAction\":[{\"@type\":\"CommentAction\",\"name\":\"Comment\",\"target\":[\"https:\/\/medicina.udd.cl\/kinesiologia-santiago\/noticias\/2023\/01\/18\/doce-trabajos-cientificos-del-magister-en-terapia-fisica-y-rehabilitacion-udd-fueron-aceptados-en-el-congreso-mundial-de-fisioterapia-dubai-2023\/#respond\"]}]},{\"@type\":\"WebPage\",\"@id\":\"https:\/\/medicina.udd.cl\/kinesiologia-santiago\/noticias\/2023\/01\/18\/doce-trabajos-cientificos-del-magister-en-terapia-fisica-y-rehabilitacion-udd-fueron-aceptados-en-el-congreso-mundial-de-fisioterapia-dubai-2023\/\",\"url\":\"https:\/\/medicina.udd.cl\/kinesiologia-santiago\/noticias\/2023\/01\/18\/doce-trabajos-cientificos-del-magister-en-terapia-fisica-y-rehabilitacion-udd-fueron-aceptados-en-el-congreso-mundial-de-fisioterapia-dubai-2023\/\",\"name\":\"Doce trabajos cient\u00edficos del Mag\u00edster en Terapia F\u00edsica y Rehabilitaci\u00f3n UDD ser\u00e1n presentados en el Congreso Mundial de Fisioterapia Dub\u00e1i 2023 - Kinesiolog\u00eda\",\"isPartOf\":{\"@id\":\"https:\/\/medicina.udd.cl\/kinesiologia-santiago\/#website\"},\"primaryImageOfPage\":{\"@id\":\"https:\/\/medicina.udd.cl\/kinesiologia-santiago\/noticias\/2023\/01\/18\/doce-trabajos-cientificos-del-magister-en-terapia-fisica-y-rehabilitacion-udd-fueron-aceptados-en-el-congreso-mundial-de-fisioterapia-dubai-2023\/#primaryimage\"},\"image\":{\"@id\":\"https:\/\/medicina.udd.cl\/kinesiologia-santiago\/noticias\/2023\/01\/18\/doce-trabajos-cientificos-del-magister-en-terapia-fisica-y-rehabilitacion-udd-fueron-aceptados-en-el-congreso-mundial-de-fisioterapia-dubai-2023\/#primaryimage\"},\"thumbnailUrl\":\"https:\/\/medicina.udd.cl\/kinesiologia-santiago\/files\/2023\/01\/congreso-mundial-dubai-2023-kine-2.png\",\"datePublished\":\"2023-01-18T18:50:09+00:00\",\"dateModified\":\"2023-01-19T11:50:35+00:00\",\"author\":{\"@id\":\"https:\/\/medicina.udd.cl\/kinesiologia-santiago\/#\/schema\/person\/dbc3705bf3a93e8be1ba6de0ef950341\"},\"breadcrumb\":{\"@id\":\"https:\/\/medicina.udd.cl\/kinesiologia-santiago\/noticias\/2023\/01\/18\/doce-trabajos-cientificos-del-magister-en-terapia-fisica-y-rehabilitacion-udd-fueron-aceptados-en-el-congreso-mundial-de-fisioterapia-dubai-2023\/#breadcrumb\"},\"inLanguage\":\"es\",\"potentialAction\":[{\"@type\":\"ReadAction\",\"target\":[\"https:\/\/medicina.udd.cl\/kinesiologia-santiago\/noticias\/2023\/01\/18\/doce-trabajos-cientificos-del-magister-en-terapia-fisica-y-rehabilitacion-udd-fueron-aceptados-en-el-congreso-mundial-de-fisioterapia-dubai-2023\/\"]}]},{\"@type\":\"ImageObject\",\"inLanguage\":\"es\",\"@id\":\"https:\/\/medicina.udd.cl\/kinesiologia-santiago\/noticias\/2023\/01\/18\/doce-trabajos-cientificos-del-magister-en-terapia-fisica-y-rehabilitacion-udd-fueron-aceptados-en-el-congreso-mundial-de-fisioterapia-dubai-2023\/#primaryimage\",\"url\":\"https:\/\/medicina.udd.cl\/kinesiologia-santiago\/files\/2023\/01\/congreso-mundial-dubai-2023-kine-2.png\",\"contentUrl\":\"https:\/\/medicina.udd.cl\/kinesiologia-santiago\/files\/2023\/01\/congreso-mundial-dubai-2023-kine-2.png\",\"width\":490,\"height\":490},{\"@type\":\"BreadcrumbList\",\"@id\":\"https:\/\/medicina.udd.cl\/kinesiologia-santiago\/noticias\/2023\/01\/18\/doce-trabajos-cientificos-del-magister-en-terapia-fisica-y-rehabilitacion-udd-fueron-aceptados-en-el-congreso-mundial-de-fisioterapia-dubai-2023\/#breadcrumb\",\"itemListElement\":[{\"@type\":\"ListItem\",\"position\":1,\"name\":\"Home\",\"item\":\"https:\/\/medicina.udd.cl\/kinesiologia-santiago\/\"},{\"@type\":\"ListItem\",\"position\":2,\"name\":\"Doce trabajos cient\u00edficos del Mag\u00edster en Terapia F\u00edsica y Rehabilitaci\u00f3n UDD ser\u00e1n presentados en el Congreso Mundial de Fisioterapia Dub\u00e1i 2023\"}]},{\"@type\":\"WebSite\",\"@id\":\"https:\/\/medicina.udd.cl\/kinesiologia-santiago\/#website\",\"url\":\"https:\/\/medicina.udd.cl\/kinesiologia-santiago\/\",\"name\":\"Kinesiolog\u00eda\",\"description\":\"Facultad de Medicina Cl\u00ednica Alemana Universidad del Desarrollo\",\"inLanguage\":\"es\"},{\"@type\":\"Person\",\"@id\":\"https:\/\/medicina.udd.cl\/kinesiologia-santiago\/#\/schema\/person\/dbc3705bf3a93e8be1ba6de0ef950341\",\"name\":\"rbraidy\",\"image\":{\"@type\":\"ImageObject\",\"inLanguage\":\"es\",\"@id\":\"https:\/\/medicina.udd.cl\/kinesiologia-santiago\/#\/schema\/person\/image\/\",\"url\":\"https:\/\/secure.gravatar.com\/avatar\/0f8bc94637401590e45d2ce17eb65c274cb8870a219de6177f3f23e63fd8cdf3?s=96&d=mm&r=g\",\"contentUrl\":\"https:\/\/secure.gravatar.com\/avatar\/0f8bc94637401590e45d2ce17eb65c274cb8870a219de6177f3f23e63fd8cdf3?s=96&d=mm&r=g\",\"caption\":\"rbraidy\"},\"url\":\"https:\/\/medicina.udd.cl\/kinesiologia-santiago\/noticias\/author\/rbraidy\/\"}]}<\/script>\n<!-- \/ Yoast SEO plugin. -->","yoast_head_json":{"title":"Doce trabajos cient\u00edficos del Mag\u00edster en Terapia F\u00edsica y Rehabilitaci\u00f3n UDD ser\u00e1n presentados en el Congreso Mundial de Fisioterapia Dub\u00e1i 2023 - Kinesiolog\u00eda","robots":{"index":"index","follow":"follow","max-snippet":"max-snippet:-1","max-image-preview":"max-image-preview:large","max-video-preview":"max-video-preview:-1"},"canonical":"https:\/\/medicina.udd.cl\/kinesiologia-santiago\/noticias\/2023\/01\/18\/doce-trabajos-cientificos-del-magister-en-terapia-fisica-y-rehabilitacion-udd-fueron-aceptados-en-el-congreso-mundial-de-fisioterapia-dubai-2023\/","og_locale":"es_ES","og_type":"article","og_title":"Doce trabajos cient\u00edficos del Mag\u00edster en Terapia F\u00edsica y Rehabilitaci\u00f3n UDD ser\u00e1n presentados en el Congreso Mundial de Fisioterapia Dub\u00e1i 2023 - Kinesiolog\u00eda","og_description":"Un total de 12 trabajos cient\u00edficos correspondientes a las actividades de grado de los estudiantes y egresados del\u00a0Mag\u00edster en Terapia F\u00edsica y Rehabilitaci\u00f3n (MAKI), que imparte la Facultad de Medicina Cl\u00ednica Alemana Universidad del Desarrollo, fueron aceptados y ser\u00e1n presentados en el\u00a0Congreso Mundial de Fisioterapia 2023, evento que se llevar\u00e1 a cabo en Dub\u00e1i del [&hellip;]","og_url":"https:\/\/medicina.udd.cl\/kinesiologia-santiago\/noticias\/2023\/01\/18\/doce-trabajos-cientificos-del-magister-en-terapia-fisica-y-rehabilitacion-udd-fueron-aceptados-en-el-congreso-mundial-de-fisioterapia-dubai-2023\/","og_site_name":"Kinesiolog\u00eda","article_published_time":"2023-01-18T18:50:09+00:00","article_modified_time":"2023-01-19T11:50:35+00:00","og_image":[{"width":490,"height":490,"url":"https:\/\/medicina.udd.cl\/kinesiologia-santiago\/files\/2023\/01\/congreso-mundial-dubai-2023-kine-2.png","type":"image\/png"}],"author":"rbraidy","twitter_misc":{"Escrito por":"rbraidy","Tiempo de lectura":"3 minutos"},"schema":{"@context":"https:\/\/schema.org","@graph":[{"@type":"Article","@id":"https:\/\/medicina.udd.cl\/kinesiologia-santiago\/noticias\/2023\/01\/18\/doce-trabajos-cientificos-del-magister-en-terapia-fisica-y-rehabilitacion-udd-fueron-aceptados-en-el-congreso-mundial-de-fisioterapia-dubai-2023\/#article","isPartOf":{"@id":"https:\/\/medicina.udd.cl\/kinesiologia-santiago\/noticias\/2023\/01\/18\/doce-trabajos-cientificos-del-magister-en-terapia-fisica-y-rehabilitacion-udd-fueron-aceptados-en-el-congreso-mundial-de-fisioterapia-dubai-2023\/"},"author":{"name":"rbraidy","@id":"https:\/\/medicina.udd.cl\/kinesiologia-santiago\/#\/schema\/person\/dbc3705bf3a93e8be1ba6de0ef950341"},"headline":"Doce trabajos cient\u00edficos del Mag\u00edster en Terapia F\u00edsica y Rehabilitaci\u00f3n UDD ser\u00e1n presentados en el Congreso Mundial de Fisioterapia Dub\u00e1i 2023","datePublished":"2023-01-18T18:50:09+00:00","dateModified":"2023-01-19T11:50:35+00:00","mainEntityOfPage":{"@id":"https:\/\/medicina.udd.cl\/kinesiologia-santiago\/noticias\/2023\/01\/18\/doce-trabajos-cientificos-del-magister-en-terapia-fisica-y-rehabilitacion-udd-fueron-aceptados-en-el-congreso-mundial-de-fisioterapia-dubai-2023\/"},"wordCount":354,"commentCount":0,"image":{"@id":"https:\/\/medicina.udd.cl\/kinesiologia-santiago\/noticias\/2023\/01\/18\/doce-trabajos-cientificos-del-magister-en-terapia-fisica-y-rehabilitacion-udd-fueron-aceptados-en-el-congreso-mundial-de-fisioterapia-dubai-2023\/#primaryimage"},"thumbnailUrl":"https:\/\/medicina.udd.cl\/kinesiologia-santiago\/files\/2023\/01\/congreso-mundial-dubai-2023-kine-2.png","articleSection":["Noticias"],"inLanguage":"es","potentialAction":[{"@type":"CommentAction","name":"Comment","target":["https:\/\/medicina.udd.cl\/kinesiologia-santiago\/noticias\/2023\/01\/18\/doce-trabajos-cientificos-del-magister-en-terapia-fisica-y-rehabilitacion-udd-fueron-aceptados-en-el-congreso-mundial-de-fisioterapia-dubai-2023\/#respond"]}]},{"@type":"WebPage","@id":"https:\/\/medicina.udd.cl\/kinesiologia-santiago\/noticias\/2023\/01\/18\/doce-trabajos-cientificos-del-magister-en-terapia-fisica-y-rehabilitacion-udd-fueron-aceptados-en-el-congreso-mundial-de-fisioterapia-dubai-2023\/","url":"https:\/\/medicina.udd.cl\/kinesiologia-santiago\/noticias\/2023\/01\/18\/doce-trabajos-cientificos-del-magister-en-terapia-fisica-y-rehabilitacion-udd-fueron-aceptados-en-el-congreso-mundial-de-fisioterapia-dubai-2023\/","name":"Doce trabajos cient\u00edficos del Mag\u00edster en Terapia F\u00edsica y Rehabilitaci\u00f3n UDD ser\u00e1n presentados en el Congreso Mundial de Fisioterapia Dub\u00e1i 2023 - Kinesiolog\u00eda","isPartOf":{"@id":"https:\/\/medicina.udd.cl\/kinesiologia-santiago\/#website"},"primaryImageOfPage":{"@id":"https:\/\/medicina.udd.cl\/kinesiologia-santiago\/noticias\/2023\/01\/18\/doce-trabajos-cientificos-del-magister-en-terapia-fisica-y-rehabilitacion-udd-fueron-aceptados-en-el-congreso-mundial-de-fisioterapia-dubai-2023\/#primaryimage"},"image":{"@id":"https:\/\/medicina.udd.cl\/kinesiologia-santiago\/noticias\/2023\/01\/18\/doce-trabajos-cientificos-del-magister-en-terapia-fisica-y-rehabilitacion-udd-fueron-aceptados-en-el-congreso-mundial-de-fisioterapia-dubai-2023\/#primaryimage"},"thumbnailUrl":"https:\/\/medicina.udd.cl\/kinesiologia-santiago\/files\/2023\/01\/congreso-mundial-dubai-2023-kine-2.png","datePublished":"2023-01-18T18:50:09+00:00","dateModified":"2023-01-19T11:50:35+00:00","author":{"@id":"https:\/\/medicina.udd.cl\/kinesiologia-santiago\/#\/schema\/person\/dbc3705bf3a93e8be1ba6de0ef950341"},"breadcrumb":{"@id":"https:\/\/medicina.udd.cl\/kinesiologia-santiago\/noticias\/2023\/01\/18\/doce-trabajos-cientificos-del-magister-en-terapia-fisica-y-rehabilitacion-udd-fueron-aceptados-en-el-congreso-mundial-de-fisioterapia-dubai-2023\/#breadcrumb"},"inLanguage":"es","potentialAction":[{"@type":"ReadAction","target":["https:\/\/medicina.udd.cl\/kinesiologia-santiago\/noticias\/2023\/01\/18\/doce-trabajos-cientificos-del-magister-en-terapia-fisica-y-rehabilitacion-udd-fueron-aceptados-en-el-congreso-mundial-de-fisioterapia-dubai-2023\/"]}]},{"@type":"ImageObject","inLanguage":"es","@id":"https:\/\/medicina.udd.cl\/kinesiologia-santiago\/noticias\/2023\/01\/18\/doce-trabajos-cientificos-del-magister-en-terapia-fisica-y-rehabilitacion-udd-fueron-aceptados-en-el-congreso-mundial-de-fisioterapia-dubai-2023\/#primaryimage","url":"https:\/\/medicina.udd.cl\/kinesiologia-santiago\/files\/2023\/01\/congreso-mundial-dubai-2023-kine-2.png","contentUrl":"https:\/\/medicina.udd.cl\/kinesiologia-santiago\/files\/2023\/01\/congreso-mundial-dubai-2023-kine-2.png","width":490,"height":490},{"@type":"BreadcrumbList","@id":"https:\/\/medicina.udd.cl\/kinesiologia-santiago\/noticias\/2023\/01\/18\/doce-trabajos-cientificos-del-magister-en-terapia-fisica-y-rehabilitacion-udd-fueron-aceptados-en-el-congreso-mundial-de-fisioterapia-dubai-2023\/#breadcrumb","itemListElement":[{"@type":"ListItem","position":1,"name":"Home","item":"https:\/\/medicina.udd.cl\/kinesiologia-santiago\/"},{"@type":"ListItem","position":2,"name":"Doce trabajos cient\u00edficos del Mag\u00edster en Terapia F\u00edsica y Rehabilitaci\u00f3n UDD ser\u00e1n presentados en el Congreso Mundial de Fisioterapia Dub\u00e1i 2023"}]},{"@type":"WebSite","@id":"https:\/\/medicina.udd.cl\/kinesiologia-santiago\/#website","url":"https:\/\/medicina.udd.cl\/kinesiologia-santiago\/","name":"Kinesiolog\u00eda","description":"Facultad de Medicina Cl\u00ednica Alemana Universidad del Desarrollo","inLanguage":"es"},{"@type":"Person","@id":"https:\/\/medicina.udd.cl\/kinesiologia-santiago\/#\/schema\/person\/dbc3705bf3a93e8be1ba6de0ef950341","name":"rbraidy","image":{"@type":"ImageObject","inLanguage":"es","@id":"https:\/\/medicina.udd.cl\/kinesiologia-santiago\/#\/schema\/person\/image\/","url":"https:\/\/secure.gravatar.com\/avatar\/0f8bc94637401590e45d2ce17eb65c274cb8870a219de6177f3f23e63fd8cdf3?s=96&d=mm&r=g","contentUrl":"https:\/\/secure.gravatar.com\/avatar\/0f8bc94637401590e45d2ce17eb65c274cb8870a219de6177f3f23e63fd8cdf3?s=96&d=mm&r=g","caption":"rbraidy"},"url":"https:\/\/medicina.udd.cl\/kinesiologia-santiago\/noticias\/author\/rbraidy\/"}]}},"featured_image_url":"https:\/\/medicina.udd.cl\/kinesiologia-santiago\/files\/2023\/01\/congreso-mundial-dubai-2023-kine-2.png","_links":{"self":[{"href":"https:\/\/medicina.udd.cl\/kinesiologia-santiago\/wp-json\/wp\/v2\/posts\/5841","targetHints":{"allow":["GET"]}}],"collection":[{"href":"https:\/\/medicina.udd.cl\/kinesiologia-santiago\/wp-json\/wp\/v2\/posts"}],"about":[{"href":"https:\/\/medicina.udd.cl\/kinesiologia-santiago\/wp-json\/wp\/v2\/types\/post"}],"author":[{"embeddable":true,"href":"https:\/\/medicina.udd.cl\/kinesiologia-santiago\/wp-json\/wp\/v2\/users\/9192219"}],"replies":[{"embeddable":true,"href":"https:\/\/medicina.udd.cl\/kinesiologia-santiago\/wp-json\/wp\/v2\/comments?post=5841"}],"version-history":[{"count":2,"href":"https:\/\/medicina.udd.cl\/kinesiologia-santiago\/wp-json\/wp\/v2\/posts\/5841\/revisions"}],"predecessor-version":[{"id":5848,"href":"https:\/\/medicina.udd.cl\/kinesiologia-santiago\/wp-json\/wp\/v2\/posts\/5841\/revisions\/5848"}],"wp:featuredmedia":[{"embeddable":true,"href":"https:\/\/medicina.udd.cl\/kinesiologia-santiago\/wp-json\/wp\/v2\/media\/5842"}],"wp:attachment":[{"href":"https:\/\/medicina.udd.cl\/kinesiologia-santiago\/wp-json\/wp\/v2\/media?parent=5841"}],"wp:term":[{"taxonomy":"category","embeddable":true,"href":"https:\/\/medicina.udd.cl\/kinesiologia-santiago\/wp-json\/wp\/v2\/categories?post=5841"},{"taxonomy":"post_tag","embeddable":true,"href":"https:\/\/medicina.udd.cl\/kinesiologia-santiago\/wp-json\/wp\/v2\/tags?post=5841"}],"curies":[{"name":"wp","href":"https:\/\/api.w.org\/{rel}","templated":true}]}}