{"id":5884,"date":"2023-03-23T12:34:00","date_gmt":"2023-03-23T15:34:00","guid":{"rendered":"https:\/\/medicina.udd.cl\/kinesiologia-santiago\/?p=5884"},"modified":"2023-03-27T12:48:55","modified_gmt":"2023-03-27T15:48:55","slug":"udd-titula-a-la-primera-egresada-del-postitulo-de-especialidad-en-kinesiologia-intensiva-en-el-adulto","status":"publish","type":"post","link":"https:\/\/medicina.udd.cl\/kinesiologia-santiago\/noticias\/2023\/03\/23\/udd-titula-a-la-primera-egresada-del-postitulo-de-especialidad-en-kinesiologia-intensiva-en-el-adulto\/","title":{"rendered":"UDD titula a la primera egresada del Post\u00edtulo de Especialidad en Kinesiolog\u00eda Intensiva en el Adulto"},"content":{"rendered":"\n<figure class=\"wp-block-gallery has-nested-images columns-default is-cropped wp-block-gallery-1 is-layout-flex wp-block-gallery-is-layout-flex\">\n<figure class=\"wp-block-image size-large\"><a href=\"https:\/\/medicina.udd.cl\/kinesiologia-santiago\/files\/2023\/03\/postgrado-titulacion-postitulos-medicos-2023-22-scaled.jpg\"><img loading=\"lazy\" decoding=\"async\" width=\"2560\" height=\"1805\" data-id=\"5897\" src=\"https:\/\/medicina.udd.cl\/kinesiologia-santiago\/files\/2023\/03\/postgrado-titulacion-postitulos-medicos-2023-22-scaled.jpg\" alt=\"\" class=\"wp-image-5897\" srcset=\"https:\/\/medicina.udd.cl\/kinesiologia-santiago\/files\/2023\/03\/postgrado-titulacion-postitulos-medicos-2023-22-scaled.jpg 2560w, https:\/\/medicina.udd.cl\/kinesiologia-santiago\/files\/2023\/03\/postgrado-titulacion-postitulos-medicos-2023-22-300x211.jpg 300w, https:\/\/medicina.udd.cl\/kinesiologia-santiago\/files\/2023\/03\/postgrado-titulacion-postitulos-medicos-2023-22-1024x722.jpg 1024w, https:\/\/medicina.udd.cl\/kinesiologia-santiago\/files\/2023\/03\/postgrado-titulacion-postitulos-medicos-2023-22-768x541.jpg 768w, https:\/\/medicina.udd.cl\/kinesiologia-santiago\/files\/2023\/03\/postgrado-titulacion-postitulos-medicos-2023-22-316x224.jpg 316w, https:\/\/medicina.udd.cl\/kinesiologia-santiago\/files\/2023\/03\/postgrado-titulacion-postitulos-medicos-2023-22-87x62.jpg 87w, https:\/\/medicina.udd.cl\/kinesiologia-santiago\/files\/2023\/03\/postgrado-titulacion-postitulos-medicos-2023-22-1536x1083.jpg 1536w, https:\/\/medicina.udd.cl\/kinesiologia-santiago\/files\/2023\/03\/postgrado-titulacion-postitulos-medicos-2023-22-2048x1444.jpg 2048w\" sizes=\"auto, (max-width: 2560px) 100vw, 2560px\" \/><\/a><figcaption>Primera egresada del Post\u00edtulo de Especialidad en Kinesiolog\u00eda Intensiva en el Adulto, Catalina Olave en compa\u00f1\u00eda de Jorge Molina (director Kinesiolog\u00eda UDD), Sonia Roa (docente Kinesiolog\u00eda UDD), y de Rodrigo P\u00e9rez (director del programa).<\/figcaption><\/figure>\n<\/figure>\n\n\n\n<p>En una solemne ceremonia realizada este 21 de marzo en el Aula Magna de la Universidad del Desarrollo (UDD), se llev\u00f3 a cabo la titulaci\u00f3n de 90 alumnos de los post\u00edtulos de especialidades m\u00e9dicas, subespecialidades y post\u00edtulos tem\u00e1ticos, generaci\u00f3n 2022, dictados por la Facultad de Medicina Cl\u00ednica Alemana Universidad del Desarrollo.<\/p>\n\n\n\n<p>El evento que estuvo presidido por el prorrector UDD, Ernesto Silva M\u00e9ndez; la decana de la Facultad de Medicina, Dra. Marcela Castillo; y por la vicedecana de Postgrado, Dra. Carolina Acu\u00f1a; cont\u00f3 con la presencia de los directores, coordinadores y docentes de los programas, as\u00ed como de familiares y amigos de los titulados, quienes recibieron sus diplomas luego de las palabras de felicitaciones por parte de la doctora Acu\u00f1a.<\/p>\n\n\n\n<p><em>\u201cHoy nos reunimos para celebrar un nuevo gran logro en sus carreras, la culminaci\u00f3n de la formaci\u00f3n de especialidades, subespecialidades y post\u00edtulos tem\u00e1ticos. Este proceso ha requerido por parte de ustedes un arduo trabajo, dedicaci\u00f3n y compromiso para llegar a este momento. Los felicito de todo coraz\u00f3n porque s\u00e9 y entiendo el esfuerzo que han puesto en esta meta. En esta nueva etapa esperamos con ansias verlos triunfar y seguir escuchando sus inquietudes y logros en este camino que han elegido. Tengo certeza que vendr\u00e1n much\u00edsimos m\u00e1s\u201d<\/em>, se\u00f1al\u00f3 la Vicedecana de Postgrado.<\/p>\n\n\n\n<p>Cabe destacar que, en esta solemne ceremonia se llev\u00f3 a cabo por primera vez la titulaci\u00f3n de un egresado del Post\u00edtulo de Especialidad en Kinesiolog\u00eda Intensiva en el Adulto, en donde el director del programa, Klgo. Rodrigo P\u00e9rez Araos, hizo entrega del diploma a la Klga. Catalina Olave, alumni UDD.<\/p>\n\n\n\n<p>El encuentro culmin\u00f3 con las palabras de la egresada por parte de Post\u00edtulo de Especialidad M\u00e9dica en Cirug\u00eda General, Dra. Gabriela Echeverr\u00eda Bauer, en representaci\u00f3n de todos los titulados de la generaci\u00f3n 2022.<\/p>\n\n\n\n<p>Revive a continuaci\u00f3n, lo que fue esta ceremonia de titulaci\u00f3n de los Post\u00edtulos de Especialidades M\u00e9dicas, Subespecialidades y Post\u00edtulos Tem\u00e1ticos de la Facultad de Medicina Cl\u00ednica Alemana Universidad del Desarrollo:<\/p>\n\n\n\n<figure class=\"wp-block-embed is-type-video is-provider-youtube wp-block-embed-youtube wp-embed-aspect-16-9 wp-has-aspect-ratio\"><div class=\"wp-block-embed__wrapper\">\n<iframe loading=\"lazy\" title=\"Ceremonia de Titulaci\u00f3n | Post\u00edtulos de Especialidades M\u00e9dicas | Sede Santiago\" width=\"500\" height=\"281\" src=\"https:\/\/www.youtube.com\/embed\/HPPeOlrC7MA?start=3713&#038;feature=oembed&#038;rel=0&#038;modestbranding=1&#038;autohide=1&#038;autoplay=0&#038;enablejsapi=1&#038;showinfo=0\" allowautoplay=\"allowautoplay\" frameborder=\"0\" allow=\"accelerometer; autoplay; clipboard-write; encrypted-media; gyroscope; picture-in-picture; web-share\" referrerpolicy=\"strict-origin-when-cross-origin\" allowfullscreen><\/iframe>\n<\/div><\/figure>\n\n\n\n<h2 class=\"wp-block-heading\">GALER\u00cdA<\/h2>\n\n\n\n<figure class=\"wp-block-gallery has-nested-images columns-default is-cropped wp-block-gallery-2 is-layout-flex wp-block-gallery-is-layout-flex\">\n<figure class=\"wp-block-image size-large\"><a href=\"https:\/\/medicina.udd.cl\/kinesiologia-santiago\/files\/2023\/03\/postgrado-titulacion-postitulos-medicos-2023-1-scaled.jpg\"><img loading=\"lazy\" decoding=\"async\" width=\"2560\" height=\"1707\" data-id=\"5889\" src=\"https:\/\/medicina.udd.cl\/kinesiologia-santiago\/files\/2023\/03\/postgrado-titulacion-postitulos-medicos-2023-1-scaled.jpg\" alt=\"\" class=\"wp-image-5889\" srcset=\"https:\/\/medicina.udd.cl\/kinesiologia-santiago\/files\/2023\/03\/postgrado-titulacion-postitulos-medicos-2023-1-scaled.jpg 2560w, https:\/\/medicina.udd.cl\/kinesiologia-santiago\/files\/2023\/03\/postgrado-titulacion-postitulos-medicos-2023-1-300x200.jpg 300w, https:\/\/medicina.udd.cl\/kinesiologia-santiago\/files\/2023\/03\/postgrado-titulacion-postitulos-medicos-2023-1-1024x683.jpg 1024w, https:\/\/medicina.udd.cl\/kinesiologia-santiago\/files\/2023\/03\/postgrado-titulacion-postitulos-medicos-2023-1-768x512.jpg 768w, https:\/\/medicina.udd.cl\/kinesiologia-santiago\/files\/2023\/03\/postgrado-titulacion-postitulos-medicos-2023-1-1536x1024.jpg 1536w, https:\/\/medicina.udd.cl\/kinesiologia-santiago\/files\/2023\/03\/postgrado-titulacion-postitulos-medicos-2023-1-2048x1365.jpg 2048w\" sizes=\"auto, (max-width: 2560px) 100vw, 2560px\" \/><\/a><\/figure>\n\n\n\n<figure class=\"wp-block-image size-large\"><a href=\"https:\/\/medicina.udd.cl\/kinesiologia-santiago\/files\/2023\/03\/postgrado-titulacion-postitulos-medicos-2023-2-scaled.jpg\"><img loading=\"lazy\" decoding=\"async\" width=\"2560\" height=\"1707\" data-id=\"5890\" src=\"https:\/\/medicina.udd.cl\/kinesiologia-santiago\/files\/2023\/03\/postgrado-titulacion-postitulos-medicos-2023-2-scaled.jpg\" alt=\"\" class=\"wp-image-5890\" srcset=\"https:\/\/medicina.udd.cl\/kinesiologia-santiago\/files\/2023\/03\/postgrado-titulacion-postitulos-medicos-2023-2-scaled.jpg 2560w, https:\/\/medicina.udd.cl\/kinesiologia-santiago\/files\/2023\/03\/postgrado-titulacion-postitulos-medicos-2023-2-300x200.jpg 300w, https:\/\/medicina.udd.cl\/kinesiologia-santiago\/files\/2023\/03\/postgrado-titulacion-postitulos-medicos-2023-2-1024x683.jpg 1024w, https:\/\/medicina.udd.cl\/kinesiologia-santiago\/files\/2023\/03\/postgrado-titulacion-postitulos-medicos-2023-2-768x512.jpg 768w, https:\/\/medicina.udd.cl\/kinesiologia-santiago\/files\/2023\/03\/postgrado-titulacion-postitulos-medicos-2023-2-1536x1024.jpg 1536w, https:\/\/medicina.udd.cl\/kinesiologia-santiago\/files\/2023\/03\/postgrado-titulacion-postitulos-medicos-2023-2-2048x1365.jpg 2048w\" sizes=\"auto, (max-width: 2560px) 100vw, 2560px\" \/><\/a><\/figure>\n\n\n\n<figure class=\"wp-block-image size-large\"><a href=\"https:\/\/medicina.udd.cl\/kinesiologia-santiago\/files\/2023\/03\/postgrado-titulacion-postitulos-medicos-2023-4-scaled.jpg\"><img loading=\"lazy\" decoding=\"async\" width=\"2560\" height=\"1712\" data-id=\"5892\" src=\"https:\/\/medicina.udd.cl\/kinesiologia-santiago\/files\/2023\/03\/postgrado-titulacion-postitulos-medicos-2023-4-scaled.jpg\" alt=\"\" class=\"wp-image-5892\" srcset=\"https:\/\/medicina.udd.cl\/kinesiologia-santiago\/files\/2023\/03\/postgrado-titulacion-postitulos-medicos-2023-4-scaled.jpg 2560w, https:\/\/medicina.udd.cl\/kinesiologia-santiago\/files\/2023\/03\/postgrado-titulacion-postitulos-medicos-2023-4-300x201.jpg 300w, https:\/\/medicina.udd.cl\/kinesiologia-santiago\/files\/2023\/03\/postgrado-titulacion-postitulos-medicos-2023-4-1024x685.jpg 1024w, https:\/\/medicina.udd.cl\/kinesiologia-santiago\/files\/2023\/03\/postgrado-titulacion-postitulos-medicos-2023-4-768x514.jpg 768w, https:\/\/medicina.udd.cl\/kinesiologia-santiago\/files\/2023\/03\/postgrado-titulacion-postitulos-medicos-2023-4-1536x1027.jpg 1536w, https:\/\/medicina.udd.cl\/kinesiologia-santiago\/files\/2023\/03\/postgrado-titulacion-postitulos-medicos-2023-4-2048x1369.jpg 2048w\" sizes=\"auto, (max-width: 2560px) 100vw, 2560px\" \/><\/a><\/figure>\n\n\n\n<figure class=\"wp-block-image size-large\"><a href=\"https:\/\/medicina.udd.cl\/kinesiologia-santiago\/files\/2023\/03\/postgrado-titulacion-postitulos-medicos-2023-3-scaled.jpg\"><img loading=\"lazy\" decoding=\"async\" width=\"2560\" height=\"1809\" data-id=\"5891\" src=\"https:\/\/medicina.udd.cl\/kinesiologia-santiago\/files\/2023\/03\/postgrado-titulacion-postitulos-medicos-2023-3-scaled.jpg\" alt=\"\" class=\"wp-image-5891\" srcset=\"https:\/\/medicina.udd.cl\/kinesiologia-santiago\/files\/2023\/03\/postgrado-titulacion-postitulos-medicos-2023-3-scaled.jpg 2560w, https:\/\/medicina.udd.cl\/kinesiologia-santiago\/files\/2023\/03\/postgrado-titulacion-postitulos-medicos-2023-3-300x212.jpg 300w, https:\/\/medicina.udd.cl\/kinesiologia-santiago\/files\/2023\/03\/postgrado-titulacion-postitulos-medicos-2023-3-1024x723.jpg 1024w, https:\/\/medicina.udd.cl\/kinesiologia-santiago\/files\/2023\/03\/postgrado-titulacion-postitulos-medicos-2023-3-768x543.jpg 768w, https:\/\/medicina.udd.cl\/kinesiologia-santiago\/files\/2023\/03\/postgrado-titulacion-postitulos-medicos-2023-3-316x224.jpg 316w, https:\/\/medicina.udd.cl\/kinesiologia-santiago\/files\/2023\/03\/postgrado-titulacion-postitulos-medicos-2023-3-87x62.jpg 87w, https:\/\/medicina.udd.cl\/kinesiologia-santiago\/files\/2023\/03\/postgrado-titulacion-postitulos-medicos-2023-3-1536x1085.jpg 1536w, https:\/\/medicina.udd.cl\/kinesiologia-santiago\/files\/2023\/03\/postgrado-titulacion-postitulos-medicos-2023-3-2048x1447.jpg 2048w\" sizes=\"auto, (max-width: 2560px) 100vw, 2560px\" \/><\/a><\/figure>\n\n\n\n<figure class=\"wp-block-image size-large\"><a href=\"https:\/\/medicina.udd.cl\/kinesiologia-santiago\/files\/2023\/03\/postgrado-titulacion-postitulos-medicos-2023-21-scaled.jpg\"><img loading=\"lazy\" decoding=\"async\" width=\"2560\" height=\"1707\" data-id=\"5896\" src=\"https:\/\/medicina.udd.cl\/kinesiologia-santiago\/files\/2023\/03\/postgrado-titulacion-postitulos-medicos-2023-21-scaled.jpg\" alt=\"\" class=\"wp-image-5896\" srcset=\"https:\/\/medicina.udd.cl\/kinesiologia-santiago\/files\/2023\/03\/postgrado-titulacion-postitulos-medicos-2023-21-scaled.jpg 2560w, https:\/\/medicina.udd.cl\/kinesiologia-santiago\/files\/2023\/03\/postgrado-titulacion-postitulos-medicos-2023-21-300x200.jpg 300w, https:\/\/medicina.udd.cl\/kinesiologia-santiago\/files\/2023\/03\/postgrado-titulacion-postitulos-medicos-2023-21-1024x683.jpg 1024w, https:\/\/medicina.udd.cl\/kinesiologia-santiago\/files\/2023\/03\/postgrado-titulacion-postitulos-medicos-2023-21-768x512.jpg 768w, https:\/\/medicina.udd.cl\/kinesiologia-santiago\/files\/2023\/03\/postgrado-titulacion-postitulos-medicos-2023-21-1536x1024.jpg 1536w, https:\/\/medicina.udd.cl\/kinesiologia-santiago\/files\/2023\/03\/postgrado-titulacion-postitulos-medicos-2023-21-2048x1365.jpg 2048w\" sizes=\"auto, (max-width: 2560px) 100vw, 2560px\" \/><\/a><\/figure>\n\n\n\n<figure class=\"wp-block-image size-large\"><a href=\"https:\/\/medicina.udd.cl\/kinesiologia-santiago\/files\/2023\/03\/postgrado-titulacion-postitulos-medicos-2023-15-scaled.jpg\"><img loading=\"lazy\" decoding=\"async\" width=\"2560\" height=\"1828\" data-id=\"5893\" src=\"https:\/\/medicina.udd.cl\/kinesiologia-santiago\/files\/2023\/03\/postgrado-titulacion-postitulos-medicos-2023-15-scaled.jpg\" alt=\"\" class=\"wp-image-5893\" srcset=\"https:\/\/medicina.udd.cl\/kinesiologia-santiago\/files\/2023\/03\/postgrado-titulacion-postitulos-medicos-2023-15-scaled.jpg 2560w, https:\/\/medicina.udd.cl\/kinesiologia-santiago\/files\/2023\/03\/postgrado-titulacion-postitulos-medicos-2023-15-300x214.jpg 300w, https:\/\/medicina.udd.cl\/kinesiologia-santiago\/files\/2023\/03\/postgrado-titulacion-postitulos-medicos-2023-15-1024x731.jpg 1024w, https:\/\/medicina.udd.cl\/kinesiologia-santiago\/files\/2023\/03\/postgrado-titulacion-postitulos-medicos-2023-15-768x548.jpg 768w, https:\/\/medicina.udd.cl\/kinesiologia-santiago\/files\/2023\/03\/postgrado-titulacion-postitulos-medicos-2023-15-286x205.jpg 286w, https:\/\/medicina.udd.cl\/kinesiologia-santiago\/files\/2023\/03\/postgrado-titulacion-postitulos-medicos-2023-15-87x62.jpg 87w, https:\/\/medicina.udd.cl\/kinesiologia-santiago\/files\/2023\/03\/postgrado-titulacion-postitulos-medicos-2023-15-1536x1097.jpg 1536w, https:\/\/medicina.udd.cl\/kinesiologia-santiago\/files\/2023\/03\/postgrado-titulacion-postitulos-medicos-2023-15-2048x1462.jpg 2048w\" sizes=\"auto, (max-width: 2560px) 100vw, 2560px\" \/><\/a><\/figure>\n\n\n\n<figure class=\"wp-block-image size-large\"><a href=\"https:\/\/medicina.udd.cl\/kinesiologia-santiago\/files\/2023\/03\/postgrado-titulacion-postitulos-medicos-2023-18-scaled.jpg\"><img loading=\"lazy\" decoding=\"async\" width=\"2560\" height=\"1707\" data-id=\"5894\" src=\"https:\/\/medicina.udd.cl\/kinesiologia-santiago\/files\/2023\/03\/postgrado-titulacion-postitulos-medicos-2023-18-scaled.jpg\" alt=\"\" class=\"wp-image-5894\" srcset=\"https:\/\/medicina.udd.cl\/kinesiologia-santiago\/files\/2023\/03\/postgrado-titulacion-postitulos-medicos-2023-18-scaled.jpg 2560w, https:\/\/medicina.udd.cl\/kinesiologia-santiago\/files\/2023\/03\/postgrado-titulacion-postitulos-medicos-2023-18-300x200.jpg 300w, https:\/\/medicina.udd.cl\/kinesiologia-santiago\/files\/2023\/03\/postgrado-titulacion-postitulos-medicos-2023-18-1024x683.jpg 1024w, https:\/\/medicina.udd.cl\/kinesiologia-santiago\/files\/2023\/03\/postgrado-titulacion-postitulos-medicos-2023-18-768x512.jpg 768w, https:\/\/medicina.udd.cl\/kinesiologia-santiago\/files\/2023\/03\/postgrado-titulacion-postitulos-medicos-2023-18-1536x1024.jpg 1536w, https:\/\/medicina.udd.cl\/kinesiologia-santiago\/files\/2023\/03\/postgrado-titulacion-postitulos-medicos-2023-18-2048x1365.jpg 2048w\" sizes=\"auto, (max-width: 2560px) 100vw, 2560px\" \/><\/a><\/figure>\n\n\n\n<figure class=\"wp-block-image size-large\"><a href=\"https:\/\/medicina.udd.cl\/kinesiologia-santiago\/files\/2023\/03\/postgrado-titulacion-postitulos-medicos-2023-19-scaled.jpg\"><img loading=\"lazy\" decoding=\"async\" width=\"2560\" height=\"1707\" data-id=\"5895\" src=\"https:\/\/medicina.udd.cl\/kinesiologia-santiago\/files\/2023\/03\/postgrado-titulacion-postitulos-medicos-2023-19-scaled.jpg\" alt=\"\" class=\"wp-image-5895\" srcset=\"https:\/\/medicina.udd.cl\/kinesiologia-santiago\/files\/2023\/03\/postgrado-titulacion-postitulos-medicos-2023-19-scaled.jpg 2560w, https:\/\/medicina.udd.cl\/kinesiologia-santiago\/files\/2023\/03\/postgrado-titulacion-postitulos-medicos-2023-19-300x200.jpg 300w, https:\/\/medicina.udd.cl\/kinesiologia-santiago\/files\/2023\/03\/postgrado-titulacion-postitulos-medicos-2023-19-1024x683.jpg 1024w, https:\/\/medicina.udd.cl\/kinesiologia-santiago\/files\/2023\/03\/postgrado-titulacion-postitulos-medicos-2023-19-768x512.jpg 768w, https:\/\/medicina.udd.cl\/kinesiologia-santiago\/files\/2023\/03\/postgrado-titulacion-postitulos-medicos-2023-19-1536x1024.jpg 1536w, https:\/\/medicina.udd.cl\/kinesiologia-santiago\/files\/2023\/03\/postgrado-titulacion-postitulos-medicos-2023-19-2048x1365.jpg 2048w\" sizes=\"auto, (max-width: 2560px) 100vw, 2560px\" \/><\/a><\/figure>\n\n\n\n<figure class=\"wp-block-image size-large\"><a href=\"https:\/\/medicina.udd.cl\/kinesiologia-santiago\/files\/2023\/03\/primera-egresada-postitulo-kinesiologia-udd-4.jpg\"><img loading=\"lazy\" decoding=\"async\" width=\"1280\" height=\"960\" data-id=\"5888\" src=\"https:\/\/medicina.udd.cl\/kinesiologia-santiago\/files\/2023\/03\/primera-egresada-postitulo-kinesiologia-udd-4.jpg\" alt=\"\" class=\"wp-image-5888\" srcset=\"https:\/\/medicina.udd.cl\/kinesiologia-santiago\/files\/2023\/03\/primera-egresada-postitulo-kinesiologia-udd-4.jpg 1280w, https:\/\/medicina.udd.cl\/kinesiologia-santiago\/files\/2023\/03\/primera-egresada-postitulo-kinesiologia-udd-4-300x225.jpg 300w, https:\/\/medicina.udd.cl\/kinesiologia-santiago\/files\/2023\/03\/primera-egresada-postitulo-kinesiologia-udd-4-1024x768.jpg 1024w, https:\/\/medicina.udd.cl\/kinesiologia-santiago\/files\/2023\/03\/primera-egresada-postitulo-kinesiologia-udd-4-768x576.jpg 768w\" sizes=\"auto, (max-width: 1280px) 100vw, 1280px\" \/><\/a><\/figure>\n\n\n\n<figure class=\"wp-block-image size-large\"><a href=\"https:\/\/medicina.udd.cl\/kinesiologia-santiago\/files\/2023\/03\/primera-egresada-postitulo-kinesiologia-udd-3.jpg\"><img loading=\"lazy\" decoding=\"async\" width=\"834\" height=\"626\" data-id=\"5887\" src=\"https:\/\/medicina.udd.cl\/kinesiologia-santiago\/files\/2023\/03\/primera-egresada-postitulo-kinesiologia-udd-3.jpg\" alt=\"\" class=\"wp-image-5887\" srcset=\"https:\/\/medicina.udd.cl\/kinesiologia-santiago\/files\/2023\/03\/primera-egresada-postitulo-kinesiologia-udd-3.jpg 834w, https:\/\/medicina.udd.cl\/kinesiologia-santiago\/files\/2023\/03\/primera-egresada-postitulo-kinesiologia-udd-3-300x225.jpg 300w, https:\/\/medicina.udd.cl\/kinesiologia-santiago\/files\/2023\/03\/primera-egresada-postitulo-kinesiologia-udd-3-768x576.jpg 768w\" sizes=\"auto, (max-width: 834px) 100vw, 834px\" \/><\/a><\/figure>\n<\/figure>\n","protected":false},"excerpt":{"rendered":"<p>En una solemne ceremonia realizada este 21 de marzo en el Aula Magna de la Universidad del Desarrollo (UDD), se llev\u00f3 a cabo la titulaci\u00f3n de 90 alumnos de los post\u00edtulos de especialidades m\u00e9dicas, subespecialidades y post\u00edtulos tem\u00e1ticos, generaci\u00f3n 2022, dictados por la Facultad de Medicina Cl\u00ednica Alemana Universidad del Desarrollo. El evento que estuvo [&hellip;]<\/p>\n","protected":false},"author":9192219,"featured_media":5897,"comment_status":"closed","ping_status":"open","sticky":false,"template":"","format":"standard","meta":{"footnotes":""},"categories":[4],"tags":[],"class_list":["post-5884","post","type-post","status-publish","format-standard","has-post-thumbnail","hentry","category-noticias"],"yoast_head":"<!-- This site is optimized with the Yoast SEO plugin v26.9 - https:\/\/yoast.com\/product\/yoast-seo-wordpress\/ -->\n<title>UDD titula a la primera egresada del Post\u00edtulo de Especialidad en Kinesiolog\u00eda Intensiva en el Adulto - Kinesiolog\u00eda<\/title>\n<meta name=\"robots\" content=\"index, follow, max-snippet:-1, max-image-preview:large, max-video-preview:-1\" \/>\n<link rel=\"canonical\" href=\"https:\/\/medicina.udd.cl\/kinesiologia-santiago\/noticias\/2023\/03\/23\/udd-titula-a-la-primera-egresada-del-postitulo-de-especialidad-en-kinesiologia-intensiva-en-el-adulto\/\" \/>\n<meta property=\"og:locale\" content=\"es_ES\" \/>\n<meta property=\"og:type\" content=\"article\" \/>\n<meta property=\"og:title\" content=\"UDD titula a la primera egresada del Post\u00edtulo de Especialidad en Kinesiolog\u00eda Intensiva en el Adulto - Kinesiolog\u00eda\" \/>\n<meta property=\"og:description\" content=\"En una solemne ceremonia realizada este 21 de marzo en el Aula Magna de la Universidad del Desarrollo (UDD), se llev\u00f3 a cabo la titulaci\u00f3n de 90 alumnos de los post\u00edtulos de especialidades m\u00e9dicas, subespecialidades y post\u00edtulos tem\u00e1ticos, generaci\u00f3n 2022, dictados por la Facultad de Medicina Cl\u00ednica Alemana Universidad del Desarrollo. El evento que estuvo [&hellip;]\" \/>\n<meta property=\"og:url\" content=\"https:\/\/medicina.udd.cl\/kinesiologia-santiago\/noticias\/2023\/03\/23\/udd-titula-a-la-primera-egresada-del-postitulo-de-especialidad-en-kinesiologia-intensiva-en-el-adulto\/\" \/>\n<meta property=\"og:site_name\" content=\"Kinesiolog\u00eda\" \/>\n<meta property=\"article:published_time\" content=\"2023-03-23T15:34:00+00:00\" \/>\n<meta property=\"article:modified_time\" content=\"2023-03-27T15:48:55+00:00\" \/>\n<meta property=\"og:image\" content=\"https:\/\/medicina.udd.cl\/kinesiologia-santiago\/files\/2023\/03\/postgrado-titulacion-postitulos-medicos-2023-22-scaled.jpg\" \/>\n\t<meta property=\"og:image:width\" content=\"2560\" \/>\n\t<meta property=\"og:image:height\" content=\"1805\" \/>\n\t<meta property=\"og:image:type\" content=\"image\/jpeg\" \/>\n<meta name=\"author\" content=\"rbraidy\" \/>\n<meta name=\"twitter:label1\" content=\"Escrito por\" \/>\n\t<meta name=\"twitter:data1\" content=\"rbraidy\" \/>\n\t<meta name=\"twitter:label2\" content=\"Tiempo de lectura\" \/>\n\t<meta name=\"twitter:data2\" content=\"4 minutos\" \/>\n<script type=\"application\/ld+json\" class=\"yoast-schema-graph\">{\"@context\":\"https:\/\/schema.org\",\"@graph\":[{\"@type\":\"Article\",\"@id\":\"https:\/\/medicina.udd.cl\/kinesiologia-santiago\/noticias\/2023\/03\/23\/udd-titula-a-la-primera-egresada-del-postitulo-de-especialidad-en-kinesiologia-intensiva-en-el-adulto\/#article\",\"isPartOf\":{\"@id\":\"https:\/\/medicina.udd.cl\/kinesiologia-santiago\/noticias\/2023\/03\/23\/udd-titula-a-la-primera-egresada-del-postitulo-de-especialidad-en-kinesiologia-intensiva-en-el-adulto\/\"},\"author\":{\"name\":\"rbraidy\",\"@id\":\"https:\/\/medicina.udd.cl\/kinesiologia-santiago\/#\/schema\/person\/dbc3705bf3a93e8be1ba6de0ef950341\"},\"headline\":\"UDD titula a la primera egresada del Post\u00edtulo de Especialidad en Kinesiolog\u00eda Intensiva en el Adulto\",\"datePublished\":\"2023-03-23T15:34:00+00:00\",\"dateModified\":\"2023-03-27T15:48:55+00:00\",\"mainEntityOfPage\":{\"@id\":\"https:\/\/medicina.udd.cl\/kinesiologia-santiago\/noticias\/2023\/03\/23\/udd-titula-a-la-primera-egresada-del-postitulo-de-especialidad-en-kinesiologia-intensiva-en-el-adulto\/\"},\"wordCount\":429,\"image\":{\"@id\":\"https:\/\/medicina.udd.cl\/kinesiologia-santiago\/noticias\/2023\/03\/23\/udd-titula-a-la-primera-egresada-del-postitulo-de-especialidad-en-kinesiologia-intensiva-en-el-adulto\/#primaryimage\"},\"thumbnailUrl\":\"https:\/\/medicina.udd.cl\/kinesiologia-santiago\/files\/2023\/03\/postgrado-titulacion-postitulos-medicos-2023-22-scaled.jpg\",\"articleSection\":[\"Noticias\"],\"inLanguage\":\"es\"},{\"@type\":\"WebPage\",\"@id\":\"https:\/\/medicina.udd.cl\/kinesiologia-santiago\/noticias\/2023\/03\/23\/udd-titula-a-la-primera-egresada-del-postitulo-de-especialidad-en-kinesiologia-intensiva-en-el-adulto\/\",\"url\":\"https:\/\/medicina.udd.cl\/kinesiologia-santiago\/noticias\/2023\/03\/23\/udd-titula-a-la-primera-egresada-del-postitulo-de-especialidad-en-kinesiologia-intensiva-en-el-adulto\/\",\"name\":\"UDD titula a la primera egresada del Post\u00edtulo de Especialidad en Kinesiolog\u00eda Intensiva en el Adulto - Kinesiolog\u00eda\",\"isPartOf\":{\"@id\":\"https:\/\/medicina.udd.cl\/kinesiologia-santiago\/#website\"},\"primaryImageOfPage\":{\"@id\":\"https:\/\/medicina.udd.cl\/kinesiologia-santiago\/noticias\/2023\/03\/23\/udd-titula-a-la-primera-egresada-del-postitulo-de-especialidad-en-kinesiologia-intensiva-en-el-adulto\/#primaryimage\"},\"image\":{\"@id\":\"https:\/\/medicina.udd.cl\/kinesiologia-santiago\/noticias\/2023\/03\/23\/udd-titula-a-la-primera-egresada-del-postitulo-de-especialidad-en-kinesiologia-intensiva-en-el-adulto\/#primaryimage\"},\"thumbnailUrl\":\"https:\/\/medicina.udd.cl\/kinesiologia-santiago\/files\/2023\/03\/postgrado-titulacion-postitulos-medicos-2023-22-scaled.jpg\",\"datePublished\":\"2023-03-23T15:34:00+00:00\",\"dateModified\":\"2023-03-27T15:48:55+00:00\",\"author\":{\"@id\":\"https:\/\/medicina.udd.cl\/kinesiologia-santiago\/#\/schema\/person\/dbc3705bf3a93e8be1ba6de0ef950341\"},\"breadcrumb\":{\"@id\":\"https:\/\/medicina.udd.cl\/kinesiologia-santiago\/noticias\/2023\/03\/23\/udd-titula-a-la-primera-egresada-del-postitulo-de-especialidad-en-kinesiologia-intensiva-en-el-adulto\/#breadcrumb\"},\"inLanguage\":\"es\",\"potentialAction\":[{\"@type\":\"ReadAction\",\"target\":[\"https:\/\/medicina.udd.cl\/kinesiologia-santiago\/noticias\/2023\/03\/23\/udd-titula-a-la-primera-egresada-del-postitulo-de-especialidad-en-kinesiologia-intensiva-en-el-adulto\/\"]}]},{\"@type\":\"ImageObject\",\"inLanguage\":\"es\",\"@id\":\"https:\/\/medicina.udd.cl\/kinesiologia-santiago\/noticias\/2023\/03\/23\/udd-titula-a-la-primera-egresada-del-postitulo-de-especialidad-en-kinesiologia-intensiva-en-el-adulto\/#primaryimage\",\"url\":\"https:\/\/medicina.udd.cl\/kinesiologia-santiago\/files\/2023\/03\/postgrado-titulacion-postitulos-medicos-2023-22-scaled.jpg\",\"contentUrl\":\"https:\/\/medicina.udd.cl\/kinesiologia-santiago\/files\/2023\/03\/postgrado-titulacion-postitulos-medicos-2023-22-scaled.jpg\",\"width\":2560,\"height\":1805},{\"@type\":\"BreadcrumbList\",\"@id\":\"https:\/\/medicina.udd.cl\/kinesiologia-santiago\/noticias\/2023\/03\/23\/udd-titula-a-la-primera-egresada-del-postitulo-de-especialidad-en-kinesiologia-intensiva-en-el-adulto\/#breadcrumb\",\"itemListElement\":[{\"@type\":\"ListItem\",\"position\":1,\"name\":\"Home\",\"item\":\"https:\/\/medicina.udd.cl\/kinesiologia-santiago\/\"},{\"@type\":\"ListItem\",\"position\":2,\"name\":\"UDD titula a la primera egresada del Post\u00edtulo de Especialidad en Kinesiolog\u00eda Intensiva en el Adulto\"}]},{\"@type\":\"WebSite\",\"@id\":\"https:\/\/medicina.udd.cl\/kinesiologia-santiago\/#website\",\"url\":\"https:\/\/medicina.udd.cl\/kinesiologia-santiago\/\",\"name\":\"Kinesiolog\u00eda\",\"description\":\"Facultad de Medicina Cl\u00ednica Alemana Universidad del Desarrollo\",\"inLanguage\":\"es\"},{\"@type\":\"Person\",\"@id\":\"https:\/\/medicina.udd.cl\/kinesiologia-santiago\/#\/schema\/person\/dbc3705bf3a93e8be1ba6de0ef950341\",\"name\":\"rbraidy\",\"image\":{\"@type\":\"ImageObject\",\"inLanguage\":\"es\",\"@id\":\"https:\/\/medicina.udd.cl\/kinesiologia-santiago\/#\/schema\/person\/image\/\",\"url\":\"https:\/\/secure.gravatar.com\/avatar\/0f8bc94637401590e45d2ce17eb65c274cb8870a219de6177f3f23e63fd8cdf3?s=96&d=mm&r=g\",\"contentUrl\":\"https:\/\/secure.gravatar.com\/avatar\/0f8bc94637401590e45d2ce17eb65c274cb8870a219de6177f3f23e63fd8cdf3?s=96&d=mm&r=g\",\"caption\":\"rbraidy\"},\"url\":\"https:\/\/medicina.udd.cl\/kinesiologia-santiago\/noticias\/author\/rbraidy\/\"}]}<\/script>\n<!-- \/ Yoast SEO plugin. -->","yoast_head_json":{"title":"UDD titula a la primera egresada del Post\u00edtulo de Especialidad en Kinesiolog\u00eda Intensiva en el Adulto - Kinesiolog\u00eda","robots":{"index":"index","follow":"follow","max-snippet":"max-snippet:-1","max-image-preview":"max-image-preview:large","max-video-preview":"max-video-preview:-1"},"canonical":"https:\/\/medicina.udd.cl\/kinesiologia-santiago\/noticias\/2023\/03\/23\/udd-titula-a-la-primera-egresada-del-postitulo-de-especialidad-en-kinesiologia-intensiva-en-el-adulto\/","og_locale":"es_ES","og_type":"article","og_title":"UDD titula a la primera egresada del Post\u00edtulo de Especialidad en Kinesiolog\u00eda Intensiva en el Adulto - Kinesiolog\u00eda","og_description":"En una solemne ceremonia realizada este 21 de marzo en el Aula Magna de la Universidad del Desarrollo (UDD), se llev\u00f3 a cabo la titulaci\u00f3n de 90 alumnos de los post\u00edtulos de especialidades m\u00e9dicas, subespecialidades y post\u00edtulos tem\u00e1ticos, generaci\u00f3n 2022, dictados por la Facultad de Medicina Cl\u00ednica Alemana Universidad del Desarrollo. El evento que estuvo [&hellip;]","og_url":"https:\/\/medicina.udd.cl\/kinesiologia-santiago\/noticias\/2023\/03\/23\/udd-titula-a-la-primera-egresada-del-postitulo-de-especialidad-en-kinesiologia-intensiva-en-el-adulto\/","og_site_name":"Kinesiolog\u00eda","article_published_time":"2023-03-23T15:34:00+00:00","article_modified_time":"2023-03-27T15:48:55+00:00","og_image":[{"width":2560,"height":1805,"url":"https:\/\/medicina.udd.cl\/kinesiologia-santiago\/files\/2023\/03\/postgrado-titulacion-postitulos-medicos-2023-22-scaled.jpg","type":"image\/jpeg"}],"author":"rbraidy","twitter_misc":{"Escrito por":"rbraidy","Tiempo de lectura":"4 minutos"},"schema":{"@context":"https:\/\/schema.org","@graph":[{"@type":"Article","@id":"https:\/\/medicina.udd.cl\/kinesiologia-santiago\/noticias\/2023\/03\/23\/udd-titula-a-la-primera-egresada-del-postitulo-de-especialidad-en-kinesiologia-intensiva-en-el-adulto\/#article","isPartOf":{"@id":"https:\/\/medicina.udd.cl\/kinesiologia-santiago\/noticias\/2023\/03\/23\/udd-titula-a-la-primera-egresada-del-postitulo-de-especialidad-en-kinesiologia-intensiva-en-el-adulto\/"},"author":{"name":"rbraidy","@id":"https:\/\/medicina.udd.cl\/kinesiologia-santiago\/#\/schema\/person\/dbc3705bf3a93e8be1ba6de0ef950341"},"headline":"UDD titula a la primera egresada del Post\u00edtulo de Especialidad en Kinesiolog\u00eda Intensiva en el Adulto","datePublished":"2023-03-23T15:34:00+00:00","dateModified":"2023-03-27T15:48:55+00:00","mainEntityOfPage":{"@id":"https:\/\/medicina.udd.cl\/kinesiologia-santiago\/noticias\/2023\/03\/23\/udd-titula-a-la-primera-egresada-del-postitulo-de-especialidad-en-kinesiologia-intensiva-en-el-adulto\/"},"wordCount":429,"image":{"@id":"https:\/\/medicina.udd.cl\/kinesiologia-santiago\/noticias\/2023\/03\/23\/udd-titula-a-la-primera-egresada-del-postitulo-de-especialidad-en-kinesiologia-intensiva-en-el-adulto\/#primaryimage"},"thumbnailUrl":"https:\/\/medicina.udd.cl\/kinesiologia-santiago\/files\/2023\/03\/postgrado-titulacion-postitulos-medicos-2023-22-scaled.jpg","articleSection":["Noticias"],"inLanguage":"es"},{"@type":"WebPage","@id":"https:\/\/medicina.udd.cl\/kinesiologia-santiago\/noticias\/2023\/03\/23\/udd-titula-a-la-primera-egresada-del-postitulo-de-especialidad-en-kinesiologia-intensiva-en-el-adulto\/","url":"https:\/\/medicina.udd.cl\/kinesiologia-santiago\/noticias\/2023\/03\/23\/udd-titula-a-la-primera-egresada-del-postitulo-de-especialidad-en-kinesiologia-intensiva-en-el-adulto\/","name":"UDD titula a la primera egresada del Post\u00edtulo de Especialidad en Kinesiolog\u00eda Intensiva en el Adulto - Kinesiolog\u00eda","isPartOf":{"@id":"https:\/\/medicina.udd.cl\/kinesiologia-santiago\/#website"},"primaryImageOfPage":{"@id":"https:\/\/medicina.udd.cl\/kinesiologia-santiago\/noticias\/2023\/03\/23\/udd-titula-a-la-primera-egresada-del-postitulo-de-especialidad-en-kinesiologia-intensiva-en-el-adulto\/#primaryimage"},"image":{"@id":"https:\/\/medicina.udd.cl\/kinesiologia-santiago\/noticias\/2023\/03\/23\/udd-titula-a-la-primera-egresada-del-postitulo-de-especialidad-en-kinesiologia-intensiva-en-el-adulto\/#primaryimage"},"thumbnailUrl":"https:\/\/medicina.udd.cl\/kinesiologia-santiago\/files\/2023\/03\/postgrado-titulacion-postitulos-medicos-2023-22-scaled.jpg","datePublished":"2023-03-23T15:34:00+00:00","dateModified":"2023-03-27T15:48:55+00:00","author":{"@id":"https:\/\/medicina.udd.cl\/kinesiologia-santiago\/#\/schema\/person\/dbc3705bf3a93e8be1ba6de0ef950341"},"breadcrumb":{"@id":"https:\/\/medicina.udd.cl\/kinesiologia-santiago\/noticias\/2023\/03\/23\/udd-titula-a-la-primera-egresada-del-postitulo-de-especialidad-en-kinesiologia-intensiva-en-el-adulto\/#breadcrumb"},"inLanguage":"es","potentialAction":[{"@type":"ReadAction","target":["https:\/\/medicina.udd.cl\/kinesiologia-santiago\/noticias\/2023\/03\/23\/udd-titula-a-la-primera-egresada-del-postitulo-de-especialidad-en-kinesiologia-intensiva-en-el-adulto\/"]}]},{"@type":"ImageObject","inLanguage":"es","@id":"https:\/\/medicina.udd.cl\/kinesiologia-santiago\/noticias\/2023\/03\/23\/udd-titula-a-la-primera-egresada-del-postitulo-de-especialidad-en-kinesiologia-intensiva-en-el-adulto\/#primaryimage","url":"https:\/\/medicina.udd.cl\/kinesiologia-santiago\/files\/2023\/03\/postgrado-titulacion-postitulos-medicos-2023-22-scaled.jpg","contentUrl":"https:\/\/medicina.udd.cl\/kinesiologia-santiago\/files\/2023\/03\/postgrado-titulacion-postitulos-medicos-2023-22-scaled.jpg","width":2560,"height":1805},{"@type":"BreadcrumbList","@id":"https:\/\/medicina.udd.cl\/kinesiologia-santiago\/noticias\/2023\/03\/23\/udd-titula-a-la-primera-egresada-del-postitulo-de-especialidad-en-kinesiologia-intensiva-en-el-adulto\/#breadcrumb","itemListElement":[{"@type":"ListItem","position":1,"name":"Home","item":"https:\/\/medicina.udd.cl\/kinesiologia-santiago\/"},{"@type":"ListItem","position":2,"name":"UDD titula a la primera egresada del Post\u00edtulo de Especialidad en Kinesiolog\u00eda Intensiva en el Adulto"}]},{"@type":"WebSite","@id":"https:\/\/medicina.udd.cl\/kinesiologia-santiago\/#website","url":"https:\/\/medicina.udd.cl\/kinesiologia-santiago\/","name":"Kinesiolog\u00eda","description":"Facultad de Medicina Cl\u00ednica Alemana Universidad del Desarrollo","inLanguage":"es"},{"@type":"Person","@id":"https:\/\/medicina.udd.cl\/kinesiologia-santiago\/#\/schema\/person\/dbc3705bf3a93e8be1ba6de0ef950341","name":"rbraidy","image":{"@type":"ImageObject","inLanguage":"es","@id":"https:\/\/medicina.udd.cl\/kinesiologia-santiago\/#\/schema\/person\/image\/","url":"https:\/\/secure.gravatar.com\/avatar\/0f8bc94637401590e45d2ce17eb65c274cb8870a219de6177f3f23e63fd8cdf3?s=96&d=mm&r=g","contentUrl":"https:\/\/secure.gravatar.com\/avatar\/0f8bc94637401590e45d2ce17eb65c274cb8870a219de6177f3f23e63fd8cdf3?s=96&d=mm&r=g","caption":"rbraidy"},"url":"https:\/\/medicina.udd.cl\/kinesiologia-santiago\/noticias\/author\/rbraidy\/"}]}},"featured_image_url":"https:\/\/medicina.udd.cl\/kinesiologia-santiago\/files\/2023\/03\/postgrado-titulacion-postitulos-medicos-2023-22-scaled.jpg","_links":{"self":[{"href":"https:\/\/medicina.udd.cl\/kinesiologia-santiago\/wp-json\/wp\/v2\/posts\/5884","targetHints":{"allow":["GET"]}}],"collection":[{"href":"https:\/\/medicina.udd.cl\/kinesiologia-santiago\/wp-json\/wp\/v2\/posts"}],"about":[{"href":"https:\/\/medicina.udd.cl\/kinesiologia-santiago\/wp-json\/wp\/v2\/types\/post"}],"author":[{"embeddable":true,"href":"https:\/\/medicina.udd.cl\/kinesiologia-santiago\/wp-json\/wp\/v2\/users\/9192219"}],"replies":[{"embeddable":true,"href":"https:\/\/medicina.udd.cl\/kinesiologia-santiago\/wp-json\/wp\/v2\/comments?post=5884"}],"version-history":[{"count":1,"href":"https:\/\/medicina.udd.cl\/kinesiologia-santiago\/wp-json\/wp\/v2\/posts\/5884\/revisions"}],"predecessor-version":[{"id":5898,"href":"https:\/\/medicina.udd.cl\/kinesiologia-santiago\/wp-json\/wp\/v2\/posts\/5884\/revisions\/5898"}],"wp:featuredmedia":[{"embeddable":true,"href":"https:\/\/medicina.udd.cl\/kinesiologia-santiago\/wp-json\/wp\/v2\/media\/5897"}],"wp:attachment":[{"href":"https:\/\/medicina.udd.cl\/kinesiologia-santiago\/wp-json\/wp\/v2\/media?parent=5884"}],"wp:term":[{"taxonomy":"category","embeddable":true,"href":"https:\/\/medicina.udd.cl\/kinesiologia-santiago\/wp-json\/wp\/v2\/categories?post=5884"},{"taxonomy":"post_tag","embeddable":true,"href":"https:\/\/medicina.udd.cl\/kinesiologia-santiago\/wp-json\/wp\/v2\/tags?post=5884"}],"curies":[{"name":"wp","href":"https:\/\/api.w.org\/{rel}","templated":true}]}}