{"id":5931,"date":"2023-05-02T17:52:00","date_gmt":"2023-05-02T21:52:00","guid":{"rendered":"https:\/\/medicina.udd.cl\/kinesiologia-santiago\/?p=5931"},"modified":"2023-05-08T11:57:42","modified_gmt":"2023-05-08T15:57:42","slug":"academicos-y-estudiantes-del-magister-en-terapia-fisica-y-rehabilitacion-udd-participaron-en-el-8-congreso-brasilero-de-fisioterapia-oncologica","status":"publish","type":"post","link":"https:\/\/medicina.udd.cl\/kinesiologia-santiago\/noticias\/2023\/05\/02\/academicos-y-estudiantes-del-magister-en-terapia-fisica-y-rehabilitacion-udd-participaron-en-el-8-congreso-brasilero-de-fisioterapia-oncologica\/","title":{"rendered":"Acad\u00e9micos y estudiantes del Mag\u00edster en Terapia F\u00edsica y Rehabilitaci\u00f3n UDD participaron en el 8\u00b0 Congreso Brasilero de Fisioterapia Oncol\u00f3gica"},"content":{"rendered":"\n<figure class=\"wp-block-gallery has-nested-images columns-default is-cropped wp-block-gallery-1 is-layout-flex wp-block-gallery-is-layout-flex\">\n<figure class=\"wp-block-image size-large\"><a href=\"https:\/\/medicina.udd.cl\/kinesiologia-santiago\/files\/2023\/05\/copia-kine-maki-congreso-brasil-2023-2.png\"><img loading=\"lazy\" decoding=\"async\" width=\"512\" height=\"387\" data-id=\"5936\" src=\"https:\/\/medicina.udd.cl\/kinesiologia-santiago\/files\/2023\/05\/copia-kine-maki-congreso-brasil-2023-2.png\" alt=\"\" class=\"wp-image-5936\" srcset=\"https:\/\/medicina.udd.cl\/kinesiologia-santiago\/files\/2023\/05\/copia-kine-maki-congreso-brasil-2023-2.png 512w, https:\/\/medicina.udd.cl\/kinesiologia-santiago\/files\/2023\/05\/copia-kine-maki-congreso-brasil-2023-2-300x227.png 300w\" sizes=\"auto, (max-width: 512px) 100vw, 512px\" \/><\/a><\/figure>\n\n\n\n<figure class=\"wp-block-image size-large\"><a href=\"https:\/\/medicina.udd.cl\/kinesiologia-santiago\/files\/2023\/05\/copia-kine-maki-congreso-brasil-2023.png\"><img loading=\"lazy\" decoding=\"async\" width=\"680\" height=\"524\" data-id=\"5937\" src=\"https:\/\/medicina.udd.cl\/kinesiologia-santiago\/files\/2023\/05\/copia-kine-maki-congreso-brasil-2023.png\" alt=\"\" class=\"wp-image-5937\" srcset=\"https:\/\/medicina.udd.cl\/kinesiologia-santiago\/files\/2023\/05\/copia-kine-maki-congreso-brasil-2023.png 680w, https:\/\/medicina.udd.cl\/kinesiologia-santiago\/files\/2023\/05\/copia-kine-maki-congreso-brasil-2023-300x231.png 300w, https:\/\/medicina.udd.cl\/kinesiologia-santiago\/files\/2023\/05\/copia-kine-maki-congreso-brasil-2023-182x140.png 182w\" sizes=\"auto, (max-width: 680px) 100vw, 680px\" \/><\/a><\/figure>\n<\/figure>\n\n\n\n<p>Acad\u00e9micos y estudiantes del Mag\u00edster en Terapia F\u00edsica y Rehabilitaci\u00f3n (MAKI) que imparte la Facultad de Medicina Cl\u00ednica Alemana Universidad del Desarrollo, participaron del 27 a 29 de abril, en el 8\u00b0 Congreso Brasilero de Fisioterapia Oncol\u00f3gica, llevado a cabo en Gramado, Brasil.<\/p>\n\n\n\n<p>Por el equipo docente del MAKI, estuvieron Cinara Sacomori, profesora investigadora y Paulina Araya Castro, coordinadora acad\u00e9mica del programa, quienes estuvieron acompa\u00f1adas por los estudiantes Daniela Jorquera y Tom\u00e1s L\u00f3pez.<\/p>\n\n\n\n<p>Cabe destacar que, en el congreso se presentaron tres posters sobre estudios realizados en el \u00e1rea, siendo uno de ellos de la profesora Cinara Sacomori, quien recibi\u00f3 el premio del tercer mejor p\u00f3ster del encuentro. El poster presentado por la acad\u00e9mica UDD, mostraba datos de su estudio Fondecyt Iniciaci\u00f3n, respecto a la prevalencia de s\u00edntomas urinarios e intestinales antes y despu\u00e9s del tratamiento quir\u00fargico para c\u00e1ncer colorrectal.<\/p>\n\n\n\n<p><em>\u00abFue muy gratificante la experiencia de participar de un congreso junto con los estudiantes MAKI. Pudimos compartir ideas y el amor por la kinesiolog\u00eda oncol\u00f3gica con otros colegas de Brasil y Chile. Sin duda, volvimos con m\u00e1s motivaci\u00f3n para seguir aprendiendo y aportando al \u00e1rea\u00bb,<\/em>\u00a0destac\u00f3 la acad\u00e9mica UDD, Kgla. Cinara Sacomori.<\/p>\n","protected":false},"excerpt":{"rendered":"<p>Acad\u00e9micos y estudiantes del Mag\u00edster en Terapia F\u00edsica y Rehabilitaci\u00f3n (MAKI) que imparte la Facultad de Medicina Cl\u00ednica Alemana Universidad del Desarrollo, participaron del 27 a 29 de abril, en el 8\u00b0 Congreso Brasilero de Fisioterapia Oncol\u00f3gica, llevado a cabo en Gramado, Brasil. Por el equipo docente del MAKI, estuvieron Cinara Sacomori, profesora investigadora y [&hellip;]<\/p>\n","protected":false},"author":9192219,"featured_media":5937,"comment_status":"closed","ping_status":"open","sticky":false,"template":"","format":"standard","meta":{"footnotes":""},"categories":[4],"tags":[],"class_list":["post-5931","post","type-post","status-publish","format-standard","has-post-thumbnail","hentry","category-noticias"],"yoast_head":"<!-- This site is optimized with the Yoast SEO plugin v26.9 - https:\/\/yoast.com\/product\/yoast-seo-wordpress\/ -->\n<title>Acad\u00e9micos y estudiantes del Mag\u00edster en Terapia F\u00edsica y Rehabilitaci\u00f3n UDD participaron en el 8\u00b0 Congreso Brasilero de Fisioterapia Oncol\u00f3gica - Kinesiolog\u00eda<\/title>\n<meta name=\"robots\" content=\"index, follow, max-snippet:-1, max-image-preview:large, max-video-preview:-1\" \/>\n<link rel=\"canonical\" href=\"https:\/\/medicina.udd.cl\/kinesiologia-santiago\/noticias\/2023\/05\/02\/academicos-y-estudiantes-del-magister-en-terapia-fisica-y-rehabilitacion-udd-participaron-en-el-8-congreso-brasilero-de-fisioterapia-oncologica\/\" \/>\n<meta property=\"og:locale\" content=\"es_ES\" \/>\n<meta property=\"og:type\" content=\"article\" \/>\n<meta property=\"og:title\" content=\"Acad\u00e9micos y estudiantes del Mag\u00edster en Terapia F\u00edsica y Rehabilitaci\u00f3n UDD participaron en el 8\u00b0 Congreso Brasilero de Fisioterapia Oncol\u00f3gica - Kinesiolog\u00eda\" \/>\n<meta property=\"og:description\" content=\"Acad\u00e9micos y estudiantes del Mag\u00edster en Terapia F\u00edsica y Rehabilitaci\u00f3n (MAKI) que imparte la Facultad de Medicina Cl\u00ednica Alemana Universidad del Desarrollo, participaron del 27 a 29 de abril, en el 8\u00b0 Congreso Brasilero de Fisioterapia Oncol\u00f3gica, llevado a cabo en Gramado, Brasil. Por el equipo docente del MAKI, estuvieron Cinara Sacomori, profesora investigadora y [&hellip;]\" \/>\n<meta property=\"og:url\" content=\"https:\/\/medicina.udd.cl\/kinesiologia-santiago\/noticias\/2023\/05\/02\/academicos-y-estudiantes-del-magister-en-terapia-fisica-y-rehabilitacion-udd-participaron-en-el-8-congreso-brasilero-de-fisioterapia-oncologica\/\" \/>\n<meta property=\"og:site_name\" content=\"Kinesiolog\u00eda\" \/>\n<meta property=\"article:published_time\" content=\"2023-05-02T21:52:00+00:00\" \/>\n<meta property=\"article:modified_time\" content=\"2023-05-08T15:57:42+00:00\" \/>\n<meta property=\"og:image\" content=\"https:\/\/medicina.udd.cl\/kinesiologia-santiago\/files\/2023\/05\/copia-kine-maki-congreso-brasil-2023.png\" \/>\n\t<meta property=\"og:image:width\" content=\"680\" \/>\n\t<meta property=\"og:image:height\" content=\"524\" \/>\n\t<meta property=\"og:image:type\" content=\"image\/png\" \/>\n<meta name=\"author\" content=\"rbraidy\" \/>\n<meta name=\"twitter:label1\" content=\"Escrito por\" \/>\n\t<meta name=\"twitter:data1\" content=\"rbraidy\" \/>\n\t<meta name=\"twitter:label2\" content=\"Tiempo de lectura\" \/>\n\t<meta name=\"twitter:data2\" content=\"2 minutos\" \/>\n<script type=\"application\/ld+json\" class=\"yoast-schema-graph\">{\"@context\":\"https:\/\/schema.org\",\"@graph\":[{\"@type\":\"Article\",\"@id\":\"https:\/\/medicina.udd.cl\/kinesiologia-santiago\/noticias\/2023\/05\/02\/academicos-y-estudiantes-del-magister-en-terapia-fisica-y-rehabilitacion-udd-participaron-en-el-8-congreso-brasilero-de-fisioterapia-oncologica\/#article\",\"isPartOf\":{\"@id\":\"https:\/\/medicina.udd.cl\/kinesiologia-santiago\/noticias\/2023\/05\/02\/academicos-y-estudiantes-del-magister-en-terapia-fisica-y-rehabilitacion-udd-participaron-en-el-8-congreso-brasilero-de-fisioterapia-oncologica\/\"},\"author\":{\"name\":\"rbraidy\",\"@id\":\"https:\/\/medicina.udd.cl\/kinesiologia-santiago\/#\/schema\/person\/dbc3705bf3a93e8be1ba6de0ef950341\"},\"headline\":\"Acad\u00e9micos y estudiantes del Mag\u00edster en Terapia F\u00edsica y Rehabilitaci\u00f3n UDD participaron en el 8\u00b0 Congreso Brasilero de Fisioterapia Oncol\u00f3gica\",\"datePublished\":\"2023-05-02T21:52:00+00:00\",\"dateModified\":\"2023-05-08T15:57:42+00:00\",\"mainEntityOfPage\":{\"@id\":\"https:\/\/medicina.udd.cl\/kinesiologia-santiago\/noticias\/2023\/05\/02\/academicos-y-estudiantes-del-magister-en-terapia-fisica-y-rehabilitacion-udd-participaron-en-el-8-congreso-brasilero-de-fisioterapia-oncologica\/\"},\"wordCount\":235,\"image\":{\"@id\":\"https:\/\/medicina.udd.cl\/kinesiologia-santiago\/noticias\/2023\/05\/02\/academicos-y-estudiantes-del-magister-en-terapia-fisica-y-rehabilitacion-udd-participaron-en-el-8-congreso-brasilero-de-fisioterapia-oncologica\/#primaryimage\"},\"thumbnailUrl\":\"https:\/\/medicina.udd.cl\/kinesiologia-santiago\/files\/2023\/05\/copia-kine-maki-congreso-brasil-2023.png\",\"articleSection\":[\"Noticias\"],\"inLanguage\":\"es\"},{\"@type\":\"WebPage\",\"@id\":\"https:\/\/medicina.udd.cl\/kinesiologia-santiago\/noticias\/2023\/05\/02\/academicos-y-estudiantes-del-magister-en-terapia-fisica-y-rehabilitacion-udd-participaron-en-el-8-congreso-brasilero-de-fisioterapia-oncologica\/\",\"url\":\"https:\/\/medicina.udd.cl\/kinesiologia-santiago\/noticias\/2023\/05\/02\/academicos-y-estudiantes-del-magister-en-terapia-fisica-y-rehabilitacion-udd-participaron-en-el-8-congreso-brasilero-de-fisioterapia-oncologica\/\",\"name\":\"Acad\u00e9micos y estudiantes del Mag\u00edster en Terapia F\u00edsica y Rehabilitaci\u00f3n UDD participaron en el 8\u00b0 Congreso Brasilero de Fisioterapia Oncol\u00f3gica - Kinesiolog\u00eda\",\"isPartOf\":{\"@id\":\"https:\/\/medicina.udd.cl\/kinesiologia-santiago\/#website\"},\"primaryImageOfPage\":{\"@id\":\"https:\/\/medicina.udd.cl\/kinesiologia-santiago\/noticias\/2023\/05\/02\/academicos-y-estudiantes-del-magister-en-terapia-fisica-y-rehabilitacion-udd-participaron-en-el-8-congreso-brasilero-de-fisioterapia-oncologica\/#primaryimage\"},\"image\":{\"@id\":\"https:\/\/medicina.udd.cl\/kinesiologia-santiago\/noticias\/2023\/05\/02\/academicos-y-estudiantes-del-magister-en-terapia-fisica-y-rehabilitacion-udd-participaron-en-el-8-congreso-brasilero-de-fisioterapia-oncologica\/#primaryimage\"},\"thumbnailUrl\":\"https:\/\/medicina.udd.cl\/kinesiologia-santiago\/files\/2023\/05\/copia-kine-maki-congreso-brasil-2023.png\",\"datePublished\":\"2023-05-02T21:52:00+00:00\",\"dateModified\":\"2023-05-08T15:57:42+00:00\",\"author\":{\"@id\":\"https:\/\/medicina.udd.cl\/kinesiologia-santiago\/#\/schema\/person\/dbc3705bf3a93e8be1ba6de0ef950341\"},\"breadcrumb\":{\"@id\":\"https:\/\/medicina.udd.cl\/kinesiologia-santiago\/noticias\/2023\/05\/02\/academicos-y-estudiantes-del-magister-en-terapia-fisica-y-rehabilitacion-udd-participaron-en-el-8-congreso-brasilero-de-fisioterapia-oncologica\/#breadcrumb\"},\"inLanguage\":\"es\",\"potentialAction\":[{\"@type\":\"ReadAction\",\"target\":[\"https:\/\/medicina.udd.cl\/kinesiologia-santiago\/noticias\/2023\/05\/02\/academicos-y-estudiantes-del-magister-en-terapia-fisica-y-rehabilitacion-udd-participaron-en-el-8-congreso-brasilero-de-fisioterapia-oncologica\/\"]}]},{\"@type\":\"ImageObject\",\"inLanguage\":\"es\",\"@id\":\"https:\/\/medicina.udd.cl\/kinesiologia-santiago\/noticias\/2023\/05\/02\/academicos-y-estudiantes-del-magister-en-terapia-fisica-y-rehabilitacion-udd-participaron-en-el-8-congreso-brasilero-de-fisioterapia-oncologica\/#primaryimage\",\"url\":\"https:\/\/medicina.udd.cl\/kinesiologia-santiago\/files\/2023\/05\/copia-kine-maki-congreso-brasil-2023.png\",\"contentUrl\":\"https:\/\/medicina.udd.cl\/kinesiologia-santiago\/files\/2023\/05\/copia-kine-maki-congreso-brasil-2023.png\",\"width\":680,\"height\":524},{\"@type\":\"BreadcrumbList\",\"@id\":\"https:\/\/medicina.udd.cl\/kinesiologia-santiago\/noticias\/2023\/05\/02\/academicos-y-estudiantes-del-magister-en-terapia-fisica-y-rehabilitacion-udd-participaron-en-el-8-congreso-brasilero-de-fisioterapia-oncologica\/#breadcrumb\",\"itemListElement\":[{\"@type\":\"ListItem\",\"position\":1,\"name\":\"Home\",\"item\":\"https:\/\/medicina.udd.cl\/kinesiologia-santiago\/\"},{\"@type\":\"ListItem\",\"position\":2,\"name\":\"Acad\u00e9micos y estudiantes del Mag\u00edster en Terapia F\u00edsica y Rehabilitaci\u00f3n UDD participaron en el 8\u00b0 Congreso Brasilero de Fisioterapia Oncol\u00f3gica\"}]},{\"@type\":\"WebSite\",\"@id\":\"https:\/\/medicina.udd.cl\/kinesiologia-santiago\/#website\",\"url\":\"https:\/\/medicina.udd.cl\/kinesiologia-santiago\/\",\"name\":\"Kinesiolog\u00eda\",\"description\":\"Facultad de Medicina Cl\u00ednica Alemana Universidad del Desarrollo\",\"inLanguage\":\"es\"},{\"@type\":\"Person\",\"@id\":\"https:\/\/medicina.udd.cl\/kinesiologia-santiago\/#\/schema\/person\/dbc3705bf3a93e8be1ba6de0ef950341\",\"name\":\"rbraidy\",\"image\":{\"@type\":\"ImageObject\",\"inLanguage\":\"es\",\"@id\":\"https:\/\/medicina.udd.cl\/kinesiologia-santiago\/#\/schema\/person\/image\/\",\"url\":\"https:\/\/secure.gravatar.com\/avatar\/0f8bc94637401590e45d2ce17eb65c274cb8870a219de6177f3f23e63fd8cdf3?s=96&d=mm&r=g\",\"contentUrl\":\"https:\/\/secure.gravatar.com\/avatar\/0f8bc94637401590e45d2ce17eb65c274cb8870a219de6177f3f23e63fd8cdf3?s=96&d=mm&r=g\",\"caption\":\"rbraidy\"},\"url\":\"https:\/\/medicina.udd.cl\/kinesiologia-santiago\/noticias\/author\/rbraidy\/\"}]}<\/script>\n<!-- \/ Yoast SEO plugin. -->","yoast_head_json":{"title":"Acad\u00e9micos y estudiantes del Mag\u00edster en Terapia F\u00edsica y Rehabilitaci\u00f3n UDD participaron en el 8\u00b0 Congreso Brasilero de Fisioterapia Oncol\u00f3gica - Kinesiolog\u00eda","robots":{"index":"index","follow":"follow","max-snippet":"max-snippet:-1","max-image-preview":"max-image-preview:large","max-video-preview":"max-video-preview:-1"},"canonical":"https:\/\/medicina.udd.cl\/kinesiologia-santiago\/noticias\/2023\/05\/02\/academicos-y-estudiantes-del-magister-en-terapia-fisica-y-rehabilitacion-udd-participaron-en-el-8-congreso-brasilero-de-fisioterapia-oncologica\/","og_locale":"es_ES","og_type":"article","og_title":"Acad\u00e9micos y estudiantes del Mag\u00edster en Terapia F\u00edsica y Rehabilitaci\u00f3n UDD participaron en el 8\u00b0 Congreso Brasilero de Fisioterapia Oncol\u00f3gica - Kinesiolog\u00eda","og_description":"Acad\u00e9micos y estudiantes del Mag\u00edster en Terapia F\u00edsica y Rehabilitaci\u00f3n (MAKI) que imparte la Facultad de Medicina Cl\u00ednica Alemana Universidad del Desarrollo, participaron del 27 a 29 de abril, en el 8\u00b0 Congreso Brasilero de Fisioterapia Oncol\u00f3gica, llevado a cabo en Gramado, Brasil. Por el equipo docente del MAKI, estuvieron Cinara Sacomori, profesora investigadora y [&hellip;]","og_url":"https:\/\/medicina.udd.cl\/kinesiologia-santiago\/noticias\/2023\/05\/02\/academicos-y-estudiantes-del-magister-en-terapia-fisica-y-rehabilitacion-udd-participaron-en-el-8-congreso-brasilero-de-fisioterapia-oncologica\/","og_site_name":"Kinesiolog\u00eda","article_published_time":"2023-05-02T21:52:00+00:00","article_modified_time":"2023-05-08T15:57:42+00:00","og_image":[{"width":680,"height":524,"url":"https:\/\/medicina.udd.cl\/kinesiologia-santiago\/files\/2023\/05\/copia-kine-maki-congreso-brasil-2023.png","type":"image\/png"}],"author":"rbraidy","twitter_misc":{"Escrito por":"rbraidy","Tiempo de lectura":"2 minutos"},"schema":{"@context":"https:\/\/schema.org","@graph":[{"@type":"Article","@id":"https:\/\/medicina.udd.cl\/kinesiologia-santiago\/noticias\/2023\/05\/02\/academicos-y-estudiantes-del-magister-en-terapia-fisica-y-rehabilitacion-udd-participaron-en-el-8-congreso-brasilero-de-fisioterapia-oncologica\/#article","isPartOf":{"@id":"https:\/\/medicina.udd.cl\/kinesiologia-santiago\/noticias\/2023\/05\/02\/academicos-y-estudiantes-del-magister-en-terapia-fisica-y-rehabilitacion-udd-participaron-en-el-8-congreso-brasilero-de-fisioterapia-oncologica\/"},"author":{"name":"rbraidy","@id":"https:\/\/medicina.udd.cl\/kinesiologia-santiago\/#\/schema\/person\/dbc3705bf3a93e8be1ba6de0ef950341"},"headline":"Acad\u00e9micos y estudiantes del Mag\u00edster en Terapia F\u00edsica y Rehabilitaci\u00f3n UDD participaron en el 8\u00b0 Congreso Brasilero de Fisioterapia Oncol\u00f3gica","datePublished":"2023-05-02T21:52:00+00:00","dateModified":"2023-05-08T15:57:42+00:00","mainEntityOfPage":{"@id":"https:\/\/medicina.udd.cl\/kinesiologia-santiago\/noticias\/2023\/05\/02\/academicos-y-estudiantes-del-magister-en-terapia-fisica-y-rehabilitacion-udd-participaron-en-el-8-congreso-brasilero-de-fisioterapia-oncologica\/"},"wordCount":235,"image":{"@id":"https:\/\/medicina.udd.cl\/kinesiologia-santiago\/noticias\/2023\/05\/02\/academicos-y-estudiantes-del-magister-en-terapia-fisica-y-rehabilitacion-udd-participaron-en-el-8-congreso-brasilero-de-fisioterapia-oncologica\/#primaryimage"},"thumbnailUrl":"https:\/\/medicina.udd.cl\/kinesiologia-santiago\/files\/2023\/05\/copia-kine-maki-congreso-brasil-2023.png","articleSection":["Noticias"],"inLanguage":"es"},{"@type":"WebPage","@id":"https:\/\/medicina.udd.cl\/kinesiologia-santiago\/noticias\/2023\/05\/02\/academicos-y-estudiantes-del-magister-en-terapia-fisica-y-rehabilitacion-udd-participaron-en-el-8-congreso-brasilero-de-fisioterapia-oncologica\/","url":"https:\/\/medicina.udd.cl\/kinesiologia-santiago\/noticias\/2023\/05\/02\/academicos-y-estudiantes-del-magister-en-terapia-fisica-y-rehabilitacion-udd-participaron-en-el-8-congreso-brasilero-de-fisioterapia-oncologica\/","name":"Acad\u00e9micos y estudiantes del Mag\u00edster en Terapia F\u00edsica y Rehabilitaci\u00f3n UDD participaron en el 8\u00b0 Congreso Brasilero de Fisioterapia Oncol\u00f3gica - Kinesiolog\u00eda","isPartOf":{"@id":"https:\/\/medicina.udd.cl\/kinesiologia-santiago\/#website"},"primaryImageOfPage":{"@id":"https:\/\/medicina.udd.cl\/kinesiologia-santiago\/noticias\/2023\/05\/02\/academicos-y-estudiantes-del-magister-en-terapia-fisica-y-rehabilitacion-udd-participaron-en-el-8-congreso-brasilero-de-fisioterapia-oncologica\/#primaryimage"},"image":{"@id":"https:\/\/medicina.udd.cl\/kinesiologia-santiago\/noticias\/2023\/05\/02\/academicos-y-estudiantes-del-magister-en-terapia-fisica-y-rehabilitacion-udd-participaron-en-el-8-congreso-brasilero-de-fisioterapia-oncologica\/#primaryimage"},"thumbnailUrl":"https:\/\/medicina.udd.cl\/kinesiologia-santiago\/files\/2023\/05\/copia-kine-maki-congreso-brasil-2023.png","datePublished":"2023-05-02T21:52:00+00:00","dateModified":"2023-05-08T15:57:42+00:00","author":{"@id":"https:\/\/medicina.udd.cl\/kinesiologia-santiago\/#\/schema\/person\/dbc3705bf3a93e8be1ba6de0ef950341"},"breadcrumb":{"@id":"https:\/\/medicina.udd.cl\/kinesiologia-santiago\/noticias\/2023\/05\/02\/academicos-y-estudiantes-del-magister-en-terapia-fisica-y-rehabilitacion-udd-participaron-en-el-8-congreso-brasilero-de-fisioterapia-oncologica\/#breadcrumb"},"inLanguage":"es","potentialAction":[{"@type":"ReadAction","target":["https:\/\/medicina.udd.cl\/kinesiologia-santiago\/noticias\/2023\/05\/02\/academicos-y-estudiantes-del-magister-en-terapia-fisica-y-rehabilitacion-udd-participaron-en-el-8-congreso-brasilero-de-fisioterapia-oncologica\/"]}]},{"@type":"ImageObject","inLanguage":"es","@id":"https:\/\/medicina.udd.cl\/kinesiologia-santiago\/noticias\/2023\/05\/02\/academicos-y-estudiantes-del-magister-en-terapia-fisica-y-rehabilitacion-udd-participaron-en-el-8-congreso-brasilero-de-fisioterapia-oncologica\/#primaryimage","url":"https:\/\/medicina.udd.cl\/kinesiologia-santiago\/files\/2023\/05\/copia-kine-maki-congreso-brasil-2023.png","contentUrl":"https:\/\/medicina.udd.cl\/kinesiologia-santiago\/files\/2023\/05\/copia-kine-maki-congreso-brasil-2023.png","width":680,"height":524},{"@type":"BreadcrumbList","@id":"https:\/\/medicina.udd.cl\/kinesiologia-santiago\/noticias\/2023\/05\/02\/academicos-y-estudiantes-del-magister-en-terapia-fisica-y-rehabilitacion-udd-participaron-en-el-8-congreso-brasilero-de-fisioterapia-oncologica\/#breadcrumb","itemListElement":[{"@type":"ListItem","position":1,"name":"Home","item":"https:\/\/medicina.udd.cl\/kinesiologia-santiago\/"},{"@type":"ListItem","position":2,"name":"Acad\u00e9micos y estudiantes del Mag\u00edster en Terapia F\u00edsica y Rehabilitaci\u00f3n UDD participaron en el 8\u00b0 Congreso Brasilero de Fisioterapia Oncol\u00f3gica"}]},{"@type":"WebSite","@id":"https:\/\/medicina.udd.cl\/kinesiologia-santiago\/#website","url":"https:\/\/medicina.udd.cl\/kinesiologia-santiago\/","name":"Kinesiolog\u00eda","description":"Facultad de Medicina Cl\u00ednica Alemana Universidad del Desarrollo","inLanguage":"es"},{"@type":"Person","@id":"https:\/\/medicina.udd.cl\/kinesiologia-santiago\/#\/schema\/person\/dbc3705bf3a93e8be1ba6de0ef950341","name":"rbraidy","image":{"@type":"ImageObject","inLanguage":"es","@id":"https:\/\/medicina.udd.cl\/kinesiologia-santiago\/#\/schema\/person\/image\/","url":"https:\/\/secure.gravatar.com\/avatar\/0f8bc94637401590e45d2ce17eb65c274cb8870a219de6177f3f23e63fd8cdf3?s=96&d=mm&r=g","contentUrl":"https:\/\/secure.gravatar.com\/avatar\/0f8bc94637401590e45d2ce17eb65c274cb8870a219de6177f3f23e63fd8cdf3?s=96&d=mm&r=g","caption":"rbraidy"},"url":"https:\/\/medicina.udd.cl\/kinesiologia-santiago\/noticias\/author\/rbraidy\/"}]}},"featured_image_url":"https:\/\/medicina.udd.cl\/kinesiologia-santiago\/files\/2023\/05\/copia-kine-maki-congreso-brasil-2023.png","_links":{"self":[{"href":"https:\/\/medicina.udd.cl\/kinesiologia-santiago\/wp-json\/wp\/v2\/posts\/5931","targetHints":{"allow":["GET"]}}],"collection":[{"href":"https:\/\/medicina.udd.cl\/kinesiologia-santiago\/wp-json\/wp\/v2\/posts"}],"about":[{"href":"https:\/\/medicina.udd.cl\/kinesiologia-santiago\/wp-json\/wp\/v2\/types\/post"}],"author":[{"embeddable":true,"href":"https:\/\/medicina.udd.cl\/kinesiologia-santiago\/wp-json\/wp\/v2\/users\/9192219"}],"replies":[{"embeddable":true,"href":"https:\/\/medicina.udd.cl\/kinesiologia-santiago\/wp-json\/wp\/v2\/comments?post=5931"}],"version-history":[{"count":2,"href":"https:\/\/medicina.udd.cl\/kinesiologia-santiago\/wp-json\/wp\/v2\/posts\/5931\/revisions"}],"predecessor-version":[{"id":5939,"href":"https:\/\/medicina.udd.cl\/kinesiologia-santiago\/wp-json\/wp\/v2\/posts\/5931\/revisions\/5939"}],"wp:featuredmedia":[{"embeddable":true,"href":"https:\/\/medicina.udd.cl\/kinesiologia-santiago\/wp-json\/wp\/v2\/media\/5937"}],"wp:attachment":[{"href":"https:\/\/medicina.udd.cl\/kinesiologia-santiago\/wp-json\/wp\/v2\/media?parent=5931"}],"wp:term":[{"taxonomy":"category","embeddable":true,"href":"https:\/\/medicina.udd.cl\/kinesiologia-santiago\/wp-json\/wp\/v2\/categories?post=5931"},{"taxonomy":"post_tag","embeddable":true,"href":"https:\/\/medicina.udd.cl\/kinesiologia-santiago\/wp-json\/wp\/v2\/tags?post=5931"}],"curies":[{"name":"wp","href":"https:\/\/api.w.org\/{rel}","templated":true}]}}