{"id":5958,"date":"2023-06-12T17:28:47","date_gmt":"2023-06-12T21:28:47","guid":{"rendered":"https:\/\/medicina.udd.cl\/kinesiologia-santiago\/?p=5958"},"modified":"2023-06-12T17:28:48","modified_gmt":"2023-06-12T21:28:48","slug":"docentes-alumnos-y-egresados-del-magister-en-terapia-fisica-y-rehabilitacion-udd-destacaron-en-el-congreso-mundial-de-fisioterapia-2023","status":"publish","type":"post","link":"https:\/\/medicina.udd.cl\/kinesiologia-santiago\/noticias\/2023\/06\/12\/docentes-alumnos-y-egresados-del-magister-en-terapia-fisica-y-rehabilitacion-udd-destacaron-en-el-congreso-mundial-de-fisioterapia-2023\/","title":{"rendered":"Docentes, alumnos y egresados del Mag\u00edster en Terapia F\u00edsica y Rehabilitaci\u00f3n UDD destacaron en el Congreso Mundial de Fisioterapia 2023\u00a0"},"content":{"rendered":"\n<figure class=\"wp-block-image aligncenter size-full\"><a href=\"https:\/\/medicina.udd.cl\/kinesiologia-santiago\/files\/2023\/06\/kine-congreso-mundial-dubai-2023-16.jpg\"><img loading=\"lazy\" decoding=\"async\" width=\"1024\" height=\"768\" src=\"https:\/\/medicina.udd.cl\/kinesiologia-santiago\/files\/2023\/06\/kine-congreso-mundial-dubai-2023-16.jpg\" alt=\"\" class=\"wp-image-5973\" srcset=\"https:\/\/medicina.udd.cl\/kinesiologia-santiago\/files\/2023\/06\/kine-congreso-mundial-dubai-2023-16.jpg 1024w, https:\/\/medicina.udd.cl\/kinesiologia-santiago\/files\/2023\/06\/kine-congreso-mundial-dubai-2023-16-300x225.jpg 300w, https:\/\/medicina.udd.cl\/kinesiologia-santiago\/files\/2023\/06\/kine-congreso-mundial-dubai-2023-16-768x576.jpg 768w\" sizes=\"auto, (max-width: 1024px) 100vw, 1024px\" \/><\/a><\/figure>\n\n\n\n<p>El equipo del Mag\u00edster en Terapia F\u00edsica y Rehabilitaci\u00f3n (MAKI) de la carrera de Kinesiolog\u00eda de la Facultad de Medicina Cl\u00ednica Alemana Universidad del Desarrollo (UDD), conformado por docentes, alumnos y egresados, brill\u00f3 en el Congreso Mundial de Fisioterapia 2023.<\/p>\n\n\n\n<p>La participaci\u00f3n del equipo MAKI UDD fue destacada en diversas actividades, incluyendo presentaciones de posters, presentaciones orales y en la exposici\u00f3n de e-posters, que son posters electr\u00f3nicos. Adem\u00e1s, tuvieron la oportunidad de reunirse con delegados extranjeros y con el nuevo presidente de la Sociedad Mundial de Kinesiolog\u00eda.<\/p>\n\n\n\n<p>El reconocimiento m\u00e1s notable lleg\u00f3 con el premio obtenido por el profesor Felipe Gonz\u00e1lez, quien gan\u00f3 en la categor\u00eda de trabajos orales (Platform Presentation), junto a otros profesores y exalumnos del MAKI, como coautores del trabajo. Este hecho, representa un gran logro para el equipo y la representaci\u00f3n sudamericana que se dio cita en este magno evento.&nbsp;<\/p>\n\n\n\n<p>\u201cFeliz de ser premiado por la mejor presentaci\u00f3n de plataforma oral de la regi\u00f3n. Este es el tercer congreso mundial que nuestro equipo de MAKI gana premio. Reconocimiento a Francisco R\u00edos, Agust\u00edn Camus, Juan Jos\u00e9 Pinto, Alexis Silva, y a Jorge Molina, quienes formaron parte de esta presentaci\u00f3n. Es un orgullo\u201d, destac\u00f3 Felipe Gonz\u00e1lez.&nbsp;&nbsp;<\/p>\n\n\n\n<p>Otra de las instancias m\u00e1s importantes del congreso para el equipo MAKI UDD, fue la representaci\u00f3n de la profesora Sonia Roa-Alcaino, quien particip\u00f3 como docente en el curso pre congreso \u00abPhysiotherapy in Maternity Setting\u00bb, junto a destacadas profesoras de Noruega, Brasil y Australia. Adem\u00e1s, estuvo como anfitriona y presentadora en el Seminario Women\u2019s Health with Cancer: Physiotherapy for mental and physical well-being, y en varias mesas de trabajo, cerrando su etapa como vicepresidenta de la Organizaci\u00f3n Internacional de Fisioterapia en Pelvis y Salud de la Mujer, rol que desempe\u00f1aba desde el 2019.<\/p>\n\n\n\n<p>Por su parte, el kinesi\u00f3logo Jorge Molina, director de Kinesiolog\u00eda UDD, expres\u00f3 su felicidad y orgullo por el \u00e9xito alcanzado por el equipo MAKI en el Congreso Mundial de Fisioterapia, resaltando el compromiso y el trabajo dedicado de los participantes. \u201cEsta destacada participaci\u00f3n refuerza el trabajo que venimos realizando desde la carrera y desde la Facultad de Medicina de nuestra universidad, como referentes en la terapia f\u00edsica y rehabilitaci\u00f3n a nivel internacional\u201d, resalt\u00f3 Molina.&nbsp;<\/p>\n\n\n\n<p>Asimismo, el Director de Kinesiolog\u00eda UDD, destac\u00f3 y agradeci\u00f3 la participaci\u00f3n del profesor Jaime Leppe, director del MAKI UDD, quien fue el encargado de organizar y planificar la actividad del equipo UDD en el Congreso Mundial, y lo felicit\u00f3 por realizar una destacada presentaci\u00f3n en plataforma oral. &nbsp;<\/p>\n\n\n\n<p>\u00a0El Congreso Mundial de Fisioterapia se realiz\u00f3 entre el 2 y 4 de junio en Dub\u00e1i, Emiratos \u00c1rabes Unidos.<\/p>\n\n\n\n<figure class=\"wp-block-gallery has-nested-images columns-default is-cropped wp-block-gallery-1 is-layout-flex wp-block-gallery-is-layout-flex\">\n<figure class=\"wp-block-image size-large\"><a href=\"https:\/\/medicina.udd.cl\/kinesiologia-santiago\/files\/2023\/06\/kine-congreso-mundial-dubai-2023-7.jpg\"><img loading=\"lazy\" decoding=\"async\" width=\"1600\" height=\"1200\" data-id=\"5964\" src=\"https:\/\/medicina.udd.cl\/kinesiologia-santiago\/files\/2023\/06\/kine-congreso-mundial-dubai-2023-7.jpg\" alt=\"\" class=\"wp-image-5964\" srcset=\"https:\/\/medicina.udd.cl\/kinesiologia-santiago\/files\/2023\/06\/kine-congreso-mundial-dubai-2023-7.jpg 1600w, https:\/\/medicina.udd.cl\/kinesiologia-santiago\/files\/2023\/06\/kine-congreso-mundial-dubai-2023-7-300x225.jpg 300w, https:\/\/medicina.udd.cl\/kinesiologia-santiago\/files\/2023\/06\/kine-congreso-mundial-dubai-2023-7-1024x768.jpg 1024w, https:\/\/medicina.udd.cl\/kinesiologia-santiago\/files\/2023\/06\/kine-congreso-mundial-dubai-2023-7-768x576.jpg 768w, https:\/\/medicina.udd.cl\/kinesiologia-santiago\/files\/2023\/06\/kine-congreso-mundial-dubai-2023-7-1536x1152.jpg 1536w\" sizes=\"auto, (max-width: 1600px) 100vw, 1600px\" \/><\/a><\/figure>\n\n\n\n<figure class=\"wp-block-image size-large\"><a href=\"https:\/\/medicina.udd.cl\/kinesiologia-santiago\/files\/2023\/06\/kine-congreso-mundial-dubai-2023-9.jpg\"><img loading=\"lazy\" decoding=\"async\" width=\"1600\" height=\"1200\" data-id=\"5966\" src=\"https:\/\/medicina.udd.cl\/kinesiologia-santiago\/files\/2023\/06\/kine-congreso-mundial-dubai-2023-9.jpg\" alt=\"\" class=\"wp-image-5966\" srcset=\"https:\/\/medicina.udd.cl\/kinesiologia-santiago\/files\/2023\/06\/kine-congreso-mundial-dubai-2023-9.jpg 1600w, https:\/\/medicina.udd.cl\/kinesiologia-santiago\/files\/2023\/06\/kine-congreso-mundial-dubai-2023-9-300x225.jpg 300w, https:\/\/medicina.udd.cl\/kinesiologia-santiago\/files\/2023\/06\/kine-congreso-mundial-dubai-2023-9-1024x768.jpg 1024w, https:\/\/medicina.udd.cl\/kinesiologia-santiago\/files\/2023\/06\/kine-congreso-mundial-dubai-2023-9-768x576.jpg 768w, https:\/\/medicina.udd.cl\/kinesiologia-santiago\/files\/2023\/06\/kine-congreso-mundial-dubai-2023-9-1536x1152.jpg 1536w\" sizes=\"auto, (max-width: 1600px) 100vw, 1600px\" \/><\/a><\/figure>\n\n\n\n<figure class=\"wp-block-image size-large\"><a href=\"https:\/\/medicina.udd.cl\/kinesiologia-santiago\/files\/2023\/06\/kine-congreso-mundial-dubai-2023-6.jpg\"><img loading=\"lazy\" decoding=\"async\" width=\"1600\" height=\"1200\" data-id=\"5963\" src=\"https:\/\/medicina.udd.cl\/kinesiologia-santiago\/files\/2023\/06\/kine-congreso-mundial-dubai-2023-6.jpg\" alt=\"\" class=\"wp-image-5963\" srcset=\"https:\/\/medicina.udd.cl\/kinesiologia-santiago\/files\/2023\/06\/kine-congreso-mundial-dubai-2023-6.jpg 1600w, https:\/\/medicina.udd.cl\/kinesiologia-santiago\/files\/2023\/06\/kine-congreso-mundial-dubai-2023-6-300x225.jpg 300w, https:\/\/medicina.udd.cl\/kinesiologia-santiago\/files\/2023\/06\/kine-congreso-mundial-dubai-2023-6-1024x768.jpg 1024w, https:\/\/medicina.udd.cl\/kinesiologia-santiago\/files\/2023\/06\/kine-congreso-mundial-dubai-2023-6-768x576.jpg 768w, https:\/\/medicina.udd.cl\/kinesiologia-santiago\/files\/2023\/06\/kine-congreso-mundial-dubai-2023-6-1536x1152.jpg 1536w\" sizes=\"auto, (max-width: 1600px) 100vw, 1600px\" \/><\/a><\/figure>\n\n\n\n<figure class=\"wp-block-image size-large\"><a href=\"https:\/\/medicina.udd.cl\/kinesiologia-santiago\/files\/2023\/06\/kine-congreso-mundial-dubai-2023-5.jpg\"><img loading=\"lazy\" decoding=\"async\" width=\"1600\" height=\"1200\" data-id=\"5962\" src=\"https:\/\/medicina.udd.cl\/kinesiologia-santiago\/files\/2023\/06\/kine-congreso-mundial-dubai-2023-5.jpg\" alt=\"\" class=\"wp-image-5962\" srcset=\"https:\/\/medicina.udd.cl\/kinesiologia-santiago\/files\/2023\/06\/kine-congreso-mundial-dubai-2023-5.jpg 1600w, https:\/\/medicina.udd.cl\/kinesiologia-santiago\/files\/2023\/06\/kine-congreso-mundial-dubai-2023-5-300x225.jpg 300w, https:\/\/medicina.udd.cl\/kinesiologia-santiago\/files\/2023\/06\/kine-congreso-mundial-dubai-2023-5-1024x768.jpg 1024w, https:\/\/medicina.udd.cl\/kinesiologia-santiago\/files\/2023\/06\/kine-congreso-mundial-dubai-2023-5-768x576.jpg 768w, https:\/\/medicina.udd.cl\/kinesiologia-santiago\/files\/2023\/06\/kine-congreso-mundial-dubai-2023-5-1536x1152.jpg 1536w\" sizes=\"auto, (max-width: 1600px) 100vw, 1600px\" \/><\/a><\/figure>\n\n\n\n<figure class=\"wp-block-image size-large\"><a href=\"https:\/\/medicina.udd.cl\/kinesiologia-santiago\/files\/2023\/06\/kine-congreso-mundial-dubai-2023-3.jpg\"><img loading=\"lazy\" decoding=\"async\" width=\"1600\" height=\"1200\" data-id=\"5960\" src=\"https:\/\/medicina.udd.cl\/kinesiologia-santiago\/files\/2023\/06\/kine-congreso-mundial-dubai-2023-3.jpg\" alt=\"\" class=\"wp-image-5960\" srcset=\"https:\/\/medicina.udd.cl\/kinesiologia-santiago\/files\/2023\/06\/kine-congreso-mundial-dubai-2023-3.jpg 1600w, https:\/\/medicina.udd.cl\/kinesiologia-santiago\/files\/2023\/06\/kine-congreso-mundial-dubai-2023-3-300x225.jpg 300w, https:\/\/medicina.udd.cl\/kinesiologia-santiago\/files\/2023\/06\/kine-congreso-mundial-dubai-2023-3-1024x768.jpg 1024w, https:\/\/medicina.udd.cl\/kinesiologia-santiago\/files\/2023\/06\/kine-congreso-mundial-dubai-2023-3-768x576.jpg 768w, https:\/\/medicina.udd.cl\/kinesiologia-santiago\/files\/2023\/06\/kine-congreso-mundial-dubai-2023-3-1536x1152.jpg 1536w\" sizes=\"auto, (max-width: 1600px) 100vw, 1600px\" \/><\/a><\/figure>\n\n\n\n<figure class=\"wp-block-image size-large\"><a href=\"https:\/\/medicina.udd.cl\/kinesiologia-santiago\/files\/2023\/06\/kine-congreso-mundial-dubai-2023-4.jpg\"><img loading=\"lazy\" decoding=\"async\" width=\"1600\" height=\"1200\" data-id=\"5961\" src=\"https:\/\/medicina.udd.cl\/kinesiologia-santiago\/files\/2023\/06\/kine-congreso-mundial-dubai-2023-4.jpg\" alt=\"\" class=\"wp-image-5961\" srcset=\"https:\/\/medicina.udd.cl\/kinesiologia-santiago\/files\/2023\/06\/kine-congreso-mundial-dubai-2023-4.jpg 1600w, https:\/\/medicina.udd.cl\/kinesiologia-santiago\/files\/2023\/06\/kine-congreso-mundial-dubai-2023-4-300x225.jpg 300w, https:\/\/medicina.udd.cl\/kinesiologia-santiago\/files\/2023\/06\/kine-congreso-mundial-dubai-2023-4-1024x768.jpg 1024w, https:\/\/medicina.udd.cl\/kinesiologia-santiago\/files\/2023\/06\/kine-congreso-mundial-dubai-2023-4-768x576.jpg 768w, https:\/\/medicina.udd.cl\/kinesiologia-santiago\/files\/2023\/06\/kine-congreso-mundial-dubai-2023-4-1536x1152.jpg 1536w\" sizes=\"auto, (max-width: 1600px) 100vw, 1600px\" \/><\/a><\/figure>\n\n\n\n<figure class=\"wp-block-image size-large\"><a href=\"https:\/\/medicina.udd.cl\/kinesiologia-santiago\/files\/2023\/06\/kine-congreso-mundial-dubai-2023-14.jpg\"><img loading=\"lazy\" decoding=\"async\" width=\"1024\" height=\"768\" data-id=\"5971\" src=\"https:\/\/medicina.udd.cl\/kinesiologia-santiago\/files\/2023\/06\/kine-congreso-mundial-dubai-2023-14.jpg\" alt=\"\" class=\"wp-image-5971\" srcset=\"https:\/\/medicina.udd.cl\/kinesiologia-santiago\/files\/2023\/06\/kine-congreso-mundial-dubai-2023-14.jpg 1024w, https:\/\/medicina.udd.cl\/kinesiologia-santiago\/files\/2023\/06\/kine-congreso-mundial-dubai-2023-14-300x225.jpg 300w, https:\/\/medicina.udd.cl\/kinesiologia-santiago\/files\/2023\/06\/kine-congreso-mundial-dubai-2023-14-768x576.jpg 768w\" sizes=\"auto, (max-width: 1024px) 100vw, 1024px\" \/><\/a><\/figure>\n\n\n\n<figure class=\"wp-block-image size-large\"><a href=\"https:\/\/medicina.udd.cl\/kinesiologia-santiago\/files\/2023\/06\/kine-congreso-mundial-dubai-2023-11.jpg\"><img loading=\"lazy\" decoding=\"async\" width=\"1024\" height=\"768\" data-id=\"5968\" src=\"https:\/\/medicina.udd.cl\/kinesiologia-santiago\/files\/2023\/06\/kine-congreso-mundial-dubai-2023-11.jpg\" alt=\"\" class=\"wp-image-5968\" srcset=\"https:\/\/medicina.udd.cl\/kinesiologia-santiago\/files\/2023\/06\/kine-congreso-mundial-dubai-2023-11.jpg 1024w, https:\/\/medicina.udd.cl\/kinesiologia-santiago\/files\/2023\/06\/kine-congreso-mundial-dubai-2023-11-300x225.jpg 300w, https:\/\/medicina.udd.cl\/kinesiologia-santiago\/files\/2023\/06\/kine-congreso-mundial-dubai-2023-11-768x576.jpg 768w\" sizes=\"auto, (max-width: 1024px) 100vw, 1024px\" \/><\/a><\/figure>\n\n\n\n<figure class=\"wp-block-image size-large\"><a href=\"https:\/\/medicina.udd.cl\/kinesiologia-santiago\/files\/2023\/06\/kine-congreso-mundial-dubai-2023-13.jpg\"><img loading=\"lazy\" decoding=\"async\" width=\"1024\" height=\"768\" data-id=\"5970\" src=\"https:\/\/medicina.udd.cl\/kinesiologia-santiago\/files\/2023\/06\/kine-congreso-mundial-dubai-2023-13.jpg\" alt=\"\" class=\"wp-image-5970\" srcset=\"https:\/\/medicina.udd.cl\/kinesiologia-santiago\/files\/2023\/06\/kine-congreso-mundial-dubai-2023-13.jpg 1024w, https:\/\/medicina.udd.cl\/kinesiologia-santiago\/files\/2023\/06\/kine-congreso-mundial-dubai-2023-13-300x225.jpg 300w, https:\/\/medicina.udd.cl\/kinesiologia-santiago\/files\/2023\/06\/kine-congreso-mundial-dubai-2023-13-768x576.jpg 768w\" sizes=\"auto, (max-width: 1024px) 100vw, 1024px\" \/><\/a><\/figure>\n\n\n\n<figure class=\"wp-block-image size-large\"><a href=\"https:\/\/medicina.udd.cl\/kinesiologia-santiago\/files\/2023\/06\/kine-congreso-mundial-dubai-2023-15.jpg\"><img loading=\"lazy\" decoding=\"async\" width=\"637\" height=\"825\" data-id=\"5972\" src=\"https:\/\/medicina.udd.cl\/kinesiologia-santiago\/files\/2023\/06\/kine-congreso-mundial-dubai-2023-15.jpg\" alt=\"\" class=\"wp-image-5972\" srcset=\"https:\/\/medicina.udd.cl\/kinesiologia-santiago\/files\/2023\/06\/kine-congreso-mundial-dubai-2023-15.jpg 637w, https:\/\/medicina.udd.cl\/kinesiologia-santiago\/files\/2023\/06\/kine-congreso-mundial-dubai-2023-15-232x300.jpg 232w\" sizes=\"auto, (max-width: 637px) 100vw, 637px\" \/><\/a><\/figure>\n\n\n\n<figure class=\"wp-block-image size-large\"><a href=\"https:\/\/medicina.udd.cl\/kinesiologia-santiago\/files\/2023\/06\/kine-congreso-mundial-dubai-2023-8.jpg\"><img loading=\"lazy\" decoding=\"async\" width=\"1200\" height=\"1600\" data-id=\"5965\" src=\"https:\/\/medicina.udd.cl\/kinesiologia-santiago\/files\/2023\/06\/kine-congreso-mundial-dubai-2023-8.jpg\" alt=\"\" class=\"wp-image-5965\" srcset=\"https:\/\/medicina.udd.cl\/kinesiologia-santiago\/files\/2023\/06\/kine-congreso-mundial-dubai-2023-8.jpg 1200w, https:\/\/medicina.udd.cl\/kinesiologia-santiago\/files\/2023\/06\/kine-congreso-mundial-dubai-2023-8-225x300.jpg 225w, https:\/\/medicina.udd.cl\/kinesiologia-santiago\/files\/2023\/06\/kine-congreso-mundial-dubai-2023-8-768x1024.jpg 768w, https:\/\/medicina.udd.cl\/kinesiologia-santiago\/files\/2023\/06\/kine-congreso-mundial-dubai-2023-8-1152x1536.jpg 1152w\" sizes=\"auto, (max-width: 1200px) 100vw, 1200px\" \/><\/a><\/figure>\n\n\n\n<figure class=\"wp-block-image size-large\"><a href=\"https:\/\/medicina.udd.cl\/kinesiologia-santiago\/files\/2023\/06\/kine-congreso-mundial-dubai-2023-2.jpg\"><img loading=\"lazy\" decoding=\"async\" width=\"1200\" height=\"1600\" data-id=\"5959\" src=\"https:\/\/medicina.udd.cl\/kinesiologia-santiago\/files\/2023\/06\/kine-congreso-mundial-dubai-2023-2.jpg\" alt=\"\" class=\"wp-image-5959\" srcset=\"https:\/\/medicina.udd.cl\/kinesiologia-santiago\/files\/2023\/06\/kine-congreso-mundial-dubai-2023-2.jpg 1200w, https:\/\/medicina.udd.cl\/kinesiologia-santiago\/files\/2023\/06\/kine-congreso-mundial-dubai-2023-2-225x300.jpg 225w, https:\/\/medicina.udd.cl\/kinesiologia-santiago\/files\/2023\/06\/kine-congreso-mundial-dubai-2023-2-768x1024.jpg 768w, https:\/\/medicina.udd.cl\/kinesiologia-santiago\/files\/2023\/06\/kine-congreso-mundial-dubai-2023-2-1152x1536.jpg 1152w\" sizes=\"auto, (max-width: 1200px) 100vw, 1200px\" \/><\/a><\/figure>\n<\/figure>\n","protected":false},"excerpt":{"rendered":"<p>El equipo del Mag\u00edster en Terapia F\u00edsica y Rehabilitaci\u00f3n (MAKI) de la carrera de Kinesiolog\u00eda de la Facultad de Medicina Cl\u00ednica Alemana Universidad del Desarrollo (UDD), conformado por docentes, alumnos y egresados, brill\u00f3 en el Congreso Mundial de Fisioterapia 2023. La participaci\u00f3n del equipo MAKI UDD fue destacada en diversas actividades, incluyendo presentaciones de posters, [&hellip;]<\/p>\n","protected":false},"author":9192219,"featured_media":5973,"comment_status":"closed","ping_status":"open","sticky":false,"template":"","format":"standard","meta":{"footnotes":""},"categories":[4],"tags":[],"class_list":["post-5958","post","type-post","status-publish","format-standard","has-post-thumbnail","hentry","category-noticias"],"yoast_head":"<!-- This site is optimized with the Yoast SEO plugin v26.9 - https:\/\/yoast.com\/product\/yoast-seo-wordpress\/ -->\n<title>Docentes, alumnos y egresados del Mag\u00edster en Terapia F\u00edsica y Rehabilitaci\u00f3n UDD destacaron en el Congreso Mundial de Fisioterapia 2023\u00a0 - Kinesiolog\u00eda<\/title>\n<meta name=\"robots\" content=\"index, follow, max-snippet:-1, max-image-preview:large, max-video-preview:-1\" \/>\n<link rel=\"canonical\" href=\"https:\/\/medicina.udd.cl\/kinesiologia-santiago\/noticias\/2023\/06\/12\/docentes-alumnos-y-egresados-del-magister-en-terapia-fisica-y-rehabilitacion-udd-destacaron-en-el-congreso-mundial-de-fisioterapia-2023\/\" \/>\n<meta property=\"og:locale\" content=\"es_ES\" \/>\n<meta property=\"og:type\" content=\"article\" \/>\n<meta property=\"og:title\" content=\"Docentes, alumnos y egresados del Mag\u00edster en Terapia F\u00edsica y Rehabilitaci\u00f3n UDD destacaron en el Congreso Mundial de Fisioterapia 2023\u00a0 - Kinesiolog\u00eda\" \/>\n<meta property=\"og:description\" content=\"El equipo del Mag\u00edster en Terapia F\u00edsica y Rehabilitaci\u00f3n (MAKI) de la carrera de Kinesiolog\u00eda de la Facultad de Medicina Cl\u00ednica Alemana Universidad del Desarrollo (UDD), conformado por docentes, alumnos y egresados, brill\u00f3 en el Congreso Mundial de Fisioterapia 2023. La participaci\u00f3n del equipo MAKI UDD fue destacada en diversas actividades, incluyendo presentaciones de posters, [&hellip;]\" \/>\n<meta property=\"og:url\" content=\"https:\/\/medicina.udd.cl\/kinesiologia-santiago\/noticias\/2023\/06\/12\/docentes-alumnos-y-egresados-del-magister-en-terapia-fisica-y-rehabilitacion-udd-destacaron-en-el-congreso-mundial-de-fisioterapia-2023\/\" \/>\n<meta property=\"og:site_name\" content=\"Kinesiolog\u00eda\" \/>\n<meta property=\"article:published_time\" content=\"2023-06-12T21:28:47+00:00\" \/>\n<meta property=\"article:modified_time\" content=\"2023-06-12T21:28:48+00:00\" \/>\n<meta property=\"og:image\" content=\"https:\/\/medicina.udd.cl\/kinesiologia-santiago\/files\/2023\/06\/kine-congreso-mundial-dubai-2023-16.jpg\" \/>\n\t<meta property=\"og:image:width\" content=\"1024\" \/>\n\t<meta property=\"og:image:height\" content=\"768\" \/>\n\t<meta property=\"og:image:type\" content=\"image\/jpeg\" \/>\n<meta name=\"author\" content=\"rbraidy\" \/>\n<meta name=\"twitter:label1\" content=\"Escrito por\" \/>\n\t<meta name=\"twitter:data1\" content=\"rbraidy\" \/>\n\t<meta name=\"twitter:label2\" content=\"Tiempo de lectura\" \/>\n\t<meta name=\"twitter:data2\" content=\"5 minutos\" \/>\n<script type=\"application\/ld+json\" class=\"yoast-schema-graph\">{\"@context\":\"https:\/\/schema.org\",\"@graph\":[{\"@type\":\"Article\",\"@id\":\"https:\/\/medicina.udd.cl\/kinesiologia-santiago\/noticias\/2023\/06\/12\/docentes-alumnos-y-egresados-del-magister-en-terapia-fisica-y-rehabilitacion-udd-destacaron-en-el-congreso-mundial-de-fisioterapia-2023\/#article\",\"isPartOf\":{\"@id\":\"https:\/\/medicina.udd.cl\/kinesiologia-santiago\/noticias\/2023\/06\/12\/docentes-alumnos-y-egresados-del-magister-en-terapia-fisica-y-rehabilitacion-udd-destacaron-en-el-congreso-mundial-de-fisioterapia-2023\/\"},\"author\":{\"name\":\"rbraidy\",\"@id\":\"https:\/\/medicina.udd.cl\/kinesiologia-santiago\/#\/schema\/person\/dbc3705bf3a93e8be1ba6de0ef950341\"},\"headline\":\"Docentes, alumnos y egresados del Mag\u00edster en Terapia F\u00edsica y Rehabilitaci\u00f3n UDD destacaron en el Congreso Mundial de Fisioterapia 2023\u00a0\",\"datePublished\":\"2023-06-12T21:28:47+00:00\",\"dateModified\":\"2023-06-12T21:28:48+00:00\",\"mainEntityOfPage\":{\"@id\":\"https:\/\/medicina.udd.cl\/kinesiologia-santiago\/noticias\/2023\/06\/12\/docentes-alumnos-y-egresados-del-magister-en-terapia-fisica-y-rehabilitacion-udd-destacaron-en-el-congreso-mundial-de-fisioterapia-2023\/\"},\"wordCount\":488,\"image\":{\"@id\":\"https:\/\/medicina.udd.cl\/kinesiologia-santiago\/noticias\/2023\/06\/12\/docentes-alumnos-y-egresados-del-magister-en-terapia-fisica-y-rehabilitacion-udd-destacaron-en-el-congreso-mundial-de-fisioterapia-2023\/#primaryimage\"},\"thumbnailUrl\":\"https:\/\/medicina.udd.cl\/kinesiologia-santiago\/files\/2023\/06\/kine-congreso-mundial-dubai-2023-16.jpg\",\"articleSection\":[\"Noticias\"],\"inLanguage\":\"es\"},{\"@type\":\"WebPage\",\"@id\":\"https:\/\/medicina.udd.cl\/kinesiologia-santiago\/noticias\/2023\/06\/12\/docentes-alumnos-y-egresados-del-magister-en-terapia-fisica-y-rehabilitacion-udd-destacaron-en-el-congreso-mundial-de-fisioterapia-2023\/\",\"url\":\"https:\/\/medicina.udd.cl\/kinesiologia-santiago\/noticias\/2023\/06\/12\/docentes-alumnos-y-egresados-del-magister-en-terapia-fisica-y-rehabilitacion-udd-destacaron-en-el-congreso-mundial-de-fisioterapia-2023\/\",\"name\":\"Docentes, alumnos y egresados del Mag\u00edster en Terapia F\u00edsica y Rehabilitaci\u00f3n UDD destacaron en el Congreso Mundial de Fisioterapia 2023\u00a0 - Kinesiolog\u00eda\",\"isPartOf\":{\"@id\":\"https:\/\/medicina.udd.cl\/kinesiologia-santiago\/#website\"},\"primaryImageOfPage\":{\"@id\":\"https:\/\/medicina.udd.cl\/kinesiologia-santiago\/noticias\/2023\/06\/12\/docentes-alumnos-y-egresados-del-magister-en-terapia-fisica-y-rehabilitacion-udd-destacaron-en-el-congreso-mundial-de-fisioterapia-2023\/#primaryimage\"},\"image\":{\"@id\":\"https:\/\/medicina.udd.cl\/kinesiologia-santiago\/noticias\/2023\/06\/12\/docentes-alumnos-y-egresados-del-magister-en-terapia-fisica-y-rehabilitacion-udd-destacaron-en-el-congreso-mundial-de-fisioterapia-2023\/#primaryimage\"},\"thumbnailUrl\":\"https:\/\/medicina.udd.cl\/kinesiologia-santiago\/files\/2023\/06\/kine-congreso-mundial-dubai-2023-16.jpg\",\"datePublished\":\"2023-06-12T21:28:47+00:00\",\"dateModified\":\"2023-06-12T21:28:48+00:00\",\"author\":{\"@id\":\"https:\/\/medicina.udd.cl\/kinesiologia-santiago\/#\/schema\/person\/dbc3705bf3a93e8be1ba6de0ef950341\"},\"breadcrumb\":{\"@id\":\"https:\/\/medicina.udd.cl\/kinesiologia-santiago\/noticias\/2023\/06\/12\/docentes-alumnos-y-egresados-del-magister-en-terapia-fisica-y-rehabilitacion-udd-destacaron-en-el-congreso-mundial-de-fisioterapia-2023\/#breadcrumb\"},\"inLanguage\":\"es\",\"potentialAction\":[{\"@type\":\"ReadAction\",\"target\":[\"https:\/\/medicina.udd.cl\/kinesiologia-santiago\/noticias\/2023\/06\/12\/docentes-alumnos-y-egresados-del-magister-en-terapia-fisica-y-rehabilitacion-udd-destacaron-en-el-congreso-mundial-de-fisioterapia-2023\/\"]}]},{\"@type\":\"ImageObject\",\"inLanguage\":\"es\",\"@id\":\"https:\/\/medicina.udd.cl\/kinesiologia-santiago\/noticias\/2023\/06\/12\/docentes-alumnos-y-egresados-del-magister-en-terapia-fisica-y-rehabilitacion-udd-destacaron-en-el-congreso-mundial-de-fisioterapia-2023\/#primaryimage\",\"url\":\"https:\/\/medicina.udd.cl\/kinesiologia-santiago\/files\/2023\/06\/kine-congreso-mundial-dubai-2023-16.jpg\",\"contentUrl\":\"https:\/\/medicina.udd.cl\/kinesiologia-santiago\/files\/2023\/06\/kine-congreso-mundial-dubai-2023-16.jpg\",\"width\":1024,\"height\":768},{\"@type\":\"BreadcrumbList\",\"@id\":\"https:\/\/medicina.udd.cl\/kinesiologia-santiago\/noticias\/2023\/06\/12\/docentes-alumnos-y-egresados-del-magister-en-terapia-fisica-y-rehabilitacion-udd-destacaron-en-el-congreso-mundial-de-fisioterapia-2023\/#breadcrumb\",\"itemListElement\":[{\"@type\":\"ListItem\",\"position\":1,\"name\":\"Home\",\"item\":\"https:\/\/medicina.udd.cl\/kinesiologia-santiago\/\"},{\"@type\":\"ListItem\",\"position\":2,\"name\":\"Docentes, alumnos y egresados del Mag\u00edster en Terapia F\u00edsica y Rehabilitaci\u00f3n UDD destacaron en el Congreso Mundial de Fisioterapia 2023\u00a0\"}]},{\"@type\":\"WebSite\",\"@id\":\"https:\/\/medicina.udd.cl\/kinesiologia-santiago\/#website\",\"url\":\"https:\/\/medicina.udd.cl\/kinesiologia-santiago\/\",\"name\":\"Kinesiolog\u00eda\",\"description\":\"Facultad de Medicina Cl\u00ednica Alemana Universidad del Desarrollo\",\"inLanguage\":\"es\"},{\"@type\":\"Person\",\"@id\":\"https:\/\/medicina.udd.cl\/kinesiologia-santiago\/#\/schema\/person\/dbc3705bf3a93e8be1ba6de0ef950341\",\"name\":\"rbraidy\",\"image\":{\"@type\":\"ImageObject\",\"inLanguage\":\"es\",\"@id\":\"https:\/\/medicina.udd.cl\/kinesiologia-santiago\/#\/schema\/person\/image\/\",\"url\":\"https:\/\/secure.gravatar.com\/avatar\/0f8bc94637401590e45d2ce17eb65c274cb8870a219de6177f3f23e63fd8cdf3?s=96&d=mm&r=g\",\"contentUrl\":\"https:\/\/secure.gravatar.com\/avatar\/0f8bc94637401590e45d2ce17eb65c274cb8870a219de6177f3f23e63fd8cdf3?s=96&d=mm&r=g\",\"caption\":\"rbraidy\"},\"url\":\"https:\/\/medicina.udd.cl\/kinesiologia-santiago\/noticias\/author\/rbraidy\/\"}]}<\/script>\n<!-- \/ Yoast SEO plugin. -->","yoast_head_json":{"title":"Docentes, alumnos y egresados del Mag\u00edster en Terapia F\u00edsica y Rehabilitaci\u00f3n UDD destacaron en el Congreso Mundial de Fisioterapia 2023\u00a0 - Kinesiolog\u00eda","robots":{"index":"index","follow":"follow","max-snippet":"max-snippet:-1","max-image-preview":"max-image-preview:large","max-video-preview":"max-video-preview:-1"},"canonical":"https:\/\/medicina.udd.cl\/kinesiologia-santiago\/noticias\/2023\/06\/12\/docentes-alumnos-y-egresados-del-magister-en-terapia-fisica-y-rehabilitacion-udd-destacaron-en-el-congreso-mundial-de-fisioterapia-2023\/","og_locale":"es_ES","og_type":"article","og_title":"Docentes, alumnos y egresados del Mag\u00edster en Terapia F\u00edsica y Rehabilitaci\u00f3n UDD destacaron en el Congreso Mundial de Fisioterapia 2023\u00a0 - Kinesiolog\u00eda","og_description":"El equipo del Mag\u00edster en Terapia F\u00edsica y Rehabilitaci\u00f3n (MAKI) de la carrera de Kinesiolog\u00eda de la Facultad de Medicina Cl\u00ednica Alemana Universidad del Desarrollo (UDD), conformado por docentes, alumnos y egresados, brill\u00f3 en el Congreso Mundial de Fisioterapia 2023. La participaci\u00f3n del equipo MAKI UDD fue destacada en diversas actividades, incluyendo presentaciones de posters, [&hellip;]","og_url":"https:\/\/medicina.udd.cl\/kinesiologia-santiago\/noticias\/2023\/06\/12\/docentes-alumnos-y-egresados-del-magister-en-terapia-fisica-y-rehabilitacion-udd-destacaron-en-el-congreso-mundial-de-fisioterapia-2023\/","og_site_name":"Kinesiolog\u00eda","article_published_time":"2023-06-12T21:28:47+00:00","article_modified_time":"2023-06-12T21:28:48+00:00","og_image":[{"width":1024,"height":768,"url":"https:\/\/medicina.udd.cl\/kinesiologia-santiago\/files\/2023\/06\/kine-congreso-mundial-dubai-2023-16.jpg","type":"image\/jpeg"}],"author":"rbraidy","twitter_misc":{"Escrito por":"rbraidy","Tiempo de lectura":"5 minutos"},"schema":{"@context":"https:\/\/schema.org","@graph":[{"@type":"Article","@id":"https:\/\/medicina.udd.cl\/kinesiologia-santiago\/noticias\/2023\/06\/12\/docentes-alumnos-y-egresados-del-magister-en-terapia-fisica-y-rehabilitacion-udd-destacaron-en-el-congreso-mundial-de-fisioterapia-2023\/#article","isPartOf":{"@id":"https:\/\/medicina.udd.cl\/kinesiologia-santiago\/noticias\/2023\/06\/12\/docentes-alumnos-y-egresados-del-magister-en-terapia-fisica-y-rehabilitacion-udd-destacaron-en-el-congreso-mundial-de-fisioterapia-2023\/"},"author":{"name":"rbraidy","@id":"https:\/\/medicina.udd.cl\/kinesiologia-santiago\/#\/schema\/person\/dbc3705bf3a93e8be1ba6de0ef950341"},"headline":"Docentes, alumnos y egresados del Mag\u00edster en Terapia F\u00edsica y Rehabilitaci\u00f3n UDD destacaron en el Congreso Mundial de Fisioterapia 2023\u00a0","datePublished":"2023-06-12T21:28:47+00:00","dateModified":"2023-06-12T21:28:48+00:00","mainEntityOfPage":{"@id":"https:\/\/medicina.udd.cl\/kinesiologia-santiago\/noticias\/2023\/06\/12\/docentes-alumnos-y-egresados-del-magister-en-terapia-fisica-y-rehabilitacion-udd-destacaron-en-el-congreso-mundial-de-fisioterapia-2023\/"},"wordCount":488,"image":{"@id":"https:\/\/medicina.udd.cl\/kinesiologia-santiago\/noticias\/2023\/06\/12\/docentes-alumnos-y-egresados-del-magister-en-terapia-fisica-y-rehabilitacion-udd-destacaron-en-el-congreso-mundial-de-fisioterapia-2023\/#primaryimage"},"thumbnailUrl":"https:\/\/medicina.udd.cl\/kinesiologia-santiago\/files\/2023\/06\/kine-congreso-mundial-dubai-2023-16.jpg","articleSection":["Noticias"],"inLanguage":"es"},{"@type":"WebPage","@id":"https:\/\/medicina.udd.cl\/kinesiologia-santiago\/noticias\/2023\/06\/12\/docentes-alumnos-y-egresados-del-magister-en-terapia-fisica-y-rehabilitacion-udd-destacaron-en-el-congreso-mundial-de-fisioterapia-2023\/","url":"https:\/\/medicina.udd.cl\/kinesiologia-santiago\/noticias\/2023\/06\/12\/docentes-alumnos-y-egresados-del-magister-en-terapia-fisica-y-rehabilitacion-udd-destacaron-en-el-congreso-mundial-de-fisioterapia-2023\/","name":"Docentes, alumnos y egresados del Mag\u00edster en Terapia F\u00edsica y Rehabilitaci\u00f3n UDD destacaron en el Congreso Mundial de Fisioterapia 2023\u00a0 - Kinesiolog\u00eda","isPartOf":{"@id":"https:\/\/medicina.udd.cl\/kinesiologia-santiago\/#website"},"primaryImageOfPage":{"@id":"https:\/\/medicina.udd.cl\/kinesiologia-santiago\/noticias\/2023\/06\/12\/docentes-alumnos-y-egresados-del-magister-en-terapia-fisica-y-rehabilitacion-udd-destacaron-en-el-congreso-mundial-de-fisioterapia-2023\/#primaryimage"},"image":{"@id":"https:\/\/medicina.udd.cl\/kinesiologia-santiago\/noticias\/2023\/06\/12\/docentes-alumnos-y-egresados-del-magister-en-terapia-fisica-y-rehabilitacion-udd-destacaron-en-el-congreso-mundial-de-fisioterapia-2023\/#primaryimage"},"thumbnailUrl":"https:\/\/medicina.udd.cl\/kinesiologia-santiago\/files\/2023\/06\/kine-congreso-mundial-dubai-2023-16.jpg","datePublished":"2023-06-12T21:28:47+00:00","dateModified":"2023-06-12T21:28:48+00:00","author":{"@id":"https:\/\/medicina.udd.cl\/kinesiologia-santiago\/#\/schema\/person\/dbc3705bf3a93e8be1ba6de0ef950341"},"breadcrumb":{"@id":"https:\/\/medicina.udd.cl\/kinesiologia-santiago\/noticias\/2023\/06\/12\/docentes-alumnos-y-egresados-del-magister-en-terapia-fisica-y-rehabilitacion-udd-destacaron-en-el-congreso-mundial-de-fisioterapia-2023\/#breadcrumb"},"inLanguage":"es","potentialAction":[{"@type":"ReadAction","target":["https:\/\/medicina.udd.cl\/kinesiologia-santiago\/noticias\/2023\/06\/12\/docentes-alumnos-y-egresados-del-magister-en-terapia-fisica-y-rehabilitacion-udd-destacaron-en-el-congreso-mundial-de-fisioterapia-2023\/"]}]},{"@type":"ImageObject","inLanguage":"es","@id":"https:\/\/medicina.udd.cl\/kinesiologia-santiago\/noticias\/2023\/06\/12\/docentes-alumnos-y-egresados-del-magister-en-terapia-fisica-y-rehabilitacion-udd-destacaron-en-el-congreso-mundial-de-fisioterapia-2023\/#primaryimage","url":"https:\/\/medicina.udd.cl\/kinesiologia-santiago\/files\/2023\/06\/kine-congreso-mundial-dubai-2023-16.jpg","contentUrl":"https:\/\/medicina.udd.cl\/kinesiologia-santiago\/files\/2023\/06\/kine-congreso-mundial-dubai-2023-16.jpg","width":1024,"height":768},{"@type":"BreadcrumbList","@id":"https:\/\/medicina.udd.cl\/kinesiologia-santiago\/noticias\/2023\/06\/12\/docentes-alumnos-y-egresados-del-magister-en-terapia-fisica-y-rehabilitacion-udd-destacaron-en-el-congreso-mundial-de-fisioterapia-2023\/#breadcrumb","itemListElement":[{"@type":"ListItem","position":1,"name":"Home","item":"https:\/\/medicina.udd.cl\/kinesiologia-santiago\/"},{"@type":"ListItem","position":2,"name":"Docentes, alumnos y egresados del Mag\u00edster en Terapia F\u00edsica y Rehabilitaci\u00f3n UDD destacaron en el Congreso Mundial de Fisioterapia 2023\u00a0"}]},{"@type":"WebSite","@id":"https:\/\/medicina.udd.cl\/kinesiologia-santiago\/#website","url":"https:\/\/medicina.udd.cl\/kinesiologia-santiago\/","name":"Kinesiolog\u00eda","description":"Facultad de Medicina Cl\u00ednica Alemana Universidad del Desarrollo","inLanguage":"es"},{"@type":"Person","@id":"https:\/\/medicina.udd.cl\/kinesiologia-santiago\/#\/schema\/person\/dbc3705bf3a93e8be1ba6de0ef950341","name":"rbraidy","image":{"@type":"ImageObject","inLanguage":"es","@id":"https:\/\/medicina.udd.cl\/kinesiologia-santiago\/#\/schema\/person\/image\/","url":"https:\/\/secure.gravatar.com\/avatar\/0f8bc94637401590e45d2ce17eb65c274cb8870a219de6177f3f23e63fd8cdf3?s=96&d=mm&r=g","contentUrl":"https:\/\/secure.gravatar.com\/avatar\/0f8bc94637401590e45d2ce17eb65c274cb8870a219de6177f3f23e63fd8cdf3?s=96&d=mm&r=g","caption":"rbraidy"},"url":"https:\/\/medicina.udd.cl\/kinesiologia-santiago\/noticias\/author\/rbraidy\/"}]}},"featured_image_url":"https:\/\/medicina.udd.cl\/kinesiologia-santiago\/files\/2023\/06\/kine-congreso-mundial-dubai-2023-16.jpg","_links":{"self":[{"href":"https:\/\/medicina.udd.cl\/kinesiologia-santiago\/wp-json\/wp\/v2\/posts\/5958","targetHints":{"allow":["GET"]}}],"collection":[{"href":"https:\/\/medicina.udd.cl\/kinesiologia-santiago\/wp-json\/wp\/v2\/posts"}],"about":[{"href":"https:\/\/medicina.udd.cl\/kinesiologia-santiago\/wp-json\/wp\/v2\/types\/post"}],"author":[{"embeddable":true,"href":"https:\/\/medicina.udd.cl\/kinesiologia-santiago\/wp-json\/wp\/v2\/users\/9192219"}],"replies":[{"embeddable":true,"href":"https:\/\/medicina.udd.cl\/kinesiologia-santiago\/wp-json\/wp\/v2\/comments?post=5958"}],"version-history":[{"count":1,"href":"https:\/\/medicina.udd.cl\/kinesiologia-santiago\/wp-json\/wp\/v2\/posts\/5958\/revisions"}],"predecessor-version":[{"id":5974,"href":"https:\/\/medicina.udd.cl\/kinesiologia-santiago\/wp-json\/wp\/v2\/posts\/5958\/revisions\/5974"}],"wp:featuredmedia":[{"embeddable":true,"href":"https:\/\/medicina.udd.cl\/kinesiologia-santiago\/wp-json\/wp\/v2\/media\/5973"}],"wp:attachment":[{"href":"https:\/\/medicina.udd.cl\/kinesiologia-santiago\/wp-json\/wp\/v2\/media?parent=5958"}],"wp:term":[{"taxonomy":"category","embeddable":true,"href":"https:\/\/medicina.udd.cl\/kinesiologia-santiago\/wp-json\/wp\/v2\/categories?post=5958"},{"taxonomy":"post_tag","embeddable":true,"href":"https:\/\/medicina.udd.cl\/kinesiologia-santiago\/wp-json\/wp\/v2\/tags?post=5958"}],"curies":[{"name":"wp","href":"https:\/\/api.w.org\/{rel}","templated":true}]}}