{"id":5975,"date":"2023-07-06T15:02:55","date_gmt":"2023-07-06T19:02:55","guid":{"rendered":"https:\/\/medicina.udd.cl\/kinesiologia-santiago\/?p=5975"},"modified":"2023-07-07T13:21:11","modified_gmt":"2023-07-07T17:21:11","slug":"universidad-del-desarrollo-inaugura-diplomado-en-neurorrehabilitacion-del-adulto-abarcando-desde-la-etapa-aguda-hasta-la-reintegracion","status":"publish","type":"post","link":"https:\/\/medicina.udd.cl\/kinesiologia-santiago\/noticias\/2023\/07\/06\/universidad-del-desarrollo-inaugura-diplomado-en-neurorrehabilitacion-del-adulto-abarcando-desde-la-etapa-aguda-hasta-la-reintegracion\/","title":{"rendered":"Universidad del Desarrollo inaugura diplomado en neurorrehabilitaci\u00f3n del adulto abarcando desde la etapa aguda hasta la reintegraci\u00f3n"},"content":{"rendered":"\n<figure class=\"wp-block-embed is-type-video is-provider-youtube wp-block-embed-youtube wp-embed-aspect-4-3 wp-has-aspect-ratio\"><div class=\"wp-block-embed__wrapper\">\n<iframe loading=\"lazy\" title=\"Diplomado en Neurorrehabilitaci\u00f3n del adulto: desde la etapa aguda hasta la reinserci\u00f3n\" width=\"500\" height=\"375\" src=\"https:\/\/www.youtube.com\/embed\/-AcHCMIAC5Q?feature=oembed&#038;rel=0&#038;modestbranding=1&#038;autohide=1&#038;autoplay=0&#038;enablejsapi=1&#038;showinfo=0\" allowautoplay=\"allowautoplay\" frameborder=\"0\" allow=\"accelerometer; autoplay; clipboard-write; encrypted-media; gyroscope; picture-in-picture; web-share\" referrerpolicy=\"strict-origin-when-cross-origin\" allowfullscreen><\/iframe>\n<\/div><\/figure>\n\n\n\n<p>La Facultad de Medicina Cl\u00ednica Alemana Universidad del Desarrollo, a trav\u00e9s de la carrera de Kinesiolog\u00eda, dio inicio el pasado 24 de junio al <em>\u00abDiplomado en Neurorrehabilitaci\u00f3n del Adulto: desde la etapa aguda hasta la reinserci\u00f3n\u00bb<\/em>. Este programa acad\u00e9mico cuenta con la participaci\u00f3n de 25 estudiantes.<\/p>\n\n\n\n<p>El kinesi\u00f3logo Ricardo V\u00e1squez, director del diplomado, expres\u00f3 su entusiasmo por el comienzo de este programa en neurorrehabilitaci\u00f3n del adulto. Destac\u00f3 la experiencia multiprofesional del equipo acad\u00e9mico y la esencia del programa, representada por el equipo coordinador compuesto por la Dra. Paola Riffo, fisiatra, Nelson Santis, terapeuta ocupacional, y Denisse Hern\u00e1ndez, kinesi\u00f3loga.<\/p>\n\n\n\n<p>Adem\u00e1s, V\u00e1squez resalt\u00f3 la participaci\u00f3n de todos los docentes del equipo de neurorrehabilitaci\u00f3n de Cl\u00ednica Alemana y de la Facultad de Medicina UDD, lo que garantiza una ruta de aprendizaje integral y de alta calidad.<\/p>\n\n\n\n<p><em>\u00abEl equipo docente est\u00e1 conformado por expertos en neurolog\u00eda, neuroradiolog\u00eda, medicina intensiva, fisiatr\u00eda, enfermer\u00eda, terapia ocupacional, fonoaudiolog\u00eda, nutrici\u00f3n, neuropsicolog\u00eda y kinesiolog\u00eda. Tambi\u00e9n contamos con la participaci\u00f3n de destacados referentes internacionales en neurorrehabilitaci\u00f3n. Creemos que la experiencia del equipo de Neurorrehabilitaci\u00f3n de Cl\u00ednica Alemana y la Universidad del Desarrollo puede contribuir a la formaci\u00f3n de especialistas en neurorrehabilitaci\u00f3n en Chile\u00bb, <\/em>enfatiz\u00f3 el director del programa.<\/p>\n\n\n\n<p>Por su parte, la subdirectora de Postgrado y Educaci\u00f3n Continua de la carrera de Kinesiolog\u00eda UDD, Klga. Sonia Roa, destac\u00f3 el orgullo de lanzar este programa, que marca un hito en la carrera al ser el primer programa de Educaci\u00f3n Continua de Kinesiolog\u00eda en el \u00e1rea de Neurorrehabilitaci\u00f3n. Agradeci\u00f3 a Ricardo y a su equipo por proponer este programa, en respuesta a la necesidad de formar nuevos profesionales en esta \u00e1rea. Roa resalt\u00f3 que, con iniciativas de formaci\u00f3n de excelencia como esta, el beneficiado final siempre es el paciente.<\/p>\n\n\n\n<p>Cabe destacar que, el objetivo principal del diplomado es que los estudiantes reconozcan, contrasten y apliquen las principales estrategias cl\u00ednicas en las distintas etapas del ciclo de neurorrehabilitaci\u00f3n del adulto, bas\u00e1ndose en la mejor evidencia disponible.<\/p>\n\n\n\n<figure class=\"wp-block-image aligncenter size-large\"><a href=\"https:\/\/medicina.udd.cl\/kinesiologia-santiago\/files\/2023\/07\/diplomado-neurorrehab-kine-inicio.jpg\"><img loading=\"lazy\" decoding=\"async\" width=\"1024\" height=\"625\" src=\"https:\/\/medicina.udd.cl\/kinesiologia-santiago\/files\/2023\/07\/diplomado-neurorrehab-kine-inicio-1024x625.jpg\" alt=\"\" class=\"wp-image-5976\" srcset=\"https:\/\/medicina.udd.cl\/kinesiologia-santiago\/files\/2023\/07\/diplomado-neurorrehab-kine-inicio-1024x625.jpg 1024w, https:\/\/medicina.udd.cl\/kinesiologia-santiago\/files\/2023\/07\/diplomado-neurorrehab-kine-inicio-300x183.jpg 300w, https:\/\/medicina.udd.cl\/kinesiologia-santiago\/files\/2023\/07\/diplomado-neurorrehab-kine-inicio-768x468.jpg 768w, https:\/\/medicina.udd.cl\/kinesiologia-santiago\/files\/2023\/07\/diplomado-neurorrehab-kine-inicio-1536x937.jpg 1536w, https:\/\/medicina.udd.cl\/kinesiologia-santiago\/files\/2023\/07\/diplomado-neurorrehab-kine-inicio.jpg 1600w\" sizes=\"auto, (max-width: 1024px) 100vw, 1024px\" \/><\/a><\/figure>\n","protected":false},"excerpt":{"rendered":"<p>La Facultad de Medicina Cl\u00ednica Alemana Universidad del Desarrollo, a trav\u00e9s de la carrera de Kinesiolog\u00eda, dio inicio el pasado 24 de junio al \u00abDiplomado en Neurorrehabilitaci\u00f3n del Adulto: desde la etapa aguda hasta la reinserci\u00f3n\u00bb. Este programa acad\u00e9mico cuenta con la participaci\u00f3n de 25 estudiantes. El kinesi\u00f3logo Ricardo V\u00e1squez, director del diplomado, expres\u00f3 su [&hellip;]<\/p>\n","protected":false},"author":9192219,"featured_media":5976,"comment_status":"closed","ping_status":"open","sticky":false,"template":"","format":"standard","meta":{"footnotes":""},"categories":[4],"tags":[],"class_list":["post-5975","post","type-post","status-publish","format-standard","has-post-thumbnail","hentry","category-noticias"],"yoast_head":"<!-- This site is optimized with the Yoast SEO plugin v26.9 - https:\/\/yoast.com\/product\/yoast-seo-wordpress\/ -->\n<title>Universidad del Desarrollo inaugura diplomado en neurorrehabilitaci\u00f3n del adulto abarcando desde la etapa aguda hasta la reintegraci\u00f3n - Kinesiolog\u00eda<\/title>\n<meta name=\"robots\" content=\"index, follow, max-snippet:-1, max-image-preview:large, max-video-preview:-1\" \/>\n<link rel=\"canonical\" href=\"https:\/\/medicina.udd.cl\/kinesiologia-santiago\/noticias\/2023\/07\/06\/universidad-del-desarrollo-inaugura-diplomado-en-neurorrehabilitacion-del-adulto-abarcando-desde-la-etapa-aguda-hasta-la-reintegracion\/\" \/>\n<meta property=\"og:locale\" content=\"es_ES\" \/>\n<meta property=\"og:type\" content=\"article\" \/>\n<meta property=\"og:title\" content=\"Universidad del Desarrollo inaugura diplomado en neurorrehabilitaci\u00f3n del adulto abarcando desde la etapa aguda hasta la reintegraci\u00f3n - Kinesiolog\u00eda\" \/>\n<meta property=\"og:description\" content=\"La Facultad de Medicina Cl\u00ednica Alemana Universidad del Desarrollo, a trav\u00e9s de la carrera de Kinesiolog\u00eda, dio inicio el pasado 24 de junio al \u00abDiplomado en Neurorrehabilitaci\u00f3n del Adulto: desde la etapa aguda hasta la reinserci\u00f3n\u00bb. Este programa acad\u00e9mico cuenta con la participaci\u00f3n de 25 estudiantes. El kinesi\u00f3logo Ricardo V\u00e1squez, director del diplomado, expres\u00f3 su [&hellip;]\" \/>\n<meta property=\"og:url\" content=\"https:\/\/medicina.udd.cl\/kinesiologia-santiago\/noticias\/2023\/07\/06\/universidad-del-desarrollo-inaugura-diplomado-en-neurorrehabilitacion-del-adulto-abarcando-desde-la-etapa-aguda-hasta-la-reintegracion\/\" \/>\n<meta property=\"og:site_name\" content=\"Kinesiolog\u00eda\" \/>\n<meta property=\"article:published_time\" content=\"2023-07-06T19:02:55+00:00\" \/>\n<meta property=\"article:modified_time\" content=\"2023-07-07T17:21:11+00:00\" \/>\n<meta property=\"og:image\" content=\"https:\/\/medicina.udd.cl\/kinesiologia-santiago\/files\/2023\/07\/diplomado-neurorrehab-kine-inicio.jpg\" \/>\n\t<meta property=\"og:image:width\" content=\"1600\" \/>\n\t<meta property=\"og:image:height\" content=\"976\" \/>\n\t<meta property=\"og:image:type\" content=\"image\/jpeg\" \/>\n<meta name=\"author\" content=\"rbraidy\" \/>\n<meta name=\"twitter:label1\" content=\"Escrito por\" \/>\n\t<meta name=\"twitter:data1\" content=\"rbraidy\" \/>\n\t<meta name=\"twitter:label2\" content=\"Tiempo de lectura\" \/>\n\t<meta name=\"twitter:data2\" content=\"2 minutos\" \/>\n<script type=\"application\/ld+json\" class=\"yoast-schema-graph\">{\"@context\":\"https:\/\/schema.org\",\"@graph\":[{\"@type\":\"Article\",\"@id\":\"https:\/\/medicina.udd.cl\/kinesiologia-santiago\/noticias\/2023\/07\/06\/universidad-del-desarrollo-inaugura-diplomado-en-neurorrehabilitacion-del-adulto-abarcando-desde-la-etapa-aguda-hasta-la-reintegracion\/#article\",\"isPartOf\":{\"@id\":\"https:\/\/medicina.udd.cl\/kinesiologia-santiago\/noticias\/2023\/07\/06\/universidad-del-desarrollo-inaugura-diplomado-en-neurorrehabilitacion-del-adulto-abarcando-desde-la-etapa-aguda-hasta-la-reintegracion\/\"},\"author\":{\"name\":\"rbraidy\",\"@id\":\"https:\/\/medicina.udd.cl\/kinesiologia-santiago\/#\/schema\/person\/dbc3705bf3a93e8be1ba6de0ef950341\"},\"headline\":\"Universidad del Desarrollo inaugura diplomado en neurorrehabilitaci\u00f3n del adulto abarcando desde la etapa aguda hasta la reintegraci\u00f3n\",\"datePublished\":\"2023-07-06T19:02:55+00:00\",\"dateModified\":\"2023-07-07T17:21:11+00:00\",\"mainEntityOfPage\":{\"@id\":\"https:\/\/medicina.udd.cl\/kinesiologia-santiago\/noticias\/2023\/07\/06\/universidad-del-desarrollo-inaugura-diplomado-en-neurorrehabilitacion-del-adulto-abarcando-desde-la-etapa-aguda-hasta-la-reintegracion\/\"},\"wordCount\":389,\"image\":{\"@id\":\"https:\/\/medicina.udd.cl\/kinesiologia-santiago\/noticias\/2023\/07\/06\/universidad-del-desarrollo-inaugura-diplomado-en-neurorrehabilitacion-del-adulto-abarcando-desde-la-etapa-aguda-hasta-la-reintegracion\/#primaryimage\"},\"thumbnailUrl\":\"https:\/\/medicina.udd.cl\/kinesiologia-santiago\/files\/2023\/07\/diplomado-neurorrehab-kine-inicio.jpg\",\"articleSection\":[\"Noticias\"],\"inLanguage\":\"es\"},{\"@type\":\"WebPage\",\"@id\":\"https:\/\/medicina.udd.cl\/kinesiologia-santiago\/noticias\/2023\/07\/06\/universidad-del-desarrollo-inaugura-diplomado-en-neurorrehabilitacion-del-adulto-abarcando-desde-la-etapa-aguda-hasta-la-reintegracion\/\",\"url\":\"https:\/\/medicina.udd.cl\/kinesiologia-santiago\/noticias\/2023\/07\/06\/universidad-del-desarrollo-inaugura-diplomado-en-neurorrehabilitacion-del-adulto-abarcando-desde-la-etapa-aguda-hasta-la-reintegracion\/\",\"name\":\"Universidad del Desarrollo inaugura diplomado en neurorrehabilitaci\u00f3n del adulto abarcando desde la etapa aguda hasta la reintegraci\u00f3n - Kinesiolog\u00eda\",\"isPartOf\":{\"@id\":\"https:\/\/medicina.udd.cl\/kinesiologia-santiago\/#website\"},\"primaryImageOfPage\":{\"@id\":\"https:\/\/medicina.udd.cl\/kinesiologia-santiago\/noticias\/2023\/07\/06\/universidad-del-desarrollo-inaugura-diplomado-en-neurorrehabilitacion-del-adulto-abarcando-desde-la-etapa-aguda-hasta-la-reintegracion\/#primaryimage\"},\"image\":{\"@id\":\"https:\/\/medicina.udd.cl\/kinesiologia-santiago\/noticias\/2023\/07\/06\/universidad-del-desarrollo-inaugura-diplomado-en-neurorrehabilitacion-del-adulto-abarcando-desde-la-etapa-aguda-hasta-la-reintegracion\/#primaryimage\"},\"thumbnailUrl\":\"https:\/\/medicina.udd.cl\/kinesiologia-santiago\/files\/2023\/07\/diplomado-neurorrehab-kine-inicio.jpg\",\"datePublished\":\"2023-07-06T19:02:55+00:00\",\"dateModified\":\"2023-07-07T17:21:11+00:00\",\"author\":{\"@id\":\"https:\/\/medicina.udd.cl\/kinesiologia-santiago\/#\/schema\/person\/dbc3705bf3a93e8be1ba6de0ef950341\"},\"breadcrumb\":{\"@id\":\"https:\/\/medicina.udd.cl\/kinesiologia-santiago\/noticias\/2023\/07\/06\/universidad-del-desarrollo-inaugura-diplomado-en-neurorrehabilitacion-del-adulto-abarcando-desde-la-etapa-aguda-hasta-la-reintegracion\/#breadcrumb\"},\"inLanguage\":\"es\",\"potentialAction\":[{\"@type\":\"ReadAction\",\"target\":[\"https:\/\/medicina.udd.cl\/kinesiologia-santiago\/noticias\/2023\/07\/06\/universidad-del-desarrollo-inaugura-diplomado-en-neurorrehabilitacion-del-adulto-abarcando-desde-la-etapa-aguda-hasta-la-reintegracion\/\"]}]},{\"@type\":\"ImageObject\",\"inLanguage\":\"es\",\"@id\":\"https:\/\/medicina.udd.cl\/kinesiologia-santiago\/noticias\/2023\/07\/06\/universidad-del-desarrollo-inaugura-diplomado-en-neurorrehabilitacion-del-adulto-abarcando-desde-la-etapa-aguda-hasta-la-reintegracion\/#primaryimage\",\"url\":\"https:\/\/medicina.udd.cl\/kinesiologia-santiago\/files\/2023\/07\/diplomado-neurorrehab-kine-inicio.jpg\",\"contentUrl\":\"https:\/\/medicina.udd.cl\/kinesiologia-santiago\/files\/2023\/07\/diplomado-neurorrehab-kine-inicio.jpg\",\"width\":1600,\"height\":976},{\"@type\":\"BreadcrumbList\",\"@id\":\"https:\/\/medicina.udd.cl\/kinesiologia-santiago\/noticias\/2023\/07\/06\/universidad-del-desarrollo-inaugura-diplomado-en-neurorrehabilitacion-del-adulto-abarcando-desde-la-etapa-aguda-hasta-la-reintegracion\/#breadcrumb\",\"itemListElement\":[{\"@type\":\"ListItem\",\"position\":1,\"name\":\"Home\",\"item\":\"https:\/\/medicina.udd.cl\/kinesiologia-santiago\/\"},{\"@type\":\"ListItem\",\"position\":2,\"name\":\"Universidad del Desarrollo inaugura diplomado en neurorrehabilitaci\u00f3n del adulto abarcando desde la etapa aguda hasta la reintegraci\u00f3n\"}]},{\"@type\":\"WebSite\",\"@id\":\"https:\/\/medicina.udd.cl\/kinesiologia-santiago\/#website\",\"url\":\"https:\/\/medicina.udd.cl\/kinesiologia-santiago\/\",\"name\":\"Kinesiolog\u00eda\",\"description\":\"Facultad de Medicina Cl\u00ednica Alemana Universidad del Desarrollo\",\"inLanguage\":\"es\"},{\"@type\":\"Person\",\"@id\":\"https:\/\/medicina.udd.cl\/kinesiologia-santiago\/#\/schema\/person\/dbc3705bf3a93e8be1ba6de0ef950341\",\"name\":\"rbraidy\",\"image\":{\"@type\":\"ImageObject\",\"inLanguage\":\"es\",\"@id\":\"https:\/\/medicina.udd.cl\/kinesiologia-santiago\/#\/schema\/person\/image\/\",\"url\":\"https:\/\/secure.gravatar.com\/avatar\/0f8bc94637401590e45d2ce17eb65c274cb8870a219de6177f3f23e63fd8cdf3?s=96&d=mm&r=g\",\"contentUrl\":\"https:\/\/secure.gravatar.com\/avatar\/0f8bc94637401590e45d2ce17eb65c274cb8870a219de6177f3f23e63fd8cdf3?s=96&d=mm&r=g\",\"caption\":\"rbraidy\"},\"url\":\"https:\/\/medicina.udd.cl\/kinesiologia-santiago\/noticias\/author\/rbraidy\/\"}]}<\/script>\n<!-- \/ Yoast SEO plugin. -->","yoast_head_json":{"title":"Universidad del Desarrollo inaugura diplomado en neurorrehabilitaci\u00f3n del adulto abarcando desde la etapa aguda hasta la reintegraci\u00f3n - Kinesiolog\u00eda","robots":{"index":"index","follow":"follow","max-snippet":"max-snippet:-1","max-image-preview":"max-image-preview:large","max-video-preview":"max-video-preview:-1"},"canonical":"https:\/\/medicina.udd.cl\/kinesiologia-santiago\/noticias\/2023\/07\/06\/universidad-del-desarrollo-inaugura-diplomado-en-neurorrehabilitacion-del-adulto-abarcando-desde-la-etapa-aguda-hasta-la-reintegracion\/","og_locale":"es_ES","og_type":"article","og_title":"Universidad del Desarrollo inaugura diplomado en neurorrehabilitaci\u00f3n del adulto abarcando desde la etapa aguda hasta la reintegraci\u00f3n - Kinesiolog\u00eda","og_description":"La Facultad de Medicina Cl\u00ednica Alemana Universidad del Desarrollo, a trav\u00e9s de la carrera de Kinesiolog\u00eda, dio inicio el pasado 24 de junio al \u00abDiplomado en Neurorrehabilitaci\u00f3n del Adulto: desde la etapa aguda hasta la reinserci\u00f3n\u00bb. Este programa acad\u00e9mico cuenta con la participaci\u00f3n de 25 estudiantes. El kinesi\u00f3logo Ricardo V\u00e1squez, director del diplomado, expres\u00f3 su [&hellip;]","og_url":"https:\/\/medicina.udd.cl\/kinesiologia-santiago\/noticias\/2023\/07\/06\/universidad-del-desarrollo-inaugura-diplomado-en-neurorrehabilitacion-del-adulto-abarcando-desde-la-etapa-aguda-hasta-la-reintegracion\/","og_site_name":"Kinesiolog\u00eda","article_published_time":"2023-07-06T19:02:55+00:00","article_modified_time":"2023-07-07T17:21:11+00:00","og_image":[{"width":1600,"height":976,"url":"https:\/\/medicina.udd.cl\/kinesiologia-santiago\/files\/2023\/07\/diplomado-neurorrehab-kine-inicio.jpg","type":"image\/jpeg"}],"author":"rbraidy","twitter_misc":{"Escrito por":"rbraidy","Tiempo de lectura":"2 minutos"},"schema":{"@context":"https:\/\/schema.org","@graph":[{"@type":"Article","@id":"https:\/\/medicina.udd.cl\/kinesiologia-santiago\/noticias\/2023\/07\/06\/universidad-del-desarrollo-inaugura-diplomado-en-neurorrehabilitacion-del-adulto-abarcando-desde-la-etapa-aguda-hasta-la-reintegracion\/#article","isPartOf":{"@id":"https:\/\/medicina.udd.cl\/kinesiologia-santiago\/noticias\/2023\/07\/06\/universidad-del-desarrollo-inaugura-diplomado-en-neurorrehabilitacion-del-adulto-abarcando-desde-la-etapa-aguda-hasta-la-reintegracion\/"},"author":{"name":"rbraidy","@id":"https:\/\/medicina.udd.cl\/kinesiologia-santiago\/#\/schema\/person\/dbc3705bf3a93e8be1ba6de0ef950341"},"headline":"Universidad del Desarrollo inaugura diplomado en neurorrehabilitaci\u00f3n del adulto abarcando desde la etapa aguda hasta la reintegraci\u00f3n","datePublished":"2023-07-06T19:02:55+00:00","dateModified":"2023-07-07T17:21:11+00:00","mainEntityOfPage":{"@id":"https:\/\/medicina.udd.cl\/kinesiologia-santiago\/noticias\/2023\/07\/06\/universidad-del-desarrollo-inaugura-diplomado-en-neurorrehabilitacion-del-adulto-abarcando-desde-la-etapa-aguda-hasta-la-reintegracion\/"},"wordCount":389,"image":{"@id":"https:\/\/medicina.udd.cl\/kinesiologia-santiago\/noticias\/2023\/07\/06\/universidad-del-desarrollo-inaugura-diplomado-en-neurorrehabilitacion-del-adulto-abarcando-desde-la-etapa-aguda-hasta-la-reintegracion\/#primaryimage"},"thumbnailUrl":"https:\/\/medicina.udd.cl\/kinesiologia-santiago\/files\/2023\/07\/diplomado-neurorrehab-kine-inicio.jpg","articleSection":["Noticias"],"inLanguage":"es"},{"@type":"WebPage","@id":"https:\/\/medicina.udd.cl\/kinesiologia-santiago\/noticias\/2023\/07\/06\/universidad-del-desarrollo-inaugura-diplomado-en-neurorrehabilitacion-del-adulto-abarcando-desde-la-etapa-aguda-hasta-la-reintegracion\/","url":"https:\/\/medicina.udd.cl\/kinesiologia-santiago\/noticias\/2023\/07\/06\/universidad-del-desarrollo-inaugura-diplomado-en-neurorrehabilitacion-del-adulto-abarcando-desde-la-etapa-aguda-hasta-la-reintegracion\/","name":"Universidad del Desarrollo inaugura diplomado en neurorrehabilitaci\u00f3n del adulto abarcando desde la etapa aguda hasta la reintegraci\u00f3n - Kinesiolog\u00eda","isPartOf":{"@id":"https:\/\/medicina.udd.cl\/kinesiologia-santiago\/#website"},"primaryImageOfPage":{"@id":"https:\/\/medicina.udd.cl\/kinesiologia-santiago\/noticias\/2023\/07\/06\/universidad-del-desarrollo-inaugura-diplomado-en-neurorrehabilitacion-del-adulto-abarcando-desde-la-etapa-aguda-hasta-la-reintegracion\/#primaryimage"},"image":{"@id":"https:\/\/medicina.udd.cl\/kinesiologia-santiago\/noticias\/2023\/07\/06\/universidad-del-desarrollo-inaugura-diplomado-en-neurorrehabilitacion-del-adulto-abarcando-desde-la-etapa-aguda-hasta-la-reintegracion\/#primaryimage"},"thumbnailUrl":"https:\/\/medicina.udd.cl\/kinesiologia-santiago\/files\/2023\/07\/diplomado-neurorrehab-kine-inicio.jpg","datePublished":"2023-07-06T19:02:55+00:00","dateModified":"2023-07-07T17:21:11+00:00","author":{"@id":"https:\/\/medicina.udd.cl\/kinesiologia-santiago\/#\/schema\/person\/dbc3705bf3a93e8be1ba6de0ef950341"},"breadcrumb":{"@id":"https:\/\/medicina.udd.cl\/kinesiologia-santiago\/noticias\/2023\/07\/06\/universidad-del-desarrollo-inaugura-diplomado-en-neurorrehabilitacion-del-adulto-abarcando-desde-la-etapa-aguda-hasta-la-reintegracion\/#breadcrumb"},"inLanguage":"es","potentialAction":[{"@type":"ReadAction","target":["https:\/\/medicina.udd.cl\/kinesiologia-santiago\/noticias\/2023\/07\/06\/universidad-del-desarrollo-inaugura-diplomado-en-neurorrehabilitacion-del-adulto-abarcando-desde-la-etapa-aguda-hasta-la-reintegracion\/"]}]},{"@type":"ImageObject","inLanguage":"es","@id":"https:\/\/medicina.udd.cl\/kinesiologia-santiago\/noticias\/2023\/07\/06\/universidad-del-desarrollo-inaugura-diplomado-en-neurorrehabilitacion-del-adulto-abarcando-desde-la-etapa-aguda-hasta-la-reintegracion\/#primaryimage","url":"https:\/\/medicina.udd.cl\/kinesiologia-santiago\/files\/2023\/07\/diplomado-neurorrehab-kine-inicio.jpg","contentUrl":"https:\/\/medicina.udd.cl\/kinesiologia-santiago\/files\/2023\/07\/diplomado-neurorrehab-kine-inicio.jpg","width":1600,"height":976},{"@type":"BreadcrumbList","@id":"https:\/\/medicina.udd.cl\/kinesiologia-santiago\/noticias\/2023\/07\/06\/universidad-del-desarrollo-inaugura-diplomado-en-neurorrehabilitacion-del-adulto-abarcando-desde-la-etapa-aguda-hasta-la-reintegracion\/#breadcrumb","itemListElement":[{"@type":"ListItem","position":1,"name":"Home","item":"https:\/\/medicina.udd.cl\/kinesiologia-santiago\/"},{"@type":"ListItem","position":2,"name":"Universidad del Desarrollo inaugura diplomado en neurorrehabilitaci\u00f3n del adulto abarcando desde la etapa aguda hasta la reintegraci\u00f3n"}]},{"@type":"WebSite","@id":"https:\/\/medicina.udd.cl\/kinesiologia-santiago\/#website","url":"https:\/\/medicina.udd.cl\/kinesiologia-santiago\/","name":"Kinesiolog\u00eda","description":"Facultad de Medicina Cl\u00ednica Alemana Universidad del Desarrollo","inLanguage":"es"},{"@type":"Person","@id":"https:\/\/medicina.udd.cl\/kinesiologia-santiago\/#\/schema\/person\/dbc3705bf3a93e8be1ba6de0ef950341","name":"rbraidy","image":{"@type":"ImageObject","inLanguage":"es","@id":"https:\/\/medicina.udd.cl\/kinesiologia-santiago\/#\/schema\/person\/image\/","url":"https:\/\/secure.gravatar.com\/avatar\/0f8bc94637401590e45d2ce17eb65c274cb8870a219de6177f3f23e63fd8cdf3?s=96&d=mm&r=g","contentUrl":"https:\/\/secure.gravatar.com\/avatar\/0f8bc94637401590e45d2ce17eb65c274cb8870a219de6177f3f23e63fd8cdf3?s=96&d=mm&r=g","caption":"rbraidy"},"url":"https:\/\/medicina.udd.cl\/kinesiologia-santiago\/noticias\/author\/rbraidy\/"}]}},"featured_image_url":"https:\/\/medicina.udd.cl\/kinesiologia-santiago\/files\/2023\/07\/diplomado-neurorrehab-kine-inicio.jpg","_links":{"self":[{"href":"https:\/\/medicina.udd.cl\/kinesiologia-santiago\/wp-json\/wp\/v2\/posts\/5975","targetHints":{"allow":["GET"]}}],"collection":[{"href":"https:\/\/medicina.udd.cl\/kinesiologia-santiago\/wp-json\/wp\/v2\/posts"}],"about":[{"href":"https:\/\/medicina.udd.cl\/kinesiologia-santiago\/wp-json\/wp\/v2\/types\/post"}],"author":[{"embeddable":true,"href":"https:\/\/medicina.udd.cl\/kinesiologia-santiago\/wp-json\/wp\/v2\/users\/9192219"}],"replies":[{"embeddable":true,"href":"https:\/\/medicina.udd.cl\/kinesiologia-santiago\/wp-json\/wp\/v2\/comments?post=5975"}],"version-history":[{"count":2,"href":"https:\/\/medicina.udd.cl\/kinesiologia-santiago\/wp-json\/wp\/v2\/posts\/5975\/revisions"}],"predecessor-version":[{"id":5979,"href":"https:\/\/medicina.udd.cl\/kinesiologia-santiago\/wp-json\/wp\/v2\/posts\/5975\/revisions\/5979"}],"wp:featuredmedia":[{"embeddable":true,"href":"https:\/\/medicina.udd.cl\/kinesiologia-santiago\/wp-json\/wp\/v2\/media\/5976"}],"wp:attachment":[{"href":"https:\/\/medicina.udd.cl\/kinesiologia-santiago\/wp-json\/wp\/v2\/media?parent=5975"}],"wp:term":[{"taxonomy":"category","embeddable":true,"href":"https:\/\/medicina.udd.cl\/kinesiologia-santiago\/wp-json\/wp\/v2\/categories?post=5975"},{"taxonomy":"post_tag","embeddable":true,"href":"https:\/\/medicina.udd.cl\/kinesiologia-santiago\/wp-json\/wp\/v2\/tags?post=5975"}],"curies":[{"name":"wp","href":"https:\/\/api.w.org\/{rel}","templated":true}]}}