{"id":5980,"date":"2023-07-18T12:27:00","date_gmt":"2023-07-18T16:27:00","guid":{"rendered":"https:\/\/medicina.udd.cl\/kinesiologia-santiago\/?p=5980"},"modified":"2023-07-20T12:33:54","modified_gmt":"2023-07-20T16:33:54","slug":"estudiantes-de-la-facultad-de-medicina-brindan-atencion-medica-y-sonrisas-en-llay-llay-durante-las-vacaciones-de-invierno","status":"publish","type":"post","link":"https:\/\/medicina.udd.cl\/kinesiologia-santiago\/noticias\/2023\/07\/18\/estudiantes-de-la-facultad-de-medicina-brindan-atencion-medica-y-sonrisas-en-llay-llay-durante-las-vacaciones-de-invierno\/","title":{"rendered":"Estudiantes de la Facultad de Medicina brindan atenci\u00f3n m\u00e9dica y sonrisas en Llay Llay durante las vacaciones de invierno"},"content":{"rendered":"\n<p>Un grupo destacado de m\u00e1s de 100 estudiantes de las nueve carreras de la Facultad de Medicina Cl\u00ednica Alemana de la Universidad del Desarrollo, decidi\u00f3 dedicar su tiempo de vacaciones de invierno a una noble causa. Participaron activamente en el programa de voluntariado Sonr\u00ede UDD, llevado a cabo en la comuna de Llay Llay, ubicada en la regi\u00f3n de Valpara\u00edso. Durante la semana del 10 al 14 de julio, estos j\u00f3venes, en compa\u00f1\u00eda de tutores y coordinadores gu\u00edas, brindaron atenci\u00f3n de salud a los habitantes de esta poblaci\u00f3n, demostrando su compromiso y generosidad hacia la comunidad.<\/p>\n\n\n\n<h2 class=\"wp-block-heading\"><strong>KINESIOLOG\u00cdA<\/strong><\/h2>\n\n\n\n<figure class=\"wp-block-gallery has-nested-images columns-default is-cropped wp-block-gallery-1 is-layout-flex wp-block-gallery-is-layout-flex\">\n<figure class=\"wp-block-image size-large\"><a href=\"https:\/\/medicina.udd.cl\/kinesiologia-santiago\/files\/2023\/07\/fm-voluntariado-sonrie-llay-llay-julio-23-39-scaled.jpg\"><img loading=\"lazy\" decoding=\"async\" width=\"2560\" height=\"1707\" data-id=\"5982\" src=\"https:\/\/medicina.udd.cl\/kinesiologia-santiago\/files\/2023\/07\/fm-voluntariado-sonrie-llay-llay-julio-23-39-scaled.jpg\" alt=\"\" class=\"wp-image-5982\" srcset=\"https:\/\/medicina.udd.cl\/kinesiologia-santiago\/files\/2023\/07\/fm-voluntariado-sonrie-llay-llay-julio-23-39-scaled.jpg 2560w, https:\/\/medicina.udd.cl\/kinesiologia-santiago\/files\/2023\/07\/fm-voluntariado-sonrie-llay-llay-julio-23-39-300x200.jpg 300w, https:\/\/medicina.udd.cl\/kinesiologia-santiago\/files\/2023\/07\/fm-voluntariado-sonrie-llay-llay-julio-23-39-1024x683.jpg 1024w, https:\/\/medicina.udd.cl\/kinesiologia-santiago\/files\/2023\/07\/fm-voluntariado-sonrie-llay-llay-julio-23-39-768x512.jpg 768w, https:\/\/medicina.udd.cl\/kinesiologia-santiago\/files\/2023\/07\/fm-voluntariado-sonrie-llay-llay-julio-23-39-1536x1024.jpg 1536w, https:\/\/medicina.udd.cl\/kinesiologia-santiago\/files\/2023\/07\/fm-voluntariado-sonrie-llay-llay-julio-23-39-2048x1365.jpg 2048w\" sizes=\"auto, (max-width: 2560px) 100vw, 2560px\" \/><\/a><\/figure>\n\n\n\n<figure class=\"wp-block-image size-large\"><a href=\"https:\/\/medicina.udd.cl\/kinesiologia-santiago\/files\/2023\/07\/fm-voluntariado-sonrie-llay-llay-julio-23-91-scaled.jpg\"><img loading=\"lazy\" decoding=\"async\" width=\"2560\" height=\"1707\" data-id=\"5983\" src=\"https:\/\/medicina.udd.cl\/kinesiologia-santiago\/files\/2023\/07\/fm-voluntariado-sonrie-llay-llay-julio-23-91-scaled.jpg\" alt=\"\" class=\"wp-image-5983\" srcset=\"https:\/\/medicina.udd.cl\/kinesiologia-santiago\/files\/2023\/07\/fm-voluntariado-sonrie-llay-llay-julio-23-91-scaled.jpg 2560w, https:\/\/medicina.udd.cl\/kinesiologia-santiago\/files\/2023\/07\/fm-voluntariado-sonrie-llay-llay-julio-23-91-300x200.jpg 300w, https:\/\/medicina.udd.cl\/kinesiologia-santiago\/files\/2023\/07\/fm-voluntariado-sonrie-llay-llay-julio-23-91-1024x683.jpg 1024w, https:\/\/medicina.udd.cl\/kinesiologia-santiago\/files\/2023\/07\/fm-voluntariado-sonrie-llay-llay-julio-23-91-768x512.jpg 768w, https:\/\/medicina.udd.cl\/kinesiologia-santiago\/files\/2023\/07\/fm-voluntariado-sonrie-llay-llay-julio-23-91-1536x1024.jpg 1536w, https:\/\/medicina.udd.cl\/kinesiologia-santiago\/files\/2023\/07\/fm-voluntariado-sonrie-llay-llay-julio-23-91-2048x1365.jpg 2048w\" sizes=\"auto, (max-width: 2560px) 100vw, 2560px\" \/><\/a><\/figure>\n\n\n\n<figure class=\"wp-block-image size-large\"><a href=\"https:\/\/medicina.udd.cl\/kinesiologia-santiago\/files\/2023\/07\/fm-voluntariado-sonrie-llay-llay-julio-23-99-scaled.jpg\"><img loading=\"lazy\" decoding=\"async\" width=\"2560\" height=\"1707\" data-id=\"5985\" src=\"https:\/\/medicina.udd.cl\/kinesiologia-santiago\/files\/2023\/07\/fm-voluntariado-sonrie-llay-llay-julio-23-99-scaled.jpg\" alt=\"\" class=\"wp-image-5985\" srcset=\"https:\/\/medicina.udd.cl\/kinesiologia-santiago\/files\/2023\/07\/fm-voluntariado-sonrie-llay-llay-julio-23-99-scaled.jpg 2560w, https:\/\/medicina.udd.cl\/kinesiologia-santiago\/files\/2023\/07\/fm-voluntariado-sonrie-llay-llay-julio-23-99-300x200.jpg 300w, https:\/\/medicina.udd.cl\/kinesiologia-santiago\/files\/2023\/07\/fm-voluntariado-sonrie-llay-llay-julio-23-99-1024x683.jpg 1024w, https:\/\/medicina.udd.cl\/kinesiologia-santiago\/files\/2023\/07\/fm-voluntariado-sonrie-llay-llay-julio-23-99-768x512.jpg 768w, https:\/\/medicina.udd.cl\/kinesiologia-santiago\/files\/2023\/07\/fm-voluntariado-sonrie-llay-llay-julio-23-99-1536x1024.jpg 1536w, https:\/\/medicina.udd.cl\/kinesiologia-santiago\/files\/2023\/07\/fm-voluntariado-sonrie-llay-llay-julio-23-99-2048x1365.jpg 2048w\" sizes=\"auto, (max-width: 2560px) 100vw, 2560px\" \/><\/a><\/figure>\n<\/figure>\n\n\n\n<p>La carrera de Kinesiolog\u00eda se sum\u00f3 al evento Sonr\u00ede UDD en la comuna de Llay Llay, brindando atenci\u00f3n y apoyo a los habitantes de esta localidad. Valentina Roos, tutora de Kinesiolog\u00eda UDD, destac\u00f3 que esta experiencia ha tenido un impacto significativo en diferentes \u00e1reas en beneficio de la comunidad. En Llay Llay, hay pocos espacios de atenci\u00f3n kin\u00e9sica, por lo tanto, cada servicio que ofrecemos es de gran ayuda para las personas y contribuye a mejorar su calidad de vida.<\/p>\n\n\n\n<p>Roos tambi\u00e9n resalt\u00f3 c\u00f3mo esta experiencia transforma a los estudiantes. En particular, se formaron duplas de alumnos de quinto y primer a\u00f1o, lo que permite que los estudiantes de primer a\u00f1o se acerquen r\u00e1pidamente a la profesi\u00f3n y los de quinto a\u00f1o puedan aplicar sus conocimientos en un contexto m\u00e1s social. Esta experiencia completa y enriquecedora les permite a los estudiantes tener una visi\u00f3n m\u00e1s amplia de la profesi\u00f3n, ya que han estado trabajando en ella durante casi cinco a\u00f1os. Para los tutores, es muy gratificante ver a los alumnos de primer a\u00f1o desarroll\u00e1ndose y atendiendo a los pacientes por s\u00ed mismos. Adem\u00e1s, para Roos, quien est\u00e1 acostumbrada a trabajar en el \u00e1mbito deportivo y de la cultura, volver a atender pacientes y experimentar la kinesiolog\u00eda en estos espacios representa una experiencia valiosa y un cambio de enfoque.<\/p>\n\n\n\n<p>En cuanto a las atenciones brindadas, el enfoque principal ha sido en la rehabilitaci\u00f3n de patolog\u00edas musculoesquel\u00e9ticas, incluyendo diversas afecciones degenerativas. Tambi\u00e9n se ha tenido la oportunidad de atender a ni\u00f1os en el \u00e1rea cardiorrespiratoria, especialmente en esta \u00e9poca de invierno, cuando la demanda es mayor. La diversidad de casos atendidos ha sido intensa y variada, lo que ha hecho que la experiencia sea muy entretenida para los participantes.<\/p>\n\n\n\n<figure class=\"wp-block-image aligncenter size-large\"><a href=\"https:\/\/medicina.udd.cl\/kinesiologia-santiago\/files\/2023\/07\/fm-voluntariado-sonrie-llay-llay-julio-23-93-scaled.jpg\"><img loading=\"lazy\" decoding=\"async\" width=\"1024\" height=\"683\" src=\"https:\/\/medicina.udd.cl\/kinesiologia-santiago\/files\/2023\/07\/fm-voluntariado-sonrie-llay-llay-julio-23-93-1024x683.jpg\" alt=\"\" class=\"wp-image-5984\" srcset=\"https:\/\/medicina.udd.cl\/kinesiologia-santiago\/files\/2023\/07\/fm-voluntariado-sonrie-llay-llay-julio-23-93-1024x683.jpg 1024w, https:\/\/medicina.udd.cl\/kinesiologia-santiago\/files\/2023\/07\/fm-voluntariado-sonrie-llay-llay-julio-23-93-300x200.jpg 300w, https:\/\/medicina.udd.cl\/kinesiologia-santiago\/files\/2023\/07\/fm-voluntariado-sonrie-llay-llay-julio-23-93-768x512.jpg 768w, https:\/\/medicina.udd.cl\/kinesiologia-santiago\/files\/2023\/07\/fm-voluntariado-sonrie-llay-llay-julio-23-93-1536x1024.jpg 1536w, https:\/\/medicina.udd.cl\/kinesiologia-santiago\/files\/2023\/07\/fm-voluntariado-sonrie-llay-llay-julio-23-93-2048x1365.jpg 2048w\" sizes=\"auto, (max-width: 1024px) 100vw, 1024px\" \/><\/a><\/figure>\n","protected":false},"excerpt":{"rendered":"<p>Un grupo destacado de m\u00e1s de 100 estudiantes de las nueve carreras de la Facultad de Medicina Cl\u00ednica Alemana de la Universidad del Desarrollo, decidi\u00f3 dedicar su tiempo de vacaciones de invierno a una noble causa. Participaron activamente en el programa de voluntariado Sonr\u00ede UDD, llevado a cabo en la comuna de Llay Llay, ubicada [&hellip;]<\/p>\n","protected":false},"author":9192219,"featured_media":5984,"comment_status":"closed","ping_status":"open","sticky":false,"template":"","format":"standard","meta":{"footnotes":""},"categories":[4],"tags":[],"class_list":["post-5980","post","type-post","status-publish","format-standard","has-post-thumbnail","hentry","category-noticias"],"yoast_head":"<!-- This site is optimized with the Yoast SEO plugin v26.9 - https:\/\/yoast.com\/product\/yoast-seo-wordpress\/ -->\n<title>Estudiantes de la Facultad de Medicina brindan atenci\u00f3n m\u00e9dica y sonrisas en Llay Llay durante las vacaciones de invierno - Kinesiolog\u00eda<\/title>\n<meta name=\"robots\" content=\"index, follow, max-snippet:-1, max-image-preview:large, max-video-preview:-1\" \/>\n<link rel=\"canonical\" href=\"https:\/\/medicina.udd.cl\/kinesiologia-santiago\/noticias\/2023\/07\/18\/estudiantes-de-la-facultad-de-medicina-brindan-atencion-medica-y-sonrisas-en-llay-llay-durante-las-vacaciones-de-invierno\/\" \/>\n<meta property=\"og:locale\" content=\"es_ES\" \/>\n<meta property=\"og:type\" content=\"article\" \/>\n<meta property=\"og:title\" content=\"Estudiantes de la Facultad de Medicina brindan atenci\u00f3n m\u00e9dica y sonrisas en Llay Llay durante las vacaciones de invierno - Kinesiolog\u00eda\" \/>\n<meta property=\"og:description\" content=\"Un grupo destacado de m\u00e1s de 100 estudiantes de las nueve carreras de la Facultad de Medicina Cl\u00ednica Alemana de la Universidad del Desarrollo, decidi\u00f3 dedicar su tiempo de vacaciones de invierno a una noble causa. Participaron activamente en el programa de voluntariado Sonr\u00ede UDD, llevado a cabo en la comuna de Llay Llay, ubicada [&hellip;]\" \/>\n<meta property=\"og:url\" content=\"https:\/\/medicina.udd.cl\/kinesiologia-santiago\/noticias\/2023\/07\/18\/estudiantes-de-la-facultad-de-medicina-brindan-atencion-medica-y-sonrisas-en-llay-llay-durante-las-vacaciones-de-invierno\/\" \/>\n<meta property=\"og:site_name\" content=\"Kinesiolog\u00eda\" \/>\n<meta property=\"article:published_time\" content=\"2023-07-18T16:27:00+00:00\" \/>\n<meta property=\"article:modified_time\" content=\"2023-07-20T16:33:54+00:00\" \/>\n<meta property=\"og:image\" content=\"https:\/\/medicina.udd.cl\/kinesiologia-santiago\/files\/2023\/07\/fm-voluntariado-sonrie-llay-llay-julio-23-93-scaled.jpg\" \/>\n\t<meta property=\"og:image:width\" content=\"2560\" \/>\n\t<meta property=\"og:image:height\" content=\"1707\" \/>\n\t<meta property=\"og:image:type\" content=\"image\/jpeg\" \/>\n<meta name=\"author\" content=\"rbraidy\" \/>\n<meta name=\"twitter:label1\" content=\"Escrito por\" \/>\n\t<meta name=\"twitter:data1\" content=\"rbraidy\" \/>\n\t<meta name=\"twitter:label2\" content=\"Tiempo de lectura\" \/>\n\t<meta name=\"twitter:data2\" content=\"3 minutos\" \/>\n<script type=\"application\/ld+json\" class=\"yoast-schema-graph\">{\"@context\":\"https:\/\/schema.org\",\"@graph\":[{\"@type\":\"Article\",\"@id\":\"https:\/\/medicina.udd.cl\/kinesiologia-santiago\/noticias\/2023\/07\/18\/estudiantes-de-la-facultad-de-medicina-brindan-atencion-medica-y-sonrisas-en-llay-llay-durante-las-vacaciones-de-invierno\/#article\",\"isPartOf\":{\"@id\":\"https:\/\/medicina.udd.cl\/kinesiologia-santiago\/noticias\/2023\/07\/18\/estudiantes-de-la-facultad-de-medicina-brindan-atencion-medica-y-sonrisas-en-llay-llay-durante-las-vacaciones-de-invierno\/\"},\"author\":{\"name\":\"rbraidy\",\"@id\":\"https:\/\/medicina.udd.cl\/kinesiologia-santiago\/#\/schema\/person\/dbc3705bf3a93e8be1ba6de0ef950341\"},\"headline\":\"Estudiantes de la Facultad de Medicina brindan atenci\u00f3n m\u00e9dica y sonrisas en Llay Llay durante las vacaciones de invierno\",\"datePublished\":\"2023-07-18T16:27:00+00:00\",\"dateModified\":\"2023-07-20T16:33:54+00:00\",\"mainEntityOfPage\":{\"@id\":\"https:\/\/medicina.udd.cl\/kinesiologia-santiago\/noticias\/2023\/07\/18\/estudiantes-de-la-facultad-de-medicina-brindan-atencion-medica-y-sonrisas-en-llay-llay-durante-las-vacaciones-de-invierno\/\"},\"wordCount\":440,\"image\":{\"@id\":\"https:\/\/medicina.udd.cl\/kinesiologia-santiago\/noticias\/2023\/07\/18\/estudiantes-de-la-facultad-de-medicina-brindan-atencion-medica-y-sonrisas-en-llay-llay-durante-las-vacaciones-de-invierno\/#primaryimage\"},\"thumbnailUrl\":\"https:\/\/medicina.udd.cl\/kinesiologia-santiago\/files\/2023\/07\/fm-voluntariado-sonrie-llay-llay-julio-23-93-scaled.jpg\",\"articleSection\":[\"Noticias\"],\"inLanguage\":\"es\"},{\"@type\":\"WebPage\",\"@id\":\"https:\/\/medicina.udd.cl\/kinesiologia-santiago\/noticias\/2023\/07\/18\/estudiantes-de-la-facultad-de-medicina-brindan-atencion-medica-y-sonrisas-en-llay-llay-durante-las-vacaciones-de-invierno\/\",\"url\":\"https:\/\/medicina.udd.cl\/kinesiologia-santiago\/noticias\/2023\/07\/18\/estudiantes-de-la-facultad-de-medicina-brindan-atencion-medica-y-sonrisas-en-llay-llay-durante-las-vacaciones-de-invierno\/\",\"name\":\"Estudiantes de la Facultad de Medicina brindan atenci\u00f3n m\u00e9dica y sonrisas en Llay Llay durante las vacaciones de invierno - Kinesiolog\u00eda\",\"isPartOf\":{\"@id\":\"https:\/\/medicina.udd.cl\/kinesiologia-santiago\/#website\"},\"primaryImageOfPage\":{\"@id\":\"https:\/\/medicina.udd.cl\/kinesiologia-santiago\/noticias\/2023\/07\/18\/estudiantes-de-la-facultad-de-medicina-brindan-atencion-medica-y-sonrisas-en-llay-llay-durante-las-vacaciones-de-invierno\/#primaryimage\"},\"image\":{\"@id\":\"https:\/\/medicina.udd.cl\/kinesiologia-santiago\/noticias\/2023\/07\/18\/estudiantes-de-la-facultad-de-medicina-brindan-atencion-medica-y-sonrisas-en-llay-llay-durante-las-vacaciones-de-invierno\/#primaryimage\"},\"thumbnailUrl\":\"https:\/\/medicina.udd.cl\/kinesiologia-santiago\/files\/2023\/07\/fm-voluntariado-sonrie-llay-llay-julio-23-93-scaled.jpg\",\"datePublished\":\"2023-07-18T16:27:00+00:00\",\"dateModified\":\"2023-07-20T16:33:54+00:00\",\"author\":{\"@id\":\"https:\/\/medicina.udd.cl\/kinesiologia-santiago\/#\/schema\/person\/dbc3705bf3a93e8be1ba6de0ef950341\"},\"breadcrumb\":{\"@id\":\"https:\/\/medicina.udd.cl\/kinesiologia-santiago\/noticias\/2023\/07\/18\/estudiantes-de-la-facultad-de-medicina-brindan-atencion-medica-y-sonrisas-en-llay-llay-durante-las-vacaciones-de-invierno\/#breadcrumb\"},\"inLanguage\":\"es\",\"potentialAction\":[{\"@type\":\"ReadAction\",\"target\":[\"https:\/\/medicina.udd.cl\/kinesiologia-santiago\/noticias\/2023\/07\/18\/estudiantes-de-la-facultad-de-medicina-brindan-atencion-medica-y-sonrisas-en-llay-llay-durante-las-vacaciones-de-invierno\/\"]}]},{\"@type\":\"ImageObject\",\"inLanguage\":\"es\",\"@id\":\"https:\/\/medicina.udd.cl\/kinesiologia-santiago\/noticias\/2023\/07\/18\/estudiantes-de-la-facultad-de-medicina-brindan-atencion-medica-y-sonrisas-en-llay-llay-durante-las-vacaciones-de-invierno\/#primaryimage\",\"url\":\"https:\/\/medicina.udd.cl\/kinesiologia-santiago\/files\/2023\/07\/fm-voluntariado-sonrie-llay-llay-julio-23-93-scaled.jpg\",\"contentUrl\":\"https:\/\/medicina.udd.cl\/kinesiologia-santiago\/files\/2023\/07\/fm-voluntariado-sonrie-llay-llay-julio-23-93-scaled.jpg\",\"width\":2560,\"height\":1707},{\"@type\":\"BreadcrumbList\",\"@id\":\"https:\/\/medicina.udd.cl\/kinesiologia-santiago\/noticias\/2023\/07\/18\/estudiantes-de-la-facultad-de-medicina-brindan-atencion-medica-y-sonrisas-en-llay-llay-durante-las-vacaciones-de-invierno\/#breadcrumb\",\"itemListElement\":[{\"@type\":\"ListItem\",\"position\":1,\"name\":\"Home\",\"item\":\"https:\/\/medicina.udd.cl\/kinesiologia-santiago\/\"},{\"@type\":\"ListItem\",\"position\":2,\"name\":\"Estudiantes de la Facultad de Medicina brindan atenci\u00f3n m\u00e9dica y sonrisas en Llay Llay durante las vacaciones de invierno\"}]},{\"@type\":\"WebSite\",\"@id\":\"https:\/\/medicina.udd.cl\/kinesiologia-santiago\/#website\",\"url\":\"https:\/\/medicina.udd.cl\/kinesiologia-santiago\/\",\"name\":\"Kinesiolog\u00eda\",\"description\":\"Facultad de Medicina Cl\u00ednica Alemana Universidad del Desarrollo\",\"inLanguage\":\"es\"},{\"@type\":\"Person\",\"@id\":\"https:\/\/medicina.udd.cl\/kinesiologia-santiago\/#\/schema\/person\/dbc3705bf3a93e8be1ba6de0ef950341\",\"name\":\"rbraidy\",\"image\":{\"@type\":\"ImageObject\",\"inLanguage\":\"es\",\"@id\":\"https:\/\/medicina.udd.cl\/kinesiologia-santiago\/#\/schema\/person\/image\/\",\"url\":\"https:\/\/secure.gravatar.com\/avatar\/0f8bc94637401590e45d2ce17eb65c274cb8870a219de6177f3f23e63fd8cdf3?s=96&d=mm&r=g\",\"contentUrl\":\"https:\/\/secure.gravatar.com\/avatar\/0f8bc94637401590e45d2ce17eb65c274cb8870a219de6177f3f23e63fd8cdf3?s=96&d=mm&r=g\",\"caption\":\"rbraidy\"},\"url\":\"https:\/\/medicina.udd.cl\/kinesiologia-santiago\/noticias\/author\/rbraidy\/\"}]}<\/script>\n<!-- \/ Yoast SEO plugin. -->","yoast_head_json":{"title":"Estudiantes de la Facultad de Medicina brindan atenci\u00f3n m\u00e9dica y sonrisas en Llay Llay durante las vacaciones de invierno - Kinesiolog\u00eda","robots":{"index":"index","follow":"follow","max-snippet":"max-snippet:-1","max-image-preview":"max-image-preview:large","max-video-preview":"max-video-preview:-1"},"canonical":"https:\/\/medicina.udd.cl\/kinesiologia-santiago\/noticias\/2023\/07\/18\/estudiantes-de-la-facultad-de-medicina-brindan-atencion-medica-y-sonrisas-en-llay-llay-durante-las-vacaciones-de-invierno\/","og_locale":"es_ES","og_type":"article","og_title":"Estudiantes de la Facultad de Medicina brindan atenci\u00f3n m\u00e9dica y sonrisas en Llay Llay durante las vacaciones de invierno - Kinesiolog\u00eda","og_description":"Un grupo destacado de m\u00e1s de 100 estudiantes de las nueve carreras de la Facultad de Medicina Cl\u00ednica Alemana de la Universidad del Desarrollo, decidi\u00f3 dedicar su tiempo de vacaciones de invierno a una noble causa. Participaron activamente en el programa de voluntariado Sonr\u00ede UDD, llevado a cabo en la comuna de Llay Llay, ubicada [&hellip;]","og_url":"https:\/\/medicina.udd.cl\/kinesiologia-santiago\/noticias\/2023\/07\/18\/estudiantes-de-la-facultad-de-medicina-brindan-atencion-medica-y-sonrisas-en-llay-llay-durante-las-vacaciones-de-invierno\/","og_site_name":"Kinesiolog\u00eda","article_published_time":"2023-07-18T16:27:00+00:00","article_modified_time":"2023-07-20T16:33:54+00:00","og_image":[{"width":2560,"height":1707,"url":"https:\/\/medicina.udd.cl\/kinesiologia-santiago\/files\/2023\/07\/fm-voluntariado-sonrie-llay-llay-julio-23-93-scaled.jpg","type":"image\/jpeg"}],"author":"rbraidy","twitter_misc":{"Escrito por":"rbraidy","Tiempo de lectura":"3 minutos"},"schema":{"@context":"https:\/\/schema.org","@graph":[{"@type":"Article","@id":"https:\/\/medicina.udd.cl\/kinesiologia-santiago\/noticias\/2023\/07\/18\/estudiantes-de-la-facultad-de-medicina-brindan-atencion-medica-y-sonrisas-en-llay-llay-durante-las-vacaciones-de-invierno\/#article","isPartOf":{"@id":"https:\/\/medicina.udd.cl\/kinesiologia-santiago\/noticias\/2023\/07\/18\/estudiantes-de-la-facultad-de-medicina-brindan-atencion-medica-y-sonrisas-en-llay-llay-durante-las-vacaciones-de-invierno\/"},"author":{"name":"rbraidy","@id":"https:\/\/medicina.udd.cl\/kinesiologia-santiago\/#\/schema\/person\/dbc3705bf3a93e8be1ba6de0ef950341"},"headline":"Estudiantes de la Facultad de Medicina brindan atenci\u00f3n m\u00e9dica y sonrisas en Llay Llay durante las vacaciones de invierno","datePublished":"2023-07-18T16:27:00+00:00","dateModified":"2023-07-20T16:33:54+00:00","mainEntityOfPage":{"@id":"https:\/\/medicina.udd.cl\/kinesiologia-santiago\/noticias\/2023\/07\/18\/estudiantes-de-la-facultad-de-medicina-brindan-atencion-medica-y-sonrisas-en-llay-llay-durante-las-vacaciones-de-invierno\/"},"wordCount":440,"image":{"@id":"https:\/\/medicina.udd.cl\/kinesiologia-santiago\/noticias\/2023\/07\/18\/estudiantes-de-la-facultad-de-medicina-brindan-atencion-medica-y-sonrisas-en-llay-llay-durante-las-vacaciones-de-invierno\/#primaryimage"},"thumbnailUrl":"https:\/\/medicina.udd.cl\/kinesiologia-santiago\/files\/2023\/07\/fm-voluntariado-sonrie-llay-llay-julio-23-93-scaled.jpg","articleSection":["Noticias"],"inLanguage":"es"},{"@type":"WebPage","@id":"https:\/\/medicina.udd.cl\/kinesiologia-santiago\/noticias\/2023\/07\/18\/estudiantes-de-la-facultad-de-medicina-brindan-atencion-medica-y-sonrisas-en-llay-llay-durante-las-vacaciones-de-invierno\/","url":"https:\/\/medicina.udd.cl\/kinesiologia-santiago\/noticias\/2023\/07\/18\/estudiantes-de-la-facultad-de-medicina-brindan-atencion-medica-y-sonrisas-en-llay-llay-durante-las-vacaciones-de-invierno\/","name":"Estudiantes de la Facultad de Medicina brindan atenci\u00f3n m\u00e9dica y sonrisas en Llay Llay durante las vacaciones de invierno - Kinesiolog\u00eda","isPartOf":{"@id":"https:\/\/medicina.udd.cl\/kinesiologia-santiago\/#website"},"primaryImageOfPage":{"@id":"https:\/\/medicina.udd.cl\/kinesiologia-santiago\/noticias\/2023\/07\/18\/estudiantes-de-la-facultad-de-medicina-brindan-atencion-medica-y-sonrisas-en-llay-llay-durante-las-vacaciones-de-invierno\/#primaryimage"},"image":{"@id":"https:\/\/medicina.udd.cl\/kinesiologia-santiago\/noticias\/2023\/07\/18\/estudiantes-de-la-facultad-de-medicina-brindan-atencion-medica-y-sonrisas-en-llay-llay-durante-las-vacaciones-de-invierno\/#primaryimage"},"thumbnailUrl":"https:\/\/medicina.udd.cl\/kinesiologia-santiago\/files\/2023\/07\/fm-voluntariado-sonrie-llay-llay-julio-23-93-scaled.jpg","datePublished":"2023-07-18T16:27:00+00:00","dateModified":"2023-07-20T16:33:54+00:00","author":{"@id":"https:\/\/medicina.udd.cl\/kinesiologia-santiago\/#\/schema\/person\/dbc3705bf3a93e8be1ba6de0ef950341"},"breadcrumb":{"@id":"https:\/\/medicina.udd.cl\/kinesiologia-santiago\/noticias\/2023\/07\/18\/estudiantes-de-la-facultad-de-medicina-brindan-atencion-medica-y-sonrisas-en-llay-llay-durante-las-vacaciones-de-invierno\/#breadcrumb"},"inLanguage":"es","potentialAction":[{"@type":"ReadAction","target":["https:\/\/medicina.udd.cl\/kinesiologia-santiago\/noticias\/2023\/07\/18\/estudiantes-de-la-facultad-de-medicina-brindan-atencion-medica-y-sonrisas-en-llay-llay-durante-las-vacaciones-de-invierno\/"]}]},{"@type":"ImageObject","inLanguage":"es","@id":"https:\/\/medicina.udd.cl\/kinesiologia-santiago\/noticias\/2023\/07\/18\/estudiantes-de-la-facultad-de-medicina-brindan-atencion-medica-y-sonrisas-en-llay-llay-durante-las-vacaciones-de-invierno\/#primaryimage","url":"https:\/\/medicina.udd.cl\/kinesiologia-santiago\/files\/2023\/07\/fm-voluntariado-sonrie-llay-llay-julio-23-93-scaled.jpg","contentUrl":"https:\/\/medicina.udd.cl\/kinesiologia-santiago\/files\/2023\/07\/fm-voluntariado-sonrie-llay-llay-julio-23-93-scaled.jpg","width":2560,"height":1707},{"@type":"BreadcrumbList","@id":"https:\/\/medicina.udd.cl\/kinesiologia-santiago\/noticias\/2023\/07\/18\/estudiantes-de-la-facultad-de-medicina-brindan-atencion-medica-y-sonrisas-en-llay-llay-durante-las-vacaciones-de-invierno\/#breadcrumb","itemListElement":[{"@type":"ListItem","position":1,"name":"Home","item":"https:\/\/medicina.udd.cl\/kinesiologia-santiago\/"},{"@type":"ListItem","position":2,"name":"Estudiantes de la Facultad de Medicina brindan atenci\u00f3n m\u00e9dica y sonrisas en Llay Llay durante las vacaciones de invierno"}]},{"@type":"WebSite","@id":"https:\/\/medicina.udd.cl\/kinesiologia-santiago\/#website","url":"https:\/\/medicina.udd.cl\/kinesiologia-santiago\/","name":"Kinesiolog\u00eda","description":"Facultad de Medicina Cl\u00ednica Alemana Universidad del Desarrollo","inLanguage":"es"},{"@type":"Person","@id":"https:\/\/medicina.udd.cl\/kinesiologia-santiago\/#\/schema\/person\/dbc3705bf3a93e8be1ba6de0ef950341","name":"rbraidy","image":{"@type":"ImageObject","inLanguage":"es","@id":"https:\/\/medicina.udd.cl\/kinesiologia-santiago\/#\/schema\/person\/image\/","url":"https:\/\/secure.gravatar.com\/avatar\/0f8bc94637401590e45d2ce17eb65c274cb8870a219de6177f3f23e63fd8cdf3?s=96&d=mm&r=g","contentUrl":"https:\/\/secure.gravatar.com\/avatar\/0f8bc94637401590e45d2ce17eb65c274cb8870a219de6177f3f23e63fd8cdf3?s=96&d=mm&r=g","caption":"rbraidy"},"url":"https:\/\/medicina.udd.cl\/kinesiologia-santiago\/noticias\/author\/rbraidy\/"}]}},"featured_image_url":"https:\/\/medicina.udd.cl\/kinesiologia-santiago\/files\/2023\/07\/fm-voluntariado-sonrie-llay-llay-julio-23-93-scaled.jpg","_links":{"self":[{"href":"https:\/\/medicina.udd.cl\/kinesiologia-santiago\/wp-json\/wp\/v2\/posts\/5980","targetHints":{"allow":["GET"]}}],"collection":[{"href":"https:\/\/medicina.udd.cl\/kinesiologia-santiago\/wp-json\/wp\/v2\/posts"}],"about":[{"href":"https:\/\/medicina.udd.cl\/kinesiologia-santiago\/wp-json\/wp\/v2\/types\/post"}],"author":[{"embeddable":true,"href":"https:\/\/medicina.udd.cl\/kinesiologia-santiago\/wp-json\/wp\/v2\/users\/9192219"}],"replies":[{"embeddable":true,"href":"https:\/\/medicina.udd.cl\/kinesiologia-santiago\/wp-json\/wp\/v2\/comments?post=5980"}],"version-history":[{"count":1,"href":"https:\/\/medicina.udd.cl\/kinesiologia-santiago\/wp-json\/wp\/v2\/posts\/5980\/revisions"}],"predecessor-version":[{"id":5986,"href":"https:\/\/medicina.udd.cl\/kinesiologia-santiago\/wp-json\/wp\/v2\/posts\/5980\/revisions\/5986"}],"wp:featuredmedia":[{"embeddable":true,"href":"https:\/\/medicina.udd.cl\/kinesiologia-santiago\/wp-json\/wp\/v2\/media\/5984"}],"wp:attachment":[{"href":"https:\/\/medicina.udd.cl\/kinesiologia-santiago\/wp-json\/wp\/v2\/media?parent=5980"}],"wp:term":[{"taxonomy":"category","embeddable":true,"href":"https:\/\/medicina.udd.cl\/kinesiologia-santiago\/wp-json\/wp\/v2\/categories?post=5980"},{"taxonomy":"post_tag","embeddable":true,"href":"https:\/\/medicina.udd.cl\/kinesiologia-santiago\/wp-json\/wp\/v2\/tags?post=5980"}],"curies":[{"name":"wp","href":"https:\/\/api.w.org\/{rel}","templated":true}]}}