{"id":5987,"date":"2023-08-17T16:01:32","date_gmt":"2023-08-17T20:01:32","guid":{"rendered":"https:\/\/medicina.udd.cl\/kinesiologia-santiago\/?p=5987"},"modified":"2023-08-18T09:49:12","modified_gmt":"2023-08-18T13:49:12","slug":"inaugurado-el-magister-en-terapia-fisica-y-rehabilitacion-2023","status":"publish","type":"post","link":"https:\/\/medicina.udd.cl\/kinesiologia-santiago\/noticias\/2023\/08\/17\/inaugurado-el-magister-en-terapia-fisica-y-rehabilitacion-2023\/","title":{"rendered":"Inaugurado el Mag\u00edster en Terapia F\u00edsica y Rehabilitaci\u00f3n 2023"},"content":{"rendered":"\n<figure class=\"wp-block-image aligncenter size-large\"><a href=\"https:\/\/medicina.udd.cl\/kinesiologia-santiago\/files\/2023\/08\/kine-inauguracion-maki-2023-44-scaled.jpg\"><img loading=\"lazy\" decoding=\"async\" width=\"1024\" height=\"683\" src=\"https:\/\/medicina.udd.cl\/kinesiologia-santiago\/files\/2023\/08\/kine-inauguracion-maki-2023-44-1024x683.jpg\" alt=\"\" class=\"wp-image-6001\" srcset=\"https:\/\/medicina.udd.cl\/kinesiologia-santiago\/files\/2023\/08\/kine-inauguracion-maki-2023-44-1024x683.jpg 1024w, https:\/\/medicina.udd.cl\/kinesiologia-santiago\/files\/2023\/08\/kine-inauguracion-maki-2023-44-300x200.jpg 300w, https:\/\/medicina.udd.cl\/kinesiologia-santiago\/files\/2023\/08\/kine-inauguracion-maki-2023-44-768x512.jpg 768w, https:\/\/medicina.udd.cl\/kinesiologia-santiago\/files\/2023\/08\/kine-inauguracion-maki-2023-44-1536x1024.jpg 1536w, https:\/\/medicina.udd.cl\/kinesiologia-santiago\/files\/2023\/08\/kine-inauguracion-maki-2023-44-2048x1365.jpg 2048w\" sizes=\"auto, (max-width: 1024px) 100vw, 1024px\" \/><\/a><\/figure>\n\n\n\n<p>El pasado mi\u00e9rcoles 02 de agosto se llev\u00f3 a cabo la inauguraci\u00f3n oficial de la sexta edici\u00f3n del Mag\u00edster en Terapia F\u00edsica y Rehabilitaci\u00f3n (MAKI), evento que cont\u00f3 con la presencia de destacadas personalidades acad\u00e9micas y profesionales de la salud.<\/p>\n\n\n\n<p>La ceremonia inici\u00f3 con unas palabras de bienvenida por parte del Sr. Ernesto Silva, prorrector y vicerrector de Postgrado, Educaci\u00f3n Continua y Extensi\u00f3n UDD, junto a la Dra. Marcela Castillo y la Dra. Liliana Jadue, decana y vicedecana de la Facultad de Medicina, respectivamente. Tambi\u00e9n se cont\u00f3 con la participaci\u00f3n del director de la carrera de Kinesiolog\u00eda UDD, Klgo. Jorge Molina, y diversos acad\u00e9micos del programa.<\/p>\n\n\n\n<p>Este Mag\u00edster en Terapia F\u00edsica y Rehabilitaci\u00f3n, reconocido como uno de los programas m\u00e1s consolidados en su \u00e1rea, recibi\u00f3 a 12 nuevos estudiantes en esta edici\u00f3n. Durante la ceremonia, el director del MAKI, Klgo. Jaime Leppe, comparti\u00f3 sus impresiones sobre la evoluci\u00f3n y \u00e9xito del programa<em>. \u00abEstamos en una fase de madurez, con varias ediciones implementadas. Contamos con estudiantes que conf\u00edan en nosotros, algunos provenientes de otras universidades e incluso profesionales que son docentes en otras instituciones y desean formarse con nosotros y colaborar con nuestro programa. Adem\u00e1s, nos enorgullece ser un programa acreditado por la CNA por cuatro a\u00f1os, siendo uno de los pocos programas del \u00e1rea acreditados en el pa\u00eds. La comunidad cient\u00edfica ha valorado nuestros aportes y ahora nos preparamos para dar un paso adelante, enfoc\u00e1ndonos en la traslaci\u00f3n del conocimiento y la innovaci\u00f3n, llevando el Mag\u00edster en Terapia F\u00edsica y Rehabilitaci\u00f3n (MAKI) hacia nuevos niveles de desarrollo, contribuyendo as\u00ed a la sociedad a trav\u00e9s de la transferencia del saber a un hacer\u00bb<\/em>, destac\u00f3 Leppe.\u00a0<\/p>\n\n\n\n<p>El \u00abMAKI\u00bb se ha convertido en un referente en la formaci\u00f3n en terapia f\u00edsica y rehabilitaci\u00f3n, atrayendo a estudiantes y profesionales comprometidos con la mejora de la calidad de vida de las personas y el desarrollo de la disciplina con una visi\u00f3n centrada en la soluci\u00f3n de problemas profesionales que generen un impacto social. Esta nueva edici\u00f3n promete seguir impulsando la excelencia en la formaci\u00f3n de los kinesi\u00f3logos.<\/p>\n\n\n\n<p>De esta manera, la Universidad del Desarrollo reafirma su compromiso con la educaci\u00f3n de calidad, la promoci\u00f3n de la globalizaci\u00f3n e investigaci\u00f3n en el \u00e1mbito de la salud, y la formaci\u00f3n de profesionales altamente capacitados para enfrentar los desaf\u00edos actuales y futuros en el campo de la terapia f\u00edsica y rehabilitaci\u00f3n.<\/p>\n\n\n\n<figure class=\"wp-block-gallery has-nested-images columns-default is-cropped wp-block-gallery-1 is-layout-flex wp-block-gallery-is-layout-flex\">\n<figure class=\"wp-block-image size-large\"><a href=\"https:\/\/medicina.udd.cl\/kinesiologia-santiago\/files\/2023\/08\/kine-inauguracion-maki-2023-7-scaled.jpg\"><img loading=\"lazy\" decoding=\"async\" width=\"2560\" height=\"1707\" data-id=\"5990\" src=\"https:\/\/medicina.udd.cl\/kinesiologia-santiago\/files\/2023\/08\/kine-inauguracion-maki-2023-7-scaled.jpg\" alt=\"\" class=\"wp-image-5990\" srcset=\"https:\/\/medicina.udd.cl\/kinesiologia-santiago\/files\/2023\/08\/kine-inauguracion-maki-2023-7-scaled.jpg 2560w, https:\/\/medicina.udd.cl\/kinesiologia-santiago\/files\/2023\/08\/kine-inauguracion-maki-2023-7-300x200.jpg 300w, https:\/\/medicina.udd.cl\/kinesiologia-santiago\/files\/2023\/08\/kine-inauguracion-maki-2023-7-1024x683.jpg 1024w, https:\/\/medicina.udd.cl\/kinesiologia-santiago\/files\/2023\/08\/kine-inauguracion-maki-2023-7-768x512.jpg 768w, https:\/\/medicina.udd.cl\/kinesiologia-santiago\/files\/2023\/08\/kine-inauguracion-maki-2023-7-1536x1024.jpg 1536w, https:\/\/medicina.udd.cl\/kinesiologia-santiago\/files\/2023\/08\/kine-inauguracion-maki-2023-7-2048x1365.jpg 2048w\" sizes=\"auto, (max-width: 2560px) 100vw, 2560px\" \/><\/a><\/figure>\n\n\n\n<figure class=\"wp-block-image size-large\"><a href=\"https:\/\/medicina.udd.cl\/kinesiologia-santiago\/files\/2023\/08\/kine-inauguracion-maki-2023-11-scaled.jpg\"><img loading=\"lazy\" decoding=\"async\" width=\"2560\" height=\"1707\" data-id=\"5991\" src=\"https:\/\/medicina.udd.cl\/kinesiologia-santiago\/files\/2023\/08\/kine-inauguracion-maki-2023-11-scaled.jpg\" alt=\"\" class=\"wp-image-5991\" srcset=\"https:\/\/medicina.udd.cl\/kinesiologia-santiago\/files\/2023\/08\/kine-inauguracion-maki-2023-11-scaled.jpg 2560w, https:\/\/medicina.udd.cl\/kinesiologia-santiago\/files\/2023\/08\/kine-inauguracion-maki-2023-11-300x200.jpg 300w, https:\/\/medicina.udd.cl\/kinesiologia-santiago\/files\/2023\/08\/kine-inauguracion-maki-2023-11-1024x683.jpg 1024w, https:\/\/medicina.udd.cl\/kinesiologia-santiago\/files\/2023\/08\/kine-inauguracion-maki-2023-11-768x512.jpg 768w, https:\/\/medicina.udd.cl\/kinesiologia-santiago\/files\/2023\/08\/kine-inauguracion-maki-2023-11-1536x1024.jpg 1536w, https:\/\/medicina.udd.cl\/kinesiologia-santiago\/files\/2023\/08\/kine-inauguracion-maki-2023-11-2048x1365.jpg 2048w\" sizes=\"auto, (max-width: 2560px) 100vw, 2560px\" \/><\/a><\/figure>\n\n\n\n<figure class=\"wp-block-image size-large\"><a href=\"https:\/\/medicina.udd.cl\/kinesiologia-santiago\/files\/2023\/08\/kine-inauguracion-maki-2023-32-scaled.jpg\"><img loading=\"lazy\" decoding=\"async\" width=\"2560\" height=\"1903\" data-id=\"5997\" src=\"https:\/\/medicina.udd.cl\/kinesiologia-santiago\/files\/2023\/08\/kine-inauguracion-maki-2023-32-scaled.jpg\" alt=\"\" class=\"wp-image-5997\" srcset=\"https:\/\/medicina.udd.cl\/kinesiologia-santiago\/files\/2023\/08\/kine-inauguracion-maki-2023-32-scaled.jpg 2560w, https:\/\/medicina.udd.cl\/kinesiologia-santiago\/files\/2023\/08\/kine-inauguracion-maki-2023-32-300x223.jpg 300w, https:\/\/medicina.udd.cl\/kinesiologia-santiago\/files\/2023\/08\/kine-inauguracion-maki-2023-32-1024x761.jpg 1024w, https:\/\/medicina.udd.cl\/kinesiologia-santiago\/files\/2023\/08\/kine-inauguracion-maki-2023-32-768x571.jpg 768w, https:\/\/medicina.udd.cl\/kinesiologia-santiago\/files\/2023\/08\/kine-inauguracion-maki-2023-32-1536x1142.jpg 1536w, https:\/\/medicina.udd.cl\/kinesiologia-santiago\/files\/2023\/08\/kine-inauguracion-maki-2023-32-2048x1522.jpg 2048w\" sizes=\"auto, (max-width: 2560px) 100vw, 2560px\" \/><\/a><\/figure>\n\n\n\n<figure class=\"wp-block-image size-large\"><a href=\"https:\/\/medicina.udd.cl\/kinesiologia-santiago\/files\/2023\/08\/kine-inauguracion-maki-2023-38-scaled.jpg\"><img loading=\"lazy\" decoding=\"async\" width=\"2560\" height=\"1707\" data-id=\"5999\" src=\"https:\/\/medicina.udd.cl\/kinesiologia-santiago\/files\/2023\/08\/kine-inauguracion-maki-2023-38-scaled.jpg\" alt=\"\" class=\"wp-image-5999\" srcset=\"https:\/\/medicina.udd.cl\/kinesiologia-santiago\/files\/2023\/08\/kine-inauguracion-maki-2023-38-scaled.jpg 2560w, https:\/\/medicina.udd.cl\/kinesiologia-santiago\/files\/2023\/08\/kine-inauguracion-maki-2023-38-300x200.jpg 300w, https:\/\/medicina.udd.cl\/kinesiologia-santiago\/files\/2023\/08\/kine-inauguracion-maki-2023-38-1024x683.jpg 1024w, https:\/\/medicina.udd.cl\/kinesiologia-santiago\/files\/2023\/08\/kine-inauguracion-maki-2023-38-768x512.jpg 768w, https:\/\/medicina.udd.cl\/kinesiologia-santiago\/files\/2023\/08\/kine-inauguracion-maki-2023-38-1536x1024.jpg 1536w, https:\/\/medicina.udd.cl\/kinesiologia-santiago\/files\/2023\/08\/kine-inauguracion-maki-2023-38-2048x1365.jpg 2048w\" sizes=\"auto, (max-width: 2560px) 100vw, 2560px\" \/><\/a><\/figure>\n\n\n\n<figure class=\"wp-block-image size-large\"><a href=\"https:\/\/medicina.udd.cl\/kinesiologia-santiago\/files\/2023\/08\/kine-inauguracion-maki-2023-4-scaled.jpg\"><img loading=\"lazy\" decoding=\"async\" width=\"2560\" height=\"1707\" data-id=\"5989\" src=\"https:\/\/medicina.udd.cl\/kinesiologia-santiago\/files\/2023\/08\/kine-inauguracion-maki-2023-4-scaled.jpg\" alt=\"\" class=\"wp-image-5989\" srcset=\"https:\/\/medicina.udd.cl\/kinesiologia-santiago\/files\/2023\/08\/kine-inauguracion-maki-2023-4-scaled.jpg 2560w, https:\/\/medicina.udd.cl\/kinesiologia-santiago\/files\/2023\/08\/kine-inauguracion-maki-2023-4-300x200.jpg 300w, https:\/\/medicina.udd.cl\/kinesiologia-santiago\/files\/2023\/08\/kine-inauguracion-maki-2023-4-1024x683.jpg 1024w, https:\/\/medicina.udd.cl\/kinesiologia-santiago\/files\/2023\/08\/kine-inauguracion-maki-2023-4-768x512.jpg 768w, https:\/\/medicina.udd.cl\/kinesiologia-santiago\/files\/2023\/08\/kine-inauguracion-maki-2023-4-1536x1024.jpg 1536w, https:\/\/medicina.udd.cl\/kinesiologia-santiago\/files\/2023\/08\/kine-inauguracion-maki-2023-4-2048x1365.jpg 2048w\" sizes=\"auto, (max-width: 2560px) 100vw, 2560px\" \/><\/a><\/figure>\n\n\n\n<figure class=\"wp-block-image size-large\"><a href=\"https:\/\/medicina.udd.cl\/kinesiologia-santiago\/files\/2023\/08\/kine-inauguracion-maki-2023-23-scaled.jpg\"><img loading=\"lazy\" decoding=\"async\" width=\"2560\" height=\"1707\" data-id=\"5995\" src=\"https:\/\/medicina.udd.cl\/kinesiologia-santiago\/files\/2023\/08\/kine-inauguracion-maki-2023-23-scaled.jpg\" alt=\"\" class=\"wp-image-5995\" srcset=\"https:\/\/medicina.udd.cl\/kinesiologia-santiago\/files\/2023\/08\/kine-inauguracion-maki-2023-23-scaled.jpg 2560w, https:\/\/medicina.udd.cl\/kinesiologia-santiago\/files\/2023\/08\/kine-inauguracion-maki-2023-23-300x200.jpg 300w, https:\/\/medicina.udd.cl\/kinesiologia-santiago\/files\/2023\/08\/kine-inauguracion-maki-2023-23-1024x683.jpg 1024w, https:\/\/medicina.udd.cl\/kinesiologia-santiago\/files\/2023\/08\/kine-inauguracion-maki-2023-23-768x512.jpg 768w, https:\/\/medicina.udd.cl\/kinesiologia-santiago\/files\/2023\/08\/kine-inauguracion-maki-2023-23-1536x1024.jpg 1536w, https:\/\/medicina.udd.cl\/kinesiologia-santiago\/files\/2023\/08\/kine-inauguracion-maki-2023-23-2048x1365.jpg 2048w\" sizes=\"auto, (max-width: 2560px) 100vw, 2560px\" \/><\/a><\/figure>\n\n\n\n<figure class=\"wp-block-image size-large\"><a href=\"https:\/\/medicina.udd.cl\/kinesiologia-santiago\/files\/2023\/08\/kine-inauguracion-maki-2023-30-scaled.jpg\"><img loading=\"lazy\" decoding=\"async\" width=\"2560\" height=\"1707\" data-id=\"5996\" src=\"https:\/\/medicina.udd.cl\/kinesiologia-santiago\/files\/2023\/08\/kine-inauguracion-maki-2023-30-scaled.jpg\" alt=\"\" class=\"wp-image-5996\" srcset=\"https:\/\/medicina.udd.cl\/kinesiologia-santiago\/files\/2023\/08\/kine-inauguracion-maki-2023-30-scaled.jpg 2560w, https:\/\/medicina.udd.cl\/kinesiologia-santiago\/files\/2023\/08\/kine-inauguracion-maki-2023-30-300x200.jpg 300w, https:\/\/medicina.udd.cl\/kinesiologia-santiago\/files\/2023\/08\/kine-inauguracion-maki-2023-30-1024x683.jpg 1024w, https:\/\/medicina.udd.cl\/kinesiologia-santiago\/files\/2023\/08\/kine-inauguracion-maki-2023-30-768x512.jpg 768w, https:\/\/medicina.udd.cl\/kinesiologia-santiago\/files\/2023\/08\/kine-inauguracion-maki-2023-30-1536x1024.jpg 1536w, https:\/\/medicina.udd.cl\/kinesiologia-santiago\/files\/2023\/08\/kine-inauguracion-maki-2023-30-2048x1365.jpg 2048w\" sizes=\"auto, (max-width: 2560px) 100vw, 2560px\" \/><\/a><\/figure>\n\n\n\n<figure class=\"wp-block-image size-large\"><a href=\"https:\/\/medicina.udd.cl\/kinesiologia-santiago\/files\/2023\/08\/kine-inauguracion-maki-2023-20-scaled.jpg\"><img loading=\"lazy\" decoding=\"async\" width=\"2560\" height=\"1707\" data-id=\"5994\" src=\"https:\/\/medicina.udd.cl\/kinesiologia-santiago\/files\/2023\/08\/kine-inauguracion-maki-2023-20-scaled.jpg\" alt=\"\" class=\"wp-image-5994\" srcset=\"https:\/\/medicina.udd.cl\/kinesiologia-santiago\/files\/2023\/08\/kine-inauguracion-maki-2023-20-scaled.jpg 2560w, https:\/\/medicina.udd.cl\/kinesiologia-santiago\/files\/2023\/08\/kine-inauguracion-maki-2023-20-300x200.jpg 300w, https:\/\/medicina.udd.cl\/kinesiologia-santiago\/files\/2023\/08\/kine-inauguracion-maki-2023-20-1024x683.jpg 1024w, https:\/\/medicina.udd.cl\/kinesiologia-santiago\/files\/2023\/08\/kine-inauguracion-maki-2023-20-768x512.jpg 768w, https:\/\/medicina.udd.cl\/kinesiologia-santiago\/files\/2023\/08\/kine-inauguracion-maki-2023-20-1536x1024.jpg 1536w, https:\/\/medicina.udd.cl\/kinesiologia-santiago\/files\/2023\/08\/kine-inauguracion-maki-2023-20-2048x1365.jpg 2048w\" sizes=\"auto, (max-width: 2560px) 100vw, 2560px\" \/><\/a><\/figure>\n\n\n\n<figure class=\"wp-block-image size-large\"><a href=\"https:\/\/medicina.udd.cl\/kinesiologia-santiago\/files\/2023\/08\/kine-inauguracion-maki-2023-14-scaled.jpg\"><img loading=\"lazy\" decoding=\"async\" width=\"2560\" height=\"2089\" data-id=\"5993\" src=\"https:\/\/medicina.udd.cl\/kinesiologia-santiago\/files\/2023\/08\/kine-inauguracion-maki-2023-14-scaled.jpg\" alt=\"\" class=\"wp-image-5993\" srcset=\"https:\/\/medicina.udd.cl\/kinesiologia-santiago\/files\/2023\/08\/kine-inauguracion-maki-2023-14-scaled.jpg 2560w, https:\/\/medicina.udd.cl\/kinesiologia-santiago\/files\/2023\/08\/kine-inauguracion-maki-2023-14-300x245.jpg 300w, https:\/\/medicina.udd.cl\/kinesiologia-santiago\/files\/2023\/08\/kine-inauguracion-maki-2023-14-1024x836.jpg 1024w, https:\/\/medicina.udd.cl\/kinesiologia-santiago\/files\/2023\/08\/kine-inauguracion-maki-2023-14-768x627.jpg 768w, https:\/\/medicina.udd.cl\/kinesiologia-santiago\/files\/2023\/08\/kine-inauguracion-maki-2023-14-1536x1254.jpg 1536w, https:\/\/medicina.udd.cl\/kinesiologia-santiago\/files\/2023\/08\/kine-inauguracion-maki-2023-14-2048x1672.jpg 2048w\" sizes=\"auto, (max-width: 2560px) 100vw, 2560px\" \/><\/a><\/figure>\n\n\n\n<figure class=\"wp-block-image size-large\"><a href=\"https:\/\/medicina.udd.cl\/kinesiologia-santiago\/files\/2023\/08\/kine-inauguracion-maki-2023-12-scaled.jpg\"><img loading=\"lazy\" decoding=\"async\" width=\"2560\" height=\"1707\" data-id=\"5992\" src=\"https:\/\/medicina.udd.cl\/kinesiologia-santiago\/files\/2023\/08\/kine-inauguracion-maki-2023-12-scaled.jpg\" alt=\"\" class=\"wp-image-5992\" srcset=\"https:\/\/medicina.udd.cl\/kinesiologia-santiago\/files\/2023\/08\/kine-inauguracion-maki-2023-12-scaled.jpg 2560w, https:\/\/medicina.udd.cl\/kinesiologia-santiago\/files\/2023\/08\/kine-inauguracion-maki-2023-12-300x200.jpg 300w, https:\/\/medicina.udd.cl\/kinesiologia-santiago\/files\/2023\/08\/kine-inauguracion-maki-2023-12-1024x683.jpg 1024w, https:\/\/medicina.udd.cl\/kinesiologia-santiago\/files\/2023\/08\/kine-inauguracion-maki-2023-12-768x512.jpg 768w, https:\/\/medicina.udd.cl\/kinesiologia-santiago\/files\/2023\/08\/kine-inauguracion-maki-2023-12-1536x1024.jpg 1536w, https:\/\/medicina.udd.cl\/kinesiologia-santiago\/files\/2023\/08\/kine-inauguracion-maki-2023-12-2048x1365.jpg 2048w\" sizes=\"auto, (max-width: 2560px) 100vw, 2560px\" \/><\/a><\/figure>\n\n\n\n<figure class=\"wp-block-image size-large\"><a href=\"https:\/\/medicina.udd.cl\/kinesiologia-santiago\/files\/2023\/08\/kine-inauguracion-maki-2023-36-scaled.jpg\"><img loading=\"lazy\" decoding=\"async\" width=\"2560\" height=\"1707\" data-id=\"5998\" src=\"https:\/\/medicina.udd.cl\/kinesiologia-santiago\/files\/2023\/08\/kine-inauguracion-maki-2023-36-scaled.jpg\" alt=\"\" class=\"wp-image-5998\" srcset=\"https:\/\/medicina.udd.cl\/kinesiologia-santiago\/files\/2023\/08\/kine-inauguracion-maki-2023-36-scaled.jpg 2560w, https:\/\/medicina.udd.cl\/kinesiologia-santiago\/files\/2023\/08\/kine-inauguracion-maki-2023-36-300x200.jpg 300w, https:\/\/medicina.udd.cl\/kinesiologia-santiago\/files\/2023\/08\/kine-inauguracion-maki-2023-36-1024x683.jpg 1024w, https:\/\/medicina.udd.cl\/kinesiologia-santiago\/files\/2023\/08\/kine-inauguracion-maki-2023-36-768x512.jpg 768w, https:\/\/medicina.udd.cl\/kinesiologia-santiago\/files\/2023\/08\/kine-inauguracion-maki-2023-36-1536x1024.jpg 1536w, https:\/\/medicina.udd.cl\/kinesiologia-santiago\/files\/2023\/08\/kine-inauguracion-maki-2023-36-2048x1365.jpg 2048w\" sizes=\"auto, (max-width: 2560px) 100vw, 2560px\" \/><\/a><\/figure>\n\n\n\n<figure class=\"wp-block-image size-large\"><a href=\"https:\/\/medicina.udd.cl\/kinesiologia-santiago\/files\/2023\/08\/kine-inauguracion-maki-2023-41-scaled.jpg\"><img loading=\"lazy\" decoding=\"async\" width=\"2560\" height=\"1707\" data-id=\"6000\" src=\"https:\/\/medicina.udd.cl\/kinesiologia-santiago\/files\/2023\/08\/kine-inauguracion-maki-2023-41-scaled.jpg\" alt=\"\" class=\"wp-image-6000\" srcset=\"https:\/\/medicina.udd.cl\/kinesiologia-santiago\/files\/2023\/08\/kine-inauguracion-maki-2023-41-scaled.jpg 2560w, https:\/\/medicina.udd.cl\/kinesiologia-santiago\/files\/2023\/08\/kine-inauguracion-maki-2023-41-300x200.jpg 300w, https:\/\/medicina.udd.cl\/kinesiologia-santiago\/files\/2023\/08\/kine-inauguracion-maki-2023-41-1024x683.jpg 1024w, https:\/\/medicina.udd.cl\/kinesiologia-santiago\/files\/2023\/08\/kine-inauguracion-maki-2023-41-768x512.jpg 768w, https:\/\/medicina.udd.cl\/kinesiologia-santiago\/files\/2023\/08\/kine-inauguracion-maki-2023-41-1536x1024.jpg 1536w, https:\/\/medicina.udd.cl\/kinesiologia-santiago\/files\/2023\/08\/kine-inauguracion-maki-2023-41-2048x1365.jpg 2048w\" sizes=\"auto, (max-width: 2560px) 100vw, 2560px\" \/><\/a><\/figure>\n\n\n\n<figure class=\"wp-block-image size-large\"><a href=\"https:\/\/medicina.udd.cl\/kinesiologia-santiago\/files\/2023\/08\/kine-inauguracion-maki-2023-48-scaled.jpg\"><img loading=\"lazy\" decoding=\"async\" width=\"2560\" height=\"1707\" data-id=\"6002\" src=\"https:\/\/medicina.udd.cl\/kinesiologia-santiago\/files\/2023\/08\/kine-inauguracion-maki-2023-48-scaled.jpg\" alt=\"\" class=\"wp-image-6002\" srcset=\"https:\/\/medicina.udd.cl\/kinesiologia-santiago\/files\/2023\/08\/kine-inauguracion-maki-2023-48-scaled.jpg 2560w, https:\/\/medicina.udd.cl\/kinesiologia-santiago\/files\/2023\/08\/kine-inauguracion-maki-2023-48-300x200.jpg 300w, https:\/\/medicina.udd.cl\/kinesiologia-santiago\/files\/2023\/08\/kine-inauguracion-maki-2023-48-1024x683.jpg 1024w, https:\/\/medicina.udd.cl\/kinesiologia-santiago\/files\/2023\/08\/kine-inauguracion-maki-2023-48-768x512.jpg 768w, https:\/\/medicina.udd.cl\/kinesiologia-santiago\/files\/2023\/08\/kine-inauguracion-maki-2023-48-1536x1024.jpg 1536w, https:\/\/medicina.udd.cl\/kinesiologia-santiago\/files\/2023\/08\/kine-inauguracion-maki-2023-48-2048x1365.jpg 2048w\" sizes=\"auto, (max-width: 2560px) 100vw, 2560px\" \/><\/a><\/figure>\n<\/figure>\n","protected":false},"excerpt":{"rendered":"<p>El pasado mi\u00e9rcoles 02 de agosto se llev\u00f3 a cabo la inauguraci\u00f3n oficial de la sexta edici\u00f3n del Mag\u00edster en Terapia F\u00edsica y Rehabilitaci\u00f3n (MAKI), evento que cont\u00f3 con la presencia de destacadas personalidades acad\u00e9micas y profesionales de la salud. La ceremonia inici\u00f3 con unas palabras de bienvenida por parte del Sr. Ernesto Silva, prorrector [&hellip;]<\/p>\n","protected":false},"author":9192219,"featured_media":6001,"comment_status":"closed","ping_status":"open","sticky":false,"template":"","format":"standard","meta":{"footnotes":""},"categories":[4],"tags":[],"class_list":["post-5987","post","type-post","status-publish","format-standard","has-post-thumbnail","hentry","category-noticias"],"yoast_head":"<!-- This site is optimized with the Yoast SEO plugin v26.9 - https:\/\/yoast.com\/product\/yoast-seo-wordpress\/ -->\n<title>Inaugurado el Mag\u00edster en Terapia F\u00edsica y Rehabilitaci\u00f3n 2023 - Kinesiolog\u00eda<\/title>\n<meta name=\"robots\" content=\"index, follow, max-snippet:-1, max-image-preview:large, max-video-preview:-1\" \/>\n<link rel=\"canonical\" href=\"https:\/\/medicina.udd.cl\/kinesiologia-santiago\/noticias\/2023\/08\/17\/inaugurado-el-magister-en-terapia-fisica-y-rehabilitacion-2023\/\" \/>\n<meta property=\"og:locale\" content=\"es_ES\" \/>\n<meta property=\"og:type\" content=\"article\" \/>\n<meta property=\"og:title\" content=\"Inaugurado el Mag\u00edster en Terapia F\u00edsica y Rehabilitaci\u00f3n 2023 - Kinesiolog\u00eda\" \/>\n<meta property=\"og:description\" content=\"El pasado mi\u00e9rcoles 02 de agosto se llev\u00f3 a cabo la inauguraci\u00f3n oficial de la sexta edici\u00f3n del Mag\u00edster en Terapia F\u00edsica y Rehabilitaci\u00f3n (MAKI), evento que cont\u00f3 con la presencia de destacadas personalidades acad\u00e9micas y profesionales de la salud. La ceremonia inici\u00f3 con unas palabras de bienvenida por parte del Sr. Ernesto Silva, prorrector [&hellip;]\" \/>\n<meta property=\"og:url\" content=\"https:\/\/medicina.udd.cl\/kinesiologia-santiago\/noticias\/2023\/08\/17\/inaugurado-el-magister-en-terapia-fisica-y-rehabilitacion-2023\/\" \/>\n<meta property=\"og:site_name\" content=\"Kinesiolog\u00eda\" \/>\n<meta property=\"article:published_time\" content=\"2023-08-17T20:01:32+00:00\" \/>\n<meta property=\"article:modified_time\" content=\"2023-08-18T13:49:12+00:00\" \/>\n<meta property=\"og:image\" content=\"https:\/\/medicina.udd.cl\/kinesiologia-santiago\/files\/2023\/08\/kine-inauguracion-maki-2023-44-scaled.jpg\" \/>\n\t<meta property=\"og:image:width\" content=\"2560\" \/>\n\t<meta property=\"og:image:height\" content=\"1707\" \/>\n\t<meta property=\"og:image:type\" content=\"image\/jpeg\" \/>\n<meta name=\"author\" content=\"rbraidy\" \/>\n<meta name=\"twitter:label1\" content=\"Escrito por\" \/>\n\t<meta name=\"twitter:data1\" content=\"rbraidy\" \/>\n\t<meta name=\"twitter:label2\" content=\"Tiempo de lectura\" \/>\n\t<meta name=\"twitter:data2\" content=\"5 minutos\" \/>\n<script type=\"application\/ld+json\" class=\"yoast-schema-graph\">{\"@context\":\"https:\/\/schema.org\",\"@graph\":[{\"@type\":\"Article\",\"@id\":\"https:\/\/medicina.udd.cl\/kinesiologia-santiago\/noticias\/2023\/08\/17\/inaugurado-el-magister-en-terapia-fisica-y-rehabilitacion-2023\/#article\",\"isPartOf\":{\"@id\":\"https:\/\/medicina.udd.cl\/kinesiologia-santiago\/noticias\/2023\/08\/17\/inaugurado-el-magister-en-terapia-fisica-y-rehabilitacion-2023\/\"},\"author\":{\"name\":\"rbraidy\",\"@id\":\"https:\/\/medicina.udd.cl\/kinesiologia-santiago\/#\/schema\/person\/dbc3705bf3a93e8be1ba6de0ef950341\"},\"headline\":\"Inaugurado el Mag\u00edster en Terapia F\u00edsica y Rehabilitaci\u00f3n 2023\",\"datePublished\":\"2023-08-17T20:01:32+00:00\",\"dateModified\":\"2023-08-18T13:49:12+00:00\",\"mainEntityOfPage\":{\"@id\":\"https:\/\/medicina.udd.cl\/kinesiologia-santiago\/noticias\/2023\/08\/17\/inaugurado-el-magister-en-terapia-fisica-y-rehabilitacion-2023\/\"},\"wordCount\":449,\"image\":{\"@id\":\"https:\/\/medicina.udd.cl\/kinesiologia-santiago\/noticias\/2023\/08\/17\/inaugurado-el-magister-en-terapia-fisica-y-rehabilitacion-2023\/#primaryimage\"},\"thumbnailUrl\":\"https:\/\/medicina.udd.cl\/kinesiologia-santiago\/files\/2023\/08\/kine-inauguracion-maki-2023-44-scaled.jpg\",\"articleSection\":[\"Noticias\"],\"inLanguage\":\"es\"},{\"@type\":\"WebPage\",\"@id\":\"https:\/\/medicina.udd.cl\/kinesiologia-santiago\/noticias\/2023\/08\/17\/inaugurado-el-magister-en-terapia-fisica-y-rehabilitacion-2023\/\",\"url\":\"https:\/\/medicina.udd.cl\/kinesiologia-santiago\/noticias\/2023\/08\/17\/inaugurado-el-magister-en-terapia-fisica-y-rehabilitacion-2023\/\",\"name\":\"Inaugurado el Mag\u00edster en Terapia F\u00edsica y Rehabilitaci\u00f3n 2023 - Kinesiolog\u00eda\",\"isPartOf\":{\"@id\":\"https:\/\/medicina.udd.cl\/kinesiologia-santiago\/#website\"},\"primaryImageOfPage\":{\"@id\":\"https:\/\/medicina.udd.cl\/kinesiologia-santiago\/noticias\/2023\/08\/17\/inaugurado-el-magister-en-terapia-fisica-y-rehabilitacion-2023\/#primaryimage\"},\"image\":{\"@id\":\"https:\/\/medicina.udd.cl\/kinesiologia-santiago\/noticias\/2023\/08\/17\/inaugurado-el-magister-en-terapia-fisica-y-rehabilitacion-2023\/#primaryimage\"},\"thumbnailUrl\":\"https:\/\/medicina.udd.cl\/kinesiologia-santiago\/files\/2023\/08\/kine-inauguracion-maki-2023-44-scaled.jpg\",\"datePublished\":\"2023-08-17T20:01:32+00:00\",\"dateModified\":\"2023-08-18T13:49:12+00:00\",\"author\":{\"@id\":\"https:\/\/medicina.udd.cl\/kinesiologia-santiago\/#\/schema\/person\/dbc3705bf3a93e8be1ba6de0ef950341\"},\"breadcrumb\":{\"@id\":\"https:\/\/medicina.udd.cl\/kinesiologia-santiago\/noticias\/2023\/08\/17\/inaugurado-el-magister-en-terapia-fisica-y-rehabilitacion-2023\/#breadcrumb\"},\"inLanguage\":\"es\",\"potentialAction\":[{\"@type\":\"ReadAction\",\"target\":[\"https:\/\/medicina.udd.cl\/kinesiologia-santiago\/noticias\/2023\/08\/17\/inaugurado-el-magister-en-terapia-fisica-y-rehabilitacion-2023\/\"]}]},{\"@type\":\"ImageObject\",\"inLanguage\":\"es\",\"@id\":\"https:\/\/medicina.udd.cl\/kinesiologia-santiago\/noticias\/2023\/08\/17\/inaugurado-el-magister-en-terapia-fisica-y-rehabilitacion-2023\/#primaryimage\",\"url\":\"https:\/\/medicina.udd.cl\/kinesiologia-santiago\/files\/2023\/08\/kine-inauguracion-maki-2023-44-scaled.jpg\",\"contentUrl\":\"https:\/\/medicina.udd.cl\/kinesiologia-santiago\/files\/2023\/08\/kine-inauguracion-maki-2023-44-scaled.jpg\",\"width\":2560,\"height\":1707},{\"@type\":\"BreadcrumbList\",\"@id\":\"https:\/\/medicina.udd.cl\/kinesiologia-santiago\/noticias\/2023\/08\/17\/inaugurado-el-magister-en-terapia-fisica-y-rehabilitacion-2023\/#breadcrumb\",\"itemListElement\":[{\"@type\":\"ListItem\",\"position\":1,\"name\":\"Home\",\"item\":\"https:\/\/medicina.udd.cl\/kinesiologia-santiago\/\"},{\"@type\":\"ListItem\",\"position\":2,\"name\":\"Inaugurado el Mag\u00edster en Terapia F\u00edsica y Rehabilitaci\u00f3n 2023\"}]},{\"@type\":\"WebSite\",\"@id\":\"https:\/\/medicina.udd.cl\/kinesiologia-santiago\/#website\",\"url\":\"https:\/\/medicina.udd.cl\/kinesiologia-santiago\/\",\"name\":\"Kinesiolog\u00eda\",\"description\":\"Facultad de Medicina Cl\u00ednica Alemana Universidad del Desarrollo\",\"inLanguage\":\"es\"},{\"@type\":\"Person\",\"@id\":\"https:\/\/medicina.udd.cl\/kinesiologia-santiago\/#\/schema\/person\/dbc3705bf3a93e8be1ba6de0ef950341\",\"name\":\"rbraidy\",\"image\":{\"@type\":\"ImageObject\",\"inLanguage\":\"es\",\"@id\":\"https:\/\/medicina.udd.cl\/kinesiologia-santiago\/#\/schema\/person\/image\/\",\"url\":\"https:\/\/secure.gravatar.com\/avatar\/0f8bc94637401590e45d2ce17eb65c274cb8870a219de6177f3f23e63fd8cdf3?s=96&d=mm&r=g\",\"contentUrl\":\"https:\/\/secure.gravatar.com\/avatar\/0f8bc94637401590e45d2ce17eb65c274cb8870a219de6177f3f23e63fd8cdf3?s=96&d=mm&r=g\",\"caption\":\"rbraidy\"},\"url\":\"https:\/\/medicina.udd.cl\/kinesiologia-santiago\/noticias\/author\/rbraidy\/\"}]}<\/script>\n<!-- \/ Yoast SEO plugin. -->","yoast_head_json":{"title":"Inaugurado el Mag\u00edster en Terapia F\u00edsica y Rehabilitaci\u00f3n 2023 - Kinesiolog\u00eda","robots":{"index":"index","follow":"follow","max-snippet":"max-snippet:-1","max-image-preview":"max-image-preview:large","max-video-preview":"max-video-preview:-1"},"canonical":"https:\/\/medicina.udd.cl\/kinesiologia-santiago\/noticias\/2023\/08\/17\/inaugurado-el-magister-en-terapia-fisica-y-rehabilitacion-2023\/","og_locale":"es_ES","og_type":"article","og_title":"Inaugurado el Mag\u00edster en Terapia F\u00edsica y Rehabilitaci\u00f3n 2023 - Kinesiolog\u00eda","og_description":"El pasado mi\u00e9rcoles 02 de agosto se llev\u00f3 a cabo la inauguraci\u00f3n oficial de la sexta edici\u00f3n del Mag\u00edster en Terapia F\u00edsica y Rehabilitaci\u00f3n (MAKI), evento que cont\u00f3 con la presencia de destacadas personalidades acad\u00e9micas y profesionales de la salud. La ceremonia inici\u00f3 con unas palabras de bienvenida por parte del Sr. Ernesto Silva, prorrector [&hellip;]","og_url":"https:\/\/medicina.udd.cl\/kinesiologia-santiago\/noticias\/2023\/08\/17\/inaugurado-el-magister-en-terapia-fisica-y-rehabilitacion-2023\/","og_site_name":"Kinesiolog\u00eda","article_published_time":"2023-08-17T20:01:32+00:00","article_modified_time":"2023-08-18T13:49:12+00:00","og_image":[{"width":2560,"height":1707,"url":"https:\/\/medicina.udd.cl\/kinesiologia-santiago\/files\/2023\/08\/kine-inauguracion-maki-2023-44-scaled.jpg","type":"image\/jpeg"}],"author":"rbraidy","twitter_misc":{"Escrito por":"rbraidy","Tiempo de lectura":"5 minutos"},"schema":{"@context":"https:\/\/schema.org","@graph":[{"@type":"Article","@id":"https:\/\/medicina.udd.cl\/kinesiologia-santiago\/noticias\/2023\/08\/17\/inaugurado-el-magister-en-terapia-fisica-y-rehabilitacion-2023\/#article","isPartOf":{"@id":"https:\/\/medicina.udd.cl\/kinesiologia-santiago\/noticias\/2023\/08\/17\/inaugurado-el-magister-en-terapia-fisica-y-rehabilitacion-2023\/"},"author":{"name":"rbraidy","@id":"https:\/\/medicina.udd.cl\/kinesiologia-santiago\/#\/schema\/person\/dbc3705bf3a93e8be1ba6de0ef950341"},"headline":"Inaugurado el Mag\u00edster en Terapia F\u00edsica y Rehabilitaci\u00f3n 2023","datePublished":"2023-08-17T20:01:32+00:00","dateModified":"2023-08-18T13:49:12+00:00","mainEntityOfPage":{"@id":"https:\/\/medicina.udd.cl\/kinesiologia-santiago\/noticias\/2023\/08\/17\/inaugurado-el-magister-en-terapia-fisica-y-rehabilitacion-2023\/"},"wordCount":449,"image":{"@id":"https:\/\/medicina.udd.cl\/kinesiologia-santiago\/noticias\/2023\/08\/17\/inaugurado-el-magister-en-terapia-fisica-y-rehabilitacion-2023\/#primaryimage"},"thumbnailUrl":"https:\/\/medicina.udd.cl\/kinesiologia-santiago\/files\/2023\/08\/kine-inauguracion-maki-2023-44-scaled.jpg","articleSection":["Noticias"],"inLanguage":"es"},{"@type":"WebPage","@id":"https:\/\/medicina.udd.cl\/kinesiologia-santiago\/noticias\/2023\/08\/17\/inaugurado-el-magister-en-terapia-fisica-y-rehabilitacion-2023\/","url":"https:\/\/medicina.udd.cl\/kinesiologia-santiago\/noticias\/2023\/08\/17\/inaugurado-el-magister-en-terapia-fisica-y-rehabilitacion-2023\/","name":"Inaugurado el Mag\u00edster en Terapia F\u00edsica y Rehabilitaci\u00f3n 2023 - Kinesiolog\u00eda","isPartOf":{"@id":"https:\/\/medicina.udd.cl\/kinesiologia-santiago\/#website"},"primaryImageOfPage":{"@id":"https:\/\/medicina.udd.cl\/kinesiologia-santiago\/noticias\/2023\/08\/17\/inaugurado-el-magister-en-terapia-fisica-y-rehabilitacion-2023\/#primaryimage"},"image":{"@id":"https:\/\/medicina.udd.cl\/kinesiologia-santiago\/noticias\/2023\/08\/17\/inaugurado-el-magister-en-terapia-fisica-y-rehabilitacion-2023\/#primaryimage"},"thumbnailUrl":"https:\/\/medicina.udd.cl\/kinesiologia-santiago\/files\/2023\/08\/kine-inauguracion-maki-2023-44-scaled.jpg","datePublished":"2023-08-17T20:01:32+00:00","dateModified":"2023-08-18T13:49:12+00:00","author":{"@id":"https:\/\/medicina.udd.cl\/kinesiologia-santiago\/#\/schema\/person\/dbc3705bf3a93e8be1ba6de0ef950341"},"breadcrumb":{"@id":"https:\/\/medicina.udd.cl\/kinesiologia-santiago\/noticias\/2023\/08\/17\/inaugurado-el-magister-en-terapia-fisica-y-rehabilitacion-2023\/#breadcrumb"},"inLanguage":"es","potentialAction":[{"@type":"ReadAction","target":["https:\/\/medicina.udd.cl\/kinesiologia-santiago\/noticias\/2023\/08\/17\/inaugurado-el-magister-en-terapia-fisica-y-rehabilitacion-2023\/"]}]},{"@type":"ImageObject","inLanguage":"es","@id":"https:\/\/medicina.udd.cl\/kinesiologia-santiago\/noticias\/2023\/08\/17\/inaugurado-el-magister-en-terapia-fisica-y-rehabilitacion-2023\/#primaryimage","url":"https:\/\/medicina.udd.cl\/kinesiologia-santiago\/files\/2023\/08\/kine-inauguracion-maki-2023-44-scaled.jpg","contentUrl":"https:\/\/medicina.udd.cl\/kinesiologia-santiago\/files\/2023\/08\/kine-inauguracion-maki-2023-44-scaled.jpg","width":2560,"height":1707},{"@type":"BreadcrumbList","@id":"https:\/\/medicina.udd.cl\/kinesiologia-santiago\/noticias\/2023\/08\/17\/inaugurado-el-magister-en-terapia-fisica-y-rehabilitacion-2023\/#breadcrumb","itemListElement":[{"@type":"ListItem","position":1,"name":"Home","item":"https:\/\/medicina.udd.cl\/kinesiologia-santiago\/"},{"@type":"ListItem","position":2,"name":"Inaugurado el Mag\u00edster en Terapia F\u00edsica y Rehabilitaci\u00f3n 2023"}]},{"@type":"WebSite","@id":"https:\/\/medicina.udd.cl\/kinesiologia-santiago\/#website","url":"https:\/\/medicina.udd.cl\/kinesiologia-santiago\/","name":"Kinesiolog\u00eda","description":"Facultad de Medicina Cl\u00ednica Alemana Universidad del Desarrollo","inLanguage":"es"},{"@type":"Person","@id":"https:\/\/medicina.udd.cl\/kinesiologia-santiago\/#\/schema\/person\/dbc3705bf3a93e8be1ba6de0ef950341","name":"rbraidy","image":{"@type":"ImageObject","inLanguage":"es","@id":"https:\/\/medicina.udd.cl\/kinesiologia-santiago\/#\/schema\/person\/image\/","url":"https:\/\/secure.gravatar.com\/avatar\/0f8bc94637401590e45d2ce17eb65c274cb8870a219de6177f3f23e63fd8cdf3?s=96&d=mm&r=g","contentUrl":"https:\/\/secure.gravatar.com\/avatar\/0f8bc94637401590e45d2ce17eb65c274cb8870a219de6177f3f23e63fd8cdf3?s=96&d=mm&r=g","caption":"rbraidy"},"url":"https:\/\/medicina.udd.cl\/kinesiologia-santiago\/noticias\/author\/rbraidy\/"}]}},"featured_image_url":"https:\/\/medicina.udd.cl\/kinesiologia-santiago\/files\/2023\/08\/kine-inauguracion-maki-2023-44-scaled.jpg","_links":{"self":[{"href":"https:\/\/medicina.udd.cl\/kinesiologia-santiago\/wp-json\/wp\/v2\/posts\/5987","targetHints":{"allow":["GET"]}}],"collection":[{"href":"https:\/\/medicina.udd.cl\/kinesiologia-santiago\/wp-json\/wp\/v2\/posts"}],"about":[{"href":"https:\/\/medicina.udd.cl\/kinesiologia-santiago\/wp-json\/wp\/v2\/types\/post"}],"author":[{"embeddable":true,"href":"https:\/\/medicina.udd.cl\/kinesiologia-santiago\/wp-json\/wp\/v2\/users\/9192219"}],"replies":[{"embeddable":true,"href":"https:\/\/medicina.udd.cl\/kinesiologia-santiago\/wp-json\/wp\/v2\/comments?post=5987"}],"version-history":[{"count":2,"href":"https:\/\/medicina.udd.cl\/kinesiologia-santiago\/wp-json\/wp\/v2\/posts\/5987\/revisions"}],"predecessor-version":[{"id":6005,"href":"https:\/\/medicina.udd.cl\/kinesiologia-santiago\/wp-json\/wp\/v2\/posts\/5987\/revisions\/6005"}],"wp:featuredmedia":[{"embeddable":true,"href":"https:\/\/medicina.udd.cl\/kinesiologia-santiago\/wp-json\/wp\/v2\/media\/6001"}],"wp:attachment":[{"href":"https:\/\/medicina.udd.cl\/kinesiologia-santiago\/wp-json\/wp\/v2\/media?parent=5987"}],"wp:term":[{"taxonomy":"category","embeddable":true,"href":"https:\/\/medicina.udd.cl\/kinesiologia-santiago\/wp-json\/wp\/v2\/categories?post=5987"},{"taxonomy":"post_tag","embeddable":true,"href":"https:\/\/medicina.udd.cl\/kinesiologia-santiago\/wp-json\/wp\/v2\/tags?post=5987"}],"curies":[{"name":"wp","href":"https:\/\/api.w.org\/{rel}","templated":true}]}}