{"id":6023,"date":"2023-09-04T16:50:09","date_gmt":"2023-09-04T19:50:09","guid":{"rendered":"https:\/\/medicina.udd.cl\/kinesiologia-santiago\/?p=6023"},"modified":"2023-09-05T17:16:11","modified_gmt":"2023-09-05T20:16:11","slug":"academica-udd-es-seleccionada-para-integrar-el-comite-organizador-del-congreso-mundial-de-kinesiologia-en-japon-2025","status":"publish","type":"post","link":"https:\/\/medicina.udd.cl\/kinesiologia-santiago\/noticias\/2023\/09\/04\/academica-udd-es-seleccionada-para-integrar-el-comite-organizador-del-congreso-mundial-de-kinesiologia-en-japon-2025\/","title":{"rendered":"Acad\u00e9mica UDD es seleccionada para integrar el Comit\u00e9 Organizador del Congreso Mundial de Kinesiolog\u00eda Jap\u00f3n 2025"},"content":{"rendered":"\n<figure class=\"wp-block-image alignright size-full\"><a href=\"https:\/\/medicina.udd.cl\/kinesiologia-santiago\/files\/2023\/09\/sonia-roa1-220x260-1.jpg\"><img loading=\"lazy\" decoding=\"async\" width=\"220\" height=\"260\" src=\"https:\/\/medicina.udd.cl\/kinesiologia-santiago\/files\/2023\/09\/sonia-roa1-220x260-1.jpg\" alt=\"\" class=\"wp-image-6024\" \/><\/a><figcaption>Kgla. Sonia Roa-Alcaino<\/figcaption><\/figure>\n\n\n\n<p>Sonia Roa-Alcaino, destacada acad\u00e9mica de la carrera de Kinesiolog\u00eda de la Facultad de Medicina Cl\u00ednica Alemana Universidad del Desarrollo, ha sido seleccionada como una de las nuevas siete personas para integrar el equipo que liderar\u00e1 la organizaci\u00f3n del pr\u00f3ximo Congreso Mundial de Kinesiolog\u00eda, programado para realizarse en Tokio, Jap\u00f3n, del 29 al 31 de mayo de 2025. Este nombramiento es especialmente significativo, ya que Sonia Roa-Alcaino es la \u00fanica representante de Am\u00e9rica Latina en este prestigioso comit\u00e9 organizador.<\/p>\n\n\n\n<p>El anuncio fue realizado por World Physiotherapy, la entidad internacional que organiza el congreso, y la Dra. Catherine Joy Escuadra, docente de la Universidad de Santo Tom\u00e1s en Manila, Filipinas, quien presidir\u00e1 el comit\u00e9. La comisi\u00f3n est\u00e1 integrada por miembros con amplia experiencia y gran diversidad geogr\u00e1fica, profesional, investigativa, cl\u00ednica y acad\u00e9mica, que aportar\u00e1n su conocimiento a este destacado evento de World Physiotherapy.<\/p>\n\n\n\n<p>Por su parte, la Dra. Escuadra destac\u00f3 que hubo un r\u00e9cord de postulaciones para formar parte del comit\u00e9 en 2025. Despu\u00e9s de un riguroso proceso de selecci\u00f3n, se eligi\u00f3 a un grupo diverso de individuos que aportar\u00e1n sus habilidades, experiencias y perspectivas \u00fanicas para crear un programa cient\u00edfico que aborde los problemas clave de la comunidad global de fisioterapeutas.<\/p>\n\n\n\n<p>Sonia Roa-Alcaino, se mostr\u00f3 emocionada y agradecida por esta oportunidad \u00fanica. Explic\u00f3 que el proceso de selecci\u00f3n incluy\u00f3 la presentaci\u00f3n de una postulaci\u00f3n respaldada por el Colegio de Kinesi\u00f3logos de Chile. Destac\u00f3 que ser la \u00fanica representante de Am\u00e9rica Latina es un hito que permitir\u00e1 visibilizar la realidad de la regi\u00f3n en un contexto internacional.<\/p>\n\n\n\n<p>El Dr. Michel Landry, presidente de World Physiotherapy, expres\u00f3 su entusiasmo por la elecci\u00f3n del comit\u00e9 y destac\u00f3 la incorporaci\u00f3n de siete nuevos miembros, entre ellos Roa-Alcaino, lo que refleja la diversidad y el desarrollo constante de la profesi\u00f3n de fisioterapia en todo el mundo. El Dr. Landry enfatiz\u00f3 que el programa del congreso en 2025 reflejar\u00e1 estos valores y la evoluci\u00f3n de la fisioterapia como disciplina global.<\/p>\n\n\n\n<p>La acad\u00e9mica UDD agradeci\u00f3 a todas las personas e instituciones que la respaldaron en este desaf\u00edo, incluido el director de la carrera de Kinesiolog\u00eda UDD, Jorge Molina, a la Facultad de Medicina Cl\u00ednica Alemana Universidad del Desarrollo y el Colegio de Kinesi\u00f3logos. Su nombramiento no solo es un logro personal, sino tambi\u00e9n un reconocimiento a la excelencia acad\u00e9mica y a la destacada labor que realiza en la formaci\u00f3n de futuros profesionales de la salud. Sin duda, esta designaci\u00f3n dar\u00e1 visibilidad a Chile y a la regi\u00f3n en el escenario mundial de la kinesiolog\u00eda y la fisioterapia.<\/p>\n\n\n\n<figure class=\"wp-block-image aligncenter size-full\"><a href=\"https:\/\/medicina.udd.cl\/kinesiologia-santiago\/files\/2023\/09\/congreso-mundial-kine-staff-tokio-2025.jpg\"><img loading=\"lazy\" decoding=\"async\" width=\"640\" height=\"300\" src=\"https:\/\/medicina.udd.cl\/kinesiologia-santiago\/files\/2023\/09\/congreso-mundial-kine-staff-tokio-2025.jpg\" alt=\"\" class=\"wp-image-6025\" srcset=\"https:\/\/medicina.udd.cl\/kinesiologia-santiago\/files\/2023\/09\/congreso-mundial-kine-staff-tokio-2025.jpg 640w, https:\/\/medicina.udd.cl\/kinesiologia-santiago\/files\/2023\/09\/congreso-mundial-kine-staff-tokio-2025-300x141.jpg 300w\" sizes=\"auto, (max-width: 640px) 100vw, 640px\" \/><\/a><\/figure>\n","protected":false},"excerpt":{"rendered":"<p>Sonia Roa-Alcaino, destacada acad\u00e9mica de la carrera de Kinesiolog\u00eda de la Facultad de Medicina Cl\u00ednica Alemana Universidad del Desarrollo, ha sido seleccionada como una de las nuevas siete personas para integrar el equipo que liderar\u00e1 la organizaci\u00f3n del pr\u00f3ximo Congreso Mundial de Kinesiolog\u00eda, programado para realizarse en Tokio, Jap\u00f3n, del 29 al 31 de mayo [&hellip;]<\/p>\n","protected":false},"author":9192219,"featured_media":6029,"comment_status":"closed","ping_status":"open","sticky":false,"template":"","format":"standard","meta":{"footnotes":""},"categories":[4],"tags":[],"class_list":["post-6023","post","type-post","status-publish","format-standard","has-post-thumbnail","hentry","category-noticias"],"yoast_head":"<!-- This site is optimized with the Yoast SEO plugin v26.9 - https:\/\/yoast.com\/product\/yoast-seo-wordpress\/ -->\n<title>Acad\u00e9mica UDD es seleccionada para integrar el Comit\u00e9 Organizador del Congreso Mundial de Kinesiolog\u00eda Jap\u00f3n 2025 - Kinesiolog\u00eda<\/title>\n<meta name=\"robots\" content=\"index, follow, max-snippet:-1, max-image-preview:large, max-video-preview:-1\" \/>\n<link rel=\"canonical\" href=\"https:\/\/medicina.udd.cl\/kinesiologia-santiago\/noticias\/2023\/09\/04\/academica-udd-es-seleccionada-para-integrar-el-comite-organizador-del-congreso-mundial-de-kinesiologia-en-japon-2025\/\" \/>\n<meta property=\"og:locale\" content=\"es_ES\" \/>\n<meta property=\"og:type\" content=\"article\" \/>\n<meta property=\"og:title\" content=\"Acad\u00e9mica UDD es seleccionada para integrar el Comit\u00e9 Organizador del Congreso Mundial de Kinesiolog\u00eda Jap\u00f3n 2025 - Kinesiolog\u00eda\" \/>\n<meta property=\"og:description\" content=\"Sonia Roa-Alcaino, destacada acad\u00e9mica de la carrera de Kinesiolog\u00eda de la Facultad de Medicina Cl\u00ednica Alemana Universidad del Desarrollo, ha sido seleccionada como una de las nuevas siete personas para integrar el equipo que liderar\u00e1 la organizaci\u00f3n del pr\u00f3ximo Congreso Mundial de Kinesiolog\u00eda, programado para realizarse en Tokio, Jap\u00f3n, del 29 al 31 de mayo [&hellip;]\" \/>\n<meta property=\"og:url\" content=\"https:\/\/medicina.udd.cl\/kinesiologia-santiago\/noticias\/2023\/09\/04\/academica-udd-es-seleccionada-para-integrar-el-comite-organizador-del-congreso-mundial-de-kinesiologia-en-japon-2025\/\" \/>\n<meta property=\"og:site_name\" content=\"Kinesiolog\u00eda\" \/>\n<meta property=\"article:published_time\" content=\"2023-09-04T19:50:09+00:00\" \/>\n<meta property=\"article:modified_time\" content=\"2023-09-05T20:16:11+00:00\" \/>\n<meta property=\"og:image\" content=\"https:\/\/medicina.udd.cl\/kinesiologia-santiago\/files\/2023\/09\/kine-sonia-roa_-congreso-mundial-kine-2025-2.jpg\" \/>\n\t<meta property=\"og:image:width\" content=\"906\" \/>\n\t<meta property=\"og:image:height\" content=\"1024\" \/>\n\t<meta property=\"og:image:type\" content=\"image\/jpeg\" \/>\n<meta name=\"author\" content=\"rbraidy\" \/>\n<meta name=\"twitter:label1\" content=\"Escrito por\" \/>\n\t<meta name=\"twitter:data1\" content=\"rbraidy\" \/>\n\t<meta name=\"twitter:label2\" content=\"Tiempo de lectura\" \/>\n\t<meta name=\"twitter:data2\" content=\"3 minutos\" \/>\n<script type=\"application\/ld+json\" class=\"yoast-schema-graph\">{\"@context\":\"https:\/\/schema.org\",\"@graph\":[{\"@type\":\"Article\",\"@id\":\"https:\/\/medicina.udd.cl\/kinesiologia-santiago\/noticias\/2023\/09\/04\/academica-udd-es-seleccionada-para-integrar-el-comite-organizador-del-congreso-mundial-de-kinesiologia-en-japon-2025\/#article\",\"isPartOf\":{\"@id\":\"https:\/\/medicina.udd.cl\/kinesiologia-santiago\/noticias\/2023\/09\/04\/academica-udd-es-seleccionada-para-integrar-el-comite-organizador-del-congreso-mundial-de-kinesiologia-en-japon-2025\/\"},\"author\":{\"name\":\"rbraidy\",\"@id\":\"https:\/\/medicina.udd.cl\/kinesiologia-santiago\/#\/schema\/person\/dbc3705bf3a93e8be1ba6de0ef950341\"},\"headline\":\"Acad\u00e9mica UDD es seleccionada para integrar el Comit\u00e9 Organizador del Congreso Mundial de Kinesiolog\u00eda Jap\u00f3n 2025\",\"datePublished\":\"2023-09-04T19:50:09+00:00\",\"dateModified\":\"2023-09-05T20:16:11+00:00\",\"mainEntityOfPage\":{\"@id\":\"https:\/\/medicina.udd.cl\/kinesiologia-santiago\/noticias\/2023\/09\/04\/academica-udd-es-seleccionada-para-integrar-el-comite-organizador-del-congreso-mundial-de-kinesiologia-en-japon-2025\/\"},\"wordCount\":475,\"image\":{\"@id\":\"https:\/\/medicina.udd.cl\/kinesiologia-santiago\/noticias\/2023\/09\/04\/academica-udd-es-seleccionada-para-integrar-el-comite-organizador-del-congreso-mundial-de-kinesiologia-en-japon-2025\/#primaryimage\"},\"thumbnailUrl\":\"https:\/\/medicina.udd.cl\/kinesiologia-santiago\/files\/2023\/09\/kine-sonia-roa_-congreso-mundial-kine-2025-2.jpg\",\"articleSection\":[\"Noticias\"],\"inLanguage\":\"es\"},{\"@type\":\"WebPage\",\"@id\":\"https:\/\/medicina.udd.cl\/kinesiologia-santiago\/noticias\/2023\/09\/04\/academica-udd-es-seleccionada-para-integrar-el-comite-organizador-del-congreso-mundial-de-kinesiologia-en-japon-2025\/\",\"url\":\"https:\/\/medicina.udd.cl\/kinesiologia-santiago\/noticias\/2023\/09\/04\/academica-udd-es-seleccionada-para-integrar-el-comite-organizador-del-congreso-mundial-de-kinesiologia-en-japon-2025\/\",\"name\":\"Acad\u00e9mica UDD es seleccionada para integrar el Comit\u00e9 Organizador del Congreso Mundial de Kinesiolog\u00eda Jap\u00f3n 2025 - Kinesiolog\u00eda\",\"isPartOf\":{\"@id\":\"https:\/\/medicina.udd.cl\/kinesiologia-santiago\/#website\"},\"primaryImageOfPage\":{\"@id\":\"https:\/\/medicina.udd.cl\/kinesiologia-santiago\/noticias\/2023\/09\/04\/academica-udd-es-seleccionada-para-integrar-el-comite-organizador-del-congreso-mundial-de-kinesiologia-en-japon-2025\/#primaryimage\"},\"image\":{\"@id\":\"https:\/\/medicina.udd.cl\/kinesiologia-santiago\/noticias\/2023\/09\/04\/academica-udd-es-seleccionada-para-integrar-el-comite-organizador-del-congreso-mundial-de-kinesiologia-en-japon-2025\/#primaryimage\"},\"thumbnailUrl\":\"https:\/\/medicina.udd.cl\/kinesiologia-santiago\/files\/2023\/09\/kine-sonia-roa_-congreso-mundial-kine-2025-2.jpg\",\"datePublished\":\"2023-09-04T19:50:09+00:00\",\"dateModified\":\"2023-09-05T20:16:11+00:00\",\"author\":{\"@id\":\"https:\/\/medicina.udd.cl\/kinesiologia-santiago\/#\/schema\/person\/dbc3705bf3a93e8be1ba6de0ef950341\"},\"breadcrumb\":{\"@id\":\"https:\/\/medicina.udd.cl\/kinesiologia-santiago\/noticias\/2023\/09\/04\/academica-udd-es-seleccionada-para-integrar-el-comite-organizador-del-congreso-mundial-de-kinesiologia-en-japon-2025\/#breadcrumb\"},\"inLanguage\":\"es\",\"potentialAction\":[{\"@type\":\"ReadAction\",\"target\":[\"https:\/\/medicina.udd.cl\/kinesiologia-santiago\/noticias\/2023\/09\/04\/academica-udd-es-seleccionada-para-integrar-el-comite-organizador-del-congreso-mundial-de-kinesiologia-en-japon-2025\/\"]}]},{\"@type\":\"ImageObject\",\"inLanguage\":\"es\",\"@id\":\"https:\/\/medicina.udd.cl\/kinesiologia-santiago\/noticias\/2023\/09\/04\/academica-udd-es-seleccionada-para-integrar-el-comite-organizador-del-congreso-mundial-de-kinesiologia-en-japon-2025\/#primaryimage\",\"url\":\"https:\/\/medicina.udd.cl\/kinesiologia-santiago\/files\/2023\/09\/kine-sonia-roa_-congreso-mundial-kine-2025-2.jpg\",\"contentUrl\":\"https:\/\/medicina.udd.cl\/kinesiologia-santiago\/files\/2023\/09\/kine-sonia-roa_-congreso-mundial-kine-2025-2.jpg\",\"width\":906,\"height\":1024},{\"@type\":\"BreadcrumbList\",\"@id\":\"https:\/\/medicina.udd.cl\/kinesiologia-santiago\/noticias\/2023\/09\/04\/academica-udd-es-seleccionada-para-integrar-el-comite-organizador-del-congreso-mundial-de-kinesiologia-en-japon-2025\/#breadcrumb\",\"itemListElement\":[{\"@type\":\"ListItem\",\"position\":1,\"name\":\"Home\",\"item\":\"https:\/\/medicina.udd.cl\/kinesiologia-santiago\/\"},{\"@type\":\"ListItem\",\"position\":2,\"name\":\"Acad\u00e9mica UDD es seleccionada para integrar el Comit\u00e9 Organizador del Congreso Mundial de Kinesiolog\u00eda Jap\u00f3n 2025\"}]},{\"@type\":\"WebSite\",\"@id\":\"https:\/\/medicina.udd.cl\/kinesiologia-santiago\/#website\",\"url\":\"https:\/\/medicina.udd.cl\/kinesiologia-santiago\/\",\"name\":\"Kinesiolog\u00eda\",\"description\":\"Facultad de Medicina Cl\u00ednica Alemana Universidad del Desarrollo\",\"inLanguage\":\"es\"},{\"@type\":\"Person\",\"@id\":\"https:\/\/medicina.udd.cl\/kinesiologia-santiago\/#\/schema\/person\/dbc3705bf3a93e8be1ba6de0ef950341\",\"name\":\"rbraidy\",\"image\":{\"@type\":\"ImageObject\",\"inLanguage\":\"es\",\"@id\":\"https:\/\/medicina.udd.cl\/kinesiologia-santiago\/#\/schema\/person\/image\/\",\"url\":\"https:\/\/secure.gravatar.com\/avatar\/0f8bc94637401590e45d2ce17eb65c274cb8870a219de6177f3f23e63fd8cdf3?s=96&d=mm&r=g\",\"contentUrl\":\"https:\/\/secure.gravatar.com\/avatar\/0f8bc94637401590e45d2ce17eb65c274cb8870a219de6177f3f23e63fd8cdf3?s=96&d=mm&r=g\",\"caption\":\"rbraidy\"},\"url\":\"https:\/\/medicina.udd.cl\/kinesiologia-santiago\/noticias\/author\/rbraidy\/\"}]}<\/script>\n<!-- \/ Yoast SEO plugin. -->","yoast_head_json":{"title":"Acad\u00e9mica UDD es seleccionada para integrar el Comit\u00e9 Organizador del Congreso Mundial de Kinesiolog\u00eda Jap\u00f3n 2025 - Kinesiolog\u00eda","robots":{"index":"index","follow":"follow","max-snippet":"max-snippet:-1","max-image-preview":"max-image-preview:large","max-video-preview":"max-video-preview:-1"},"canonical":"https:\/\/medicina.udd.cl\/kinesiologia-santiago\/noticias\/2023\/09\/04\/academica-udd-es-seleccionada-para-integrar-el-comite-organizador-del-congreso-mundial-de-kinesiologia-en-japon-2025\/","og_locale":"es_ES","og_type":"article","og_title":"Acad\u00e9mica UDD es seleccionada para integrar el Comit\u00e9 Organizador del Congreso Mundial de Kinesiolog\u00eda Jap\u00f3n 2025 - Kinesiolog\u00eda","og_description":"Sonia Roa-Alcaino, destacada acad\u00e9mica de la carrera de Kinesiolog\u00eda de la Facultad de Medicina Cl\u00ednica Alemana Universidad del Desarrollo, ha sido seleccionada como una de las nuevas siete personas para integrar el equipo que liderar\u00e1 la organizaci\u00f3n del pr\u00f3ximo Congreso Mundial de Kinesiolog\u00eda, programado para realizarse en Tokio, Jap\u00f3n, del 29 al 31 de mayo [&hellip;]","og_url":"https:\/\/medicina.udd.cl\/kinesiologia-santiago\/noticias\/2023\/09\/04\/academica-udd-es-seleccionada-para-integrar-el-comite-organizador-del-congreso-mundial-de-kinesiologia-en-japon-2025\/","og_site_name":"Kinesiolog\u00eda","article_published_time":"2023-09-04T19:50:09+00:00","article_modified_time":"2023-09-05T20:16:11+00:00","og_image":[{"width":906,"height":1024,"url":"https:\/\/medicina.udd.cl\/kinesiologia-santiago\/files\/2023\/09\/kine-sonia-roa_-congreso-mundial-kine-2025-2.jpg","type":"image\/jpeg"}],"author":"rbraidy","twitter_misc":{"Escrito por":"rbraidy","Tiempo de lectura":"3 minutos"},"schema":{"@context":"https:\/\/schema.org","@graph":[{"@type":"Article","@id":"https:\/\/medicina.udd.cl\/kinesiologia-santiago\/noticias\/2023\/09\/04\/academica-udd-es-seleccionada-para-integrar-el-comite-organizador-del-congreso-mundial-de-kinesiologia-en-japon-2025\/#article","isPartOf":{"@id":"https:\/\/medicina.udd.cl\/kinesiologia-santiago\/noticias\/2023\/09\/04\/academica-udd-es-seleccionada-para-integrar-el-comite-organizador-del-congreso-mundial-de-kinesiologia-en-japon-2025\/"},"author":{"name":"rbraidy","@id":"https:\/\/medicina.udd.cl\/kinesiologia-santiago\/#\/schema\/person\/dbc3705bf3a93e8be1ba6de0ef950341"},"headline":"Acad\u00e9mica UDD es seleccionada para integrar el Comit\u00e9 Organizador del Congreso Mundial de Kinesiolog\u00eda Jap\u00f3n 2025","datePublished":"2023-09-04T19:50:09+00:00","dateModified":"2023-09-05T20:16:11+00:00","mainEntityOfPage":{"@id":"https:\/\/medicina.udd.cl\/kinesiologia-santiago\/noticias\/2023\/09\/04\/academica-udd-es-seleccionada-para-integrar-el-comite-organizador-del-congreso-mundial-de-kinesiologia-en-japon-2025\/"},"wordCount":475,"image":{"@id":"https:\/\/medicina.udd.cl\/kinesiologia-santiago\/noticias\/2023\/09\/04\/academica-udd-es-seleccionada-para-integrar-el-comite-organizador-del-congreso-mundial-de-kinesiologia-en-japon-2025\/#primaryimage"},"thumbnailUrl":"https:\/\/medicina.udd.cl\/kinesiologia-santiago\/files\/2023\/09\/kine-sonia-roa_-congreso-mundial-kine-2025-2.jpg","articleSection":["Noticias"],"inLanguage":"es"},{"@type":"WebPage","@id":"https:\/\/medicina.udd.cl\/kinesiologia-santiago\/noticias\/2023\/09\/04\/academica-udd-es-seleccionada-para-integrar-el-comite-organizador-del-congreso-mundial-de-kinesiologia-en-japon-2025\/","url":"https:\/\/medicina.udd.cl\/kinesiologia-santiago\/noticias\/2023\/09\/04\/academica-udd-es-seleccionada-para-integrar-el-comite-organizador-del-congreso-mundial-de-kinesiologia-en-japon-2025\/","name":"Acad\u00e9mica UDD es seleccionada para integrar el Comit\u00e9 Organizador del Congreso Mundial de Kinesiolog\u00eda Jap\u00f3n 2025 - Kinesiolog\u00eda","isPartOf":{"@id":"https:\/\/medicina.udd.cl\/kinesiologia-santiago\/#website"},"primaryImageOfPage":{"@id":"https:\/\/medicina.udd.cl\/kinesiologia-santiago\/noticias\/2023\/09\/04\/academica-udd-es-seleccionada-para-integrar-el-comite-organizador-del-congreso-mundial-de-kinesiologia-en-japon-2025\/#primaryimage"},"image":{"@id":"https:\/\/medicina.udd.cl\/kinesiologia-santiago\/noticias\/2023\/09\/04\/academica-udd-es-seleccionada-para-integrar-el-comite-organizador-del-congreso-mundial-de-kinesiologia-en-japon-2025\/#primaryimage"},"thumbnailUrl":"https:\/\/medicina.udd.cl\/kinesiologia-santiago\/files\/2023\/09\/kine-sonia-roa_-congreso-mundial-kine-2025-2.jpg","datePublished":"2023-09-04T19:50:09+00:00","dateModified":"2023-09-05T20:16:11+00:00","author":{"@id":"https:\/\/medicina.udd.cl\/kinesiologia-santiago\/#\/schema\/person\/dbc3705bf3a93e8be1ba6de0ef950341"},"breadcrumb":{"@id":"https:\/\/medicina.udd.cl\/kinesiologia-santiago\/noticias\/2023\/09\/04\/academica-udd-es-seleccionada-para-integrar-el-comite-organizador-del-congreso-mundial-de-kinesiologia-en-japon-2025\/#breadcrumb"},"inLanguage":"es","potentialAction":[{"@type":"ReadAction","target":["https:\/\/medicina.udd.cl\/kinesiologia-santiago\/noticias\/2023\/09\/04\/academica-udd-es-seleccionada-para-integrar-el-comite-organizador-del-congreso-mundial-de-kinesiologia-en-japon-2025\/"]}]},{"@type":"ImageObject","inLanguage":"es","@id":"https:\/\/medicina.udd.cl\/kinesiologia-santiago\/noticias\/2023\/09\/04\/academica-udd-es-seleccionada-para-integrar-el-comite-organizador-del-congreso-mundial-de-kinesiologia-en-japon-2025\/#primaryimage","url":"https:\/\/medicina.udd.cl\/kinesiologia-santiago\/files\/2023\/09\/kine-sonia-roa_-congreso-mundial-kine-2025-2.jpg","contentUrl":"https:\/\/medicina.udd.cl\/kinesiologia-santiago\/files\/2023\/09\/kine-sonia-roa_-congreso-mundial-kine-2025-2.jpg","width":906,"height":1024},{"@type":"BreadcrumbList","@id":"https:\/\/medicina.udd.cl\/kinesiologia-santiago\/noticias\/2023\/09\/04\/academica-udd-es-seleccionada-para-integrar-el-comite-organizador-del-congreso-mundial-de-kinesiologia-en-japon-2025\/#breadcrumb","itemListElement":[{"@type":"ListItem","position":1,"name":"Home","item":"https:\/\/medicina.udd.cl\/kinesiologia-santiago\/"},{"@type":"ListItem","position":2,"name":"Acad\u00e9mica UDD es seleccionada para integrar el Comit\u00e9 Organizador del Congreso Mundial de Kinesiolog\u00eda Jap\u00f3n 2025"}]},{"@type":"WebSite","@id":"https:\/\/medicina.udd.cl\/kinesiologia-santiago\/#website","url":"https:\/\/medicina.udd.cl\/kinesiologia-santiago\/","name":"Kinesiolog\u00eda","description":"Facultad de Medicina Cl\u00ednica Alemana Universidad del Desarrollo","inLanguage":"es"},{"@type":"Person","@id":"https:\/\/medicina.udd.cl\/kinesiologia-santiago\/#\/schema\/person\/dbc3705bf3a93e8be1ba6de0ef950341","name":"rbraidy","image":{"@type":"ImageObject","inLanguage":"es","@id":"https:\/\/medicina.udd.cl\/kinesiologia-santiago\/#\/schema\/person\/image\/","url":"https:\/\/secure.gravatar.com\/avatar\/0f8bc94637401590e45d2ce17eb65c274cb8870a219de6177f3f23e63fd8cdf3?s=96&d=mm&r=g","contentUrl":"https:\/\/secure.gravatar.com\/avatar\/0f8bc94637401590e45d2ce17eb65c274cb8870a219de6177f3f23e63fd8cdf3?s=96&d=mm&r=g","caption":"rbraidy"},"url":"https:\/\/medicina.udd.cl\/kinesiologia-santiago\/noticias\/author\/rbraidy\/"}]}},"featured_image_url":"https:\/\/medicina.udd.cl\/kinesiologia-santiago\/files\/2023\/09\/kine-sonia-roa_-congreso-mundial-kine-2025-2.jpg","_links":{"self":[{"href":"https:\/\/medicina.udd.cl\/kinesiologia-santiago\/wp-json\/wp\/v2\/posts\/6023","targetHints":{"allow":["GET"]}}],"collection":[{"href":"https:\/\/medicina.udd.cl\/kinesiologia-santiago\/wp-json\/wp\/v2\/posts"}],"about":[{"href":"https:\/\/medicina.udd.cl\/kinesiologia-santiago\/wp-json\/wp\/v2\/types\/post"}],"author":[{"embeddable":true,"href":"https:\/\/medicina.udd.cl\/kinesiologia-santiago\/wp-json\/wp\/v2\/users\/9192219"}],"replies":[{"embeddable":true,"href":"https:\/\/medicina.udd.cl\/kinesiologia-santiago\/wp-json\/wp\/v2\/comments?post=6023"}],"version-history":[{"count":2,"href":"https:\/\/medicina.udd.cl\/kinesiologia-santiago\/wp-json\/wp\/v2\/posts\/6023\/revisions"}],"predecessor-version":[{"id":6027,"href":"https:\/\/medicina.udd.cl\/kinesiologia-santiago\/wp-json\/wp\/v2\/posts\/6023\/revisions\/6027"}],"wp:featuredmedia":[{"embeddable":true,"href":"https:\/\/medicina.udd.cl\/kinesiologia-santiago\/wp-json\/wp\/v2\/media\/6029"}],"wp:attachment":[{"href":"https:\/\/medicina.udd.cl\/kinesiologia-santiago\/wp-json\/wp\/v2\/media?parent=6023"}],"wp:term":[{"taxonomy":"category","embeddable":true,"href":"https:\/\/medicina.udd.cl\/kinesiologia-santiago\/wp-json\/wp\/v2\/categories?post=6023"},{"taxonomy":"post_tag","embeddable":true,"href":"https:\/\/medicina.udd.cl\/kinesiologia-santiago\/wp-json\/wp\/v2\/tags?post=6023"}],"curies":[{"name":"wp","href":"https:\/\/api.w.org\/{rel}","templated":true}]}}