{"id":6037,"date":"2023-09-25T16:00:07","date_gmt":"2023-09-25T19:00:07","guid":{"rendered":"https:\/\/medicina.udd.cl\/kinesiologia-santiago\/?p=6037"},"modified":"2023-09-27T09:27:34","modified_gmt":"2023-09-27T12:27:34","slug":"academica-udd-formara-parte-del-comite-cientifico-del-primer-congreso-latinoamericano-de-fisioterapia-en-oncologia","status":"publish","type":"post","link":"https:\/\/medicina.udd.cl\/kinesiologia-santiago\/noticias\/2023\/09\/25\/academica-udd-formara-parte-del-comite-cientifico-del-primer-congreso-latinoamericano-de-fisioterapia-en-oncologia\/","title":{"rendered":"Acad\u00e9mica UDD forma parte del Comit\u00e9 Cient\u00edfico del Primer Congreso Latinoamericano de Fisioterapia en Oncolog\u00eda"},"content":{"rendered":"\n<figure class=\"wp-block-gallery has-nested-images columns-default is-cropped wp-block-gallery-1 is-layout-flex wp-block-gallery-is-layout-flex\">\n<figure class=\"wp-block-image size-large\"><a href=\"https:\/\/medicina.udd.cl\/kinesiologia-santiago\/files\/2023\/09\/kine-paulina-araya-congreso-brasil-2024-2.jpg\"><img loading=\"lazy\" decoding=\"async\" width=\"1080\" height=\"1350\" data-id=\"6039\" src=\"https:\/\/medicina.udd.cl\/kinesiologia-santiago\/files\/2023\/09\/kine-paulina-araya-congreso-brasil-2024-2.jpg\" alt=\"\" class=\"wp-image-6039\" srcset=\"https:\/\/medicina.udd.cl\/kinesiologia-santiago\/files\/2023\/09\/kine-paulina-araya-congreso-brasil-2024-2.jpg 1080w, https:\/\/medicina.udd.cl\/kinesiologia-santiago\/files\/2023\/09\/kine-paulina-araya-congreso-brasil-2024-2-240x300.jpg 240w, https:\/\/medicina.udd.cl\/kinesiologia-santiago\/files\/2023\/09\/kine-paulina-araya-congreso-brasil-2024-2-819x1024.jpg 819w, https:\/\/medicina.udd.cl\/kinesiologia-santiago\/files\/2023\/09\/kine-paulina-araya-congreso-brasil-2024-2-768x960.jpg 768w\" sizes=\"auto, (max-width: 1080px) 100vw, 1080px\" \/><\/a><\/figure>\n\n\n\n<figure class=\"wp-block-image size-large\"><a href=\"https:\/\/medicina.udd.cl\/kinesiologia-santiago\/files\/2023\/09\/kine-paulina-araya-congreso-brasil-2024-3.jpg\"><img loading=\"lazy\" decoding=\"async\" width=\"840\" height=\"1024\" data-id=\"6040\" src=\"https:\/\/medicina.udd.cl\/kinesiologia-santiago\/files\/2023\/09\/kine-paulina-araya-congreso-brasil-2024-3.jpg\" alt=\"\" class=\"wp-image-6040\" srcset=\"https:\/\/medicina.udd.cl\/kinesiologia-santiago\/files\/2023\/09\/kine-paulina-araya-congreso-brasil-2024-3.jpg 840w, https:\/\/medicina.udd.cl\/kinesiologia-santiago\/files\/2023\/09\/kine-paulina-araya-congreso-brasil-2024-3-246x300.jpg 246w, https:\/\/medicina.udd.cl\/kinesiologia-santiago\/files\/2023\/09\/kine-paulina-araya-congreso-brasil-2024-3-768x936.jpg 768w\" sizes=\"auto, (max-width: 840px) 100vw, 840px\" \/><\/a><\/figure>\n\n\n\n<figure class=\"wp-block-image size-large\"><a href=\"https:\/\/medicina.udd.cl\/kinesiologia-santiago\/files\/2023\/09\/kine-paulina-araya-congreso-brasil-2024-1.jpg\"><img loading=\"lazy\" decoding=\"async\" width=\"1080\" height=\"1350\" data-id=\"6038\" src=\"https:\/\/medicina.udd.cl\/kinesiologia-santiago\/files\/2023\/09\/kine-paulina-araya-congreso-brasil-2024-1.jpg\" alt=\"\" class=\"wp-image-6038\" srcset=\"https:\/\/medicina.udd.cl\/kinesiologia-santiago\/files\/2023\/09\/kine-paulina-araya-congreso-brasil-2024-1.jpg 1080w, https:\/\/medicina.udd.cl\/kinesiologia-santiago\/files\/2023\/09\/kine-paulina-araya-congreso-brasil-2024-1-240x300.jpg 240w, https:\/\/medicina.udd.cl\/kinesiologia-santiago\/files\/2023\/09\/kine-paulina-araya-congreso-brasil-2024-1-819x1024.jpg 819w, https:\/\/medicina.udd.cl\/kinesiologia-santiago\/files\/2023\/09\/kine-paulina-araya-congreso-brasil-2024-1-768x960.jpg 768w\" sizes=\"auto, (max-width: 1080px) 100vw, 1080px\" \/><\/a><\/figure>\n<\/figure>\n\n\n\n<p>La Klga. Paulina Araya Castro, docente del \u00e1rea de Oncolog\u00eda en el Magister en Terapia F\u00edsica y Rehabilitaci\u00f3n (MAKI) de la carrera de Kinesiolog\u00eda de la Facultad de Medicina Cl\u00ednica Alemana de la Universidad del Desarrollo (UDD), ha sido seleccionada para formar parte del comit\u00e9 cient\u00edfico del Primer Congreso Latinoamericano de Fisioterapia en Oncolog\u00eda (COLAFO). Este relevante evento marcar\u00e1 un hito hist\u00f3rico al reunir, por primera vez, a fisioterapeutas y kinesi\u00f3logos de toda Am\u00e9rica Latina en Sao Paulo, Brasil, en abril de 2024.<\/p>\n\n\n\n<p>La invitaci\u00f3n recibida por la Klga. Paulina Araya Castro es un reconocimiento de gran importancia y lo recibe con humildad. Su participaci\u00f3n en el comit\u00e9 cient\u00edfico de este evento de envergadura no solo es un honor personal, sino que tambi\u00e9n representa un respaldo a la disciplina en Chile, la cual se encuentra a la vanguardia en habla hispana en el campo de la Kinesiolog\u00eda en Oncolog\u00eda. Es relevante se\u00f1alar que Chile se ubica en el tercer lugar de la regi\u00f3n, junto con Brasil y Estados Unidos, al contar con la especialidad de Kinesiolog\u00eda en Oncolog\u00eda reconocida (DENAKE).<\/p>\n\n\n\n<p>Este logro augura la realizaci\u00f3n de un congreso cient\u00edfico de alt\u00edsimo nivel y reafirma el compromiso y liderazgo de la acad\u00e9mica UDD, quien tambi\u00e9n se desempe\u00f1a como vicepresidente de la Sociedad Chilena de Kinesiolog\u00eda Oncol\u00f3gica (SOCHKO). Su participaci\u00f3n en el comit\u00e9 cient\u00edfico del COLAFO es un reflejo del compromiso de la UDD y de Chile en el avance de la investigaci\u00f3n y la pr\u00e1ctica en el campo de la fisioterapia y kinesiolog\u00eda oncol\u00f3gica, y promete contribuir al intercambio de conocimientos y experiencias a nivel latinoamericano.<\/p>\n","protected":false},"excerpt":{"rendered":"<p>La Klga. Paulina Araya Castro, docente del \u00e1rea de Oncolog\u00eda en el Magister en Terapia F\u00edsica y Rehabilitaci\u00f3n (MAKI) de la carrera de Kinesiolog\u00eda de la Facultad de Medicina Cl\u00ednica Alemana de la Universidad del Desarrollo (UDD), ha sido seleccionada para formar parte del comit\u00e9 cient\u00edfico del Primer Congreso Latinoamericano de Fisioterapia en Oncolog\u00eda (COLAFO). [&hellip;]<\/p>\n","protected":false},"author":9192219,"featured_media":6041,"comment_status":"closed","ping_status":"open","sticky":false,"template":"","format":"standard","meta":{"footnotes":""},"categories":[4],"tags":[],"class_list":["post-6037","post","type-post","status-publish","format-standard","has-post-thumbnail","hentry","category-noticias"],"yoast_head":"<!-- This site is optimized with the Yoast SEO plugin v26.9 - https:\/\/yoast.com\/product\/yoast-seo-wordpress\/ -->\n<title>Acad\u00e9mica UDD forma parte del Comit\u00e9 Cient\u00edfico del Primer Congreso Latinoamericano de Fisioterapia en Oncolog\u00eda - Kinesiolog\u00eda<\/title>\n<meta name=\"robots\" content=\"index, follow, max-snippet:-1, max-image-preview:large, max-video-preview:-1\" \/>\n<link rel=\"canonical\" href=\"https:\/\/medicina.udd.cl\/kinesiologia-santiago\/noticias\/2023\/09\/25\/academica-udd-formara-parte-del-comite-cientifico-del-primer-congreso-latinoamericano-de-fisioterapia-en-oncologia\/\" \/>\n<meta property=\"og:locale\" content=\"es_ES\" \/>\n<meta property=\"og:type\" content=\"article\" \/>\n<meta property=\"og:title\" content=\"Acad\u00e9mica UDD forma parte del Comit\u00e9 Cient\u00edfico del Primer Congreso Latinoamericano de Fisioterapia en Oncolog\u00eda - Kinesiolog\u00eda\" \/>\n<meta property=\"og:description\" content=\"La Klga. Paulina Araya Castro, docente del \u00e1rea de Oncolog\u00eda en el Magister en Terapia F\u00edsica y Rehabilitaci\u00f3n (MAKI) de la carrera de Kinesiolog\u00eda de la Facultad de Medicina Cl\u00ednica Alemana de la Universidad del Desarrollo (UDD), ha sido seleccionada para formar parte del comit\u00e9 cient\u00edfico del Primer Congreso Latinoamericano de Fisioterapia en Oncolog\u00eda (COLAFO). [&hellip;]\" \/>\n<meta property=\"og:url\" content=\"https:\/\/medicina.udd.cl\/kinesiologia-santiago\/noticias\/2023\/09\/25\/academica-udd-formara-parte-del-comite-cientifico-del-primer-congreso-latinoamericano-de-fisioterapia-en-oncologia\/\" \/>\n<meta property=\"og:site_name\" content=\"Kinesiolog\u00eda\" \/>\n<meta property=\"article:published_time\" content=\"2023-09-25T19:00:07+00:00\" \/>\n<meta property=\"article:modified_time\" content=\"2023-09-27T12:27:34+00:00\" \/>\n<meta property=\"og:image\" content=\"https:\/\/medicina.udd.cl\/kinesiologia-santiago\/files\/2023\/09\/paulina-arraya-chile.png\" \/>\n\t<meta property=\"og:image:width\" content=\"479\" \/>\n\t<meta property=\"og:image:height\" content=\"479\" \/>\n\t<meta property=\"og:image:type\" content=\"image\/png\" \/>\n<meta name=\"author\" content=\"rbraidy\" \/>\n<meta name=\"twitter:label1\" content=\"Escrito por\" \/>\n\t<meta name=\"twitter:data1\" content=\"rbraidy\" \/>\n\t<meta name=\"twitter:label2\" content=\"Tiempo de lectura\" \/>\n\t<meta name=\"twitter:data2\" content=\"2 minutos\" \/>\n<script type=\"application\/ld+json\" class=\"yoast-schema-graph\">{\"@context\":\"https:\/\/schema.org\",\"@graph\":[{\"@type\":\"Article\",\"@id\":\"https:\/\/medicina.udd.cl\/kinesiologia-santiago\/noticias\/2023\/09\/25\/academica-udd-formara-parte-del-comite-cientifico-del-primer-congreso-latinoamericano-de-fisioterapia-en-oncologia\/#article\",\"isPartOf\":{\"@id\":\"https:\/\/medicina.udd.cl\/kinesiologia-santiago\/noticias\/2023\/09\/25\/academica-udd-formara-parte-del-comite-cientifico-del-primer-congreso-latinoamericano-de-fisioterapia-en-oncologia\/\"},\"author\":{\"name\":\"rbraidy\",\"@id\":\"https:\/\/medicina.udd.cl\/kinesiologia-santiago\/#\/schema\/person\/dbc3705bf3a93e8be1ba6de0ef950341\"},\"headline\":\"Acad\u00e9mica UDD forma parte del Comit\u00e9 Cient\u00edfico del Primer Congreso Latinoamericano de Fisioterapia en Oncolog\u00eda\",\"datePublished\":\"2023-09-25T19:00:07+00:00\",\"dateModified\":\"2023-09-27T12:27:34+00:00\",\"mainEntityOfPage\":{\"@id\":\"https:\/\/medicina.udd.cl\/kinesiologia-santiago\/noticias\/2023\/09\/25\/academica-udd-formara-parte-del-comite-cientifico-del-primer-congreso-latinoamericano-de-fisioterapia-en-oncologia\/\"},\"wordCount\":316,\"image\":{\"@id\":\"https:\/\/medicina.udd.cl\/kinesiologia-santiago\/noticias\/2023\/09\/25\/academica-udd-formara-parte-del-comite-cientifico-del-primer-congreso-latinoamericano-de-fisioterapia-en-oncologia\/#primaryimage\"},\"thumbnailUrl\":\"https:\/\/medicina.udd.cl\/kinesiologia-santiago\/files\/2023\/09\/paulina-arraya-chile.png\",\"articleSection\":[\"Noticias\"],\"inLanguage\":\"es\"},{\"@type\":\"WebPage\",\"@id\":\"https:\/\/medicina.udd.cl\/kinesiologia-santiago\/noticias\/2023\/09\/25\/academica-udd-formara-parte-del-comite-cientifico-del-primer-congreso-latinoamericano-de-fisioterapia-en-oncologia\/\",\"url\":\"https:\/\/medicina.udd.cl\/kinesiologia-santiago\/noticias\/2023\/09\/25\/academica-udd-formara-parte-del-comite-cientifico-del-primer-congreso-latinoamericano-de-fisioterapia-en-oncologia\/\",\"name\":\"Acad\u00e9mica UDD forma parte del Comit\u00e9 Cient\u00edfico del Primer Congreso Latinoamericano de Fisioterapia en Oncolog\u00eda - Kinesiolog\u00eda\",\"isPartOf\":{\"@id\":\"https:\/\/medicina.udd.cl\/kinesiologia-santiago\/#website\"},\"primaryImageOfPage\":{\"@id\":\"https:\/\/medicina.udd.cl\/kinesiologia-santiago\/noticias\/2023\/09\/25\/academica-udd-formara-parte-del-comite-cientifico-del-primer-congreso-latinoamericano-de-fisioterapia-en-oncologia\/#primaryimage\"},\"image\":{\"@id\":\"https:\/\/medicina.udd.cl\/kinesiologia-santiago\/noticias\/2023\/09\/25\/academica-udd-formara-parte-del-comite-cientifico-del-primer-congreso-latinoamericano-de-fisioterapia-en-oncologia\/#primaryimage\"},\"thumbnailUrl\":\"https:\/\/medicina.udd.cl\/kinesiologia-santiago\/files\/2023\/09\/paulina-arraya-chile.png\",\"datePublished\":\"2023-09-25T19:00:07+00:00\",\"dateModified\":\"2023-09-27T12:27:34+00:00\",\"author\":{\"@id\":\"https:\/\/medicina.udd.cl\/kinesiologia-santiago\/#\/schema\/person\/dbc3705bf3a93e8be1ba6de0ef950341\"},\"breadcrumb\":{\"@id\":\"https:\/\/medicina.udd.cl\/kinesiologia-santiago\/noticias\/2023\/09\/25\/academica-udd-formara-parte-del-comite-cientifico-del-primer-congreso-latinoamericano-de-fisioterapia-en-oncologia\/#breadcrumb\"},\"inLanguage\":\"es\",\"potentialAction\":[{\"@type\":\"ReadAction\",\"target\":[\"https:\/\/medicina.udd.cl\/kinesiologia-santiago\/noticias\/2023\/09\/25\/academica-udd-formara-parte-del-comite-cientifico-del-primer-congreso-latinoamericano-de-fisioterapia-en-oncologia\/\"]}]},{\"@type\":\"ImageObject\",\"inLanguage\":\"es\",\"@id\":\"https:\/\/medicina.udd.cl\/kinesiologia-santiago\/noticias\/2023\/09\/25\/academica-udd-formara-parte-del-comite-cientifico-del-primer-congreso-latinoamericano-de-fisioterapia-en-oncologia\/#primaryimage\",\"url\":\"https:\/\/medicina.udd.cl\/kinesiologia-santiago\/files\/2023\/09\/paulina-arraya-chile.png\",\"contentUrl\":\"https:\/\/medicina.udd.cl\/kinesiologia-santiago\/files\/2023\/09\/paulina-arraya-chile.png\",\"width\":479,\"height\":479},{\"@type\":\"BreadcrumbList\",\"@id\":\"https:\/\/medicina.udd.cl\/kinesiologia-santiago\/noticias\/2023\/09\/25\/academica-udd-formara-parte-del-comite-cientifico-del-primer-congreso-latinoamericano-de-fisioterapia-en-oncologia\/#breadcrumb\",\"itemListElement\":[{\"@type\":\"ListItem\",\"position\":1,\"name\":\"Home\",\"item\":\"https:\/\/medicina.udd.cl\/kinesiologia-santiago\/\"},{\"@type\":\"ListItem\",\"position\":2,\"name\":\"Acad\u00e9mica UDD forma parte del Comit\u00e9 Cient\u00edfico del Primer Congreso Latinoamericano de Fisioterapia en Oncolog\u00eda\"}]},{\"@type\":\"WebSite\",\"@id\":\"https:\/\/medicina.udd.cl\/kinesiologia-santiago\/#website\",\"url\":\"https:\/\/medicina.udd.cl\/kinesiologia-santiago\/\",\"name\":\"Kinesiolog\u00eda\",\"description\":\"Facultad de Medicina Cl\u00ednica Alemana Universidad del Desarrollo\",\"inLanguage\":\"es\"},{\"@type\":\"Person\",\"@id\":\"https:\/\/medicina.udd.cl\/kinesiologia-santiago\/#\/schema\/person\/dbc3705bf3a93e8be1ba6de0ef950341\",\"name\":\"rbraidy\",\"image\":{\"@type\":\"ImageObject\",\"inLanguage\":\"es\",\"@id\":\"https:\/\/medicina.udd.cl\/kinesiologia-santiago\/#\/schema\/person\/image\/\",\"url\":\"https:\/\/secure.gravatar.com\/avatar\/0f8bc94637401590e45d2ce17eb65c274cb8870a219de6177f3f23e63fd8cdf3?s=96&d=mm&r=g\",\"contentUrl\":\"https:\/\/secure.gravatar.com\/avatar\/0f8bc94637401590e45d2ce17eb65c274cb8870a219de6177f3f23e63fd8cdf3?s=96&d=mm&r=g\",\"caption\":\"rbraidy\"},\"url\":\"https:\/\/medicina.udd.cl\/kinesiologia-santiago\/noticias\/author\/rbraidy\/\"}]}<\/script>\n<!-- \/ Yoast SEO plugin. -->","yoast_head_json":{"title":"Acad\u00e9mica UDD forma parte del Comit\u00e9 Cient\u00edfico del Primer Congreso Latinoamericano de Fisioterapia en Oncolog\u00eda - Kinesiolog\u00eda","robots":{"index":"index","follow":"follow","max-snippet":"max-snippet:-1","max-image-preview":"max-image-preview:large","max-video-preview":"max-video-preview:-1"},"canonical":"https:\/\/medicina.udd.cl\/kinesiologia-santiago\/noticias\/2023\/09\/25\/academica-udd-formara-parte-del-comite-cientifico-del-primer-congreso-latinoamericano-de-fisioterapia-en-oncologia\/","og_locale":"es_ES","og_type":"article","og_title":"Acad\u00e9mica UDD forma parte del Comit\u00e9 Cient\u00edfico del Primer Congreso Latinoamericano de Fisioterapia en Oncolog\u00eda - Kinesiolog\u00eda","og_description":"La Klga. Paulina Araya Castro, docente del \u00e1rea de Oncolog\u00eda en el Magister en Terapia F\u00edsica y Rehabilitaci\u00f3n (MAKI) de la carrera de Kinesiolog\u00eda de la Facultad de Medicina Cl\u00ednica Alemana de la Universidad del Desarrollo (UDD), ha sido seleccionada para formar parte del comit\u00e9 cient\u00edfico del Primer Congreso Latinoamericano de Fisioterapia en Oncolog\u00eda (COLAFO). [&hellip;]","og_url":"https:\/\/medicina.udd.cl\/kinesiologia-santiago\/noticias\/2023\/09\/25\/academica-udd-formara-parte-del-comite-cientifico-del-primer-congreso-latinoamericano-de-fisioterapia-en-oncologia\/","og_site_name":"Kinesiolog\u00eda","article_published_time":"2023-09-25T19:00:07+00:00","article_modified_time":"2023-09-27T12:27:34+00:00","og_image":[{"width":479,"height":479,"url":"https:\/\/medicina.udd.cl\/kinesiologia-santiago\/files\/2023\/09\/paulina-arraya-chile.png","type":"image\/png"}],"author":"rbraidy","twitter_misc":{"Escrito por":"rbraidy","Tiempo de lectura":"2 minutos"},"schema":{"@context":"https:\/\/schema.org","@graph":[{"@type":"Article","@id":"https:\/\/medicina.udd.cl\/kinesiologia-santiago\/noticias\/2023\/09\/25\/academica-udd-formara-parte-del-comite-cientifico-del-primer-congreso-latinoamericano-de-fisioterapia-en-oncologia\/#article","isPartOf":{"@id":"https:\/\/medicina.udd.cl\/kinesiologia-santiago\/noticias\/2023\/09\/25\/academica-udd-formara-parte-del-comite-cientifico-del-primer-congreso-latinoamericano-de-fisioterapia-en-oncologia\/"},"author":{"name":"rbraidy","@id":"https:\/\/medicina.udd.cl\/kinesiologia-santiago\/#\/schema\/person\/dbc3705bf3a93e8be1ba6de0ef950341"},"headline":"Acad\u00e9mica UDD forma parte del Comit\u00e9 Cient\u00edfico del Primer Congreso Latinoamericano de Fisioterapia en Oncolog\u00eda","datePublished":"2023-09-25T19:00:07+00:00","dateModified":"2023-09-27T12:27:34+00:00","mainEntityOfPage":{"@id":"https:\/\/medicina.udd.cl\/kinesiologia-santiago\/noticias\/2023\/09\/25\/academica-udd-formara-parte-del-comite-cientifico-del-primer-congreso-latinoamericano-de-fisioterapia-en-oncologia\/"},"wordCount":316,"image":{"@id":"https:\/\/medicina.udd.cl\/kinesiologia-santiago\/noticias\/2023\/09\/25\/academica-udd-formara-parte-del-comite-cientifico-del-primer-congreso-latinoamericano-de-fisioterapia-en-oncologia\/#primaryimage"},"thumbnailUrl":"https:\/\/medicina.udd.cl\/kinesiologia-santiago\/files\/2023\/09\/paulina-arraya-chile.png","articleSection":["Noticias"],"inLanguage":"es"},{"@type":"WebPage","@id":"https:\/\/medicina.udd.cl\/kinesiologia-santiago\/noticias\/2023\/09\/25\/academica-udd-formara-parte-del-comite-cientifico-del-primer-congreso-latinoamericano-de-fisioterapia-en-oncologia\/","url":"https:\/\/medicina.udd.cl\/kinesiologia-santiago\/noticias\/2023\/09\/25\/academica-udd-formara-parte-del-comite-cientifico-del-primer-congreso-latinoamericano-de-fisioterapia-en-oncologia\/","name":"Acad\u00e9mica UDD forma parte del Comit\u00e9 Cient\u00edfico del Primer Congreso Latinoamericano de Fisioterapia en Oncolog\u00eda - Kinesiolog\u00eda","isPartOf":{"@id":"https:\/\/medicina.udd.cl\/kinesiologia-santiago\/#website"},"primaryImageOfPage":{"@id":"https:\/\/medicina.udd.cl\/kinesiologia-santiago\/noticias\/2023\/09\/25\/academica-udd-formara-parte-del-comite-cientifico-del-primer-congreso-latinoamericano-de-fisioterapia-en-oncologia\/#primaryimage"},"image":{"@id":"https:\/\/medicina.udd.cl\/kinesiologia-santiago\/noticias\/2023\/09\/25\/academica-udd-formara-parte-del-comite-cientifico-del-primer-congreso-latinoamericano-de-fisioterapia-en-oncologia\/#primaryimage"},"thumbnailUrl":"https:\/\/medicina.udd.cl\/kinesiologia-santiago\/files\/2023\/09\/paulina-arraya-chile.png","datePublished":"2023-09-25T19:00:07+00:00","dateModified":"2023-09-27T12:27:34+00:00","author":{"@id":"https:\/\/medicina.udd.cl\/kinesiologia-santiago\/#\/schema\/person\/dbc3705bf3a93e8be1ba6de0ef950341"},"breadcrumb":{"@id":"https:\/\/medicina.udd.cl\/kinesiologia-santiago\/noticias\/2023\/09\/25\/academica-udd-formara-parte-del-comite-cientifico-del-primer-congreso-latinoamericano-de-fisioterapia-en-oncologia\/#breadcrumb"},"inLanguage":"es","potentialAction":[{"@type":"ReadAction","target":["https:\/\/medicina.udd.cl\/kinesiologia-santiago\/noticias\/2023\/09\/25\/academica-udd-formara-parte-del-comite-cientifico-del-primer-congreso-latinoamericano-de-fisioterapia-en-oncologia\/"]}]},{"@type":"ImageObject","inLanguage":"es","@id":"https:\/\/medicina.udd.cl\/kinesiologia-santiago\/noticias\/2023\/09\/25\/academica-udd-formara-parte-del-comite-cientifico-del-primer-congreso-latinoamericano-de-fisioterapia-en-oncologia\/#primaryimage","url":"https:\/\/medicina.udd.cl\/kinesiologia-santiago\/files\/2023\/09\/paulina-arraya-chile.png","contentUrl":"https:\/\/medicina.udd.cl\/kinesiologia-santiago\/files\/2023\/09\/paulina-arraya-chile.png","width":479,"height":479},{"@type":"BreadcrumbList","@id":"https:\/\/medicina.udd.cl\/kinesiologia-santiago\/noticias\/2023\/09\/25\/academica-udd-formara-parte-del-comite-cientifico-del-primer-congreso-latinoamericano-de-fisioterapia-en-oncologia\/#breadcrumb","itemListElement":[{"@type":"ListItem","position":1,"name":"Home","item":"https:\/\/medicina.udd.cl\/kinesiologia-santiago\/"},{"@type":"ListItem","position":2,"name":"Acad\u00e9mica UDD forma parte del Comit\u00e9 Cient\u00edfico del Primer Congreso Latinoamericano de Fisioterapia en Oncolog\u00eda"}]},{"@type":"WebSite","@id":"https:\/\/medicina.udd.cl\/kinesiologia-santiago\/#website","url":"https:\/\/medicina.udd.cl\/kinesiologia-santiago\/","name":"Kinesiolog\u00eda","description":"Facultad de Medicina Cl\u00ednica Alemana Universidad del Desarrollo","inLanguage":"es"},{"@type":"Person","@id":"https:\/\/medicina.udd.cl\/kinesiologia-santiago\/#\/schema\/person\/dbc3705bf3a93e8be1ba6de0ef950341","name":"rbraidy","image":{"@type":"ImageObject","inLanguage":"es","@id":"https:\/\/medicina.udd.cl\/kinesiologia-santiago\/#\/schema\/person\/image\/","url":"https:\/\/secure.gravatar.com\/avatar\/0f8bc94637401590e45d2ce17eb65c274cb8870a219de6177f3f23e63fd8cdf3?s=96&d=mm&r=g","contentUrl":"https:\/\/secure.gravatar.com\/avatar\/0f8bc94637401590e45d2ce17eb65c274cb8870a219de6177f3f23e63fd8cdf3?s=96&d=mm&r=g","caption":"rbraidy"},"url":"https:\/\/medicina.udd.cl\/kinesiologia-santiago\/noticias\/author\/rbraidy\/"}]}},"featured_image_url":"https:\/\/medicina.udd.cl\/kinesiologia-santiago\/files\/2023\/09\/paulina-arraya-chile.png","_links":{"self":[{"href":"https:\/\/medicina.udd.cl\/kinesiologia-santiago\/wp-json\/wp\/v2\/posts\/6037","targetHints":{"allow":["GET"]}}],"collection":[{"href":"https:\/\/medicina.udd.cl\/kinesiologia-santiago\/wp-json\/wp\/v2\/posts"}],"about":[{"href":"https:\/\/medicina.udd.cl\/kinesiologia-santiago\/wp-json\/wp\/v2\/types\/post"}],"author":[{"embeddable":true,"href":"https:\/\/medicina.udd.cl\/kinesiologia-santiago\/wp-json\/wp\/v2\/users\/9192219"}],"replies":[{"embeddable":true,"href":"https:\/\/medicina.udd.cl\/kinesiologia-santiago\/wp-json\/wp\/v2\/comments?post=6037"}],"version-history":[{"count":2,"href":"https:\/\/medicina.udd.cl\/kinesiologia-santiago\/wp-json\/wp\/v2\/posts\/6037\/revisions"}],"predecessor-version":[{"id":6043,"href":"https:\/\/medicina.udd.cl\/kinesiologia-santiago\/wp-json\/wp\/v2\/posts\/6037\/revisions\/6043"}],"wp:featuredmedia":[{"embeddable":true,"href":"https:\/\/medicina.udd.cl\/kinesiologia-santiago\/wp-json\/wp\/v2\/media\/6041"}],"wp:attachment":[{"href":"https:\/\/medicina.udd.cl\/kinesiologia-santiago\/wp-json\/wp\/v2\/media?parent=6037"}],"wp:term":[{"taxonomy":"category","embeddable":true,"href":"https:\/\/medicina.udd.cl\/kinesiologia-santiago\/wp-json\/wp\/v2\/categories?post=6037"},{"taxonomy":"post_tag","embeddable":true,"href":"https:\/\/medicina.udd.cl\/kinesiologia-santiago\/wp-json\/wp\/v2\/tags?post=6037"}],"curies":[{"name":"wp","href":"https:\/\/api.w.org\/{rel}","templated":true}]}}