{"id":6045,"date":"2023-09-29T12:39:37","date_gmt":"2023-09-29T15:39:37","guid":{"rendered":"https:\/\/medicina.udd.cl\/kinesiologia-santiago\/?p=6045"},"modified":"2023-09-29T12:40:54","modified_gmt":"2023-09-29T15:40:54","slug":"director-de-kinesiologia-udd-asume-la-presidencia-de-denake","status":"publish","type":"post","link":"https:\/\/medicina.udd.cl\/kinesiologia-santiago\/noticias\/2023\/09\/29\/director-de-kinesiologia-udd-asume-la-presidencia-de-denake\/","title":{"rendered":"Director de Kinesiolog\u00eda UDD asume la presidencia de DENAKE"},"content":{"rendered":"\n<figure class=\"wp-block-image alignright size-large is-resized\"><a href=\"https:\/\/medicina.udd.cl\/kinesiologia-santiago\/files\/2023\/09\/74d5c04e204440e5bed996b52eeeed28.jpg\"><img loading=\"lazy\" decoding=\"async\" src=\"https:\/\/medicina.udd.cl\/kinesiologia-santiago\/files\/2023\/09\/74d5c04e204440e5bed996b52eeeed28-1024x1024.jpg\" alt=\"\" class=\"wp-image-6048\" width=\"512\" height=\"512\" srcset=\"https:\/\/medicina.udd.cl\/kinesiologia-santiago\/files\/2023\/09\/74d5c04e204440e5bed996b52eeeed28-1024x1024.jpg 1024w, https:\/\/medicina.udd.cl\/kinesiologia-santiago\/files\/2023\/09\/74d5c04e204440e5bed996b52eeeed28-300x300.jpg 300w, https:\/\/medicina.udd.cl\/kinesiologia-santiago\/files\/2023\/09\/74d5c04e204440e5bed996b52eeeed28-150x150.jpg 150w, https:\/\/medicina.udd.cl\/kinesiologia-santiago\/files\/2023\/09\/74d5c04e204440e5bed996b52eeeed28-768x768.jpg 768w, https:\/\/medicina.udd.cl\/kinesiologia-santiago\/files\/2023\/09\/74d5c04e204440e5bed996b52eeeed28-62x62.jpg 62w, https:\/\/medicina.udd.cl\/kinesiologia-santiago\/files\/2023\/09\/74d5c04e204440e5bed996b52eeeed28-750x750.jpg 750w, https:\/\/medicina.udd.cl\/kinesiologia-santiago\/files\/2023\/09\/74d5c04e204440e5bed996b52eeeed28-500x500.jpg 500w, https:\/\/medicina.udd.cl\/kinesiologia-santiago\/files\/2023\/09\/74d5c04e204440e5bed996b52eeeed28-250x250.jpg 250w, https:\/\/medicina.udd.cl\/kinesiologia-santiago\/files\/2023\/09\/74d5c04e204440e5bed996b52eeeed28-126x126.jpg 126w, https:\/\/medicina.udd.cl\/kinesiologia-santiago\/files\/2023\/09\/74d5c04e204440e5bed996b52eeeed28.jpg 1080w\" sizes=\"auto, (max-width: 512px) 100vw, 512px\" \/><\/a><\/figure>\n\n\n\n<p><a href=\"https:\/\/www.denake.cl\/\">La Asociaci\u00f3n Nacional de Acreditaci\u00f3n de Kinesi\u00f3logos Especialistas (DENAKE)<\/a>&nbsp;ha anunciado su nuevo presidente para el per\u00edodo 2023-2025, y se trata de&nbsp;<a href=\"https:\/\/medicina.udd.cl\/kinesiologia-santiago\/persona\/jorge-molina-blamey\/\">Jorge Molina Blamey<\/a>, director de la carrera de&nbsp;<a href=\"https:\/\/medicina.udd.cl\/kinesiologia-santiago\/\">Kinesiolog\u00eda<\/a>&nbsp;de la<a href=\"https:\/\/medicina.udd.cl\/\">&nbsp;Facultad de Medicina Cl\u00ednica Alemana Universidad del Desarrollo<\/a>. Este nombramiento representa un hito significativo en la trayectoria del acad\u00e9mico UDD, as\u00ed como un avance importante para la kinesiolog\u00eda en Chile.<\/p>\n\n\n\n<p><a href=\"https:\/\/www.denake.cl\/\">DENAKE,<\/a>&nbsp;una entidad nacional de car\u00e1cter aut\u00f3nomo est\u00e1 compuesta por el Colegio de Kinesi\u00f3logos de Chile, las Sociedades Cient\u00edficas de Kinesiolog\u00eda y las organizaciones acad\u00e9micas de Kinesiolog\u00eda de diversas universidades chilenas. Su misi\u00f3n principal es la acreditaci\u00f3n de especialidades en Kinesiolog\u00eda y la certificaci\u00f3n de kinesi\u00f3logos especialistas, con un enfoque riguroso y profesional.<\/p>\n\n\n\n<p>En su primer comunicado como presidente de DENAKE, Jorge Molina Blamey expres\u00f3 su orgullo y compromiso con la asociaci\u00f3n:&nbsp;<em>\u00abRecibo la noticia con mucho orgullo, entendiendo la relevancia de la asociaci\u00f3n que hoy presido, motivado por avanzar en el desarrollo de nuestra profesi\u00f3n, apoyando los procesos de acreditaci\u00f3n y certificaci\u00f3n de especialidades y especialistas en kinesiolog\u00eda. Gracias al DENAKE, los kinesi\u00f3logos estamos siendo reconocidos a nivel nacional e internacional por tener competencias diferenciadoras en base a una formaci\u00f3n continua, y ese es el camino que debemos potenciar. Agradezco la confianza y recibo con mucha expectativa este desaf\u00edo\u00bb.<\/em><\/p>\n\n\n\n<p>La asociaci\u00f3n DENAKE est\u00e1 cerca de celebrar sus 20 a\u00f1os de existencia y ha desempe\u00f1ado un papel fundamental en la consolidaci\u00f3n de est\u00e1ndares de calidad en la kinesiolog\u00eda chilena. La carrera de Kinesiolog\u00eda de la Facultad de Medicina Cl\u00ednica Alemana de la Universidad del Desarrollo ha sido miembro activo de esta organizaci\u00f3n desde sus inicios, y ahora celebra junto a su director este trascendental nombramiento que promete impulsar a\u00fan m\u00e1s el desarrollo y reconocimiento de la kinesiolog\u00eda en el pa\u00eds.<\/p>\n\n\n\n<p>Cabe destacar que, junto a Jorge Molina, se unen dos profesionales UDD en esta directiva DENAKE (per\u00edodo 2023-2025) que desempe\u00f1ar\u00e1n roles clave en esta importante asociaci\u00f3n: La Klga. Paulina Araya Castro, reconocida experta en el \u00e1rea de Oncolog\u00eda y docente del Magister en Terapia F\u00edsica y Rehabilitaci\u00f3n (MAKI) de la carrera de Kinesiolog\u00eda UDD, asume la direcci\u00f3n del estamento Sociedad Cient\u00edfica. Su experiencia y compromiso en esta especialidad aportar\u00e1n un valioso enfoque a la directiva.<\/p>\n\n\n\n<p>Por otro lado, el Klgo. Oscar Urrejola Ortiz, profesor e investigador del Centro de Epidemiolog\u00eda y Pol\u00edticas de Salud (CEPS) de la Facultad de Medicina Cl\u00ednica Alemana UDD, ocupar\u00e1 el puesto de secretario del estamento Sociedad Cient\u00edfica. Sus conocimientos en epidemiolog\u00eda y pol\u00edticas de salud ser\u00e1n fundamentales en el desarrollo de las actividades de DENAKE.<\/p>\n\n\n\n<figure class=\"wp-block-gallery has-nested-images columns-default is-cropped wp-block-gallery-1 is-layout-flex wp-block-gallery-is-layout-flex\">\n<figure class=\"wp-block-image size-large\"><a href=\"https:\/\/medicina.udd.cl\/kinesiologia-santiago\/files\/2023\/09\/5127338adf274764ad01f2d4532aa053.jpg\"><img loading=\"lazy\" decoding=\"async\" width=\"1080\" height=\"1080\" data-id=\"6046\" src=\"https:\/\/medicina.udd.cl\/kinesiologia-santiago\/files\/2023\/09\/5127338adf274764ad01f2d4532aa053.jpg\" alt=\"\" class=\"wp-image-6046\" srcset=\"https:\/\/medicina.udd.cl\/kinesiologia-santiago\/files\/2023\/09\/5127338adf274764ad01f2d4532aa053.jpg 1080w, https:\/\/medicina.udd.cl\/kinesiologia-santiago\/files\/2023\/09\/5127338adf274764ad01f2d4532aa053-300x300.jpg 300w, https:\/\/medicina.udd.cl\/kinesiologia-santiago\/files\/2023\/09\/5127338adf274764ad01f2d4532aa053-1024x1024.jpg 1024w, https:\/\/medicina.udd.cl\/kinesiologia-santiago\/files\/2023\/09\/5127338adf274764ad01f2d4532aa053-150x150.jpg 150w, https:\/\/medicina.udd.cl\/kinesiologia-santiago\/files\/2023\/09\/5127338adf274764ad01f2d4532aa053-768x768.jpg 768w, https:\/\/medicina.udd.cl\/kinesiologia-santiago\/files\/2023\/09\/5127338adf274764ad01f2d4532aa053-62x62.jpg 62w, https:\/\/medicina.udd.cl\/kinesiologia-santiago\/files\/2023\/09\/5127338adf274764ad01f2d4532aa053-750x750.jpg 750w, https:\/\/medicina.udd.cl\/kinesiologia-santiago\/files\/2023\/09\/5127338adf274764ad01f2d4532aa053-500x500.jpg 500w, https:\/\/medicina.udd.cl\/kinesiologia-santiago\/files\/2023\/09\/5127338adf274764ad01f2d4532aa053-250x250.jpg 250w, https:\/\/medicina.udd.cl\/kinesiologia-santiago\/files\/2023\/09\/5127338adf274764ad01f2d4532aa053-126x126.jpg 126w\" sizes=\"auto, (max-width: 1080px) 100vw, 1080px\" \/><\/a><\/figure>\n\n\n\n<figure class=\"wp-block-image size-large\"><a href=\"https:\/\/medicina.udd.cl\/kinesiologia-santiago\/files\/2023\/09\/4cf16ddc48df4c6dabb91e80e2b03a6d.jpg\"><img loading=\"lazy\" decoding=\"async\" width=\"1080\" height=\"1080\" data-id=\"6047\" src=\"https:\/\/medicina.udd.cl\/kinesiologia-santiago\/files\/2023\/09\/4cf16ddc48df4c6dabb91e80e2b03a6d.jpg\" alt=\"\" class=\"wp-image-6047\" srcset=\"https:\/\/medicina.udd.cl\/kinesiologia-santiago\/files\/2023\/09\/4cf16ddc48df4c6dabb91e80e2b03a6d.jpg 1080w, https:\/\/medicina.udd.cl\/kinesiologia-santiago\/files\/2023\/09\/4cf16ddc48df4c6dabb91e80e2b03a6d-300x300.jpg 300w, https:\/\/medicina.udd.cl\/kinesiologia-santiago\/files\/2023\/09\/4cf16ddc48df4c6dabb91e80e2b03a6d-1024x1024.jpg 1024w, https:\/\/medicina.udd.cl\/kinesiologia-santiago\/files\/2023\/09\/4cf16ddc48df4c6dabb91e80e2b03a6d-150x150.jpg 150w, https:\/\/medicina.udd.cl\/kinesiologia-santiago\/files\/2023\/09\/4cf16ddc48df4c6dabb91e80e2b03a6d-768x768.jpg 768w, https:\/\/medicina.udd.cl\/kinesiologia-santiago\/files\/2023\/09\/4cf16ddc48df4c6dabb91e80e2b03a6d-62x62.jpg 62w, https:\/\/medicina.udd.cl\/kinesiologia-santiago\/files\/2023\/09\/4cf16ddc48df4c6dabb91e80e2b03a6d-750x750.jpg 750w, https:\/\/medicina.udd.cl\/kinesiologia-santiago\/files\/2023\/09\/4cf16ddc48df4c6dabb91e80e2b03a6d-500x500.jpg 500w, https:\/\/medicina.udd.cl\/kinesiologia-santiago\/files\/2023\/09\/4cf16ddc48df4c6dabb91e80e2b03a6d-250x250.jpg 250w, https:\/\/medicina.udd.cl\/kinesiologia-santiago\/files\/2023\/09\/4cf16ddc48df4c6dabb91e80e2b03a6d-126x126.jpg 126w\" sizes=\"auto, (max-width: 1080px) 100vw, 1080px\" \/><\/a><\/figure>\n<\/figure>\n","protected":false},"excerpt":{"rendered":"<p>La Asociaci\u00f3n Nacional de Acreditaci\u00f3n de Kinesi\u00f3logos Especialistas (DENAKE)&nbsp;ha anunciado su nuevo presidente para el per\u00edodo 2023-2025, y se trata de&nbsp;Jorge Molina Blamey, director de la carrera de&nbsp;Kinesiolog\u00eda&nbsp;de la&nbsp;Facultad de Medicina Cl\u00ednica Alemana Universidad del Desarrollo. Este nombramiento representa un hito significativo en la trayectoria del acad\u00e9mico UDD, as\u00ed como un avance importante para la [&hellip;]<\/p>\n","protected":false},"author":9192219,"featured_media":6049,"comment_status":"closed","ping_status":"open","sticky":false,"template":"","format":"standard","meta":{"footnotes":""},"categories":[4],"tags":[],"class_list":["post-6045","post","type-post","status-publish","format-standard","has-post-thumbnail","hentry","category-noticias"],"yoast_head":"<!-- This site is optimized with the Yoast SEO plugin v26.9 - https:\/\/yoast.com\/product\/yoast-seo-wordpress\/ -->\n<title>Director de Kinesiolog\u00eda UDD asume la presidencia de DENAKE - Kinesiolog\u00eda<\/title>\n<meta name=\"robots\" content=\"index, follow, max-snippet:-1, max-image-preview:large, max-video-preview:-1\" \/>\n<link rel=\"canonical\" href=\"https:\/\/medicina.udd.cl\/kinesiologia-santiago\/noticias\/2023\/09\/29\/director-de-kinesiologia-udd-asume-la-presidencia-de-denake\/\" \/>\n<meta property=\"og:locale\" content=\"es_ES\" \/>\n<meta property=\"og:type\" content=\"article\" \/>\n<meta property=\"og:title\" content=\"Director de Kinesiolog\u00eda UDD asume la presidencia de DENAKE - Kinesiolog\u00eda\" \/>\n<meta property=\"og:description\" content=\"La Asociaci\u00f3n Nacional de Acreditaci\u00f3n de Kinesi\u00f3logos Especialistas (DENAKE)&nbsp;ha anunciado su nuevo presidente para el per\u00edodo 2023-2025, y se trata de&nbsp;Jorge Molina Blamey, director de la carrera de&nbsp;Kinesiolog\u00eda&nbsp;de la&nbsp;Facultad de Medicina Cl\u00ednica Alemana Universidad del Desarrollo. Este nombramiento representa un hito significativo en la trayectoria del acad\u00e9mico UDD, as\u00ed como un avance importante para la [&hellip;]\" \/>\n<meta property=\"og:url\" content=\"https:\/\/medicina.udd.cl\/kinesiologia-santiago\/noticias\/2023\/09\/29\/director-de-kinesiologia-udd-asume-la-presidencia-de-denake\/\" \/>\n<meta property=\"og:site_name\" content=\"Kinesiolog\u00eda\" \/>\n<meta property=\"article:published_time\" content=\"2023-09-29T15:39:37+00:00\" \/>\n<meta property=\"article:modified_time\" content=\"2023-09-29T15:40:54+00:00\" \/>\n<meta property=\"og:image\" content=\"https:\/\/medicina.udd.cl\/kinesiologia-santiago\/files\/2023\/09\/jorge-molina-ene_.jpg\" \/>\n\t<meta property=\"og:image:width\" content=\"2096\" \/>\n\t<meta property=\"og:image:height\" content=\"2196\" \/>\n\t<meta property=\"og:image:type\" content=\"image\/jpeg\" \/>\n<meta name=\"author\" content=\"rbraidy\" \/>\n<meta name=\"twitter:label1\" content=\"Escrito por\" \/>\n\t<meta name=\"twitter:data1\" content=\"rbraidy\" \/>\n\t<meta name=\"twitter:label2\" content=\"Tiempo de lectura\" \/>\n\t<meta name=\"twitter:data2\" content=\"3 minutos\" \/>\n<script type=\"application\/ld+json\" class=\"yoast-schema-graph\">{\"@context\":\"https:\/\/schema.org\",\"@graph\":[{\"@type\":\"Article\",\"@id\":\"https:\/\/medicina.udd.cl\/kinesiologia-santiago\/noticias\/2023\/09\/29\/director-de-kinesiologia-udd-asume-la-presidencia-de-denake\/#article\",\"isPartOf\":{\"@id\":\"https:\/\/medicina.udd.cl\/kinesiologia-santiago\/noticias\/2023\/09\/29\/director-de-kinesiologia-udd-asume-la-presidencia-de-denake\/\"},\"author\":{\"name\":\"rbraidy\",\"@id\":\"https:\/\/medicina.udd.cl\/kinesiologia-santiago\/#\/schema\/person\/dbc3705bf3a93e8be1ba6de0ef950341\"},\"headline\":\"Director de Kinesiolog\u00eda UDD asume la presidencia de DENAKE\",\"datePublished\":\"2023-09-29T15:39:37+00:00\",\"dateModified\":\"2023-09-29T15:40:54+00:00\",\"mainEntityOfPage\":{\"@id\":\"https:\/\/medicina.udd.cl\/kinesiologia-santiago\/noticias\/2023\/09\/29\/director-de-kinesiologia-udd-asume-la-presidencia-de-denake\/\"},\"wordCount\":499,\"image\":{\"@id\":\"https:\/\/medicina.udd.cl\/kinesiologia-santiago\/noticias\/2023\/09\/29\/director-de-kinesiologia-udd-asume-la-presidencia-de-denake\/#primaryimage\"},\"thumbnailUrl\":\"https:\/\/medicina.udd.cl\/kinesiologia-santiago\/files\/2023\/09\/jorge-molina-ene_.jpg\",\"articleSection\":[\"Noticias\"],\"inLanguage\":\"es\"},{\"@type\":\"WebPage\",\"@id\":\"https:\/\/medicina.udd.cl\/kinesiologia-santiago\/noticias\/2023\/09\/29\/director-de-kinesiologia-udd-asume-la-presidencia-de-denake\/\",\"url\":\"https:\/\/medicina.udd.cl\/kinesiologia-santiago\/noticias\/2023\/09\/29\/director-de-kinesiologia-udd-asume-la-presidencia-de-denake\/\",\"name\":\"Director de Kinesiolog\u00eda UDD asume la presidencia de DENAKE - Kinesiolog\u00eda\",\"isPartOf\":{\"@id\":\"https:\/\/medicina.udd.cl\/kinesiologia-santiago\/#website\"},\"primaryImageOfPage\":{\"@id\":\"https:\/\/medicina.udd.cl\/kinesiologia-santiago\/noticias\/2023\/09\/29\/director-de-kinesiologia-udd-asume-la-presidencia-de-denake\/#primaryimage\"},\"image\":{\"@id\":\"https:\/\/medicina.udd.cl\/kinesiologia-santiago\/noticias\/2023\/09\/29\/director-de-kinesiologia-udd-asume-la-presidencia-de-denake\/#primaryimage\"},\"thumbnailUrl\":\"https:\/\/medicina.udd.cl\/kinesiologia-santiago\/files\/2023\/09\/jorge-molina-ene_.jpg\",\"datePublished\":\"2023-09-29T15:39:37+00:00\",\"dateModified\":\"2023-09-29T15:40:54+00:00\",\"author\":{\"@id\":\"https:\/\/medicina.udd.cl\/kinesiologia-santiago\/#\/schema\/person\/dbc3705bf3a93e8be1ba6de0ef950341\"},\"breadcrumb\":{\"@id\":\"https:\/\/medicina.udd.cl\/kinesiologia-santiago\/noticias\/2023\/09\/29\/director-de-kinesiologia-udd-asume-la-presidencia-de-denake\/#breadcrumb\"},\"inLanguage\":\"es\",\"potentialAction\":[{\"@type\":\"ReadAction\",\"target\":[\"https:\/\/medicina.udd.cl\/kinesiologia-santiago\/noticias\/2023\/09\/29\/director-de-kinesiologia-udd-asume-la-presidencia-de-denake\/\"]}]},{\"@type\":\"ImageObject\",\"inLanguage\":\"es\",\"@id\":\"https:\/\/medicina.udd.cl\/kinesiologia-santiago\/noticias\/2023\/09\/29\/director-de-kinesiologia-udd-asume-la-presidencia-de-denake\/#primaryimage\",\"url\":\"https:\/\/medicina.udd.cl\/kinesiologia-santiago\/files\/2023\/09\/jorge-molina-ene_.jpg\",\"contentUrl\":\"https:\/\/medicina.udd.cl\/kinesiologia-santiago\/files\/2023\/09\/jorge-molina-ene_.jpg\",\"width\":2096,\"height\":2196},{\"@type\":\"BreadcrumbList\",\"@id\":\"https:\/\/medicina.udd.cl\/kinesiologia-santiago\/noticias\/2023\/09\/29\/director-de-kinesiologia-udd-asume-la-presidencia-de-denake\/#breadcrumb\",\"itemListElement\":[{\"@type\":\"ListItem\",\"position\":1,\"name\":\"Home\",\"item\":\"https:\/\/medicina.udd.cl\/kinesiologia-santiago\/\"},{\"@type\":\"ListItem\",\"position\":2,\"name\":\"Director de Kinesiolog\u00eda UDD asume la presidencia de DENAKE\"}]},{\"@type\":\"WebSite\",\"@id\":\"https:\/\/medicina.udd.cl\/kinesiologia-santiago\/#website\",\"url\":\"https:\/\/medicina.udd.cl\/kinesiologia-santiago\/\",\"name\":\"Kinesiolog\u00eda\",\"description\":\"Facultad de Medicina Cl\u00ednica Alemana Universidad del Desarrollo\",\"inLanguage\":\"es\"},{\"@type\":\"Person\",\"@id\":\"https:\/\/medicina.udd.cl\/kinesiologia-santiago\/#\/schema\/person\/dbc3705bf3a93e8be1ba6de0ef950341\",\"name\":\"rbraidy\",\"image\":{\"@type\":\"ImageObject\",\"inLanguage\":\"es\",\"@id\":\"https:\/\/medicina.udd.cl\/kinesiologia-santiago\/#\/schema\/person\/image\/\",\"url\":\"https:\/\/secure.gravatar.com\/avatar\/0f8bc94637401590e45d2ce17eb65c274cb8870a219de6177f3f23e63fd8cdf3?s=96&d=mm&r=g\",\"contentUrl\":\"https:\/\/secure.gravatar.com\/avatar\/0f8bc94637401590e45d2ce17eb65c274cb8870a219de6177f3f23e63fd8cdf3?s=96&d=mm&r=g\",\"caption\":\"rbraidy\"},\"url\":\"https:\/\/medicina.udd.cl\/kinesiologia-santiago\/noticias\/author\/rbraidy\/\"}]}<\/script>\n<!-- \/ Yoast SEO plugin. -->","yoast_head_json":{"title":"Director de Kinesiolog\u00eda UDD asume la presidencia de DENAKE - Kinesiolog\u00eda","robots":{"index":"index","follow":"follow","max-snippet":"max-snippet:-1","max-image-preview":"max-image-preview:large","max-video-preview":"max-video-preview:-1"},"canonical":"https:\/\/medicina.udd.cl\/kinesiologia-santiago\/noticias\/2023\/09\/29\/director-de-kinesiologia-udd-asume-la-presidencia-de-denake\/","og_locale":"es_ES","og_type":"article","og_title":"Director de Kinesiolog\u00eda UDD asume la presidencia de DENAKE - Kinesiolog\u00eda","og_description":"La Asociaci\u00f3n Nacional de Acreditaci\u00f3n de Kinesi\u00f3logos Especialistas (DENAKE)&nbsp;ha anunciado su nuevo presidente para el per\u00edodo 2023-2025, y se trata de&nbsp;Jorge Molina Blamey, director de la carrera de&nbsp;Kinesiolog\u00eda&nbsp;de la&nbsp;Facultad de Medicina Cl\u00ednica Alemana Universidad del Desarrollo. Este nombramiento representa un hito significativo en la trayectoria del acad\u00e9mico UDD, as\u00ed como un avance importante para la [&hellip;]","og_url":"https:\/\/medicina.udd.cl\/kinesiologia-santiago\/noticias\/2023\/09\/29\/director-de-kinesiologia-udd-asume-la-presidencia-de-denake\/","og_site_name":"Kinesiolog\u00eda","article_published_time":"2023-09-29T15:39:37+00:00","article_modified_time":"2023-09-29T15:40:54+00:00","og_image":[{"width":2096,"height":2196,"url":"https:\/\/medicina.udd.cl\/kinesiologia-santiago\/files\/2023\/09\/jorge-molina-ene_.jpg","type":"image\/jpeg"}],"author":"rbraidy","twitter_misc":{"Escrito por":"rbraidy","Tiempo de lectura":"3 minutos"},"schema":{"@context":"https:\/\/schema.org","@graph":[{"@type":"Article","@id":"https:\/\/medicina.udd.cl\/kinesiologia-santiago\/noticias\/2023\/09\/29\/director-de-kinesiologia-udd-asume-la-presidencia-de-denake\/#article","isPartOf":{"@id":"https:\/\/medicina.udd.cl\/kinesiologia-santiago\/noticias\/2023\/09\/29\/director-de-kinesiologia-udd-asume-la-presidencia-de-denake\/"},"author":{"name":"rbraidy","@id":"https:\/\/medicina.udd.cl\/kinesiologia-santiago\/#\/schema\/person\/dbc3705bf3a93e8be1ba6de0ef950341"},"headline":"Director de Kinesiolog\u00eda UDD asume la presidencia de DENAKE","datePublished":"2023-09-29T15:39:37+00:00","dateModified":"2023-09-29T15:40:54+00:00","mainEntityOfPage":{"@id":"https:\/\/medicina.udd.cl\/kinesiologia-santiago\/noticias\/2023\/09\/29\/director-de-kinesiologia-udd-asume-la-presidencia-de-denake\/"},"wordCount":499,"image":{"@id":"https:\/\/medicina.udd.cl\/kinesiologia-santiago\/noticias\/2023\/09\/29\/director-de-kinesiologia-udd-asume-la-presidencia-de-denake\/#primaryimage"},"thumbnailUrl":"https:\/\/medicina.udd.cl\/kinesiologia-santiago\/files\/2023\/09\/jorge-molina-ene_.jpg","articleSection":["Noticias"],"inLanguage":"es"},{"@type":"WebPage","@id":"https:\/\/medicina.udd.cl\/kinesiologia-santiago\/noticias\/2023\/09\/29\/director-de-kinesiologia-udd-asume-la-presidencia-de-denake\/","url":"https:\/\/medicina.udd.cl\/kinesiologia-santiago\/noticias\/2023\/09\/29\/director-de-kinesiologia-udd-asume-la-presidencia-de-denake\/","name":"Director de Kinesiolog\u00eda UDD asume la presidencia de DENAKE - Kinesiolog\u00eda","isPartOf":{"@id":"https:\/\/medicina.udd.cl\/kinesiologia-santiago\/#website"},"primaryImageOfPage":{"@id":"https:\/\/medicina.udd.cl\/kinesiologia-santiago\/noticias\/2023\/09\/29\/director-de-kinesiologia-udd-asume-la-presidencia-de-denake\/#primaryimage"},"image":{"@id":"https:\/\/medicina.udd.cl\/kinesiologia-santiago\/noticias\/2023\/09\/29\/director-de-kinesiologia-udd-asume-la-presidencia-de-denake\/#primaryimage"},"thumbnailUrl":"https:\/\/medicina.udd.cl\/kinesiologia-santiago\/files\/2023\/09\/jorge-molina-ene_.jpg","datePublished":"2023-09-29T15:39:37+00:00","dateModified":"2023-09-29T15:40:54+00:00","author":{"@id":"https:\/\/medicina.udd.cl\/kinesiologia-santiago\/#\/schema\/person\/dbc3705bf3a93e8be1ba6de0ef950341"},"breadcrumb":{"@id":"https:\/\/medicina.udd.cl\/kinesiologia-santiago\/noticias\/2023\/09\/29\/director-de-kinesiologia-udd-asume-la-presidencia-de-denake\/#breadcrumb"},"inLanguage":"es","potentialAction":[{"@type":"ReadAction","target":["https:\/\/medicina.udd.cl\/kinesiologia-santiago\/noticias\/2023\/09\/29\/director-de-kinesiologia-udd-asume-la-presidencia-de-denake\/"]}]},{"@type":"ImageObject","inLanguage":"es","@id":"https:\/\/medicina.udd.cl\/kinesiologia-santiago\/noticias\/2023\/09\/29\/director-de-kinesiologia-udd-asume-la-presidencia-de-denake\/#primaryimage","url":"https:\/\/medicina.udd.cl\/kinesiologia-santiago\/files\/2023\/09\/jorge-molina-ene_.jpg","contentUrl":"https:\/\/medicina.udd.cl\/kinesiologia-santiago\/files\/2023\/09\/jorge-molina-ene_.jpg","width":2096,"height":2196},{"@type":"BreadcrumbList","@id":"https:\/\/medicina.udd.cl\/kinesiologia-santiago\/noticias\/2023\/09\/29\/director-de-kinesiologia-udd-asume-la-presidencia-de-denake\/#breadcrumb","itemListElement":[{"@type":"ListItem","position":1,"name":"Home","item":"https:\/\/medicina.udd.cl\/kinesiologia-santiago\/"},{"@type":"ListItem","position":2,"name":"Director de Kinesiolog\u00eda UDD asume la presidencia de DENAKE"}]},{"@type":"WebSite","@id":"https:\/\/medicina.udd.cl\/kinesiologia-santiago\/#website","url":"https:\/\/medicina.udd.cl\/kinesiologia-santiago\/","name":"Kinesiolog\u00eda","description":"Facultad de Medicina Cl\u00ednica Alemana Universidad del Desarrollo","inLanguage":"es"},{"@type":"Person","@id":"https:\/\/medicina.udd.cl\/kinesiologia-santiago\/#\/schema\/person\/dbc3705bf3a93e8be1ba6de0ef950341","name":"rbraidy","image":{"@type":"ImageObject","inLanguage":"es","@id":"https:\/\/medicina.udd.cl\/kinesiologia-santiago\/#\/schema\/person\/image\/","url":"https:\/\/secure.gravatar.com\/avatar\/0f8bc94637401590e45d2ce17eb65c274cb8870a219de6177f3f23e63fd8cdf3?s=96&d=mm&r=g","contentUrl":"https:\/\/secure.gravatar.com\/avatar\/0f8bc94637401590e45d2ce17eb65c274cb8870a219de6177f3f23e63fd8cdf3?s=96&d=mm&r=g","caption":"rbraidy"},"url":"https:\/\/medicina.udd.cl\/kinesiologia-santiago\/noticias\/author\/rbraidy\/"}]}},"featured_image_url":"https:\/\/medicina.udd.cl\/kinesiologia-santiago\/files\/2023\/09\/jorge-molina-ene_.jpg","_links":{"self":[{"href":"https:\/\/medicina.udd.cl\/kinesiologia-santiago\/wp-json\/wp\/v2\/posts\/6045","targetHints":{"allow":["GET"]}}],"collection":[{"href":"https:\/\/medicina.udd.cl\/kinesiologia-santiago\/wp-json\/wp\/v2\/posts"}],"about":[{"href":"https:\/\/medicina.udd.cl\/kinesiologia-santiago\/wp-json\/wp\/v2\/types\/post"}],"author":[{"embeddable":true,"href":"https:\/\/medicina.udd.cl\/kinesiologia-santiago\/wp-json\/wp\/v2\/users\/9192219"}],"replies":[{"embeddable":true,"href":"https:\/\/medicina.udd.cl\/kinesiologia-santiago\/wp-json\/wp\/v2\/comments?post=6045"}],"version-history":[{"count":2,"href":"https:\/\/medicina.udd.cl\/kinesiologia-santiago\/wp-json\/wp\/v2\/posts\/6045\/revisions"}],"predecessor-version":[{"id":6051,"href":"https:\/\/medicina.udd.cl\/kinesiologia-santiago\/wp-json\/wp\/v2\/posts\/6045\/revisions\/6051"}],"wp:featuredmedia":[{"embeddable":true,"href":"https:\/\/medicina.udd.cl\/kinesiologia-santiago\/wp-json\/wp\/v2\/media\/6049"}],"wp:attachment":[{"href":"https:\/\/medicina.udd.cl\/kinesiologia-santiago\/wp-json\/wp\/v2\/media?parent=6045"}],"wp:term":[{"taxonomy":"category","embeddable":true,"href":"https:\/\/medicina.udd.cl\/kinesiologia-santiago\/wp-json\/wp\/v2\/categories?post=6045"},{"taxonomy":"post_tag","embeddable":true,"href":"https:\/\/medicina.udd.cl\/kinesiologia-santiago\/wp-json\/wp\/v2\/tags?post=6045"}],"curies":[{"name":"wp","href":"https:\/\/api.w.org\/{rel}","templated":true}]}}