{"id":6056,"date":"2023-10-18T10:50:48","date_gmt":"2023-10-18T13:50:48","guid":{"rendered":"https:\/\/medicina.udd.cl\/kinesiologia-santiago\/?p=6056"},"modified":"2023-10-18T10:50:49","modified_gmt":"2023-10-18T13:50:49","slug":"academicas-de-kinesiologia-junto-a-estudiante-del-maki-udd-se-adjudican-proyecto-fonis-2023","status":"publish","type":"post","link":"https:\/\/medicina.udd.cl\/kinesiologia-santiago\/noticias\/2023\/10\/18\/academicas-de-kinesiologia-junto-a-estudiante-del-maki-udd-se-adjudican-proyecto-fonis-2023\/","title":{"rendered":"Acad\u00e9micas de Kinesiolog\u00eda junto a estudiante del MAKI UDD se adjudican proyecto FONIS 2023"},"content":{"rendered":"\n<figure class=\"wp-block-image alignright size-large is-resized\"><a href=\"https:\/\/medicina.udd.cl\/kinesiologia-santiago\/files\/2023\/10\/kine-adjudicacion-poryecto-fonis-2023-1.jpg\"><img loading=\"lazy\" decoding=\"async\" src=\"https:\/\/medicina.udd.cl\/kinesiologia-santiago\/files\/2023\/10\/kine-adjudicacion-poryecto-fonis-2023-1-768x1024.jpg\" alt=\"\" class=\"wp-image-6057\" width=\"576\" height=\"768\" srcset=\"https:\/\/medicina.udd.cl\/kinesiologia-santiago\/files\/2023\/10\/kine-adjudicacion-poryecto-fonis-2023-1-768x1024.jpg 768w, https:\/\/medicina.udd.cl\/kinesiologia-santiago\/files\/2023\/10\/kine-adjudicacion-poryecto-fonis-2023-1-225x300.jpg 225w, https:\/\/medicina.udd.cl\/kinesiologia-santiago\/files\/2023\/10\/kine-adjudicacion-poryecto-fonis-2023-1-1152x1536.jpg 1152w, https:\/\/medicina.udd.cl\/kinesiologia-santiago\/files\/2023\/10\/kine-adjudicacion-poryecto-fonis-2023-1.jpg 1200w\" sizes=\"auto, (max-width: 576px) 100vw, 576px\" \/><\/a><figcaption>Paulina Araya, Tom\u00e1s L\u00f3pez y Cinara Sacomori<\/figcaption><\/figure>\n\n\n\n<p>Las acad\u00e9micas de la carrera de Kinesiolog\u00eda, Cinara Sacomori y Paulina Araya, junto con el estudiante Tom\u00e1s L\u00f3pez del Magister en Terapia F\u00edsica y Rehabilitaci\u00f3n (MAKI) de la Facultad de Medicina Cl\u00ednica Alemana Universidad del Desarrollo, han obtenido una exitosa adjudicaci\u00f3n del proyecto FONIS 2023. Este proyecto lleva por t\u00edtulo:&nbsp;<em>\u00abFotobiomodulaci\u00f3n para prevenci\u00f3n de mucositis oral y alteraciones funcionales en pacientes que reciben trasplante de progenitores hematopoy\u00e9ticos.\u00bb<\/em><\/p>\n\n\n\n<p>Esta investigaci\u00f3n se enmarca en el \u00e1rea de desarrollo de \u00abOncolog\u00eda\u00bb del programa del MAKI y se lleva a cabo en colaboraci\u00f3n con la Cl\u00ednica D\u00e1vila.<\/p>\n\n\n\n<p>La profesora Sacomori comparti\u00f3 su entusiasmo al afirmar:&nbsp;<em>\u00abEste logro nos impulsa a seguir avanzando en el desarrollo de esta \u00e1rea, consolidando al equipo como un referente nacional en la contribuci\u00f3n de la academia a la mejora de la calidad de vida de las personas que luchan contra el c\u00e1ncer.\u00bb<\/em><\/p>\n\n\n\n<p>Este proyecto representa un paso significativo en la b\u00fasqueda de soluciones innovadoras para minimizar las complicaciones de salud en pacientes que reciben trasplantes de progenitores hematopoy\u00e9ticos, lo que demuestra el compromiso continuo de la carrera de Kinesiolog\u00eda y del MAKI con la excelencia en la investigaci\u00f3n y, en este caso, con la mejora de la atenci\u00f3n a pacientes oncol\u00f3gicos.<\/p>\n","protected":false},"excerpt":{"rendered":"<p>Las acad\u00e9micas de la carrera de Kinesiolog\u00eda, Cinara Sacomori y Paulina Araya, junto con el estudiante Tom\u00e1s L\u00f3pez del Magister en Terapia F\u00edsica y Rehabilitaci\u00f3n (MAKI) de la Facultad de Medicina Cl\u00ednica Alemana Universidad del Desarrollo, han obtenido una exitosa adjudicaci\u00f3n del proyecto FONIS 2023. Este proyecto lleva por t\u00edtulo:&nbsp;\u00abFotobiomodulaci\u00f3n para prevenci\u00f3n de mucositis oral [&hellip;]<\/p>\n","protected":false},"author":9192219,"featured_media":6060,"comment_status":"closed","ping_status":"open","sticky":false,"template":"","format":"standard","meta":{"footnotes":""},"categories":[4],"tags":[],"class_list":["post-6056","post","type-post","status-publish","format-standard","has-post-thumbnail","hentry","category-noticias"],"yoast_head":"<!-- This site is optimized with the Yoast SEO plugin v26.9 - https:\/\/yoast.com\/product\/yoast-seo-wordpress\/ -->\n<title>Acad\u00e9micas de Kinesiolog\u00eda junto a estudiante del MAKI UDD se adjudican proyecto FONIS 2023 - Kinesiolog\u00eda<\/title>\n<meta name=\"robots\" content=\"index, follow, max-snippet:-1, max-image-preview:large, max-video-preview:-1\" \/>\n<link rel=\"canonical\" href=\"https:\/\/medicina.udd.cl\/kinesiologia-santiago\/noticias\/2023\/10\/18\/academicas-de-kinesiologia-junto-a-estudiante-del-maki-udd-se-adjudican-proyecto-fonis-2023\/\" \/>\n<meta property=\"og:locale\" content=\"es_ES\" \/>\n<meta property=\"og:type\" content=\"article\" \/>\n<meta property=\"og:title\" content=\"Acad\u00e9micas de Kinesiolog\u00eda junto a estudiante del MAKI UDD se adjudican proyecto FONIS 2023 - Kinesiolog\u00eda\" \/>\n<meta property=\"og:description\" content=\"Las acad\u00e9micas de la carrera de Kinesiolog\u00eda, Cinara Sacomori y Paulina Araya, junto con el estudiante Tom\u00e1s L\u00f3pez del Magister en Terapia F\u00edsica y Rehabilitaci\u00f3n (MAKI) de la Facultad de Medicina Cl\u00ednica Alemana Universidad del Desarrollo, han obtenido una exitosa adjudicaci\u00f3n del proyecto FONIS 2023. Este proyecto lleva por t\u00edtulo:&nbsp;\u00abFotobiomodulaci\u00f3n para prevenci\u00f3n de mucositis oral [&hellip;]\" \/>\n<meta property=\"og:url\" content=\"https:\/\/medicina.udd.cl\/kinesiologia-santiago\/noticias\/2023\/10\/18\/academicas-de-kinesiologia-junto-a-estudiante-del-maki-udd-se-adjudican-proyecto-fonis-2023\/\" \/>\n<meta property=\"og:site_name\" content=\"Kinesiolog\u00eda\" \/>\n<meta property=\"article:published_time\" content=\"2023-10-18T13:50:48+00:00\" \/>\n<meta property=\"article:modified_time\" content=\"2023-10-18T13:50:49+00:00\" \/>\n<meta property=\"og:image\" content=\"https:\/\/medicina.udd.cl\/kinesiologia-santiago\/files\/2023\/10\/kine-adjudicacion-poryecto-fonis-2023-4.jpg\" \/>\n\t<meta property=\"og:image:width\" content=\"998\" \/>\n\t<meta property=\"og:image:height\" content=\"998\" \/>\n\t<meta property=\"og:image:type\" content=\"image\/jpeg\" \/>\n<meta name=\"author\" content=\"rbraidy\" \/>\n<meta name=\"twitter:label1\" content=\"Escrito por\" \/>\n\t<meta name=\"twitter:data1\" content=\"rbraidy\" \/>\n\t<meta name=\"twitter:label2\" content=\"Tiempo de lectura\" \/>\n\t<meta name=\"twitter:data2\" content=\"2 minutos\" \/>\n<script type=\"application\/ld+json\" class=\"yoast-schema-graph\">{\"@context\":\"https:\/\/schema.org\",\"@graph\":[{\"@type\":\"Article\",\"@id\":\"https:\/\/medicina.udd.cl\/kinesiologia-santiago\/noticias\/2023\/10\/18\/academicas-de-kinesiologia-junto-a-estudiante-del-maki-udd-se-adjudican-proyecto-fonis-2023\/#article\",\"isPartOf\":{\"@id\":\"https:\/\/medicina.udd.cl\/kinesiologia-santiago\/noticias\/2023\/10\/18\/academicas-de-kinesiologia-junto-a-estudiante-del-maki-udd-se-adjudican-proyecto-fonis-2023\/\"},\"author\":{\"name\":\"rbraidy\",\"@id\":\"https:\/\/medicina.udd.cl\/kinesiologia-santiago\/#\/schema\/person\/dbc3705bf3a93e8be1ba6de0ef950341\"},\"headline\":\"Acad\u00e9micas de Kinesiolog\u00eda junto a estudiante del MAKI UDD se adjudican proyecto FONIS 2023\",\"datePublished\":\"2023-10-18T13:50:48+00:00\",\"dateModified\":\"2023-10-18T13:50:49+00:00\",\"mainEntityOfPage\":{\"@id\":\"https:\/\/medicina.udd.cl\/kinesiologia-santiago\/noticias\/2023\/10\/18\/academicas-de-kinesiologia-junto-a-estudiante-del-maki-udd-se-adjudican-proyecto-fonis-2023\/\"},\"wordCount\":252,\"image\":{\"@id\":\"https:\/\/medicina.udd.cl\/kinesiologia-santiago\/noticias\/2023\/10\/18\/academicas-de-kinesiologia-junto-a-estudiante-del-maki-udd-se-adjudican-proyecto-fonis-2023\/#primaryimage\"},\"thumbnailUrl\":\"https:\/\/medicina.udd.cl\/kinesiologia-santiago\/files\/2023\/10\/kine-adjudicacion-poryecto-fonis-2023-4.jpg\",\"articleSection\":[\"Noticias\"],\"inLanguage\":\"es\"},{\"@type\":\"WebPage\",\"@id\":\"https:\/\/medicina.udd.cl\/kinesiologia-santiago\/noticias\/2023\/10\/18\/academicas-de-kinesiologia-junto-a-estudiante-del-maki-udd-se-adjudican-proyecto-fonis-2023\/\",\"url\":\"https:\/\/medicina.udd.cl\/kinesiologia-santiago\/noticias\/2023\/10\/18\/academicas-de-kinesiologia-junto-a-estudiante-del-maki-udd-se-adjudican-proyecto-fonis-2023\/\",\"name\":\"Acad\u00e9micas de Kinesiolog\u00eda junto a estudiante del MAKI UDD se adjudican proyecto FONIS 2023 - Kinesiolog\u00eda\",\"isPartOf\":{\"@id\":\"https:\/\/medicina.udd.cl\/kinesiologia-santiago\/#website\"},\"primaryImageOfPage\":{\"@id\":\"https:\/\/medicina.udd.cl\/kinesiologia-santiago\/noticias\/2023\/10\/18\/academicas-de-kinesiologia-junto-a-estudiante-del-maki-udd-se-adjudican-proyecto-fonis-2023\/#primaryimage\"},\"image\":{\"@id\":\"https:\/\/medicina.udd.cl\/kinesiologia-santiago\/noticias\/2023\/10\/18\/academicas-de-kinesiologia-junto-a-estudiante-del-maki-udd-se-adjudican-proyecto-fonis-2023\/#primaryimage\"},\"thumbnailUrl\":\"https:\/\/medicina.udd.cl\/kinesiologia-santiago\/files\/2023\/10\/kine-adjudicacion-poryecto-fonis-2023-4.jpg\",\"datePublished\":\"2023-10-18T13:50:48+00:00\",\"dateModified\":\"2023-10-18T13:50:49+00:00\",\"author\":{\"@id\":\"https:\/\/medicina.udd.cl\/kinesiologia-santiago\/#\/schema\/person\/dbc3705bf3a93e8be1ba6de0ef950341\"},\"breadcrumb\":{\"@id\":\"https:\/\/medicina.udd.cl\/kinesiologia-santiago\/noticias\/2023\/10\/18\/academicas-de-kinesiologia-junto-a-estudiante-del-maki-udd-se-adjudican-proyecto-fonis-2023\/#breadcrumb\"},\"inLanguage\":\"es\",\"potentialAction\":[{\"@type\":\"ReadAction\",\"target\":[\"https:\/\/medicina.udd.cl\/kinesiologia-santiago\/noticias\/2023\/10\/18\/academicas-de-kinesiologia-junto-a-estudiante-del-maki-udd-se-adjudican-proyecto-fonis-2023\/\"]}]},{\"@type\":\"ImageObject\",\"inLanguage\":\"es\",\"@id\":\"https:\/\/medicina.udd.cl\/kinesiologia-santiago\/noticias\/2023\/10\/18\/academicas-de-kinesiologia-junto-a-estudiante-del-maki-udd-se-adjudican-proyecto-fonis-2023\/#primaryimage\",\"url\":\"https:\/\/medicina.udd.cl\/kinesiologia-santiago\/files\/2023\/10\/kine-adjudicacion-poryecto-fonis-2023-4.jpg\",\"contentUrl\":\"https:\/\/medicina.udd.cl\/kinesiologia-santiago\/files\/2023\/10\/kine-adjudicacion-poryecto-fonis-2023-4.jpg\",\"width\":998,\"height\":998},{\"@type\":\"BreadcrumbList\",\"@id\":\"https:\/\/medicina.udd.cl\/kinesiologia-santiago\/noticias\/2023\/10\/18\/academicas-de-kinesiologia-junto-a-estudiante-del-maki-udd-se-adjudican-proyecto-fonis-2023\/#breadcrumb\",\"itemListElement\":[{\"@type\":\"ListItem\",\"position\":1,\"name\":\"Home\",\"item\":\"https:\/\/medicina.udd.cl\/kinesiologia-santiago\/\"},{\"@type\":\"ListItem\",\"position\":2,\"name\":\"Acad\u00e9micas de Kinesiolog\u00eda junto a estudiante del MAKI UDD se adjudican proyecto FONIS 2023\"}]},{\"@type\":\"WebSite\",\"@id\":\"https:\/\/medicina.udd.cl\/kinesiologia-santiago\/#website\",\"url\":\"https:\/\/medicina.udd.cl\/kinesiologia-santiago\/\",\"name\":\"Kinesiolog\u00eda\",\"description\":\"Facultad de Medicina Cl\u00ednica Alemana Universidad del Desarrollo\",\"inLanguage\":\"es\"},{\"@type\":\"Person\",\"@id\":\"https:\/\/medicina.udd.cl\/kinesiologia-santiago\/#\/schema\/person\/dbc3705bf3a93e8be1ba6de0ef950341\",\"name\":\"rbraidy\",\"image\":{\"@type\":\"ImageObject\",\"inLanguage\":\"es\",\"@id\":\"https:\/\/medicina.udd.cl\/kinesiologia-santiago\/#\/schema\/person\/image\/\",\"url\":\"https:\/\/secure.gravatar.com\/avatar\/0f8bc94637401590e45d2ce17eb65c274cb8870a219de6177f3f23e63fd8cdf3?s=96&d=mm&r=g\",\"contentUrl\":\"https:\/\/secure.gravatar.com\/avatar\/0f8bc94637401590e45d2ce17eb65c274cb8870a219de6177f3f23e63fd8cdf3?s=96&d=mm&r=g\",\"caption\":\"rbraidy\"},\"url\":\"https:\/\/medicina.udd.cl\/kinesiologia-santiago\/noticias\/author\/rbraidy\/\"}]}<\/script>\n<!-- \/ Yoast SEO plugin. -->","yoast_head_json":{"title":"Acad\u00e9micas de Kinesiolog\u00eda junto a estudiante del MAKI UDD se adjudican proyecto FONIS 2023 - Kinesiolog\u00eda","robots":{"index":"index","follow":"follow","max-snippet":"max-snippet:-1","max-image-preview":"max-image-preview:large","max-video-preview":"max-video-preview:-1"},"canonical":"https:\/\/medicina.udd.cl\/kinesiologia-santiago\/noticias\/2023\/10\/18\/academicas-de-kinesiologia-junto-a-estudiante-del-maki-udd-se-adjudican-proyecto-fonis-2023\/","og_locale":"es_ES","og_type":"article","og_title":"Acad\u00e9micas de Kinesiolog\u00eda junto a estudiante del MAKI UDD se adjudican proyecto FONIS 2023 - Kinesiolog\u00eda","og_description":"Las acad\u00e9micas de la carrera de Kinesiolog\u00eda, Cinara Sacomori y Paulina Araya, junto con el estudiante Tom\u00e1s L\u00f3pez del Magister en Terapia F\u00edsica y Rehabilitaci\u00f3n (MAKI) de la Facultad de Medicina Cl\u00ednica Alemana Universidad del Desarrollo, han obtenido una exitosa adjudicaci\u00f3n del proyecto FONIS 2023. Este proyecto lleva por t\u00edtulo:&nbsp;\u00abFotobiomodulaci\u00f3n para prevenci\u00f3n de mucositis oral [&hellip;]","og_url":"https:\/\/medicina.udd.cl\/kinesiologia-santiago\/noticias\/2023\/10\/18\/academicas-de-kinesiologia-junto-a-estudiante-del-maki-udd-se-adjudican-proyecto-fonis-2023\/","og_site_name":"Kinesiolog\u00eda","article_published_time":"2023-10-18T13:50:48+00:00","article_modified_time":"2023-10-18T13:50:49+00:00","og_image":[{"width":998,"height":998,"url":"https:\/\/medicina.udd.cl\/kinesiologia-santiago\/files\/2023\/10\/kine-adjudicacion-poryecto-fonis-2023-4.jpg","type":"image\/jpeg"}],"author":"rbraidy","twitter_misc":{"Escrito por":"rbraidy","Tiempo de lectura":"2 minutos"},"schema":{"@context":"https:\/\/schema.org","@graph":[{"@type":"Article","@id":"https:\/\/medicina.udd.cl\/kinesiologia-santiago\/noticias\/2023\/10\/18\/academicas-de-kinesiologia-junto-a-estudiante-del-maki-udd-se-adjudican-proyecto-fonis-2023\/#article","isPartOf":{"@id":"https:\/\/medicina.udd.cl\/kinesiologia-santiago\/noticias\/2023\/10\/18\/academicas-de-kinesiologia-junto-a-estudiante-del-maki-udd-se-adjudican-proyecto-fonis-2023\/"},"author":{"name":"rbraidy","@id":"https:\/\/medicina.udd.cl\/kinesiologia-santiago\/#\/schema\/person\/dbc3705bf3a93e8be1ba6de0ef950341"},"headline":"Acad\u00e9micas de Kinesiolog\u00eda junto a estudiante del MAKI UDD se adjudican proyecto FONIS 2023","datePublished":"2023-10-18T13:50:48+00:00","dateModified":"2023-10-18T13:50:49+00:00","mainEntityOfPage":{"@id":"https:\/\/medicina.udd.cl\/kinesiologia-santiago\/noticias\/2023\/10\/18\/academicas-de-kinesiologia-junto-a-estudiante-del-maki-udd-se-adjudican-proyecto-fonis-2023\/"},"wordCount":252,"image":{"@id":"https:\/\/medicina.udd.cl\/kinesiologia-santiago\/noticias\/2023\/10\/18\/academicas-de-kinesiologia-junto-a-estudiante-del-maki-udd-se-adjudican-proyecto-fonis-2023\/#primaryimage"},"thumbnailUrl":"https:\/\/medicina.udd.cl\/kinesiologia-santiago\/files\/2023\/10\/kine-adjudicacion-poryecto-fonis-2023-4.jpg","articleSection":["Noticias"],"inLanguage":"es"},{"@type":"WebPage","@id":"https:\/\/medicina.udd.cl\/kinesiologia-santiago\/noticias\/2023\/10\/18\/academicas-de-kinesiologia-junto-a-estudiante-del-maki-udd-se-adjudican-proyecto-fonis-2023\/","url":"https:\/\/medicina.udd.cl\/kinesiologia-santiago\/noticias\/2023\/10\/18\/academicas-de-kinesiologia-junto-a-estudiante-del-maki-udd-se-adjudican-proyecto-fonis-2023\/","name":"Acad\u00e9micas de Kinesiolog\u00eda junto a estudiante del MAKI UDD se adjudican proyecto FONIS 2023 - Kinesiolog\u00eda","isPartOf":{"@id":"https:\/\/medicina.udd.cl\/kinesiologia-santiago\/#website"},"primaryImageOfPage":{"@id":"https:\/\/medicina.udd.cl\/kinesiologia-santiago\/noticias\/2023\/10\/18\/academicas-de-kinesiologia-junto-a-estudiante-del-maki-udd-se-adjudican-proyecto-fonis-2023\/#primaryimage"},"image":{"@id":"https:\/\/medicina.udd.cl\/kinesiologia-santiago\/noticias\/2023\/10\/18\/academicas-de-kinesiologia-junto-a-estudiante-del-maki-udd-se-adjudican-proyecto-fonis-2023\/#primaryimage"},"thumbnailUrl":"https:\/\/medicina.udd.cl\/kinesiologia-santiago\/files\/2023\/10\/kine-adjudicacion-poryecto-fonis-2023-4.jpg","datePublished":"2023-10-18T13:50:48+00:00","dateModified":"2023-10-18T13:50:49+00:00","author":{"@id":"https:\/\/medicina.udd.cl\/kinesiologia-santiago\/#\/schema\/person\/dbc3705bf3a93e8be1ba6de0ef950341"},"breadcrumb":{"@id":"https:\/\/medicina.udd.cl\/kinesiologia-santiago\/noticias\/2023\/10\/18\/academicas-de-kinesiologia-junto-a-estudiante-del-maki-udd-se-adjudican-proyecto-fonis-2023\/#breadcrumb"},"inLanguage":"es","potentialAction":[{"@type":"ReadAction","target":["https:\/\/medicina.udd.cl\/kinesiologia-santiago\/noticias\/2023\/10\/18\/academicas-de-kinesiologia-junto-a-estudiante-del-maki-udd-se-adjudican-proyecto-fonis-2023\/"]}]},{"@type":"ImageObject","inLanguage":"es","@id":"https:\/\/medicina.udd.cl\/kinesiologia-santiago\/noticias\/2023\/10\/18\/academicas-de-kinesiologia-junto-a-estudiante-del-maki-udd-se-adjudican-proyecto-fonis-2023\/#primaryimage","url":"https:\/\/medicina.udd.cl\/kinesiologia-santiago\/files\/2023\/10\/kine-adjudicacion-poryecto-fonis-2023-4.jpg","contentUrl":"https:\/\/medicina.udd.cl\/kinesiologia-santiago\/files\/2023\/10\/kine-adjudicacion-poryecto-fonis-2023-4.jpg","width":998,"height":998},{"@type":"BreadcrumbList","@id":"https:\/\/medicina.udd.cl\/kinesiologia-santiago\/noticias\/2023\/10\/18\/academicas-de-kinesiologia-junto-a-estudiante-del-maki-udd-se-adjudican-proyecto-fonis-2023\/#breadcrumb","itemListElement":[{"@type":"ListItem","position":1,"name":"Home","item":"https:\/\/medicina.udd.cl\/kinesiologia-santiago\/"},{"@type":"ListItem","position":2,"name":"Acad\u00e9micas de Kinesiolog\u00eda junto a estudiante del MAKI UDD se adjudican proyecto FONIS 2023"}]},{"@type":"WebSite","@id":"https:\/\/medicina.udd.cl\/kinesiologia-santiago\/#website","url":"https:\/\/medicina.udd.cl\/kinesiologia-santiago\/","name":"Kinesiolog\u00eda","description":"Facultad de Medicina Cl\u00ednica Alemana Universidad del Desarrollo","inLanguage":"es"},{"@type":"Person","@id":"https:\/\/medicina.udd.cl\/kinesiologia-santiago\/#\/schema\/person\/dbc3705bf3a93e8be1ba6de0ef950341","name":"rbraidy","image":{"@type":"ImageObject","inLanguage":"es","@id":"https:\/\/medicina.udd.cl\/kinesiologia-santiago\/#\/schema\/person\/image\/","url":"https:\/\/secure.gravatar.com\/avatar\/0f8bc94637401590e45d2ce17eb65c274cb8870a219de6177f3f23e63fd8cdf3?s=96&d=mm&r=g","contentUrl":"https:\/\/secure.gravatar.com\/avatar\/0f8bc94637401590e45d2ce17eb65c274cb8870a219de6177f3f23e63fd8cdf3?s=96&d=mm&r=g","caption":"rbraidy"},"url":"https:\/\/medicina.udd.cl\/kinesiologia-santiago\/noticias\/author\/rbraidy\/"}]}},"featured_image_url":"https:\/\/medicina.udd.cl\/kinesiologia-santiago\/files\/2023\/10\/kine-adjudicacion-poryecto-fonis-2023-4.jpg","_links":{"self":[{"href":"https:\/\/medicina.udd.cl\/kinesiologia-santiago\/wp-json\/wp\/v2\/posts\/6056","targetHints":{"allow":["GET"]}}],"collection":[{"href":"https:\/\/medicina.udd.cl\/kinesiologia-santiago\/wp-json\/wp\/v2\/posts"}],"about":[{"href":"https:\/\/medicina.udd.cl\/kinesiologia-santiago\/wp-json\/wp\/v2\/types\/post"}],"author":[{"embeddable":true,"href":"https:\/\/medicina.udd.cl\/kinesiologia-santiago\/wp-json\/wp\/v2\/users\/9192219"}],"replies":[{"embeddable":true,"href":"https:\/\/medicina.udd.cl\/kinesiologia-santiago\/wp-json\/wp\/v2\/comments?post=6056"}],"version-history":[{"count":1,"href":"https:\/\/medicina.udd.cl\/kinesiologia-santiago\/wp-json\/wp\/v2\/posts\/6056\/revisions"}],"predecessor-version":[{"id":6061,"href":"https:\/\/medicina.udd.cl\/kinesiologia-santiago\/wp-json\/wp\/v2\/posts\/6056\/revisions\/6061"}],"wp:featuredmedia":[{"embeddable":true,"href":"https:\/\/medicina.udd.cl\/kinesiologia-santiago\/wp-json\/wp\/v2\/media\/6060"}],"wp:attachment":[{"href":"https:\/\/medicina.udd.cl\/kinesiologia-santiago\/wp-json\/wp\/v2\/media?parent=6056"}],"wp:term":[{"taxonomy":"category","embeddable":true,"href":"https:\/\/medicina.udd.cl\/kinesiologia-santiago\/wp-json\/wp\/v2\/categories?post=6056"},{"taxonomy":"post_tag","embeddable":true,"href":"https:\/\/medicina.udd.cl\/kinesiologia-santiago\/wp-json\/wp\/v2\/tags?post=6056"}],"curies":[{"name":"wp","href":"https:\/\/api.w.org\/{rel}","templated":true}]}}