{"id":6091,"date":"2023-11-13T15:58:23","date_gmt":"2023-11-13T18:58:23","guid":{"rendered":"https:\/\/medicina.udd.cl\/kinesiologia-santiago\/?p=6091"},"modified":"2023-11-13T17:13:39","modified_gmt":"2023-11-13T20:13:39","slug":"explorando-los-horizontes-de-la-medicina-aeroespacial-un-encuentro-transformador-para-estudiantes-y-academicos-de-kinesiologia-y-odontologia-udd","status":"publish","type":"post","link":"https:\/\/medicina.udd.cl\/kinesiologia-santiago\/noticias\/2023\/11\/13\/explorando-los-horizontes-de-la-medicina-aeroespacial-un-encuentro-transformador-para-estudiantes-y-academicos-de-kinesiologia-y-odontologia-udd\/","title":{"rendered":"Explorando horizontes de la Medicina Aeroespacial: un encuentro transformador para estudiantes y acad\u00e9micos de Kinesiolog\u00eda y Odontolog\u00eda UDD"},"content":{"rendered":"\n<figure class=\"wp-block-image aligncenter size-large\"><a href=\"https:\/\/medicina.udd.cl\/kinesiologia-santiago\/files\/2023\/11\/kine-seminario-aeroespacial-clinica-udd-7-scaled.jpg\"><img loading=\"lazy\" decoding=\"async\" width=\"1024\" height=\"323\" src=\"https:\/\/medicina.udd.cl\/kinesiologia-santiago\/files\/2023\/11\/kine-seminario-aeroespacial-clinica-udd-7-1024x323.jpg\" alt=\"\" class=\"wp-image-6096\" srcset=\"https:\/\/medicina.udd.cl\/kinesiologia-santiago\/files\/2023\/11\/kine-seminario-aeroespacial-clinica-udd-7-1024x323.jpg 1024w, https:\/\/medicina.udd.cl\/kinesiologia-santiago\/files\/2023\/11\/kine-seminario-aeroespacial-clinica-udd-7-300x95.jpg 300w, https:\/\/medicina.udd.cl\/kinesiologia-santiago\/files\/2023\/11\/kine-seminario-aeroespacial-clinica-udd-7-768x242.jpg 768w, https:\/\/medicina.udd.cl\/kinesiologia-santiago\/files\/2023\/11\/kine-seminario-aeroespacial-clinica-udd-7-1536x485.jpg 1536w, https:\/\/medicina.udd.cl\/kinesiologia-santiago\/files\/2023\/11\/kine-seminario-aeroespacial-clinica-udd-7-2048x646.jpg 2048w\" sizes=\"auto, (max-width: 1024px) 100vw, 1024px\" \/><\/a><\/figure>\n\n\n\n<p>El pasado martes 07 de noviembre, acad\u00e9micos y estudiantes de las carreras de Kinesiolog\u00eda y Odontolog\u00eda de la Facultad de Medicina Cl\u00ednica Alemana Universidad del Desarrollo, participaron del Seminario de Medicina y Fisiolog\u00eda de Aviaci\u00f3n y Espacio, llevado a cabo por el Centro de Medicina Aeroespacial (CMAE), dependiente del Hospital Cl\u00ednico Institucional. El evento se realiz\u00f3 en las instalaciones de la Cl\u00ednica UDD.<\/p>\n\n\n\n<p>Dentro del Seminario se realizaron varias conferencias tem\u00e1ticas que contaron con la participaci\u00f3n del personal del CMAE. El director de este centro, coronel de aviaci\u00f3n (S) Claudio Montiglio Valenzuela, realiz\u00f3 la exposici\u00f3n&nbsp;<em>\u201cEvaluaci\u00f3n M\u00e9dica, Proceso de Selecci\u00f3n y Entrenamiento Fisiol\u00f3gico de Tripulaciones Espaciales\u201d<\/em>. Por su parte, la comandante de escuadrilla (SD) Carolina Y\u00e1\u00f1ez Garc\u00eda, abord\u00f3 los desaf\u00edos futuros de la Odontolog\u00eda en Aviaci\u00f3n. Mientras que el fisi\u00f3logo aeroespacial Manuel Alvear Catal\u00e1n, llev\u00f3 a cabo una revisi\u00f3n de la fisiolog\u00eda del vuelo aplicada a la evacuaci\u00f3n aerom\u00e9dica y entreg\u00f3 la mirada del rol del kinesi\u00f3logo en la preparaci\u00f3n y ejecuci\u00f3n de misiones espaciales.<\/p>\n\n\n\n<p>La instancia fue organizada por el coordinador de la asignatura de Fisiolog\u00eda Cl\u00ednica del Movimiento UDD y fisi\u00f3logo del CMAE, Danilo Aravena. La actividad cont\u00f3 con la participaci\u00f3n del director de Kinesiolog\u00eda UDD, Klgo. Jorge Molina Blamey, la directora t\u00e9cnica de la carrera de Odontolog\u00eda en la Cl\u00ednica UDD, Dra. Valeria Bahamondes Cornejo, la coordinadora de Kinesiolog\u00eda de la Cl\u00ednica UDD, Klga. Francisca Zoccola, adem\u00e1s de kinesi\u00f3logas especializadas en Neurokinesiolog\u00eda y Kinesiolog\u00eda Musculoesquel\u00e9tica, junto a estudiantes de ambas disciplinas.<\/p>\n\n\n\n<p>Al finalizar la actividad, el director del CMAE, Claudio Montiglio Valenzuela y el director de Kinesiolog\u00eda UDD, Klgo. Jorge Molina Blamey, resaltaron la importancia de que exista una colaboraci\u00f3n acad\u00e9mica conjunta entre el Hospital Cl\u00ednico de la Fuerza A\u00e9rea de Chile y la Facultad de Medicina Cl\u00ednica Alemana Universidad del Desarrollo, v\u00ednculo que promete impulsar futuras innovaciones en el campo de la medicina aeroespacial.<\/p>\n\n\n\n<figure class=\"wp-block-gallery has-nested-images columns-default is-cropped wp-block-gallery-1 is-layout-flex wp-block-gallery-is-layout-flex\">\n<figure class=\"wp-block-image size-large\"><a href=\"https:\/\/medicina.udd.cl\/kinesiologia-santiago\/files\/2023\/11\/kine-seminario-aeroespacial-clinica-udd-2-scaled.jpg\"><img loading=\"lazy\" decoding=\"async\" width=\"2560\" height=\"1920\" data-id=\"6092\" src=\"https:\/\/medicina.udd.cl\/kinesiologia-santiago\/files\/2023\/11\/kine-seminario-aeroespacial-clinica-udd-2-scaled.jpg\" alt=\"\" class=\"wp-image-6092\" srcset=\"https:\/\/medicina.udd.cl\/kinesiologia-santiago\/files\/2023\/11\/kine-seminario-aeroespacial-clinica-udd-2-scaled.jpg 2560w, https:\/\/medicina.udd.cl\/kinesiologia-santiago\/files\/2023\/11\/kine-seminario-aeroespacial-clinica-udd-2-300x225.jpg 300w, https:\/\/medicina.udd.cl\/kinesiologia-santiago\/files\/2023\/11\/kine-seminario-aeroespacial-clinica-udd-2-1024x768.jpg 1024w, https:\/\/medicina.udd.cl\/kinesiologia-santiago\/files\/2023\/11\/kine-seminario-aeroespacial-clinica-udd-2-768x576.jpg 768w, https:\/\/medicina.udd.cl\/kinesiologia-santiago\/files\/2023\/11\/kine-seminario-aeroespacial-clinica-udd-2-1536x1152.jpg 1536w, https:\/\/medicina.udd.cl\/kinesiologia-santiago\/files\/2023\/11\/kine-seminario-aeroespacial-clinica-udd-2-2048x1536.jpg 2048w\" sizes=\"auto, (max-width: 2560px) 100vw, 2560px\" \/><\/a><\/figure>\n\n\n\n<figure class=\"wp-block-image size-large\"><a href=\"https:\/\/medicina.udd.cl\/kinesiologia-santiago\/files\/2023\/11\/kine-seminario-aeroespacial-clinica-udd-3-scaled.jpg\"><img loading=\"lazy\" decoding=\"async\" width=\"2560\" height=\"1920\" data-id=\"6093\" src=\"https:\/\/medicina.udd.cl\/kinesiologia-santiago\/files\/2023\/11\/kine-seminario-aeroespacial-clinica-udd-3-scaled.jpg\" alt=\"\" class=\"wp-image-6093\" srcset=\"https:\/\/medicina.udd.cl\/kinesiologia-santiago\/files\/2023\/11\/kine-seminario-aeroespacial-clinica-udd-3-scaled.jpg 2560w, https:\/\/medicina.udd.cl\/kinesiologia-santiago\/files\/2023\/11\/kine-seminario-aeroespacial-clinica-udd-3-300x225.jpg 300w, https:\/\/medicina.udd.cl\/kinesiologia-santiago\/files\/2023\/11\/kine-seminario-aeroespacial-clinica-udd-3-1024x768.jpg 1024w, https:\/\/medicina.udd.cl\/kinesiologia-santiago\/files\/2023\/11\/kine-seminario-aeroespacial-clinica-udd-3-768x576.jpg 768w, https:\/\/medicina.udd.cl\/kinesiologia-santiago\/files\/2023\/11\/kine-seminario-aeroespacial-clinica-udd-3-1536x1152.jpg 1536w, https:\/\/medicina.udd.cl\/kinesiologia-santiago\/files\/2023\/11\/kine-seminario-aeroespacial-clinica-udd-3-2048x1536.jpg 2048w\" sizes=\"auto, (max-width: 2560px) 100vw, 2560px\" \/><\/a><\/figure>\n\n\n\n<figure class=\"wp-block-image size-large\"><a href=\"https:\/\/medicina.udd.cl\/kinesiologia-santiago\/files\/2023\/11\/kine-seminario-aeroespacial-clinica-udd-4-scaled.jpg\"><img loading=\"lazy\" decoding=\"async\" width=\"2560\" height=\"1920\" data-id=\"6094\" src=\"https:\/\/medicina.udd.cl\/kinesiologia-santiago\/files\/2023\/11\/kine-seminario-aeroespacial-clinica-udd-4-scaled.jpg\" alt=\"\" class=\"wp-image-6094\" srcset=\"https:\/\/medicina.udd.cl\/kinesiologia-santiago\/files\/2023\/11\/kine-seminario-aeroespacial-clinica-udd-4-scaled.jpg 2560w, https:\/\/medicina.udd.cl\/kinesiologia-santiago\/files\/2023\/11\/kine-seminario-aeroespacial-clinica-udd-4-300x225.jpg 300w, https:\/\/medicina.udd.cl\/kinesiologia-santiago\/files\/2023\/11\/kine-seminario-aeroespacial-clinica-udd-4-1024x768.jpg 1024w, https:\/\/medicina.udd.cl\/kinesiologia-santiago\/files\/2023\/11\/kine-seminario-aeroespacial-clinica-udd-4-768x576.jpg 768w, https:\/\/medicina.udd.cl\/kinesiologia-santiago\/files\/2023\/11\/kine-seminario-aeroespacial-clinica-udd-4-1536x1152.jpg 1536w, https:\/\/medicina.udd.cl\/kinesiologia-santiago\/files\/2023\/11\/kine-seminario-aeroespacial-clinica-udd-4-2048x1536.jpg 2048w\" sizes=\"auto, (max-width: 2560px) 100vw, 2560px\" \/><\/a><\/figure>\n\n\n\n<figure class=\"wp-block-image size-large\"><a href=\"https:\/\/medicina.udd.cl\/kinesiologia-santiago\/files\/2023\/11\/kine-seminario-aeroespacial-clinica-udd-8-scaled.jpg\"><img loading=\"lazy\" decoding=\"async\" width=\"2560\" height=\"1726\" data-id=\"6097\" src=\"https:\/\/medicina.udd.cl\/kinesiologia-santiago\/files\/2023\/11\/kine-seminario-aeroespacial-clinica-udd-8-scaled.jpg\" alt=\"\" class=\"wp-image-6097\" srcset=\"https:\/\/medicina.udd.cl\/kinesiologia-santiago\/files\/2023\/11\/kine-seminario-aeroespacial-clinica-udd-8-scaled.jpg 2560w, https:\/\/medicina.udd.cl\/kinesiologia-santiago\/files\/2023\/11\/kine-seminario-aeroespacial-clinica-udd-8-300x202.jpg 300w, https:\/\/medicina.udd.cl\/kinesiologia-santiago\/files\/2023\/11\/kine-seminario-aeroespacial-clinica-udd-8-1024x691.jpg 1024w, https:\/\/medicina.udd.cl\/kinesiologia-santiago\/files\/2023\/11\/kine-seminario-aeroespacial-clinica-udd-8-768x518.jpg 768w, https:\/\/medicina.udd.cl\/kinesiologia-santiago\/files\/2023\/11\/kine-seminario-aeroespacial-clinica-udd-8-1536x1036.jpg 1536w, https:\/\/medicina.udd.cl\/kinesiologia-santiago\/files\/2023\/11\/kine-seminario-aeroespacial-clinica-udd-8-2048x1381.jpg 2048w\" sizes=\"auto, (max-width: 2560px) 100vw, 2560px\" \/><\/a><\/figure>\n<\/figure>\n","protected":false},"excerpt":{"rendered":"<p>El pasado martes 07 de noviembre, acad\u00e9micos y estudiantes de las carreras de Kinesiolog\u00eda y Odontolog\u00eda de la Facultad de Medicina Cl\u00ednica Alemana Universidad del Desarrollo, participaron del Seminario de Medicina y Fisiolog\u00eda de Aviaci\u00f3n y Espacio, llevado a cabo por el Centro de Medicina Aeroespacial (CMAE), dependiente del Hospital Cl\u00ednico Institucional. El evento se [&hellip;]<\/p>\n","protected":false},"author":9192219,"featured_media":6096,"comment_status":"closed","ping_status":"open","sticky":false,"template":"","format":"standard","meta":{"footnotes":""},"categories":[4],"tags":[],"class_list":["post-6091","post","type-post","status-publish","format-standard","has-post-thumbnail","hentry","category-noticias"],"yoast_head":"<!-- This site is optimized with the Yoast SEO plugin v26.9 - https:\/\/yoast.com\/product\/yoast-seo-wordpress\/ -->\n<title>Explorando horizontes de la Medicina Aeroespacial: un encuentro transformador para estudiantes y acad\u00e9micos de Kinesiolog\u00eda y Odontolog\u00eda UDD - Kinesiolog\u00eda<\/title>\n<meta name=\"robots\" content=\"index, follow, max-snippet:-1, max-image-preview:large, max-video-preview:-1\" \/>\n<link rel=\"canonical\" href=\"https:\/\/medicina.udd.cl\/kinesiologia-santiago\/noticias\/2023\/11\/13\/explorando-los-horizontes-de-la-medicina-aeroespacial-un-encuentro-transformador-para-estudiantes-y-academicos-de-kinesiologia-y-odontologia-udd\/\" \/>\n<meta property=\"og:locale\" content=\"es_ES\" \/>\n<meta property=\"og:type\" content=\"article\" \/>\n<meta property=\"og:title\" content=\"Explorando horizontes de la Medicina Aeroespacial: un encuentro transformador para estudiantes y acad\u00e9micos de Kinesiolog\u00eda y Odontolog\u00eda UDD - Kinesiolog\u00eda\" \/>\n<meta property=\"og:description\" content=\"El pasado martes 07 de noviembre, acad\u00e9micos y estudiantes de las carreras de Kinesiolog\u00eda y Odontolog\u00eda de la Facultad de Medicina Cl\u00ednica Alemana Universidad del Desarrollo, participaron del Seminario de Medicina y Fisiolog\u00eda de Aviaci\u00f3n y Espacio, llevado a cabo por el Centro de Medicina Aeroespacial (CMAE), dependiente del Hospital Cl\u00ednico Institucional. El evento se [&hellip;]\" \/>\n<meta property=\"og:url\" content=\"https:\/\/medicina.udd.cl\/kinesiologia-santiago\/noticias\/2023\/11\/13\/explorando-los-horizontes-de-la-medicina-aeroespacial-un-encuentro-transformador-para-estudiantes-y-academicos-de-kinesiologia-y-odontologia-udd\/\" \/>\n<meta property=\"og:site_name\" content=\"Kinesiolog\u00eda\" \/>\n<meta property=\"article:published_time\" content=\"2023-11-13T18:58:23+00:00\" \/>\n<meta property=\"article:modified_time\" content=\"2023-11-13T20:13:39+00:00\" \/>\n<meta property=\"og:image\" content=\"https:\/\/medicina.udd.cl\/kinesiologia-santiago\/files\/2023\/11\/kine-seminario-aeroespacial-clinica-udd-7-scaled.jpg\" \/>\n\t<meta property=\"og:image:width\" content=\"2560\" \/>\n\t<meta property=\"og:image:height\" content=\"808\" \/>\n\t<meta property=\"og:image:type\" content=\"image\/jpeg\" \/>\n<meta name=\"author\" content=\"rbraidy\" \/>\n<meta name=\"twitter:label1\" content=\"Escrito por\" \/>\n\t<meta name=\"twitter:data1\" content=\"rbraidy\" \/>\n\t<meta name=\"twitter:label2\" content=\"Tiempo de lectura\" \/>\n\t<meta name=\"twitter:data2\" content=\"3 minutos\" \/>\n<script type=\"application\/ld+json\" class=\"yoast-schema-graph\">{\"@context\":\"https:\/\/schema.org\",\"@graph\":[{\"@type\":\"Article\",\"@id\":\"https:\/\/medicina.udd.cl\/kinesiologia-santiago\/noticias\/2023\/11\/13\/explorando-los-horizontes-de-la-medicina-aeroespacial-un-encuentro-transformador-para-estudiantes-y-academicos-de-kinesiologia-y-odontologia-udd\/#article\",\"isPartOf\":{\"@id\":\"https:\/\/medicina.udd.cl\/kinesiologia-santiago\/noticias\/2023\/11\/13\/explorando-los-horizontes-de-la-medicina-aeroespacial-un-encuentro-transformador-para-estudiantes-y-academicos-de-kinesiologia-y-odontologia-udd\/\"},\"author\":{\"name\":\"rbraidy\",\"@id\":\"https:\/\/medicina.udd.cl\/kinesiologia-santiago\/#\/schema\/person\/dbc3705bf3a93e8be1ba6de0ef950341\"},\"headline\":\"Explorando horizontes de la Medicina Aeroespacial: un encuentro transformador para estudiantes y acad\u00e9micos de Kinesiolog\u00eda y Odontolog\u00eda UDD\",\"datePublished\":\"2023-11-13T18:58:23+00:00\",\"dateModified\":\"2023-11-13T20:13:39+00:00\",\"mainEntityOfPage\":{\"@id\":\"https:\/\/medicina.udd.cl\/kinesiologia-santiago\/noticias\/2023\/11\/13\/explorando-los-horizontes-de-la-medicina-aeroespacial-un-encuentro-transformador-para-estudiantes-y-academicos-de-kinesiologia-y-odontologia-udd\/\"},\"wordCount\":381,\"image\":{\"@id\":\"https:\/\/medicina.udd.cl\/kinesiologia-santiago\/noticias\/2023\/11\/13\/explorando-los-horizontes-de-la-medicina-aeroespacial-un-encuentro-transformador-para-estudiantes-y-academicos-de-kinesiologia-y-odontologia-udd\/#primaryimage\"},\"thumbnailUrl\":\"https:\/\/medicina.udd.cl\/kinesiologia-santiago\/files\/2023\/11\/kine-seminario-aeroespacial-clinica-udd-7-scaled.jpg\",\"articleSection\":[\"Noticias\"],\"inLanguage\":\"es\"},{\"@type\":\"WebPage\",\"@id\":\"https:\/\/medicina.udd.cl\/kinesiologia-santiago\/noticias\/2023\/11\/13\/explorando-los-horizontes-de-la-medicina-aeroespacial-un-encuentro-transformador-para-estudiantes-y-academicos-de-kinesiologia-y-odontologia-udd\/\",\"url\":\"https:\/\/medicina.udd.cl\/kinesiologia-santiago\/noticias\/2023\/11\/13\/explorando-los-horizontes-de-la-medicina-aeroespacial-un-encuentro-transformador-para-estudiantes-y-academicos-de-kinesiologia-y-odontologia-udd\/\",\"name\":\"Explorando horizontes de la Medicina Aeroespacial: un encuentro transformador para estudiantes y acad\u00e9micos de Kinesiolog\u00eda y Odontolog\u00eda UDD - Kinesiolog\u00eda\",\"isPartOf\":{\"@id\":\"https:\/\/medicina.udd.cl\/kinesiologia-santiago\/#website\"},\"primaryImageOfPage\":{\"@id\":\"https:\/\/medicina.udd.cl\/kinesiologia-santiago\/noticias\/2023\/11\/13\/explorando-los-horizontes-de-la-medicina-aeroespacial-un-encuentro-transformador-para-estudiantes-y-academicos-de-kinesiologia-y-odontologia-udd\/#primaryimage\"},\"image\":{\"@id\":\"https:\/\/medicina.udd.cl\/kinesiologia-santiago\/noticias\/2023\/11\/13\/explorando-los-horizontes-de-la-medicina-aeroespacial-un-encuentro-transformador-para-estudiantes-y-academicos-de-kinesiologia-y-odontologia-udd\/#primaryimage\"},\"thumbnailUrl\":\"https:\/\/medicina.udd.cl\/kinesiologia-santiago\/files\/2023\/11\/kine-seminario-aeroespacial-clinica-udd-7-scaled.jpg\",\"datePublished\":\"2023-11-13T18:58:23+00:00\",\"dateModified\":\"2023-11-13T20:13:39+00:00\",\"author\":{\"@id\":\"https:\/\/medicina.udd.cl\/kinesiologia-santiago\/#\/schema\/person\/dbc3705bf3a93e8be1ba6de0ef950341\"},\"breadcrumb\":{\"@id\":\"https:\/\/medicina.udd.cl\/kinesiologia-santiago\/noticias\/2023\/11\/13\/explorando-los-horizontes-de-la-medicina-aeroespacial-un-encuentro-transformador-para-estudiantes-y-academicos-de-kinesiologia-y-odontologia-udd\/#breadcrumb\"},\"inLanguage\":\"es\",\"potentialAction\":[{\"@type\":\"ReadAction\",\"target\":[\"https:\/\/medicina.udd.cl\/kinesiologia-santiago\/noticias\/2023\/11\/13\/explorando-los-horizontes-de-la-medicina-aeroespacial-un-encuentro-transformador-para-estudiantes-y-academicos-de-kinesiologia-y-odontologia-udd\/\"]}]},{\"@type\":\"ImageObject\",\"inLanguage\":\"es\",\"@id\":\"https:\/\/medicina.udd.cl\/kinesiologia-santiago\/noticias\/2023\/11\/13\/explorando-los-horizontes-de-la-medicina-aeroespacial-un-encuentro-transformador-para-estudiantes-y-academicos-de-kinesiologia-y-odontologia-udd\/#primaryimage\",\"url\":\"https:\/\/medicina.udd.cl\/kinesiologia-santiago\/files\/2023\/11\/kine-seminario-aeroespacial-clinica-udd-7-scaled.jpg\",\"contentUrl\":\"https:\/\/medicina.udd.cl\/kinesiologia-santiago\/files\/2023\/11\/kine-seminario-aeroespacial-clinica-udd-7-scaled.jpg\",\"width\":2560,\"height\":808},{\"@type\":\"BreadcrumbList\",\"@id\":\"https:\/\/medicina.udd.cl\/kinesiologia-santiago\/noticias\/2023\/11\/13\/explorando-los-horizontes-de-la-medicina-aeroespacial-un-encuentro-transformador-para-estudiantes-y-academicos-de-kinesiologia-y-odontologia-udd\/#breadcrumb\",\"itemListElement\":[{\"@type\":\"ListItem\",\"position\":1,\"name\":\"Home\",\"item\":\"https:\/\/medicina.udd.cl\/kinesiologia-santiago\/\"},{\"@type\":\"ListItem\",\"position\":2,\"name\":\"Explorando horizontes de la Medicina Aeroespacial: un encuentro transformador para estudiantes y acad\u00e9micos de Kinesiolog\u00eda y Odontolog\u00eda UDD\"}]},{\"@type\":\"WebSite\",\"@id\":\"https:\/\/medicina.udd.cl\/kinesiologia-santiago\/#website\",\"url\":\"https:\/\/medicina.udd.cl\/kinesiologia-santiago\/\",\"name\":\"Kinesiolog\u00eda\",\"description\":\"Facultad de Medicina Cl\u00ednica Alemana Universidad del Desarrollo\",\"inLanguage\":\"es\"},{\"@type\":\"Person\",\"@id\":\"https:\/\/medicina.udd.cl\/kinesiologia-santiago\/#\/schema\/person\/dbc3705bf3a93e8be1ba6de0ef950341\",\"name\":\"rbraidy\",\"image\":{\"@type\":\"ImageObject\",\"inLanguage\":\"es\",\"@id\":\"https:\/\/medicina.udd.cl\/kinesiologia-santiago\/#\/schema\/person\/image\/\",\"url\":\"https:\/\/secure.gravatar.com\/avatar\/0f8bc94637401590e45d2ce17eb65c274cb8870a219de6177f3f23e63fd8cdf3?s=96&d=mm&r=g\",\"contentUrl\":\"https:\/\/secure.gravatar.com\/avatar\/0f8bc94637401590e45d2ce17eb65c274cb8870a219de6177f3f23e63fd8cdf3?s=96&d=mm&r=g\",\"caption\":\"rbraidy\"},\"url\":\"https:\/\/medicina.udd.cl\/kinesiologia-santiago\/noticias\/author\/rbraidy\/\"}]}<\/script>\n<!-- \/ Yoast SEO plugin. -->","yoast_head_json":{"title":"Explorando horizontes de la Medicina Aeroespacial: un encuentro transformador para estudiantes y acad\u00e9micos de Kinesiolog\u00eda y Odontolog\u00eda UDD - Kinesiolog\u00eda","robots":{"index":"index","follow":"follow","max-snippet":"max-snippet:-1","max-image-preview":"max-image-preview:large","max-video-preview":"max-video-preview:-1"},"canonical":"https:\/\/medicina.udd.cl\/kinesiologia-santiago\/noticias\/2023\/11\/13\/explorando-los-horizontes-de-la-medicina-aeroespacial-un-encuentro-transformador-para-estudiantes-y-academicos-de-kinesiologia-y-odontologia-udd\/","og_locale":"es_ES","og_type":"article","og_title":"Explorando horizontes de la Medicina Aeroespacial: un encuentro transformador para estudiantes y acad\u00e9micos de Kinesiolog\u00eda y Odontolog\u00eda UDD - Kinesiolog\u00eda","og_description":"El pasado martes 07 de noviembre, acad\u00e9micos y estudiantes de las carreras de Kinesiolog\u00eda y Odontolog\u00eda de la Facultad de Medicina Cl\u00ednica Alemana Universidad del Desarrollo, participaron del Seminario de Medicina y Fisiolog\u00eda de Aviaci\u00f3n y Espacio, llevado a cabo por el Centro de Medicina Aeroespacial (CMAE), dependiente del Hospital Cl\u00ednico Institucional. El evento se [&hellip;]","og_url":"https:\/\/medicina.udd.cl\/kinesiologia-santiago\/noticias\/2023\/11\/13\/explorando-los-horizontes-de-la-medicina-aeroespacial-un-encuentro-transformador-para-estudiantes-y-academicos-de-kinesiologia-y-odontologia-udd\/","og_site_name":"Kinesiolog\u00eda","article_published_time":"2023-11-13T18:58:23+00:00","article_modified_time":"2023-11-13T20:13:39+00:00","og_image":[{"width":2560,"height":808,"url":"https:\/\/medicina.udd.cl\/kinesiologia-santiago\/files\/2023\/11\/kine-seminario-aeroespacial-clinica-udd-7-scaled.jpg","type":"image\/jpeg"}],"author":"rbraidy","twitter_misc":{"Escrito por":"rbraidy","Tiempo de lectura":"3 minutos"},"schema":{"@context":"https:\/\/schema.org","@graph":[{"@type":"Article","@id":"https:\/\/medicina.udd.cl\/kinesiologia-santiago\/noticias\/2023\/11\/13\/explorando-los-horizontes-de-la-medicina-aeroespacial-un-encuentro-transformador-para-estudiantes-y-academicos-de-kinesiologia-y-odontologia-udd\/#article","isPartOf":{"@id":"https:\/\/medicina.udd.cl\/kinesiologia-santiago\/noticias\/2023\/11\/13\/explorando-los-horizontes-de-la-medicina-aeroespacial-un-encuentro-transformador-para-estudiantes-y-academicos-de-kinesiologia-y-odontologia-udd\/"},"author":{"name":"rbraidy","@id":"https:\/\/medicina.udd.cl\/kinesiologia-santiago\/#\/schema\/person\/dbc3705bf3a93e8be1ba6de0ef950341"},"headline":"Explorando horizontes de la Medicina Aeroespacial: un encuentro transformador para estudiantes y acad\u00e9micos de Kinesiolog\u00eda y Odontolog\u00eda UDD","datePublished":"2023-11-13T18:58:23+00:00","dateModified":"2023-11-13T20:13:39+00:00","mainEntityOfPage":{"@id":"https:\/\/medicina.udd.cl\/kinesiologia-santiago\/noticias\/2023\/11\/13\/explorando-los-horizontes-de-la-medicina-aeroespacial-un-encuentro-transformador-para-estudiantes-y-academicos-de-kinesiologia-y-odontologia-udd\/"},"wordCount":381,"image":{"@id":"https:\/\/medicina.udd.cl\/kinesiologia-santiago\/noticias\/2023\/11\/13\/explorando-los-horizontes-de-la-medicina-aeroespacial-un-encuentro-transformador-para-estudiantes-y-academicos-de-kinesiologia-y-odontologia-udd\/#primaryimage"},"thumbnailUrl":"https:\/\/medicina.udd.cl\/kinesiologia-santiago\/files\/2023\/11\/kine-seminario-aeroespacial-clinica-udd-7-scaled.jpg","articleSection":["Noticias"],"inLanguage":"es"},{"@type":"WebPage","@id":"https:\/\/medicina.udd.cl\/kinesiologia-santiago\/noticias\/2023\/11\/13\/explorando-los-horizontes-de-la-medicina-aeroespacial-un-encuentro-transformador-para-estudiantes-y-academicos-de-kinesiologia-y-odontologia-udd\/","url":"https:\/\/medicina.udd.cl\/kinesiologia-santiago\/noticias\/2023\/11\/13\/explorando-los-horizontes-de-la-medicina-aeroespacial-un-encuentro-transformador-para-estudiantes-y-academicos-de-kinesiologia-y-odontologia-udd\/","name":"Explorando horizontes de la Medicina Aeroespacial: un encuentro transformador para estudiantes y acad\u00e9micos de Kinesiolog\u00eda y Odontolog\u00eda UDD - Kinesiolog\u00eda","isPartOf":{"@id":"https:\/\/medicina.udd.cl\/kinesiologia-santiago\/#website"},"primaryImageOfPage":{"@id":"https:\/\/medicina.udd.cl\/kinesiologia-santiago\/noticias\/2023\/11\/13\/explorando-los-horizontes-de-la-medicina-aeroespacial-un-encuentro-transformador-para-estudiantes-y-academicos-de-kinesiologia-y-odontologia-udd\/#primaryimage"},"image":{"@id":"https:\/\/medicina.udd.cl\/kinesiologia-santiago\/noticias\/2023\/11\/13\/explorando-los-horizontes-de-la-medicina-aeroespacial-un-encuentro-transformador-para-estudiantes-y-academicos-de-kinesiologia-y-odontologia-udd\/#primaryimage"},"thumbnailUrl":"https:\/\/medicina.udd.cl\/kinesiologia-santiago\/files\/2023\/11\/kine-seminario-aeroespacial-clinica-udd-7-scaled.jpg","datePublished":"2023-11-13T18:58:23+00:00","dateModified":"2023-11-13T20:13:39+00:00","author":{"@id":"https:\/\/medicina.udd.cl\/kinesiologia-santiago\/#\/schema\/person\/dbc3705bf3a93e8be1ba6de0ef950341"},"breadcrumb":{"@id":"https:\/\/medicina.udd.cl\/kinesiologia-santiago\/noticias\/2023\/11\/13\/explorando-los-horizontes-de-la-medicina-aeroespacial-un-encuentro-transformador-para-estudiantes-y-academicos-de-kinesiologia-y-odontologia-udd\/#breadcrumb"},"inLanguage":"es","potentialAction":[{"@type":"ReadAction","target":["https:\/\/medicina.udd.cl\/kinesiologia-santiago\/noticias\/2023\/11\/13\/explorando-los-horizontes-de-la-medicina-aeroespacial-un-encuentro-transformador-para-estudiantes-y-academicos-de-kinesiologia-y-odontologia-udd\/"]}]},{"@type":"ImageObject","inLanguage":"es","@id":"https:\/\/medicina.udd.cl\/kinesiologia-santiago\/noticias\/2023\/11\/13\/explorando-los-horizontes-de-la-medicina-aeroespacial-un-encuentro-transformador-para-estudiantes-y-academicos-de-kinesiologia-y-odontologia-udd\/#primaryimage","url":"https:\/\/medicina.udd.cl\/kinesiologia-santiago\/files\/2023\/11\/kine-seminario-aeroespacial-clinica-udd-7-scaled.jpg","contentUrl":"https:\/\/medicina.udd.cl\/kinesiologia-santiago\/files\/2023\/11\/kine-seminario-aeroespacial-clinica-udd-7-scaled.jpg","width":2560,"height":808},{"@type":"BreadcrumbList","@id":"https:\/\/medicina.udd.cl\/kinesiologia-santiago\/noticias\/2023\/11\/13\/explorando-los-horizontes-de-la-medicina-aeroespacial-un-encuentro-transformador-para-estudiantes-y-academicos-de-kinesiologia-y-odontologia-udd\/#breadcrumb","itemListElement":[{"@type":"ListItem","position":1,"name":"Home","item":"https:\/\/medicina.udd.cl\/kinesiologia-santiago\/"},{"@type":"ListItem","position":2,"name":"Explorando horizontes de la Medicina Aeroespacial: un encuentro transformador para estudiantes y acad\u00e9micos de Kinesiolog\u00eda y Odontolog\u00eda UDD"}]},{"@type":"WebSite","@id":"https:\/\/medicina.udd.cl\/kinesiologia-santiago\/#website","url":"https:\/\/medicina.udd.cl\/kinesiologia-santiago\/","name":"Kinesiolog\u00eda","description":"Facultad de Medicina Cl\u00ednica Alemana Universidad del Desarrollo","inLanguage":"es"},{"@type":"Person","@id":"https:\/\/medicina.udd.cl\/kinesiologia-santiago\/#\/schema\/person\/dbc3705bf3a93e8be1ba6de0ef950341","name":"rbraidy","image":{"@type":"ImageObject","inLanguage":"es","@id":"https:\/\/medicina.udd.cl\/kinesiologia-santiago\/#\/schema\/person\/image\/","url":"https:\/\/secure.gravatar.com\/avatar\/0f8bc94637401590e45d2ce17eb65c274cb8870a219de6177f3f23e63fd8cdf3?s=96&d=mm&r=g","contentUrl":"https:\/\/secure.gravatar.com\/avatar\/0f8bc94637401590e45d2ce17eb65c274cb8870a219de6177f3f23e63fd8cdf3?s=96&d=mm&r=g","caption":"rbraidy"},"url":"https:\/\/medicina.udd.cl\/kinesiologia-santiago\/noticias\/author\/rbraidy\/"}]}},"featured_image_url":"https:\/\/medicina.udd.cl\/kinesiologia-santiago\/files\/2023\/11\/kine-seminario-aeroespacial-clinica-udd-7-scaled.jpg","_links":{"self":[{"href":"https:\/\/medicina.udd.cl\/kinesiologia-santiago\/wp-json\/wp\/v2\/posts\/6091","targetHints":{"allow":["GET"]}}],"collection":[{"href":"https:\/\/medicina.udd.cl\/kinesiologia-santiago\/wp-json\/wp\/v2\/posts"}],"about":[{"href":"https:\/\/medicina.udd.cl\/kinesiologia-santiago\/wp-json\/wp\/v2\/types\/post"}],"author":[{"embeddable":true,"href":"https:\/\/medicina.udd.cl\/kinesiologia-santiago\/wp-json\/wp\/v2\/users\/9192219"}],"replies":[{"embeddable":true,"href":"https:\/\/medicina.udd.cl\/kinesiologia-santiago\/wp-json\/wp\/v2\/comments?post=6091"}],"version-history":[{"count":4,"href":"https:\/\/medicina.udd.cl\/kinesiologia-santiago\/wp-json\/wp\/v2\/posts\/6091\/revisions"}],"predecessor-version":[{"id":6102,"href":"https:\/\/medicina.udd.cl\/kinesiologia-santiago\/wp-json\/wp\/v2\/posts\/6091\/revisions\/6102"}],"wp:featuredmedia":[{"embeddable":true,"href":"https:\/\/medicina.udd.cl\/kinesiologia-santiago\/wp-json\/wp\/v2\/media\/6096"}],"wp:attachment":[{"href":"https:\/\/medicina.udd.cl\/kinesiologia-santiago\/wp-json\/wp\/v2\/media?parent=6091"}],"wp:term":[{"taxonomy":"category","embeddable":true,"href":"https:\/\/medicina.udd.cl\/kinesiologia-santiago\/wp-json\/wp\/v2\/categories?post=6091"},{"taxonomy":"post_tag","embeddable":true,"href":"https:\/\/medicina.udd.cl\/kinesiologia-santiago\/wp-json\/wp\/v2\/tags?post=6091"}],"curies":[{"name":"wp","href":"https:\/\/api.w.org\/{rel}","templated":true}]}}