{"id":6121,"date":"2023-12-13T16:54:05","date_gmt":"2023-12-13T19:54:05","guid":{"rendered":"https:\/\/medicina.udd.cl\/kinesiologia-santiago\/?p=6121"},"modified":"2023-12-13T16:54:06","modified_gmt":"2023-12-13T19:54:06","slug":"academica-udd-participo-en-la-planificacion-del-congreso-mundial-de-fisioterapia-tokio-2025-desde-la-sede-central-del-world-physiotherapist","status":"publish","type":"post","link":"https:\/\/medicina.udd.cl\/kinesiologia-santiago\/noticias\/2023\/12\/13\/academica-udd-participo-en-la-planificacion-del-congreso-mundial-de-fisioterapia-tokio-2025-desde-la-sede-central-del-world-physiotherapist\/","title":{"rendered":"Acad\u00e9mica UDD particip\u00f3 en la planificaci\u00f3n del Congreso Mundial de Fisioterapia Tokio 2025 desde la sede central del World Physiotherapist"},"content":{"rendered":"\n<figure class=\"wp-block-gallery has-nested-images columns-default is-cropped wp-block-gallery-1 is-layout-flex wp-block-gallery-is-layout-flex\">\n<figure class=\"wp-block-image size-large\"><a href=\"https:\/\/medicina.udd.cl\/kinesiologia-santiago\/files\/2023\/12\/kine-sonia-roa-en-londres-2.jpg\"><img loading=\"lazy\" decoding=\"async\" width=\"1024\" height=\"768\" data-id=\"6123\" src=\"https:\/\/medicina.udd.cl\/kinesiologia-santiago\/files\/2023\/12\/kine-sonia-roa-en-londres-2.jpg\" alt=\"\" class=\"wp-image-6123\" srcset=\"https:\/\/medicina.udd.cl\/kinesiologia-santiago\/files\/2023\/12\/kine-sonia-roa-en-londres-2.jpg 1024w, https:\/\/medicina.udd.cl\/kinesiologia-santiago\/files\/2023\/12\/kine-sonia-roa-en-londres-2-300x225.jpg 300w, https:\/\/medicina.udd.cl\/kinesiologia-santiago\/files\/2023\/12\/kine-sonia-roa-en-londres-2-768x576.jpg 768w\" sizes=\"auto, (max-width: 1024px) 100vw, 1024px\" \/><\/a><\/figure>\n\n\n\n<figure class=\"wp-block-image size-large\"><a href=\"https:\/\/medicina.udd.cl\/kinesiologia-santiago\/files\/2023\/12\/kine-sonia-roa-en-londres-3.jpg\"><img loading=\"lazy\" decoding=\"async\" width=\"1600\" height=\"1200\" data-id=\"6124\" src=\"https:\/\/medicina.udd.cl\/kinesiologia-santiago\/files\/2023\/12\/kine-sonia-roa-en-londres-3.jpg\" alt=\"\" class=\"wp-image-6124\" srcset=\"https:\/\/medicina.udd.cl\/kinesiologia-santiago\/files\/2023\/12\/kine-sonia-roa-en-londres-3.jpg 1600w, https:\/\/medicina.udd.cl\/kinesiologia-santiago\/files\/2023\/12\/kine-sonia-roa-en-londres-3-300x225.jpg 300w, https:\/\/medicina.udd.cl\/kinesiologia-santiago\/files\/2023\/12\/kine-sonia-roa-en-londres-3-1024x768.jpg 1024w, https:\/\/medicina.udd.cl\/kinesiologia-santiago\/files\/2023\/12\/kine-sonia-roa-en-londres-3-768x576.jpg 768w, https:\/\/medicina.udd.cl\/kinesiologia-santiago\/files\/2023\/12\/kine-sonia-roa-en-londres-3-1536x1152.jpg 1536w\" sizes=\"auto, (max-width: 1600px) 100vw, 1600px\" \/><\/a><\/figure>\n\n\n\n<figure class=\"wp-block-image size-large\"><a href=\"https:\/\/medicina.udd.cl\/kinesiologia-santiago\/files\/2023\/12\/kine-sonia-roa-en-londres-1.jpg\"><img loading=\"lazy\" decoding=\"async\" width=\"1024\" height=\"768\" data-id=\"6122\" src=\"https:\/\/medicina.udd.cl\/kinesiologia-santiago\/files\/2023\/12\/kine-sonia-roa-en-londres-1.jpg\" alt=\"\" class=\"wp-image-6122\" srcset=\"https:\/\/medicina.udd.cl\/kinesiologia-santiago\/files\/2023\/12\/kine-sonia-roa-en-londres-1.jpg 1024w, https:\/\/medicina.udd.cl\/kinesiologia-santiago\/files\/2023\/12\/kine-sonia-roa-en-londres-1-300x225.jpg 300w, https:\/\/medicina.udd.cl\/kinesiologia-santiago\/files\/2023\/12\/kine-sonia-roa-en-londres-1-768x576.jpg 768w\" sizes=\"auto, (max-width: 1024px) 100vw, 1024px\" \/><\/a><\/figure>\n<\/figure>\n\n\n\n<p>La Klga. Sonia Roa Alcaino, acad\u00e9mica de la carrera de Kinesiolog\u00eda de la Facultad de Medicina Cl\u00ednica Alemana Universidad del Desarrollo, fue invitada como miembro del Comit\u00e9 de Programa para el pr\u00f3ximo Congreso Mundial de Fisioterapia Tokio 2025. Recientemente, tuvo la oportunidad de visitar las instalaciones de la oficina central del World Physiotherapist en Londres, Inglaterra, donde se llev\u00f3 a cabo la primera reuni\u00f3n presencial del comit\u00e9 los d\u00edas 3 y 4 de diciembre de este a\u00f1o.<\/p>\n\n\n\n<p>La reuni\u00f3n en Londres marc\u00f3 el inicio oficial de las labores del Comit\u00e9 de Programa, siendo un espacio fundamental para la interacci\u00f3n y alineaci\u00f3n de objetivos. La Klga. Sonia Roa Alcaino comparti\u00f3 su entusiasmo y destac\u00f3 la importancia de esta experiencia:&nbsp;<em>\u00abFue el punto de partida para nuestro trabajo. Tuvimos la oportunidad de conocernos, comprender los lineamientos y sumergirnos en todos los aspectos cruciales para garantizar el \u00e9xito de un evento de esta magnitud. Para m\u00ed, ha sido una experiencia de aprendizaje invaluable, y estoy emocionada de contribuir, adem\u00e1s de encantada por la cuidada diversidad cultural que caracteriza al comit\u00e9\u00bb.<\/em><\/p>\n\n\n\n<p>La participaci\u00f3n activa de la docente chilena en la planificaci\u00f3n del Congreso Mundial de Fisioterapia refleja su compromiso con la excelencia acad\u00e9mica y su contribuci\u00f3n al avance de la disciplina a nivel internacional. La presencia de Sonia Roa Alcaino en este destacado comit\u00e9, subraya su papel clave en el fortalecimiento de la presencia de Kinesiolog\u00eda UDD en el \u00e1mbito global de la fisioterapia.<\/p>\n\n\n\n<p>Cabe destacar que, el Comit\u00e9 de Programa para el pr\u00f3ximo Congreso Mundial de Fisioterapia Tokio 2025, est\u00e1 compuesto por 10 fisioterapeutas, que representan la amplitud y diversidad de la profesi\u00f3n mundial. Sonia Roa Alcaino, es la \u00fanica representante por parte de Latinoam\u00e9rica. &nbsp;&nbsp;<\/p>\n","protected":false},"excerpt":{"rendered":"<p>La Klga. Sonia Roa Alcaino, acad\u00e9mica de la carrera de Kinesiolog\u00eda de la Facultad de Medicina Cl\u00ednica Alemana Universidad del Desarrollo, fue invitada como miembro del Comit\u00e9 de Programa para el pr\u00f3ximo Congreso Mundial de Fisioterapia Tokio 2025. Recientemente, tuvo la oportunidad de visitar las instalaciones de la oficina central del World Physiotherapist en Londres, [&hellip;]<\/p>\n","protected":false},"author":9192219,"featured_media":6124,"comment_status":"closed","ping_status":"open","sticky":false,"template":"","format":"standard","meta":{"footnotes":""},"categories":[4],"tags":[],"class_list":["post-6121","post","type-post","status-publish","format-standard","has-post-thumbnail","hentry","category-noticias"],"yoast_head":"<!-- This site is optimized with the Yoast SEO plugin v26.9 - https:\/\/yoast.com\/product\/yoast-seo-wordpress\/ -->\n<title>Acad\u00e9mica UDD particip\u00f3 en la planificaci\u00f3n del Congreso Mundial de Fisioterapia Tokio 2025 desde la sede central del World Physiotherapist - Kinesiolog\u00eda<\/title>\n<meta name=\"robots\" content=\"index, follow, max-snippet:-1, max-image-preview:large, max-video-preview:-1\" \/>\n<link rel=\"canonical\" href=\"https:\/\/medicina.udd.cl\/kinesiologia-santiago\/noticias\/2023\/12\/13\/academica-udd-participo-en-la-planificacion-del-congreso-mundial-de-fisioterapia-tokio-2025-desde-la-sede-central-del-world-physiotherapist\/\" \/>\n<meta property=\"og:locale\" content=\"es_ES\" \/>\n<meta property=\"og:type\" content=\"article\" \/>\n<meta property=\"og:title\" content=\"Acad\u00e9mica UDD particip\u00f3 en la planificaci\u00f3n del Congreso Mundial de Fisioterapia Tokio 2025 desde la sede central del World Physiotherapist - Kinesiolog\u00eda\" \/>\n<meta property=\"og:description\" content=\"La Klga. Sonia Roa Alcaino, acad\u00e9mica de la carrera de Kinesiolog\u00eda de la Facultad de Medicina Cl\u00ednica Alemana Universidad del Desarrollo, fue invitada como miembro del Comit\u00e9 de Programa para el pr\u00f3ximo Congreso Mundial de Fisioterapia Tokio 2025. Recientemente, tuvo la oportunidad de visitar las instalaciones de la oficina central del World Physiotherapist en Londres, [&hellip;]\" \/>\n<meta property=\"og:url\" content=\"https:\/\/medicina.udd.cl\/kinesiologia-santiago\/noticias\/2023\/12\/13\/academica-udd-participo-en-la-planificacion-del-congreso-mundial-de-fisioterapia-tokio-2025-desde-la-sede-central-del-world-physiotherapist\/\" \/>\n<meta property=\"og:site_name\" content=\"Kinesiolog\u00eda\" \/>\n<meta property=\"article:published_time\" content=\"2023-12-13T19:54:05+00:00\" \/>\n<meta property=\"article:modified_time\" content=\"2023-12-13T19:54:06+00:00\" \/>\n<meta property=\"og:image\" content=\"https:\/\/medicina.udd.cl\/kinesiologia-santiago\/files\/2023\/12\/kine-sonia-roa-en-londres-3.jpg\" \/>\n\t<meta property=\"og:image:width\" content=\"1600\" \/>\n\t<meta property=\"og:image:height\" content=\"1200\" \/>\n\t<meta property=\"og:image:type\" content=\"image\/jpeg\" \/>\n<meta name=\"author\" content=\"rbraidy\" \/>\n<meta name=\"twitter:label1\" content=\"Escrito por\" \/>\n\t<meta name=\"twitter:data1\" content=\"rbraidy\" \/>\n\t<meta name=\"twitter:label2\" content=\"Tiempo de lectura\" \/>\n\t<meta name=\"twitter:data2\" content=\"2 minutos\" \/>\n<script type=\"application\/ld+json\" class=\"yoast-schema-graph\">{\"@context\":\"https:\/\/schema.org\",\"@graph\":[{\"@type\":\"Article\",\"@id\":\"https:\/\/medicina.udd.cl\/kinesiologia-santiago\/noticias\/2023\/12\/13\/academica-udd-participo-en-la-planificacion-del-congreso-mundial-de-fisioterapia-tokio-2025-desde-la-sede-central-del-world-physiotherapist\/#article\",\"isPartOf\":{\"@id\":\"https:\/\/medicina.udd.cl\/kinesiologia-santiago\/noticias\/2023\/12\/13\/academica-udd-participo-en-la-planificacion-del-congreso-mundial-de-fisioterapia-tokio-2025-desde-la-sede-central-del-world-physiotherapist\/\"},\"author\":{\"name\":\"rbraidy\",\"@id\":\"https:\/\/medicina.udd.cl\/kinesiologia-santiago\/#\/schema\/person\/dbc3705bf3a93e8be1ba6de0ef950341\"},\"headline\":\"Acad\u00e9mica UDD particip\u00f3 en la planificaci\u00f3n del Congreso Mundial de Fisioterapia Tokio 2025 desde la sede central del World Physiotherapist\",\"datePublished\":\"2023-12-13T19:54:05+00:00\",\"dateModified\":\"2023-12-13T19:54:06+00:00\",\"mainEntityOfPage\":{\"@id\":\"https:\/\/medicina.udd.cl\/kinesiologia-santiago\/noticias\/2023\/12\/13\/academica-udd-participo-en-la-planificacion-del-congreso-mundial-de-fisioterapia-tokio-2025-desde-la-sede-central-del-world-physiotherapist\/\"},\"wordCount\":320,\"image\":{\"@id\":\"https:\/\/medicina.udd.cl\/kinesiologia-santiago\/noticias\/2023\/12\/13\/academica-udd-participo-en-la-planificacion-del-congreso-mundial-de-fisioterapia-tokio-2025-desde-la-sede-central-del-world-physiotherapist\/#primaryimage\"},\"thumbnailUrl\":\"https:\/\/medicina.udd.cl\/kinesiologia-santiago\/files\/2023\/12\/kine-sonia-roa-en-londres-3.jpg\",\"articleSection\":[\"Noticias\"],\"inLanguage\":\"es\"},{\"@type\":\"WebPage\",\"@id\":\"https:\/\/medicina.udd.cl\/kinesiologia-santiago\/noticias\/2023\/12\/13\/academica-udd-participo-en-la-planificacion-del-congreso-mundial-de-fisioterapia-tokio-2025-desde-la-sede-central-del-world-physiotherapist\/\",\"url\":\"https:\/\/medicina.udd.cl\/kinesiologia-santiago\/noticias\/2023\/12\/13\/academica-udd-participo-en-la-planificacion-del-congreso-mundial-de-fisioterapia-tokio-2025-desde-la-sede-central-del-world-physiotherapist\/\",\"name\":\"Acad\u00e9mica UDD particip\u00f3 en la planificaci\u00f3n del Congreso Mundial de Fisioterapia Tokio 2025 desde la sede central del World Physiotherapist - Kinesiolog\u00eda\",\"isPartOf\":{\"@id\":\"https:\/\/medicina.udd.cl\/kinesiologia-santiago\/#website\"},\"primaryImageOfPage\":{\"@id\":\"https:\/\/medicina.udd.cl\/kinesiologia-santiago\/noticias\/2023\/12\/13\/academica-udd-participo-en-la-planificacion-del-congreso-mundial-de-fisioterapia-tokio-2025-desde-la-sede-central-del-world-physiotherapist\/#primaryimage\"},\"image\":{\"@id\":\"https:\/\/medicina.udd.cl\/kinesiologia-santiago\/noticias\/2023\/12\/13\/academica-udd-participo-en-la-planificacion-del-congreso-mundial-de-fisioterapia-tokio-2025-desde-la-sede-central-del-world-physiotherapist\/#primaryimage\"},\"thumbnailUrl\":\"https:\/\/medicina.udd.cl\/kinesiologia-santiago\/files\/2023\/12\/kine-sonia-roa-en-londres-3.jpg\",\"datePublished\":\"2023-12-13T19:54:05+00:00\",\"dateModified\":\"2023-12-13T19:54:06+00:00\",\"author\":{\"@id\":\"https:\/\/medicina.udd.cl\/kinesiologia-santiago\/#\/schema\/person\/dbc3705bf3a93e8be1ba6de0ef950341\"},\"breadcrumb\":{\"@id\":\"https:\/\/medicina.udd.cl\/kinesiologia-santiago\/noticias\/2023\/12\/13\/academica-udd-participo-en-la-planificacion-del-congreso-mundial-de-fisioterapia-tokio-2025-desde-la-sede-central-del-world-physiotherapist\/#breadcrumb\"},\"inLanguage\":\"es\",\"potentialAction\":[{\"@type\":\"ReadAction\",\"target\":[\"https:\/\/medicina.udd.cl\/kinesiologia-santiago\/noticias\/2023\/12\/13\/academica-udd-participo-en-la-planificacion-del-congreso-mundial-de-fisioterapia-tokio-2025-desde-la-sede-central-del-world-physiotherapist\/\"]}]},{\"@type\":\"ImageObject\",\"inLanguage\":\"es\",\"@id\":\"https:\/\/medicina.udd.cl\/kinesiologia-santiago\/noticias\/2023\/12\/13\/academica-udd-participo-en-la-planificacion-del-congreso-mundial-de-fisioterapia-tokio-2025-desde-la-sede-central-del-world-physiotherapist\/#primaryimage\",\"url\":\"https:\/\/medicina.udd.cl\/kinesiologia-santiago\/files\/2023\/12\/kine-sonia-roa-en-londres-3.jpg\",\"contentUrl\":\"https:\/\/medicina.udd.cl\/kinesiologia-santiago\/files\/2023\/12\/kine-sonia-roa-en-londres-3.jpg\",\"width\":1600,\"height\":1200},{\"@type\":\"BreadcrumbList\",\"@id\":\"https:\/\/medicina.udd.cl\/kinesiologia-santiago\/noticias\/2023\/12\/13\/academica-udd-participo-en-la-planificacion-del-congreso-mundial-de-fisioterapia-tokio-2025-desde-la-sede-central-del-world-physiotherapist\/#breadcrumb\",\"itemListElement\":[{\"@type\":\"ListItem\",\"position\":1,\"name\":\"Home\",\"item\":\"https:\/\/medicina.udd.cl\/kinesiologia-santiago\/\"},{\"@type\":\"ListItem\",\"position\":2,\"name\":\"Acad\u00e9mica UDD particip\u00f3 en la planificaci\u00f3n del Congreso Mundial de Fisioterapia Tokio 2025 desde la sede central del World Physiotherapist\"}]},{\"@type\":\"WebSite\",\"@id\":\"https:\/\/medicina.udd.cl\/kinesiologia-santiago\/#website\",\"url\":\"https:\/\/medicina.udd.cl\/kinesiologia-santiago\/\",\"name\":\"Kinesiolog\u00eda\",\"description\":\"Facultad de Medicina Cl\u00ednica Alemana Universidad del Desarrollo\",\"inLanguage\":\"es\"},{\"@type\":\"Person\",\"@id\":\"https:\/\/medicina.udd.cl\/kinesiologia-santiago\/#\/schema\/person\/dbc3705bf3a93e8be1ba6de0ef950341\",\"name\":\"rbraidy\",\"image\":{\"@type\":\"ImageObject\",\"inLanguage\":\"es\",\"@id\":\"https:\/\/medicina.udd.cl\/kinesiologia-santiago\/#\/schema\/person\/image\/\",\"url\":\"https:\/\/secure.gravatar.com\/avatar\/0f8bc94637401590e45d2ce17eb65c274cb8870a219de6177f3f23e63fd8cdf3?s=96&d=mm&r=g\",\"contentUrl\":\"https:\/\/secure.gravatar.com\/avatar\/0f8bc94637401590e45d2ce17eb65c274cb8870a219de6177f3f23e63fd8cdf3?s=96&d=mm&r=g\",\"caption\":\"rbraidy\"},\"url\":\"https:\/\/medicina.udd.cl\/kinesiologia-santiago\/noticias\/author\/rbraidy\/\"}]}<\/script>\n<!-- \/ Yoast SEO plugin. -->","yoast_head_json":{"title":"Acad\u00e9mica UDD particip\u00f3 en la planificaci\u00f3n del Congreso Mundial de Fisioterapia Tokio 2025 desde la sede central del World Physiotherapist - Kinesiolog\u00eda","robots":{"index":"index","follow":"follow","max-snippet":"max-snippet:-1","max-image-preview":"max-image-preview:large","max-video-preview":"max-video-preview:-1"},"canonical":"https:\/\/medicina.udd.cl\/kinesiologia-santiago\/noticias\/2023\/12\/13\/academica-udd-participo-en-la-planificacion-del-congreso-mundial-de-fisioterapia-tokio-2025-desde-la-sede-central-del-world-physiotherapist\/","og_locale":"es_ES","og_type":"article","og_title":"Acad\u00e9mica UDD particip\u00f3 en la planificaci\u00f3n del Congreso Mundial de Fisioterapia Tokio 2025 desde la sede central del World Physiotherapist - Kinesiolog\u00eda","og_description":"La Klga. Sonia Roa Alcaino, acad\u00e9mica de la carrera de Kinesiolog\u00eda de la Facultad de Medicina Cl\u00ednica Alemana Universidad del Desarrollo, fue invitada como miembro del Comit\u00e9 de Programa para el pr\u00f3ximo Congreso Mundial de Fisioterapia Tokio 2025. Recientemente, tuvo la oportunidad de visitar las instalaciones de la oficina central del World Physiotherapist en Londres, [&hellip;]","og_url":"https:\/\/medicina.udd.cl\/kinesiologia-santiago\/noticias\/2023\/12\/13\/academica-udd-participo-en-la-planificacion-del-congreso-mundial-de-fisioterapia-tokio-2025-desde-la-sede-central-del-world-physiotherapist\/","og_site_name":"Kinesiolog\u00eda","article_published_time":"2023-12-13T19:54:05+00:00","article_modified_time":"2023-12-13T19:54:06+00:00","og_image":[{"width":1600,"height":1200,"url":"https:\/\/medicina.udd.cl\/kinesiologia-santiago\/files\/2023\/12\/kine-sonia-roa-en-londres-3.jpg","type":"image\/jpeg"}],"author":"rbraidy","twitter_misc":{"Escrito por":"rbraidy","Tiempo de lectura":"2 minutos"},"schema":{"@context":"https:\/\/schema.org","@graph":[{"@type":"Article","@id":"https:\/\/medicina.udd.cl\/kinesiologia-santiago\/noticias\/2023\/12\/13\/academica-udd-participo-en-la-planificacion-del-congreso-mundial-de-fisioterapia-tokio-2025-desde-la-sede-central-del-world-physiotherapist\/#article","isPartOf":{"@id":"https:\/\/medicina.udd.cl\/kinesiologia-santiago\/noticias\/2023\/12\/13\/academica-udd-participo-en-la-planificacion-del-congreso-mundial-de-fisioterapia-tokio-2025-desde-la-sede-central-del-world-physiotherapist\/"},"author":{"name":"rbraidy","@id":"https:\/\/medicina.udd.cl\/kinesiologia-santiago\/#\/schema\/person\/dbc3705bf3a93e8be1ba6de0ef950341"},"headline":"Acad\u00e9mica UDD particip\u00f3 en la planificaci\u00f3n del Congreso Mundial de Fisioterapia Tokio 2025 desde la sede central del World Physiotherapist","datePublished":"2023-12-13T19:54:05+00:00","dateModified":"2023-12-13T19:54:06+00:00","mainEntityOfPage":{"@id":"https:\/\/medicina.udd.cl\/kinesiologia-santiago\/noticias\/2023\/12\/13\/academica-udd-participo-en-la-planificacion-del-congreso-mundial-de-fisioterapia-tokio-2025-desde-la-sede-central-del-world-physiotherapist\/"},"wordCount":320,"image":{"@id":"https:\/\/medicina.udd.cl\/kinesiologia-santiago\/noticias\/2023\/12\/13\/academica-udd-participo-en-la-planificacion-del-congreso-mundial-de-fisioterapia-tokio-2025-desde-la-sede-central-del-world-physiotherapist\/#primaryimage"},"thumbnailUrl":"https:\/\/medicina.udd.cl\/kinesiologia-santiago\/files\/2023\/12\/kine-sonia-roa-en-londres-3.jpg","articleSection":["Noticias"],"inLanguage":"es"},{"@type":"WebPage","@id":"https:\/\/medicina.udd.cl\/kinesiologia-santiago\/noticias\/2023\/12\/13\/academica-udd-participo-en-la-planificacion-del-congreso-mundial-de-fisioterapia-tokio-2025-desde-la-sede-central-del-world-physiotherapist\/","url":"https:\/\/medicina.udd.cl\/kinesiologia-santiago\/noticias\/2023\/12\/13\/academica-udd-participo-en-la-planificacion-del-congreso-mundial-de-fisioterapia-tokio-2025-desde-la-sede-central-del-world-physiotherapist\/","name":"Acad\u00e9mica UDD particip\u00f3 en la planificaci\u00f3n del Congreso Mundial de Fisioterapia Tokio 2025 desde la sede central del World Physiotherapist - Kinesiolog\u00eda","isPartOf":{"@id":"https:\/\/medicina.udd.cl\/kinesiologia-santiago\/#website"},"primaryImageOfPage":{"@id":"https:\/\/medicina.udd.cl\/kinesiologia-santiago\/noticias\/2023\/12\/13\/academica-udd-participo-en-la-planificacion-del-congreso-mundial-de-fisioterapia-tokio-2025-desde-la-sede-central-del-world-physiotherapist\/#primaryimage"},"image":{"@id":"https:\/\/medicina.udd.cl\/kinesiologia-santiago\/noticias\/2023\/12\/13\/academica-udd-participo-en-la-planificacion-del-congreso-mundial-de-fisioterapia-tokio-2025-desde-la-sede-central-del-world-physiotherapist\/#primaryimage"},"thumbnailUrl":"https:\/\/medicina.udd.cl\/kinesiologia-santiago\/files\/2023\/12\/kine-sonia-roa-en-londres-3.jpg","datePublished":"2023-12-13T19:54:05+00:00","dateModified":"2023-12-13T19:54:06+00:00","author":{"@id":"https:\/\/medicina.udd.cl\/kinesiologia-santiago\/#\/schema\/person\/dbc3705bf3a93e8be1ba6de0ef950341"},"breadcrumb":{"@id":"https:\/\/medicina.udd.cl\/kinesiologia-santiago\/noticias\/2023\/12\/13\/academica-udd-participo-en-la-planificacion-del-congreso-mundial-de-fisioterapia-tokio-2025-desde-la-sede-central-del-world-physiotherapist\/#breadcrumb"},"inLanguage":"es","potentialAction":[{"@type":"ReadAction","target":["https:\/\/medicina.udd.cl\/kinesiologia-santiago\/noticias\/2023\/12\/13\/academica-udd-participo-en-la-planificacion-del-congreso-mundial-de-fisioterapia-tokio-2025-desde-la-sede-central-del-world-physiotherapist\/"]}]},{"@type":"ImageObject","inLanguage":"es","@id":"https:\/\/medicina.udd.cl\/kinesiologia-santiago\/noticias\/2023\/12\/13\/academica-udd-participo-en-la-planificacion-del-congreso-mundial-de-fisioterapia-tokio-2025-desde-la-sede-central-del-world-physiotherapist\/#primaryimage","url":"https:\/\/medicina.udd.cl\/kinesiologia-santiago\/files\/2023\/12\/kine-sonia-roa-en-londres-3.jpg","contentUrl":"https:\/\/medicina.udd.cl\/kinesiologia-santiago\/files\/2023\/12\/kine-sonia-roa-en-londres-3.jpg","width":1600,"height":1200},{"@type":"BreadcrumbList","@id":"https:\/\/medicina.udd.cl\/kinesiologia-santiago\/noticias\/2023\/12\/13\/academica-udd-participo-en-la-planificacion-del-congreso-mundial-de-fisioterapia-tokio-2025-desde-la-sede-central-del-world-physiotherapist\/#breadcrumb","itemListElement":[{"@type":"ListItem","position":1,"name":"Home","item":"https:\/\/medicina.udd.cl\/kinesiologia-santiago\/"},{"@type":"ListItem","position":2,"name":"Acad\u00e9mica UDD particip\u00f3 en la planificaci\u00f3n del Congreso Mundial de Fisioterapia Tokio 2025 desde la sede central del World Physiotherapist"}]},{"@type":"WebSite","@id":"https:\/\/medicina.udd.cl\/kinesiologia-santiago\/#website","url":"https:\/\/medicina.udd.cl\/kinesiologia-santiago\/","name":"Kinesiolog\u00eda","description":"Facultad de Medicina Cl\u00ednica Alemana Universidad del Desarrollo","inLanguage":"es"},{"@type":"Person","@id":"https:\/\/medicina.udd.cl\/kinesiologia-santiago\/#\/schema\/person\/dbc3705bf3a93e8be1ba6de0ef950341","name":"rbraidy","image":{"@type":"ImageObject","inLanguage":"es","@id":"https:\/\/medicina.udd.cl\/kinesiologia-santiago\/#\/schema\/person\/image\/","url":"https:\/\/secure.gravatar.com\/avatar\/0f8bc94637401590e45d2ce17eb65c274cb8870a219de6177f3f23e63fd8cdf3?s=96&d=mm&r=g","contentUrl":"https:\/\/secure.gravatar.com\/avatar\/0f8bc94637401590e45d2ce17eb65c274cb8870a219de6177f3f23e63fd8cdf3?s=96&d=mm&r=g","caption":"rbraidy"},"url":"https:\/\/medicina.udd.cl\/kinesiologia-santiago\/noticias\/author\/rbraidy\/"}]}},"featured_image_url":"https:\/\/medicina.udd.cl\/kinesiologia-santiago\/files\/2023\/12\/kine-sonia-roa-en-londres-3.jpg","_links":{"self":[{"href":"https:\/\/medicina.udd.cl\/kinesiologia-santiago\/wp-json\/wp\/v2\/posts\/6121","targetHints":{"allow":["GET"]}}],"collection":[{"href":"https:\/\/medicina.udd.cl\/kinesiologia-santiago\/wp-json\/wp\/v2\/posts"}],"about":[{"href":"https:\/\/medicina.udd.cl\/kinesiologia-santiago\/wp-json\/wp\/v2\/types\/post"}],"author":[{"embeddable":true,"href":"https:\/\/medicina.udd.cl\/kinesiologia-santiago\/wp-json\/wp\/v2\/users\/9192219"}],"replies":[{"embeddable":true,"href":"https:\/\/medicina.udd.cl\/kinesiologia-santiago\/wp-json\/wp\/v2\/comments?post=6121"}],"version-history":[{"count":1,"href":"https:\/\/medicina.udd.cl\/kinesiologia-santiago\/wp-json\/wp\/v2\/posts\/6121\/revisions"}],"predecessor-version":[{"id":6125,"href":"https:\/\/medicina.udd.cl\/kinesiologia-santiago\/wp-json\/wp\/v2\/posts\/6121\/revisions\/6125"}],"wp:featuredmedia":[{"embeddable":true,"href":"https:\/\/medicina.udd.cl\/kinesiologia-santiago\/wp-json\/wp\/v2\/media\/6124"}],"wp:attachment":[{"href":"https:\/\/medicina.udd.cl\/kinesiologia-santiago\/wp-json\/wp\/v2\/media?parent=6121"}],"wp:term":[{"taxonomy":"category","embeddable":true,"href":"https:\/\/medicina.udd.cl\/kinesiologia-santiago\/wp-json\/wp\/v2\/categories?post=6121"},{"taxonomy":"post_tag","embeddable":true,"href":"https:\/\/medicina.udd.cl\/kinesiologia-santiago\/wp-json\/wp\/v2\/tags?post=6121"}],"curies":[{"name":"wp","href":"https:\/\/api.w.org\/{rel}","templated":true}]}}