{"id":64,"date":"2010-05-16T11:53:23","date_gmt":"2010-05-16T15:53:23","guid":{"rendered":"http:\/\/medicina.udd.cl\/kinesiologia-santiago\/2010\/05\/16\/kinesiologia-lanza-segunda-version-de-diplomado-kinesiterapia-en-embarazo-y-post-parto\/"},"modified":"2010-05-17T10:56:25","modified_gmt":"2010-05-17T14:56:25","slug":"kinesiologia-lanza-segunda-version-de-diplomado-kinesiterapia-en-embarazo-y-post-parto","status":"publish","type":"post","link":"https:\/\/medicina.udd.cl\/kinesiologia-santiago\/noticias\/2010\/05\/16\/kinesiologia-lanza-segunda-version-de-diplomado-kinesiterapia-en-embarazo-y-post-parto\/","title":{"rendered":"Kinesiolog\u00eda lanza segunda versi\u00f3n de Diplomado Kinesiterapia en embarazo y post parto"},"content":{"rendered":"<p style=\"text-align: justify\"><a href=\"http:\/\/medicina.udd.cl\/kinesiologia-santiago\/files\/2010\/05\/Oficial-parto.jpg\"><img loading=\"lazy\" decoding=\"async\" class=\"alignleft size-medium wp-image-70\" title=\"Oficial parto\" src=\"http:\/\/medicina.udd.cl\/kinesiologia-santiago\/files\/2010\/05\/Oficial-parto-300x178.jpg\" alt=\"\" width=\"300\" height=\"178\" srcset=\"https:\/\/medicina.udd.cl\/kinesiologia-santiago\/files\/2010\/05\/Oficial-parto-300x178.jpg 300w, https:\/\/medicina.udd.cl\/kinesiologia-santiago\/files\/2010\/05\/Oficial-parto-768x456.jpg 768w, https:\/\/medicina.udd.cl\/kinesiologia-santiago\/files\/2010\/05\/Oficial-parto-960x571.jpg 960w, https:\/\/medicina.udd.cl\/kinesiologia-santiago\/files\/2010\/05\/Oficial-parto.jpg 1023w\" sizes=\"auto, (max-width: 300px) 100vw, 300px\" \/><\/a>El pasado s\u00e1bado 08 de mayo, la carrera de kinesiolog\u00eda dio inicio a la segunda versi\u00f3n del diplomado Kinesiterapia en embarazo y postparto.<\/p>\n<p style=\"text-align: justify\">La ceremonia cont\u00f3 con la presencia de autoridades de nuestra Facultad y de la carrera de Kinesiolog\u00eda, adem\u00e1s del cuerpo docente del diplomado.<\/p>\n<p style=\"text-align: justify\">En la oportunidad, el director de la carrera, \u00a0Klgo. Jorge Molina, destac\u00f3 el trabajo realizado para poder continuar por esta senda innovadora en post\u00edtulos\u00a0 para kinesi\u00f3logos, destacando que la propuesta nace como respuesta a una necesidad de la mujer postmoderna que requiere de cuidados especiales durante este per\u00edodo de la vida tan importante: la maternidad.<\/p>\n<p style=\"text-align: justify\">Por otra parte,\u00a0la coordinadora de post\u00edtulos de\u00a0la carrera y directora del diplomado, Klga. Sonia Roa,\u00a0destac\u00f3 la importancia de los cuidados de la mujer durante y despu\u00e9s del embarazo, dado que permite mantener una buena calidad de vida durante este per\u00edodo marcado por grandes cambios f\u00edsicos y emocionales.<\/p>\n<p style=\"text-align: justify\">Finalmente, se agradeci\u00f3 a los estudiantes, que pese a venir de lugares lejanos como Chilo\u00e9 y\u00a0Concepci\u00f3n, hacen el esfuerzo para estar presentes desde el primer momento.<\/p>\n","protected":false},"excerpt":{"rendered":"<p>El pasado s\u00e1bado 08 de mayo, la carrera de kinesiolog\u00eda dio inicio a la segunda versi\u00f3n del diplomado Kinesiterapia en embarazo y postparto. La ceremonia cont\u00f3 con la presencia de autoridades de nuestra Facultad y de la carrera de Kinesiolog\u00eda, adem\u00e1s del cuerpo docente del diplomado. En la oportunidad, el director de la carrera, \u00a0Klgo. [&hellip;]<\/p>\n","protected":false},"author":1,"featured_media":0,"comment_status":"open","ping_status":"open","sticky":false,"template":"","format":"standard","meta":{"footnotes":""},"categories":[4],"tags":[],"class_list":["post-64","post","type-post","status-publish","format-standard","hentry","category-noticias"],"yoast_head":"<!-- This site is optimized with the Yoast SEO plugin v26.9 - https:\/\/yoast.com\/product\/yoast-seo-wordpress\/ -->\n<title>Kinesiolog\u00eda lanza segunda versi\u00f3n de Diplomado Kinesiterapia en embarazo y post parto  - Kinesiolog\u00eda<\/title>\n<meta name=\"robots\" content=\"index, follow, max-snippet:-1, max-image-preview:large, max-video-preview:-1\" \/>\n<link rel=\"canonical\" href=\"https:\/\/medicina.udd.cl\/kinesiologia-santiago\/noticias\/2010\/05\/16\/kinesiologia-lanza-segunda-version-de-diplomado-kinesiterapia-en-embarazo-y-post-parto\/\" \/>\n<meta property=\"og:locale\" content=\"es_ES\" \/>\n<meta property=\"og:type\" content=\"article\" \/>\n<meta property=\"og:title\" content=\"Kinesiolog\u00eda lanza segunda versi\u00f3n de Diplomado Kinesiterapia en embarazo y post parto  - Kinesiolog\u00eda\" \/>\n<meta property=\"og:description\" content=\"El pasado s\u00e1bado 08 de mayo, la carrera de kinesiolog\u00eda dio inicio a la segunda versi\u00f3n del diplomado Kinesiterapia en embarazo y postparto. La ceremonia cont\u00f3 con la presencia de autoridades de nuestra Facultad y de la carrera de Kinesiolog\u00eda, adem\u00e1s del cuerpo docente del diplomado. En la oportunidad, el director de la carrera, \u00a0Klgo. [&hellip;]\" \/>\n<meta property=\"og:url\" content=\"https:\/\/medicina.udd.cl\/kinesiologia-santiago\/noticias\/2010\/05\/16\/kinesiologia-lanza-segunda-version-de-diplomado-kinesiterapia-en-embarazo-y-post-parto\/\" \/>\n<meta property=\"og:site_name\" content=\"Kinesiolog\u00eda\" \/>\n<meta property=\"article:published_time\" content=\"2010-05-16T15:53:23+00:00\" \/>\n<meta property=\"article:modified_time\" content=\"2010-05-17T14:56:25+00:00\" \/>\n<meta property=\"og:image\" content=\"http:\/\/medicina.udd.cl\/kinesiologia-santiago\/files\/2010\/05\/Oficial-parto-300x178.jpg\" \/>\n<meta name=\"author\" content=\"admin\" \/>\n<meta name=\"twitter:label1\" content=\"Escrito por\" \/>\n\t<meta name=\"twitter:data1\" content=\"admin\" \/>\n\t<meta name=\"twitter:label2\" content=\"Tiempo de lectura\" \/>\n\t<meta name=\"twitter:data2\" content=\"1 minuto\" \/>\n<script type=\"application\/ld+json\" class=\"yoast-schema-graph\">{\"@context\":\"https:\/\/schema.org\",\"@graph\":[{\"@type\":\"Article\",\"@id\":\"https:\/\/medicina.udd.cl\/kinesiologia-santiago\/noticias\/2010\/05\/16\/kinesiologia-lanza-segunda-version-de-diplomado-kinesiterapia-en-embarazo-y-post-parto\/#article\",\"isPartOf\":{\"@id\":\"https:\/\/medicina.udd.cl\/kinesiologia-santiago\/noticias\/2010\/05\/16\/kinesiologia-lanza-segunda-version-de-diplomado-kinesiterapia-en-embarazo-y-post-parto\/\"},\"author\":{\"name\":\"admin\",\"@id\":\"https:\/\/medicina.udd.cl\/kinesiologia-santiago\/#\/schema\/person\/f7abfa784c86da427e89287831f96ab7\"},\"headline\":\"Kinesiolog\u00eda lanza segunda versi\u00f3n de Diplomado Kinesiterapia en embarazo y post parto\",\"datePublished\":\"2010-05-16T15:53:23+00:00\",\"dateModified\":\"2010-05-17T14:56:25+00:00\",\"mainEntityOfPage\":{\"@id\":\"https:\/\/medicina.udd.cl\/kinesiologia-santiago\/noticias\/2010\/05\/16\/kinesiologia-lanza-segunda-version-de-diplomado-kinesiterapia-en-embarazo-y-post-parto\/\"},\"wordCount\":204,\"commentCount\":2,\"image\":{\"@id\":\"https:\/\/medicina.udd.cl\/kinesiologia-santiago\/noticias\/2010\/05\/16\/kinesiologia-lanza-segunda-version-de-diplomado-kinesiterapia-en-embarazo-y-post-parto\/#primaryimage\"},\"thumbnailUrl\":\"http:\/\/medicina.udd.cl\/kinesiologia-santiago\/files\/2010\/05\/Oficial-parto-300x178.jpg\",\"articleSection\":[\"Noticias\"],\"inLanguage\":\"es\",\"potentialAction\":[{\"@type\":\"CommentAction\",\"name\":\"Comment\",\"target\":[\"https:\/\/medicina.udd.cl\/kinesiologia-santiago\/noticias\/2010\/05\/16\/kinesiologia-lanza-segunda-version-de-diplomado-kinesiterapia-en-embarazo-y-post-parto\/#respond\"]}]},{\"@type\":\"WebPage\",\"@id\":\"https:\/\/medicina.udd.cl\/kinesiologia-santiago\/noticias\/2010\/05\/16\/kinesiologia-lanza-segunda-version-de-diplomado-kinesiterapia-en-embarazo-y-post-parto\/\",\"url\":\"https:\/\/medicina.udd.cl\/kinesiologia-santiago\/noticias\/2010\/05\/16\/kinesiologia-lanza-segunda-version-de-diplomado-kinesiterapia-en-embarazo-y-post-parto\/\",\"name\":\"Kinesiolog\u00eda lanza segunda versi\u00f3n de Diplomado Kinesiterapia en embarazo y post parto - Kinesiolog\u00eda\",\"isPartOf\":{\"@id\":\"https:\/\/medicina.udd.cl\/kinesiologia-santiago\/#website\"},\"primaryImageOfPage\":{\"@id\":\"https:\/\/medicina.udd.cl\/kinesiologia-santiago\/noticias\/2010\/05\/16\/kinesiologia-lanza-segunda-version-de-diplomado-kinesiterapia-en-embarazo-y-post-parto\/#primaryimage\"},\"image\":{\"@id\":\"https:\/\/medicina.udd.cl\/kinesiologia-santiago\/noticias\/2010\/05\/16\/kinesiologia-lanza-segunda-version-de-diplomado-kinesiterapia-en-embarazo-y-post-parto\/#primaryimage\"},\"thumbnailUrl\":\"http:\/\/medicina.udd.cl\/kinesiologia-santiago\/files\/2010\/05\/Oficial-parto-300x178.jpg\",\"datePublished\":\"2010-05-16T15:53:23+00:00\",\"dateModified\":\"2010-05-17T14:56:25+00:00\",\"author\":{\"@id\":\"https:\/\/medicina.udd.cl\/kinesiologia-santiago\/#\/schema\/person\/f7abfa784c86da427e89287831f96ab7\"},\"breadcrumb\":{\"@id\":\"https:\/\/medicina.udd.cl\/kinesiologia-santiago\/noticias\/2010\/05\/16\/kinesiologia-lanza-segunda-version-de-diplomado-kinesiterapia-en-embarazo-y-post-parto\/#breadcrumb\"},\"inLanguage\":\"es\",\"potentialAction\":[{\"@type\":\"ReadAction\",\"target\":[\"https:\/\/medicina.udd.cl\/kinesiologia-santiago\/noticias\/2010\/05\/16\/kinesiologia-lanza-segunda-version-de-diplomado-kinesiterapia-en-embarazo-y-post-parto\/\"]}]},{\"@type\":\"ImageObject\",\"inLanguage\":\"es\",\"@id\":\"https:\/\/medicina.udd.cl\/kinesiologia-santiago\/noticias\/2010\/05\/16\/kinesiologia-lanza-segunda-version-de-diplomado-kinesiterapia-en-embarazo-y-post-parto\/#primaryimage\",\"url\":\"http:\/\/medicina.udd.cl\/kinesiologia-santiago\/files\/2010\/05\/Oficial-parto-300x178.jpg\",\"contentUrl\":\"http:\/\/medicina.udd.cl\/kinesiologia-santiago\/files\/2010\/05\/Oficial-parto-300x178.jpg\"},{\"@type\":\"BreadcrumbList\",\"@id\":\"https:\/\/medicina.udd.cl\/kinesiologia-santiago\/noticias\/2010\/05\/16\/kinesiologia-lanza-segunda-version-de-diplomado-kinesiterapia-en-embarazo-y-post-parto\/#breadcrumb\",\"itemListElement\":[{\"@type\":\"ListItem\",\"position\":1,\"name\":\"Home\",\"item\":\"https:\/\/medicina.udd.cl\/kinesiologia-santiago\/\"},{\"@type\":\"ListItem\",\"position\":2,\"name\":\"Kinesiolog\u00eda lanza segunda versi\u00f3n de Diplomado Kinesiterapia en embarazo y post parto\"}]},{\"@type\":\"WebSite\",\"@id\":\"https:\/\/medicina.udd.cl\/kinesiologia-santiago\/#website\",\"url\":\"https:\/\/medicina.udd.cl\/kinesiologia-santiago\/\",\"name\":\"Kinesiolog\u00eda\",\"description\":\"Facultad de Medicina Cl\u00ednica Alemana Universidad del Desarrollo\",\"inLanguage\":\"es\"},{\"@type\":\"Person\",\"@id\":\"https:\/\/medicina.udd.cl\/kinesiologia-santiago\/#\/schema\/person\/f7abfa784c86da427e89287831f96ab7\",\"name\":\"admin\",\"image\":{\"@type\":\"ImageObject\",\"inLanguage\":\"es\",\"@id\":\"https:\/\/medicina.udd.cl\/kinesiologia-santiago\/#\/schema\/person\/image\/\",\"url\":\"https:\/\/secure.gravatar.com\/avatar\/3cb6da298954dfb54457c0910b8c9ca010abd8d87a60f7d701b6ce4254e1c642?s=96&d=mm&r=g\",\"contentUrl\":\"https:\/\/secure.gravatar.com\/avatar\/3cb6da298954dfb54457c0910b8c9ca010abd8d87a60f7d701b6ce4254e1c642?s=96&d=mm&r=g\",\"caption\":\"admin\"},\"url\":\"https:\/\/medicina.udd.cl\/kinesiologia-santiago\/noticias\/author\/admin\/\"}]}<\/script>\n<!-- \/ Yoast SEO plugin. -->","yoast_head_json":{"title":"Kinesiolog\u00eda lanza segunda versi\u00f3n de Diplomado Kinesiterapia en embarazo y post parto  - Kinesiolog\u00eda","robots":{"index":"index","follow":"follow","max-snippet":"max-snippet:-1","max-image-preview":"max-image-preview:large","max-video-preview":"max-video-preview:-1"},"canonical":"https:\/\/medicina.udd.cl\/kinesiologia-santiago\/noticias\/2010\/05\/16\/kinesiologia-lanza-segunda-version-de-diplomado-kinesiterapia-en-embarazo-y-post-parto\/","og_locale":"es_ES","og_type":"article","og_title":"Kinesiolog\u00eda lanza segunda versi\u00f3n de Diplomado Kinesiterapia en embarazo y post parto  - Kinesiolog\u00eda","og_description":"El pasado s\u00e1bado 08 de mayo, la carrera de kinesiolog\u00eda dio inicio a la segunda versi\u00f3n del diplomado Kinesiterapia en embarazo y postparto. La ceremonia cont\u00f3 con la presencia de autoridades de nuestra Facultad y de la carrera de Kinesiolog\u00eda, adem\u00e1s del cuerpo docente del diplomado. En la oportunidad, el director de la carrera, \u00a0Klgo. [&hellip;]","og_url":"https:\/\/medicina.udd.cl\/kinesiologia-santiago\/noticias\/2010\/05\/16\/kinesiologia-lanza-segunda-version-de-diplomado-kinesiterapia-en-embarazo-y-post-parto\/","og_site_name":"Kinesiolog\u00eda","article_published_time":"2010-05-16T15:53:23+00:00","article_modified_time":"2010-05-17T14:56:25+00:00","og_image":[{"url":"http:\/\/medicina.udd.cl\/kinesiologia-santiago\/files\/2010\/05\/Oficial-parto-300x178.jpg","type":"","width":"","height":""}],"author":"admin","twitter_misc":{"Escrito por":"admin","Tiempo de lectura":"1 minuto"},"schema":{"@context":"https:\/\/schema.org","@graph":[{"@type":"Article","@id":"https:\/\/medicina.udd.cl\/kinesiologia-santiago\/noticias\/2010\/05\/16\/kinesiologia-lanza-segunda-version-de-diplomado-kinesiterapia-en-embarazo-y-post-parto\/#article","isPartOf":{"@id":"https:\/\/medicina.udd.cl\/kinesiologia-santiago\/noticias\/2010\/05\/16\/kinesiologia-lanza-segunda-version-de-diplomado-kinesiterapia-en-embarazo-y-post-parto\/"},"author":{"name":"admin","@id":"https:\/\/medicina.udd.cl\/kinesiologia-santiago\/#\/schema\/person\/f7abfa784c86da427e89287831f96ab7"},"headline":"Kinesiolog\u00eda lanza segunda versi\u00f3n de Diplomado Kinesiterapia en embarazo y post parto","datePublished":"2010-05-16T15:53:23+00:00","dateModified":"2010-05-17T14:56:25+00:00","mainEntityOfPage":{"@id":"https:\/\/medicina.udd.cl\/kinesiologia-santiago\/noticias\/2010\/05\/16\/kinesiologia-lanza-segunda-version-de-diplomado-kinesiterapia-en-embarazo-y-post-parto\/"},"wordCount":204,"commentCount":2,"image":{"@id":"https:\/\/medicina.udd.cl\/kinesiologia-santiago\/noticias\/2010\/05\/16\/kinesiologia-lanza-segunda-version-de-diplomado-kinesiterapia-en-embarazo-y-post-parto\/#primaryimage"},"thumbnailUrl":"http:\/\/medicina.udd.cl\/kinesiologia-santiago\/files\/2010\/05\/Oficial-parto-300x178.jpg","articleSection":["Noticias"],"inLanguage":"es","potentialAction":[{"@type":"CommentAction","name":"Comment","target":["https:\/\/medicina.udd.cl\/kinesiologia-santiago\/noticias\/2010\/05\/16\/kinesiologia-lanza-segunda-version-de-diplomado-kinesiterapia-en-embarazo-y-post-parto\/#respond"]}]},{"@type":"WebPage","@id":"https:\/\/medicina.udd.cl\/kinesiologia-santiago\/noticias\/2010\/05\/16\/kinesiologia-lanza-segunda-version-de-diplomado-kinesiterapia-en-embarazo-y-post-parto\/","url":"https:\/\/medicina.udd.cl\/kinesiologia-santiago\/noticias\/2010\/05\/16\/kinesiologia-lanza-segunda-version-de-diplomado-kinesiterapia-en-embarazo-y-post-parto\/","name":"Kinesiolog\u00eda lanza segunda versi\u00f3n de Diplomado Kinesiterapia en embarazo y post parto - Kinesiolog\u00eda","isPartOf":{"@id":"https:\/\/medicina.udd.cl\/kinesiologia-santiago\/#website"},"primaryImageOfPage":{"@id":"https:\/\/medicina.udd.cl\/kinesiologia-santiago\/noticias\/2010\/05\/16\/kinesiologia-lanza-segunda-version-de-diplomado-kinesiterapia-en-embarazo-y-post-parto\/#primaryimage"},"image":{"@id":"https:\/\/medicina.udd.cl\/kinesiologia-santiago\/noticias\/2010\/05\/16\/kinesiologia-lanza-segunda-version-de-diplomado-kinesiterapia-en-embarazo-y-post-parto\/#primaryimage"},"thumbnailUrl":"http:\/\/medicina.udd.cl\/kinesiologia-santiago\/files\/2010\/05\/Oficial-parto-300x178.jpg","datePublished":"2010-05-16T15:53:23+00:00","dateModified":"2010-05-17T14:56:25+00:00","author":{"@id":"https:\/\/medicina.udd.cl\/kinesiologia-santiago\/#\/schema\/person\/f7abfa784c86da427e89287831f96ab7"},"breadcrumb":{"@id":"https:\/\/medicina.udd.cl\/kinesiologia-santiago\/noticias\/2010\/05\/16\/kinesiologia-lanza-segunda-version-de-diplomado-kinesiterapia-en-embarazo-y-post-parto\/#breadcrumb"},"inLanguage":"es","potentialAction":[{"@type":"ReadAction","target":["https:\/\/medicina.udd.cl\/kinesiologia-santiago\/noticias\/2010\/05\/16\/kinesiologia-lanza-segunda-version-de-diplomado-kinesiterapia-en-embarazo-y-post-parto\/"]}]},{"@type":"ImageObject","inLanguage":"es","@id":"https:\/\/medicina.udd.cl\/kinesiologia-santiago\/noticias\/2010\/05\/16\/kinesiologia-lanza-segunda-version-de-diplomado-kinesiterapia-en-embarazo-y-post-parto\/#primaryimage","url":"http:\/\/medicina.udd.cl\/kinesiologia-santiago\/files\/2010\/05\/Oficial-parto-300x178.jpg","contentUrl":"http:\/\/medicina.udd.cl\/kinesiologia-santiago\/files\/2010\/05\/Oficial-parto-300x178.jpg"},{"@type":"BreadcrumbList","@id":"https:\/\/medicina.udd.cl\/kinesiologia-santiago\/noticias\/2010\/05\/16\/kinesiologia-lanza-segunda-version-de-diplomado-kinesiterapia-en-embarazo-y-post-parto\/#breadcrumb","itemListElement":[{"@type":"ListItem","position":1,"name":"Home","item":"https:\/\/medicina.udd.cl\/kinesiologia-santiago\/"},{"@type":"ListItem","position":2,"name":"Kinesiolog\u00eda lanza segunda versi\u00f3n de Diplomado Kinesiterapia en embarazo y post parto"}]},{"@type":"WebSite","@id":"https:\/\/medicina.udd.cl\/kinesiologia-santiago\/#website","url":"https:\/\/medicina.udd.cl\/kinesiologia-santiago\/","name":"Kinesiolog\u00eda","description":"Facultad de Medicina Cl\u00ednica Alemana Universidad del Desarrollo","inLanguage":"es"},{"@type":"Person","@id":"https:\/\/medicina.udd.cl\/kinesiologia-santiago\/#\/schema\/person\/f7abfa784c86da427e89287831f96ab7","name":"admin","image":{"@type":"ImageObject","inLanguage":"es","@id":"https:\/\/medicina.udd.cl\/kinesiologia-santiago\/#\/schema\/person\/image\/","url":"https:\/\/secure.gravatar.com\/avatar\/3cb6da298954dfb54457c0910b8c9ca010abd8d87a60f7d701b6ce4254e1c642?s=96&d=mm&r=g","contentUrl":"https:\/\/secure.gravatar.com\/avatar\/3cb6da298954dfb54457c0910b8c9ca010abd8d87a60f7d701b6ce4254e1c642?s=96&d=mm&r=g","caption":"admin"},"url":"https:\/\/medicina.udd.cl\/kinesiologia-santiago\/noticias\/author\/admin\/"}]}},"featured_image_url":null,"_links":{"self":[{"href":"https:\/\/medicina.udd.cl\/kinesiologia-santiago\/wp-json\/wp\/v2\/posts\/64","targetHints":{"allow":["GET"]}}],"collection":[{"href":"https:\/\/medicina.udd.cl\/kinesiologia-santiago\/wp-json\/wp\/v2\/posts"}],"about":[{"href":"https:\/\/medicina.udd.cl\/kinesiologia-santiago\/wp-json\/wp\/v2\/types\/post"}],"author":[{"embeddable":true,"href":"https:\/\/medicina.udd.cl\/kinesiologia-santiago\/wp-json\/wp\/v2\/users\/1"}],"replies":[{"embeddable":true,"href":"https:\/\/medicina.udd.cl\/kinesiologia-santiago\/wp-json\/wp\/v2\/comments?post=64"}],"version-history":[{"count":1,"href":"https:\/\/medicina.udd.cl\/kinesiologia-santiago\/wp-json\/wp\/v2\/posts\/64\/revisions"}],"predecessor-version":[{"id":71,"href":"https:\/\/medicina.udd.cl\/kinesiologia-santiago\/wp-json\/wp\/v2\/posts\/64\/revisions\/71"}],"wp:attachment":[{"href":"https:\/\/medicina.udd.cl\/kinesiologia-santiago\/wp-json\/wp\/v2\/media?parent=64"}],"wp:term":[{"taxonomy":"category","embeddable":true,"href":"https:\/\/medicina.udd.cl\/kinesiologia-santiago\/wp-json\/wp\/v2\/categories?post=64"},{"taxonomy":"post_tag","embeddable":true,"href":"https:\/\/medicina.udd.cl\/kinesiologia-santiago\/wp-json\/wp\/v2\/tags?post=64"}],"curies":[{"name":"wp","href":"https:\/\/api.w.org\/{rel}","templated":true}]}}