{"id":641,"date":"2012-05-16T15:07:18","date_gmt":"2012-05-16T19:07:18","guid":{"rendered":"http:\/\/medicina.udd.cl\/kinesiologia-santiago\/?p=641"},"modified":"2012-05-16T15:08:16","modified_gmt":"2012-05-16T19:08:16","slug":"alumnos-de-tercer-ano-reciben-grado-de-bachiller","status":"publish","type":"post","link":"https:\/\/medicina.udd.cl\/kinesiologia-santiago\/noticias\/2012\/05\/16\/alumnos-de-tercer-ano-reciben-grado-de-bachiller\/","title":{"rendered":"Alumnos de tercer a\u00f1o reciben grado de bachiller"},"content":{"rendered":"<p style=\"text-align: justify;\">El s\u00e1bado 12 de mayo, los estudiantes de\u00a0<a href=\"http:\/\/medicina.udd.cl\/kinesiologia-santiago\/\">Kinesiolog\u00eda<\/a>,\u00a0<a href=\"http:\/\/medicina.udd.cl\/tecnologia-medica-santiago\/\">Tecnolog\u00eda M\u00e9dica<\/a>,\u00a0<a href=\"http:\/\/medicina.udd.cl\/nutricion-dietetica-santiago\/\">Nutrici\u00f3n y Diet\u00e9tica<\/a> y\u00a0<a href=\"http:\/\/medicina.udd.cl\/fonoaudiologia-santiago\/\">Fonoaudiolog\u00eda<\/a> recibieron su grado de Bachiller, momento que indica la culminaci\u00f3n de su ciclo b\u00e1sico.<\/p>\n<p style=\"text-align: justify;\">En el caso de la carrera de Kinesiolog\u00eda, la actividad cont\u00f3 con la participaci\u00f3n y apoyo del coordinador acad\u00e9mico, Ra\u00fal Ahumada.<\/p>\n<p style=\"text-align: justify;\">Cabe destacar que a partir de esta instancia los alumnos acceden a su ciclo profesional, visitando los distintos campos cl\u00ednicos pertenecientes a la<a href=\"http:\/\/medicina.udd.cl\/\">Facultad de Medicina Cl\u00ednica Alemana Universidad del Desarrollo<\/a>.<\/p>\n<p style=\"text-align: center;\"><a href=\"http:\/\/medicina.udd.cl\/kinesiologia-santiago\/files\/2012\/05\/kine-2.jpg\"><img loading=\"lazy\" decoding=\"async\" class=\"size-full wp-image-642  aligncenter\" title=\"kinesiolog\u00eda\" src=\"http:\/\/medicina.udd.cl\/kinesiologia-santiago\/files\/2012\/05\/kine-2.jpg\" alt=\"\" width=\"418\" height=\"278\" srcset=\"https:\/\/medicina.udd.cl\/kinesiologia-santiago\/files\/2012\/05\/kine-2.jpg 735w, https:\/\/medicina.udd.cl\/kinesiologia-santiago\/files\/2012\/05\/kine-2-300x200.jpg 300w\" sizes=\"auto, (max-width: 418px) 100vw, 418px\" \/><\/a><\/p>\n","protected":false},"excerpt":{"rendered":"<p>El s\u00e1bado 12 de mayo, los estudiantes de\u00a0Kinesiolog\u00eda,\u00a0Tecnolog\u00eda M\u00e9dica,\u00a0Nutrici\u00f3n y Diet\u00e9tica y\u00a0Fonoaudiolog\u00eda recibieron su grado de Bachiller, momento que indica la culminaci\u00f3n de su ciclo b\u00e1sico. En el caso de la carrera de Kinesiolog\u00eda, la actividad cont\u00f3 con la participaci\u00f3n y apoyo del coordinador acad\u00e9mico, Ra\u00fal Ahumada. Cabe destacar que a partir de esta instancia [&hellip;]<\/p>\n","protected":false},"author":1,"featured_media":0,"comment_status":"open","ping_status":"open","sticky":false,"template":"","format":"standard","meta":{"footnotes":""},"categories":[4],"tags":[],"class_list":["post-641","post","type-post","status-publish","format-standard","hentry","category-noticias"],"yoast_head":"<!-- This site is optimized with the Yoast SEO plugin v26.9 - https:\/\/yoast.com\/product\/yoast-seo-wordpress\/ -->\n<title>Alumnos de tercer a\u00f1o reciben grado de bachiller - Kinesiolog\u00eda<\/title>\n<meta name=\"robots\" content=\"index, follow, max-snippet:-1, max-image-preview:large, max-video-preview:-1\" \/>\n<link rel=\"canonical\" href=\"https:\/\/medicina.udd.cl\/kinesiologia-santiago\/noticias\/2012\/05\/16\/alumnos-de-tercer-ano-reciben-grado-de-bachiller\/\" \/>\n<meta property=\"og:locale\" content=\"es_ES\" \/>\n<meta property=\"og:type\" content=\"article\" \/>\n<meta property=\"og:title\" content=\"Alumnos de tercer a\u00f1o reciben grado de bachiller - Kinesiolog\u00eda\" \/>\n<meta property=\"og:description\" content=\"El s\u00e1bado 12 de mayo, los estudiantes de\u00a0Kinesiolog\u00eda,\u00a0Tecnolog\u00eda M\u00e9dica,\u00a0Nutrici\u00f3n y Diet\u00e9tica y\u00a0Fonoaudiolog\u00eda recibieron su grado de Bachiller, momento que indica la culminaci\u00f3n de su ciclo b\u00e1sico. En el caso de la carrera de Kinesiolog\u00eda, la actividad cont\u00f3 con la participaci\u00f3n y apoyo del coordinador acad\u00e9mico, Ra\u00fal Ahumada. Cabe destacar que a partir de esta instancia [&hellip;]\" \/>\n<meta property=\"og:url\" content=\"https:\/\/medicina.udd.cl\/kinesiologia-santiago\/noticias\/2012\/05\/16\/alumnos-de-tercer-ano-reciben-grado-de-bachiller\/\" \/>\n<meta property=\"og:site_name\" content=\"Kinesiolog\u00eda\" \/>\n<meta property=\"article:published_time\" content=\"2012-05-16T19:07:18+00:00\" \/>\n<meta property=\"article:modified_time\" content=\"2012-05-16T19:08:16+00:00\" \/>\n<meta property=\"og:image\" content=\"http:\/\/medicina.udd.cl\/kinesiologia-santiago\/files\/2012\/05\/kine-2.jpg\" \/>\n<meta name=\"author\" content=\"admin\" \/>\n<meta name=\"twitter:label1\" content=\"Escrito por\" \/>\n\t<meta name=\"twitter:data1\" content=\"admin\" \/>\n<script type=\"application\/ld+json\" class=\"yoast-schema-graph\">{\"@context\":\"https:\/\/schema.org\",\"@graph\":[{\"@type\":\"Article\",\"@id\":\"https:\/\/medicina.udd.cl\/kinesiologia-santiago\/noticias\/2012\/05\/16\/alumnos-de-tercer-ano-reciben-grado-de-bachiller\/#article\",\"isPartOf\":{\"@id\":\"https:\/\/medicina.udd.cl\/kinesiologia-santiago\/noticias\/2012\/05\/16\/alumnos-de-tercer-ano-reciben-grado-de-bachiller\/\"},\"author\":{\"name\":\"admin\",\"@id\":\"https:\/\/medicina.udd.cl\/kinesiologia-santiago\/#\/schema\/person\/f7abfa784c86da427e89287831f96ab7\"},\"headline\":\"Alumnos de tercer a\u00f1o reciben grado de bachiller\",\"datePublished\":\"2012-05-16T19:07:18+00:00\",\"dateModified\":\"2012-05-16T19:08:16+00:00\",\"mainEntityOfPage\":{\"@id\":\"https:\/\/medicina.udd.cl\/kinesiologia-santiago\/noticias\/2012\/05\/16\/alumnos-de-tercer-ano-reciben-grado-de-bachiller\/\"},\"wordCount\":104,\"commentCount\":0,\"image\":{\"@id\":\"https:\/\/medicina.udd.cl\/kinesiologia-santiago\/noticias\/2012\/05\/16\/alumnos-de-tercer-ano-reciben-grado-de-bachiller\/#primaryimage\"},\"thumbnailUrl\":\"http:\/\/medicina.udd.cl\/kinesiologia-santiago\/files\/2012\/05\/kine-2.jpg\",\"articleSection\":[\"Noticias\"],\"inLanguage\":\"es\",\"potentialAction\":[{\"@type\":\"CommentAction\",\"name\":\"Comment\",\"target\":[\"https:\/\/medicina.udd.cl\/kinesiologia-santiago\/noticias\/2012\/05\/16\/alumnos-de-tercer-ano-reciben-grado-de-bachiller\/#respond\"]}]},{\"@type\":\"WebPage\",\"@id\":\"https:\/\/medicina.udd.cl\/kinesiologia-santiago\/noticias\/2012\/05\/16\/alumnos-de-tercer-ano-reciben-grado-de-bachiller\/\",\"url\":\"https:\/\/medicina.udd.cl\/kinesiologia-santiago\/noticias\/2012\/05\/16\/alumnos-de-tercer-ano-reciben-grado-de-bachiller\/\",\"name\":\"Alumnos de tercer a\u00f1o reciben grado de bachiller - Kinesiolog\u00eda\",\"isPartOf\":{\"@id\":\"https:\/\/medicina.udd.cl\/kinesiologia-santiago\/#website\"},\"primaryImageOfPage\":{\"@id\":\"https:\/\/medicina.udd.cl\/kinesiologia-santiago\/noticias\/2012\/05\/16\/alumnos-de-tercer-ano-reciben-grado-de-bachiller\/#primaryimage\"},\"image\":{\"@id\":\"https:\/\/medicina.udd.cl\/kinesiologia-santiago\/noticias\/2012\/05\/16\/alumnos-de-tercer-ano-reciben-grado-de-bachiller\/#primaryimage\"},\"thumbnailUrl\":\"http:\/\/medicina.udd.cl\/kinesiologia-santiago\/files\/2012\/05\/kine-2.jpg\",\"datePublished\":\"2012-05-16T19:07:18+00:00\",\"dateModified\":\"2012-05-16T19:08:16+00:00\",\"author\":{\"@id\":\"https:\/\/medicina.udd.cl\/kinesiologia-santiago\/#\/schema\/person\/f7abfa784c86da427e89287831f96ab7\"},\"breadcrumb\":{\"@id\":\"https:\/\/medicina.udd.cl\/kinesiologia-santiago\/noticias\/2012\/05\/16\/alumnos-de-tercer-ano-reciben-grado-de-bachiller\/#breadcrumb\"},\"inLanguage\":\"es\",\"potentialAction\":[{\"@type\":\"ReadAction\",\"target\":[\"https:\/\/medicina.udd.cl\/kinesiologia-santiago\/noticias\/2012\/05\/16\/alumnos-de-tercer-ano-reciben-grado-de-bachiller\/\"]}]},{\"@type\":\"ImageObject\",\"inLanguage\":\"es\",\"@id\":\"https:\/\/medicina.udd.cl\/kinesiologia-santiago\/noticias\/2012\/05\/16\/alumnos-de-tercer-ano-reciben-grado-de-bachiller\/#primaryimage\",\"url\":\"http:\/\/medicina.udd.cl\/kinesiologia-santiago\/files\/2012\/05\/kine-2.jpg\",\"contentUrl\":\"http:\/\/medicina.udd.cl\/kinesiologia-santiago\/files\/2012\/05\/kine-2.jpg\"},{\"@type\":\"BreadcrumbList\",\"@id\":\"https:\/\/medicina.udd.cl\/kinesiologia-santiago\/noticias\/2012\/05\/16\/alumnos-de-tercer-ano-reciben-grado-de-bachiller\/#breadcrumb\",\"itemListElement\":[{\"@type\":\"ListItem\",\"position\":1,\"name\":\"Home\",\"item\":\"https:\/\/medicina.udd.cl\/kinesiologia-santiago\/\"},{\"@type\":\"ListItem\",\"position\":2,\"name\":\"Alumnos de tercer a\u00f1o reciben grado de bachiller\"}]},{\"@type\":\"WebSite\",\"@id\":\"https:\/\/medicina.udd.cl\/kinesiologia-santiago\/#website\",\"url\":\"https:\/\/medicina.udd.cl\/kinesiologia-santiago\/\",\"name\":\"Kinesiolog\u00eda\",\"description\":\"Facultad de Medicina Cl\u00ednica Alemana Universidad del Desarrollo\",\"inLanguage\":\"es\"},{\"@type\":\"Person\",\"@id\":\"https:\/\/medicina.udd.cl\/kinesiologia-santiago\/#\/schema\/person\/f7abfa784c86da427e89287831f96ab7\",\"name\":\"admin\",\"image\":{\"@type\":\"ImageObject\",\"inLanguage\":\"es\",\"@id\":\"https:\/\/medicina.udd.cl\/kinesiologia-santiago\/#\/schema\/person\/image\/\",\"url\":\"https:\/\/secure.gravatar.com\/avatar\/3cb6da298954dfb54457c0910b8c9ca010abd8d87a60f7d701b6ce4254e1c642?s=96&d=mm&r=g\",\"contentUrl\":\"https:\/\/secure.gravatar.com\/avatar\/3cb6da298954dfb54457c0910b8c9ca010abd8d87a60f7d701b6ce4254e1c642?s=96&d=mm&r=g\",\"caption\":\"admin\"},\"url\":\"https:\/\/medicina.udd.cl\/kinesiologia-santiago\/noticias\/author\/admin\/\"}]}<\/script>\n<!-- \/ Yoast SEO plugin. -->","yoast_head_json":{"title":"Alumnos de tercer a\u00f1o reciben grado de bachiller - Kinesiolog\u00eda","robots":{"index":"index","follow":"follow","max-snippet":"max-snippet:-1","max-image-preview":"max-image-preview:large","max-video-preview":"max-video-preview:-1"},"canonical":"https:\/\/medicina.udd.cl\/kinesiologia-santiago\/noticias\/2012\/05\/16\/alumnos-de-tercer-ano-reciben-grado-de-bachiller\/","og_locale":"es_ES","og_type":"article","og_title":"Alumnos de tercer a\u00f1o reciben grado de bachiller - Kinesiolog\u00eda","og_description":"El s\u00e1bado 12 de mayo, los estudiantes de\u00a0Kinesiolog\u00eda,\u00a0Tecnolog\u00eda M\u00e9dica,\u00a0Nutrici\u00f3n y Diet\u00e9tica y\u00a0Fonoaudiolog\u00eda recibieron su grado de Bachiller, momento que indica la culminaci\u00f3n de su ciclo b\u00e1sico. En el caso de la carrera de Kinesiolog\u00eda, la actividad cont\u00f3 con la participaci\u00f3n y apoyo del coordinador acad\u00e9mico, Ra\u00fal Ahumada. Cabe destacar que a partir de esta instancia [&hellip;]","og_url":"https:\/\/medicina.udd.cl\/kinesiologia-santiago\/noticias\/2012\/05\/16\/alumnos-de-tercer-ano-reciben-grado-de-bachiller\/","og_site_name":"Kinesiolog\u00eda","article_published_time":"2012-05-16T19:07:18+00:00","article_modified_time":"2012-05-16T19:08:16+00:00","og_image":[{"url":"http:\/\/medicina.udd.cl\/kinesiologia-santiago\/files\/2012\/05\/kine-2.jpg","type":"","width":"","height":""}],"author":"admin","twitter_misc":{"Escrito por":"admin"},"schema":{"@context":"https:\/\/schema.org","@graph":[{"@type":"Article","@id":"https:\/\/medicina.udd.cl\/kinesiologia-santiago\/noticias\/2012\/05\/16\/alumnos-de-tercer-ano-reciben-grado-de-bachiller\/#article","isPartOf":{"@id":"https:\/\/medicina.udd.cl\/kinesiologia-santiago\/noticias\/2012\/05\/16\/alumnos-de-tercer-ano-reciben-grado-de-bachiller\/"},"author":{"name":"admin","@id":"https:\/\/medicina.udd.cl\/kinesiologia-santiago\/#\/schema\/person\/f7abfa784c86da427e89287831f96ab7"},"headline":"Alumnos de tercer a\u00f1o reciben grado de bachiller","datePublished":"2012-05-16T19:07:18+00:00","dateModified":"2012-05-16T19:08:16+00:00","mainEntityOfPage":{"@id":"https:\/\/medicina.udd.cl\/kinesiologia-santiago\/noticias\/2012\/05\/16\/alumnos-de-tercer-ano-reciben-grado-de-bachiller\/"},"wordCount":104,"commentCount":0,"image":{"@id":"https:\/\/medicina.udd.cl\/kinesiologia-santiago\/noticias\/2012\/05\/16\/alumnos-de-tercer-ano-reciben-grado-de-bachiller\/#primaryimage"},"thumbnailUrl":"http:\/\/medicina.udd.cl\/kinesiologia-santiago\/files\/2012\/05\/kine-2.jpg","articleSection":["Noticias"],"inLanguage":"es","potentialAction":[{"@type":"CommentAction","name":"Comment","target":["https:\/\/medicina.udd.cl\/kinesiologia-santiago\/noticias\/2012\/05\/16\/alumnos-de-tercer-ano-reciben-grado-de-bachiller\/#respond"]}]},{"@type":"WebPage","@id":"https:\/\/medicina.udd.cl\/kinesiologia-santiago\/noticias\/2012\/05\/16\/alumnos-de-tercer-ano-reciben-grado-de-bachiller\/","url":"https:\/\/medicina.udd.cl\/kinesiologia-santiago\/noticias\/2012\/05\/16\/alumnos-de-tercer-ano-reciben-grado-de-bachiller\/","name":"Alumnos de tercer a\u00f1o reciben grado de bachiller - Kinesiolog\u00eda","isPartOf":{"@id":"https:\/\/medicina.udd.cl\/kinesiologia-santiago\/#website"},"primaryImageOfPage":{"@id":"https:\/\/medicina.udd.cl\/kinesiologia-santiago\/noticias\/2012\/05\/16\/alumnos-de-tercer-ano-reciben-grado-de-bachiller\/#primaryimage"},"image":{"@id":"https:\/\/medicina.udd.cl\/kinesiologia-santiago\/noticias\/2012\/05\/16\/alumnos-de-tercer-ano-reciben-grado-de-bachiller\/#primaryimage"},"thumbnailUrl":"http:\/\/medicina.udd.cl\/kinesiologia-santiago\/files\/2012\/05\/kine-2.jpg","datePublished":"2012-05-16T19:07:18+00:00","dateModified":"2012-05-16T19:08:16+00:00","author":{"@id":"https:\/\/medicina.udd.cl\/kinesiologia-santiago\/#\/schema\/person\/f7abfa784c86da427e89287831f96ab7"},"breadcrumb":{"@id":"https:\/\/medicina.udd.cl\/kinesiologia-santiago\/noticias\/2012\/05\/16\/alumnos-de-tercer-ano-reciben-grado-de-bachiller\/#breadcrumb"},"inLanguage":"es","potentialAction":[{"@type":"ReadAction","target":["https:\/\/medicina.udd.cl\/kinesiologia-santiago\/noticias\/2012\/05\/16\/alumnos-de-tercer-ano-reciben-grado-de-bachiller\/"]}]},{"@type":"ImageObject","inLanguage":"es","@id":"https:\/\/medicina.udd.cl\/kinesiologia-santiago\/noticias\/2012\/05\/16\/alumnos-de-tercer-ano-reciben-grado-de-bachiller\/#primaryimage","url":"http:\/\/medicina.udd.cl\/kinesiologia-santiago\/files\/2012\/05\/kine-2.jpg","contentUrl":"http:\/\/medicina.udd.cl\/kinesiologia-santiago\/files\/2012\/05\/kine-2.jpg"},{"@type":"BreadcrumbList","@id":"https:\/\/medicina.udd.cl\/kinesiologia-santiago\/noticias\/2012\/05\/16\/alumnos-de-tercer-ano-reciben-grado-de-bachiller\/#breadcrumb","itemListElement":[{"@type":"ListItem","position":1,"name":"Home","item":"https:\/\/medicina.udd.cl\/kinesiologia-santiago\/"},{"@type":"ListItem","position":2,"name":"Alumnos de tercer a\u00f1o reciben grado de bachiller"}]},{"@type":"WebSite","@id":"https:\/\/medicina.udd.cl\/kinesiologia-santiago\/#website","url":"https:\/\/medicina.udd.cl\/kinesiologia-santiago\/","name":"Kinesiolog\u00eda","description":"Facultad de Medicina Cl\u00ednica Alemana Universidad del Desarrollo","inLanguage":"es"},{"@type":"Person","@id":"https:\/\/medicina.udd.cl\/kinesiologia-santiago\/#\/schema\/person\/f7abfa784c86da427e89287831f96ab7","name":"admin","image":{"@type":"ImageObject","inLanguage":"es","@id":"https:\/\/medicina.udd.cl\/kinesiologia-santiago\/#\/schema\/person\/image\/","url":"https:\/\/secure.gravatar.com\/avatar\/3cb6da298954dfb54457c0910b8c9ca010abd8d87a60f7d701b6ce4254e1c642?s=96&d=mm&r=g","contentUrl":"https:\/\/secure.gravatar.com\/avatar\/3cb6da298954dfb54457c0910b8c9ca010abd8d87a60f7d701b6ce4254e1c642?s=96&d=mm&r=g","caption":"admin"},"url":"https:\/\/medicina.udd.cl\/kinesiologia-santiago\/noticias\/author\/admin\/"}]}},"featured_image_url":null,"_links":{"self":[{"href":"https:\/\/medicina.udd.cl\/kinesiologia-santiago\/wp-json\/wp\/v2\/posts\/641","targetHints":{"allow":["GET"]}}],"collection":[{"href":"https:\/\/medicina.udd.cl\/kinesiologia-santiago\/wp-json\/wp\/v2\/posts"}],"about":[{"href":"https:\/\/medicina.udd.cl\/kinesiologia-santiago\/wp-json\/wp\/v2\/types\/post"}],"author":[{"embeddable":true,"href":"https:\/\/medicina.udd.cl\/kinesiologia-santiago\/wp-json\/wp\/v2\/users\/1"}],"replies":[{"embeddable":true,"href":"https:\/\/medicina.udd.cl\/kinesiologia-santiago\/wp-json\/wp\/v2\/comments?post=641"}],"version-history":[{"count":4,"href":"https:\/\/medicina.udd.cl\/kinesiologia-santiago\/wp-json\/wp\/v2\/posts\/641\/revisions"}],"predecessor-version":[{"id":646,"href":"https:\/\/medicina.udd.cl\/kinesiologia-santiago\/wp-json\/wp\/v2\/posts\/641\/revisions\/646"}],"wp:attachment":[{"href":"https:\/\/medicina.udd.cl\/kinesiologia-santiago\/wp-json\/wp\/v2\/media?parent=641"}],"wp:term":[{"taxonomy":"category","embeddable":true,"href":"https:\/\/medicina.udd.cl\/kinesiologia-santiago\/wp-json\/wp\/v2\/categories?post=641"},{"taxonomy":"post_tag","embeddable":true,"href":"https:\/\/medicina.udd.cl\/kinesiologia-santiago\/wp-json\/wp\/v2\/tags?post=641"}],"curies":[{"name":"wp","href":"https:\/\/api.w.org\/{rel}","templated":true}]}}