{"id":6492,"date":"2024-04-08T15:54:24","date_gmt":"2024-04-08T19:54:24","guid":{"rendered":"https:\/\/medicina.udd.cl\/kinesiologia-santiago\/?p=6492"},"modified":"2024-04-09T16:04:37","modified_gmt":"2024-04-09T20:04:37","slug":"expertos-internacionales-destacan-avances-en-terapia-fisica-en-jornada-maki-en-contexto-en-la-udd","status":"publish","type":"post","link":"https:\/\/medicina.udd.cl\/kinesiologia-santiago\/noticias\/2024\/04\/08\/expertos-internacionales-destacan-avances-en-terapia-fisica-en-jornada-maki-en-contexto-en-la-udd\/","title":{"rendered":"Expertos internacionales destacan avances en terapia f\u00edsica en jornada \u00abMAKI en contexto\u00bb en la UDD"},"content":{"rendered":"\n<figure class=\"wp-block-gallery has-nested-images columns-default is-cropped wp-block-gallery-1 is-layout-flex wp-block-gallery-is-layout-flex\">\n<figure class=\"wp-block-image size-large\"><a href=\"https:\/\/medicina.udd.cl\/kinesiologia-santiago\/files\/2024\/04\/kine-maki-en-contexto-3.jpg\"><img loading=\"lazy\" decoding=\"async\" width=\"768\" height=\"1024\" data-id=\"6501\" src=\"https:\/\/medicina.udd.cl\/kinesiologia-santiago\/files\/2024\/04\/kine-maki-en-contexto-3-768x1024.jpg\" alt=\"\" class=\"wp-image-6501\" srcset=\"https:\/\/medicina.udd.cl\/kinesiologia-santiago\/files\/2024\/04\/kine-maki-en-contexto-3-768x1024.jpg 768w, https:\/\/medicina.udd.cl\/kinesiologia-santiago\/files\/2024\/04\/kine-maki-en-contexto-3-225x300.jpg 225w, https:\/\/medicina.udd.cl\/kinesiologia-santiago\/files\/2024\/04\/kine-maki-en-contexto-3.jpg 960w\" sizes=\"auto, (max-width: 768px) 100vw, 768px\" \/><\/a><\/figure>\n\n\n\n<figure class=\"wp-block-image size-large\"><a href=\"https:\/\/medicina.udd.cl\/kinesiologia-santiago\/files\/2024\/04\/kine-maki-en-contexto-2.jpg\"><img loading=\"lazy\" decoding=\"async\" width=\"768\" height=\"1024\" data-id=\"6498\" src=\"https:\/\/medicina.udd.cl\/kinesiologia-santiago\/files\/2024\/04\/kine-maki-en-contexto-2-768x1024.jpg\" alt=\"\" class=\"wp-image-6498\" srcset=\"https:\/\/medicina.udd.cl\/kinesiologia-santiago\/files\/2024\/04\/kine-maki-en-contexto-2-768x1024.jpg 768w, https:\/\/medicina.udd.cl\/kinesiologia-santiago\/files\/2024\/04\/kine-maki-en-contexto-2-225x300.jpg 225w, https:\/\/medicina.udd.cl\/kinesiologia-santiago\/files\/2024\/04\/kine-maki-en-contexto-2-1152x1536.jpg 1152w, https:\/\/medicina.udd.cl\/kinesiologia-santiago\/files\/2024\/04\/kine-maki-en-contexto-2.jpg 1200w\" sizes=\"auto, (max-width: 768px) 100vw, 768px\" \/><\/a><\/figure>\n\n\n\n<figure class=\"wp-block-image size-large\"><a href=\"https:\/\/medicina.udd.cl\/kinesiologia-santiago\/files\/2024\/04\/kine-maki-en-contexto-1.jpg\"><img loading=\"lazy\" decoding=\"async\" width=\"768\" height=\"1024\" data-id=\"6495\" src=\"https:\/\/medicina.udd.cl\/kinesiologia-santiago\/files\/2024\/04\/kine-maki-en-contexto-1-768x1024.jpg\" alt=\"\" class=\"wp-image-6495\" srcset=\"https:\/\/medicina.udd.cl\/kinesiologia-santiago\/files\/2024\/04\/kine-maki-en-contexto-1-768x1024.jpg 768w, https:\/\/medicina.udd.cl\/kinesiologia-santiago\/files\/2024\/04\/kine-maki-en-contexto-1-225x300.jpg 225w, https:\/\/medicina.udd.cl\/kinesiologia-santiago\/files\/2024\/04\/kine-maki-en-contexto-1-1152x1536.jpg 1152w, https:\/\/medicina.udd.cl\/kinesiologia-santiago\/files\/2024\/04\/kine-maki-en-contexto-1.jpg 1200w\" sizes=\"auto, (max-width: 768px) 100vw, 768px\" \/><\/a><\/figure>\n<\/figure>\n\n\n\n<p>A fines de marzo, la Universidad del Desarrollo (UDD) acogi\u00f3 la&nbsp;<em>\u00abJornada Maki en contexto: avances de la terapia f\u00edsica en las \u00e1reas de oncolog\u00eda y de salud de la mujer\u00bb<\/em>, un evento que reuni\u00f3 a destacados referentes internacionales y nacionales en el campo de la salud.<\/p>\n\n\n\n<p>Los avances en la terapia f\u00edsica est\u00e1n transformando el cuidado integral de pacientes oncol\u00f3gicos y de la salud de la mujer, desempe\u00f1ando un papel crucial en su bienestar. Especialmente en el \u00e1mbito de la oncolog\u00eda, el kinesi\u00f3logo desempe\u00f1a un papel fundamental al ofrecer sesiones adaptadas a las necesidades espec\u00edficas de cada paciente, buscando mejorar la movilidad, reducir el dolor y brindar apoyo emocional durante el tratamiento.<\/p>\n\n\n\n<p>La jornada tuvo como objetivo difundir los \u00faltimos avances en estas \u00e1reas en colaboraci\u00f3n con acad\u00e9micas e investigadoras de Brasil, del programa Mag\u00edster en Terapia F\u00edsica y Rehabilitaci\u00f3n (MAKI).<\/p>\n\n\n\n<p>Destacadas figuras internacionales como Juliana Lenzi, especialista en Fisioterapia Oncol\u00f3gica y Salud de la Mujer, y la Prof. Dra. Laura Rezende, especialista en Fisioterapia Oncol\u00f3gica y Pro-Rectora de Postgrado e Investigaci\u00f3n de UNIFAE \u2013 S\u00e3o Jo\u00e3o da Boa Vista, SP, compartieron su experiencia y conocimientos durante el evento. Adem\u00e1s, se cont\u00f3 con la participaci\u00f3n de Cristine Homsi, profesora asociada del departamento de Ciencias de la Salud de la Faculdade de Medicina de Ribeir\u00e3o Preto USP.<\/p>\n\n\n\n<p>En el marco de la jornada, se realiz\u00f3 el lanzamiento del proyecto FONIS\u00a0<em>\u00abFotobiomodulaci\u00f3n para Prevenci\u00f3n de Mucositis Oral y Alteraciones Funcionales en Pacientes que Reciben Trasplante de Progenitores Hematopoy\u00e9ticos: Ensayo Cl\u00ednico Aleatorizado\u00bb<\/em>, a cargo de la profesora UDD, Dra. Cinara Sacomori. Asimismo, la subdirectora de Postgrado y Educaci\u00f3n Continua de la carrera de Kinesiolog\u00eda UDD y profesora del MAKI, Klga. Sonia Roa, destac\u00f3 los avances de la kinesiolog\u00eda en la salud de la mujer en Chile y enfatiz\u00f3 la importancia de este evento para visibilizar los diferentes niveles de formaci\u00f3n y la traslaci\u00f3n del conocimiento en la pr\u00e1ctica cl\u00ednica.<\/p>\n\n\n\n<p>Cabe destacar que, durante la estad\u00eda en Chile de las profesoras extranjeras Juliana Lenzi y Laura Rezende, realizaron actividades de colaboraci\u00f3n y asesor\u00eda del mencionado proyecto FONIS, realizando una capacitaci\u00f3n en el uso de la tecnolog\u00eda fotobiomodulaci\u00f3n a profesionales de la salud y realizaron una visita a la unidad de hemato oncolog\u00eda en Cl\u00ednica D\u00e1vila.<\/p>\n\n\n\n<p>Jaime Leppe, director del MAKI UDD, resalt\u00f3 la importancia de esta jornada como un hito significativo, destacando la colaboraci\u00f3n internacional y el fortalecimiento del programa.<\/p>\n\n\n\n<p>La jornada \u00abMAKI en contexto\u00bb consolid\u00f3 el liderazgo de la UDD en la promoci\u00f3n de la investigaci\u00f3n y la excelencia en el campo de la terapia f\u00edsica, demostrando su compromiso con el bienestar de los pacientes y el avance de la ciencia en Chile y en el \u00e1mbito internacional.<\/p>\n","protected":false},"excerpt":{"rendered":"<p>A fines de marzo, la Universidad del Desarrollo (UDD) acogi\u00f3 la&nbsp;\u00abJornada Maki en contexto: avances de la terapia f\u00edsica en las \u00e1reas de oncolog\u00eda y de salud de la mujer\u00bb, un evento que reuni\u00f3 a destacados referentes internacionales y nacionales en el campo de la salud. Los avances en la terapia f\u00edsica est\u00e1n transformando el [&hellip;]<\/p>\n","protected":false},"author":9192219,"featured_media":6504,"comment_status":"closed","ping_status":"open","sticky":false,"template":"","format":"standard","meta":{"footnotes":""},"categories":[4],"tags":[],"class_list":["post-6492","post","type-post","status-publish","format-standard","has-post-thumbnail","hentry","category-noticias"],"yoast_head":"<!-- This site is optimized with the Yoast SEO plugin v26.9 - https:\/\/yoast.com\/product\/yoast-seo-wordpress\/ -->\n<title>Expertos internacionales destacan avances en terapia f\u00edsica en jornada \u00abMAKI en contexto\u00bb en la UDD - Kinesiolog\u00eda<\/title>\n<meta name=\"robots\" content=\"index, follow, max-snippet:-1, max-image-preview:large, max-video-preview:-1\" \/>\n<link rel=\"canonical\" href=\"https:\/\/medicina.udd.cl\/kinesiologia-santiago\/noticias\/2024\/04\/08\/expertos-internacionales-destacan-avances-en-terapia-fisica-en-jornada-maki-en-contexto-en-la-udd\/\" \/>\n<meta property=\"og:locale\" content=\"es_ES\" \/>\n<meta property=\"og:type\" content=\"article\" \/>\n<meta property=\"og:title\" content=\"Expertos internacionales destacan avances en terapia f\u00edsica en jornada \u00abMAKI en contexto\u00bb en la UDD - Kinesiolog\u00eda\" \/>\n<meta property=\"og:description\" content=\"A fines de marzo, la Universidad del Desarrollo (UDD) acogi\u00f3 la&nbsp;\u00abJornada Maki en contexto: avances de la terapia f\u00edsica en las \u00e1reas de oncolog\u00eda y de salud de la mujer\u00bb, un evento que reuni\u00f3 a destacados referentes internacionales y nacionales en el campo de la salud. Los avances en la terapia f\u00edsica est\u00e1n transformando el [&hellip;]\" \/>\n<meta property=\"og:url\" content=\"https:\/\/medicina.udd.cl\/kinesiologia-santiago\/noticias\/2024\/04\/08\/expertos-internacionales-destacan-avances-en-terapia-fisica-en-jornada-maki-en-contexto-en-la-udd\/\" \/>\n<meta property=\"og:site_name\" content=\"Kinesiolog\u00eda\" \/>\n<meta property=\"article:published_time\" content=\"2024-04-08T19:54:24+00:00\" \/>\n<meta property=\"article:modified_time\" content=\"2024-04-09T20:04:37+00:00\" \/>\n<meta property=\"og:image\" content=\"https:\/\/medicina.udd.cl\/kinesiologia-santiago\/files\/2024\/04\/kine-maki-en-contexto-4.jpg\" \/>\n\t<meta property=\"og:image:width\" content=\"960\" \/>\n\t<meta property=\"og:image:height\" content=\"960\" \/>\n\t<meta property=\"og:image:type\" content=\"image\/jpeg\" \/>\n<meta name=\"author\" content=\"rbraidy\" \/>\n<meta name=\"twitter:label1\" content=\"Escrito por\" \/>\n\t<meta name=\"twitter:data1\" content=\"rbraidy\" \/>\n\t<meta name=\"twitter:label2\" content=\"Tiempo de lectura\" \/>\n\t<meta name=\"twitter:data2\" content=\"3 minutos\" \/>\n<script type=\"application\/ld+json\" class=\"yoast-schema-graph\">{\"@context\":\"https:\/\/schema.org\",\"@graph\":[{\"@type\":\"Article\",\"@id\":\"https:\/\/medicina.udd.cl\/kinesiologia-santiago\/noticias\/2024\/04\/08\/expertos-internacionales-destacan-avances-en-terapia-fisica-en-jornada-maki-en-contexto-en-la-udd\/#article\",\"isPartOf\":{\"@id\":\"https:\/\/medicina.udd.cl\/kinesiologia-santiago\/noticias\/2024\/04\/08\/expertos-internacionales-destacan-avances-en-terapia-fisica-en-jornada-maki-en-contexto-en-la-udd\/\"},\"author\":{\"name\":\"rbraidy\",\"@id\":\"https:\/\/medicina.udd.cl\/kinesiologia-santiago\/#\/schema\/person\/dbc3705bf3a93e8be1ba6de0ef950341\"},\"headline\":\"Expertos internacionales destacan avances en terapia f\u00edsica en jornada \u00abMAKI en contexto\u00bb en la UDD\",\"datePublished\":\"2024-04-08T19:54:24+00:00\",\"dateModified\":\"2024-04-09T20:04:37+00:00\",\"mainEntityOfPage\":{\"@id\":\"https:\/\/medicina.udd.cl\/kinesiologia-santiago\/noticias\/2024\/04\/08\/expertos-internacionales-destacan-avances-en-terapia-fisica-en-jornada-maki-en-contexto-en-la-udd\/\"},\"wordCount\":509,\"image\":{\"@id\":\"https:\/\/medicina.udd.cl\/kinesiologia-santiago\/noticias\/2024\/04\/08\/expertos-internacionales-destacan-avances-en-terapia-fisica-en-jornada-maki-en-contexto-en-la-udd\/#primaryimage\"},\"thumbnailUrl\":\"https:\/\/medicina.udd.cl\/kinesiologia-santiago\/files\/2024\/04\/kine-maki-en-contexto-4.jpg\",\"articleSection\":[\"Noticias\"],\"inLanguage\":\"es\"},{\"@type\":\"WebPage\",\"@id\":\"https:\/\/medicina.udd.cl\/kinesiologia-santiago\/noticias\/2024\/04\/08\/expertos-internacionales-destacan-avances-en-terapia-fisica-en-jornada-maki-en-contexto-en-la-udd\/\",\"url\":\"https:\/\/medicina.udd.cl\/kinesiologia-santiago\/noticias\/2024\/04\/08\/expertos-internacionales-destacan-avances-en-terapia-fisica-en-jornada-maki-en-contexto-en-la-udd\/\",\"name\":\"Expertos internacionales destacan avances en terapia f\u00edsica en jornada \u00abMAKI en contexto\u00bb en la UDD - Kinesiolog\u00eda\",\"isPartOf\":{\"@id\":\"https:\/\/medicina.udd.cl\/kinesiologia-santiago\/#website\"},\"primaryImageOfPage\":{\"@id\":\"https:\/\/medicina.udd.cl\/kinesiologia-santiago\/noticias\/2024\/04\/08\/expertos-internacionales-destacan-avances-en-terapia-fisica-en-jornada-maki-en-contexto-en-la-udd\/#primaryimage\"},\"image\":{\"@id\":\"https:\/\/medicina.udd.cl\/kinesiologia-santiago\/noticias\/2024\/04\/08\/expertos-internacionales-destacan-avances-en-terapia-fisica-en-jornada-maki-en-contexto-en-la-udd\/#primaryimage\"},\"thumbnailUrl\":\"https:\/\/medicina.udd.cl\/kinesiologia-santiago\/files\/2024\/04\/kine-maki-en-contexto-4.jpg\",\"datePublished\":\"2024-04-08T19:54:24+00:00\",\"dateModified\":\"2024-04-09T20:04:37+00:00\",\"author\":{\"@id\":\"https:\/\/medicina.udd.cl\/kinesiologia-santiago\/#\/schema\/person\/dbc3705bf3a93e8be1ba6de0ef950341\"},\"breadcrumb\":{\"@id\":\"https:\/\/medicina.udd.cl\/kinesiologia-santiago\/noticias\/2024\/04\/08\/expertos-internacionales-destacan-avances-en-terapia-fisica-en-jornada-maki-en-contexto-en-la-udd\/#breadcrumb\"},\"inLanguage\":\"es\",\"potentialAction\":[{\"@type\":\"ReadAction\",\"target\":[\"https:\/\/medicina.udd.cl\/kinesiologia-santiago\/noticias\/2024\/04\/08\/expertos-internacionales-destacan-avances-en-terapia-fisica-en-jornada-maki-en-contexto-en-la-udd\/\"]}]},{\"@type\":\"ImageObject\",\"inLanguage\":\"es\",\"@id\":\"https:\/\/medicina.udd.cl\/kinesiologia-santiago\/noticias\/2024\/04\/08\/expertos-internacionales-destacan-avances-en-terapia-fisica-en-jornada-maki-en-contexto-en-la-udd\/#primaryimage\",\"url\":\"https:\/\/medicina.udd.cl\/kinesiologia-santiago\/files\/2024\/04\/kine-maki-en-contexto-4.jpg\",\"contentUrl\":\"https:\/\/medicina.udd.cl\/kinesiologia-santiago\/files\/2024\/04\/kine-maki-en-contexto-4.jpg\",\"width\":960,\"height\":960},{\"@type\":\"BreadcrumbList\",\"@id\":\"https:\/\/medicina.udd.cl\/kinesiologia-santiago\/noticias\/2024\/04\/08\/expertos-internacionales-destacan-avances-en-terapia-fisica-en-jornada-maki-en-contexto-en-la-udd\/#breadcrumb\",\"itemListElement\":[{\"@type\":\"ListItem\",\"position\":1,\"name\":\"Home\",\"item\":\"https:\/\/medicina.udd.cl\/kinesiologia-santiago\/\"},{\"@type\":\"ListItem\",\"position\":2,\"name\":\"Expertos internacionales destacan avances en terapia f\u00edsica en jornada \u00abMAKI en contexto\u00bb en la UDD\"}]},{\"@type\":\"WebSite\",\"@id\":\"https:\/\/medicina.udd.cl\/kinesiologia-santiago\/#website\",\"url\":\"https:\/\/medicina.udd.cl\/kinesiologia-santiago\/\",\"name\":\"Kinesiolog\u00eda\",\"description\":\"Facultad de Medicina Cl\u00ednica Alemana Universidad del Desarrollo\",\"inLanguage\":\"es\"},{\"@type\":\"Person\",\"@id\":\"https:\/\/medicina.udd.cl\/kinesiologia-santiago\/#\/schema\/person\/dbc3705bf3a93e8be1ba6de0ef950341\",\"name\":\"rbraidy\",\"image\":{\"@type\":\"ImageObject\",\"inLanguage\":\"es\",\"@id\":\"https:\/\/medicina.udd.cl\/kinesiologia-santiago\/#\/schema\/person\/image\/\",\"url\":\"https:\/\/secure.gravatar.com\/avatar\/0f8bc94637401590e45d2ce17eb65c274cb8870a219de6177f3f23e63fd8cdf3?s=96&d=mm&r=g\",\"contentUrl\":\"https:\/\/secure.gravatar.com\/avatar\/0f8bc94637401590e45d2ce17eb65c274cb8870a219de6177f3f23e63fd8cdf3?s=96&d=mm&r=g\",\"caption\":\"rbraidy\"},\"url\":\"https:\/\/medicina.udd.cl\/kinesiologia-santiago\/noticias\/author\/rbraidy\/\"}]}<\/script>\n<!-- \/ Yoast SEO plugin. -->","yoast_head_json":{"title":"Expertos internacionales destacan avances en terapia f\u00edsica en jornada \u00abMAKI en contexto\u00bb en la UDD - Kinesiolog\u00eda","robots":{"index":"index","follow":"follow","max-snippet":"max-snippet:-1","max-image-preview":"max-image-preview:large","max-video-preview":"max-video-preview:-1"},"canonical":"https:\/\/medicina.udd.cl\/kinesiologia-santiago\/noticias\/2024\/04\/08\/expertos-internacionales-destacan-avances-en-terapia-fisica-en-jornada-maki-en-contexto-en-la-udd\/","og_locale":"es_ES","og_type":"article","og_title":"Expertos internacionales destacan avances en terapia f\u00edsica en jornada \u00abMAKI en contexto\u00bb en la UDD - Kinesiolog\u00eda","og_description":"A fines de marzo, la Universidad del Desarrollo (UDD) acogi\u00f3 la&nbsp;\u00abJornada Maki en contexto: avances de la terapia f\u00edsica en las \u00e1reas de oncolog\u00eda y de salud de la mujer\u00bb, un evento que reuni\u00f3 a destacados referentes internacionales y nacionales en el campo de la salud. Los avances en la terapia f\u00edsica est\u00e1n transformando el [&hellip;]","og_url":"https:\/\/medicina.udd.cl\/kinesiologia-santiago\/noticias\/2024\/04\/08\/expertos-internacionales-destacan-avances-en-terapia-fisica-en-jornada-maki-en-contexto-en-la-udd\/","og_site_name":"Kinesiolog\u00eda","article_published_time":"2024-04-08T19:54:24+00:00","article_modified_time":"2024-04-09T20:04:37+00:00","og_image":[{"width":960,"height":960,"url":"https:\/\/medicina.udd.cl\/kinesiologia-santiago\/files\/2024\/04\/kine-maki-en-contexto-4.jpg","type":"image\/jpeg"}],"author":"rbraidy","twitter_misc":{"Escrito por":"rbraidy","Tiempo de lectura":"3 minutos"},"schema":{"@context":"https:\/\/schema.org","@graph":[{"@type":"Article","@id":"https:\/\/medicina.udd.cl\/kinesiologia-santiago\/noticias\/2024\/04\/08\/expertos-internacionales-destacan-avances-en-terapia-fisica-en-jornada-maki-en-contexto-en-la-udd\/#article","isPartOf":{"@id":"https:\/\/medicina.udd.cl\/kinesiologia-santiago\/noticias\/2024\/04\/08\/expertos-internacionales-destacan-avances-en-terapia-fisica-en-jornada-maki-en-contexto-en-la-udd\/"},"author":{"name":"rbraidy","@id":"https:\/\/medicina.udd.cl\/kinesiologia-santiago\/#\/schema\/person\/dbc3705bf3a93e8be1ba6de0ef950341"},"headline":"Expertos internacionales destacan avances en terapia f\u00edsica en jornada \u00abMAKI en contexto\u00bb en la UDD","datePublished":"2024-04-08T19:54:24+00:00","dateModified":"2024-04-09T20:04:37+00:00","mainEntityOfPage":{"@id":"https:\/\/medicina.udd.cl\/kinesiologia-santiago\/noticias\/2024\/04\/08\/expertos-internacionales-destacan-avances-en-terapia-fisica-en-jornada-maki-en-contexto-en-la-udd\/"},"wordCount":509,"image":{"@id":"https:\/\/medicina.udd.cl\/kinesiologia-santiago\/noticias\/2024\/04\/08\/expertos-internacionales-destacan-avances-en-terapia-fisica-en-jornada-maki-en-contexto-en-la-udd\/#primaryimage"},"thumbnailUrl":"https:\/\/medicina.udd.cl\/kinesiologia-santiago\/files\/2024\/04\/kine-maki-en-contexto-4.jpg","articleSection":["Noticias"],"inLanguage":"es"},{"@type":"WebPage","@id":"https:\/\/medicina.udd.cl\/kinesiologia-santiago\/noticias\/2024\/04\/08\/expertos-internacionales-destacan-avances-en-terapia-fisica-en-jornada-maki-en-contexto-en-la-udd\/","url":"https:\/\/medicina.udd.cl\/kinesiologia-santiago\/noticias\/2024\/04\/08\/expertos-internacionales-destacan-avances-en-terapia-fisica-en-jornada-maki-en-contexto-en-la-udd\/","name":"Expertos internacionales destacan avances en terapia f\u00edsica en jornada \u00abMAKI en contexto\u00bb en la UDD - Kinesiolog\u00eda","isPartOf":{"@id":"https:\/\/medicina.udd.cl\/kinesiologia-santiago\/#website"},"primaryImageOfPage":{"@id":"https:\/\/medicina.udd.cl\/kinesiologia-santiago\/noticias\/2024\/04\/08\/expertos-internacionales-destacan-avances-en-terapia-fisica-en-jornada-maki-en-contexto-en-la-udd\/#primaryimage"},"image":{"@id":"https:\/\/medicina.udd.cl\/kinesiologia-santiago\/noticias\/2024\/04\/08\/expertos-internacionales-destacan-avances-en-terapia-fisica-en-jornada-maki-en-contexto-en-la-udd\/#primaryimage"},"thumbnailUrl":"https:\/\/medicina.udd.cl\/kinesiologia-santiago\/files\/2024\/04\/kine-maki-en-contexto-4.jpg","datePublished":"2024-04-08T19:54:24+00:00","dateModified":"2024-04-09T20:04:37+00:00","author":{"@id":"https:\/\/medicina.udd.cl\/kinesiologia-santiago\/#\/schema\/person\/dbc3705bf3a93e8be1ba6de0ef950341"},"breadcrumb":{"@id":"https:\/\/medicina.udd.cl\/kinesiologia-santiago\/noticias\/2024\/04\/08\/expertos-internacionales-destacan-avances-en-terapia-fisica-en-jornada-maki-en-contexto-en-la-udd\/#breadcrumb"},"inLanguage":"es","potentialAction":[{"@type":"ReadAction","target":["https:\/\/medicina.udd.cl\/kinesiologia-santiago\/noticias\/2024\/04\/08\/expertos-internacionales-destacan-avances-en-terapia-fisica-en-jornada-maki-en-contexto-en-la-udd\/"]}]},{"@type":"ImageObject","inLanguage":"es","@id":"https:\/\/medicina.udd.cl\/kinesiologia-santiago\/noticias\/2024\/04\/08\/expertos-internacionales-destacan-avances-en-terapia-fisica-en-jornada-maki-en-contexto-en-la-udd\/#primaryimage","url":"https:\/\/medicina.udd.cl\/kinesiologia-santiago\/files\/2024\/04\/kine-maki-en-contexto-4.jpg","contentUrl":"https:\/\/medicina.udd.cl\/kinesiologia-santiago\/files\/2024\/04\/kine-maki-en-contexto-4.jpg","width":960,"height":960},{"@type":"BreadcrumbList","@id":"https:\/\/medicina.udd.cl\/kinesiologia-santiago\/noticias\/2024\/04\/08\/expertos-internacionales-destacan-avances-en-terapia-fisica-en-jornada-maki-en-contexto-en-la-udd\/#breadcrumb","itemListElement":[{"@type":"ListItem","position":1,"name":"Home","item":"https:\/\/medicina.udd.cl\/kinesiologia-santiago\/"},{"@type":"ListItem","position":2,"name":"Expertos internacionales destacan avances en terapia f\u00edsica en jornada \u00abMAKI en contexto\u00bb en la UDD"}]},{"@type":"WebSite","@id":"https:\/\/medicina.udd.cl\/kinesiologia-santiago\/#website","url":"https:\/\/medicina.udd.cl\/kinesiologia-santiago\/","name":"Kinesiolog\u00eda","description":"Facultad de Medicina Cl\u00ednica Alemana Universidad del Desarrollo","inLanguage":"es"},{"@type":"Person","@id":"https:\/\/medicina.udd.cl\/kinesiologia-santiago\/#\/schema\/person\/dbc3705bf3a93e8be1ba6de0ef950341","name":"rbraidy","image":{"@type":"ImageObject","inLanguage":"es","@id":"https:\/\/medicina.udd.cl\/kinesiologia-santiago\/#\/schema\/person\/image\/","url":"https:\/\/secure.gravatar.com\/avatar\/0f8bc94637401590e45d2ce17eb65c274cb8870a219de6177f3f23e63fd8cdf3?s=96&d=mm&r=g","contentUrl":"https:\/\/secure.gravatar.com\/avatar\/0f8bc94637401590e45d2ce17eb65c274cb8870a219de6177f3f23e63fd8cdf3?s=96&d=mm&r=g","caption":"rbraidy"},"url":"https:\/\/medicina.udd.cl\/kinesiologia-santiago\/noticias\/author\/rbraidy\/"}]}},"featured_image_url":"https:\/\/medicina.udd.cl\/kinesiologia-santiago\/files\/2024\/04\/kine-maki-en-contexto-4.jpg","_links":{"self":[{"href":"https:\/\/medicina.udd.cl\/kinesiologia-santiago\/wp-json\/wp\/v2\/posts\/6492","targetHints":{"allow":["GET"]}}],"collection":[{"href":"https:\/\/medicina.udd.cl\/kinesiologia-santiago\/wp-json\/wp\/v2\/posts"}],"about":[{"href":"https:\/\/medicina.udd.cl\/kinesiologia-santiago\/wp-json\/wp\/v2\/types\/post"}],"author":[{"embeddable":true,"href":"https:\/\/medicina.udd.cl\/kinesiologia-santiago\/wp-json\/wp\/v2\/users\/9192219"}],"replies":[{"embeddable":true,"href":"https:\/\/medicina.udd.cl\/kinesiologia-santiago\/wp-json\/wp\/v2\/comments?post=6492"}],"version-history":[{"count":2,"href":"https:\/\/medicina.udd.cl\/kinesiologia-santiago\/wp-json\/wp\/v2\/posts\/6492\/revisions"}],"predecessor-version":[{"id":6510,"href":"https:\/\/medicina.udd.cl\/kinesiologia-santiago\/wp-json\/wp\/v2\/posts\/6492\/revisions\/6510"}],"wp:featuredmedia":[{"embeddable":true,"href":"https:\/\/medicina.udd.cl\/kinesiologia-santiago\/wp-json\/wp\/v2\/media\/6504"}],"wp:attachment":[{"href":"https:\/\/medicina.udd.cl\/kinesiologia-santiago\/wp-json\/wp\/v2\/media?parent=6492"}],"wp:term":[{"taxonomy":"category","embeddable":true,"href":"https:\/\/medicina.udd.cl\/kinesiologia-santiago\/wp-json\/wp\/v2\/categories?post=6492"},{"taxonomy":"post_tag","embeddable":true,"href":"https:\/\/medicina.udd.cl\/kinesiologia-santiago\/wp-json\/wp\/v2\/tags?post=6492"}],"curies":[{"name":"wp","href":"https:\/\/api.w.org\/{rel}","templated":true}]}}